{"id":5911,"date":"2023-10-26T21:57:28","date_gmt":"2023-10-27T00:57:28","guid":{"rendered":"https:\/\/apuntesdesanluis.com\/?p=5911"},"modified":"2023-10-26T22:02:36","modified_gmt":"2023-10-27T01:02:36","slug":"record-la-spu-aprobo-36-proyectos-de-extension-de-la-unsl","status":"publish","type":"post","link":"https:\/\/apuntesdesanluis.com\/index.php\/2023\/10\/26\/record-la-spu-aprobo-36-proyectos-de-extension-de-la-unsl\/","title":{"rendered":"R\u00c9CORD: LA SPU APROB\u00d3 36 PROYECTOS DE EXTENSI\u00d3N DE LA UNSL"},"content":{"rendered":"<h3>Los mismos se presentaron a las convocatorias Sigamos estudiando, Malvinas Argentinas y Universidad, cultura y territorio. Las 36 propuestas seleccionadas de la Universidad Nacional de San Luis (UNSL) ser\u00e1n financiadas por la Secretar\u00eda de Pol\u00edticas Universitarias (SPU) del Ministerio de Educaci\u00f3n de la Naci\u00f3n.<\/h3>\n<h3>Convocatorias y lista de proyectos aprobados de la UNSL:<\/h3>\n<h3><strong><span style=\"color: #000000;\">SIGAMOS ESTUDIANDO<\/span><\/strong><\/h3>\n<h3>Tienen como objetivo la articulaci\u00f3n con la escuela secundaria. Permite hacer aportes a una estrategia de integraci\u00f3n entre los distintos niveles y \u00e1mbitos del sistema educativo, a los fines de garantizar el derecho a la educaci\u00f3n.<\/h3>\n<p><img fetchpriority=\"high\" decoding=\"async\" class=\"wp-image-5912 aligncenter\" src=\"https:\/\/apuntesdesanluis.com\/wp-content\/uploads\/2023\/10\/flyer_sigamos_estudiando_-_instagram-300x300.jpg\" alt=\"\" width=\"683\" height=\"683\" srcset=\"https:\/\/apuntesdesanluis.com\/wp-content\/uploads\/2023\/10\/flyer_sigamos_estudiando_-_instagram-300x300.jpg 300w, https:\/\/apuntesdesanluis.com\/wp-content\/uploads\/2023\/10\/flyer_sigamos_estudiando_-_instagram-150x150.jpg 150w, https:\/\/apuntesdesanluis.com\/wp-content\/uploads\/2023\/10\/flyer_sigamos_estudiando_-_instagram.jpg 600w\" sizes=\"(max-width: 683px) 100vw, 683px\" \/><\/p>\n<h3>Proyectos:<\/h3>\n<ul>\n<li>\n<h3>Ciencia, artes y patrimonio. Responsable: Andrea Arcucci.<\/h3>\n<\/li>\n<li>\n<h3>Generar vocaciones sostenibles. Responsable: Guillermo Catuogno.<\/h3>\n<\/li>\n<li>\n<h3>Cienciaventura. Responsable: Yamina D\u00e1vila.<\/h3>\n<\/li>\n<li>\n<h3>Despertar vocaciones. Responsable: Rosa Lorenzo.<\/h3>\n<\/li>\n<li>\n<h3>Estudio de cer\u00e1micas antiguas. Responsable: Amancay Mart\u00ednez.<\/h3>\n<\/li>\n<li>\n<h3>Cer\u00e1micas antiguas sostenibles. Responsable: Amancay Mart\u00ednez.<\/h3>\n<\/li>\n<li>\n<h3>Rescatando fugitivos de f\u00edsica. Responsable: Ricardo Monasterolo.<\/h3>\n<\/li>\n<li>\n<h3>Uniendo escuela y universidad. Responsable: Valeria Pasqualini.<\/h3>\n<\/li>\n<li>\n<h3>Horizontes universitarios. Responsable: Gabriel Rosales.<\/h3>\n<\/li>\n<li>\n<h3>Cultura emprendedora\/cerveza. Responsable: Mar\u00eda Peterle S\u00e1nchez.<\/h3>\n<\/li>\n<li>\n<h3>Avance t\u00e9cnico. Responsable: Ivana Trento.<\/h3>\n<\/li>\n<\/ul>\n<h3><strong><span style=\"color: #000000;\">MALVINAS ARGENTINAS<\/span><\/strong><\/h3>\n<h3>Fortalece la vinculaci\u00f3n de las universidades p\u00fablicas nacionales, provinciales e institutos universitarios nacionales con los territorios, poniendo a disposici\u00f3n su conocimiento y trabajo con el objeto de realizar un abordaje profesional de problem\u00e1ticas sociales complejas y de este modo contribuir a mejorar la calidad de vida de las comunidades en las que se insertan.<\/h3>\n<p><img decoding=\"async\" class=\"wp-image-5918 aligncenter\" src=\"https:\/\/apuntesdesanluis.com\/wp-content\/uploads\/2023\/10\/MALVINAS-300x135.png\" alt=\"\" width=\"811\" height=\"365\" srcset=\"https:\/\/apuntesdesanluis.com\/wp-content\/uploads\/2023\/10\/MALVINAS-300x135.png 300w, https:\/\/apuntesdesanluis.com\/wp-content\/uploads\/2023\/10\/MALVINAS.png 635w\" sizes=\"(max-width: 811px) 100vw, 811px\" \/><\/p>\n<h3>Proyectos:<\/h3>\n<ul>\n<li>\n<h3>Escuela de g\u00e9nero. Responsable: Nidia De Andrea.<\/h3>\n<\/li>\n<li>\n<h3>Recrearte. Responsable: Guillermo Lehne.<\/h3>\n<\/li>\n<li>\n<h3>Comunicando nuestros derechos. Responsable: Fabiana Zirulnik.<\/h3>\n<\/li>\n<li>\n<h3>Conciencia en el barrio. Responsable: Laura Gallardo.<\/h3>\n<\/li>\n<li>\n<h3>Voluntarios y la contaminaci\u00f3n. Responsable: Mar\u00eda Morales.<\/h3>\n<\/li>\n<li>\n<h3>Intervenci\u00f3n psicoeducativa. Responsable: Jaquelina Nanclares.<\/h3>\n<\/li>\n<li>\n<h3>Nutrirnos en la escuela. Responsable: Ivana Olivero.<\/h3>\n<\/li>\n<li>\n<h3>Acompa\u00f1amiento pedag\u00f3gico. Responsable: Mar\u00eda Plateo Pignatar.<\/h3>\n<\/li>\n<li>\n<h3>Nuestros h\u00e9roes. Responsable: Mariela Quiroga Gil.<\/h3>\n<\/li>\n<li>\n<h3>Expresarte. Responsable: Carlos Silvage.<\/h3>\n<\/li>\n<\/ul>\n<h3><strong><span style=\"color: #000000;\">UNIVERSIDAD, CULTURA Y TERRITORIO<\/span><\/strong><\/h3>\n<h3>Fomenta el desarrollo de proyectos extensionistas en todas las universidades del pa\u00eds. Permite que los equipos interdisciplinarios de las instituciones puedan, a trav\u00e9s de sus conocimientos y pr\u00e1cticas acad\u00e9micas, elaborar soluciones para las diversas problem\u00e1ticas del entorno social, cultural y productivo de los territorios donde est\u00e9n radicadas las instituciones de educaci\u00f3n superior.<\/h3>\n<p><img decoding=\"async\" class=\"wp-image-5919 aligncenter\" src=\"https:\/\/apuntesdesanluis.com\/wp-content\/uploads\/2023\/10\/UNIVERSIDAD-CULTURA-Y-TERRITORIO-300x183.jpg\" alt=\"\" width=\"793\" height=\"484\" srcset=\"https:\/\/apuntesdesanluis.com\/wp-content\/uploads\/2023\/10\/UNIVERSIDAD-CULTURA-Y-TERRITORIO-300x183.jpg 300w, https:\/\/apuntesdesanluis.com\/wp-content\/uploads\/2023\/10\/UNIVERSIDAD-CULTURA-Y-TERRITORIO.jpg 492w\" sizes=\"(max-width: 793px) 100vw, 793px\" \/><\/p>\n<h3>Proyectos:<\/h3>\n<ul>\n<li>\n<h3>Aumentando habilidades STEM. Responsable: Roberto Ariel Guerrero.<\/h3>\n<\/li>\n<li>\n<h3>Biofertilizante-suero quesero. Responsable: Ana Noelia Rinaldoni.<\/h3>\n<\/li>\n<li>\n<h3>Calefacci\u00f3n sustentable. Responsable: Mar\u00eda Ver\u00f3nica P\u00e9rez Chaca.<\/h3>\n<\/li>\n<li>\n<h3>Descubriendo cient\u00edficos. Responsable: Myriam Edith Villegas.<\/h3>\n<\/li>\n<li>\n<h3>Econom\u00eda social y patrimonio. Responsable: Ana Laura Hidalgo.<\/h3>\n<\/li>\n<li>\n<h3>Escuela popular de folklore. Responsable: Luciana Mari\u00f1elarena-Dondena.<\/h3>\n<\/li>\n<li>\n<h3>Escuelas seguras. Responsable: Mauricio Andr\u00e9s Filippa.<\/h3>\n<\/li>\n<li>\n<h3>Guardianes del paisaje. Responsable: M\u00f3nica Liliana Cresmani.<\/h3>\n<\/li>\n<li>\n<h3>La radio y la comunidad. Responsable: Silvina Romero.<\/h3>\n<\/li>\n<li>\n<h3>Museo interactivo de ciencias. Responsable: Vicente Fusco.<\/h3>\n<\/li>\n<li>\n<h3>Pr\u00e1cticas en el laboratorio. Responsable: Miriam Ester V\u00e1squez G\u00f3mez.<\/h3>\n<\/li>\n<li>\n<h3>Problem\u00e1ticas socioambientales. Responsable: Rosa Alejandra Lorenzo.<\/h3>\n<\/li>\n<li>\n<h3>Proyecto de vida. Responsable: V\u00edctor Andr\u00e9s Mart\u00ednez N\u00fa\u00f1ez.<\/h3>\n<\/li>\n<li>\n<h3>Termotanques solares de agua. Responsable: Osvaldo Roberto Olgu\u00edn.<\/h3>\n<\/li>\n<li>\n<h3>Turismo comunitario. Responsable: Claudio Quinteros.<\/h3>\n<\/li>\n<\/ul>\n<p>&nbsp;<\/p>\n<p>&nbsp;<\/p>\n<p>&nbsp;<\/p>\n","protected":false},"excerpt":{"rendered":"<p>Los mismos se presentaron a las convocatorias Sigamos estudiando, Malvinas Argentinas y Universidad, cultura y&#8230;<\/p>\n","protected":false},"author":1,"featured_media":5915,"comment_status":"closed","ping_status":"closed","sticky":false,"template":"","format":"standard","meta":{"footnotes":""},"categories":[6],"tags":[],"class_list":["post-5911","post","type-post","status-publish","format-standard","has-post-thumbnail","hentry","category-ciudad-provincia"],"yoast_head":"<!-- This site is optimized with the Yoast SEO plugin v26.1.1 - https:\/\/yoast.com\/wordpress\/plugins\/seo\/ -->\n<title>R\u00c9CORD: LA SPU APROB\u00d3 36 PROYECTOS DE EXTENSI\u00d3N DE LA UNSL - Apuntes de San Luis<\/title>\n<meta name=\"robots\" content=\"index, follow, max-snippet:-1, max-image-preview:large, max-video-preview:-1\" \/>\n<link rel=\"canonical\" href=\"https:\/\/apuntesdesanluis.com\/index.php\/2023\/10\/26\/record-la-spu-aprobo-36-proyectos-de-extension-de-la-unsl\/\" \/>\n<meta property=\"og:locale\" content=\"es_ES\" \/>\n<meta property=\"og:type\" content=\"article\" \/>\n<meta property=\"og:title\" content=\"R\u00c9CORD: LA SPU APROB\u00d3 36 PROYECTOS DE EXTENSI\u00d3N DE LA UNSL - Apuntes de San Luis\" \/>\n<meta property=\"og:description\" content=\"Los mismos se presentaron a las convocatorias Sigamos estudiando, Malvinas Argentinas y Universidad, cultura y...\" \/>\n<meta property=\"og:url\" content=\"https:\/\/apuntesdesanluis.com\/index.php\/2023\/10\/26\/record-la-spu-aprobo-36-proyectos-de-extension-de-la-unsl\/\" \/>\n<meta property=\"og:site_name\" content=\"Apuntes de San Luis\" \/>\n<meta property=\"article:published_time\" content=\"2023-10-27T00:57:28+00:00\" \/>\n<meta property=\"article:modified_time\" content=\"2023-10-27T01:02:36+00:00\" \/>\n<meta property=\"og:image\" content=\"https:\/\/apuntesdesanluis.com\/wp-content\/uploads\/2023\/10\/UNSL-1.png\" \/>\n\t<meta property=\"og:image:width\" content=\"600\" \/>\n\t<meta property=\"og:image:height\" content=\"360\" \/>\n\t<meta property=\"og:image:type\" content=\"image\/png\" \/>\n<meta name=\"author\" content=\"apuntesdesanluis.com\" \/>\n<meta name=\"twitter:card\" content=\"summary_large_image\" \/>\n<meta name=\"twitter:label1\" content=\"Escrito por\" \/>\n\t<meta name=\"twitter:data1\" content=\"apuntesdesanluis.com\" \/>\n\t<meta name=\"twitter:label2\" content=\"Tiempo de lectura\" \/>\n\t<meta name=\"twitter:data2\" content=\"3 minutos\" \/>\n<script type=\"application\/ld+json\" class=\"yoast-schema-graph\">{\"@context\":\"https:\/\/schema.org\",\"@graph\":[{\"@type\":\"Article\",\"@id\":\"https:\/\/apuntesdesanluis.com\/index.php\/2023\/10\/26\/record-la-spu-aprobo-36-proyectos-de-extension-de-la-unsl\/#article\",\"isPartOf\":{\"@id\":\"https:\/\/apuntesdesanluis.com\/index.php\/2023\/10\/26\/record-la-spu-aprobo-36-proyectos-de-extension-de-la-unsl\/\"},\"author\":{\"name\":\"apuntesdesanluis.com\",\"@id\":\"https:\/\/apuntesdesanluis.com\/#\/schema\/person\/b55151d52296fcce64d1a72538a70b90\"},\"headline\":\"R\u00c9CORD: LA SPU APROB\u00d3 36 PROYECTOS DE EXTENSI\u00d3N DE LA UNSL\",\"datePublished\":\"2023-10-27T00:57:28+00:00\",\"dateModified\":\"2023-10-27T01:02:36+00:00\",\"mainEntityOfPage\":{\"@id\":\"https:\/\/apuntesdesanluis.com\/index.php\/2023\/10\/26\/record-la-spu-aprobo-36-proyectos-de-extension-de-la-unsl\/\"},\"wordCount\":504,\"publisher\":{\"@id\":\"https:\/\/apuntesdesanluis.com\/#\/schema\/person\/b55151d52296fcce64d1a72538a70b90\"},\"image\":{\"@id\":\"https:\/\/apuntesdesanluis.com\/index.php\/2023\/10\/26\/record-la-spu-aprobo-36-proyectos-de-extension-de-la-unsl\/#primaryimage\"},\"thumbnailUrl\":\"https:\/\/apuntesdesanluis.com\/wp-content\/uploads\/2023\/10\/UNSL-1.png\",\"articleSection\":[\"Ciudad\/Provincia\"],\"inLanguage\":\"es-AR\"},{\"@type\":\"WebPage\",\"@id\":\"https:\/\/apuntesdesanluis.com\/index.php\/2023\/10\/26\/record-la-spu-aprobo-36-proyectos-de-extension-de-la-unsl\/\",\"url\":\"https:\/\/apuntesdesanluis.com\/index.php\/2023\/10\/26\/record-la-spu-aprobo-36-proyectos-de-extension-de-la-unsl\/\",\"name\":\"R\u00c9CORD: LA SPU APROB\u00d3 36 PROYECTOS DE EXTENSI\u00d3N DE LA UNSL - Apuntes de San Luis\",\"isPartOf\":{\"@id\":\"https:\/\/apuntesdesanluis.com\/#website\"},\"primaryImageOfPage\":{\"@id\":\"https:\/\/apuntesdesanluis.com\/index.php\/2023\/10\/26\/record-la-spu-aprobo-36-proyectos-de-extension-de-la-unsl\/#primaryimage\"},\"image\":{\"@id\":\"https:\/\/apuntesdesanluis.com\/index.php\/2023\/10\/26\/record-la-spu-aprobo-36-proyectos-de-extension-de-la-unsl\/#primaryimage\"},\"thumbnailUrl\":\"https:\/\/apuntesdesanluis.com\/wp-content\/uploads\/2023\/10\/UNSL-1.png\",\"datePublished\":\"2023-10-27T00:57:28+00:00\",\"dateModified\":\"2023-10-27T01:02:36+00:00\",\"breadcrumb\":{\"@id\":\"https:\/\/apuntesdesanluis.com\/index.php\/2023\/10\/26\/record-la-spu-aprobo-36-proyectos-de-extension-de-la-unsl\/#breadcrumb\"},\"inLanguage\":\"es-AR\",\"potentialAction\":[{\"@type\":\"ReadAction\",\"target\":[\"https:\/\/apuntesdesanluis.com\/index.php\/2023\/10\/26\/record-la-spu-aprobo-36-proyectos-de-extension-de-la-unsl\/\"]}]},{\"@type\":\"ImageObject\",\"inLanguage\":\"es-AR\",\"@id\":\"https:\/\/apuntesdesanluis.com\/index.php\/2023\/10\/26\/record-la-spu-aprobo-36-proyectos-de-extension-de-la-unsl\/#primaryimage\",\"url\":\"https:\/\/apuntesdesanluis.com\/wp-content\/uploads\/2023\/10\/UNSL-1.png\",\"contentUrl\":\"https:\/\/apuntesdesanluis.com\/wp-content\/uploads\/2023\/10\/UNSL-1.png\",\"width\":600,\"height\":360},{\"@type\":\"BreadcrumbList\",\"@id\":\"https:\/\/apuntesdesanluis.com\/index.php\/2023\/10\/26\/record-la-spu-aprobo-36-proyectos-de-extension-de-la-unsl\/#breadcrumb\",\"itemListElement\":[{\"@type\":\"ListItem\",\"position\":1,\"name\":\"Inicio\",\"item\":\"https:\/\/apuntesdesanluis.com\/\"},{\"@type\":\"ListItem\",\"position\":2,\"name\":\"R\u00c9CORD: LA SPU APROB\u00d3 36 PROYECTOS DE EXTENSI\u00d3N DE LA UNSL\"}]},{\"@type\":\"WebSite\",\"@id\":\"https:\/\/apuntesdesanluis.com\/#website\",\"url\":\"https:\/\/apuntesdesanluis.com\/\",\"name\":\"Apuntes de San Luis\",\"description\":\"\",\"publisher\":{\"@id\":\"https:\/\/apuntesdesanluis.com\/#\/schema\/person\/b55151d52296fcce64d1a72538a70b90\"},\"potentialAction\":[{\"@type\":\"SearchAction\",\"target\":{\"@type\":\"EntryPoint\",\"urlTemplate\":\"https:\/\/apuntesdesanluis.com\/?s={search_term_string}\"},\"query-input\":{\"@type\":\"PropertyValueSpecification\",\"valueRequired\":true,\"valueName\":\"search_term_string\"}}],\"inLanguage\":\"es-AR\"},{\"@type\":[\"Person\",\"Organization\"],\"@id\":\"https:\/\/apuntesdesanluis.com\/#\/schema\/person\/b55151d52296fcce64d1a72538a70b90\",\"name\":\"apuntesdesanluis.com\",\"image\":{\"@type\":\"ImageObject\",\"inLanguage\":\"es-AR\",\"@id\":\"https:\/\/apuntesdesanluis.com\/#\/schema\/person\/image\/\",\"url\":\"https:\/\/apuntesdesanluis.com\/wp-content\/uploads\/2023\/07\/cropped-apuntesdesanluis.png\",\"contentUrl\":\"https:\/\/apuntesdesanluis.com\/wp-content\/uploads\/2023\/07\/cropped-apuntesdesanluis.png\",\"width\":450,\"height\":112,\"caption\":\"apuntesdesanluis.com\"},\"logo\":{\"@id\":\"https:\/\/apuntesdesanluis.com\/#\/schema\/person\/image\/\"},\"sameAs\":[\"https:\/\/apuntesdesanluis.com\"],\"url\":\"https:\/\/apuntesdesanluis.com\/index.php\/author\/apuntesdesanluis-com\/\"}]}<\/script>\n<!-- \/ Yoast SEO plugin. -->","yoast_head_json":{"title":"R\u00c9CORD: LA SPU APROB\u00d3 36 PROYECTOS DE EXTENSI\u00d3N DE LA UNSL - Apuntes de San Luis","robots":{"index":"index","follow":"follow","max-snippet":"max-snippet:-1","max-image-preview":"max-image-preview:large","max-video-preview":"max-video-preview:-1"},"canonical":"https:\/\/apuntesdesanluis.com\/index.php\/2023\/10\/26\/record-la-spu-aprobo-36-proyectos-de-extension-de-la-unsl\/","og_locale":"es_ES","og_type":"article","og_title":"R\u00c9CORD: LA SPU APROB\u00d3 36 PROYECTOS DE EXTENSI\u00d3N DE LA UNSL - Apuntes de San Luis","og_description":"Los mismos se presentaron a las convocatorias Sigamos estudiando, Malvinas Argentinas y Universidad, cultura y...","og_url":"https:\/\/apuntesdesanluis.com\/index.php\/2023\/10\/26\/record-la-spu-aprobo-36-proyectos-de-extension-de-la-unsl\/","og_site_name":"Apuntes de San Luis","article_published_time":"2023-10-27T00:57:28+00:00","article_modified_time":"2023-10-27T01:02:36+00:00","og_image":[{"width":600,"height":360,"url":"https:\/\/apuntesdesanluis.com\/wp-content\/uploads\/2023\/10\/UNSL-1.png","type":"image\/png"}],"author":"apuntesdesanluis.com","twitter_card":"summary_large_image","twitter_misc":{"Escrito por":"apuntesdesanluis.com","Tiempo de lectura":"3 minutos"},"schema":{"@context":"https:\/\/schema.org","@graph":[{"@type":"Article","@id":"https:\/\/apuntesdesanluis.com\/index.php\/2023\/10\/26\/record-la-spu-aprobo-36-proyectos-de-extension-de-la-unsl\/#article","isPartOf":{"@id":"https:\/\/apuntesdesanluis.com\/index.php\/2023\/10\/26\/record-la-spu-aprobo-36-proyectos-de-extension-de-la-unsl\/"},"author":{"name":"apuntesdesanluis.com","@id":"https:\/\/apuntesdesanluis.com\/#\/schema\/person\/b55151d52296fcce64d1a72538a70b90"},"headline":"R\u00c9CORD: LA SPU APROB\u00d3 36 PROYECTOS DE EXTENSI\u00d3N DE LA UNSL","datePublished":"2023-10-27T00:57:28+00:00","dateModified":"2023-10-27T01:02:36+00:00","mainEntityOfPage":{"@id":"https:\/\/apuntesdesanluis.com\/index.php\/2023\/10\/26\/record-la-spu-aprobo-36-proyectos-de-extension-de-la-unsl\/"},"wordCount":504,"publisher":{"@id":"https:\/\/apuntesdesanluis.com\/#\/schema\/person\/b55151d52296fcce64d1a72538a70b90"},"image":{"@id":"https:\/\/apuntesdesanluis.com\/index.php\/2023\/10\/26\/record-la-spu-aprobo-36-proyectos-de-extension-de-la-unsl\/#primaryimage"},"thumbnailUrl":"https:\/\/apuntesdesanluis.com\/wp-content\/uploads\/2023\/10\/UNSL-1.png","articleSection":["Ciudad\/Provincia"],"inLanguage":"es-AR"},{"@type":"WebPage","@id":"https:\/\/apuntesdesanluis.com\/index.php\/2023\/10\/26\/record-la-spu-aprobo-36-proyectos-de-extension-de-la-unsl\/","url":"https:\/\/apuntesdesanluis.com\/index.php\/2023\/10\/26\/record-la-spu-aprobo-36-proyectos-de-extension-de-la-unsl\/","name":"R\u00c9CORD: LA SPU APROB\u00d3 36 PROYECTOS DE EXTENSI\u00d3N DE LA UNSL - Apuntes de San Luis","isPartOf":{"@id":"https:\/\/apuntesdesanluis.com\/#website"},"primaryImageOfPage":{"@id":"https:\/\/apuntesdesanluis.com\/index.php\/2023\/10\/26\/record-la-spu-aprobo-36-proyectos-de-extension-de-la-unsl\/#primaryimage"},"image":{"@id":"https:\/\/apuntesdesanluis.com\/index.php\/2023\/10\/26\/record-la-spu-aprobo-36-proyectos-de-extension-de-la-unsl\/#primaryimage"},"thumbnailUrl":"https:\/\/apuntesdesanluis.com\/wp-content\/uploads\/2023\/10\/UNSL-1.png","datePublished":"2023-10-27T00:57:28+00:00","dateModified":"2023-10-27T01:02:36+00:00","breadcrumb":{"@id":"https:\/\/apuntesdesanluis.com\/index.php\/2023\/10\/26\/record-la-spu-aprobo-36-proyectos-de-extension-de-la-unsl\/#breadcrumb"},"inLanguage":"es-AR","potentialAction":[{"@type":"ReadAction","target":["https:\/\/apuntesdesanluis.com\/index.php\/2023\/10\/26\/record-la-spu-aprobo-36-proyectos-de-extension-de-la-unsl\/"]}]},{"@type":"ImageObject","inLanguage":"es-AR","@id":"https:\/\/apuntesdesanluis.com\/index.php\/2023\/10\/26\/record-la-spu-aprobo-36-proyectos-de-extension-de-la-unsl\/#primaryimage","url":"https:\/\/apuntesdesanluis.com\/wp-content\/uploads\/2023\/10\/UNSL-1.png","contentUrl":"https:\/\/apuntesdesanluis.com\/wp-content\/uploads\/2023\/10\/UNSL-1.png","width":600,"height":360},{"@type":"BreadcrumbList","@id":"https:\/\/apuntesdesanluis.com\/index.php\/2023\/10\/26\/record-la-spu-aprobo-36-proyectos-de-extension-de-la-unsl\/#breadcrumb","itemListElement":[{"@type":"ListItem","position":1,"name":"Inicio","item":"https:\/\/apuntesdesanluis.com\/"},{"@type":"ListItem","position":2,"name":"R\u00c9CORD: LA SPU APROB\u00d3 36 PROYECTOS DE EXTENSI\u00d3N DE LA UNSL"}]},{"@type":"WebSite","@id":"https:\/\/apuntesdesanluis.com\/#website","url":"https:\/\/apuntesdesanluis.com\/","name":"Apuntes de San Luis","description":"","publisher":{"@id":"https:\/\/apuntesdesanluis.com\/#\/schema\/person\/b55151d52296fcce64d1a72538a70b90"},"potentialAction":[{"@type":"SearchAction","target":{"@type":"EntryPoint","urlTemplate":"https:\/\/apuntesdesanluis.com\/?s={search_term_string}"},"query-input":{"@type":"PropertyValueSpecification","valueRequired":true,"valueName":"search_term_string"}}],"inLanguage":"es-AR"},{"@type":["Person","Organization"],"@id":"https:\/\/apuntesdesanluis.com\/#\/schema\/person\/b55151d52296fcce64d1a72538a70b90","name":"apuntesdesanluis.com","image":{"@type":"ImageObject","inLanguage":"es-AR","@id":"https:\/\/apuntesdesanluis.com\/#\/schema\/person\/image\/","url":"https:\/\/apuntesdesanluis.com\/wp-content\/uploads\/2023\/07\/cropped-apuntesdesanluis.png","contentUrl":"https:\/\/apuntesdesanluis.com\/wp-content\/uploads\/2023\/07\/cropped-apuntesdesanluis.png","width":450,"height":112,"caption":"apuntesdesanluis.com"},"logo":{"@id":"https:\/\/apuntesdesanluis.com\/#\/schema\/person\/image\/"},"sameAs":["https:\/\/apuntesdesanluis.com"],"url":"https:\/\/apuntesdesanluis.com\/index.php\/author\/apuntesdesanluis-com\/"}]}},"featured_image_urls":{"full":["https:\/\/apuntesdesanluis.com\/wp-content\/uploads\/2023\/10\/UNSL-1.png",600,360,false],"thumbnail":["https:\/\/apuntesdesanluis.com\/wp-content\/uploads\/2023\/10\/UNSL-1-150x150.png",150,150,true],"medium":["https:\/\/apuntesdesanluis.com\/wp-content\/uploads\/2023\/10\/UNSL-1-300x180.png",300,180,true],"medium_large":["https:\/\/apuntesdesanluis.com\/wp-content\/uploads\/2023\/10\/UNSL-1.png",600,360,false],"large":["https:\/\/apuntesdesanluis.com\/wp-content\/uploads\/2023\/10\/UNSL-1.png",600,360,false],"1536x1536":["https:\/\/apuntesdesanluis.com\/wp-content\/uploads\/2023\/10\/UNSL-1.png",600,360,false],"2048x2048":["https:\/\/apuntesdesanluis.com\/wp-content\/uploads\/2023\/10\/UNSL-1.png",600,360,false],"newsever-slider-full":["https:\/\/apuntesdesanluis.com\/wp-content\/uploads\/2023\/10\/UNSL-1.png",600,360,false],"newsever-featured":["https:\/\/apuntesdesanluis.com\/wp-content\/uploads\/2023\/10\/UNSL-1.png",600,360,false],"newsever-medium":["https:\/\/apuntesdesanluis.com\/wp-content\/uploads\/2023\/10\/UNSL-1.png",600,360,false]},"author_info":{"display_name":"apuntesdesanluis.com","author_link":"https:\/\/apuntesdesanluis.com\/index.php\/author\/apuntesdesanluis-com\/"},"category_info":"<a href=\"https:\/\/apuntesdesanluis.com\/index.php\/category\/ciudad-provincia\/\" rel=\"category tag\">Ciudad\/Provincia<\/a>","tag_info":"Ciudad\/Provincia","comment_count":"0","_links":{"self":[{"href":"https:\/\/apuntesdesanluis.com\/index.php\/wp-json\/wp\/v2\/posts\/5911","targetHints":{"allow":["GET"]}}],"collection":[{"href":"https:\/\/apuntesdesanluis.com\/index.php\/wp-json\/wp\/v2\/posts"}],"about":[{"href":"https:\/\/apuntesdesanluis.com\/index.php\/wp-json\/wp\/v2\/types\/post"}],"author":[{"embeddable":true,"href":"https:\/\/apuntesdesanluis.com\/index.php\/wp-json\/wp\/v2\/users\/1"}],"replies":[{"embeddable":true,"href":"https:\/\/apuntesdesanluis.com\/index.php\/wp-json\/wp\/v2\/comments?post=5911"}],"version-history":[{"count":4,"href":"https:\/\/apuntesdesanluis.com\/index.php\/wp-json\/wp\/v2\/posts\/5911\/revisions"}],"predecessor-version":[{"id":5921,"href":"https:\/\/apuntesdesanluis.com\/index.php\/wp-json\/wp\/v2\/posts\/5911\/revisions\/5921"}],"wp:featuredmedia":[{"embeddable":true,"href":"https:\/\/apuntesdesanluis.com\/index.php\/wp-json\/wp\/v2\/media\/5915"}],"wp:attachment":[{"href":"https:\/\/apuntesdesanluis.com\/index.php\/wp-json\/wp\/v2\/media?parent=5911"}],"wp:term":[{"taxonomy":"category","embeddable":true,"href":"https:\/\/apuntesdesanluis.com\/index.php\/wp-json\/wp\/v2\/categories?post=5911"},{"taxonomy":"post_tag","embeddable":true,"href":"https:\/\/apuntesdesanluis.com\/index.php\/wp-json\/wp\/v2\/tags?post=5911"}],"curies":[{"name":"wp","href":"https:\/\/api.w.org\/{rel}","templated":true}]}}