{"id":5922,"date":"2023-10-26T22:24:29","date_gmt":"2023-10-27T01:24:29","guid":{"rendered":"https:\/\/apuntesdesanluis.com\/?p=5922"},"modified":"2023-10-26T22:25:01","modified_gmt":"2023-10-27T01:25:01","slug":"el-superior-tribunal-considero-inapropiado-el-reclamo-de-que-se-declare-la-emergencia-judicial","status":"publish","type":"post","link":"https:\/\/apuntesdesanluis.com\/index.php\/2023\/10\/26\/el-superior-tribunal-considero-inapropiado-el-reclamo-de-que-se-declare-la-emergencia-judicial\/","title":{"rendered":"EL SUPERIOR TRIBUNAL CONSIDER\u00d3 &#8220;INAPROPIADO&#8221; EL RECLAMO DE QUE SE DECLARE LA EMERGENCIA JUDICIAL"},"content":{"rendered":"<h3>En respuesta a las presentaciones formuladas por el Directorio del Colegio de Abogados y Procuradores de Villa Mercedes, en fechas 19 y 25 de octubre del corriente, en las cuales se efectu\u00f3 un crudo diagn\u00f3stico de la crisis en que se encuentra el servicio de justicia, y el pedido de que se declare la \u201cemergencia judicial\u201d, el Superior Tribunal de Justicia consider\u00f3 \u201cinapropiado\u201d y hasta \u201carriesgada\u201d tal solicitud.<\/h3>\n<h3>El m\u00e1ximo \u00f3rgano de justicia de la provincia reiter\u00f3 su postura en pos de \u201cactuar en unidad con todos los actores involucrados y procurar los consensos indispensables para ejecutar acciones y adoptar decisiones y cambios que sean necesarios para superar los problemas y dificultades que se plantean y avanzar en el mejoramiento de la justicia provincial en todos sus niveles\u201d, ratificando su \u201cpermanente vocaci\u00f3n de di\u00e1logo que fuera sorprendida por vuestra nota\u201d.<\/h3>\n<h3>La respuesta del STJ enviada este jueves 26 se\u00f1ala en forma textual:<\/h3>\n<h3>Colegio de Abogados y Procuradores de Villa Mercedes<\/h3>\n<h3>Sras. Presidente y Secretaria<\/h3>\n<h3>Dra. <strong>Mariela Bettina Blengino<\/strong><\/h3>\n<h3>Dra. <strong>Mar\u00eda Antonella Rocha<\/strong><\/h3>\n<h3>S_____________\/\/______________D<\/h3>\n<h3>Quienes suscriben, Dr. Jorge Alberto Levingston, Presidente del Superior Tribunal de Justicia, y Dres. Andrea Carolina Monte Riso, Cecilia Chada, Eduardo Segundo Allende y Jos\u00e9 Guillermo L\u00b4Huillier, Ministros del Superior Tribunal de Justicia, se dirigen a Ustedes en respuesta a las presentaciones efectuadas en nombre del Directorio del Colegio de Abogados y Procuradores de Villa Mercedes, en fechas 19 y 25 de octubre del presente a\u00f1o.<\/h3>\n<h3>Debido al reclamo formulado, se\u00f1alamos que somos conscientes de las dificultades que ha generado la implementaci\u00f3n de reformas instituidas por ley, como as\u00ed tambi\u00e9n acerca de la resistencia a los cambios de algunos actores involucrados en la implementaci\u00f3n de dichas reformas.<\/h3>\n<h3>No obstante, ello, consideramos importante destacar que las distintas normas procesales y organizativas del Poder Judicial dictadas en los \u00faltimos a\u00f1os, fueron fruto del trabajo conjunto de representantes de los tres Poderes del Estado y de los Colegios de Abogados y Procuradores de las tres Circunscripciones Judiciales.<\/h3>\n<h3>Asimismo, mantenemos nuestra convicci\u00f3n de los beneficios de estas nuevas normas que tambi\u00e9n han sido implementadas, tal como la conformaci\u00f3n de las \u00a0Oficinas de Gesti\u00f3n Unificada (OGU), por distintos Poderes Judiciales de otras Provincias -que con una labor mancomunada de todos los actores del servicio de justicia, han logrado superar la etapa de implementaci\u00f3n y alcanzar est\u00e1ndares muy superiores a los existentes anteriormente- y se encuentran en estudio para su adopci\u00f3n en otros tantos, conforme hemos podido comprobar a trav\u00e9s de nuestra participaci\u00f3n en la Junta Federal de Cortes y Superiores Tribunales de Justicia de las Provincias Argentinas y Ciudad Aut\u00f3noma de Buenos Aires (JUFEJUS).<\/h3>\n<h3>Sin embargo, consideramos inapropiado y hasta arriesgado hablar de una<\/h3>\n<h3>\u201cgrave situaci\u00f3n de crisis institucional\u201d o \u201ccaos institucional\u201d que merezca una \u201cdeclaraci\u00f3n de emergencia judicial\u201d, dado que es necesario analizar casos puntuales y evitar generalizar a todo el servicio de justicia. No debemos pasar por alto, en este aspecto, que s\u00f3lo el Colegio de Abogados y Procuradores de Villa Mercedes ha formulado este reclamo en los t\u00e9rminos se\u00f1alados, toda vez que en toda oportunidad hemos bregado por mantener un di\u00e1logo fluido, atendiendo siempre a un trabajo conjunto y que jam\u00e1s hemos recibido un reclamo para declarar emergencia alguna.<\/h3>\n<h3>Por otra parte, tambi\u00e9n corresponde merituar una medida de tal magnitud atendiendo a los perjuicios que para la seguridad jur\u00eddica conlleva toda emergencia institucional, como lo acreditan las reiteradas y controvertidas emergencias impuestas a trav\u00e9s de la historia pol\u00edtica, econ\u00f3mica y social de nuestra Naci\u00f3n.<\/h3>\n<h3>Es posici\u00f3n de este Superior Tribunal de Justicia actuar en unidad con todos los actores involucrados y procurar los consensos indispensables para ejecutar acciones y adoptar decisiones y cambios que sean necesarios para superar los problemas y dificultades que se plantean y avanzar en el mejoramiento de la justicia provincial en todos sus niveles, ratificando nuestra permanente vocaci\u00f3n de di\u00e1logo que fuera sorprendida por vuestra nota.<\/h3>\n<h3>Por todo ello, los invitamos a reencauzar por la v\u00eda del di\u00e1logo los an\u00e1lisis, propuestas y reclamos que juntos debemos evaluar en forma permanente para lograr cada d\u00eda un mejor servicio de justicia.<\/h3>\n<h3>Sin otro particular, saludamos atentamente.<\/h3>\n<p>&nbsp;<\/p>\n<p>&nbsp;<\/p>\n<p>&nbsp;<\/p>\n","protected":false},"excerpt":{"rendered":"<p>En respuesta a las presentaciones formuladas por el Directorio del Colegio de Abogados y Procuradores&#8230;<\/p>\n","protected":false},"author":1,"featured_media":5923,"comment_status":"closed","ping_status":"closed","sticky":false,"template":"","format":"standard","meta":{"footnotes":""},"categories":[6],"tags":[],"class_list":["post-5922","post","type-post","status-publish","format-standard","has-post-thumbnail","hentry","category-ciudad-provincia"],"yoast_head":"<!-- This site is optimized with the Yoast SEO plugin v26.1.1 - https:\/\/yoast.com\/wordpress\/plugins\/seo\/ -->\n<title>EL SUPERIOR TRIBUNAL CONSIDER\u00d3 &quot;INAPROPIADO&quot; EL RECLAMO DE QUE SE DECLARE LA EMERGENCIA JUDICIAL - Apuntes de San Luis<\/title>\n<meta name=\"robots\" content=\"index, follow, max-snippet:-1, max-image-preview:large, max-video-preview:-1\" \/>\n<link rel=\"canonical\" href=\"https:\/\/apuntesdesanluis.com\/index.php\/2023\/10\/26\/el-superior-tribunal-considero-inapropiado-el-reclamo-de-que-se-declare-la-emergencia-judicial\/\" \/>\n<meta property=\"og:locale\" content=\"es_ES\" \/>\n<meta property=\"og:type\" content=\"article\" \/>\n<meta property=\"og:title\" content=\"EL SUPERIOR TRIBUNAL CONSIDER\u00d3 &quot;INAPROPIADO&quot; EL RECLAMO DE QUE SE DECLARE LA EMERGENCIA JUDICIAL - Apuntes de San Luis\" \/>\n<meta property=\"og:description\" content=\"En respuesta a las presentaciones formuladas por el Directorio del Colegio de Abogados y Procuradores...\" \/>\n<meta property=\"og:url\" content=\"https:\/\/apuntesdesanluis.com\/index.php\/2023\/10\/26\/el-superior-tribunal-considero-inapropiado-el-reclamo-de-que-se-declare-la-emergencia-judicial\/\" \/>\n<meta property=\"og:site_name\" content=\"Apuntes de San Luis\" \/>\n<meta property=\"article:published_time\" content=\"2023-10-27T01:24:29+00:00\" \/>\n<meta property=\"article:modified_time\" content=\"2023-10-27T01:25:01+00:00\" \/>\n<meta property=\"og:image\" content=\"https:\/\/apuntesdesanluis.com\/wp-content\/uploads\/2023\/10\/palacio-de-justicia.png\" \/>\n\t<meta property=\"og:image:width\" content=\"600\" \/>\n\t<meta property=\"og:image:height\" content=\"371\" \/>\n\t<meta property=\"og:image:type\" content=\"image\/png\" \/>\n<meta name=\"author\" content=\"apuntesdesanluis.com\" \/>\n<meta name=\"twitter:card\" content=\"summary_large_image\" \/>\n<meta name=\"twitter:label1\" content=\"Escrito por\" \/>\n\t<meta name=\"twitter:data1\" content=\"apuntesdesanluis.com\" \/>\n\t<meta name=\"twitter:label2\" content=\"Tiempo de lectura\" \/>\n\t<meta name=\"twitter:data2\" content=\"4 minutos\" \/>\n<script type=\"application\/ld+json\" class=\"yoast-schema-graph\">{\"@context\":\"https:\/\/schema.org\",\"@graph\":[{\"@type\":\"Article\",\"@id\":\"https:\/\/apuntesdesanluis.com\/index.php\/2023\/10\/26\/el-superior-tribunal-considero-inapropiado-el-reclamo-de-que-se-declare-la-emergencia-judicial\/#article\",\"isPartOf\":{\"@id\":\"https:\/\/apuntesdesanluis.com\/index.php\/2023\/10\/26\/el-superior-tribunal-considero-inapropiado-el-reclamo-de-que-se-declare-la-emergencia-judicial\/\"},\"author\":{\"name\":\"apuntesdesanluis.com\",\"@id\":\"https:\/\/apuntesdesanluis.com\/#\/schema\/person\/b55151d52296fcce64d1a72538a70b90\"},\"headline\":\"EL SUPERIOR TRIBUNAL CONSIDER\u00d3 &#8220;INAPROPIADO&#8221; EL RECLAMO DE QUE SE DECLARE LA EMERGENCIA JUDICIAL\",\"datePublished\":\"2023-10-27T01:24:29+00:00\",\"dateModified\":\"2023-10-27T01:25:01+00:00\",\"mainEntityOfPage\":{\"@id\":\"https:\/\/apuntesdesanluis.com\/index.php\/2023\/10\/26\/el-superior-tribunal-considero-inapropiado-el-reclamo-de-que-se-declare-la-emergencia-judicial\/\"},\"wordCount\":735,\"publisher\":{\"@id\":\"https:\/\/apuntesdesanluis.com\/#\/schema\/person\/b55151d52296fcce64d1a72538a70b90\"},\"image\":{\"@id\":\"https:\/\/apuntesdesanluis.com\/index.php\/2023\/10\/26\/el-superior-tribunal-considero-inapropiado-el-reclamo-de-que-se-declare-la-emergencia-judicial\/#primaryimage\"},\"thumbnailUrl\":\"https:\/\/apuntesdesanluis.com\/wp-content\/uploads\/2023\/10\/palacio-de-justicia.png\",\"articleSection\":[\"Ciudad\/Provincia\"],\"inLanguage\":\"es-AR\"},{\"@type\":\"WebPage\",\"@id\":\"https:\/\/apuntesdesanluis.com\/index.php\/2023\/10\/26\/el-superior-tribunal-considero-inapropiado-el-reclamo-de-que-se-declare-la-emergencia-judicial\/\",\"url\":\"https:\/\/apuntesdesanluis.com\/index.php\/2023\/10\/26\/el-superior-tribunal-considero-inapropiado-el-reclamo-de-que-se-declare-la-emergencia-judicial\/\",\"name\":\"EL SUPERIOR TRIBUNAL CONSIDER\u00d3 \\\"INAPROPIADO\\\" EL RECLAMO DE QUE SE DECLARE LA EMERGENCIA JUDICIAL - Apuntes de San Luis\",\"isPartOf\":{\"@id\":\"https:\/\/apuntesdesanluis.com\/#website\"},\"primaryImageOfPage\":{\"@id\":\"https:\/\/apuntesdesanluis.com\/index.php\/2023\/10\/26\/el-superior-tribunal-considero-inapropiado-el-reclamo-de-que-se-declare-la-emergencia-judicial\/#primaryimage\"},\"image\":{\"@id\":\"https:\/\/apuntesdesanluis.com\/index.php\/2023\/10\/26\/el-superior-tribunal-considero-inapropiado-el-reclamo-de-que-se-declare-la-emergencia-judicial\/#primaryimage\"},\"thumbnailUrl\":\"https:\/\/apuntesdesanluis.com\/wp-content\/uploads\/2023\/10\/palacio-de-justicia.png\",\"datePublished\":\"2023-10-27T01:24:29+00:00\",\"dateModified\":\"2023-10-27T01:25:01+00:00\",\"breadcrumb\":{\"@id\":\"https:\/\/apuntesdesanluis.com\/index.php\/2023\/10\/26\/el-superior-tribunal-considero-inapropiado-el-reclamo-de-que-se-declare-la-emergencia-judicial\/#breadcrumb\"},\"inLanguage\":\"es-AR\",\"potentialAction\":[{\"@type\":\"ReadAction\",\"target\":[\"https:\/\/apuntesdesanluis.com\/index.php\/2023\/10\/26\/el-superior-tribunal-considero-inapropiado-el-reclamo-de-que-se-declare-la-emergencia-judicial\/\"]}]},{\"@type\":\"ImageObject\",\"inLanguage\":\"es-AR\",\"@id\":\"https:\/\/apuntesdesanluis.com\/index.php\/2023\/10\/26\/el-superior-tribunal-considero-inapropiado-el-reclamo-de-que-se-declare-la-emergencia-judicial\/#primaryimage\",\"url\":\"https:\/\/apuntesdesanluis.com\/wp-content\/uploads\/2023\/10\/palacio-de-justicia.png\",\"contentUrl\":\"https:\/\/apuntesdesanluis.com\/wp-content\/uploads\/2023\/10\/palacio-de-justicia.png\",\"width\":600,\"height\":371},{\"@type\":\"BreadcrumbList\",\"@id\":\"https:\/\/apuntesdesanluis.com\/index.php\/2023\/10\/26\/el-superior-tribunal-considero-inapropiado-el-reclamo-de-que-se-declare-la-emergencia-judicial\/#breadcrumb\",\"itemListElement\":[{\"@type\":\"ListItem\",\"position\":1,\"name\":\"Inicio\",\"item\":\"https:\/\/apuntesdesanluis.com\/\"},{\"@type\":\"ListItem\",\"position\":2,\"name\":\"EL SUPERIOR TRIBUNAL CONSIDER\u00d3 &#8220;INAPROPIADO&#8221; EL RECLAMO DE QUE SE DECLARE LA EMERGENCIA JUDICIAL\"}]},{\"@type\":\"WebSite\",\"@id\":\"https:\/\/apuntesdesanluis.com\/#website\",\"url\":\"https:\/\/apuntesdesanluis.com\/\",\"name\":\"Apuntes de San Luis\",\"description\":\"\",\"publisher\":{\"@id\":\"https:\/\/apuntesdesanluis.com\/#\/schema\/person\/b55151d52296fcce64d1a72538a70b90\"},\"potentialAction\":[{\"@type\":\"SearchAction\",\"target\":{\"@type\":\"EntryPoint\",\"urlTemplate\":\"https:\/\/apuntesdesanluis.com\/?s={search_term_string}\"},\"query-input\":{\"@type\":\"PropertyValueSpecification\",\"valueRequired\":true,\"valueName\":\"search_term_string\"}}],\"inLanguage\":\"es-AR\"},{\"@type\":[\"Person\",\"Organization\"],\"@id\":\"https:\/\/apuntesdesanluis.com\/#\/schema\/person\/b55151d52296fcce64d1a72538a70b90\",\"name\":\"apuntesdesanluis.com\",\"image\":{\"@type\":\"ImageObject\",\"inLanguage\":\"es-AR\",\"@id\":\"https:\/\/apuntesdesanluis.com\/#\/schema\/person\/image\/\",\"url\":\"https:\/\/apuntesdesanluis.com\/wp-content\/uploads\/2023\/07\/cropped-apuntesdesanluis.png\",\"contentUrl\":\"https:\/\/apuntesdesanluis.com\/wp-content\/uploads\/2023\/07\/cropped-apuntesdesanluis.png\",\"width\":450,\"height\":112,\"caption\":\"apuntesdesanluis.com\"},\"logo\":{\"@id\":\"https:\/\/apuntesdesanluis.com\/#\/schema\/person\/image\/\"},\"sameAs\":[\"https:\/\/apuntesdesanluis.com\"],\"url\":\"https:\/\/apuntesdesanluis.com\/index.php\/author\/apuntesdesanluis-com\/\"}]}<\/script>\n<!-- \/ Yoast SEO plugin. -->","yoast_head_json":{"title":"EL SUPERIOR TRIBUNAL CONSIDER\u00d3 \"INAPROPIADO\" EL RECLAMO DE QUE SE DECLARE LA EMERGENCIA JUDICIAL - Apuntes de San Luis","robots":{"index":"index","follow":"follow","max-snippet":"max-snippet:-1","max-image-preview":"max-image-preview:large","max-video-preview":"max-video-preview:-1"},"canonical":"https:\/\/apuntesdesanluis.com\/index.php\/2023\/10\/26\/el-superior-tribunal-considero-inapropiado-el-reclamo-de-que-se-declare-la-emergencia-judicial\/","og_locale":"es_ES","og_type":"article","og_title":"EL SUPERIOR TRIBUNAL CONSIDER\u00d3 \"INAPROPIADO\" EL RECLAMO DE QUE SE DECLARE LA EMERGENCIA JUDICIAL - Apuntes de San Luis","og_description":"En respuesta a las presentaciones formuladas por el Directorio del Colegio de Abogados y Procuradores...","og_url":"https:\/\/apuntesdesanluis.com\/index.php\/2023\/10\/26\/el-superior-tribunal-considero-inapropiado-el-reclamo-de-que-se-declare-la-emergencia-judicial\/","og_site_name":"Apuntes de San Luis","article_published_time":"2023-10-27T01:24:29+00:00","article_modified_time":"2023-10-27T01:25:01+00:00","og_image":[{"width":600,"height":371,"url":"https:\/\/apuntesdesanluis.com\/wp-content\/uploads\/2023\/10\/palacio-de-justicia.png","type":"image\/png"}],"author":"apuntesdesanluis.com","twitter_card":"summary_large_image","twitter_misc":{"Escrito por":"apuntesdesanluis.com","Tiempo de lectura":"4 minutos"},"schema":{"@context":"https:\/\/schema.org","@graph":[{"@type":"Article","@id":"https:\/\/apuntesdesanluis.com\/index.php\/2023\/10\/26\/el-superior-tribunal-considero-inapropiado-el-reclamo-de-que-se-declare-la-emergencia-judicial\/#article","isPartOf":{"@id":"https:\/\/apuntesdesanluis.com\/index.php\/2023\/10\/26\/el-superior-tribunal-considero-inapropiado-el-reclamo-de-que-se-declare-la-emergencia-judicial\/"},"author":{"name":"apuntesdesanluis.com","@id":"https:\/\/apuntesdesanluis.com\/#\/schema\/person\/b55151d52296fcce64d1a72538a70b90"},"headline":"EL SUPERIOR TRIBUNAL CONSIDER\u00d3 &#8220;INAPROPIADO&#8221; EL RECLAMO DE QUE SE DECLARE LA EMERGENCIA JUDICIAL","datePublished":"2023-10-27T01:24:29+00:00","dateModified":"2023-10-27T01:25:01+00:00","mainEntityOfPage":{"@id":"https:\/\/apuntesdesanluis.com\/index.php\/2023\/10\/26\/el-superior-tribunal-considero-inapropiado-el-reclamo-de-que-se-declare-la-emergencia-judicial\/"},"wordCount":735,"publisher":{"@id":"https:\/\/apuntesdesanluis.com\/#\/schema\/person\/b55151d52296fcce64d1a72538a70b90"},"image":{"@id":"https:\/\/apuntesdesanluis.com\/index.php\/2023\/10\/26\/el-superior-tribunal-considero-inapropiado-el-reclamo-de-que-se-declare-la-emergencia-judicial\/#primaryimage"},"thumbnailUrl":"https:\/\/apuntesdesanluis.com\/wp-content\/uploads\/2023\/10\/palacio-de-justicia.png","articleSection":["Ciudad\/Provincia"],"inLanguage":"es-AR"},{"@type":"WebPage","@id":"https:\/\/apuntesdesanluis.com\/index.php\/2023\/10\/26\/el-superior-tribunal-considero-inapropiado-el-reclamo-de-que-se-declare-la-emergencia-judicial\/","url":"https:\/\/apuntesdesanluis.com\/index.php\/2023\/10\/26\/el-superior-tribunal-considero-inapropiado-el-reclamo-de-que-se-declare-la-emergencia-judicial\/","name":"EL SUPERIOR TRIBUNAL CONSIDER\u00d3 \"INAPROPIADO\" EL RECLAMO DE QUE SE DECLARE LA EMERGENCIA JUDICIAL - Apuntes de San Luis","isPartOf":{"@id":"https:\/\/apuntesdesanluis.com\/#website"},"primaryImageOfPage":{"@id":"https:\/\/apuntesdesanluis.com\/index.php\/2023\/10\/26\/el-superior-tribunal-considero-inapropiado-el-reclamo-de-que-se-declare-la-emergencia-judicial\/#primaryimage"},"image":{"@id":"https:\/\/apuntesdesanluis.com\/index.php\/2023\/10\/26\/el-superior-tribunal-considero-inapropiado-el-reclamo-de-que-se-declare-la-emergencia-judicial\/#primaryimage"},"thumbnailUrl":"https:\/\/apuntesdesanluis.com\/wp-content\/uploads\/2023\/10\/palacio-de-justicia.png","datePublished":"2023-10-27T01:24:29+00:00","dateModified":"2023-10-27T01:25:01+00:00","breadcrumb":{"@id":"https:\/\/apuntesdesanluis.com\/index.php\/2023\/10\/26\/el-superior-tribunal-considero-inapropiado-el-reclamo-de-que-se-declare-la-emergencia-judicial\/#breadcrumb"},"inLanguage":"es-AR","potentialAction":[{"@type":"ReadAction","target":["https:\/\/apuntesdesanluis.com\/index.php\/2023\/10\/26\/el-superior-tribunal-considero-inapropiado-el-reclamo-de-que-se-declare-la-emergencia-judicial\/"]}]},{"@type":"ImageObject","inLanguage":"es-AR","@id":"https:\/\/apuntesdesanluis.com\/index.php\/2023\/10\/26\/el-superior-tribunal-considero-inapropiado-el-reclamo-de-que-se-declare-la-emergencia-judicial\/#primaryimage","url":"https:\/\/apuntesdesanluis.com\/wp-content\/uploads\/2023\/10\/palacio-de-justicia.png","contentUrl":"https:\/\/apuntesdesanluis.com\/wp-content\/uploads\/2023\/10\/palacio-de-justicia.png","width":600,"height":371},{"@type":"BreadcrumbList","@id":"https:\/\/apuntesdesanluis.com\/index.php\/2023\/10\/26\/el-superior-tribunal-considero-inapropiado-el-reclamo-de-que-se-declare-la-emergencia-judicial\/#breadcrumb","itemListElement":[{"@type":"ListItem","position":1,"name":"Inicio","item":"https:\/\/apuntesdesanluis.com\/"},{"@type":"ListItem","position":2,"name":"EL SUPERIOR TRIBUNAL CONSIDER\u00d3 &#8220;INAPROPIADO&#8221; EL RECLAMO DE QUE SE DECLARE LA EMERGENCIA JUDICIAL"}]},{"@type":"WebSite","@id":"https:\/\/apuntesdesanluis.com\/#website","url":"https:\/\/apuntesdesanluis.com\/","name":"Apuntes de San Luis","description":"","publisher":{"@id":"https:\/\/apuntesdesanluis.com\/#\/schema\/person\/b55151d52296fcce64d1a72538a70b90"},"potentialAction":[{"@type":"SearchAction","target":{"@type":"EntryPoint","urlTemplate":"https:\/\/apuntesdesanluis.com\/?s={search_term_string}"},"query-input":{"@type":"PropertyValueSpecification","valueRequired":true,"valueName":"search_term_string"}}],"inLanguage":"es-AR"},{"@type":["Person","Organization"],"@id":"https:\/\/apuntesdesanluis.com\/#\/schema\/person\/b55151d52296fcce64d1a72538a70b90","name":"apuntesdesanluis.com","image":{"@type":"ImageObject","inLanguage":"es-AR","@id":"https:\/\/apuntesdesanluis.com\/#\/schema\/person\/image\/","url":"https:\/\/apuntesdesanluis.com\/wp-content\/uploads\/2023\/07\/cropped-apuntesdesanluis.png","contentUrl":"https:\/\/apuntesdesanluis.com\/wp-content\/uploads\/2023\/07\/cropped-apuntesdesanluis.png","width":450,"height":112,"caption":"apuntesdesanluis.com"},"logo":{"@id":"https:\/\/apuntesdesanluis.com\/#\/schema\/person\/image\/"},"sameAs":["https:\/\/apuntesdesanluis.com"],"url":"https:\/\/apuntesdesanluis.com\/index.php\/author\/apuntesdesanluis-com\/"}]}},"featured_image_urls":{"full":["https:\/\/apuntesdesanluis.com\/wp-content\/uploads\/2023\/10\/palacio-de-justicia.png",600,371,false],"thumbnail":["https:\/\/apuntesdesanluis.com\/wp-content\/uploads\/2023\/10\/palacio-de-justicia-150x150.png",150,150,true],"medium":["https:\/\/apuntesdesanluis.com\/wp-content\/uploads\/2023\/10\/palacio-de-justicia-300x186.png",300,186,true],"medium_large":["https:\/\/apuntesdesanluis.com\/wp-content\/uploads\/2023\/10\/palacio-de-justicia.png",600,371,false],"large":["https:\/\/apuntesdesanluis.com\/wp-content\/uploads\/2023\/10\/palacio-de-justicia.png",600,371,false],"1536x1536":["https:\/\/apuntesdesanluis.com\/wp-content\/uploads\/2023\/10\/palacio-de-justicia.png",600,371,false],"2048x2048":["https:\/\/apuntesdesanluis.com\/wp-content\/uploads\/2023\/10\/palacio-de-justicia.png",600,371,false],"newsever-slider-full":["https:\/\/apuntesdesanluis.com\/wp-content\/uploads\/2023\/10\/palacio-de-justicia.png",600,371,false],"newsever-featured":["https:\/\/apuntesdesanluis.com\/wp-content\/uploads\/2023\/10\/palacio-de-justicia.png",600,371,false],"newsever-medium":["https:\/\/apuntesdesanluis.com\/wp-content\/uploads\/2023\/10\/palacio-de-justicia.png",600,371,false]},"author_info":{"display_name":"apuntesdesanluis.com","author_link":"https:\/\/apuntesdesanluis.com\/index.php\/author\/apuntesdesanluis-com\/"},"category_info":"<a href=\"https:\/\/apuntesdesanluis.com\/index.php\/category\/ciudad-provincia\/\" rel=\"category tag\">Ciudad\/Provincia<\/a>","tag_info":"Ciudad\/Provincia","comment_count":"0","_links":{"self":[{"href":"https:\/\/apuntesdesanluis.com\/index.php\/wp-json\/wp\/v2\/posts\/5922","targetHints":{"allow":["GET"]}}],"collection":[{"href":"https:\/\/apuntesdesanluis.com\/index.php\/wp-json\/wp\/v2\/posts"}],"about":[{"href":"https:\/\/apuntesdesanluis.com\/index.php\/wp-json\/wp\/v2\/types\/post"}],"author":[{"embeddable":true,"href":"https:\/\/apuntesdesanluis.com\/index.php\/wp-json\/wp\/v2\/users\/1"}],"replies":[{"embeddable":true,"href":"https:\/\/apuntesdesanluis.com\/index.php\/wp-json\/wp\/v2\/comments?post=5922"}],"version-history":[{"count":2,"href":"https:\/\/apuntesdesanluis.com\/index.php\/wp-json\/wp\/v2\/posts\/5922\/revisions"}],"predecessor-version":[{"id":5925,"href":"https:\/\/apuntesdesanluis.com\/index.php\/wp-json\/wp\/v2\/posts\/5922\/revisions\/5925"}],"wp:featuredmedia":[{"embeddable":true,"href":"https:\/\/apuntesdesanluis.com\/index.php\/wp-json\/wp\/v2\/media\/5923"}],"wp:attachment":[{"href":"https:\/\/apuntesdesanluis.com\/index.php\/wp-json\/wp\/v2\/media?parent=5922"}],"wp:term":[{"taxonomy":"category","embeddable":true,"href":"https:\/\/apuntesdesanluis.com\/index.php\/wp-json\/wp\/v2\/categories?post=5922"},{"taxonomy":"post_tag","embeddable":true,"href":"https:\/\/apuntesdesanluis.com\/index.php\/wp-json\/wp\/v2\/tags?post=5922"}],"curies":[{"name":"wp","href":"https:\/\/api.w.org\/{rel}","templated":true}]}}