{"id":5944,"date":"2023-10-29T14:13:09","date_gmt":"2023-10-29T17:13:09","guid":{"rendered":"https:\/\/apuntesdesanluis.com\/?p=5944"},"modified":"2023-10-29T18:27:33","modified_gmt":"2023-10-29T21:27:33","slug":"el-lunes-asume-el-dr-marcelo-sosa-como-rector-de-la-unvime","status":"publish","type":"post","link":"https:\/\/apuntesdesanluis.com\/index.php\/2023\/10\/29\/el-lunes-asume-el-dr-marcelo-sosa-como-rector-de-la-unvime\/","title":{"rendered":"ESTE LUNES ASUME EL DR. MARCELO SOSA COMO RECTOR DE LA UNVIME"},"content":{"rendered":"<h3>Este lunes el <span style=\"color: #000000;\"><strong>Dr. Marcelo Sosa<\/strong><\/span> tomar\u00e1 posesi\u00f3n del cargo y jurar\u00e1 como nuevo Rector de la Universidad Nacional de Villa Mercedes, en reemplazo del saliente <strong>David Rivarola<\/strong>.<\/h3>\n<h3>El ex ministro de Educaci\u00f3n de la provincia fue consagrado en las elecciones del pasado 16 de agosto, acompa\u00f1ado por el Vicerrector,<strong> Lic. Santiago Farenga<\/strong>.<\/h3>\n<h3>El Dr. Marcelo Sosa ser\u00e1 el primer rector nativo de Villa Mercedes, en ser electo por el voto de la comunidad universitaria, a trav\u00e9s de elecciones democr\u00e1ticas, puesto que los anteriores asumieron como interventores, cuando la universidad a\u00fan no se encontraba normalizada.<\/h3>\n<p><img fetchpriority=\"high\" decoding=\"async\" class=\"wp-image-926 aligncenter\" src=\"https:\/\/apuntesdesanluis.com\/wp-content\/uploads\/2023\/08\/Sosa-farenga-300x212.jpg\" alt=\"\" width=\"507\" height=\"358\" srcset=\"https:\/\/apuntesdesanluis.com\/wp-content\/uploads\/2023\/08\/Sosa-farenga-300x212.jpg 300w, https:\/\/apuntesdesanluis.com\/wp-content\/uploads\/2023\/08\/Sosa-farenga.jpg 565w\" sizes=\"(max-width: 507px) 100vw, 507px\" \/><\/p>\n<h3>Por lo que ha podido saberse, en horas de la ma\u00f1ana tomar\u00e1 posesi\u00f3n del cargo y en horas de la tarde prestar\u00e1 juramento en una ceremonia p\u00fablica, junto con el resto de las autoridades electas.<\/h3>\n<h3>El acto se realizar\u00e1 a las 19:00 h en el Teatro del Viejo Mercado, de la Casa de la Cultura, con la presencia de autoridades nacionales, provinciales y municipales.<\/h3>\n<h3>Tras los juramentos de Sosa y Farenga har\u00e1n lo propio los siguientes funcionarios:<\/h3>\n<ul>\n<li>\n<h3>Directora Departamento de Ciencias B\u00e1sicas: <strong>Lic. Elvira Quiroga<\/strong>.<\/h3>\n<\/li>\n<li>\n<h3>Director Departamento de Ciencias Aplicadas: Ing. <strong>Marcelo N\u00fa\u00f1ez<\/strong>.<\/h3>\n<\/li>\n<li>\n<h3>Director Escuela Ingenier\u00eda y Ciencias Ambientales: <strong>Lic. Alejandro Rosa<\/strong>.<\/h3>\n<\/li>\n<li>\n<h3>Director Escuela Gesti\u00f3n de Empresas y Econom\u00eda: Dise\u00f1ador Industrial <strong>Diego P\u00e1jaro<\/strong>.<\/h3>\n<\/li>\n<li>\n<h3>Directora de Escuela de Ciencias de la Salud, <strong>Lic. Paola Mu\u00f1oz<\/strong>.<\/h3>\n<\/li>\n<li>\n<h3>Directora de Escuela de Ciencias Sociales y Educaci\u00f3n, <strong>Lic. Roxana Tropich<\/strong>.<\/h3>\n<\/li>\n<\/ul>\n<p><img decoding=\"async\" class=\"wp-image-5946 aligncenter\" src=\"https:\/\/apuntesdesanluis.com\/wp-content\/uploads\/2023\/10\/Tarjeta-Invitacion-300x143.jpg\" alt=\"\" width=\"638\" height=\"304\" srcset=\"https:\/\/apuntesdesanluis.com\/wp-content\/uploads\/2023\/10\/Tarjeta-Invitacion-300x143.jpg 300w, https:\/\/apuntesdesanluis.com\/wp-content\/uploads\/2023\/10\/Tarjeta-Invitacion-1024x488.jpg 1024w, https:\/\/apuntesdesanluis.com\/wp-content\/uploads\/2023\/10\/Tarjeta-Invitacion-768x366.jpg 768w, https:\/\/apuntesdesanluis.com\/wp-content\/uploads\/2023\/10\/Tarjeta-Invitacion.jpg 1240w\" sizes=\"(max-width: 638px) 100vw, 638px\" \/><\/p>\n<p>&nbsp;<\/p>\n<h3><strong>SUSPENSI\u00d3N DE ACTIVIDADES<\/strong><\/h3>\n<h3>La casa de estudios comunic\u00f3 que con motivo del Acto de Asunci\u00f3n de Autoridades electas per\u00edodo 2023-2027 y la necesidad de que los integrantes de los distintos claustros de la Universidad Nacional de Villa Mercedes puedan participar libremente, se autoriza la SUSPENSI\u00d3N de las actividades acad\u00e9micas y administrativas a partir de las 18:00 h del d\u00eda 30 de octubre del corriente a\u00f1o, en el \u00e1mbito de todas las dependencias de la Universidad Nacional de Villa Mercedes.<\/h3>\n<p>&nbsp;<\/p>\n<p>&nbsp;<\/p>\n<p>&nbsp;<\/p>\n","protected":false},"excerpt":{"rendered":"<p>Este lunes el Dr. Marcelo Sosa tomar\u00e1 posesi\u00f3n del cargo y jurar\u00e1 como nuevo Rector&#8230;<\/p>\n","protected":false},"author":1,"featured_media":5945,"comment_status":"closed","ping_status":"closed","sticky":false,"template":"","format":"standard","meta":{"footnotes":""},"categories":[6],"tags":[],"class_list":["post-5944","post","type-post","status-publish","format-standard","has-post-thumbnail","hentry","category-ciudad-provincia"],"yoast_head":"<!-- This site is optimized with the Yoast SEO plugin v26.1.1 - https:\/\/yoast.com\/wordpress\/plugins\/seo\/ -->\n<title>ESTE LUNES ASUME EL DR. MARCELO SOSA COMO RECTOR DE LA UNVIME - Apuntes de San Luis<\/title>\n<meta name=\"robots\" content=\"index, follow, max-snippet:-1, max-image-preview:large, max-video-preview:-1\" \/>\n<link rel=\"canonical\" href=\"https:\/\/apuntesdesanluis.com\/index.php\/2023\/10\/29\/el-lunes-asume-el-dr-marcelo-sosa-como-rector-de-la-unvime\/\" \/>\n<meta property=\"og:locale\" content=\"es_ES\" \/>\n<meta property=\"og:type\" content=\"article\" \/>\n<meta property=\"og:title\" content=\"ESTE LUNES ASUME EL DR. MARCELO SOSA COMO RECTOR DE LA UNVIME - Apuntes de San Luis\" \/>\n<meta property=\"og:description\" content=\"Este lunes el Dr. Marcelo Sosa tomar\u00e1 posesi\u00f3n del cargo y jurar\u00e1 como nuevo Rector...\" \/>\n<meta property=\"og:url\" content=\"https:\/\/apuntesdesanluis.com\/index.php\/2023\/10\/29\/el-lunes-asume-el-dr-marcelo-sosa-como-rector-de-la-unvime\/\" \/>\n<meta property=\"og:site_name\" content=\"Apuntes de San Luis\" \/>\n<meta property=\"article:published_time\" content=\"2023-10-29T17:13:09+00:00\" \/>\n<meta property=\"article:modified_time\" content=\"2023-10-29T21:27:33+00:00\" \/>\n<meta property=\"og:image\" content=\"https:\/\/apuntesdesanluis.com\/wp-content\/uploads\/2023\/10\/centenario.png\" \/>\n\t<meta property=\"og:image:width\" content=\"633\" \/>\n\t<meta property=\"og:image:height\" content=\"357\" \/>\n\t<meta property=\"og:image:type\" content=\"image\/png\" \/>\n<meta name=\"author\" content=\"apuntesdesanluis.com\" \/>\n<meta name=\"twitter:card\" content=\"summary_large_image\" \/>\n<meta name=\"twitter:label1\" content=\"Escrito por\" \/>\n\t<meta name=\"twitter:data1\" content=\"apuntesdesanluis.com\" \/>\n\t<meta name=\"twitter:label2\" content=\"Tiempo de lectura\" \/>\n\t<meta name=\"twitter:data2\" content=\"2 minutos\" \/>\n<script type=\"application\/ld+json\" class=\"yoast-schema-graph\">{\"@context\":\"https:\/\/schema.org\",\"@graph\":[{\"@type\":\"Article\",\"@id\":\"https:\/\/apuntesdesanluis.com\/index.php\/2023\/10\/29\/el-lunes-asume-el-dr-marcelo-sosa-como-rector-de-la-unvime\/#article\",\"isPartOf\":{\"@id\":\"https:\/\/apuntesdesanluis.com\/index.php\/2023\/10\/29\/el-lunes-asume-el-dr-marcelo-sosa-como-rector-de-la-unvime\/\"},\"author\":{\"name\":\"apuntesdesanluis.com\",\"@id\":\"https:\/\/apuntesdesanluis.com\/#\/schema\/person\/b55151d52296fcce64d1a72538a70b90\"},\"headline\":\"ESTE LUNES ASUME EL DR. MARCELO SOSA COMO RECTOR DE LA UNVIME\",\"datePublished\":\"2023-10-29T17:13:09+00:00\",\"dateModified\":\"2023-10-29T21:27:33+00:00\",\"mainEntityOfPage\":{\"@id\":\"https:\/\/apuntesdesanluis.com\/index.php\/2023\/10\/29\/el-lunes-asume-el-dr-marcelo-sosa-como-rector-de-la-unvime\/\"},\"wordCount\":347,\"publisher\":{\"@id\":\"https:\/\/apuntesdesanluis.com\/#\/schema\/person\/b55151d52296fcce64d1a72538a70b90\"},\"image\":{\"@id\":\"https:\/\/apuntesdesanluis.com\/index.php\/2023\/10\/29\/el-lunes-asume-el-dr-marcelo-sosa-como-rector-de-la-unvime\/#primaryimage\"},\"thumbnailUrl\":\"https:\/\/apuntesdesanluis.com\/wp-content\/uploads\/2023\/10\/centenario.png\",\"articleSection\":[\"Ciudad\/Provincia\"],\"inLanguage\":\"es-AR\"},{\"@type\":\"WebPage\",\"@id\":\"https:\/\/apuntesdesanluis.com\/index.php\/2023\/10\/29\/el-lunes-asume-el-dr-marcelo-sosa-como-rector-de-la-unvime\/\",\"url\":\"https:\/\/apuntesdesanluis.com\/index.php\/2023\/10\/29\/el-lunes-asume-el-dr-marcelo-sosa-como-rector-de-la-unvime\/\",\"name\":\"ESTE LUNES ASUME EL DR. MARCELO SOSA COMO RECTOR DE LA UNVIME - Apuntes de San Luis\",\"isPartOf\":{\"@id\":\"https:\/\/apuntesdesanluis.com\/#website\"},\"primaryImageOfPage\":{\"@id\":\"https:\/\/apuntesdesanluis.com\/index.php\/2023\/10\/29\/el-lunes-asume-el-dr-marcelo-sosa-como-rector-de-la-unvime\/#primaryimage\"},\"image\":{\"@id\":\"https:\/\/apuntesdesanluis.com\/index.php\/2023\/10\/29\/el-lunes-asume-el-dr-marcelo-sosa-como-rector-de-la-unvime\/#primaryimage\"},\"thumbnailUrl\":\"https:\/\/apuntesdesanluis.com\/wp-content\/uploads\/2023\/10\/centenario.png\",\"datePublished\":\"2023-10-29T17:13:09+00:00\",\"dateModified\":\"2023-10-29T21:27:33+00:00\",\"breadcrumb\":{\"@id\":\"https:\/\/apuntesdesanluis.com\/index.php\/2023\/10\/29\/el-lunes-asume-el-dr-marcelo-sosa-como-rector-de-la-unvime\/#breadcrumb\"},\"inLanguage\":\"es-AR\",\"potentialAction\":[{\"@type\":\"ReadAction\",\"target\":[\"https:\/\/apuntesdesanluis.com\/index.php\/2023\/10\/29\/el-lunes-asume-el-dr-marcelo-sosa-como-rector-de-la-unvime\/\"]}]},{\"@type\":\"ImageObject\",\"inLanguage\":\"es-AR\",\"@id\":\"https:\/\/apuntesdesanluis.com\/index.php\/2023\/10\/29\/el-lunes-asume-el-dr-marcelo-sosa-como-rector-de-la-unvime\/#primaryimage\",\"url\":\"https:\/\/apuntesdesanluis.com\/wp-content\/uploads\/2023\/10\/centenario.png\",\"contentUrl\":\"https:\/\/apuntesdesanluis.com\/wp-content\/uploads\/2023\/10\/centenario.png\",\"width\":633,\"height\":357},{\"@type\":\"BreadcrumbList\",\"@id\":\"https:\/\/apuntesdesanluis.com\/index.php\/2023\/10\/29\/el-lunes-asume-el-dr-marcelo-sosa-como-rector-de-la-unvime\/#breadcrumb\",\"itemListElement\":[{\"@type\":\"ListItem\",\"position\":1,\"name\":\"Inicio\",\"item\":\"https:\/\/apuntesdesanluis.com\/\"},{\"@type\":\"ListItem\",\"position\":2,\"name\":\"ESTE LUNES ASUME EL DR. MARCELO SOSA COMO RECTOR DE LA UNVIME\"}]},{\"@type\":\"WebSite\",\"@id\":\"https:\/\/apuntesdesanluis.com\/#website\",\"url\":\"https:\/\/apuntesdesanluis.com\/\",\"name\":\"Apuntes de San Luis\",\"description\":\"\",\"publisher\":{\"@id\":\"https:\/\/apuntesdesanluis.com\/#\/schema\/person\/b55151d52296fcce64d1a72538a70b90\"},\"potentialAction\":[{\"@type\":\"SearchAction\",\"target\":{\"@type\":\"EntryPoint\",\"urlTemplate\":\"https:\/\/apuntesdesanluis.com\/?s={search_term_string}\"},\"query-input\":{\"@type\":\"PropertyValueSpecification\",\"valueRequired\":true,\"valueName\":\"search_term_string\"}}],\"inLanguage\":\"es-AR\"},{\"@type\":[\"Person\",\"Organization\"],\"@id\":\"https:\/\/apuntesdesanluis.com\/#\/schema\/person\/b55151d52296fcce64d1a72538a70b90\",\"name\":\"apuntesdesanluis.com\",\"image\":{\"@type\":\"ImageObject\",\"inLanguage\":\"es-AR\",\"@id\":\"https:\/\/apuntesdesanluis.com\/#\/schema\/person\/image\/\",\"url\":\"https:\/\/apuntesdesanluis.com\/wp-content\/uploads\/2023\/07\/cropped-apuntesdesanluis.png\",\"contentUrl\":\"https:\/\/apuntesdesanluis.com\/wp-content\/uploads\/2023\/07\/cropped-apuntesdesanluis.png\",\"width\":450,\"height\":112,\"caption\":\"apuntesdesanluis.com\"},\"logo\":{\"@id\":\"https:\/\/apuntesdesanluis.com\/#\/schema\/person\/image\/\"},\"sameAs\":[\"https:\/\/apuntesdesanluis.com\"],\"url\":\"https:\/\/apuntesdesanluis.com\/index.php\/author\/apuntesdesanluis-com\/\"}]}<\/script>\n<!-- \/ Yoast SEO plugin. -->","yoast_head_json":{"title":"ESTE LUNES ASUME EL DR. MARCELO SOSA COMO RECTOR DE LA UNVIME - Apuntes de San Luis","robots":{"index":"index","follow":"follow","max-snippet":"max-snippet:-1","max-image-preview":"max-image-preview:large","max-video-preview":"max-video-preview:-1"},"canonical":"https:\/\/apuntesdesanluis.com\/index.php\/2023\/10\/29\/el-lunes-asume-el-dr-marcelo-sosa-como-rector-de-la-unvime\/","og_locale":"es_ES","og_type":"article","og_title":"ESTE LUNES ASUME EL DR. MARCELO SOSA COMO RECTOR DE LA UNVIME - Apuntes de San Luis","og_description":"Este lunes el Dr. Marcelo Sosa tomar\u00e1 posesi\u00f3n del cargo y jurar\u00e1 como nuevo Rector...","og_url":"https:\/\/apuntesdesanluis.com\/index.php\/2023\/10\/29\/el-lunes-asume-el-dr-marcelo-sosa-como-rector-de-la-unvime\/","og_site_name":"Apuntes de San Luis","article_published_time":"2023-10-29T17:13:09+00:00","article_modified_time":"2023-10-29T21:27:33+00:00","og_image":[{"width":633,"height":357,"url":"https:\/\/apuntesdesanluis.com\/wp-content\/uploads\/2023\/10\/centenario.png","type":"image\/png"}],"author":"apuntesdesanluis.com","twitter_card":"summary_large_image","twitter_misc":{"Escrito por":"apuntesdesanluis.com","Tiempo de lectura":"2 minutos"},"schema":{"@context":"https:\/\/schema.org","@graph":[{"@type":"Article","@id":"https:\/\/apuntesdesanluis.com\/index.php\/2023\/10\/29\/el-lunes-asume-el-dr-marcelo-sosa-como-rector-de-la-unvime\/#article","isPartOf":{"@id":"https:\/\/apuntesdesanluis.com\/index.php\/2023\/10\/29\/el-lunes-asume-el-dr-marcelo-sosa-como-rector-de-la-unvime\/"},"author":{"name":"apuntesdesanluis.com","@id":"https:\/\/apuntesdesanluis.com\/#\/schema\/person\/b55151d52296fcce64d1a72538a70b90"},"headline":"ESTE LUNES ASUME EL DR. MARCELO SOSA COMO RECTOR DE LA UNVIME","datePublished":"2023-10-29T17:13:09+00:00","dateModified":"2023-10-29T21:27:33+00:00","mainEntityOfPage":{"@id":"https:\/\/apuntesdesanluis.com\/index.php\/2023\/10\/29\/el-lunes-asume-el-dr-marcelo-sosa-como-rector-de-la-unvime\/"},"wordCount":347,"publisher":{"@id":"https:\/\/apuntesdesanluis.com\/#\/schema\/person\/b55151d52296fcce64d1a72538a70b90"},"image":{"@id":"https:\/\/apuntesdesanluis.com\/index.php\/2023\/10\/29\/el-lunes-asume-el-dr-marcelo-sosa-como-rector-de-la-unvime\/#primaryimage"},"thumbnailUrl":"https:\/\/apuntesdesanluis.com\/wp-content\/uploads\/2023\/10\/centenario.png","articleSection":["Ciudad\/Provincia"],"inLanguage":"es-AR"},{"@type":"WebPage","@id":"https:\/\/apuntesdesanluis.com\/index.php\/2023\/10\/29\/el-lunes-asume-el-dr-marcelo-sosa-como-rector-de-la-unvime\/","url":"https:\/\/apuntesdesanluis.com\/index.php\/2023\/10\/29\/el-lunes-asume-el-dr-marcelo-sosa-como-rector-de-la-unvime\/","name":"ESTE LUNES ASUME EL DR. MARCELO SOSA COMO RECTOR DE LA UNVIME - Apuntes de San Luis","isPartOf":{"@id":"https:\/\/apuntesdesanluis.com\/#website"},"primaryImageOfPage":{"@id":"https:\/\/apuntesdesanluis.com\/index.php\/2023\/10\/29\/el-lunes-asume-el-dr-marcelo-sosa-como-rector-de-la-unvime\/#primaryimage"},"image":{"@id":"https:\/\/apuntesdesanluis.com\/index.php\/2023\/10\/29\/el-lunes-asume-el-dr-marcelo-sosa-como-rector-de-la-unvime\/#primaryimage"},"thumbnailUrl":"https:\/\/apuntesdesanluis.com\/wp-content\/uploads\/2023\/10\/centenario.png","datePublished":"2023-10-29T17:13:09+00:00","dateModified":"2023-10-29T21:27:33+00:00","breadcrumb":{"@id":"https:\/\/apuntesdesanluis.com\/index.php\/2023\/10\/29\/el-lunes-asume-el-dr-marcelo-sosa-como-rector-de-la-unvime\/#breadcrumb"},"inLanguage":"es-AR","potentialAction":[{"@type":"ReadAction","target":["https:\/\/apuntesdesanluis.com\/index.php\/2023\/10\/29\/el-lunes-asume-el-dr-marcelo-sosa-como-rector-de-la-unvime\/"]}]},{"@type":"ImageObject","inLanguage":"es-AR","@id":"https:\/\/apuntesdesanluis.com\/index.php\/2023\/10\/29\/el-lunes-asume-el-dr-marcelo-sosa-como-rector-de-la-unvime\/#primaryimage","url":"https:\/\/apuntesdesanluis.com\/wp-content\/uploads\/2023\/10\/centenario.png","contentUrl":"https:\/\/apuntesdesanluis.com\/wp-content\/uploads\/2023\/10\/centenario.png","width":633,"height":357},{"@type":"BreadcrumbList","@id":"https:\/\/apuntesdesanluis.com\/index.php\/2023\/10\/29\/el-lunes-asume-el-dr-marcelo-sosa-como-rector-de-la-unvime\/#breadcrumb","itemListElement":[{"@type":"ListItem","position":1,"name":"Inicio","item":"https:\/\/apuntesdesanluis.com\/"},{"@type":"ListItem","position":2,"name":"ESTE LUNES ASUME EL DR. MARCELO SOSA COMO RECTOR DE LA UNVIME"}]},{"@type":"WebSite","@id":"https:\/\/apuntesdesanluis.com\/#website","url":"https:\/\/apuntesdesanluis.com\/","name":"Apuntes de San Luis","description":"","publisher":{"@id":"https:\/\/apuntesdesanluis.com\/#\/schema\/person\/b55151d52296fcce64d1a72538a70b90"},"potentialAction":[{"@type":"SearchAction","target":{"@type":"EntryPoint","urlTemplate":"https:\/\/apuntesdesanluis.com\/?s={search_term_string}"},"query-input":{"@type":"PropertyValueSpecification","valueRequired":true,"valueName":"search_term_string"}}],"inLanguage":"es-AR"},{"@type":["Person","Organization"],"@id":"https:\/\/apuntesdesanluis.com\/#\/schema\/person\/b55151d52296fcce64d1a72538a70b90","name":"apuntesdesanluis.com","image":{"@type":"ImageObject","inLanguage":"es-AR","@id":"https:\/\/apuntesdesanluis.com\/#\/schema\/person\/image\/","url":"https:\/\/apuntesdesanluis.com\/wp-content\/uploads\/2023\/07\/cropped-apuntesdesanluis.png","contentUrl":"https:\/\/apuntesdesanluis.com\/wp-content\/uploads\/2023\/07\/cropped-apuntesdesanluis.png","width":450,"height":112,"caption":"apuntesdesanluis.com"},"logo":{"@id":"https:\/\/apuntesdesanluis.com\/#\/schema\/person\/image\/"},"sameAs":["https:\/\/apuntesdesanluis.com"],"url":"https:\/\/apuntesdesanluis.com\/index.php\/author\/apuntesdesanluis-com\/"}]}},"featured_image_urls":{"full":["https:\/\/apuntesdesanluis.com\/wp-content\/uploads\/2023\/10\/centenario.png",633,357,false],"thumbnail":["https:\/\/apuntesdesanluis.com\/wp-content\/uploads\/2023\/10\/centenario-150x150.png",150,150,true],"medium":["https:\/\/apuntesdesanluis.com\/wp-content\/uploads\/2023\/10\/centenario-300x169.png",300,169,true],"medium_large":["https:\/\/apuntesdesanluis.com\/wp-content\/uploads\/2023\/10\/centenario.png",633,357,false],"large":["https:\/\/apuntesdesanluis.com\/wp-content\/uploads\/2023\/10\/centenario.png",633,357,false],"1536x1536":["https:\/\/apuntesdesanluis.com\/wp-content\/uploads\/2023\/10\/centenario.png",633,357,false],"2048x2048":["https:\/\/apuntesdesanluis.com\/wp-content\/uploads\/2023\/10\/centenario.png",633,357,false],"newsever-slider-full":["https:\/\/apuntesdesanluis.com\/wp-content\/uploads\/2023\/10\/centenario.png",633,357,false],"newsever-featured":["https:\/\/apuntesdesanluis.com\/wp-content\/uploads\/2023\/10\/centenario.png",633,357,false],"newsever-medium":["https:\/\/apuntesdesanluis.com\/wp-content\/uploads\/2023\/10\/centenario.png",633,357,false]},"author_info":{"display_name":"apuntesdesanluis.com","author_link":"https:\/\/apuntesdesanluis.com\/index.php\/author\/apuntesdesanluis-com\/"},"category_info":"<a href=\"https:\/\/apuntesdesanluis.com\/index.php\/category\/ciudad-provincia\/\" rel=\"category tag\">Ciudad\/Provincia<\/a>","tag_info":"Ciudad\/Provincia","comment_count":"0","_links":{"self":[{"href":"https:\/\/apuntesdesanluis.com\/index.php\/wp-json\/wp\/v2\/posts\/5944","targetHints":{"allow":["GET"]}}],"collection":[{"href":"https:\/\/apuntesdesanluis.com\/index.php\/wp-json\/wp\/v2\/posts"}],"about":[{"href":"https:\/\/apuntesdesanluis.com\/index.php\/wp-json\/wp\/v2\/types\/post"}],"author":[{"embeddable":true,"href":"https:\/\/apuntesdesanluis.com\/index.php\/wp-json\/wp\/v2\/users\/1"}],"replies":[{"embeddable":true,"href":"https:\/\/apuntesdesanluis.com\/index.php\/wp-json\/wp\/v2\/comments?post=5944"}],"version-history":[{"count":9,"href":"https:\/\/apuntesdesanluis.com\/index.php\/wp-json\/wp\/v2\/posts\/5944\/revisions"}],"predecessor-version":[{"id":6026,"href":"https:\/\/apuntesdesanluis.com\/index.php\/wp-json\/wp\/v2\/posts\/5944\/revisions\/6026"}],"wp:featuredmedia":[{"embeddable":true,"href":"https:\/\/apuntesdesanluis.com\/index.php\/wp-json\/wp\/v2\/media\/5945"}],"wp:attachment":[{"href":"https:\/\/apuntesdesanluis.com\/index.php\/wp-json\/wp\/v2\/media?parent=5944"}],"wp:term":[{"taxonomy":"category","embeddable":true,"href":"https:\/\/apuntesdesanluis.com\/index.php\/wp-json\/wp\/v2\/categories?post=5944"},{"taxonomy":"post_tag","embeddable":true,"href":"https:\/\/apuntesdesanluis.com\/index.php\/wp-json\/wp\/v2\/tags?post=5944"}],"curies":[{"name":"wp","href":"https:\/\/api.w.org\/{rel}","templated":true}]}}