{"id":5949,"date":"2023-10-27T17:08:09","date_gmt":"2023-10-27T20:08:09","guid":{"rendered":"https:\/\/apuntesdesanluis.com\/?p=5949"},"modified":"2023-10-27T17:09:08","modified_gmt":"2023-10-27T20:09:08","slug":"los-empleados-publicos-cobran-el-martes-31-de-octubre-con-el-15-de-aumento","status":"publish","type":"post","link":"https:\/\/apuntesdesanluis.com\/index.php\/2023\/10\/27\/los-empleados-publicos-cobran-el-martes-31-de-octubre-con-el-15-de-aumento\/","title":{"rendered":"LOS EMPLEADOS P\u00daBLICOS COBRAN EL MARTES 31 DE OCTUBRE CON EL 15% DE AUMENTO"},"content":{"rendered":"<h3>Desde el Ministerio de Hacienda P\u00fablica anunciaron que el pago de los haberes a todos los empleados de la administraci\u00f3n p\u00fablica provincial ser\u00e1 el martes 31.<\/h3>\n<h3>En esta oportunidad, ser\u00e1 con el \u00faltimo incremento anunciado por el gobierno provincial.<\/h3>\n<p>&nbsp;<\/p>\n<p>&nbsp;<\/p>\n<p>&nbsp;<\/p>\n<p>&nbsp;<\/p>\n","protected":false},"excerpt":{"rendered":"<p>Desde el Ministerio de Hacienda P\u00fablica anunciaron que el pago de los haberes a todos&#8230;<\/p>\n","protected":false},"author":1,"featured_media":5950,"comment_status":"closed","ping_status":"closed","sticky":false,"template":"","format":"standard","meta":{"footnotes":""},"categories":[6],"tags":[],"class_list":["post-5949","post","type-post","status-publish","format-standard","has-post-thumbnail","hentry","category-ciudad-provincia"],"yoast_head":"<!-- This site is optimized with the Yoast SEO plugin v26.1.1 - https:\/\/yoast.com\/wordpress\/plugins\/seo\/ -->\n<title>LOS EMPLEADOS P\u00daBLICOS COBRAN EL MARTES 31 DE OCTUBRE CON EL 15% DE AUMENTO - Apuntes de San Luis<\/title>\n<meta name=\"robots\" content=\"index, follow, max-snippet:-1, max-image-preview:large, max-video-preview:-1\" \/>\n<link rel=\"canonical\" href=\"https:\/\/apuntesdesanluis.com\/index.php\/2023\/10\/27\/los-empleados-publicos-cobran-el-martes-31-de-octubre-con-el-15-de-aumento\/\" \/>\n<meta property=\"og:locale\" content=\"es_ES\" \/>\n<meta property=\"og:type\" content=\"article\" \/>\n<meta property=\"og:title\" content=\"LOS EMPLEADOS P\u00daBLICOS COBRAN EL MARTES 31 DE OCTUBRE CON EL 15% DE AUMENTO - Apuntes de San Luis\" \/>\n<meta property=\"og:description\" content=\"Desde el Ministerio de Hacienda P\u00fablica anunciaron que el pago de los haberes a todos...\" \/>\n<meta property=\"og:url\" content=\"https:\/\/apuntesdesanluis.com\/index.php\/2023\/10\/27\/los-empleados-publicos-cobran-el-martes-31-de-octubre-con-el-15-de-aumento\/\" \/>\n<meta property=\"og:site_name\" content=\"Apuntes de San Luis\" \/>\n<meta property=\"article:published_time\" content=\"2023-10-27T20:08:09+00:00\" \/>\n<meta property=\"article:modified_time\" content=\"2023-10-27T20:09:08+00:00\" \/>\n<meta property=\"og:image\" content=\"https:\/\/apuntesdesanluis.com\/wp-content\/uploads\/2023\/10\/cajero-1.png\" \/>\n\t<meta property=\"og:image:width\" content=\"600\" \/>\n\t<meta property=\"og:image:height\" content=\"351\" \/>\n\t<meta property=\"og:image:type\" content=\"image\/png\" \/>\n<meta name=\"author\" content=\"apuntesdesanluis.com\" \/>\n<meta name=\"twitter:card\" content=\"summary_large_image\" \/>\n<meta name=\"twitter:label1\" content=\"Escrito por\" \/>\n\t<meta name=\"twitter:data1\" content=\"apuntesdesanluis.com\" \/>\n\t<meta name=\"twitter:label2\" content=\"Tiempo de lectura\" \/>\n\t<meta name=\"twitter:data2\" content=\"1 minuto\" \/>\n<script type=\"application\/ld+json\" class=\"yoast-schema-graph\">{\"@context\":\"https:\/\/schema.org\",\"@graph\":[{\"@type\":\"Article\",\"@id\":\"https:\/\/apuntesdesanluis.com\/index.php\/2023\/10\/27\/los-empleados-publicos-cobran-el-martes-31-de-octubre-con-el-15-de-aumento\/#article\",\"isPartOf\":{\"@id\":\"https:\/\/apuntesdesanluis.com\/index.php\/2023\/10\/27\/los-empleados-publicos-cobran-el-martes-31-de-octubre-con-el-15-de-aumento\/\"},\"author\":{\"name\":\"apuntesdesanluis.com\",\"@id\":\"https:\/\/apuntesdesanluis.com\/#\/schema\/person\/b55151d52296fcce64d1a72538a70b90\"},\"headline\":\"LOS EMPLEADOS P\u00daBLICOS COBRAN EL MARTES 31 DE OCTUBRE CON EL 15% DE AUMENTO\",\"datePublished\":\"2023-10-27T20:08:09+00:00\",\"dateModified\":\"2023-10-27T20:09:08+00:00\",\"mainEntityOfPage\":{\"@id\":\"https:\/\/apuntesdesanluis.com\/index.php\/2023\/10\/27\/los-empleados-publicos-cobran-el-martes-31-de-octubre-con-el-15-de-aumento\/\"},\"wordCount\":58,\"publisher\":{\"@id\":\"https:\/\/apuntesdesanluis.com\/#\/schema\/person\/b55151d52296fcce64d1a72538a70b90\"},\"image\":{\"@id\":\"https:\/\/apuntesdesanluis.com\/index.php\/2023\/10\/27\/los-empleados-publicos-cobran-el-martes-31-de-octubre-con-el-15-de-aumento\/#primaryimage\"},\"thumbnailUrl\":\"https:\/\/apuntesdesanluis.com\/wp-content\/uploads\/2023\/10\/cajero-1.png\",\"articleSection\":[\"Ciudad\/Provincia\"],\"inLanguage\":\"es-AR\"},{\"@type\":\"WebPage\",\"@id\":\"https:\/\/apuntesdesanluis.com\/index.php\/2023\/10\/27\/los-empleados-publicos-cobran-el-martes-31-de-octubre-con-el-15-de-aumento\/\",\"url\":\"https:\/\/apuntesdesanluis.com\/index.php\/2023\/10\/27\/los-empleados-publicos-cobran-el-martes-31-de-octubre-con-el-15-de-aumento\/\",\"name\":\"LOS EMPLEADOS P\u00daBLICOS COBRAN EL MARTES 31 DE OCTUBRE CON EL 15% DE AUMENTO - Apuntes de San Luis\",\"isPartOf\":{\"@id\":\"https:\/\/apuntesdesanluis.com\/#website\"},\"primaryImageOfPage\":{\"@id\":\"https:\/\/apuntesdesanluis.com\/index.php\/2023\/10\/27\/los-empleados-publicos-cobran-el-martes-31-de-octubre-con-el-15-de-aumento\/#primaryimage\"},\"image\":{\"@id\":\"https:\/\/apuntesdesanluis.com\/index.php\/2023\/10\/27\/los-empleados-publicos-cobran-el-martes-31-de-octubre-con-el-15-de-aumento\/#primaryimage\"},\"thumbnailUrl\":\"https:\/\/apuntesdesanluis.com\/wp-content\/uploads\/2023\/10\/cajero-1.png\",\"datePublished\":\"2023-10-27T20:08:09+00:00\",\"dateModified\":\"2023-10-27T20:09:08+00:00\",\"breadcrumb\":{\"@id\":\"https:\/\/apuntesdesanluis.com\/index.php\/2023\/10\/27\/los-empleados-publicos-cobran-el-martes-31-de-octubre-con-el-15-de-aumento\/#breadcrumb\"},\"inLanguage\":\"es-AR\",\"potentialAction\":[{\"@type\":\"ReadAction\",\"target\":[\"https:\/\/apuntesdesanluis.com\/index.php\/2023\/10\/27\/los-empleados-publicos-cobran-el-martes-31-de-octubre-con-el-15-de-aumento\/\"]}]},{\"@type\":\"ImageObject\",\"inLanguage\":\"es-AR\",\"@id\":\"https:\/\/apuntesdesanluis.com\/index.php\/2023\/10\/27\/los-empleados-publicos-cobran-el-martes-31-de-octubre-con-el-15-de-aumento\/#primaryimage\",\"url\":\"https:\/\/apuntesdesanluis.com\/wp-content\/uploads\/2023\/10\/cajero-1.png\",\"contentUrl\":\"https:\/\/apuntesdesanluis.com\/wp-content\/uploads\/2023\/10\/cajero-1.png\",\"width\":600,\"height\":351},{\"@type\":\"BreadcrumbList\",\"@id\":\"https:\/\/apuntesdesanluis.com\/index.php\/2023\/10\/27\/los-empleados-publicos-cobran-el-martes-31-de-octubre-con-el-15-de-aumento\/#breadcrumb\",\"itemListElement\":[{\"@type\":\"ListItem\",\"position\":1,\"name\":\"Inicio\",\"item\":\"https:\/\/apuntesdesanluis.com\/\"},{\"@type\":\"ListItem\",\"position\":2,\"name\":\"LOS EMPLEADOS P\u00daBLICOS COBRAN EL MARTES 31 DE OCTUBRE CON EL 15% DE AUMENTO\"}]},{\"@type\":\"WebSite\",\"@id\":\"https:\/\/apuntesdesanluis.com\/#website\",\"url\":\"https:\/\/apuntesdesanluis.com\/\",\"name\":\"Apuntes de San Luis\",\"description\":\"\",\"publisher\":{\"@id\":\"https:\/\/apuntesdesanluis.com\/#\/schema\/person\/b55151d52296fcce64d1a72538a70b90\"},\"potentialAction\":[{\"@type\":\"SearchAction\",\"target\":{\"@type\":\"EntryPoint\",\"urlTemplate\":\"https:\/\/apuntesdesanluis.com\/?s={search_term_string}\"},\"query-input\":{\"@type\":\"PropertyValueSpecification\",\"valueRequired\":true,\"valueName\":\"search_term_string\"}}],\"inLanguage\":\"es-AR\"},{\"@type\":[\"Person\",\"Organization\"],\"@id\":\"https:\/\/apuntesdesanluis.com\/#\/schema\/person\/b55151d52296fcce64d1a72538a70b90\",\"name\":\"apuntesdesanluis.com\",\"image\":{\"@type\":\"ImageObject\",\"inLanguage\":\"es-AR\",\"@id\":\"https:\/\/apuntesdesanluis.com\/#\/schema\/person\/image\/\",\"url\":\"https:\/\/apuntesdesanluis.com\/wp-content\/uploads\/2023\/07\/cropped-apuntesdesanluis.png\",\"contentUrl\":\"https:\/\/apuntesdesanluis.com\/wp-content\/uploads\/2023\/07\/cropped-apuntesdesanluis.png\",\"width\":450,\"height\":112,\"caption\":\"apuntesdesanluis.com\"},\"logo\":{\"@id\":\"https:\/\/apuntesdesanluis.com\/#\/schema\/person\/image\/\"},\"sameAs\":[\"https:\/\/apuntesdesanluis.com\"],\"url\":\"https:\/\/apuntesdesanluis.com\/index.php\/author\/apuntesdesanluis-com\/\"}]}<\/script>\n<!-- \/ Yoast SEO plugin. -->","yoast_head_json":{"title":"LOS EMPLEADOS P\u00daBLICOS COBRAN EL MARTES 31 DE OCTUBRE CON EL 15% DE AUMENTO - Apuntes de San Luis","robots":{"index":"index","follow":"follow","max-snippet":"max-snippet:-1","max-image-preview":"max-image-preview:large","max-video-preview":"max-video-preview:-1"},"canonical":"https:\/\/apuntesdesanluis.com\/index.php\/2023\/10\/27\/los-empleados-publicos-cobran-el-martes-31-de-octubre-con-el-15-de-aumento\/","og_locale":"es_ES","og_type":"article","og_title":"LOS EMPLEADOS P\u00daBLICOS COBRAN EL MARTES 31 DE OCTUBRE CON EL 15% DE AUMENTO - Apuntes de San Luis","og_description":"Desde el Ministerio de Hacienda P\u00fablica anunciaron que el pago de los haberes a todos...","og_url":"https:\/\/apuntesdesanluis.com\/index.php\/2023\/10\/27\/los-empleados-publicos-cobran-el-martes-31-de-octubre-con-el-15-de-aumento\/","og_site_name":"Apuntes de San Luis","article_published_time":"2023-10-27T20:08:09+00:00","article_modified_time":"2023-10-27T20:09:08+00:00","og_image":[{"width":600,"height":351,"url":"https:\/\/apuntesdesanluis.com\/wp-content\/uploads\/2023\/10\/cajero-1.png","type":"image\/png"}],"author":"apuntesdesanluis.com","twitter_card":"summary_large_image","twitter_misc":{"Escrito por":"apuntesdesanluis.com","Tiempo de lectura":"1 minuto"},"schema":{"@context":"https:\/\/schema.org","@graph":[{"@type":"Article","@id":"https:\/\/apuntesdesanluis.com\/index.php\/2023\/10\/27\/los-empleados-publicos-cobran-el-martes-31-de-octubre-con-el-15-de-aumento\/#article","isPartOf":{"@id":"https:\/\/apuntesdesanluis.com\/index.php\/2023\/10\/27\/los-empleados-publicos-cobran-el-martes-31-de-octubre-con-el-15-de-aumento\/"},"author":{"name":"apuntesdesanluis.com","@id":"https:\/\/apuntesdesanluis.com\/#\/schema\/person\/b55151d52296fcce64d1a72538a70b90"},"headline":"LOS EMPLEADOS P\u00daBLICOS COBRAN EL MARTES 31 DE OCTUBRE CON EL 15% DE AUMENTO","datePublished":"2023-10-27T20:08:09+00:00","dateModified":"2023-10-27T20:09:08+00:00","mainEntityOfPage":{"@id":"https:\/\/apuntesdesanluis.com\/index.php\/2023\/10\/27\/los-empleados-publicos-cobran-el-martes-31-de-octubre-con-el-15-de-aumento\/"},"wordCount":58,"publisher":{"@id":"https:\/\/apuntesdesanluis.com\/#\/schema\/person\/b55151d52296fcce64d1a72538a70b90"},"image":{"@id":"https:\/\/apuntesdesanluis.com\/index.php\/2023\/10\/27\/los-empleados-publicos-cobran-el-martes-31-de-octubre-con-el-15-de-aumento\/#primaryimage"},"thumbnailUrl":"https:\/\/apuntesdesanluis.com\/wp-content\/uploads\/2023\/10\/cajero-1.png","articleSection":["Ciudad\/Provincia"],"inLanguage":"es-AR"},{"@type":"WebPage","@id":"https:\/\/apuntesdesanluis.com\/index.php\/2023\/10\/27\/los-empleados-publicos-cobran-el-martes-31-de-octubre-con-el-15-de-aumento\/","url":"https:\/\/apuntesdesanluis.com\/index.php\/2023\/10\/27\/los-empleados-publicos-cobran-el-martes-31-de-octubre-con-el-15-de-aumento\/","name":"LOS EMPLEADOS P\u00daBLICOS COBRAN EL MARTES 31 DE OCTUBRE CON EL 15% DE AUMENTO - Apuntes de San Luis","isPartOf":{"@id":"https:\/\/apuntesdesanluis.com\/#website"},"primaryImageOfPage":{"@id":"https:\/\/apuntesdesanluis.com\/index.php\/2023\/10\/27\/los-empleados-publicos-cobran-el-martes-31-de-octubre-con-el-15-de-aumento\/#primaryimage"},"image":{"@id":"https:\/\/apuntesdesanluis.com\/index.php\/2023\/10\/27\/los-empleados-publicos-cobran-el-martes-31-de-octubre-con-el-15-de-aumento\/#primaryimage"},"thumbnailUrl":"https:\/\/apuntesdesanluis.com\/wp-content\/uploads\/2023\/10\/cajero-1.png","datePublished":"2023-10-27T20:08:09+00:00","dateModified":"2023-10-27T20:09:08+00:00","breadcrumb":{"@id":"https:\/\/apuntesdesanluis.com\/index.php\/2023\/10\/27\/los-empleados-publicos-cobran-el-martes-31-de-octubre-con-el-15-de-aumento\/#breadcrumb"},"inLanguage":"es-AR","potentialAction":[{"@type":"ReadAction","target":["https:\/\/apuntesdesanluis.com\/index.php\/2023\/10\/27\/los-empleados-publicos-cobran-el-martes-31-de-octubre-con-el-15-de-aumento\/"]}]},{"@type":"ImageObject","inLanguage":"es-AR","@id":"https:\/\/apuntesdesanluis.com\/index.php\/2023\/10\/27\/los-empleados-publicos-cobran-el-martes-31-de-octubre-con-el-15-de-aumento\/#primaryimage","url":"https:\/\/apuntesdesanluis.com\/wp-content\/uploads\/2023\/10\/cajero-1.png","contentUrl":"https:\/\/apuntesdesanluis.com\/wp-content\/uploads\/2023\/10\/cajero-1.png","width":600,"height":351},{"@type":"BreadcrumbList","@id":"https:\/\/apuntesdesanluis.com\/index.php\/2023\/10\/27\/los-empleados-publicos-cobran-el-martes-31-de-octubre-con-el-15-de-aumento\/#breadcrumb","itemListElement":[{"@type":"ListItem","position":1,"name":"Inicio","item":"https:\/\/apuntesdesanluis.com\/"},{"@type":"ListItem","position":2,"name":"LOS EMPLEADOS P\u00daBLICOS COBRAN EL MARTES 31 DE OCTUBRE CON EL 15% DE AUMENTO"}]},{"@type":"WebSite","@id":"https:\/\/apuntesdesanluis.com\/#website","url":"https:\/\/apuntesdesanluis.com\/","name":"Apuntes de San Luis","description":"","publisher":{"@id":"https:\/\/apuntesdesanluis.com\/#\/schema\/person\/b55151d52296fcce64d1a72538a70b90"},"potentialAction":[{"@type":"SearchAction","target":{"@type":"EntryPoint","urlTemplate":"https:\/\/apuntesdesanluis.com\/?s={search_term_string}"},"query-input":{"@type":"PropertyValueSpecification","valueRequired":true,"valueName":"search_term_string"}}],"inLanguage":"es-AR"},{"@type":["Person","Organization"],"@id":"https:\/\/apuntesdesanluis.com\/#\/schema\/person\/b55151d52296fcce64d1a72538a70b90","name":"apuntesdesanluis.com","image":{"@type":"ImageObject","inLanguage":"es-AR","@id":"https:\/\/apuntesdesanluis.com\/#\/schema\/person\/image\/","url":"https:\/\/apuntesdesanluis.com\/wp-content\/uploads\/2023\/07\/cropped-apuntesdesanluis.png","contentUrl":"https:\/\/apuntesdesanluis.com\/wp-content\/uploads\/2023\/07\/cropped-apuntesdesanluis.png","width":450,"height":112,"caption":"apuntesdesanluis.com"},"logo":{"@id":"https:\/\/apuntesdesanluis.com\/#\/schema\/person\/image\/"},"sameAs":["https:\/\/apuntesdesanluis.com"],"url":"https:\/\/apuntesdesanluis.com\/index.php\/author\/apuntesdesanluis-com\/"}]}},"featured_image_urls":{"full":["https:\/\/apuntesdesanluis.com\/wp-content\/uploads\/2023\/10\/cajero-1.png",600,351,false],"thumbnail":["https:\/\/apuntesdesanluis.com\/wp-content\/uploads\/2023\/10\/cajero-1-150x150.png",150,150,true],"medium":["https:\/\/apuntesdesanluis.com\/wp-content\/uploads\/2023\/10\/cajero-1-300x176.png",300,176,true],"medium_large":["https:\/\/apuntesdesanluis.com\/wp-content\/uploads\/2023\/10\/cajero-1.png",600,351,false],"large":["https:\/\/apuntesdesanluis.com\/wp-content\/uploads\/2023\/10\/cajero-1.png",600,351,false],"1536x1536":["https:\/\/apuntesdesanluis.com\/wp-content\/uploads\/2023\/10\/cajero-1.png",600,351,false],"2048x2048":["https:\/\/apuntesdesanluis.com\/wp-content\/uploads\/2023\/10\/cajero-1.png",600,351,false],"newsever-slider-full":["https:\/\/apuntesdesanluis.com\/wp-content\/uploads\/2023\/10\/cajero-1.png",600,351,false],"newsever-featured":["https:\/\/apuntesdesanluis.com\/wp-content\/uploads\/2023\/10\/cajero-1.png",600,351,false],"newsever-medium":["https:\/\/apuntesdesanluis.com\/wp-content\/uploads\/2023\/10\/cajero-1.png",600,351,false]},"author_info":{"display_name":"apuntesdesanluis.com","author_link":"https:\/\/apuntesdesanluis.com\/index.php\/author\/apuntesdesanluis-com\/"},"category_info":"<a href=\"https:\/\/apuntesdesanluis.com\/index.php\/category\/ciudad-provincia\/\" rel=\"category tag\">Ciudad\/Provincia<\/a>","tag_info":"Ciudad\/Provincia","comment_count":"0","_links":{"self":[{"href":"https:\/\/apuntesdesanluis.com\/index.php\/wp-json\/wp\/v2\/posts\/5949","targetHints":{"allow":["GET"]}}],"collection":[{"href":"https:\/\/apuntesdesanluis.com\/index.php\/wp-json\/wp\/v2\/posts"}],"about":[{"href":"https:\/\/apuntesdesanluis.com\/index.php\/wp-json\/wp\/v2\/types\/post"}],"author":[{"embeddable":true,"href":"https:\/\/apuntesdesanluis.com\/index.php\/wp-json\/wp\/v2\/users\/1"}],"replies":[{"embeddable":true,"href":"https:\/\/apuntesdesanluis.com\/index.php\/wp-json\/wp\/v2\/comments?post=5949"}],"version-history":[{"count":2,"href":"https:\/\/apuntesdesanluis.com\/index.php\/wp-json\/wp\/v2\/posts\/5949\/revisions"}],"predecessor-version":[{"id":5952,"href":"https:\/\/apuntesdesanluis.com\/index.php\/wp-json\/wp\/v2\/posts\/5949\/revisions\/5952"}],"wp:featuredmedia":[{"embeddable":true,"href":"https:\/\/apuntesdesanluis.com\/index.php\/wp-json\/wp\/v2\/media\/5950"}],"wp:attachment":[{"href":"https:\/\/apuntesdesanluis.com\/index.php\/wp-json\/wp\/v2\/media?parent=5949"}],"wp:term":[{"taxonomy":"category","embeddable":true,"href":"https:\/\/apuntesdesanluis.com\/index.php\/wp-json\/wp\/v2\/categories?post=5949"},{"taxonomy":"post_tag","embeddable":true,"href":"https:\/\/apuntesdesanluis.com\/index.php\/wp-json\/wp\/v2\/tags?post=5949"}],"curies":[{"name":"wp","href":"https:\/\/api.w.org\/{rel}","templated":true}]}}