{"id":5953,"date":"2023-10-27T17:21:01","date_gmt":"2023-10-27T20:21:01","guid":{"rendered":"https:\/\/apuntesdesanluis.com\/?p=5953"},"modified":"2023-10-27T17:21:01","modified_gmt":"2023-10-27T20:21:01","slug":"prision-preventiva-para-un-hombre-imputado-por-robo-con-arma-de-fuego","status":"publish","type":"post","link":"https:\/\/apuntesdesanluis.com\/index.php\/2023\/10\/27\/prision-preventiva-para-un-hombre-imputado-por-robo-con-arma-de-fuego\/","title":{"rendered":"PRISI\u00d3N PREVENTIVA PARA UN HOMBRE IMPUTADO POR ROBO CON ARMA DE FUEGO"},"content":{"rendered":"<h3>En una audiencia que se celebr\u00f3 en la ma\u00f1ana de este viernes, el Dr. Santiago Ortiz dispuso el traslado al Servicio Penitenciario Provincial.<\/h3>\n<h3>Este viernes se venci\u00f3 la pr\u00f3rroga de detenci\u00f3n para un imputado por el delito de robo calificado por la utilizaci\u00f3n de arma de fuego. En la audiencia se analiz\u00f3 sobre la medida de coerci\u00f3n.<\/h3>\n<h3>Intervino por la defensa del imputado el Dr. V\u00edctor Villegas, quien expuso su teor\u00eda del caso, dijo que la evidencia en relaci\u00f3n al desapoderamiento del celular es poco clara y pidi\u00f3 el cambio de calificaci\u00f3n legal.<\/h3>\n<h3>Particip\u00f3 en representaci\u00f3n del Ministerio P\u00fablico Fiscal el Dr. Maximiliano Bazla. Como Juez Subrogante en el Juzgado de Garant\u00edas N\u00ba 2,\u00a0 el Dr. Santiago Ortiz y como secretario, el Dr. Ignacio Esquerr\u00e9.<\/h3>\n<h3>Por su parte, el representante del Ministerio P\u00fablico Fiscal expuso que la existencia del hecho est\u00e1 acreditada, que el imputado efectivamente se apoder\u00f3 del tel\u00e9fono y dispar\u00f3. Solicit\u00f3 la prisi\u00f3n preventiva por el t\u00e9rmino de cuatro meses.<\/h3>\n<h3>Mientras que la defensa, dijo que no hay posibilidad de obstaculizar el proceso ni peligro para testigos. Mencion\u00f3 algunas cuestiones de salud del imputado, destac\u00f3 que no tiene antecedentes penales y que tiene arraigo en la ciudad y solicit\u00f3 prisi\u00f3n domiciliaria. El fiscal, Dr. Bazla, se opuso a lo planteado por la defensa y asegur\u00f3 que los riesgos procesales son altos.<\/h3>\n<h3>Luego de escuchar a las partes, el juez ratific\u00f3 los cargos formulados en la audiencia de fecha 20 de octubre y dispuso que el imputado deber\u00e1 cumplir cuatro meses de prisi\u00f3n preventiva, ordenando su inmediato traslado al Servicio Penitenciario Provincial.<\/h3>\n<h3>El hecho sucedi\u00f3 el\u00a0 pasado 18 de octubre a las 20:15 hs aproximadamente en el ingreso al Barrio Familia Unida -calle Intendente Almada-. En esa oportunidad, el imputado se trasladaba como acompa\u00f1ante en una motocicleta y es all\u00ed cuando interceptaron a dos personas que iban a bordo de una bicicleta, les exigieron que les entregaran sus pertenencias, se produjo un forcejeo y una oposici\u00f3n de los damnificados en brindarles los objetos que llevaban. Motivo por el cual, el imputado extrajo un arma de fuego y dispar\u00f3 a una de las v\u00edctimas en la pierna izquierda, produci\u00e9ndole lesiones leves.<\/h3>\n<h3>Luego, uno de los damnificados corri\u00f3 a pedir auxilio y el imputado junto a la otra persona se dieron a la fuga, llev\u00e1ndose un celular.<\/h3>\n<p>&nbsp;<\/p>\n<p>&nbsp;<\/p>\n<p>&nbsp;<\/p>\n<p>&nbsp;<\/p>\n<p>&nbsp;<\/p>\n<p>&nbsp;<\/p>\n","protected":false},"excerpt":{"rendered":"<p>En una audiencia que se celebr\u00f3 en la ma\u00f1ana de este viernes, el Dr. Santiago&#8230;<\/p>\n","protected":false},"author":1,"featured_media":5954,"comment_status":"closed","ping_status":"closed","sticky":false,"template":"","format":"standard","meta":{"footnotes":""},"categories":[6],"tags":[],"class_list":["post-5953","post","type-post","status-publish","format-standard","has-post-thumbnail","hentry","category-ciudad-provincia"],"yoast_head":"<!-- This site is optimized with the Yoast SEO plugin v26.1.1 - https:\/\/yoast.com\/wordpress\/plugins\/seo\/ -->\n<title>PRISI\u00d3N PREVENTIVA PARA UN HOMBRE IMPUTADO POR ROBO CON ARMA DE FUEGO - Apuntes de San Luis<\/title>\n<meta name=\"robots\" content=\"index, follow, max-snippet:-1, max-image-preview:large, max-video-preview:-1\" \/>\n<link rel=\"canonical\" href=\"https:\/\/apuntesdesanluis.com\/index.php\/2023\/10\/27\/prision-preventiva-para-un-hombre-imputado-por-robo-con-arma-de-fuego\/\" \/>\n<meta property=\"og:locale\" content=\"es_ES\" \/>\n<meta property=\"og:type\" content=\"article\" \/>\n<meta property=\"og:title\" content=\"PRISI\u00d3N PREVENTIVA PARA UN HOMBRE IMPUTADO POR ROBO CON ARMA DE FUEGO - Apuntes de San Luis\" \/>\n<meta property=\"og:description\" content=\"En una audiencia que se celebr\u00f3 en la ma\u00f1ana de este viernes, el Dr. Santiago...\" \/>\n<meta property=\"og:url\" content=\"https:\/\/apuntesdesanluis.com\/index.php\/2023\/10\/27\/prision-preventiva-para-un-hombre-imputado-por-robo-con-arma-de-fuego\/\" \/>\n<meta property=\"og:site_name\" content=\"Apuntes de San Luis\" \/>\n<meta property=\"article:published_time\" content=\"2023-10-27T20:21:01+00:00\" \/>\n<meta property=\"og:image\" content=\"https:\/\/apuntesdesanluis.com\/wp-content\/uploads\/2023\/10\/audiencia-6.png\" \/>\n\t<meta property=\"og:image:width\" content=\"600\" \/>\n\t<meta property=\"og:image:height\" content=\"350\" \/>\n\t<meta property=\"og:image:type\" content=\"image\/png\" \/>\n<meta name=\"author\" content=\"apuntesdesanluis.com\" \/>\n<meta name=\"twitter:card\" content=\"summary_large_image\" \/>\n<meta name=\"twitter:label1\" content=\"Escrito por\" \/>\n\t<meta name=\"twitter:data1\" content=\"apuntesdesanluis.com\" \/>\n\t<meta name=\"twitter:label2\" content=\"Tiempo de lectura\" \/>\n\t<meta name=\"twitter:data2\" content=\"2 minutos\" \/>\n<script type=\"application\/ld+json\" class=\"yoast-schema-graph\">{\"@context\":\"https:\/\/schema.org\",\"@graph\":[{\"@type\":\"Article\",\"@id\":\"https:\/\/apuntesdesanluis.com\/index.php\/2023\/10\/27\/prision-preventiva-para-un-hombre-imputado-por-robo-con-arma-de-fuego\/#article\",\"isPartOf\":{\"@id\":\"https:\/\/apuntesdesanluis.com\/index.php\/2023\/10\/27\/prision-preventiva-para-un-hombre-imputado-por-robo-con-arma-de-fuego\/\"},\"author\":{\"name\":\"apuntesdesanluis.com\",\"@id\":\"https:\/\/apuntesdesanluis.com\/#\/schema\/person\/b55151d52296fcce64d1a72538a70b90\"},\"headline\":\"PRISI\u00d3N PREVENTIVA PARA UN HOMBRE IMPUTADO POR ROBO CON ARMA DE FUEGO\",\"datePublished\":\"2023-10-27T20:21:01+00:00\",\"mainEntityOfPage\":{\"@id\":\"https:\/\/apuntesdesanluis.com\/index.php\/2023\/10\/27\/prision-preventiva-para-un-hombre-imputado-por-robo-con-arma-de-fuego\/\"},\"wordCount\":424,\"publisher\":{\"@id\":\"https:\/\/apuntesdesanluis.com\/#\/schema\/person\/b55151d52296fcce64d1a72538a70b90\"},\"image\":{\"@id\":\"https:\/\/apuntesdesanluis.com\/index.php\/2023\/10\/27\/prision-preventiva-para-un-hombre-imputado-por-robo-con-arma-de-fuego\/#primaryimage\"},\"thumbnailUrl\":\"https:\/\/apuntesdesanluis.com\/wp-content\/uploads\/2023\/10\/audiencia-6.png\",\"articleSection\":[\"Ciudad\/Provincia\"],\"inLanguage\":\"es-AR\"},{\"@type\":\"WebPage\",\"@id\":\"https:\/\/apuntesdesanluis.com\/index.php\/2023\/10\/27\/prision-preventiva-para-un-hombre-imputado-por-robo-con-arma-de-fuego\/\",\"url\":\"https:\/\/apuntesdesanluis.com\/index.php\/2023\/10\/27\/prision-preventiva-para-un-hombre-imputado-por-robo-con-arma-de-fuego\/\",\"name\":\"PRISI\u00d3N PREVENTIVA PARA UN HOMBRE IMPUTADO POR ROBO CON ARMA DE FUEGO - Apuntes de San Luis\",\"isPartOf\":{\"@id\":\"https:\/\/apuntesdesanluis.com\/#website\"},\"primaryImageOfPage\":{\"@id\":\"https:\/\/apuntesdesanluis.com\/index.php\/2023\/10\/27\/prision-preventiva-para-un-hombre-imputado-por-robo-con-arma-de-fuego\/#primaryimage\"},\"image\":{\"@id\":\"https:\/\/apuntesdesanluis.com\/index.php\/2023\/10\/27\/prision-preventiva-para-un-hombre-imputado-por-robo-con-arma-de-fuego\/#primaryimage\"},\"thumbnailUrl\":\"https:\/\/apuntesdesanluis.com\/wp-content\/uploads\/2023\/10\/audiencia-6.png\",\"datePublished\":\"2023-10-27T20:21:01+00:00\",\"breadcrumb\":{\"@id\":\"https:\/\/apuntesdesanluis.com\/index.php\/2023\/10\/27\/prision-preventiva-para-un-hombre-imputado-por-robo-con-arma-de-fuego\/#breadcrumb\"},\"inLanguage\":\"es-AR\",\"potentialAction\":[{\"@type\":\"ReadAction\",\"target\":[\"https:\/\/apuntesdesanluis.com\/index.php\/2023\/10\/27\/prision-preventiva-para-un-hombre-imputado-por-robo-con-arma-de-fuego\/\"]}]},{\"@type\":\"ImageObject\",\"inLanguage\":\"es-AR\",\"@id\":\"https:\/\/apuntesdesanluis.com\/index.php\/2023\/10\/27\/prision-preventiva-para-un-hombre-imputado-por-robo-con-arma-de-fuego\/#primaryimage\",\"url\":\"https:\/\/apuntesdesanluis.com\/wp-content\/uploads\/2023\/10\/audiencia-6.png\",\"contentUrl\":\"https:\/\/apuntesdesanluis.com\/wp-content\/uploads\/2023\/10\/audiencia-6.png\",\"width\":600,\"height\":350},{\"@type\":\"BreadcrumbList\",\"@id\":\"https:\/\/apuntesdesanluis.com\/index.php\/2023\/10\/27\/prision-preventiva-para-un-hombre-imputado-por-robo-con-arma-de-fuego\/#breadcrumb\",\"itemListElement\":[{\"@type\":\"ListItem\",\"position\":1,\"name\":\"Inicio\",\"item\":\"https:\/\/apuntesdesanluis.com\/\"},{\"@type\":\"ListItem\",\"position\":2,\"name\":\"PRISI\u00d3N PREVENTIVA PARA UN HOMBRE IMPUTADO POR ROBO CON ARMA DE FUEGO\"}]},{\"@type\":\"WebSite\",\"@id\":\"https:\/\/apuntesdesanluis.com\/#website\",\"url\":\"https:\/\/apuntesdesanluis.com\/\",\"name\":\"Apuntes de San Luis\",\"description\":\"\",\"publisher\":{\"@id\":\"https:\/\/apuntesdesanluis.com\/#\/schema\/person\/b55151d52296fcce64d1a72538a70b90\"},\"potentialAction\":[{\"@type\":\"SearchAction\",\"target\":{\"@type\":\"EntryPoint\",\"urlTemplate\":\"https:\/\/apuntesdesanluis.com\/?s={search_term_string}\"},\"query-input\":{\"@type\":\"PropertyValueSpecification\",\"valueRequired\":true,\"valueName\":\"search_term_string\"}}],\"inLanguage\":\"es-AR\"},{\"@type\":[\"Person\",\"Organization\"],\"@id\":\"https:\/\/apuntesdesanluis.com\/#\/schema\/person\/b55151d52296fcce64d1a72538a70b90\",\"name\":\"apuntesdesanluis.com\",\"image\":{\"@type\":\"ImageObject\",\"inLanguage\":\"es-AR\",\"@id\":\"https:\/\/apuntesdesanluis.com\/#\/schema\/person\/image\/\",\"url\":\"https:\/\/apuntesdesanluis.com\/wp-content\/uploads\/2023\/07\/cropped-apuntesdesanluis.png\",\"contentUrl\":\"https:\/\/apuntesdesanluis.com\/wp-content\/uploads\/2023\/07\/cropped-apuntesdesanluis.png\",\"width\":450,\"height\":112,\"caption\":\"apuntesdesanluis.com\"},\"logo\":{\"@id\":\"https:\/\/apuntesdesanluis.com\/#\/schema\/person\/image\/\"},\"sameAs\":[\"https:\/\/apuntesdesanluis.com\"],\"url\":\"https:\/\/apuntesdesanluis.com\/index.php\/author\/apuntesdesanluis-com\/\"}]}<\/script>\n<!-- \/ Yoast SEO plugin. -->","yoast_head_json":{"title":"PRISI\u00d3N PREVENTIVA PARA UN HOMBRE IMPUTADO POR ROBO CON ARMA DE FUEGO - Apuntes de San Luis","robots":{"index":"index","follow":"follow","max-snippet":"max-snippet:-1","max-image-preview":"max-image-preview:large","max-video-preview":"max-video-preview:-1"},"canonical":"https:\/\/apuntesdesanluis.com\/index.php\/2023\/10\/27\/prision-preventiva-para-un-hombre-imputado-por-robo-con-arma-de-fuego\/","og_locale":"es_ES","og_type":"article","og_title":"PRISI\u00d3N PREVENTIVA PARA UN HOMBRE IMPUTADO POR ROBO CON ARMA DE FUEGO - Apuntes de San Luis","og_description":"En una audiencia que se celebr\u00f3 en la ma\u00f1ana de este viernes, el Dr. Santiago...","og_url":"https:\/\/apuntesdesanluis.com\/index.php\/2023\/10\/27\/prision-preventiva-para-un-hombre-imputado-por-robo-con-arma-de-fuego\/","og_site_name":"Apuntes de San Luis","article_published_time":"2023-10-27T20:21:01+00:00","og_image":[{"width":600,"height":350,"url":"https:\/\/apuntesdesanluis.com\/wp-content\/uploads\/2023\/10\/audiencia-6.png","type":"image\/png"}],"author":"apuntesdesanluis.com","twitter_card":"summary_large_image","twitter_misc":{"Escrito por":"apuntesdesanluis.com","Tiempo de lectura":"2 minutos"},"schema":{"@context":"https:\/\/schema.org","@graph":[{"@type":"Article","@id":"https:\/\/apuntesdesanluis.com\/index.php\/2023\/10\/27\/prision-preventiva-para-un-hombre-imputado-por-robo-con-arma-de-fuego\/#article","isPartOf":{"@id":"https:\/\/apuntesdesanluis.com\/index.php\/2023\/10\/27\/prision-preventiva-para-un-hombre-imputado-por-robo-con-arma-de-fuego\/"},"author":{"name":"apuntesdesanluis.com","@id":"https:\/\/apuntesdesanluis.com\/#\/schema\/person\/b55151d52296fcce64d1a72538a70b90"},"headline":"PRISI\u00d3N PREVENTIVA PARA UN HOMBRE IMPUTADO POR ROBO CON ARMA DE FUEGO","datePublished":"2023-10-27T20:21:01+00:00","mainEntityOfPage":{"@id":"https:\/\/apuntesdesanluis.com\/index.php\/2023\/10\/27\/prision-preventiva-para-un-hombre-imputado-por-robo-con-arma-de-fuego\/"},"wordCount":424,"publisher":{"@id":"https:\/\/apuntesdesanluis.com\/#\/schema\/person\/b55151d52296fcce64d1a72538a70b90"},"image":{"@id":"https:\/\/apuntesdesanluis.com\/index.php\/2023\/10\/27\/prision-preventiva-para-un-hombre-imputado-por-robo-con-arma-de-fuego\/#primaryimage"},"thumbnailUrl":"https:\/\/apuntesdesanluis.com\/wp-content\/uploads\/2023\/10\/audiencia-6.png","articleSection":["Ciudad\/Provincia"],"inLanguage":"es-AR"},{"@type":"WebPage","@id":"https:\/\/apuntesdesanluis.com\/index.php\/2023\/10\/27\/prision-preventiva-para-un-hombre-imputado-por-robo-con-arma-de-fuego\/","url":"https:\/\/apuntesdesanluis.com\/index.php\/2023\/10\/27\/prision-preventiva-para-un-hombre-imputado-por-robo-con-arma-de-fuego\/","name":"PRISI\u00d3N PREVENTIVA PARA UN HOMBRE IMPUTADO POR ROBO CON ARMA DE FUEGO - Apuntes de San Luis","isPartOf":{"@id":"https:\/\/apuntesdesanluis.com\/#website"},"primaryImageOfPage":{"@id":"https:\/\/apuntesdesanluis.com\/index.php\/2023\/10\/27\/prision-preventiva-para-un-hombre-imputado-por-robo-con-arma-de-fuego\/#primaryimage"},"image":{"@id":"https:\/\/apuntesdesanluis.com\/index.php\/2023\/10\/27\/prision-preventiva-para-un-hombre-imputado-por-robo-con-arma-de-fuego\/#primaryimage"},"thumbnailUrl":"https:\/\/apuntesdesanluis.com\/wp-content\/uploads\/2023\/10\/audiencia-6.png","datePublished":"2023-10-27T20:21:01+00:00","breadcrumb":{"@id":"https:\/\/apuntesdesanluis.com\/index.php\/2023\/10\/27\/prision-preventiva-para-un-hombre-imputado-por-robo-con-arma-de-fuego\/#breadcrumb"},"inLanguage":"es-AR","potentialAction":[{"@type":"ReadAction","target":["https:\/\/apuntesdesanluis.com\/index.php\/2023\/10\/27\/prision-preventiva-para-un-hombre-imputado-por-robo-con-arma-de-fuego\/"]}]},{"@type":"ImageObject","inLanguage":"es-AR","@id":"https:\/\/apuntesdesanluis.com\/index.php\/2023\/10\/27\/prision-preventiva-para-un-hombre-imputado-por-robo-con-arma-de-fuego\/#primaryimage","url":"https:\/\/apuntesdesanluis.com\/wp-content\/uploads\/2023\/10\/audiencia-6.png","contentUrl":"https:\/\/apuntesdesanluis.com\/wp-content\/uploads\/2023\/10\/audiencia-6.png","width":600,"height":350},{"@type":"BreadcrumbList","@id":"https:\/\/apuntesdesanluis.com\/index.php\/2023\/10\/27\/prision-preventiva-para-un-hombre-imputado-por-robo-con-arma-de-fuego\/#breadcrumb","itemListElement":[{"@type":"ListItem","position":1,"name":"Inicio","item":"https:\/\/apuntesdesanluis.com\/"},{"@type":"ListItem","position":2,"name":"PRISI\u00d3N PREVENTIVA PARA UN HOMBRE IMPUTADO POR ROBO CON ARMA DE FUEGO"}]},{"@type":"WebSite","@id":"https:\/\/apuntesdesanluis.com\/#website","url":"https:\/\/apuntesdesanluis.com\/","name":"Apuntes de San Luis","description":"","publisher":{"@id":"https:\/\/apuntesdesanluis.com\/#\/schema\/person\/b55151d52296fcce64d1a72538a70b90"},"potentialAction":[{"@type":"SearchAction","target":{"@type":"EntryPoint","urlTemplate":"https:\/\/apuntesdesanluis.com\/?s={search_term_string}"},"query-input":{"@type":"PropertyValueSpecification","valueRequired":true,"valueName":"search_term_string"}}],"inLanguage":"es-AR"},{"@type":["Person","Organization"],"@id":"https:\/\/apuntesdesanluis.com\/#\/schema\/person\/b55151d52296fcce64d1a72538a70b90","name":"apuntesdesanluis.com","image":{"@type":"ImageObject","inLanguage":"es-AR","@id":"https:\/\/apuntesdesanluis.com\/#\/schema\/person\/image\/","url":"https:\/\/apuntesdesanluis.com\/wp-content\/uploads\/2023\/07\/cropped-apuntesdesanluis.png","contentUrl":"https:\/\/apuntesdesanluis.com\/wp-content\/uploads\/2023\/07\/cropped-apuntesdesanluis.png","width":450,"height":112,"caption":"apuntesdesanluis.com"},"logo":{"@id":"https:\/\/apuntesdesanluis.com\/#\/schema\/person\/image\/"},"sameAs":["https:\/\/apuntesdesanluis.com"],"url":"https:\/\/apuntesdesanluis.com\/index.php\/author\/apuntesdesanluis-com\/"}]}},"featured_image_urls":{"full":["https:\/\/apuntesdesanluis.com\/wp-content\/uploads\/2023\/10\/audiencia-6.png",600,350,false],"thumbnail":["https:\/\/apuntesdesanluis.com\/wp-content\/uploads\/2023\/10\/audiencia-6-150x150.png",150,150,true],"medium":["https:\/\/apuntesdesanluis.com\/wp-content\/uploads\/2023\/10\/audiencia-6-300x175.png",300,175,true],"medium_large":["https:\/\/apuntesdesanluis.com\/wp-content\/uploads\/2023\/10\/audiencia-6.png",600,350,false],"large":["https:\/\/apuntesdesanluis.com\/wp-content\/uploads\/2023\/10\/audiencia-6.png",600,350,false],"1536x1536":["https:\/\/apuntesdesanluis.com\/wp-content\/uploads\/2023\/10\/audiencia-6.png",600,350,false],"2048x2048":["https:\/\/apuntesdesanluis.com\/wp-content\/uploads\/2023\/10\/audiencia-6.png",600,350,false],"newsever-slider-full":["https:\/\/apuntesdesanluis.com\/wp-content\/uploads\/2023\/10\/audiencia-6.png",600,350,false],"newsever-featured":["https:\/\/apuntesdesanluis.com\/wp-content\/uploads\/2023\/10\/audiencia-6.png",600,350,false],"newsever-medium":["https:\/\/apuntesdesanluis.com\/wp-content\/uploads\/2023\/10\/audiencia-6.png",600,350,false]},"author_info":{"display_name":"apuntesdesanluis.com","author_link":"https:\/\/apuntesdesanluis.com\/index.php\/author\/apuntesdesanluis-com\/"},"category_info":"<a href=\"https:\/\/apuntesdesanluis.com\/index.php\/category\/ciudad-provincia\/\" rel=\"category tag\">Ciudad\/Provincia<\/a>","tag_info":"Ciudad\/Provincia","comment_count":"0","_links":{"self":[{"href":"https:\/\/apuntesdesanluis.com\/index.php\/wp-json\/wp\/v2\/posts\/5953","targetHints":{"allow":["GET"]}}],"collection":[{"href":"https:\/\/apuntesdesanluis.com\/index.php\/wp-json\/wp\/v2\/posts"}],"about":[{"href":"https:\/\/apuntesdesanluis.com\/index.php\/wp-json\/wp\/v2\/types\/post"}],"author":[{"embeddable":true,"href":"https:\/\/apuntesdesanluis.com\/index.php\/wp-json\/wp\/v2\/users\/1"}],"replies":[{"embeddable":true,"href":"https:\/\/apuntesdesanluis.com\/index.php\/wp-json\/wp\/v2\/comments?post=5953"}],"version-history":[{"count":1,"href":"https:\/\/apuntesdesanluis.com\/index.php\/wp-json\/wp\/v2\/posts\/5953\/revisions"}],"predecessor-version":[{"id":5955,"href":"https:\/\/apuntesdesanluis.com\/index.php\/wp-json\/wp\/v2\/posts\/5953\/revisions\/5955"}],"wp:featuredmedia":[{"embeddable":true,"href":"https:\/\/apuntesdesanluis.com\/index.php\/wp-json\/wp\/v2\/media\/5954"}],"wp:attachment":[{"href":"https:\/\/apuntesdesanluis.com\/index.php\/wp-json\/wp\/v2\/media?parent=5953"}],"wp:term":[{"taxonomy":"category","embeddable":true,"href":"https:\/\/apuntesdesanluis.com\/index.php\/wp-json\/wp\/v2\/categories?post=5953"},{"taxonomy":"post_tag","embeddable":true,"href":"https:\/\/apuntesdesanluis.com\/index.php\/wp-json\/wp\/v2\/tags?post=5953"}],"curies":[{"name":"wp","href":"https:\/\/api.w.org\/{rel}","templated":true}]}}