{"id":5965,"date":"2023-10-27T15:39:30","date_gmt":"2023-10-27T18:39:30","guid":{"rendered":"https:\/\/apuntesdesanluis.com\/?p=5965"},"modified":"2023-10-27T18:40:15","modified_gmt":"2023-10-27T21:40:15","slug":"macri-acuso-al-radicalismo-de-transar-con-massa-y-reafirmo-su-apoyo-a-milei-en-el-balotaje","status":"publish","type":"post","link":"https:\/\/apuntesdesanluis.com\/index.php\/2023\/10\/27\/macri-acuso-al-radicalismo-de-transar-con-massa-y-reafirmo-su-apoyo-a-milei-en-el-balotaje\/","title":{"rendered":"MACRI ACUS\u00d3 AL RADICALISMO DE &#8220;TRANSAR&#8221; CON MASSA Y REAFIRM\u00d3 SU APOYO A MILEI EN EL BALOTAJE"},"content":{"rendered":"<h3>El expresidente <span style=\"color: #000000;\"><strong>Mauricio Macri<\/strong><\/span> abri\u00f3 fuego contra la Uni\u00f3n C\u00edvica Radical, en especial contra su m\u00e1ximos exponentes como los son <strong>Gerardo Morales, Mart\u00edn Lousteau<\/strong> y <strong>Emiliano Yacobitti<\/strong>, al acusarlos de &#8220;transar&#8221; con el ministro de Econom\u00eda y candidato de Uni\u00f3n por la Patria, <strong>Sergio Massa<\/strong>.<\/h3>\n<h3>Las cr\u00edticas del exmandatario abonan a la crisis de Juntos por el Cambio surgida de los cuestionamientos del radicalismo al apoyo expl\u00edcito de Macri y Patricia Bullrich, quienes tomaron parte por el aspirante presidencial libertario, <strong>Javier Milei<\/strong>, de cara a la segunda vuelta que tendr\u00e1 lugar el 19 de noviembre.<\/h3>\n<h3>&#8220;Ellos han tenido permanentes reuniones con Massa, con [Gerardo] Morales a la cabeza, le han apoyado todas las leyes que Massa ped\u00eda en contra de la decisi\u00f3n de la mayor\u00eda&#8221;, denunci\u00f3 en declaraciones radiales.<\/h3>\n<h3>En la misma l\u00ednea, detall\u00f3: &#8220;Morales, Yacobiti, Lousteau, todo el tiempo tranzando por detr\u00e1s de nosotros. Siempre hubo intercambio de cosas puntuales, siempre hay una excusa &#8216;mi provincia&#8217;, &#8216;la universidad&#8217;, en contra del inter\u00e9s de la mayor\u00eda de los argentinos&#8221;.<\/h3>\n<h3>El exfuncionario revel\u00f3 adem\u00e1s que el senador Mart\u00edn Lousteau y el dirigente Emiliano Yacobitti le pidieron a Bullrich, la noche de las elecciones generales, que no le pegara a Massa en su discurso en el b\u00fanker. &#8220;Ellos se sienten m\u00e1s c\u00f3modos con Massa que con la l\u00ednea del PRO, pero hemos sabido convivir y vamos a decir en qu\u00e9 cosas vamos a seguir trabajando unidos para defender la institucionalidad gobierne quien gobierne&#8221;, remarc\u00f3 Macri.<\/h3>\n<h3>&#8220;No puede ser que bajo la falsa neutralidad, la vicepresidenta del radicalismo diga que va a votar a Massa, pero est\u00e1 mal que Patricia Bullrich salga a decir que vota a Milei. Por favor, un poco de sinceridad&#8221;, se mostr\u00f3 enojado, y continu\u00f3: &#8220;\u00bfC\u00f3mo van a echar a alguien por oponerse que el kirchnerismo se quede en poder? \u00bfD\u00f3nde se ha visto?&#8221;.<\/h3>\n<p><img fetchpriority=\"high\" decoding=\"async\" class=\"wp-image-5967 aligncenter\" src=\"https:\/\/apuntesdesanluis.com\/wp-content\/uploads\/2023\/10\/milei-macri-patricia-300x169.png\" alt=\"\" width=\"799\" height=\"450\" srcset=\"https:\/\/apuntesdesanluis.com\/wp-content\/uploads\/2023\/10\/milei-macri-patricia-300x169.png 300w, https:\/\/apuntesdesanluis.com\/wp-content\/uploads\/2023\/10\/milei-macri-patricia.png 600w\" sizes=\"(max-width: 799px) 100vw, 799px\" \/><\/p>\n<h3>Y continu\u00f3: \u201cQue Mart\u00edn Lousteau trate de explicar d\u00f3nde est\u00e1 parado, que diga que va a votar a Massa, no me extra\u00f1ar\u00eda nada de alguien que siendo embajador en los Estados Unidos abandon\u00f3 la embajada justo cuando el Presidente iba a visitar a los Estados Unidos\u201d.<\/h3>\n<h3>\u201cQue lo diga. Basta de tirar la piedra y esconder la mano. Que lo diga. Y el d\u00eda que termine la elecci\u00f3n nos reuniremos todos en Juntos por el Cambio y discutiremos las cosas sobre la mesa\u201d, insisti\u00f3.<\/h3>\n<h3>Las cr\u00edticas del expresidente se hicieron extensivas a los referentes del PRO que no aceptaron respaldar al libertario entre los que se encuentra Horacio Rodr\u00edguez Larreta, Mar\u00eda Eugenia Vidal, entre otros: &#8220;Ellos tienen una visi\u00f3n coherente con el anterior. Lament\u00e9 que no hayan adherido a una propuesta de cambio m\u00e1s contundente&#8221;.<\/h3>\n<h3>&#8220;Lo que se ha hecho no da excusa a nadie para creerse los due\u00f1os de Juntos por el Cambio y andar echando a nadie. Los que de verdad son neutrales, se manifiesten, pero aquellos que usan la neutralidad para manifestar su apoyo a Massa que lo digan tambi\u00e9n&#8221;, subray\u00f3.<\/h3>\n<h3>Consultado sobre los cuestionamientos de la l\u00edder de la Coalici\u00f3n C\u00edvica, Elisa &#8220;Lilita&#8221; Carri\u00f3 asever\u00f3: \u201cCuando a la gente le gana el ego, se transforma en alguien que no puede construir nada bueno y lo que tenemos que lograr es recordar qui\u00e9n nos dio poder, que es la gente, y eso es para construir, no para da\u00f1ar\u201d.<\/h3>\n<h3>RESPALDO &#8220;INCONDICIONAL&#8221; A MILEI<\/h3>\n<h3>En otro pasaje de la entrevista, el expresidente reafirm\u00f3 su apoyo al que defini\u00f3 como &#8220;incondicional&#8221; al candidato de La Libertad Avanza al precisar que es &#8220;hoy, el que lidera la propuesta del cambio&#8221;.<\/h3>\n<h3>&#8220;La interna no nos sali\u00f3 bien, eso le pareci\u00f3 a nuestro electorado y eso le permiti\u00f3 a Javier crecer en su propuesta. Me cans\u00e9 de ir a programas a pedir el voto a Patricia, pero no nos alcanz\u00f3. La juventud apost\u00f3 a alguien nuevo&#8221;, plante\u00f3, y complet\u00f3: &#8220;Milei nos gan\u00f3 la pole position por tener una propuesta m\u00e1s contundente&#8221;.<\/h3>\n<h3>Macri revel\u00f3 que el diputado libertario se mostr\u00f3 abierto a incorporar cr\u00edticas se\u00f1aladas y cont\u00f3 el pedido de disculpas con Bullrich luego de haberla acusado de &#8220;montonera tira bombas&#8221;. Adem\u00e1s, insisti\u00f3 en que no hubo un acuerdo pol\u00edtico sino un apoyo t\u00e1ctico.<\/h3>\n<h3>&#8220;No hemos pedido nada, tenemos esta actitud y la ratifico. No venimos en toma y daca, venimos a colaborar con lo que sea y no se habl\u00f3 de ning\u00fan cargo y las simpat\u00edas con dirigentes nuestros corren por cuenta de \u00e9l&#8221;, concluy\u00f3 Macri.<\/h3>\n<p>&nbsp;<\/p>\n<p>&nbsp;<\/p>\n<p>&nbsp;<\/p>\n<p>&nbsp;<\/p>\n","protected":false},"excerpt":{"rendered":"<p>El expresidente Mauricio Macri abri\u00f3 fuego contra la Uni\u00f3n C\u00edvica Radical, en especial contra su&#8230;<\/p>\n","protected":false},"author":1,"featured_media":5966,"comment_status":"closed","ping_status":"closed","sticky":false,"template":"","format":"standard","meta":{"footnotes":""},"categories":[5],"tags":[],"class_list":["post-5965","post","type-post","status-publish","format-standard","has-post-thumbnail","hentry","category-nacionales-internacionales"],"yoast_head":"<!-- This site is optimized with the Yoast SEO plugin v26.1.1 - https:\/\/yoast.com\/wordpress\/plugins\/seo\/ -->\n<title>MACRI ACUS\u00d3 AL RADICALISMO DE &quot;TRANSAR&quot; CON MASSA Y REAFIRM\u00d3 SU APOYO A MILEI EN EL BALOTAJE - Apuntes de San Luis<\/title>\n<meta name=\"robots\" content=\"index, follow, max-snippet:-1, max-image-preview:large, max-video-preview:-1\" \/>\n<link rel=\"canonical\" href=\"https:\/\/apuntesdesanluis.com\/index.php\/2023\/10\/27\/macri-acuso-al-radicalismo-de-transar-con-massa-y-reafirmo-su-apoyo-a-milei-en-el-balotaje\/\" \/>\n<meta property=\"og:locale\" content=\"es_ES\" \/>\n<meta property=\"og:type\" content=\"article\" \/>\n<meta property=\"og:title\" content=\"MACRI ACUS\u00d3 AL RADICALISMO DE &quot;TRANSAR&quot; CON MASSA Y REAFIRM\u00d3 SU APOYO A MILEI EN EL BALOTAJE - Apuntes de San Luis\" \/>\n<meta property=\"og:description\" content=\"El expresidente Mauricio Macri abri\u00f3 fuego contra la Uni\u00f3n C\u00edvica Radical, en especial contra su...\" \/>\n<meta property=\"og:url\" content=\"https:\/\/apuntesdesanluis.com\/index.php\/2023\/10\/27\/macri-acuso-al-radicalismo-de-transar-con-massa-y-reafirmo-su-apoyo-a-milei-en-el-balotaje\/\" \/>\n<meta property=\"og:site_name\" content=\"Apuntes de San Luis\" \/>\n<meta property=\"article:published_time\" content=\"2023-10-27T18:39:30+00:00\" \/>\n<meta property=\"article:modified_time\" content=\"2023-10-27T21:40:15+00:00\" \/>\n<meta property=\"og:image\" content=\"https:\/\/apuntesdesanluis.com\/wp-content\/uploads\/2023\/10\/macri-1.png\" \/>\n\t<meta property=\"og:image:width\" content=\"600\" \/>\n\t<meta property=\"og:image:height\" content=\"350\" \/>\n\t<meta property=\"og:image:type\" content=\"image\/png\" \/>\n<meta name=\"author\" content=\"apuntesdesanluis.com\" \/>\n<meta name=\"twitter:card\" content=\"summary_large_image\" \/>\n<meta name=\"twitter:label1\" content=\"Escrito por\" \/>\n\t<meta name=\"twitter:data1\" content=\"apuntesdesanluis.com\" \/>\n\t<meta name=\"twitter:label2\" content=\"Tiempo de lectura\" \/>\n\t<meta name=\"twitter:data2\" content=\"4 minutos\" \/>\n<script type=\"application\/ld+json\" class=\"yoast-schema-graph\">{\"@context\":\"https:\/\/schema.org\",\"@graph\":[{\"@type\":\"Article\",\"@id\":\"https:\/\/apuntesdesanluis.com\/index.php\/2023\/10\/27\/macri-acuso-al-radicalismo-de-transar-con-massa-y-reafirmo-su-apoyo-a-milei-en-el-balotaje\/#article\",\"isPartOf\":{\"@id\":\"https:\/\/apuntesdesanluis.com\/index.php\/2023\/10\/27\/macri-acuso-al-radicalismo-de-transar-con-massa-y-reafirmo-su-apoyo-a-milei-en-el-balotaje\/\"},\"author\":{\"name\":\"apuntesdesanluis.com\",\"@id\":\"https:\/\/apuntesdesanluis.com\/#\/schema\/person\/b55151d52296fcce64d1a72538a70b90\"},\"headline\":\"MACRI ACUS\u00d3 AL RADICALISMO DE &#8220;TRANSAR&#8221; CON MASSA Y REAFIRM\u00d3 SU APOYO A MILEI EN EL BALOTAJE\",\"datePublished\":\"2023-10-27T18:39:30+00:00\",\"dateModified\":\"2023-10-27T21:40:15+00:00\",\"mainEntityOfPage\":{\"@id\":\"https:\/\/apuntesdesanluis.com\/index.php\/2023\/10\/27\/macri-acuso-al-radicalismo-de-transar-con-massa-y-reafirmo-su-apoyo-a-milei-en-el-balotaje\/\"},\"wordCount\":797,\"publisher\":{\"@id\":\"https:\/\/apuntesdesanluis.com\/#\/schema\/person\/b55151d52296fcce64d1a72538a70b90\"},\"image\":{\"@id\":\"https:\/\/apuntesdesanluis.com\/index.php\/2023\/10\/27\/macri-acuso-al-radicalismo-de-transar-con-massa-y-reafirmo-su-apoyo-a-milei-en-el-balotaje\/#primaryimage\"},\"thumbnailUrl\":\"https:\/\/apuntesdesanluis.com\/wp-content\/uploads\/2023\/10\/macri-1.png\",\"articleSection\":[\"Nacionales\/Internacionales\"],\"inLanguage\":\"es-AR\"},{\"@type\":\"WebPage\",\"@id\":\"https:\/\/apuntesdesanluis.com\/index.php\/2023\/10\/27\/macri-acuso-al-radicalismo-de-transar-con-massa-y-reafirmo-su-apoyo-a-milei-en-el-balotaje\/\",\"url\":\"https:\/\/apuntesdesanluis.com\/index.php\/2023\/10\/27\/macri-acuso-al-radicalismo-de-transar-con-massa-y-reafirmo-su-apoyo-a-milei-en-el-balotaje\/\",\"name\":\"MACRI ACUS\u00d3 AL RADICALISMO DE \\\"TRANSAR\\\" CON MASSA Y REAFIRM\u00d3 SU APOYO A MILEI EN EL BALOTAJE - Apuntes de San Luis\",\"isPartOf\":{\"@id\":\"https:\/\/apuntesdesanluis.com\/#website\"},\"primaryImageOfPage\":{\"@id\":\"https:\/\/apuntesdesanluis.com\/index.php\/2023\/10\/27\/macri-acuso-al-radicalismo-de-transar-con-massa-y-reafirmo-su-apoyo-a-milei-en-el-balotaje\/#primaryimage\"},\"image\":{\"@id\":\"https:\/\/apuntesdesanluis.com\/index.php\/2023\/10\/27\/macri-acuso-al-radicalismo-de-transar-con-massa-y-reafirmo-su-apoyo-a-milei-en-el-balotaje\/#primaryimage\"},\"thumbnailUrl\":\"https:\/\/apuntesdesanluis.com\/wp-content\/uploads\/2023\/10\/macri-1.png\",\"datePublished\":\"2023-10-27T18:39:30+00:00\",\"dateModified\":\"2023-10-27T21:40:15+00:00\",\"breadcrumb\":{\"@id\":\"https:\/\/apuntesdesanluis.com\/index.php\/2023\/10\/27\/macri-acuso-al-radicalismo-de-transar-con-massa-y-reafirmo-su-apoyo-a-milei-en-el-balotaje\/#breadcrumb\"},\"inLanguage\":\"es-AR\",\"potentialAction\":[{\"@type\":\"ReadAction\",\"target\":[\"https:\/\/apuntesdesanluis.com\/index.php\/2023\/10\/27\/macri-acuso-al-radicalismo-de-transar-con-massa-y-reafirmo-su-apoyo-a-milei-en-el-balotaje\/\"]}]},{\"@type\":\"ImageObject\",\"inLanguage\":\"es-AR\",\"@id\":\"https:\/\/apuntesdesanluis.com\/index.php\/2023\/10\/27\/macri-acuso-al-radicalismo-de-transar-con-massa-y-reafirmo-su-apoyo-a-milei-en-el-balotaje\/#primaryimage\",\"url\":\"https:\/\/apuntesdesanluis.com\/wp-content\/uploads\/2023\/10\/macri-1.png\",\"contentUrl\":\"https:\/\/apuntesdesanluis.com\/wp-content\/uploads\/2023\/10\/macri-1.png\",\"width\":600,\"height\":350},{\"@type\":\"BreadcrumbList\",\"@id\":\"https:\/\/apuntesdesanluis.com\/index.php\/2023\/10\/27\/macri-acuso-al-radicalismo-de-transar-con-massa-y-reafirmo-su-apoyo-a-milei-en-el-balotaje\/#breadcrumb\",\"itemListElement\":[{\"@type\":\"ListItem\",\"position\":1,\"name\":\"Inicio\",\"item\":\"https:\/\/apuntesdesanluis.com\/\"},{\"@type\":\"ListItem\",\"position\":2,\"name\":\"MACRI ACUS\u00d3 AL RADICALISMO DE &#8220;TRANSAR&#8221; CON MASSA Y REAFIRM\u00d3 SU APOYO A MILEI EN EL BALOTAJE\"}]},{\"@type\":\"WebSite\",\"@id\":\"https:\/\/apuntesdesanluis.com\/#website\",\"url\":\"https:\/\/apuntesdesanluis.com\/\",\"name\":\"Apuntes de San Luis\",\"description\":\"\",\"publisher\":{\"@id\":\"https:\/\/apuntesdesanluis.com\/#\/schema\/person\/b55151d52296fcce64d1a72538a70b90\"},\"potentialAction\":[{\"@type\":\"SearchAction\",\"target\":{\"@type\":\"EntryPoint\",\"urlTemplate\":\"https:\/\/apuntesdesanluis.com\/?s={search_term_string}\"},\"query-input\":{\"@type\":\"PropertyValueSpecification\",\"valueRequired\":true,\"valueName\":\"search_term_string\"}}],\"inLanguage\":\"es-AR\"},{\"@type\":[\"Person\",\"Organization\"],\"@id\":\"https:\/\/apuntesdesanluis.com\/#\/schema\/person\/b55151d52296fcce64d1a72538a70b90\",\"name\":\"apuntesdesanluis.com\",\"image\":{\"@type\":\"ImageObject\",\"inLanguage\":\"es-AR\",\"@id\":\"https:\/\/apuntesdesanluis.com\/#\/schema\/person\/image\/\",\"url\":\"https:\/\/apuntesdesanluis.com\/wp-content\/uploads\/2023\/07\/cropped-apuntesdesanluis.png\",\"contentUrl\":\"https:\/\/apuntesdesanluis.com\/wp-content\/uploads\/2023\/07\/cropped-apuntesdesanluis.png\",\"width\":450,\"height\":112,\"caption\":\"apuntesdesanluis.com\"},\"logo\":{\"@id\":\"https:\/\/apuntesdesanluis.com\/#\/schema\/person\/image\/\"},\"sameAs\":[\"https:\/\/apuntesdesanluis.com\"],\"url\":\"https:\/\/apuntesdesanluis.com\/index.php\/author\/apuntesdesanluis-com\/\"}]}<\/script>\n<!-- \/ Yoast SEO plugin. -->","yoast_head_json":{"title":"MACRI ACUS\u00d3 AL RADICALISMO DE \"TRANSAR\" CON MASSA Y REAFIRM\u00d3 SU APOYO A MILEI EN EL BALOTAJE - Apuntes de San Luis","robots":{"index":"index","follow":"follow","max-snippet":"max-snippet:-1","max-image-preview":"max-image-preview:large","max-video-preview":"max-video-preview:-1"},"canonical":"https:\/\/apuntesdesanluis.com\/index.php\/2023\/10\/27\/macri-acuso-al-radicalismo-de-transar-con-massa-y-reafirmo-su-apoyo-a-milei-en-el-balotaje\/","og_locale":"es_ES","og_type":"article","og_title":"MACRI ACUS\u00d3 AL RADICALISMO DE \"TRANSAR\" CON MASSA Y REAFIRM\u00d3 SU APOYO A MILEI EN EL BALOTAJE - Apuntes de San Luis","og_description":"El expresidente Mauricio Macri abri\u00f3 fuego contra la Uni\u00f3n C\u00edvica Radical, en especial contra su...","og_url":"https:\/\/apuntesdesanluis.com\/index.php\/2023\/10\/27\/macri-acuso-al-radicalismo-de-transar-con-massa-y-reafirmo-su-apoyo-a-milei-en-el-balotaje\/","og_site_name":"Apuntes de San Luis","article_published_time":"2023-10-27T18:39:30+00:00","article_modified_time":"2023-10-27T21:40:15+00:00","og_image":[{"width":600,"height":350,"url":"https:\/\/apuntesdesanluis.com\/wp-content\/uploads\/2023\/10\/macri-1.png","type":"image\/png"}],"author":"apuntesdesanluis.com","twitter_card":"summary_large_image","twitter_misc":{"Escrito por":"apuntesdesanluis.com","Tiempo de lectura":"4 minutos"},"schema":{"@context":"https:\/\/schema.org","@graph":[{"@type":"Article","@id":"https:\/\/apuntesdesanluis.com\/index.php\/2023\/10\/27\/macri-acuso-al-radicalismo-de-transar-con-massa-y-reafirmo-su-apoyo-a-milei-en-el-balotaje\/#article","isPartOf":{"@id":"https:\/\/apuntesdesanluis.com\/index.php\/2023\/10\/27\/macri-acuso-al-radicalismo-de-transar-con-massa-y-reafirmo-su-apoyo-a-milei-en-el-balotaje\/"},"author":{"name":"apuntesdesanluis.com","@id":"https:\/\/apuntesdesanluis.com\/#\/schema\/person\/b55151d52296fcce64d1a72538a70b90"},"headline":"MACRI ACUS\u00d3 AL RADICALISMO DE &#8220;TRANSAR&#8221; CON MASSA Y REAFIRM\u00d3 SU APOYO A MILEI EN EL BALOTAJE","datePublished":"2023-10-27T18:39:30+00:00","dateModified":"2023-10-27T21:40:15+00:00","mainEntityOfPage":{"@id":"https:\/\/apuntesdesanluis.com\/index.php\/2023\/10\/27\/macri-acuso-al-radicalismo-de-transar-con-massa-y-reafirmo-su-apoyo-a-milei-en-el-balotaje\/"},"wordCount":797,"publisher":{"@id":"https:\/\/apuntesdesanluis.com\/#\/schema\/person\/b55151d52296fcce64d1a72538a70b90"},"image":{"@id":"https:\/\/apuntesdesanluis.com\/index.php\/2023\/10\/27\/macri-acuso-al-radicalismo-de-transar-con-massa-y-reafirmo-su-apoyo-a-milei-en-el-balotaje\/#primaryimage"},"thumbnailUrl":"https:\/\/apuntesdesanluis.com\/wp-content\/uploads\/2023\/10\/macri-1.png","articleSection":["Nacionales\/Internacionales"],"inLanguage":"es-AR"},{"@type":"WebPage","@id":"https:\/\/apuntesdesanluis.com\/index.php\/2023\/10\/27\/macri-acuso-al-radicalismo-de-transar-con-massa-y-reafirmo-su-apoyo-a-milei-en-el-balotaje\/","url":"https:\/\/apuntesdesanluis.com\/index.php\/2023\/10\/27\/macri-acuso-al-radicalismo-de-transar-con-massa-y-reafirmo-su-apoyo-a-milei-en-el-balotaje\/","name":"MACRI ACUS\u00d3 AL RADICALISMO DE \"TRANSAR\" CON MASSA Y REAFIRM\u00d3 SU APOYO A MILEI EN EL BALOTAJE - Apuntes de San Luis","isPartOf":{"@id":"https:\/\/apuntesdesanluis.com\/#website"},"primaryImageOfPage":{"@id":"https:\/\/apuntesdesanluis.com\/index.php\/2023\/10\/27\/macri-acuso-al-radicalismo-de-transar-con-massa-y-reafirmo-su-apoyo-a-milei-en-el-balotaje\/#primaryimage"},"image":{"@id":"https:\/\/apuntesdesanluis.com\/index.php\/2023\/10\/27\/macri-acuso-al-radicalismo-de-transar-con-massa-y-reafirmo-su-apoyo-a-milei-en-el-balotaje\/#primaryimage"},"thumbnailUrl":"https:\/\/apuntesdesanluis.com\/wp-content\/uploads\/2023\/10\/macri-1.png","datePublished":"2023-10-27T18:39:30+00:00","dateModified":"2023-10-27T21:40:15+00:00","breadcrumb":{"@id":"https:\/\/apuntesdesanluis.com\/index.php\/2023\/10\/27\/macri-acuso-al-radicalismo-de-transar-con-massa-y-reafirmo-su-apoyo-a-milei-en-el-balotaje\/#breadcrumb"},"inLanguage":"es-AR","potentialAction":[{"@type":"ReadAction","target":["https:\/\/apuntesdesanluis.com\/index.php\/2023\/10\/27\/macri-acuso-al-radicalismo-de-transar-con-massa-y-reafirmo-su-apoyo-a-milei-en-el-balotaje\/"]}]},{"@type":"ImageObject","inLanguage":"es-AR","@id":"https:\/\/apuntesdesanluis.com\/index.php\/2023\/10\/27\/macri-acuso-al-radicalismo-de-transar-con-massa-y-reafirmo-su-apoyo-a-milei-en-el-balotaje\/#primaryimage","url":"https:\/\/apuntesdesanluis.com\/wp-content\/uploads\/2023\/10\/macri-1.png","contentUrl":"https:\/\/apuntesdesanluis.com\/wp-content\/uploads\/2023\/10\/macri-1.png","width":600,"height":350},{"@type":"BreadcrumbList","@id":"https:\/\/apuntesdesanluis.com\/index.php\/2023\/10\/27\/macri-acuso-al-radicalismo-de-transar-con-massa-y-reafirmo-su-apoyo-a-milei-en-el-balotaje\/#breadcrumb","itemListElement":[{"@type":"ListItem","position":1,"name":"Inicio","item":"https:\/\/apuntesdesanluis.com\/"},{"@type":"ListItem","position":2,"name":"MACRI ACUS\u00d3 AL RADICALISMO DE &#8220;TRANSAR&#8221; CON MASSA Y REAFIRM\u00d3 SU APOYO A MILEI EN EL BALOTAJE"}]},{"@type":"WebSite","@id":"https:\/\/apuntesdesanluis.com\/#website","url":"https:\/\/apuntesdesanluis.com\/","name":"Apuntes de San Luis","description":"","publisher":{"@id":"https:\/\/apuntesdesanluis.com\/#\/schema\/person\/b55151d52296fcce64d1a72538a70b90"},"potentialAction":[{"@type":"SearchAction","target":{"@type":"EntryPoint","urlTemplate":"https:\/\/apuntesdesanluis.com\/?s={search_term_string}"},"query-input":{"@type":"PropertyValueSpecification","valueRequired":true,"valueName":"search_term_string"}}],"inLanguage":"es-AR"},{"@type":["Person","Organization"],"@id":"https:\/\/apuntesdesanluis.com\/#\/schema\/person\/b55151d52296fcce64d1a72538a70b90","name":"apuntesdesanluis.com","image":{"@type":"ImageObject","inLanguage":"es-AR","@id":"https:\/\/apuntesdesanluis.com\/#\/schema\/person\/image\/","url":"https:\/\/apuntesdesanluis.com\/wp-content\/uploads\/2023\/07\/cropped-apuntesdesanluis.png","contentUrl":"https:\/\/apuntesdesanluis.com\/wp-content\/uploads\/2023\/07\/cropped-apuntesdesanluis.png","width":450,"height":112,"caption":"apuntesdesanluis.com"},"logo":{"@id":"https:\/\/apuntesdesanluis.com\/#\/schema\/person\/image\/"},"sameAs":["https:\/\/apuntesdesanluis.com"],"url":"https:\/\/apuntesdesanluis.com\/index.php\/author\/apuntesdesanluis-com\/"}]}},"featured_image_urls":{"full":["https:\/\/apuntesdesanluis.com\/wp-content\/uploads\/2023\/10\/macri-1.png",600,350,false],"thumbnail":["https:\/\/apuntesdesanluis.com\/wp-content\/uploads\/2023\/10\/macri-1-150x150.png",150,150,true],"medium":["https:\/\/apuntesdesanluis.com\/wp-content\/uploads\/2023\/10\/macri-1-300x175.png",300,175,true],"medium_large":["https:\/\/apuntesdesanluis.com\/wp-content\/uploads\/2023\/10\/macri-1.png",600,350,false],"large":["https:\/\/apuntesdesanluis.com\/wp-content\/uploads\/2023\/10\/macri-1.png",600,350,false],"1536x1536":["https:\/\/apuntesdesanluis.com\/wp-content\/uploads\/2023\/10\/macri-1.png",600,350,false],"2048x2048":["https:\/\/apuntesdesanluis.com\/wp-content\/uploads\/2023\/10\/macri-1.png",600,350,false],"newsever-slider-full":["https:\/\/apuntesdesanluis.com\/wp-content\/uploads\/2023\/10\/macri-1.png",600,350,false],"newsever-featured":["https:\/\/apuntesdesanluis.com\/wp-content\/uploads\/2023\/10\/macri-1.png",600,350,false],"newsever-medium":["https:\/\/apuntesdesanluis.com\/wp-content\/uploads\/2023\/10\/macri-1.png",600,350,false]},"author_info":{"display_name":"apuntesdesanluis.com","author_link":"https:\/\/apuntesdesanluis.com\/index.php\/author\/apuntesdesanluis-com\/"},"category_info":"<a href=\"https:\/\/apuntesdesanluis.com\/index.php\/category\/nacionales-internacionales\/\" rel=\"category tag\">Nacionales\/Internacionales<\/a>","tag_info":"Nacionales\/Internacionales","comment_count":"0","_links":{"self":[{"href":"https:\/\/apuntesdesanluis.com\/index.php\/wp-json\/wp\/v2\/posts\/5965","targetHints":{"allow":["GET"]}}],"collection":[{"href":"https:\/\/apuntesdesanluis.com\/index.php\/wp-json\/wp\/v2\/posts"}],"about":[{"href":"https:\/\/apuntesdesanluis.com\/index.php\/wp-json\/wp\/v2\/types\/post"}],"author":[{"embeddable":true,"href":"https:\/\/apuntesdesanluis.com\/index.php\/wp-json\/wp\/v2\/users\/1"}],"replies":[{"embeddable":true,"href":"https:\/\/apuntesdesanluis.com\/index.php\/wp-json\/wp\/v2\/comments?post=5965"}],"version-history":[{"count":1,"href":"https:\/\/apuntesdesanluis.com\/index.php\/wp-json\/wp\/v2\/posts\/5965\/revisions"}],"predecessor-version":[{"id":5968,"href":"https:\/\/apuntesdesanluis.com\/index.php\/wp-json\/wp\/v2\/posts\/5965\/revisions\/5968"}],"wp:featuredmedia":[{"embeddable":true,"href":"https:\/\/apuntesdesanluis.com\/index.php\/wp-json\/wp\/v2\/media\/5966"}],"wp:attachment":[{"href":"https:\/\/apuntesdesanluis.com\/index.php\/wp-json\/wp\/v2\/media?parent=5965"}],"wp:term":[{"taxonomy":"category","embeddable":true,"href":"https:\/\/apuntesdesanluis.com\/index.php\/wp-json\/wp\/v2\/categories?post=5965"},{"taxonomy":"post_tag","embeddable":true,"href":"https:\/\/apuntesdesanluis.com\/index.php\/wp-json\/wp\/v2\/tags?post=5965"}],"curies":[{"name":"wp","href":"https:\/\/api.w.org\/{rel}","templated":true}]}}