{"id":597,"date":"2023-07-27T23:51:25","date_gmt":"2023-07-28T02:51:25","guid":{"rendered":"https:\/\/apuntesdesanluis.com\/?p=597"},"modified":"2023-07-28T07:34:44","modified_gmt":"2023-07-28T10:34:44","slug":"reunion-del-ministro-de-educacion-jaime-perczyk-con-marcelo-sosa-y-santiago-farenga","status":"publish","type":"post","link":"https:\/\/apuntesdesanluis.com\/index.php\/2023\/07\/27\/reunion-del-ministro-de-educacion-jaime-perczyk-con-marcelo-sosa-y-santiago-farenga\/","title":{"rendered":"REUNI\u00d3N DEL MINISTRO DE EDUCACI\u00d3N JAIME PERCZYK CON MARCELO SOSA Y SANTIAGO FARENGA"},"content":{"rendered":"<h3>El titular de la cartera educativa,<strong> Jaime Perczik<\/strong>, acompa\u00f1ado por el Secretario de Pol\u00edticas Universitarias (SPU) <strong>Oscar Alpa<\/strong>, recibieron en el Palacio Pizzurno por espacio de una hora a los candidatos a rector y vicerrector de la Universidad Nacional de Villa Mercedes, <strong>Dr. Marcelo Sosa<\/strong> y <strong>Lic. Santiago Farenga<\/strong>.<\/h3>\n<h3>Los docentes villamercedinos aseguraron que el ministro Jaime Perczyk los anim\u00f3 e incentiv\u00f3 para las pr\u00f3ximas elecciones del 16 de agosto, brind\u00e1ndoles su apoyo &#8220;para trabajar en conjunto y fortalecer los aportes del Ministerio de Educaci\u00f3n, en vistas de la recuperaci\u00f3n de la Universidad Nacional de Villa Mercedes para la comunidad universitaria y para toda la sociedad\u201d.<\/h3>\n<h3>Agregaron que Perczyk y Alpa \u201cse mostraron interesados por el desarrollo del dictado de la carrera de Medicina y por el car\u00e1cter estrat\u00e9gico para la ciudad, la regi\u00f3n y el pa\u00eds. Un especial compromiso fue asumido por esta carrera para terminar el edificio propio \u2013 paralizado hace a\u00f1os -, el comedor universitario, la ampliaci\u00f3n de la dedicaci\u00f3n docente, vinculaci\u00f3n con el sistema de salud y con otras universidades, viajes a hospitales centrales del pa\u00eds y del extranjero\u201d.<\/h3>\n<h3>Otra preocupaci\u00f3n fue planteada por la deuda de la UNViMe con la AFIP al no haber pagado en tiempo y en forma las contribuciones patronales de agosto, setiembre y octubre de 2022. \u201cEsto es claramente contrario a la Ley de Presupuesto Nacional y la Ley Penal Tributaria, entre otras normas. Es un contrasentido que el Estado &#8211; en este caso una universidad nacional &#8211; sea deudor del propio Estado que la financia, Y nunca puede ponerse en riesgo el pago de los sueldos, los aportes y contribuciones patronales, aportes a las obras sociales, ART y seguros. Es dejar sin protecci\u00f3n a los trabajadores y trabajadoras docentes y no docentes\u201d, se enfatiz\u00f2 en la reuni\u00f3n.<\/h3>\n<p><img fetchpriority=\"high\" decoding=\"async\" class=\"wp-image-599 aligncenter\" src=\"https:\/\/apuntesdesanluis.com\/wp-content\/uploads\/2023\/07\/imagen-fuerte-300x216.jpg\" alt=\"\" width=\"781\" height=\"562\" srcset=\"https:\/\/apuntesdesanluis.com\/wp-content\/uploads\/2023\/07\/imagen-fuerte-300x216.jpg 300w, https:\/\/apuntesdesanluis.com\/wp-content\/uploads\/2023\/07\/imagen-fuerte.jpg 596w\" sizes=\"(max-width: 781px) 100vw, 781px\" \/><\/p>\n<h3>Las autoridades presentes y los docentes candidatos coincidieron en la necesidad de que la UNViMe \u201crecupere la buena administraci\u00f3n, la gesti\u00f3n eficiente y los v\u00ednculos con la comunidad, y se convierta en una gran universidad de calidad, inclusiva, y con proyecci\u00f3n de futuro para el beneficio de la sociedad que la so\u00f1\u00f3 como un factor de progreso colectivo\u201d.<\/h3>\n<h3>Por otro lado, informaron que &#8220;se trat\u00f3 en la reuni\u00f3n el pedido que habr\u00eda hecho el rector Rivarola de un anticipo de los fondos del aguinaldo de diciembre, algo claramente improcedente seg\u00fan la normativa vigente, para colocar esos fondos en plazo fijo y poder obtener alguna rentabilidad que le permita utilizar en esta coyuntura&#8221;.<\/h3>\n<h3>Del encuentro tambi\u00e9n participaron <strong>Walter Merkis<\/strong>, Secretario General de la Federaci\u00f3n Argentina del Trabajador de las Universidades Nacionales (FATUN), y <strong>Daniel Ricci<\/strong>, Secretario General de la Federaci\u00f3n de Docentes de las Universidades\u00a0(FEDUN).<\/h3>\n","protected":false},"excerpt":{"rendered":"<p>El titular de la cartera educativa, Jaime Perczik, acompa\u00f1ado por el Secretario de Pol\u00edticas Universitarias&#8230;<\/p>\n","protected":false},"author":1,"featured_media":598,"comment_status":"closed","ping_status":"closed","sticky":false,"template":"","format":"standard","meta":{"footnotes":""},"categories":[6],"tags":[],"class_list":["post-597","post","type-post","status-publish","format-standard","has-post-thumbnail","hentry","category-ciudad-provincia"],"yoast_head":"<!-- This site is optimized with the Yoast SEO plugin v26.1.1 - https:\/\/yoast.com\/wordpress\/plugins\/seo\/ -->\n<title>REUNI\u00d3N DEL MINISTRO DE EDUCACI\u00d3N JAIME PERCZYK CON MARCELO SOSA Y SANTIAGO FARENGA - Apuntes de San Luis<\/title>\n<meta name=\"robots\" content=\"index, follow, max-snippet:-1, max-image-preview:large, max-video-preview:-1\" \/>\n<link rel=\"canonical\" href=\"https:\/\/apuntesdesanluis.com\/index.php\/2023\/07\/27\/reunion-del-ministro-de-educacion-jaime-perczyk-con-marcelo-sosa-y-santiago-farenga\/\" \/>\n<meta property=\"og:locale\" content=\"es_ES\" \/>\n<meta property=\"og:type\" content=\"article\" \/>\n<meta property=\"og:title\" content=\"REUNI\u00d3N DEL MINISTRO DE EDUCACI\u00d3N JAIME PERCZYK CON MARCELO SOSA Y SANTIAGO FARENGA - Apuntes de San Luis\" \/>\n<meta property=\"og:description\" content=\"El titular de la cartera educativa, Jaime Perczik, acompa\u00f1ado por el Secretario de Pol\u00edticas Universitarias...\" \/>\n<meta property=\"og:url\" content=\"https:\/\/apuntesdesanluis.com\/index.php\/2023\/07\/27\/reunion-del-ministro-de-educacion-jaime-perczyk-con-marcelo-sosa-y-santiago-farenga\/\" \/>\n<meta property=\"og:site_name\" content=\"Apuntes de San Luis\" \/>\n<meta property=\"article:published_time\" content=\"2023-07-28T02:51:25+00:00\" \/>\n<meta property=\"article:modified_time\" content=\"2023-07-28T10:34:44+00:00\" \/>\n<meta property=\"og:image\" content=\"https:\/\/apuntesdesanluis.com\/wp-content\/uploads\/2023\/07\/sosa.-farenga-tapa.jpg\" \/>\n\t<meta property=\"og:image:width\" content=\"600\" \/>\n\t<meta property=\"og:image:height\" content=\"380\" \/>\n\t<meta property=\"og:image:type\" content=\"image\/jpeg\" \/>\n<meta name=\"author\" content=\"apuntesdesanluis.com\" \/>\n<meta name=\"twitter:card\" content=\"summary_large_image\" \/>\n<meta name=\"twitter:label1\" content=\"Escrito por\" \/>\n\t<meta name=\"twitter:data1\" content=\"apuntesdesanluis.com\" \/>\n\t<meta name=\"twitter:label2\" content=\"Tiempo de lectura\" \/>\n\t<meta name=\"twitter:data2\" content=\"3 minutos\" \/>\n<script type=\"application\/ld+json\" class=\"yoast-schema-graph\">{\"@context\":\"https:\/\/schema.org\",\"@graph\":[{\"@type\":\"Article\",\"@id\":\"https:\/\/apuntesdesanluis.com\/index.php\/2023\/07\/27\/reunion-del-ministro-de-educacion-jaime-perczyk-con-marcelo-sosa-y-santiago-farenga\/#article\",\"isPartOf\":{\"@id\":\"https:\/\/apuntesdesanluis.com\/index.php\/2023\/07\/27\/reunion-del-ministro-de-educacion-jaime-perczyk-con-marcelo-sosa-y-santiago-farenga\/\"},\"author\":{\"name\":\"apuntesdesanluis.com\",\"@id\":\"https:\/\/apuntesdesanluis.com\/#\/schema\/person\/b55151d52296fcce64d1a72538a70b90\"},\"headline\":\"REUNI\u00d3N DEL MINISTRO DE EDUCACI\u00d3N JAIME PERCZYK CON MARCELO SOSA Y SANTIAGO FARENGA\",\"datePublished\":\"2023-07-28T02:51:25+00:00\",\"dateModified\":\"2023-07-28T10:34:44+00:00\",\"mainEntityOfPage\":{\"@id\":\"https:\/\/apuntesdesanluis.com\/index.php\/2023\/07\/27\/reunion-del-ministro-de-educacion-jaime-perczyk-con-marcelo-sosa-y-santiago-farenga\/\"},\"wordCount\":482,\"publisher\":{\"@id\":\"https:\/\/apuntesdesanluis.com\/#\/schema\/person\/b55151d52296fcce64d1a72538a70b90\"},\"image\":{\"@id\":\"https:\/\/apuntesdesanluis.com\/index.php\/2023\/07\/27\/reunion-del-ministro-de-educacion-jaime-perczyk-con-marcelo-sosa-y-santiago-farenga\/#primaryimage\"},\"thumbnailUrl\":\"https:\/\/apuntesdesanluis.com\/wp-content\/uploads\/2023\/07\/sosa.-farenga-tapa.jpg\",\"articleSection\":[\"Ciudad\/Provincia\"],\"inLanguage\":\"es-AR\"},{\"@type\":\"WebPage\",\"@id\":\"https:\/\/apuntesdesanluis.com\/index.php\/2023\/07\/27\/reunion-del-ministro-de-educacion-jaime-perczyk-con-marcelo-sosa-y-santiago-farenga\/\",\"url\":\"https:\/\/apuntesdesanluis.com\/index.php\/2023\/07\/27\/reunion-del-ministro-de-educacion-jaime-perczyk-con-marcelo-sosa-y-santiago-farenga\/\",\"name\":\"REUNI\u00d3N DEL MINISTRO DE EDUCACI\u00d3N JAIME PERCZYK CON MARCELO SOSA Y SANTIAGO FARENGA - Apuntes de San Luis\",\"isPartOf\":{\"@id\":\"https:\/\/apuntesdesanluis.com\/#website\"},\"primaryImageOfPage\":{\"@id\":\"https:\/\/apuntesdesanluis.com\/index.php\/2023\/07\/27\/reunion-del-ministro-de-educacion-jaime-perczyk-con-marcelo-sosa-y-santiago-farenga\/#primaryimage\"},\"image\":{\"@id\":\"https:\/\/apuntesdesanluis.com\/index.php\/2023\/07\/27\/reunion-del-ministro-de-educacion-jaime-perczyk-con-marcelo-sosa-y-santiago-farenga\/#primaryimage\"},\"thumbnailUrl\":\"https:\/\/apuntesdesanluis.com\/wp-content\/uploads\/2023\/07\/sosa.-farenga-tapa.jpg\",\"datePublished\":\"2023-07-28T02:51:25+00:00\",\"dateModified\":\"2023-07-28T10:34:44+00:00\",\"breadcrumb\":{\"@id\":\"https:\/\/apuntesdesanluis.com\/index.php\/2023\/07\/27\/reunion-del-ministro-de-educacion-jaime-perczyk-con-marcelo-sosa-y-santiago-farenga\/#breadcrumb\"},\"inLanguage\":\"es-AR\",\"potentialAction\":[{\"@type\":\"ReadAction\",\"target\":[\"https:\/\/apuntesdesanluis.com\/index.php\/2023\/07\/27\/reunion-del-ministro-de-educacion-jaime-perczyk-con-marcelo-sosa-y-santiago-farenga\/\"]}]},{\"@type\":\"ImageObject\",\"inLanguage\":\"es-AR\",\"@id\":\"https:\/\/apuntesdesanluis.com\/index.php\/2023\/07\/27\/reunion-del-ministro-de-educacion-jaime-perczyk-con-marcelo-sosa-y-santiago-farenga\/#primaryimage\",\"url\":\"https:\/\/apuntesdesanluis.com\/wp-content\/uploads\/2023\/07\/sosa.-farenga-tapa.jpg\",\"contentUrl\":\"https:\/\/apuntesdesanluis.com\/wp-content\/uploads\/2023\/07\/sosa.-farenga-tapa.jpg\",\"width\":600,\"height\":380},{\"@type\":\"BreadcrumbList\",\"@id\":\"https:\/\/apuntesdesanluis.com\/index.php\/2023\/07\/27\/reunion-del-ministro-de-educacion-jaime-perczyk-con-marcelo-sosa-y-santiago-farenga\/#breadcrumb\",\"itemListElement\":[{\"@type\":\"ListItem\",\"position\":1,\"name\":\"Inicio\",\"item\":\"https:\/\/apuntesdesanluis.com\/\"},{\"@type\":\"ListItem\",\"position\":2,\"name\":\"REUNI\u00d3N DEL MINISTRO DE EDUCACI\u00d3N JAIME PERCZYK CON MARCELO SOSA Y SANTIAGO FARENGA\"}]},{\"@type\":\"WebSite\",\"@id\":\"https:\/\/apuntesdesanluis.com\/#website\",\"url\":\"https:\/\/apuntesdesanluis.com\/\",\"name\":\"Apuntes de San Luis\",\"description\":\"\",\"publisher\":{\"@id\":\"https:\/\/apuntesdesanluis.com\/#\/schema\/person\/b55151d52296fcce64d1a72538a70b90\"},\"potentialAction\":[{\"@type\":\"SearchAction\",\"target\":{\"@type\":\"EntryPoint\",\"urlTemplate\":\"https:\/\/apuntesdesanluis.com\/?s={search_term_string}\"},\"query-input\":{\"@type\":\"PropertyValueSpecification\",\"valueRequired\":true,\"valueName\":\"search_term_string\"}}],\"inLanguage\":\"es-AR\"},{\"@type\":[\"Person\",\"Organization\"],\"@id\":\"https:\/\/apuntesdesanluis.com\/#\/schema\/person\/b55151d52296fcce64d1a72538a70b90\",\"name\":\"apuntesdesanluis.com\",\"image\":{\"@type\":\"ImageObject\",\"inLanguage\":\"es-AR\",\"@id\":\"https:\/\/apuntesdesanluis.com\/#\/schema\/person\/image\/\",\"url\":\"https:\/\/apuntesdesanluis.com\/wp-content\/uploads\/2023\/07\/cropped-apuntesdesanluis.png\",\"contentUrl\":\"https:\/\/apuntesdesanluis.com\/wp-content\/uploads\/2023\/07\/cropped-apuntesdesanluis.png\",\"width\":450,\"height\":112,\"caption\":\"apuntesdesanluis.com\"},\"logo\":{\"@id\":\"https:\/\/apuntesdesanluis.com\/#\/schema\/person\/image\/\"},\"sameAs\":[\"https:\/\/apuntesdesanluis.com\"],\"url\":\"https:\/\/apuntesdesanluis.com\/index.php\/author\/apuntesdesanluis-com\/\"}]}<\/script>\n<!-- \/ Yoast SEO plugin. -->","yoast_head_json":{"title":"REUNI\u00d3N DEL MINISTRO DE EDUCACI\u00d3N JAIME PERCZYK CON MARCELO SOSA Y SANTIAGO FARENGA - Apuntes de San Luis","robots":{"index":"index","follow":"follow","max-snippet":"max-snippet:-1","max-image-preview":"max-image-preview:large","max-video-preview":"max-video-preview:-1"},"canonical":"https:\/\/apuntesdesanluis.com\/index.php\/2023\/07\/27\/reunion-del-ministro-de-educacion-jaime-perczyk-con-marcelo-sosa-y-santiago-farenga\/","og_locale":"es_ES","og_type":"article","og_title":"REUNI\u00d3N DEL MINISTRO DE EDUCACI\u00d3N JAIME PERCZYK CON MARCELO SOSA Y SANTIAGO FARENGA - Apuntes de San Luis","og_description":"El titular de la cartera educativa, Jaime Perczik, acompa\u00f1ado por el Secretario de Pol\u00edticas Universitarias...","og_url":"https:\/\/apuntesdesanluis.com\/index.php\/2023\/07\/27\/reunion-del-ministro-de-educacion-jaime-perczyk-con-marcelo-sosa-y-santiago-farenga\/","og_site_name":"Apuntes de San Luis","article_published_time":"2023-07-28T02:51:25+00:00","article_modified_time":"2023-07-28T10:34:44+00:00","og_image":[{"width":600,"height":380,"url":"https:\/\/apuntesdesanluis.com\/wp-content\/uploads\/2023\/07\/sosa.-farenga-tapa.jpg","type":"image\/jpeg"}],"author":"apuntesdesanluis.com","twitter_card":"summary_large_image","twitter_misc":{"Escrito por":"apuntesdesanluis.com","Tiempo de lectura":"3 minutos"},"schema":{"@context":"https:\/\/schema.org","@graph":[{"@type":"Article","@id":"https:\/\/apuntesdesanluis.com\/index.php\/2023\/07\/27\/reunion-del-ministro-de-educacion-jaime-perczyk-con-marcelo-sosa-y-santiago-farenga\/#article","isPartOf":{"@id":"https:\/\/apuntesdesanluis.com\/index.php\/2023\/07\/27\/reunion-del-ministro-de-educacion-jaime-perczyk-con-marcelo-sosa-y-santiago-farenga\/"},"author":{"name":"apuntesdesanluis.com","@id":"https:\/\/apuntesdesanluis.com\/#\/schema\/person\/b55151d52296fcce64d1a72538a70b90"},"headline":"REUNI\u00d3N DEL MINISTRO DE EDUCACI\u00d3N JAIME PERCZYK CON MARCELO SOSA Y SANTIAGO FARENGA","datePublished":"2023-07-28T02:51:25+00:00","dateModified":"2023-07-28T10:34:44+00:00","mainEntityOfPage":{"@id":"https:\/\/apuntesdesanluis.com\/index.php\/2023\/07\/27\/reunion-del-ministro-de-educacion-jaime-perczyk-con-marcelo-sosa-y-santiago-farenga\/"},"wordCount":482,"publisher":{"@id":"https:\/\/apuntesdesanluis.com\/#\/schema\/person\/b55151d52296fcce64d1a72538a70b90"},"image":{"@id":"https:\/\/apuntesdesanluis.com\/index.php\/2023\/07\/27\/reunion-del-ministro-de-educacion-jaime-perczyk-con-marcelo-sosa-y-santiago-farenga\/#primaryimage"},"thumbnailUrl":"https:\/\/apuntesdesanluis.com\/wp-content\/uploads\/2023\/07\/sosa.-farenga-tapa.jpg","articleSection":["Ciudad\/Provincia"],"inLanguage":"es-AR"},{"@type":"WebPage","@id":"https:\/\/apuntesdesanluis.com\/index.php\/2023\/07\/27\/reunion-del-ministro-de-educacion-jaime-perczyk-con-marcelo-sosa-y-santiago-farenga\/","url":"https:\/\/apuntesdesanluis.com\/index.php\/2023\/07\/27\/reunion-del-ministro-de-educacion-jaime-perczyk-con-marcelo-sosa-y-santiago-farenga\/","name":"REUNI\u00d3N DEL MINISTRO DE EDUCACI\u00d3N JAIME PERCZYK CON MARCELO SOSA Y SANTIAGO FARENGA - Apuntes de San Luis","isPartOf":{"@id":"https:\/\/apuntesdesanluis.com\/#website"},"primaryImageOfPage":{"@id":"https:\/\/apuntesdesanluis.com\/index.php\/2023\/07\/27\/reunion-del-ministro-de-educacion-jaime-perczyk-con-marcelo-sosa-y-santiago-farenga\/#primaryimage"},"image":{"@id":"https:\/\/apuntesdesanluis.com\/index.php\/2023\/07\/27\/reunion-del-ministro-de-educacion-jaime-perczyk-con-marcelo-sosa-y-santiago-farenga\/#primaryimage"},"thumbnailUrl":"https:\/\/apuntesdesanluis.com\/wp-content\/uploads\/2023\/07\/sosa.-farenga-tapa.jpg","datePublished":"2023-07-28T02:51:25+00:00","dateModified":"2023-07-28T10:34:44+00:00","breadcrumb":{"@id":"https:\/\/apuntesdesanluis.com\/index.php\/2023\/07\/27\/reunion-del-ministro-de-educacion-jaime-perczyk-con-marcelo-sosa-y-santiago-farenga\/#breadcrumb"},"inLanguage":"es-AR","potentialAction":[{"@type":"ReadAction","target":["https:\/\/apuntesdesanluis.com\/index.php\/2023\/07\/27\/reunion-del-ministro-de-educacion-jaime-perczyk-con-marcelo-sosa-y-santiago-farenga\/"]}]},{"@type":"ImageObject","inLanguage":"es-AR","@id":"https:\/\/apuntesdesanluis.com\/index.php\/2023\/07\/27\/reunion-del-ministro-de-educacion-jaime-perczyk-con-marcelo-sosa-y-santiago-farenga\/#primaryimage","url":"https:\/\/apuntesdesanluis.com\/wp-content\/uploads\/2023\/07\/sosa.-farenga-tapa.jpg","contentUrl":"https:\/\/apuntesdesanluis.com\/wp-content\/uploads\/2023\/07\/sosa.-farenga-tapa.jpg","width":600,"height":380},{"@type":"BreadcrumbList","@id":"https:\/\/apuntesdesanluis.com\/index.php\/2023\/07\/27\/reunion-del-ministro-de-educacion-jaime-perczyk-con-marcelo-sosa-y-santiago-farenga\/#breadcrumb","itemListElement":[{"@type":"ListItem","position":1,"name":"Inicio","item":"https:\/\/apuntesdesanluis.com\/"},{"@type":"ListItem","position":2,"name":"REUNI\u00d3N DEL MINISTRO DE EDUCACI\u00d3N JAIME PERCZYK CON MARCELO SOSA Y SANTIAGO FARENGA"}]},{"@type":"WebSite","@id":"https:\/\/apuntesdesanluis.com\/#website","url":"https:\/\/apuntesdesanluis.com\/","name":"Apuntes de San Luis","description":"","publisher":{"@id":"https:\/\/apuntesdesanluis.com\/#\/schema\/person\/b55151d52296fcce64d1a72538a70b90"},"potentialAction":[{"@type":"SearchAction","target":{"@type":"EntryPoint","urlTemplate":"https:\/\/apuntesdesanluis.com\/?s={search_term_string}"},"query-input":{"@type":"PropertyValueSpecification","valueRequired":true,"valueName":"search_term_string"}}],"inLanguage":"es-AR"},{"@type":["Person","Organization"],"@id":"https:\/\/apuntesdesanluis.com\/#\/schema\/person\/b55151d52296fcce64d1a72538a70b90","name":"apuntesdesanluis.com","image":{"@type":"ImageObject","inLanguage":"es-AR","@id":"https:\/\/apuntesdesanluis.com\/#\/schema\/person\/image\/","url":"https:\/\/apuntesdesanluis.com\/wp-content\/uploads\/2023\/07\/cropped-apuntesdesanluis.png","contentUrl":"https:\/\/apuntesdesanluis.com\/wp-content\/uploads\/2023\/07\/cropped-apuntesdesanluis.png","width":450,"height":112,"caption":"apuntesdesanluis.com"},"logo":{"@id":"https:\/\/apuntesdesanluis.com\/#\/schema\/person\/image\/"},"sameAs":["https:\/\/apuntesdesanluis.com"],"url":"https:\/\/apuntesdesanluis.com\/index.php\/author\/apuntesdesanluis-com\/"}]}},"featured_image_urls":{"full":["https:\/\/apuntesdesanluis.com\/wp-content\/uploads\/2023\/07\/sosa.-farenga-tapa.jpg",600,380,false],"thumbnail":["https:\/\/apuntesdesanluis.com\/wp-content\/uploads\/2023\/07\/sosa.-farenga-tapa-150x150.jpg",150,150,true],"medium":["https:\/\/apuntesdesanluis.com\/wp-content\/uploads\/2023\/07\/sosa.-farenga-tapa-300x190.jpg",300,190,true],"medium_large":["https:\/\/apuntesdesanluis.com\/wp-content\/uploads\/2023\/07\/sosa.-farenga-tapa.jpg",600,380,false],"large":["https:\/\/apuntesdesanluis.com\/wp-content\/uploads\/2023\/07\/sosa.-farenga-tapa.jpg",600,380,false],"1536x1536":["https:\/\/apuntesdesanluis.com\/wp-content\/uploads\/2023\/07\/sosa.-farenga-tapa.jpg",600,380,false],"2048x2048":["https:\/\/apuntesdesanluis.com\/wp-content\/uploads\/2023\/07\/sosa.-farenga-tapa.jpg",600,380,false],"newsever-slider-full":["https:\/\/apuntesdesanluis.com\/wp-content\/uploads\/2023\/07\/sosa.-farenga-tapa.jpg",600,380,false],"newsever-featured":["https:\/\/apuntesdesanluis.com\/wp-content\/uploads\/2023\/07\/sosa.-farenga-tapa.jpg",600,380,false],"newsever-medium":["https:\/\/apuntesdesanluis.com\/wp-content\/uploads\/2023\/07\/sosa.-farenga-tapa.jpg",600,380,false]},"author_info":{"display_name":"apuntesdesanluis.com","author_link":"https:\/\/apuntesdesanluis.com\/index.php\/author\/apuntesdesanluis-com\/"},"category_info":"<a href=\"https:\/\/apuntesdesanluis.com\/index.php\/category\/ciudad-provincia\/\" rel=\"category tag\">Ciudad\/Provincia<\/a>","tag_info":"Ciudad\/Provincia","comment_count":"0","_links":{"self":[{"href":"https:\/\/apuntesdesanluis.com\/index.php\/wp-json\/wp\/v2\/posts\/597","targetHints":{"allow":["GET"]}}],"collection":[{"href":"https:\/\/apuntesdesanluis.com\/index.php\/wp-json\/wp\/v2\/posts"}],"about":[{"href":"https:\/\/apuntesdesanluis.com\/index.php\/wp-json\/wp\/v2\/types\/post"}],"author":[{"embeddable":true,"href":"https:\/\/apuntesdesanluis.com\/index.php\/wp-json\/wp\/v2\/users\/1"}],"replies":[{"embeddable":true,"href":"https:\/\/apuntesdesanluis.com\/index.php\/wp-json\/wp\/v2\/comments?post=597"}],"version-history":[{"count":4,"href":"https:\/\/apuntesdesanluis.com\/index.php\/wp-json\/wp\/v2\/posts\/597\/revisions"}],"predecessor-version":[{"id":603,"href":"https:\/\/apuntesdesanluis.com\/index.php\/wp-json\/wp\/v2\/posts\/597\/revisions\/603"}],"wp:featuredmedia":[{"embeddable":true,"href":"https:\/\/apuntesdesanluis.com\/index.php\/wp-json\/wp\/v2\/media\/598"}],"wp:attachment":[{"href":"https:\/\/apuntesdesanluis.com\/index.php\/wp-json\/wp\/v2\/media?parent=597"}],"wp:term":[{"taxonomy":"category","embeddable":true,"href":"https:\/\/apuntesdesanluis.com\/index.php\/wp-json\/wp\/v2\/categories?post=597"},{"taxonomy":"post_tag","embeddable":true,"href":"https:\/\/apuntesdesanluis.com\/index.php\/wp-json\/wp\/v2\/tags?post=597"}],"curies":[{"name":"wp","href":"https:\/\/api.w.org\/{rel}","templated":true}]}}