{"id":5984,"date":"2023-10-28T19:07:38","date_gmt":"2023-10-28T22:07:38","guid":{"rendered":"https:\/\/apuntesdesanluis.com\/?p=5984"},"modified":"2023-10-28T19:07:38","modified_gmt":"2023-10-28T22:07:38","slug":"rigen-alertas-por-vientos-y-tormentas-en-14-provincias-del-pais","status":"publish","type":"post","link":"https:\/\/apuntesdesanluis.com\/index.php\/2023\/10\/28\/rigen-alertas-por-vientos-y-tormentas-en-14-provincias-del-pais\/","title":{"rendered":"RIGEN ALERTAS POR VIENTOS Y TORMENTAS EN 14 PROVINCIAS DEL PA\u00cdS"},"content":{"rendered":"<h3>El mayor nivel de alarma se activ\u00f3 en la provincia de Misiones, donde el Servicio Meteorol\u00f3gico Nacional (SMN) advirti\u00f3 sobre la llegada de temporales de fuerte intensidad, que incluyen actividad el\u00e9ctrica, intensas r\u00e1fagas, ca\u00edda de granizo y, especialmente, una abundante ca\u00edda de agua en cortos per\u00edodos<\/h3>\n<h3>Durante la jornada del viernes, 17 provincias estuvieron bajo alerta por tormentas y fuertes vientos, situaci\u00f3n que podr\u00eda mantenerse durante el fin de semana en algunas regiones del pa\u00eds. Incluso, en otras zonas podr\u00edan registrarse nevadas.<\/h3>\n<h3>En San Luis la REM no emiti\u00f3 ning\u00fan alerta, aunque s\u00ed marco inestabilidad y probabilidad de precipitaciones.<\/h3>\n<p><img fetchpriority=\"high\" decoding=\"async\" class=\"wp-image-5985 aligncenter\" src=\"https:\/\/apuntesdesanluis.com\/wp-content\/uploads\/2023\/10\/sabado-300x300.jpg\" alt=\"\" width=\"628\" height=\"628\" srcset=\"https:\/\/apuntesdesanluis.com\/wp-content\/uploads\/2023\/10\/sabado-300x300.jpg 300w, https:\/\/apuntesdesanluis.com\/wp-content\/uploads\/2023\/10\/sabado-150x150.jpg 150w, https:\/\/apuntesdesanluis.com\/wp-content\/uploads\/2023\/10\/sabado.jpg 526w\" sizes=\"(max-width: 628px) 100vw, 628px\" \/><\/p>\n<h3><img decoding=\"async\" class=\"wp-image-5986 aligncenter\" src=\"https:\/\/apuntesdesanluis.com\/wp-content\/uploads\/2023\/10\/Imagen-de-WhatsApp-2023-10-28-a-las-18.15.51_eec57d4f-300x300.jpg\" alt=\"\" width=\"628\" height=\"628\" srcset=\"https:\/\/apuntesdesanluis.com\/wp-content\/uploads\/2023\/10\/Imagen-de-WhatsApp-2023-10-28-a-las-18.15.51_eec57d4f-300x300.jpg 300w, https:\/\/apuntesdesanluis.com\/wp-content\/uploads\/2023\/10\/Imagen-de-WhatsApp-2023-10-28-a-las-18.15.51_eec57d4f-1024x1024.jpg 1024w, https:\/\/apuntesdesanluis.com\/wp-content\/uploads\/2023\/10\/Imagen-de-WhatsApp-2023-10-28-a-las-18.15.51_eec57d4f-150x150.jpg 150w, https:\/\/apuntesdesanluis.com\/wp-content\/uploads\/2023\/10\/Imagen-de-WhatsApp-2023-10-28-a-las-18.15.51_eec57d4f-768x768.jpg 768w, https:\/\/apuntesdesanluis.com\/wp-content\/uploads\/2023\/10\/Imagen-de-WhatsApp-2023-10-28-a-las-18.15.51_eec57d4f.jpg 1080w\" sizes=\"(max-width: 628px) 100vw, 628px\" \/><\/h3>\n<h3>El Servicio Meteorol\u00f3gico Nacional (SMN) emiti\u00f3 una serie de alertas para este s\u00e1bado que abarcan los tres niveles de peligrosidad: amarillo, naranja y rojo. Las advertencias alcanzan a 14 provincias.<\/h3>\n<h3>En la regi\u00f3n noreste del pa\u00eds, todo el territorio misionero se ver\u00e1 afectado por tormentas intensas, con potencial de provocar emergencias o desastres. Esta es la \u00fanica provincia en la que rige una advertencia de color rojo, por lo que recomiendan seguir de cerca las instrucciones de las autoridades.<\/h3>\n<h3>\u201cEl \u00e1rea ser\u00e1 afectada tormentas, las cuales podr\u00e1n presentar intensidad fuerte a severa, con fuerte actividad el\u00e9ctrica, intensas r\u00e1fagas, ca\u00edda de granizo, y especialmente abundante ca\u00edda de agua en cortos periodos. Se esperan valores de precipitaci\u00f3n acumulada entre 80 y 200 mm, pudiendo ser superados de forma puntual\u201d, indicaron desde el SMN.<\/h3>\n<h3>Mientras tanto, algunos distritos de Corrientes, Formosa y Chaco se encuentran bajo una alerta amarilla por tormentas. Sin embargo, la situaci\u00f3n mejorar\u00eda para el domingo 29, puesto que no se prev\u00e9n fen\u00f3menos de consideraci\u00f3n para ninguna de las zonas que se ver\u00e1n afectadas hoy.<\/h3>\n<h3>Hacia el sur del pa\u00eds, rige una alerta naranja por lluvias en casi toda la provincia de Neuqu\u00e9n parte de la provincia de R\u00edo Negro y un sector del norte del territorio de Chubut. En paralelo, rige una advertencia por nevadas en las mismas zonas y alcanza tambi\u00e9n a la regi\u00f3n cordillerana de Mendoza.<\/h3>\n<h3>Adem\u00e1s de las precipitaciones que se prev\u00e9n para este s\u00e1bado, gran parte del pa\u00eds registrar\u00e1 vientos fuertes. En ese sentido, las r\u00e1fagas pueden llegar a significar un peligro para la sociedad, los bienes, el medioambiente y el desarrollo de la vida en el centro norte de Chubut, el centro oeste de R\u00edo Negro, gran parte de Neuqu\u00e9n y la regi\u00f3n suroeste de La Pampa.<\/h3>\n<h3>De igual forma, tambi\u00e9n rige una alerta amarilla por vientos en el centro norte de Santa Cruz, el resto de la provincia de Chubut, todo el este de R\u00edo Negro, la zona cordillerana de Neuqu\u00e9n, Mendoza y San Juan, el sur de Buenos Aires, as\u00ed como algunos distritos de La Pampa.<\/h3>\n<h3>Las r\u00e1fagas se mantendr\u00e1n fuertes el domingo en al menos siete provincias: Buenos Aires, La Pampa, Chubut, R\u00edo Negro, <span style=\"color: #000000;\"><strong>San Luis<\/strong><\/span>, Neuqu\u00e9n y Mendoza. La zona cordillerana de estas \u00faltimas tambi\u00e9n registrar\u00e1n nevadas de consideraci\u00f3n en el \u00faltimo d\u00eda del fin de semana.<\/h3>\n<h3>Adem\u00e1s, se prev\u00e9n lluvias importantes en los distritos neuquinos de Cat\u00e1n Lil, Coll\u00f3n Cur\u00e1, Zapala, Alumin\u00e9, Huiliches, L\u00e1car, Loncopu\u00e9, Picunches, \u00d1orqu\u00edn, A\u00f1elo, Pehuenches, Chos Malal y Minas.<\/h3>\n<h3>Seg\u00fan las advertencias del SMN, tormentas de consideraci\u00f3n se registrar\u00e1n el domingo en casi toda la provincia de Entre R\u00edos y parte de Santa Fe.<\/h3>\n<h3>Para todas las zonas en las que se prev\u00e9n lluvias, tormentas y vientos que pueden llegar a ser peligrosos, se recomienda evitar actividades al aire libre, asegurar objetos que puedan ser arrojados por el viento, as\u00ed como mantenerse alejados de \u00e1rboles y zonas costeras. Mientras tanto, el ente nacional aconseja que en aquellos lugares en donde se esperan nevadas de consideraci\u00f3n se retire peri\u00f3dicamente la nieve acumulada en los techos, circular con veh\u00edculos adecuado para el hielo y la nieve, ventilar los espacios para evitar la acumulaci\u00f3n de mon\u00f3xido de carbono y mantenerse informado sobre la evoluci\u00f3n del fen\u00f3meno meteorol\u00f3gico.<\/h3>\n<p>&nbsp;<\/p>\n<p>&nbsp;<\/p>\n<p>&nbsp;<\/p>\n","protected":false},"excerpt":{"rendered":"<p>El mayor nivel de alarma se activ\u00f3 en la provincia de Misiones, donde el Servicio&#8230;<\/p>\n","protected":false},"author":1,"featured_media":5987,"comment_status":"closed","ping_status":"closed","sticky":false,"template":"","format":"standard","meta":{"footnotes":""},"categories":[5],"tags":[],"class_list":["post-5984","post","type-post","status-publish","format-standard","has-post-thumbnail","hentry","category-nacionales-internacionales"],"yoast_head":"<!-- This site is optimized with the Yoast SEO plugin v26.1.1 - https:\/\/yoast.com\/wordpress\/plugins\/seo\/ -->\n<title>RIGEN ALERTAS POR VIENTOS Y TORMENTAS EN 14 PROVINCIAS DEL PA\u00cdS - Apuntes de San Luis<\/title>\n<meta name=\"robots\" content=\"index, follow, max-snippet:-1, max-image-preview:large, max-video-preview:-1\" \/>\n<link rel=\"canonical\" href=\"https:\/\/apuntesdesanluis.com\/index.php\/2023\/10\/28\/rigen-alertas-por-vientos-y-tormentas-en-14-provincias-del-pais\/\" \/>\n<meta property=\"og:locale\" content=\"es_ES\" \/>\n<meta property=\"og:type\" content=\"article\" \/>\n<meta property=\"og:title\" content=\"RIGEN ALERTAS POR VIENTOS Y TORMENTAS EN 14 PROVINCIAS DEL PA\u00cdS - Apuntes de San Luis\" \/>\n<meta property=\"og:description\" content=\"El mayor nivel de alarma se activ\u00f3 en la provincia de Misiones, donde el Servicio...\" \/>\n<meta property=\"og:url\" content=\"https:\/\/apuntesdesanluis.com\/index.php\/2023\/10\/28\/rigen-alertas-por-vientos-y-tormentas-en-14-provincias-del-pais\/\" \/>\n<meta property=\"og:site_name\" content=\"Apuntes de San Luis\" \/>\n<meta property=\"article:published_time\" content=\"2023-10-28T22:07:38+00:00\" \/>\n<meta property=\"og:image\" content=\"https:\/\/apuntesdesanluis.com\/wp-content\/uploads\/2023\/10\/ALERTA-1.png\" \/>\n\t<meta property=\"og:image:width\" content=\"736\" \/>\n\t<meta property=\"og:image:height\" content=\"445\" \/>\n\t<meta property=\"og:image:type\" content=\"image\/png\" \/>\n<meta name=\"author\" content=\"apuntesdesanluis.com\" \/>\n<meta name=\"twitter:card\" content=\"summary_large_image\" \/>\n<meta name=\"twitter:label1\" content=\"Escrito por\" \/>\n\t<meta name=\"twitter:data1\" content=\"apuntesdesanluis.com\" \/>\n\t<meta name=\"twitter:label2\" content=\"Tiempo de lectura\" \/>\n\t<meta name=\"twitter:data2\" content=\"4 minutos\" \/>\n<script type=\"application\/ld+json\" class=\"yoast-schema-graph\">{\"@context\":\"https:\/\/schema.org\",\"@graph\":[{\"@type\":\"Article\",\"@id\":\"https:\/\/apuntesdesanluis.com\/index.php\/2023\/10\/28\/rigen-alertas-por-vientos-y-tormentas-en-14-provincias-del-pais\/#article\",\"isPartOf\":{\"@id\":\"https:\/\/apuntesdesanluis.com\/index.php\/2023\/10\/28\/rigen-alertas-por-vientos-y-tormentas-en-14-provincias-del-pais\/\"},\"author\":{\"name\":\"apuntesdesanluis.com\",\"@id\":\"https:\/\/apuntesdesanluis.com\/#\/schema\/person\/b55151d52296fcce64d1a72538a70b90\"},\"headline\":\"RIGEN ALERTAS POR VIENTOS Y TORMENTAS EN 14 PROVINCIAS DEL PA\u00cdS\",\"datePublished\":\"2023-10-28T22:07:38+00:00\",\"mainEntityOfPage\":{\"@id\":\"https:\/\/apuntesdesanluis.com\/index.php\/2023\/10\/28\/rigen-alertas-por-vientos-y-tormentas-en-14-provincias-del-pais\/\"},\"wordCount\":718,\"publisher\":{\"@id\":\"https:\/\/apuntesdesanluis.com\/#\/schema\/person\/b55151d52296fcce64d1a72538a70b90\"},\"image\":{\"@id\":\"https:\/\/apuntesdesanluis.com\/index.php\/2023\/10\/28\/rigen-alertas-por-vientos-y-tormentas-en-14-provincias-del-pais\/#primaryimage\"},\"thumbnailUrl\":\"https:\/\/apuntesdesanluis.com\/wp-content\/uploads\/2023\/10\/ALERTA-1.png\",\"articleSection\":[\"Nacionales\/Internacionales\"],\"inLanguage\":\"es-AR\"},{\"@type\":\"WebPage\",\"@id\":\"https:\/\/apuntesdesanluis.com\/index.php\/2023\/10\/28\/rigen-alertas-por-vientos-y-tormentas-en-14-provincias-del-pais\/\",\"url\":\"https:\/\/apuntesdesanluis.com\/index.php\/2023\/10\/28\/rigen-alertas-por-vientos-y-tormentas-en-14-provincias-del-pais\/\",\"name\":\"RIGEN ALERTAS POR VIENTOS Y TORMENTAS EN 14 PROVINCIAS DEL PA\u00cdS - Apuntes de San Luis\",\"isPartOf\":{\"@id\":\"https:\/\/apuntesdesanluis.com\/#website\"},\"primaryImageOfPage\":{\"@id\":\"https:\/\/apuntesdesanluis.com\/index.php\/2023\/10\/28\/rigen-alertas-por-vientos-y-tormentas-en-14-provincias-del-pais\/#primaryimage\"},\"image\":{\"@id\":\"https:\/\/apuntesdesanluis.com\/index.php\/2023\/10\/28\/rigen-alertas-por-vientos-y-tormentas-en-14-provincias-del-pais\/#primaryimage\"},\"thumbnailUrl\":\"https:\/\/apuntesdesanluis.com\/wp-content\/uploads\/2023\/10\/ALERTA-1.png\",\"datePublished\":\"2023-10-28T22:07:38+00:00\",\"breadcrumb\":{\"@id\":\"https:\/\/apuntesdesanluis.com\/index.php\/2023\/10\/28\/rigen-alertas-por-vientos-y-tormentas-en-14-provincias-del-pais\/#breadcrumb\"},\"inLanguage\":\"es-AR\",\"potentialAction\":[{\"@type\":\"ReadAction\",\"target\":[\"https:\/\/apuntesdesanluis.com\/index.php\/2023\/10\/28\/rigen-alertas-por-vientos-y-tormentas-en-14-provincias-del-pais\/\"]}]},{\"@type\":\"ImageObject\",\"inLanguage\":\"es-AR\",\"@id\":\"https:\/\/apuntesdesanluis.com\/index.php\/2023\/10\/28\/rigen-alertas-por-vientos-y-tormentas-en-14-provincias-del-pais\/#primaryimage\",\"url\":\"https:\/\/apuntesdesanluis.com\/wp-content\/uploads\/2023\/10\/ALERTA-1.png\",\"contentUrl\":\"https:\/\/apuntesdesanluis.com\/wp-content\/uploads\/2023\/10\/ALERTA-1.png\",\"width\":736,\"height\":445},{\"@type\":\"BreadcrumbList\",\"@id\":\"https:\/\/apuntesdesanluis.com\/index.php\/2023\/10\/28\/rigen-alertas-por-vientos-y-tormentas-en-14-provincias-del-pais\/#breadcrumb\",\"itemListElement\":[{\"@type\":\"ListItem\",\"position\":1,\"name\":\"Inicio\",\"item\":\"https:\/\/apuntesdesanluis.com\/\"},{\"@type\":\"ListItem\",\"position\":2,\"name\":\"RIGEN ALERTAS POR VIENTOS Y TORMENTAS EN 14 PROVINCIAS DEL PA\u00cdS\"}]},{\"@type\":\"WebSite\",\"@id\":\"https:\/\/apuntesdesanluis.com\/#website\",\"url\":\"https:\/\/apuntesdesanluis.com\/\",\"name\":\"Apuntes de San Luis\",\"description\":\"\",\"publisher\":{\"@id\":\"https:\/\/apuntesdesanluis.com\/#\/schema\/person\/b55151d52296fcce64d1a72538a70b90\"},\"potentialAction\":[{\"@type\":\"SearchAction\",\"target\":{\"@type\":\"EntryPoint\",\"urlTemplate\":\"https:\/\/apuntesdesanluis.com\/?s={search_term_string}\"},\"query-input\":{\"@type\":\"PropertyValueSpecification\",\"valueRequired\":true,\"valueName\":\"search_term_string\"}}],\"inLanguage\":\"es-AR\"},{\"@type\":[\"Person\",\"Organization\"],\"@id\":\"https:\/\/apuntesdesanluis.com\/#\/schema\/person\/b55151d52296fcce64d1a72538a70b90\",\"name\":\"apuntesdesanluis.com\",\"image\":{\"@type\":\"ImageObject\",\"inLanguage\":\"es-AR\",\"@id\":\"https:\/\/apuntesdesanluis.com\/#\/schema\/person\/image\/\",\"url\":\"https:\/\/apuntesdesanluis.com\/wp-content\/uploads\/2023\/07\/cropped-apuntesdesanluis.png\",\"contentUrl\":\"https:\/\/apuntesdesanluis.com\/wp-content\/uploads\/2023\/07\/cropped-apuntesdesanluis.png\",\"width\":450,\"height\":112,\"caption\":\"apuntesdesanluis.com\"},\"logo\":{\"@id\":\"https:\/\/apuntesdesanluis.com\/#\/schema\/person\/image\/\"},\"sameAs\":[\"https:\/\/apuntesdesanluis.com\"],\"url\":\"https:\/\/apuntesdesanluis.com\/index.php\/author\/apuntesdesanluis-com\/\"}]}<\/script>\n<!-- \/ Yoast SEO plugin. -->","yoast_head_json":{"title":"RIGEN ALERTAS POR VIENTOS Y TORMENTAS EN 14 PROVINCIAS DEL PA\u00cdS - Apuntes de San Luis","robots":{"index":"index","follow":"follow","max-snippet":"max-snippet:-1","max-image-preview":"max-image-preview:large","max-video-preview":"max-video-preview:-1"},"canonical":"https:\/\/apuntesdesanluis.com\/index.php\/2023\/10\/28\/rigen-alertas-por-vientos-y-tormentas-en-14-provincias-del-pais\/","og_locale":"es_ES","og_type":"article","og_title":"RIGEN ALERTAS POR VIENTOS Y TORMENTAS EN 14 PROVINCIAS DEL PA\u00cdS - Apuntes de San Luis","og_description":"El mayor nivel de alarma se activ\u00f3 en la provincia de Misiones, donde el Servicio...","og_url":"https:\/\/apuntesdesanluis.com\/index.php\/2023\/10\/28\/rigen-alertas-por-vientos-y-tormentas-en-14-provincias-del-pais\/","og_site_name":"Apuntes de San Luis","article_published_time":"2023-10-28T22:07:38+00:00","og_image":[{"width":736,"height":445,"url":"https:\/\/apuntesdesanluis.com\/wp-content\/uploads\/2023\/10\/ALERTA-1.png","type":"image\/png"}],"author":"apuntesdesanluis.com","twitter_card":"summary_large_image","twitter_misc":{"Escrito por":"apuntesdesanluis.com","Tiempo de lectura":"4 minutos"},"schema":{"@context":"https:\/\/schema.org","@graph":[{"@type":"Article","@id":"https:\/\/apuntesdesanluis.com\/index.php\/2023\/10\/28\/rigen-alertas-por-vientos-y-tormentas-en-14-provincias-del-pais\/#article","isPartOf":{"@id":"https:\/\/apuntesdesanluis.com\/index.php\/2023\/10\/28\/rigen-alertas-por-vientos-y-tormentas-en-14-provincias-del-pais\/"},"author":{"name":"apuntesdesanluis.com","@id":"https:\/\/apuntesdesanluis.com\/#\/schema\/person\/b55151d52296fcce64d1a72538a70b90"},"headline":"RIGEN ALERTAS POR VIENTOS Y TORMENTAS EN 14 PROVINCIAS DEL PA\u00cdS","datePublished":"2023-10-28T22:07:38+00:00","mainEntityOfPage":{"@id":"https:\/\/apuntesdesanluis.com\/index.php\/2023\/10\/28\/rigen-alertas-por-vientos-y-tormentas-en-14-provincias-del-pais\/"},"wordCount":718,"publisher":{"@id":"https:\/\/apuntesdesanluis.com\/#\/schema\/person\/b55151d52296fcce64d1a72538a70b90"},"image":{"@id":"https:\/\/apuntesdesanluis.com\/index.php\/2023\/10\/28\/rigen-alertas-por-vientos-y-tormentas-en-14-provincias-del-pais\/#primaryimage"},"thumbnailUrl":"https:\/\/apuntesdesanluis.com\/wp-content\/uploads\/2023\/10\/ALERTA-1.png","articleSection":["Nacionales\/Internacionales"],"inLanguage":"es-AR"},{"@type":"WebPage","@id":"https:\/\/apuntesdesanluis.com\/index.php\/2023\/10\/28\/rigen-alertas-por-vientos-y-tormentas-en-14-provincias-del-pais\/","url":"https:\/\/apuntesdesanluis.com\/index.php\/2023\/10\/28\/rigen-alertas-por-vientos-y-tormentas-en-14-provincias-del-pais\/","name":"RIGEN ALERTAS POR VIENTOS Y TORMENTAS EN 14 PROVINCIAS DEL PA\u00cdS - Apuntes de San Luis","isPartOf":{"@id":"https:\/\/apuntesdesanluis.com\/#website"},"primaryImageOfPage":{"@id":"https:\/\/apuntesdesanluis.com\/index.php\/2023\/10\/28\/rigen-alertas-por-vientos-y-tormentas-en-14-provincias-del-pais\/#primaryimage"},"image":{"@id":"https:\/\/apuntesdesanluis.com\/index.php\/2023\/10\/28\/rigen-alertas-por-vientos-y-tormentas-en-14-provincias-del-pais\/#primaryimage"},"thumbnailUrl":"https:\/\/apuntesdesanluis.com\/wp-content\/uploads\/2023\/10\/ALERTA-1.png","datePublished":"2023-10-28T22:07:38+00:00","breadcrumb":{"@id":"https:\/\/apuntesdesanluis.com\/index.php\/2023\/10\/28\/rigen-alertas-por-vientos-y-tormentas-en-14-provincias-del-pais\/#breadcrumb"},"inLanguage":"es-AR","potentialAction":[{"@type":"ReadAction","target":["https:\/\/apuntesdesanluis.com\/index.php\/2023\/10\/28\/rigen-alertas-por-vientos-y-tormentas-en-14-provincias-del-pais\/"]}]},{"@type":"ImageObject","inLanguage":"es-AR","@id":"https:\/\/apuntesdesanluis.com\/index.php\/2023\/10\/28\/rigen-alertas-por-vientos-y-tormentas-en-14-provincias-del-pais\/#primaryimage","url":"https:\/\/apuntesdesanluis.com\/wp-content\/uploads\/2023\/10\/ALERTA-1.png","contentUrl":"https:\/\/apuntesdesanluis.com\/wp-content\/uploads\/2023\/10\/ALERTA-1.png","width":736,"height":445},{"@type":"BreadcrumbList","@id":"https:\/\/apuntesdesanluis.com\/index.php\/2023\/10\/28\/rigen-alertas-por-vientos-y-tormentas-en-14-provincias-del-pais\/#breadcrumb","itemListElement":[{"@type":"ListItem","position":1,"name":"Inicio","item":"https:\/\/apuntesdesanluis.com\/"},{"@type":"ListItem","position":2,"name":"RIGEN ALERTAS POR VIENTOS Y TORMENTAS EN 14 PROVINCIAS DEL PA\u00cdS"}]},{"@type":"WebSite","@id":"https:\/\/apuntesdesanluis.com\/#website","url":"https:\/\/apuntesdesanluis.com\/","name":"Apuntes de San Luis","description":"","publisher":{"@id":"https:\/\/apuntesdesanluis.com\/#\/schema\/person\/b55151d52296fcce64d1a72538a70b90"},"potentialAction":[{"@type":"SearchAction","target":{"@type":"EntryPoint","urlTemplate":"https:\/\/apuntesdesanluis.com\/?s={search_term_string}"},"query-input":{"@type":"PropertyValueSpecification","valueRequired":true,"valueName":"search_term_string"}}],"inLanguage":"es-AR"},{"@type":["Person","Organization"],"@id":"https:\/\/apuntesdesanluis.com\/#\/schema\/person\/b55151d52296fcce64d1a72538a70b90","name":"apuntesdesanluis.com","image":{"@type":"ImageObject","inLanguage":"es-AR","@id":"https:\/\/apuntesdesanluis.com\/#\/schema\/person\/image\/","url":"https:\/\/apuntesdesanluis.com\/wp-content\/uploads\/2023\/07\/cropped-apuntesdesanluis.png","contentUrl":"https:\/\/apuntesdesanluis.com\/wp-content\/uploads\/2023\/07\/cropped-apuntesdesanluis.png","width":450,"height":112,"caption":"apuntesdesanluis.com"},"logo":{"@id":"https:\/\/apuntesdesanluis.com\/#\/schema\/person\/image\/"},"sameAs":["https:\/\/apuntesdesanluis.com"],"url":"https:\/\/apuntesdesanluis.com\/index.php\/author\/apuntesdesanluis-com\/"}]}},"featured_image_urls":{"full":["https:\/\/apuntesdesanluis.com\/wp-content\/uploads\/2023\/10\/ALERTA-1.png",736,445,false],"thumbnail":["https:\/\/apuntesdesanluis.com\/wp-content\/uploads\/2023\/10\/ALERTA-1-150x150.png",150,150,true],"medium":["https:\/\/apuntesdesanluis.com\/wp-content\/uploads\/2023\/10\/ALERTA-1-300x181.png",300,181,true],"medium_large":["https:\/\/apuntesdesanluis.com\/wp-content\/uploads\/2023\/10\/ALERTA-1.png",640,387,false],"large":["https:\/\/apuntesdesanluis.com\/wp-content\/uploads\/2023\/10\/ALERTA-1.png",640,387,false],"1536x1536":["https:\/\/apuntesdesanluis.com\/wp-content\/uploads\/2023\/10\/ALERTA-1.png",736,445,false],"2048x2048":["https:\/\/apuntesdesanluis.com\/wp-content\/uploads\/2023\/10\/ALERTA-1.png",736,445,false],"newsever-slider-full":["https:\/\/apuntesdesanluis.com\/wp-content\/uploads\/2023\/10\/ALERTA-1.png",736,445,false],"newsever-featured":["https:\/\/apuntesdesanluis.com\/wp-content\/uploads\/2023\/10\/ALERTA-1.png",736,445,false],"newsever-medium":["https:\/\/apuntesdesanluis.com\/wp-content\/uploads\/2023\/10\/ALERTA-1-720x445.png",720,445,true]},"author_info":{"display_name":"apuntesdesanluis.com","author_link":"https:\/\/apuntesdesanluis.com\/index.php\/author\/apuntesdesanluis-com\/"},"category_info":"<a href=\"https:\/\/apuntesdesanluis.com\/index.php\/category\/nacionales-internacionales\/\" rel=\"category tag\">Nacionales\/Internacionales<\/a>","tag_info":"Nacionales\/Internacionales","comment_count":"0","_links":{"self":[{"href":"https:\/\/apuntesdesanluis.com\/index.php\/wp-json\/wp\/v2\/posts\/5984","targetHints":{"allow":["GET"]}}],"collection":[{"href":"https:\/\/apuntesdesanluis.com\/index.php\/wp-json\/wp\/v2\/posts"}],"about":[{"href":"https:\/\/apuntesdesanluis.com\/index.php\/wp-json\/wp\/v2\/types\/post"}],"author":[{"embeddable":true,"href":"https:\/\/apuntesdesanluis.com\/index.php\/wp-json\/wp\/v2\/users\/1"}],"replies":[{"embeddable":true,"href":"https:\/\/apuntesdesanluis.com\/index.php\/wp-json\/wp\/v2\/comments?post=5984"}],"version-history":[{"count":1,"href":"https:\/\/apuntesdesanluis.com\/index.php\/wp-json\/wp\/v2\/posts\/5984\/revisions"}],"predecessor-version":[{"id":5988,"href":"https:\/\/apuntesdesanluis.com\/index.php\/wp-json\/wp\/v2\/posts\/5984\/revisions\/5988"}],"wp:featuredmedia":[{"embeddable":true,"href":"https:\/\/apuntesdesanluis.com\/index.php\/wp-json\/wp\/v2\/media\/5987"}],"wp:attachment":[{"href":"https:\/\/apuntesdesanluis.com\/index.php\/wp-json\/wp\/v2\/media?parent=5984"}],"wp:term":[{"taxonomy":"category","embeddable":true,"href":"https:\/\/apuntesdesanluis.com\/index.php\/wp-json\/wp\/v2\/categories?post=5984"},{"taxonomy":"post_tag","embeddable":true,"href":"https:\/\/apuntesdesanluis.com\/index.php\/wp-json\/wp\/v2\/tags?post=5984"}],"curies":[{"name":"wp","href":"https:\/\/api.w.org\/{rel}","templated":true}]}}