{"id":5989,"date":"2023-10-28T19:15:20","date_gmt":"2023-10-28T22:15:20","guid":{"rendered":"https:\/\/apuntesdesanluis.com\/?p=5989"},"modified":"2023-10-28T19:15:20","modified_gmt":"2023-10-28T22:15:20","slug":"el-autor-de-la-masacre-de-maine-ee-uu-fue-encontrado-muerto","status":"publish","type":"post","link":"https:\/\/apuntesdesanluis.com\/index.php\/2023\/10\/28\/el-autor-de-la-masacre-de-maine-ee-uu-fue-encontrado-muerto\/","title":{"rendered":"EL AUTOR DE LA MASACRE DE MAINE (EE.UU) FUE ENCONTRADO MUERTO"},"content":{"rendered":"<h3>El principal sospechoso de los dos tiroteos que el mi\u00e9rcoles se cobraron la vida de 18 personas en la ciudad estadounidense de Lewiston (Maine), Robert Card, fue hallado muerto este viernes por las autoridades con una herida de bala autoinfligida en la cabeza, seg\u00fan lo confirm\u00f3 Mike Sauschuck, comisario del Departamento de Seguridad P\u00fablica de Maine.<\/h3>\n<h3>\u201cRespiro con alivio esta noche al saber que Robert Card ya no es una amenaza para nadie\u201d, expres\u00f3 la gobernadora del estado, Janet Mills, durante una conferencia de prensa convocada para dar una actualizaci\u00f3n del caso. \u201cS\u00e9 que las autoridades contin\u00faan investigando a fondo todos los hechos para que podamos cerrar lo que podamos a las v\u00edctimas y sus familias\u201d, agreg\u00f3.<\/h3>\n<h3>Sauschuck indic\u00f3 que el cuerpo del autor de la masacre fue encontrado a las 19:45, hora local, cerca del r\u00edo Androscoggin. Sin embargo, se neg\u00f3 a proporcionar una direcci\u00f3n espec\u00edfica.<\/h3>\n<h3>El comisario explic\u00f3 que antes de hacer p\u00fablica la noticia fueron notificadas las familias de los 18 muertos y tambi\u00e9n la del sospechoso.<\/h3>\n<h3>\u201cTodo lo que podemos confirmar es que ha muerto y habr\u00e1 un comunicado de prensa\u201d, se\u00f1al\u00f3 una portavoz del departamento de polic\u00eda de la vecina ciudad de Lisbon.<\/h3>\n<h3>El cuerpo de Card fue encontrado cerca de un centro de reciclaje, del que hab\u00eda sido despedido recientemente, seg\u00fan informaci\u00f3n de la cadena CNN.<\/h3>\n<h3>Con este hallazgo se pone fin a dos d\u00edas de tensi\u00f3n en Lewiston y las ciudades vecinas, donde gran parte de los ciudadanos permanecieorn resguardados en casa por seguridad.<\/h3>\n<h3>No se sab\u00eda nada del sospechoso desde que el mi\u00e9rcoles las autoridades publicaron su fotograf\u00eda en redes sociales y pidieron a la poblaci\u00f3n que compartiera cualquier informaci\u00f3n sobre su posible paradero con la polic\u00eda.<\/h3>\n<h3><img fetchpriority=\"high\" decoding=\"async\" class=\"wp-image-5991 aligncenter\" src=\"https:\/\/apuntesdesanluis.com\/wp-content\/uploads\/2023\/10\/auto-1-300x141.png\" alt=\"\" width=\"777\" height=\"365\" srcset=\"https:\/\/apuntesdesanluis.com\/wp-content\/uploads\/2023\/10\/auto-1-300x141.png 300w, https:\/\/apuntesdesanluis.com\/wp-content\/uploads\/2023\/10\/auto-1.png 600w\" sizes=\"(max-width: 777px) 100vw, 777px\" \/><\/h3>\n<h3>Su auto fue encontrado en Lisbon, una localidad a unos 12 kil\u00f3metros de Lewiston, donde tuvo lugar la masacre.<\/h3>\n<h3>Card era militar en la reserva, de 40 a\u00f1os de edad, y hab\u00eda pasado dos semanas ingresado en un psiqui\u00e1trico. Hasta ahora se le consideraba armado y peligroso.<\/h3>\n<h3>Cientos de agentes participaron en su b\u00fasqueda, que este viernes se centr\u00f3 en el r\u00edo junto al que fue encontrado el veh\u00edculo, con buzos, robots subacu\u00e1ticos y sonares.<\/h3>\n<h3>La polic\u00eda estatal de Maine, que lidera la investigaci\u00f3n, public\u00f3 los nombres de las 18 v\u00edctimas mortales de los tiroteos, entre las que se encuentran un adolescente y su padre y cuatro personas sordas.<\/h3>\n<h3>El suceso ha conmocionado Lewiston, una ciudad de unos 38.000 habitantes, la m\u00e1s poblada del estado.<\/h3>\n<h3>Este viernes, las autoridades de Maine levantaron la orden de refugio implementada en algunos puntos del estado tras los tiroteos.<\/h3>\n<h3>La caza qued\u00f3 prohibida en algunas \u00e1reas de la localidad a partir de este s\u00e1bado y \u201chasta nuevo aviso\u201d, seg\u00fan inform\u00f3 el comisionado del Departamento de Seguridad P\u00fablica, Mike Sauschuck, en una rueda de prensa recogida por CNN. En concreto, no se podr\u00e1n practicar actividades de caza en Lewiston, Lisbon, Bowdoin y Monmouth.<\/h3>\n<h3>Con el tiroteo masivo de Maine, ya son 565 los perpetrados este a\u00f1o en Estados Unidos, seg\u00fan la organizaci\u00f3n sin fines de lucro Gun Violence Archive (GVA, por sus siglas en ingl\u00e9s), que elabora estad\u00edsticas sobre este tipo de incidentes.<\/h3>\n<p>&nbsp;<\/p>\n<p>&nbsp;<\/p>\n<p>&nbsp;<\/p>\n","protected":false},"excerpt":{"rendered":"<p>El principal sospechoso de los dos tiroteos que el mi\u00e9rcoles se cobraron la vida de&#8230;<\/p>\n","protected":false},"author":1,"featured_media":5990,"comment_status":"closed","ping_status":"closed","sticky":false,"template":"","format":"standard","meta":{"footnotes":""},"categories":[5],"tags":[],"class_list":["post-5989","post","type-post","status-publish","format-standard","has-post-thumbnail","hentry","category-nacionales-internacionales"],"yoast_head":"<!-- This site is optimized with the Yoast SEO plugin v26.1.1 - https:\/\/yoast.com\/wordpress\/plugins\/seo\/ -->\n<title>EL AUTOR DE LA MASACRE DE MAINE (EE.UU) FUE ENCONTRADO MUERTO - Apuntes de San Luis<\/title>\n<meta name=\"robots\" content=\"index, follow, max-snippet:-1, max-image-preview:large, max-video-preview:-1\" \/>\n<link rel=\"canonical\" href=\"https:\/\/apuntesdesanluis.com\/index.php\/2023\/10\/28\/el-autor-de-la-masacre-de-maine-ee-uu-fue-encontrado-muerto\/\" \/>\n<meta property=\"og:locale\" content=\"es_ES\" \/>\n<meta property=\"og:type\" content=\"article\" \/>\n<meta property=\"og:title\" content=\"EL AUTOR DE LA MASACRE DE MAINE (EE.UU) FUE ENCONTRADO MUERTO - Apuntes de San Luis\" \/>\n<meta property=\"og:description\" content=\"El principal sospechoso de los dos tiroteos que el mi\u00e9rcoles se cobraron la vida de...\" \/>\n<meta property=\"og:url\" content=\"https:\/\/apuntesdesanluis.com\/index.php\/2023\/10\/28\/el-autor-de-la-masacre-de-maine-ee-uu-fue-encontrado-muerto\/\" \/>\n<meta property=\"og:site_name\" content=\"Apuntes de San Luis\" \/>\n<meta property=\"article:published_time\" content=\"2023-10-28T22:15:20+00:00\" \/>\n<meta property=\"og:image\" content=\"https:\/\/apuntesdesanluis.com\/wp-content\/uploads\/2023\/10\/asesino-en-maine.png\" \/>\n\t<meta property=\"og:image:width\" content=\"600\" \/>\n\t<meta property=\"og:image:height\" content=\"382\" \/>\n\t<meta property=\"og:image:type\" content=\"image\/png\" \/>\n<meta name=\"author\" content=\"apuntesdesanluis.com\" \/>\n<meta name=\"twitter:card\" content=\"summary_large_image\" \/>\n<meta name=\"twitter:label1\" content=\"Escrito por\" \/>\n\t<meta name=\"twitter:data1\" content=\"apuntesdesanluis.com\" \/>\n\t<meta name=\"twitter:label2\" content=\"Tiempo de lectura\" \/>\n\t<meta name=\"twitter:data2\" content=\"3 minutos\" \/>\n<script type=\"application\/ld+json\" class=\"yoast-schema-graph\">{\"@context\":\"https:\/\/schema.org\",\"@graph\":[{\"@type\":\"Article\",\"@id\":\"https:\/\/apuntesdesanluis.com\/index.php\/2023\/10\/28\/el-autor-de-la-masacre-de-maine-ee-uu-fue-encontrado-muerto\/#article\",\"isPartOf\":{\"@id\":\"https:\/\/apuntesdesanluis.com\/index.php\/2023\/10\/28\/el-autor-de-la-masacre-de-maine-ee-uu-fue-encontrado-muerto\/\"},\"author\":{\"name\":\"apuntesdesanluis.com\",\"@id\":\"https:\/\/apuntesdesanluis.com\/#\/schema\/person\/b55151d52296fcce64d1a72538a70b90\"},\"headline\":\"EL AUTOR DE LA MASACRE DE MAINE (EE.UU) FUE ENCONTRADO MUERTO\",\"datePublished\":\"2023-10-28T22:15:20+00:00\",\"mainEntityOfPage\":{\"@id\":\"https:\/\/apuntesdesanluis.com\/index.php\/2023\/10\/28\/el-autor-de-la-masacre-de-maine-ee-uu-fue-encontrado-muerto\/\"},\"wordCount\":575,\"publisher\":{\"@id\":\"https:\/\/apuntesdesanluis.com\/#\/schema\/person\/b55151d52296fcce64d1a72538a70b90\"},\"image\":{\"@id\":\"https:\/\/apuntesdesanluis.com\/index.php\/2023\/10\/28\/el-autor-de-la-masacre-de-maine-ee-uu-fue-encontrado-muerto\/#primaryimage\"},\"thumbnailUrl\":\"https:\/\/apuntesdesanluis.com\/wp-content\/uploads\/2023\/10\/asesino-en-maine.png\",\"articleSection\":[\"Nacionales\/Internacionales\"],\"inLanguage\":\"es-AR\"},{\"@type\":\"WebPage\",\"@id\":\"https:\/\/apuntesdesanluis.com\/index.php\/2023\/10\/28\/el-autor-de-la-masacre-de-maine-ee-uu-fue-encontrado-muerto\/\",\"url\":\"https:\/\/apuntesdesanluis.com\/index.php\/2023\/10\/28\/el-autor-de-la-masacre-de-maine-ee-uu-fue-encontrado-muerto\/\",\"name\":\"EL AUTOR DE LA MASACRE DE MAINE (EE.UU) FUE ENCONTRADO MUERTO - Apuntes de San Luis\",\"isPartOf\":{\"@id\":\"https:\/\/apuntesdesanluis.com\/#website\"},\"primaryImageOfPage\":{\"@id\":\"https:\/\/apuntesdesanluis.com\/index.php\/2023\/10\/28\/el-autor-de-la-masacre-de-maine-ee-uu-fue-encontrado-muerto\/#primaryimage\"},\"image\":{\"@id\":\"https:\/\/apuntesdesanluis.com\/index.php\/2023\/10\/28\/el-autor-de-la-masacre-de-maine-ee-uu-fue-encontrado-muerto\/#primaryimage\"},\"thumbnailUrl\":\"https:\/\/apuntesdesanluis.com\/wp-content\/uploads\/2023\/10\/asesino-en-maine.png\",\"datePublished\":\"2023-10-28T22:15:20+00:00\",\"breadcrumb\":{\"@id\":\"https:\/\/apuntesdesanluis.com\/index.php\/2023\/10\/28\/el-autor-de-la-masacre-de-maine-ee-uu-fue-encontrado-muerto\/#breadcrumb\"},\"inLanguage\":\"es-AR\",\"potentialAction\":[{\"@type\":\"ReadAction\",\"target\":[\"https:\/\/apuntesdesanluis.com\/index.php\/2023\/10\/28\/el-autor-de-la-masacre-de-maine-ee-uu-fue-encontrado-muerto\/\"]}]},{\"@type\":\"ImageObject\",\"inLanguage\":\"es-AR\",\"@id\":\"https:\/\/apuntesdesanluis.com\/index.php\/2023\/10\/28\/el-autor-de-la-masacre-de-maine-ee-uu-fue-encontrado-muerto\/#primaryimage\",\"url\":\"https:\/\/apuntesdesanluis.com\/wp-content\/uploads\/2023\/10\/asesino-en-maine.png\",\"contentUrl\":\"https:\/\/apuntesdesanluis.com\/wp-content\/uploads\/2023\/10\/asesino-en-maine.png\",\"width\":600,\"height\":382},{\"@type\":\"BreadcrumbList\",\"@id\":\"https:\/\/apuntesdesanluis.com\/index.php\/2023\/10\/28\/el-autor-de-la-masacre-de-maine-ee-uu-fue-encontrado-muerto\/#breadcrumb\",\"itemListElement\":[{\"@type\":\"ListItem\",\"position\":1,\"name\":\"Inicio\",\"item\":\"https:\/\/apuntesdesanluis.com\/\"},{\"@type\":\"ListItem\",\"position\":2,\"name\":\"EL AUTOR DE LA MASACRE DE MAINE (EE.UU) FUE ENCONTRADO MUERTO\"}]},{\"@type\":\"WebSite\",\"@id\":\"https:\/\/apuntesdesanluis.com\/#website\",\"url\":\"https:\/\/apuntesdesanluis.com\/\",\"name\":\"Apuntes de San Luis\",\"description\":\"\",\"publisher\":{\"@id\":\"https:\/\/apuntesdesanluis.com\/#\/schema\/person\/b55151d52296fcce64d1a72538a70b90\"},\"potentialAction\":[{\"@type\":\"SearchAction\",\"target\":{\"@type\":\"EntryPoint\",\"urlTemplate\":\"https:\/\/apuntesdesanluis.com\/?s={search_term_string}\"},\"query-input\":{\"@type\":\"PropertyValueSpecification\",\"valueRequired\":true,\"valueName\":\"search_term_string\"}}],\"inLanguage\":\"es-AR\"},{\"@type\":[\"Person\",\"Organization\"],\"@id\":\"https:\/\/apuntesdesanluis.com\/#\/schema\/person\/b55151d52296fcce64d1a72538a70b90\",\"name\":\"apuntesdesanluis.com\",\"image\":{\"@type\":\"ImageObject\",\"inLanguage\":\"es-AR\",\"@id\":\"https:\/\/apuntesdesanluis.com\/#\/schema\/person\/image\/\",\"url\":\"https:\/\/apuntesdesanluis.com\/wp-content\/uploads\/2023\/07\/cropped-apuntesdesanluis.png\",\"contentUrl\":\"https:\/\/apuntesdesanluis.com\/wp-content\/uploads\/2023\/07\/cropped-apuntesdesanluis.png\",\"width\":450,\"height\":112,\"caption\":\"apuntesdesanluis.com\"},\"logo\":{\"@id\":\"https:\/\/apuntesdesanluis.com\/#\/schema\/person\/image\/\"},\"sameAs\":[\"https:\/\/apuntesdesanluis.com\"],\"url\":\"https:\/\/apuntesdesanluis.com\/index.php\/author\/apuntesdesanluis-com\/\"}]}<\/script>\n<!-- \/ Yoast SEO plugin. -->","yoast_head_json":{"title":"EL AUTOR DE LA MASACRE DE MAINE (EE.UU) FUE ENCONTRADO MUERTO - Apuntes de San Luis","robots":{"index":"index","follow":"follow","max-snippet":"max-snippet:-1","max-image-preview":"max-image-preview:large","max-video-preview":"max-video-preview:-1"},"canonical":"https:\/\/apuntesdesanluis.com\/index.php\/2023\/10\/28\/el-autor-de-la-masacre-de-maine-ee-uu-fue-encontrado-muerto\/","og_locale":"es_ES","og_type":"article","og_title":"EL AUTOR DE LA MASACRE DE MAINE (EE.UU) FUE ENCONTRADO MUERTO - Apuntes de San Luis","og_description":"El principal sospechoso de los dos tiroteos que el mi\u00e9rcoles se cobraron la vida de...","og_url":"https:\/\/apuntesdesanluis.com\/index.php\/2023\/10\/28\/el-autor-de-la-masacre-de-maine-ee-uu-fue-encontrado-muerto\/","og_site_name":"Apuntes de San Luis","article_published_time":"2023-10-28T22:15:20+00:00","og_image":[{"width":600,"height":382,"url":"https:\/\/apuntesdesanluis.com\/wp-content\/uploads\/2023\/10\/asesino-en-maine.png","type":"image\/png"}],"author":"apuntesdesanluis.com","twitter_card":"summary_large_image","twitter_misc":{"Escrito por":"apuntesdesanluis.com","Tiempo de lectura":"3 minutos"},"schema":{"@context":"https:\/\/schema.org","@graph":[{"@type":"Article","@id":"https:\/\/apuntesdesanluis.com\/index.php\/2023\/10\/28\/el-autor-de-la-masacre-de-maine-ee-uu-fue-encontrado-muerto\/#article","isPartOf":{"@id":"https:\/\/apuntesdesanluis.com\/index.php\/2023\/10\/28\/el-autor-de-la-masacre-de-maine-ee-uu-fue-encontrado-muerto\/"},"author":{"name":"apuntesdesanluis.com","@id":"https:\/\/apuntesdesanluis.com\/#\/schema\/person\/b55151d52296fcce64d1a72538a70b90"},"headline":"EL AUTOR DE LA MASACRE DE MAINE (EE.UU) FUE ENCONTRADO MUERTO","datePublished":"2023-10-28T22:15:20+00:00","mainEntityOfPage":{"@id":"https:\/\/apuntesdesanluis.com\/index.php\/2023\/10\/28\/el-autor-de-la-masacre-de-maine-ee-uu-fue-encontrado-muerto\/"},"wordCount":575,"publisher":{"@id":"https:\/\/apuntesdesanluis.com\/#\/schema\/person\/b55151d52296fcce64d1a72538a70b90"},"image":{"@id":"https:\/\/apuntesdesanluis.com\/index.php\/2023\/10\/28\/el-autor-de-la-masacre-de-maine-ee-uu-fue-encontrado-muerto\/#primaryimage"},"thumbnailUrl":"https:\/\/apuntesdesanluis.com\/wp-content\/uploads\/2023\/10\/asesino-en-maine.png","articleSection":["Nacionales\/Internacionales"],"inLanguage":"es-AR"},{"@type":"WebPage","@id":"https:\/\/apuntesdesanluis.com\/index.php\/2023\/10\/28\/el-autor-de-la-masacre-de-maine-ee-uu-fue-encontrado-muerto\/","url":"https:\/\/apuntesdesanluis.com\/index.php\/2023\/10\/28\/el-autor-de-la-masacre-de-maine-ee-uu-fue-encontrado-muerto\/","name":"EL AUTOR DE LA MASACRE DE MAINE (EE.UU) FUE ENCONTRADO MUERTO - Apuntes de San Luis","isPartOf":{"@id":"https:\/\/apuntesdesanluis.com\/#website"},"primaryImageOfPage":{"@id":"https:\/\/apuntesdesanluis.com\/index.php\/2023\/10\/28\/el-autor-de-la-masacre-de-maine-ee-uu-fue-encontrado-muerto\/#primaryimage"},"image":{"@id":"https:\/\/apuntesdesanluis.com\/index.php\/2023\/10\/28\/el-autor-de-la-masacre-de-maine-ee-uu-fue-encontrado-muerto\/#primaryimage"},"thumbnailUrl":"https:\/\/apuntesdesanluis.com\/wp-content\/uploads\/2023\/10\/asesino-en-maine.png","datePublished":"2023-10-28T22:15:20+00:00","breadcrumb":{"@id":"https:\/\/apuntesdesanluis.com\/index.php\/2023\/10\/28\/el-autor-de-la-masacre-de-maine-ee-uu-fue-encontrado-muerto\/#breadcrumb"},"inLanguage":"es-AR","potentialAction":[{"@type":"ReadAction","target":["https:\/\/apuntesdesanluis.com\/index.php\/2023\/10\/28\/el-autor-de-la-masacre-de-maine-ee-uu-fue-encontrado-muerto\/"]}]},{"@type":"ImageObject","inLanguage":"es-AR","@id":"https:\/\/apuntesdesanluis.com\/index.php\/2023\/10\/28\/el-autor-de-la-masacre-de-maine-ee-uu-fue-encontrado-muerto\/#primaryimage","url":"https:\/\/apuntesdesanluis.com\/wp-content\/uploads\/2023\/10\/asesino-en-maine.png","contentUrl":"https:\/\/apuntesdesanluis.com\/wp-content\/uploads\/2023\/10\/asesino-en-maine.png","width":600,"height":382},{"@type":"BreadcrumbList","@id":"https:\/\/apuntesdesanluis.com\/index.php\/2023\/10\/28\/el-autor-de-la-masacre-de-maine-ee-uu-fue-encontrado-muerto\/#breadcrumb","itemListElement":[{"@type":"ListItem","position":1,"name":"Inicio","item":"https:\/\/apuntesdesanluis.com\/"},{"@type":"ListItem","position":2,"name":"EL AUTOR DE LA MASACRE DE MAINE (EE.UU) FUE ENCONTRADO MUERTO"}]},{"@type":"WebSite","@id":"https:\/\/apuntesdesanluis.com\/#website","url":"https:\/\/apuntesdesanluis.com\/","name":"Apuntes de San Luis","description":"","publisher":{"@id":"https:\/\/apuntesdesanluis.com\/#\/schema\/person\/b55151d52296fcce64d1a72538a70b90"},"potentialAction":[{"@type":"SearchAction","target":{"@type":"EntryPoint","urlTemplate":"https:\/\/apuntesdesanluis.com\/?s={search_term_string}"},"query-input":{"@type":"PropertyValueSpecification","valueRequired":true,"valueName":"search_term_string"}}],"inLanguage":"es-AR"},{"@type":["Person","Organization"],"@id":"https:\/\/apuntesdesanluis.com\/#\/schema\/person\/b55151d52296fcce64d1a72538a70b90","name":"apuntesdesanluis.com","image":{"@type":"ImageObject","inLanguage":"es-AR","@id":"https:\/\/apuntesdesanluis.com\/#\/schema\/person\/image\/","url":"https:\/\/apuntesdesanluis.com\/wp-content\/uploads\/2023\/07\/cropped-apuntesdesanluis.png","contentUrl":"https:\/\/apuntesdesanluis.com\/wp-content\/uploads\/2023\/07\/cropped-apuntesdesanluis.png","width":450,"height":112,"caption":"apuntesdesanluis.com"},"logo":{"@id":"https:\/\/apuntesdesanluis.com\/#\/schema\/person\/image\/"},"sameAs":["https:\/\/apuntesdesanluis.com"],"url":"https:\/\/apuntesdesanluis.com\/index.php\/author\/apuntesdesanluis-com\/"}]}},"featured_image_urls":{"full":["https:\/\/apuntesdesanluis.com\/wp-content\/uploads\/2023\/10\/asesino-en-maine.png",600,382,false],"thumbnail":["https:\/\/apuntesdesanluis.com\/wp-content\/uploads\/2023\/10\/asesino-en-maine-150x150.png",150,150,true],"medium":["https:\/\/apuntesdesanluis.com\/wp-content\/uploads\/2023\/10\/asesino-en-maine-300x191.png",300,191,true],"medium_large":["https:\/\/apuntesdesanluis.com\/wp-content\/uploads\/2023\/10\/asesino-en-maine.png",600,382,false],"large":["https:\/\/apuntesdesanluis.com\/wp-content\/uploads\/2023\/10\/asesino-en-maine.png",600,382,false],"1536x1536":["https:\/\/apuntesdesanluis.com\/wp-content\/uploads\/2023\/10\/asesino-en-maine.png",600,382,false],"2048x2048":["https:\/\/apuntesdesanluis.com\/wp-content\/uploads\/2023\/10\/asesino-en-maine.png",600,382,false],"newsever-slider-full":["https:\/\/apuntesdesanluis.com\/wp-content\/uploads\/2023\/10\/asesino-en-maine.png",600,382,false],"newsever-featured":["https:\/\/apuntesdesanluis.com\/wp-content\/uploads\/2023\/10\/asesino-en-maine.png",600,382,false],"newsever-medium":["https:\/\/apuntesdesanluis.com\/wp-content\/uploads\/2023\/10\/asesino-en-maine.png",600,382,false]},"author_info":{"display_name":"apuntesdesanluis.com","author_link":"https:\/\/apuntesdesanluis.com\/index.php\/author\/apuntesdesanluis-com\/"},"category_info":"<a href=\"https:\/\/apuntesdesanluis.com\/index.php\/category\/nacionales-internacionales\/\" rel=\"category tag\">Nacionales\/Internacionales<\/a>","tag_info":"Nacionales\/Internacionales","comment_count":"0","_links":{"self":[{"href":"https:\/\/apuntesdesanluis.com\/index.php\/wp-json\/wp\/v2\/posts\/5989","targetHints":{"allow":["GET"]}}],"collection":[{"href":"https:\/\/apuntesdesanluis.com\/index.php\/wp-json\/wp\/v2\/posts"}],"about":[{"href":"https:\/\/apuntesdesanluis.com\/index.php\/wp-json\/wp\/v2\/types\/post"}],"author":[{"embeddable":true,"href":"https:\/\/apuntesdesanluis.com\/index.php\/wp-json\/wp\/v2\/users\/1"}],"replies":[{"embeddable":true,"href":"https:\/\/apuntesdesanluis.com\/index.php\/wp-json\/wp\/v2\/comments?post=5989"}],"version-history":[{"count":1,"href":"https:\/\/apuntesdesanluis.com\/index.php\/wp-json\/wp\/v2\/posts\/5989\/revisions"}],"predecessor-version":[{"id":5992,"href":"https:\/\/apuntesdesanluis.com\/index.php\/wp-json\/wp\/v2\/posts\/5989\/revisions\/5992"}],"wp:featuredmedia":[{"embeddable":true,"href":"https:\/\/apuntesdesanluis.com\/index.php\/wp-json\/wp\/v2\/media\/5990"}],"wp:attachment":[{"href":"https:\/\/apuntesdesanluis.com\/index.php\/wp-json\/wp\/v2\/media?parent=5989"}],"wp:term":[{"taxonomy":"category","embeddable":true,"href":"https:\/\/apuntesdesanluis.com\/index.php\/wp-json\/wp\/v2\/categories?post=5989"},{"taxonomy":"post_tag","embeddable":true,"href":"https:\/\/apuntesdesanluis.com\/index.php\/wp-json\/wp\/v2\/tags?post=5989"}],"curies":[{"name":"wp","href":"https:\/\/api.w.org\/{rel}","templated":true}]}}