{"id":6004,"date":"2023-10-29T15:07:08","date_gmt":"2023-10-29T18:07:08","guid":{"rendered":"https:\/\/apuntesdesanluis.com\/?p=6004"},"modified":"2023-10-29T15:07:57","modified_gmt":"2023-10-29T18:07:57","slug":"massa-reivindico-a-alfonsin-y-reitero-su-compromiso-para-empezar-una-nueva-etapa","status":"publish","type":"post","link":"https:\/\/apuntesdesanluis.com\/index.php\/2023\/10\/29\/massa-reivindico-a-alfonsin-y-reitero-su-compromiso-para-empezar-una-nueva-etapa\/","title":{"rendered":"MASSA REIVINDIC\u00d3 A ALFONS\u00cdN Y REITER\u00d3 SU COMPROMISO PARA &#8220;EMPEZAR UNA NUEVA ETAPA&#8221;"},"content":{"rendered":"<h3>El ministro de Econom\u00eda y candidato presidencial por Uni\u00f3n por la Patria, Sergio Massa, afirm\u00f3 este domingo que a 40 a\u00f1os del inicio del actual per\u00edodo democr\u00e1tico hay que &#8220;rendir homenaje al primer presidente&#8221; Ra\u00fal Alfons\u00edn, en un mensaje dirigido a los votantes radicales, de cara al balotaje de noviembre.<\/h3>\n<h3>&#8220;Hoy como peronistas empezando el festejo de los 40 a\u00f1os de democracia, debemos rendir homenaje a ese primer presidente que le puso luz a la democracia argentina despu\u00e9s de a\u00f1os de oscuridad&#8221;, dijo Massa en el balcon del teatro San Mart\u00edn de Tucum\u00e1n, donde acompa\u00f1\u00f3 la asunci\u00f3n del gobernador Osvaldo Jaldo.<\/h3>\n<h3>De ese modo, el candidato peronista volvi\u00f3 a marcar diferencias con el candidato de derecha Javier Milei, quien se ufana de golpear im\u00e1genes del ex mandatario radical.<\/h3>\n<h3>&#8220;Hay que recordarlo, pero sobre todo recordar esa convocatoria que dec\u00eda por qu\u00e9 marchamos: Marchamos para constituir la uni\u00f3n nacional, afianzar la justicia, consolidar la paz interior, proveer a la defensa com\u00fan,promover el bienestar general y asegurar los beneficios de la libertad para nosotros, para nuestra posteridad y todos los hombres de mundo que deseen habitar el suelo argentino&#8221;, dijo Massa al reiterar el recitado del Pre\u00e1mbulo de la Constituci\u00f3n con el que el ex presidente radical finalizaba sus discursos de campa\u00f1a.<\/h3>\n<h3>El ministro de Econom\u00eda dijo que &#8220;abrazamos a todos los hombres y mujeres que creen en los valores democr\u00e1ticos, frente aquellos que llaman a destruir los valores esenciales de nuestra Patria&#8221;.<\/h3>\n<h3>En ese sentido, pidi\u00f3 el respaldo de la ciudadan\u00eda por &#8220;la salud p\u00fablica, por el rechazo a la libre portaci\u00f3n de armas, frente a los que proponen vender \u00f3rganos,por un pa\u00eds que respete el medio ambiente y la producci\u00f3n nacional&#8221; ya que seg\u00fan indic\u00f3 &#8220;es por eso que hoy venimos a renovar ese mandato de hace 40 a\u00f1os&#8221;.<\/h3>\n<h3>\u00a0&#8220;Viene una nueva etapa con un gobierno de unidad nacional, donde sin importar de d\u00f3nde vienen los hombres y mujeres que se integren en ese gobierno, nos permita construir una nueva p\u00e1gina de la historia&#8221;, destac\u00f3 Massa.<\/h3>\n<h3>Asimismo, convoc\u00f3 &#8220;a los hombres y mujeres de bien, que creen en el pa\u00eds, de los valores democr\u00e1ticos, frente a aquellos que llaman a destruir los valores esenciales de nuestra patria&#8221;.<\/h3>\n<h3>Por \u00faltimo, el titular del Palacio de Hacienda tambi\u00e9n se dirigi\u00f3 a &#8220;aquellos que est\u00e1n convencidos de que el norte argentino se va a transformar en el coraz\u00f3n econ\u00f3mico del Mercosur, se va a transformar en el punto de encuentro entre el Atl\u00e1ntico y el Pac\u00edfico&#8221; y convoc\u00f3 &#8220;a trabajar juntos a partir del 10 de diciembre&#8221; si le dan &#8220;la responsabilidad de gobernar&#8221;.<\/h3>\n<p>&nbsp;<\/p>\n<p>&nbsp;<\/p>\n<p>&nbsp;<\/p>\n<p>&nbsp;<\/p>\n<p>&nbsp;<\/p>\n","protected":false},"excerpt":{"rendered":"<p>El ministro de Econom\u00eda y candidato presidencial por Uni\u00f3n por la Patria, Sergio Massa, afirm\u00f3&#8230;<\/p>\n","protected":false},"author":1,"featured_media":6005,"comment_status":"closed","ping_status":"closed","sticky":false,"template":"","format":"standard","meta":{"footnotes":""},"categories":[5],"tags":[],"class_list":["post-6004","post","type-post","status-publish","format-standard","has-post-thumbnail","hentry","category-nacionales-internacionales"],"yoast_head":"<!-- This site is optimized with the Yoast SEO plugin v26.1.1 - https:\/\/yoast.com\/wordpress\/plugins\/seo\/ -->\n<title>MASSA REIVINDIC\u00d3 A ALFONS\u00cdN Y REITER\u00d3 SU COMPROMISO PARA &quot;EMPEZAR UNA NUEVA ETAPA&quot; - Apuntes de San Luis<\/title>\n<meta name=\"robots\" content=\"index, follow, max-snippet:-1, max-image-preview:large, max-video-preview:-1\" \/>\n<link rel=\"canonical\" href=\"https:\/\/apuntesdesanluis.com\/index.php\/2023\/10\/29\/massa-reivindico-a-alfonsin-y-reitero-su-compromiso-para-empezar-una-nueva-etapa\/\" \/>\n<meta property=\"og:locale\" content=\"es_ES\" \/>\n<meta property=\"og:type\" content=\"article\" \/>\n<meta property=\"og:title\" content=\"MASSA REIVINDIC\u00d3 A ALFONS\u00cdN Y REITER\u00d3 SU COMPROMISO PARA &quot;EMPEZAR UNA NUEVA ETAPA&quot; - Apuntes de San Luis\" \/>\n<meta property=\"og:description\" content=\"El ministro de Econom\u00eda y candidato presidencial por Uni\u00f3n por la Patria, Sergio Massa, afirm\u00f3...\" \/>\n<meta property=\"og:url\" content=\"https:\/\/apuntesdesanluis.com\/index.php\/2023\/10\/29\/massa-reivindico-a-alfonsin-y-reitero-su-compromiso-para-empezar-una-nueva-etapa\/\" \/>\n<meta property=\"og:site_name\" content=\"Apuntes de San Luis\" \/>\n<meta property=\"article:published_time\" content=\"2023-10-29T18:07:08+00:00\" \/>\n<meta property=\"article:modified_time\" content=\"2023-10-29T18:07:57+00:00\" \/>\n<meta property=\"og:image\" content=\"https:\/\/apuntesdesanluis.com\/wp-content\/uploads\/2023\/10\/massa-5.png\" \/>\n\t<meta property=\"og:image:width\" content=\"925\" \/>\n\t<meta property=\"og:image:height\" content=\"561\" \/>\n\t<meta property=\"og:image:type\" content=\"image\/png\" \/>\n<meta name=\"author\" content=\"apuntesdesanluis.com\" \/>\n<meta name=\"twitter:card\" content=\"summary_large_image\" \/>\n<meta name=\"twitter:label1\" content=\"Escrito por\" \/>\n\t<meta name=\"twitter:data1\" content=\"apuntesdesanluis.com\" \/>\n\t<meta name=\"twitter:label2\" content=\"Tiempo de lectura\" \/>\n\t<meta name=\"twitter:data2\" content=\"2 minutos\" \/>\n<script type=\"application\/ld+json\" class=\"yoast-schema-graph\">{\"@context\":\"https:\/\/schema.org\",\"@graph\":[{\"@type\":\"Article\",\"@id\":\"https:\/\/apuntesdesanluis.com\/index.php\/2023\/10\/29\/massa-reivindico-a-alfonsin-y-reitero-su-compromiso-para-empezar-una-nueva-etapa\/#article\",\"isPartOf\":{\"@id\":\"https:\/\/apuntesdesanluis.com\/index.php\/2023\/10\/29\/massa-reivindico-a-alfonsin-y-reitero-su-compromiso-para-empezar-una-nueva-etapa\/\"},\"author\":{\"name\":\"apuntesdesanluis.com\",\"@id\":\"https:\/\/apuntesdesanluis.com\/#\/schema\/person\/b55151d52296fcce64d1a72538a70b90\"},\"headline\":\"MASSA REIVINDIC\u00d3 A ALFONS\u00cdN Y REITER\u00d3 SU COMPROMISO PARA &#8220;EMPEZAR UNA NUEVA ETAPA&#8221;\",\"datePublished\":\"2023-10-29T18:07:08+00:00\",\"dateModified\":\"2023-10-29T18:07:57+00:00\",\"mainEntityOfPage\":{\"@id\":\"https:\/\/apuntesdesanluis.com\/index.php\/2023\/10\/29\/massa-reivindico-a-alfonsin-y-reitero-su-compromiso-para-empezar-una-nueva-etapa\/\"},\"wordCount\":487,\"publisher\":{\"@id\":\"https:\/\/apuntesdesanluis.com\/#\/schema\/person\/b55151d52296fcce64d1a72538a70b90\"},\"image\":{\"@id\":\"https:\/\/apuntesdesanluis.com\/index.php\/2023\/10\/29\/massa-reivindico-a-alfonsin-y-reitero-su-compromiso-para-empezar-una-nueva-etapa\/#primaryimage\"},\"thumbnailUrl\":\"https:\/\/apuntesdesanluis.com\/wp-content\/uploads\/2023\/10\/massa-5.png\",\"articleSection\":[\"Nacionales\/Internacionales\"],\"inLanguage\":\"es-AR\"},{\"@type\":\"WebPage\",\"@id\":\"https:\/\/apuntesdesanluis.com\/index.php\/2023\/10\/29\/massa-reivindico-a-alfonsin-y-reitero-su-compromiso-para-empezar-una-nueva-etapa\/\",\"url\":\"https:\/\/apuntesdesanluis.com\/index.php\/2023\/10\/29\/massa-reivindico-a-alfonsin-y-reitero-su-compromiso-para-empezar-una-nueva-etapa\/\",\"name\":\"MASSA REIVINDIC\u00d3 A ALFONS\u00cdN Y REITER\u00d3 SU COMPROMISO PARA \\\"EMPEZAR UNA NUEVA ETAPA\\\" - Apuntes de San Luis\",\"isPartOf\":{\"@id\":\"https:\/\/apuntesdesanluis.com\/#website\"},\"primaryImageOfPage\":{\"@id\":\"https:\/\/apuntesdesanluis.com\/index.php\/2023\/10\/29\/massa-reivindico-a-alfonsin-y-reitero-su-compromiso-para-empezar-una-nueva-etapa\/#primaryimage\"},\"image\":{\"@id\":\"https:\/\/apuntesdesanluis.com\/index.php\/2023\/10\/29\/massa-reivindico-a-alfonsin-y-reitero-su-compromiso-para-empezar-una-nueva-etapa\/#primaryimage\"},\"thumbnailUrl\":\"https:\/\/apuntesdesanluis.com\/wp-content\/uploads\/2023\/10\/massa-5.png\",\"datePublished\":\"2023-10-29T18:07:08+00:00\",\"dateModified\":\"2023-10-29T18:07:57+00:00\",\"breadcrumb\":{\"@id\":\"https:\/\/apuntesdesanluis.com\/index.php\/2023\/10\/29\/massa-reivindico-a-alfonsin-y-reitero-su-compromiso-para-empezar-una-nueva-etapa\/#breadcrumb\"},\"inLanguage\":\"es-AR\",\"potentialAction\":[{\"@type\":\"ReadAction\",\"target\":[\"https:\/\/apuntesdesanluis.com\/index.php\/2023\/10\/29\/massa-reivindico-a-alfonsin-y-reitero-su-compromiso-para-empezar-una-nueva-etapa\/\"]}]},{\"@type\":\"ImageObject\",\"inLanguage\":\"es-AR\",\"@id\":\"https:\/\/apuntesdesanluis.com\/index.php\/2023\/10\/29\/massa-reivindico-a-alfonsin-y-reitero-su-compromiso-para-empezar-una-nueva-etapa\/#primaryimage\",\"url\":\"https:\/\/apuntesdesanluis.com\/wp-content\/uploads\/2023\/10\/massa-5.png\",\"contentUrl\":\"https:\/\/apuntesdesanluis.com\/wp-content\/uploads\/2023\/10\/massa-5.png\",\"width\":925,\"height\":561},{\"@type\":\"BreadcrumbList\",\"@id\":\"https:\/\/apuntesdesanluis.com\/index.php\/2023\/10\/29\/massa-reivindico-a-alfonsin-y-reitero-su-compromiso-para-empezar-una-nueva-etapa\/#breadcrumb\",\"itemListElement\":[{\"@type\":\"ListItem\",\"position\":1,\"name\":\"Inicio\",\"item\":\"https:\/\/apuntesdesanluis.com\/\"},{\"@type\":\"ListItem\",\"position\":2,\"name\":\"MASSA REIVINDIC\u00d3 A ALFONS\u00cdN Y REITER\u00d3 SU COMPROMISO PARA &#8220;EMPEZAR UNA NUEVA ETAPA&#8221;\"}]},{\"@type\":\"WebSite\",\"@id\":\"https:\/\/apuntesdesanluis.com\/#website\",\"url\":\"https:\/\/apuntesdesanluis.com\/\",\"name\":\"Apuntes de San Luis\",\"description\":\"\",\"publisher\":{\"@id\":\"https:\/\/apuntesdesanluis.com\/#\/schema\/person\/b55151d52296fcce64d1a72538a70b90\"},\"potentialAction\":[{\"@type\":\"SearchAction\",\"target\":{\"@type\":\"EntryPoint\",\"urlTemplate\":\"https:\/\/apuntesdesanluis.com\/?s={search_term_string}\"},\"query-input\":{\"@type\":\"PropertyValueSpecification\",\"valueRequired\":true,\"valueName\":\"search_term_string\"}}],\"inLanguage\":\"es-AR\"},{\"@type\":[\"Person\",\"Organization\"],\"@id\":\"https:\/\/apuntesdesanluis.com\/#\/schema\/person\/b55151d52296fcce64d1a72538a70b90\",\"name\":\"apuntesdesanluis.com\",\"image\":{\"@type\":\"ImageObject\",\"inLanguage\":\"es-AR\",\"@id\":\"https:\/\/apuntesdesanluis.com\/#\/schema\/person\/image\/\",\"url\":\"https:\/\/apuntesdesanluis.com\/wp-content\/uploads\/2023\/07\/cropped-apuntesdesanluis.png\",\"contentUrl\":\"https:\/\/apuntesdesanluis.com\/wp-content\/uploads\/2023\/07\/cropped-apuntesdesanluis.png\",\"width\":450,\"height\":112,\"caption\":\"apuntesdesanluis.com\"},\"logo\":{\"@id\":\"https:\/\/apuntesdesanluis.com\/#\/schema\/person\/image\/\"},\"sameAs\":[\"https:\/\/apuntesdesanluis.com\"],\"url\":\"https:\/\/apuntesdesanluis.com\/index.php\/author\/apuntesdesanluis-com\/\"}]}<\/script>\n<!-- \/ Yoast SEO plugin. -->","yoast_head_json":{"title":"MASSA REIVINDIC\u00d3 A ALFONS\u00cdN Y REITER\u00d3 SU COMPROMISO PARA \"EMPEZAR UNA NUEVA ETAPA\" - Apuntes de San Luis","robots":{"index":"index","follow":"follow","max-snippet":"max-snippet:-1","max-image-preview":"max-image-preview:large","max-video-preview":"max-video-preview:-1"},"canonical":"https:\/\/apuntesdesanluis.com\/index.php\/2023\/10\/29\/massa-reivindico-a-alfonsin-y-reitero-su-compromiso-para-empezar-una-nueva-etapa\/","og_locale":"es_ES","og_type":"article","og_title":"MASSA REIVINDIC\u00d3 A ALFONS\u00cdN Y REITER\u00d3 SU COMPROMISO PARA \"EMPEZAR UNA NUEVA ETAPA\" - Apuntes de San Luis","og_description":"El ministro de Econom\u00eda y candidato presidencial por Uni\u00f3n por la Patria, Sergio Massa, afirm\u00f3...","og_url":"https:\/\/apuntesdesanluis.com\/index.php\/2023\/10\/29\/massa-reivindico-a-alfonsin-y-reitero-su-compromiso-para-empezar-una-nueva-etapa\/","og_site_name":"Apuntes de San Luis","article_published_time":"2023-10-29T18:07:08+00:00","article_modified_time":"2023-10-29T18:07:57+00:00","og_image":[{"width":925,"height":561,"url":"https:\/\/apuntesdesanluis.com\/wp-content\/uploads\/2023\/10\/massa-5.png","type":"image\/png"}],"author":"apuntesdesanluis.com","twitter_card":"summary_large_image","twitter_misc":{"Escrito por":"apuntesdesanluis.com","Tiempo de lectura":"2 minutos"},"schema":{"@context":"https:\/\/schema.org","@graph":[{"@type":"Article","@id":"https:\/\/apuntesdesanluis.com\/index.php\/2023\/10\/29\/massa-reivindico-a-alfonsin-y-reitero-su-compromiso-para-empezar-una-nueva-etapa\/#article","isPartOf":{"@id":"https:\/\/apuntesdesanluis.com\/index.php\/2023\/10\/29\/massa-reivindico-a-alfonsin-y-reitero-su-compromiso-para-empezar-una-nueva-etapa\/"},"author":{"name":"apuntesdesanluis.com","@id":"https:\/\/apuntesdesanluis.com\/#\/schema\/person\/b55151d52296fcce64d1a72538a70b90"},"headline":"MASSA REIVINDIC\u00d3 A ALFONS\u00cdN Y REITER\u00d3 SU COMPROMISO PARA &#8220;EMPEZAR UNA NUEVA ETAPA&#8221;","datePublished":"2023-10-29T18:07:08+00:00","dateModified":"2023-10-29T18:07:57+00:00","mainEntityOfPage":{"@id":"https:\/\/apuntesdesanluis.com\/index.php\/2023\/10\/29\/massa-reivindico-a-alfonsin-y-reitero-su-compromiso-para-empezar-una-nueva-etapa\/"},"wordCount":487,"publisher":{"@id":"https:\/\/apuntesdesanluis.com\/#\/schema\/person\/b55151d52296fcce64d1a72538a70b90"},"image":{"@id":"https:\/\/apuntesdesanluis.com\/index.php\/2023\/10\/29\/massa-reivindico-a-alfonsin-y-reitero-su-compromiso-para-empezar-una-nueva-etapa\/#primaryimage"},"thumbnailUrl":"https:\/\/apuntesdesanluis.com\/wp-content\/uploads\/2023\/10\/massa-5.png","articleSection":["Nacionales\/Internacionales"],"inLanguage":"es-AR"},{"@type":"WebPage","@id":"https:\/\/apuntesdesanluis.com\/index.php\/2023\/10\/29\/massa-reivindico-a-alfonsin-y-reitero-su-compromiso-para-empezar-una-nueva-etapa\/","url":"https:\/\/apuntesdesanluis.com\/index.php\/2023\/10\/29\/massa-reivindico-a-alfonsin-y-reitero-su-compromiso-para-empezar-una-nueva-etapa\/","name":"MASSA REIVINDIC\u00d3 A ALFONS\u00cdN Y REITER\u00d3 SU COMPROMISO PARA \"EMPEZAR UNA NUEVA ETAPA\" - Apuntes de San Luis","isPartOf":{"@id":"https:\/\/apuntesdesanluis.com\/#website"},"primaryImageOfPage":{"@id":"https:\/\/apuntesdesanluis.com\/index.php\/2023\/10\/29\/massa-reivindico-a-alfonsin-y-reitero-su-compromiso-para-empezar-una-nueva-etapa\/#primaryimage"},"image":{"@id":"https:\/\/apuntesdesanluis.com\/index.php\/2023\/10\/29\/massa-reivindico-a-alfonsin-y-reitero-su-compromiso-para-empezar-una-nueva-etapa\/#primaryimage"},"thumbnailUrl":"https:\/\/apuntesdesanluis.com\/wp-content\/uploads\/2023\/10\/massa-5.png","datePublished":"2023-10-29T18:07:08+00:00","dateModified":"2023-10-29T18:07:57+00:00","breadcrumb":{"@id":"https:\/\/apuntesdesanluis.com\/index.php\/2023\/10\/29\/massa-reivindico-a-alfonsin-y-reitero-su-compromiso-para-empezar-una-nueva-etapa\/#breadcrumb"},"inLanguage":"es-AR","potentialAction":[{"@type":"ReadAction","target":["https:\/\/apuntesdesanluis.com\/index.php\/2023\/10\/29\/massa-reivindico-a-alfonsin-y-reitero-su-compromiso-para-empezar-una-nueva-etapa\/"]}]},{"@type":"ImageObject","inLanguage":"es-AR","@id":"https:\/\/apuntesdesanluis.com\/index.php\/2023\/10\/29\/massa-reivindico-a-alfonsin-y-reitero-su-compromiso-para-empezar-una-nueva-etapa\/#primaryimage","url":"https:\/\/apuntesdesanluis.com\/wp-content\/uploads\/2023\/10\/massa-5.png","contentUrl":"https:\/\/apuntesdesanluis.com\/wp-content\/uploads\/2023\/10\/massa-5.png","width":925,"height":561},{"@type":"BreadcrumbList","@id":"https:\/\/apuntesdesanluis.com\/index.php\/2023\/10\/29\/massa-reivindico-a-alfonsin-y-reitero-su-compromiso-para-empezar-una-nueva-etapa\/#breadcrumb","itemListElement":[{"@type":"ListItem","position":1,"name":"Inicio","item":"https:\/\/apuntesdesanluis.com\/"},{"@type":"ListItem","position":2,"name":"MASSA REIVINDIC\u00d3 A ALFONS\u00cdN Y REITER\u00d3 SU COMPROMISO PARA &#8220;EMPEZAR UNA NUEVA ETAPA&#8221;"}]},{"@type":"WebSite","@id":"https:\/\/apuntesdesanluis.com\/#website","url":"https:\/\/apuntesdesanluis.com\/","name":"Apuntes de San Luis","description":"","publisher":{"@id":"https:\/\/apuntesdesanluis.com\/#\/schema\/person\/b55151d52296fcce64d1a72538a70b90"},"potentialAction":[{"@type":"SearchAction","target":{"@type":"EntryPoint","urlTemplate":"https:\/\/apuntesdesanluis.com\/?s={search_term_string}"},"query-input":{"@type":"PropertyValueSpecification","valueRequired":true,"valueName":"search_term_string"}}],"inLanguage":"es-AR"},{"@type":["Person","Organization"],"@id":"https:\/\/apuntesdesanluis.com\/#\/schema\/person\/b55151d52296fcce64d1a72538a70b90","name":"apuntesdesanluis.com","image":{"@type":"ImageObject","inLanguage":"es-AR","@id":"https:\/\/apuntesdesanluis.com\/#\/schema\/person\/image\/","url":"https:\/\/apuntesdesanluis.com\/wp-content\/uploads\/2023\/07\/cropped-apuntesdesanluis.png","contentUrl":"https:\/\/apuntesdesanluis.com\/wp-content\/uploads\/2023\/07\/cropped-apuntesdesanluis.png","width":450,"height":112,"caption":"apuntesdesanluis.com"},"logo":{"@id":"https:\/\/apuntesdesanluis.com\/#\/schema\/person\/image\/"},"sameAs":["https:\/\/apuntesdesanluis.com"],"url":"https:\/\/apuntesdesanluis.com\/index.php\/author\/apuntesdesanluis-com\/"}]}},"featured_image_urls":{"full":["https:\/\/apuntesdesanluis.com\/wp-content\/uploads\/2023\/10\/massa-5.png",925,561,false],"thumbnail":["https:\/\/apuntesdesanluis.com\/wp-content\/uploads\/2023\/10\/massa-5-150x150.png",150,150,true],"medium":["https:\/\/apuntesdesanluis.com\/wp-content\/uploads\/2023\/10\/massa-5-300x182.png",300,182,true],"medium_large":["https:\/\/apuntesdesanluis.com\/wp-content\/uploads\/2023\/10\/massa-5-768x466.png",640,388,true],"large":["https:\/\/apuntesdesanluis.com\/wp-content\/uploads\/2023\/10\/massa-5.png",640,388,false],"1536x1536":["https:\/\/apuntesdesanluis.com\/wp-content\/uploads\/2023\/10\/massa-5.png",925,561,false],"2048x2048":["https:\/\/apuntesdesanluis.com\/wp-content\/uploads\/2023\/10\/massa-5.png",925,561,false],"newsever-slider-full":["https:\/\/apuntesdesanluis.com\/wp-content\/uploads\/2023\/10\/massa-5.png",925,561,false],"newsever-featured":["https:\/\/apuntesdesanluis.com\/wp-content\/uploads\/2023\/10\/massa-5.png",925,561,false],"newsever-medium":["https:\/\/apuntesdesanluis.com\/wp-content\/uploads\/2023\/10\/massa-5-720x475.png",720,475,true]},"author_info":{"display_name":"apuntesdesanluis.com","author_link":"https:\/\/apuntesdesanluis.com\/index.php\/author\/apuntesdesanluis-com\/"},"category_info":"<a href=\"https:\/\/apuntesdesanluis.com\/index.php\/category\/nacionales-internacionales\/\" rel=\"category tag\">Nacionales\/Internacionales<\/a>","tag_info":"Nacionales\/Internacionales","comment_count":"0","_links":{"self":[{"href":"https:\/\/apuntesdesanluis.com\/index.php\/wp-json\/wp\/v2\/posts\/6004","targetHints":{"allow":["GET"]}}],"collection":[{"href":"https:\/\/apuntesdesanluis.com\/index.php\/wp-json\/wp\/v2\/posts"}],"about":[{"href":"https:\/\/apuntesdesanluis.com\/index.php\/wp-json\/wp\/v2\/types\/post"}],"author":[{"embeddable":true,"href":"https:\/\/apuntesdesanluis.com\/index.php\/wp-json\/wp\/v2\/users\/1"}],"replies":[{"embeddable":true,"href":"https:\/\/apuntesdesanluis.com\/index.php\/wp-json\/wp\/v2\/comments?post=6004"}],"version-history":[{"count":3,"href":"https:\/\/apuntesdesanluis.com\/index.php\/wp-json\/wp\/v2\/posts\/6004\/revisions"}],"predecessor-version":[{"id":6008,"href":"https:\/\/apuntesdesanluis.com\/index.php\/wp-json\/wp\/v2\/posts\/6004\/revisions\/6008"}],"wp:featuredmedia":[{"embeddable":true,"href":"https:\/\/apuntesdesanluis.com\/index.php\/wp-json\/wp\/v2\/media\/6005"}],"wp:attachment":[{"href":"https:\/\/apuntesdesanluis.com\/index.php\/wp-json\/wp\/v2\/media?parent=6004"}],"wp:term":[{"taxonomy":"category","embeddable":true,"href":"https:\/\/apuntesdesanluis.com\/index.php\/wp-json\/wp\/v2\/categories?post=6004"},{"taxonomy":"post_tag","embeddable":true,"href":"https:\/\/apuntesdesanluis.com\/index.php\/wp-json\/wp\/v2\/tags?post=6004"}],"curies":[{"name":"wp","href":"https:\/\/api.w.org\/{rel}","templated":true}]}}