{"id":6027,"date":"2023-10-29T10:10:48","date_gmt":"2023-10-29T13:10:48","guid":{"rendered":"https:\/\/apuntesdesanluis.com\/?p=6027"},"modified":"2023-10-29T22:12:26","modified_gmt":"2023-10-30T01:12:26","slug":"encontraron-muerto-al-hombre-de-la-toma-desaparecido-en-agosto","status":"publish","type":"post","link":"https:\/\/apuntesdesanluis.com\/index.php\/2023\/10\/29\/encontraron-muerto-al-hombre-de-la-toma-desaparecido-en-agosto\/","title":{"rendered":"ENCONTRARON MUERTO AL HOMBRE DE LA TOMA DESAPARECIDO EN AGOSTO"},"content":{"rendered":"<h3>Los restos de <strong>Juan Pastor G\u00f3mez<\/strong> fueron ubicados en un campo de Juan Llerena, en avanzado estado de descomposici\u00f3n.<\/h3>\n<h3>Seg\u00fan confirm\u00f3 su familia este domingo, el cuerpo hallado el s\u00e1bado en un campo de la localidad de Juan Llerena pertenece al hombre de 82 a\u00f1os que era buscado desde el 3 de agosto \u00faltimo, cuando denunciaron en la Comisar\u00eda 16\u00aa de La Toma que no hab\u00eda regresado a su casa.<\/h3>\n<h3>El cuerpo fue encontrado por un hombre de 28 a\u00f1os, oriundo de Naschel, hijo del due\u00f1o del campo &#8220;La Natalia&#8221;, a escasos 5 kil\u00f3metros de donde G\u00f3mez, que padec\u00eda Alzheimer, fue visto por \u00faltima vez.<\/h3>\n<h3>La fiscal de Instrucci\u00f3n 2 de la Segunda Circunscripci\u00f3n Judicial, Daniela Torres, confirm\u00f3 que no encontraron indicios de una muerte violenta.<\/h3>\n<h3>El avanzado estado de descomposici\u00f3n del cuerpo impidi\u00f3 que se le pueda realizar una necropsia, pero no hay indicios de que en la muerte hayan intervenido terceras personas.<\/h3>\n<h3>\u201cDado el estado del cad\u00e1ver no se le pudieron extraer muestras de tejido blando ni extraer las impresiones dactilares. Pero la familia reconoci\u00f3 el cuerpo y las prendas que llevaba cuando se realiz\u00f3 la solicitud de paradero\u201d, le explic\u00f3 Torres a este medio.\u00a0 \u201cSe practicaron rayos X sobre los restos y no se notaron rastros de golpes o lesiones\u201d, agreg\u00f3.<\/h3>\n<h3>Seg\u00fan inform\u00f3 una fuente judicial, el cuerpo no ten\u00eda rastros de haber sufrido violencia.<\/h3>\n<h3>El cuerpo fue trasladado a Villa Mercedes y la fiscal orden\u00f3 que se le extraiga una muestra de f\u00e9mur y se la conserve. De la misma se podr\u00e1 obtener tejido para realizar un an\u00e1lisis del ADN, si es que la fiscal de Instrucci\u00f3n 4 de la Primera Circunscripci\u00f3n, Mar\u00eda del Valle Dur\u00e1n, lo requiere. Esta \u00faltima es sobre quien recay\u00f3 la investigaci\u00f3n a partir de la solicitud de paradero realizada por la familia.<\/h3>\n<h3>\u201cPor escasos metros, el hallazgo fue dentro de la jurisdicci\u00f3n de la Segunda Circunscripci\u00f3n, por eso el levantamiento del cuerpo y el traslado se hace por personal de esta fiscal\u00eda\u201d, dijo Torres.<\/h3>\n<h3>Su familia confirm\u00f3 la identidad por sus ropas, pero sumar\u00e1n un ADN. Estaba a 5 kil\u00f3metros de donde desapareci\u00f3.<\/h3>\n<p>&nbsp;<\/p>\n<p>&nbsp;<\/p>\n<p>&nbsp;<\/p>\n<p>&nbsp;<\/p>\n<p>&nbsp;<\/p>\n","protected":false},"excerpt":{"rendered":"<p>Los restos de Juan Pastor G\u00f3mez fueron ubicados en un campo de Juan Llerena, en&#8230;<\/p>\n","protected":false},"author":1,"featured_media":1234,"comment_status":"closed","ping_status":"closed","sticky":false,"template":"","format":"standard","meta":{"footnotes":""},"categories":[6],"tags":[],"class_list":["post-6027","post","type-post","status-publish","format-standard","has-post-thumbnail","hentry","category-ciudad-provincia"],"yoast_head":"<!-- This site is optimized with the Yoast SEO plugin v26.1.1 - https:\/\/yoast.com\/wordpress\/plugins\/seo\/ -->\n<title>ENCONTRARON MUERTO AL HOMBRE DE LA TOMA DESAPARECIDO EN AGOSTO - Apuntes de San Luis<\/title>\n<meta name=\"robots\" content=\"index, follow, max-snippet:-1, max-image-preview:large, max-video-preview:-1\" \/>\n<link rel=\"canonical\" href=\"https:\/\/apuntesdesanluis.com\/index.php\/2023\/10\/29\/encontraron-muerto-al-hombre-de-la-toma-desaparecido-en-agosto\/\" \/>\n<meta property=\"og:locale\" content=\"es_ES\" \/>\n<meta property=\"og:type\" content=\"article\" \/>\n<meta property=\"og:title\" content=\"ENCONTRARON MUERTO AL HOMBRE DE LA TOMA DESAPARECIDO EN AGOSTO - Apuntes de San Luis\" \/>\n<meta property=\"og:description\" content=\"Los restos de Juan Pastor G\u00f3mez fueron ubicados en un campo de Juan Llerena, en...\" \/>\n<meta property=\"og:url\" content=\"https:\/\/apuntesdesanluis.com\/index.php\/2023\/10\/29\/encontraron-muerto-al-hombre-de-la-toma-desaparecido-en-agosto\/\" \/>\n<meta property=\"og:site_name\" content=\"Apuntes de San Luis\" \/>\n<meta property=\"article:published_time\" content=\"2023-10-29T13:10:48+00:00\" \/>\n<meta property=\"article:modified_time\" content=\"2023-10-30T01:12:26+00:00\" \/>\n<meta property=\"og:image\" content=\"https:\/\/apuntesdesanluis.com\/wp-content\/uploads\/2023\/08\/juan-gomez.png\" \/>\n\t<meta property=\"og:image:width\" content=\"708\" \/>\n\t<meta property=\"og:image:height\" content=\"502\" \/>\n\t<meta property=\"og:image:type\" content=\"image\/png\" \/>\n<meta name=\"author\" content=\"apuntesdesanluis.com\" \/>\n<meta name=\"twitter:card\" content=\"summary_large_image\" \/>\n<meta name=\"twitter:label1\" content=\"Escrito por\" \/>\n\t<meta name=\"twitter:data1\" content=\"apuntesdesanluis.com\" \/>\n\t<meta name=\"twitter:label2\" content=\"Tiempo de lectura\" \/>\n\t<meta name=\"twitter:data2\" content=\"2 minutos\" \/>\n<script type=\"application\/ld+json\" class=\"yoast-schema-graph\">{\"@context\":\"https:\/\/schema.org\",\"@graph\":[{\"@type\":\"Article\",\"@id\":\"https:\/\/apuntesdesanluis.com\/index.php\/2023\/10\/29\/encontraron-muerto-al-hombre-de-la-toma-desaparecido-en-agosto\/#article\",\"isPartOf\":{\"@id\":\"https:\/\/apuntesdesanluis.com\/index.php\/2023\/10\/29\/encontraron-muerto-al-hombre-de-la-toma-desaparecido-en-agosto\/\"},\"author\":{\"name\":\"apuntesdesanluis.com\",\"@id\":\"https:\/\/apuntesdesanluis.com\/#\/schema\/person\/b55151d52296fcce64d1a72538a70b90\"},\"headline\":\"ENCONTRARON MUERTO AL HOMBRE DE LA TOMA DESAPARECIDO EN AGOSTO\",\"datePublished\":\"2023-10-29T13:10:48+00:00\",\"dateModified\":\"2023-10-30T01:12:26+00:00\",\"mainEntityOfPage\":{\"@id\":\"https:\/\/apuntesdesanluis.com\/index.php\/2023\/10\/29\/encontraron-muerto-al-hombre-de-la-toma-desaparecido-en-agosto\/\"},\"wordCount\":389,\"publisher\":{\"@id\":\"https:\/\/apuntesdesanluis.com\/#\/schema\/person\/b55151d52296fcce64d1a72538a70b90\"},\"image\":{\"@id\":\"https:\/\/apuntesdesanluis.com\/index.php\/2023\/10\/29\/encontraron-muerto-al-hombre-de-la-toma-desaparecido-en-agosto\/#primaryimage\"},\"thumbnailUrl\":\"https:\/\/apuntesdesanluis.com\/wp-content\/uploads\/2023\/08\/juan-gomez.png\",\"articleSection\":[\"Ciudad\/Provincia\"],\"inLanguage\":\"es-AR\"},{\"@type\":\"WebPage\",\"@id\":\"https:\/\/apuntesdesanluis.com\/index.php\/2023\/10\/29\/encontraron-muerto-al-hombre-de-la-toma-desaparecido-en-agosto\/\",\"url\":\"https:\/\/apuntesdesanluis.com\/index.php\/2023\/10\/29\/encontraron-muerto-al-hombre-de-la-toma-desaparecido-en-agosto\/\",\"name\":\"ENCONTRARON MUERTO AL HOMBRE DE LA TOMA DESAPARECIDO EN AGOSTO - Apuntes de San Luis\",\"isPartOf\":{\"@id\":\"https:\/\/apuntesdesanluis.com\/#website\"},\"primaryImageOfPage\":{\"@id\":\"https:\/\/apuntesdesanluis.com\/index.php\/2023\/10\/29\/encontraron-muerto-al-hombre-de-la-toma-desaparecido-en-agosto\/#primaryimage\"},\"image\":{\"@id\":\"https:\/\/apuntesdesanluis.com\/index.php\/2023\/10\/29\/encontraron-muerto-al-hombre-de-la-toma-desaparecido-en-agosto\/#primaryimage\"},\"thumbnailUrl\":\"https:\/\/apuntesdesanluis.com\/wp-content\/uploads\/2023\/08\/juan-gomez.png\",\"datePublished\":\"2023-10-29T13:10:48+00:00\",\"dateModified\":\"2023-10-30T01:12:26+00:00\",\"breadcrumb\":{\"@id\":\"https:\/\/apuntesdesanluis.com\/index.php\/2023\/10\/29\/encontraron-muerto-al-hombre-de-la-toma-desaparecido-en-agosto\/#breadcrumb\"},\"inLanguage\":\"es-AR\",\"potentialAction\":[{\"@type\":\"ReadAction\",\"target\":[\"https:\/\/apuntesdesanluis.com\/index.php\/2023\/10\/29\/encontraron-muerto-al-hombre-de-la-toma-desaparecido-en-agosto\/\"]}]},{\"@type\":\"ImageObject\",\"inLanguage\":\"es-AR\",\"@id\":\"https:\/\/apuntesdesanluis.com\/index.php\/2023\/10\/29\/encontraron-muerto-al-hombre-de-la-toma-desaparecido-en-agosto\/#primaryimage\",\"url\":\"https:\/\/apuntesdesanluis.com\/wp-content\/uploads\/2023\/08\/juan-gomez.png\",\"contentUrl\":\"https:\/\/apuntesdesanluis.com\/wp-content\/uploads\/2023\/08\/juan-gomez.png\",\"width\":708,\"height\":502},{\"@type\":\"BreadcrumbList\",\"@id\":\"https:\/\/apuntesdesanluis.com\/index.php\/2023\/10\/29\/encontraron-muerto-al-hombre-de-la-toma-desaparecido-en-agosto\/#breadcrumb\",\"itemListElement\":[{\"@type\":\"ListItem\",\"position\":1,\"name\":\"Inicio\",\"item\":\"https:\/\/apuntesdesanluis.com\/\"},{\"@type\":\"ListItem\",\"position\":2,\"name\":\"ENCONTRARON MUERTO AL HOMBRE DE LA TOMA DESAPARECIDO EN AGOSTO\"}]},{\"@type\":\"WebSite\",\"@id\":\"https:\/\/apuntesdesanluis.com\/#website\",\"url\":\"https:\/\/apuntesdesanluis.com\/\",\"name\":\"Apuntes de San Luis\",\"description\":\"\",\"publisher\":{\"@id\":\"https:\/\/apuntesdesanluis.com\/#\/schema\/person\/b55151d52296fcce64d1a72538a70b90\"},\"potentialAction\":[{\"@type\":\"SearchAction\",\"target\":{\"@type\":\"EntryPoint\",\"urlTemplate\":\"https:\/\/apuntesdesanluis.com\/?s={search_term_string}\"},\"query-input\":{\"@type\":\"PropertyValueSpecification\",\"valueRequired\":true,\"valueName\":\"search_term_string\"}}],\"inLanguage\":\"es-AR\"},{\"@type\":[\"Person\",\"Organization\"],\"@id\":\"https:\/\/apuntesdesanluis.com\/#\/schema\/person\/b55151d52296fcce64d1a72538a70b90\",\"name\":\"apuntesdesanluis.com\",\"image\":{\"@type\":\"ImageObject\",\"inLanguage\":\"es-AR\",\"@id\":\"https:\/\/apuntesdesanluis.com\/#\/schema\/person\/image\/\",\"url\":\"https:\/\/apuntesdesanluis.com\/wp-content\/uploads\/2023\/07\/cropped-apuntesdesanluis.png\",\"contentUrl\":\"https:\/\/apuntesdesanluis.com\/wp-content\/uploads\/2023\/07\/cropped-apuntesdesanluis.png\",\"width\":450,\"height\":112,\"caption\":\"apuntesdesanluis.com\"},\"logo\":{\"@id\":\"https:\/\/apuntesdesanluis.com\/#\/schema\/person\/image\/\"},\"sameAs\":[\"https:\/\/apuntesdesanluis.com\"],\"url\":\"https:\/\/apuntesdesanluis.com\/index.php\/author\/apuntesdesanluis-com\/\"}]}<\/script>\n<!-- \/ Yoast SEO plugin. -->","yoast_head_json":{"title":"ENCONTRARON MUERTO AL HOMBRE DE LA TOMA DESAPARECIDO EN AGOSTO - Apuntes de San Luis","robots":{"index":"index","follow":"follow","max-snippet":"max-snippet:-1","max-image-preview":"max-image-preview:large","max-video-preview":"max-video-preview:-1"},"canonical":"https:\/\/apuntesdesanluis.com\/index.php\/2023\/10\/29\/encontraron-muerto-al-hombre-de-la-toma-desaparecido-en-agosto\/","og_locale":"es_ES","og_type":"article","og_title":"ENCONTRARON MUERTO AL HOMBRE DE LA TOMA DESAPARECIDO EN AGOSTO - Apuntes de San Luis","og_description":"Los restos de Juan Pastor G\u00f3mez fueron ubicados en un campo de Juan Llerena, en...","og_url":"https:\/\/apuntesdesanluis.com\/index.php\/2023\/10\/29\/encontraron-muerto-al-hombre-de-la-toma-desaparecido-en-agosto\/","og_site_name":"Apuntes de San Luis","article_published_time":"2023-10-29T13:10:48+00:00","article_modified_time":"2023-10-30T01:12:26+00:00","og_image":[{"width":708,"height":502,"url":"https:\/\/apuntesdesanluis.com\/wp-content\/uploads\/2023\/08\/juan-gomez.png","type":"image\/png"}],"author":"apuntesdesanluis.com","twitter_card":"summary_large_image","twitter_misc":{"Escrito por":"apuntesdesanluis.com","Tiempo de lectura":"2 minutos"},"schema":{"@context":"https:\/\/schema.org","@graph":[{"@type":"Article","@id":"https:\/\/apuntesdesanluis.com\/index.php\/2023\/10\/29\/encontraron-muerto-al-hombre-de-la-toma-desaparecido-en-agosto\/#article","isPartOf":{"@id":"https:\/\/apuntesdesanluis.com\/index.php\/2023\/10\/29\/encontraron-muerto-al-hombre-de-la-toma-desaparecido-en-agosto\/"},"author":{"name":"apuntesdesanluis.com","@id":"https:\/\/apuntesdesanluis.com\/#\/schema\/person\/b55151d52296fcce64d1a72538a70b90"},"headline":"ENCONTRARON MUERTO AL HOMBRE DE LA TOMA DESAPARECIDO EN AGOSTO","datePublished":"2023-10-29T13:10:48+00:00","dateModified":"2023-10-30T01:12:26+00:00","mainEntityOfPage":{"@id":"https:\/\/apuntesdesanluis.com\/index.php\/2023\/10\/29\/encontraron-muerto-al-hombre-de-la-toma-desaparecido-en-agosto\/"},"wordCount":389,"publisher":{"@id":"https:\/\/apuntesdesanluis.com\/#\/schema\/person\/b55151d52296fcce64d1a72538a70b90"},"image":{"@id":"https:\/\/apuntesdesanluis.com\/index.php\/2023\/10\/29\/encontraron-muerto-al-hombre-de-la-toma-desaparecido-en-agosto\/#primaryimage"},"thumbnailUrl":"https:\/\/apuntesdesanluis.com\/wp-content\/uploads\/2023\/08\/juan-gomez.png","articleSection":["Ciudad\/Provincia"],"inLanguage":"es-AR"},{"@type":"WebPage","@id":"https:\/\/apuntesdesanluis.com\/index.php\/2023\/10\/29\/encontraron-muerto-al-hombre-de-la-toma-desaparecido-en-agosto\/","url":"https:\/\/apuntesdesanluis.com\/index.php\/2023\/10\/29\/encontraron-muerto-al-hombre-de-la-toma-desaparecido-en-agosto\/","name":"ENCONTRARON MUERTO AL HOMBRE DE LA TOMA DESAPARECIDO EN AGOSTO - Apuntes de San Luis","isPartOf":{"@id":"https:\/\/apuntesdesanluis.com\/#website"},"primaryImageOfPage":{"@id":"https:\/\/apuntesdesanluis.com\/index.php\/2023\/10\/29\/encontraron-muerto-al-hombre-de-la-toma-desaparecido-en-agosto\/#primaryimage"},"image":{"@id":"https:\/\/apuntesdesanluis.com\/index.php\/2023\/10\/29\/encontraron-muerto-al-hombre-de-la-toma-desaparecido-en-agosto\/#primaryimage"},"thumbnailUrl":"https:\/\/apuntesdesanluis.com\/wp-content\/uploads\/2023\/08\/juan-gomez.png","datePublished":"2023-10-29T13:10:48+00:00","dateModified":"2023-10-30T01:12:26+00:00","breadcrumb":{"@id":"https:\/\/apuntesdesanluis.com\/index.php\/2023\/10\/29\/encontraron-muerto-al-hombre-de-la-toma-desaparecido-en-agosto\/#breadcrumb"},"inLanguage":"es-AR","potentialAction":[{"@type":"ReadAction","target":["https:\/\/apuntesdesanluis.com\/index.php\/2023\/10\/29\/encontraron-muerto-al-hombre-de-la-toma-desaparecido-en-agosto\/"]}]},{"@type":"ImageObject","inLanguage":"es-AR","@id":"https:\/\/apuntesdesanluis.com\/index.php\/2023\/10\/29\/encontraron-muerto-al-hombre-de-la-toma-desaparecido-en-agosto\/#primaryimage","url":"https:\/\/apuntesdesanluis.com\/wp-content\/uploads\/2023\/08\/juan-gomez.png","contentUrl":"https:\/\/apuntesdesanluis.com\/wp-content\/uploads\/2023\/08\/juan-gomez.png","width":708,"height":502},{"@type":"BreadcrumbList","@id":"https:\/\/apuntesdesanluis.com\/index.php\/2023\/10\/29\/encontraron-muerto-al-hombre-de-la-toma-desaparecido-en-agosto\/#breadcrumb","itemListElement":[{"@type":"ListItem","position":1,"name":"Inicio","item":"https:\/\/apuntesdesanluis.com\/"},{"@type":"ListItem","position":2,"name":"ENCONTRARON MUERTO AL HOMBRE DE LA TOMA DESAPARECIDO EN AGOSTO"}]},{"@type":"WebSite","@id":"https:\/\/apuntesdesanluis.com\/#website","url":"https:\/\/apuntesdesanluis.com\/","name":"Apuntes de San Luis","description":"","publisher":{"@id":"https:\/\/apuntesdesanluis.com\/#\/schema\/person\/b55151d52296fcce64d1a72538a70b90"},"potentialAction":[{"@type":"SearchAction","target":{"@type":"EntryPoint","urlTemplate":"https:\/\/apuntesdesanluis.com\/?s={search_term_string}"},"query-input":{"@type":"PropertyValueSpecification","valueRequired":true,"valueName":"search_term_string"}}],"inLanguage":"es-AR"},{"@type":["Person","Organization"],"@id":"https:\/\/apuntesdesanluis.com\/#\/schema\/person\/b55151d52296fcce64d1a72538a70b90","name":"apuntesdesanluis.com","image":{"@type":"ImageObject","inLanguage":"es-AR","@id":"https:\/\/apuntesdesanluis.com\/#\/schema\/person\/image\/","url":"https:\/\/apuntesdesanluis.com\/wp-content\/uploads\/2023\/07\/cropped-apuntesdesanluis.png","contentUrl":"https:\/\/apuntesdesanluis.com\/wp-content\/uploads\/2023\/07\/cropped-apuntesdesanluis.png","width":450,"height":112,"caption":"apuntesdesanluis.com"},"logo":{"@id":"https:\/\/apuntesdesanluis.com\/#\/schema\/person\/image\/"},"sameAs":["https:\/\/apuntesdesanluis.com"],"url":"https:\/\/apuntesdesanluis.com\/index.php\/author\/apuntesdesanluis-com\/"}]}},"featured_image_urls":{"full":["https:\/\/apuntesdesanluis.com\/wp-content\/uploads\/2023\/08\/juan-gomez.png",708,502,false],"thumbnail":["https:\/\/apuntesdesanluis.com\/wp-content\/uploads\/2023\/08\/juan-gomez-150x150.png",150,150,true],"medium":["https:\/\/apuntesdesanluis.com\/wp-content\/uploads\/2023\/08\/juan-gomez-300x213.png",300,213,true],"medium_large":["https:\/\/apuntesdesanluis.com\/wp-content\/uploads\/2023\/08\/juan-gomez.png",640,454,false],"large":["https:\/\/apuntesdesanluis.com\/wp-content\/uploads\/2023\/08\/juan-gomez.png",640,454,false],"1536x1536":["https:\/\/apuntesdesanluis.com\/wp-content\/uploads\/2023\/08\/juan-gomez.png",708,502,false],"2048x2048":["https:\/\/apuntesdesanluis.com\/wp-content\/uploads\/2023\/08\/juan-gomez.png",708,502,false],"newsever-slider-full":["https:\/\/apuntesdesanluis.com\/wp-content\/uploads\/2023\/08\/juan-gomez.png",708,502,false],"newsever-featured":["https:\/\/apuntesdesanluis.com\/wp-content\/uploads\/2023\/08\/juan-gomez.png",708,502,false],"newsever-medium":["https:\/\/apuntesdesanluis.com\/wp-content\/uploads\/2023\/08\/juan-gomez-708x475.png",708,475,true]},"author_info":{"display_name":"apuntesdesanluis.com","author_link":"https:\/\/apuntesdesanluis.com\/index.php\/author\/apuntesdesanluis-com\/"},"category_info":"<a href=\"https:\/\/apuntesdesanluis.com\/index.php\/category\/ciudad-provincia\/\" rel=\"category tag\">Ciudad\/Provincia<\/a>","tag_info":"Ciudad\/Provincia","comment_count":"0","_links":{"self":[{"href":"https:\/\/apuntesdesanluis.com\/index.php\/wp-json\/wp\/v2\/posts\/6027","targetHints":{"allow":["GET"]}}],"collection":[{"href":"https:\/\/apuntesdesanluis.com\/index.php\/wp-json\/wp\/v2\/posts"}],"about":[{"href":"https:\/\/apuntesdesanluis.com\/index.php\/wp-json\/wp\/v2\/types\/post"}],"author":[{"embeddable":true,"href":"https:\/\/apuntesdesanluis.com\/index.php\/wp-json\/wp\/v2\/users\/1"}],"replies":[{"embeddable":true,"href":"https:\/\/apuntesdesanluis.com\/index.php\/wp-json\/wp\/v2\/comments?post=6027"}],"version-history":[{"count":1,"href":"https:\/\/apuntesdesanluis.com\/index.php\/wp-json\/wp\/v2\/posts\/6027\/revisions"}],"predecessor-version":[{"id":6028,"href":"https:\/\/apuntesdesanluis.com\/index.php\/wp-json\/wp\/v2\/posts\/6027\/revisions\/6028"}],"wp:featuredmedia":[{"embeddable":true,"href":"https:\/\/apuntesdesanluis.com\/index.php\/wp-json\/wp\/v2\/media\/1234"}],"wp:attachment":[{"href":"https:\/\/apuntesdesanluis.com\/index.php\/wp-json\/wp\/v2\/media?parent=6027"}],"wp:term":[{"taxonomy":"category","embeddable":true,"href":"https:\/\/apuntesdesanluis.com\/index.php\/wp-json\/wp\/v2\/categories?post=6027"},{"taxonomy":"post_tag","embeddable":true,"href":"https:\/\/apuntesdesanluis.com\/index.php\/wp-json\/wp\/v2\/tags?post=6027"}],"curies":[{"name":"wp","href":"https:\/\/api.w.org\/{rel}","templated":true}]}}