{"id":6029,"date":"2023-10-29T22:47:50","date_gmt":"2023-10-30T01:47:50","guid":{"rendered":"https:\/\/apuntesdesanluis.com\/?p=6029"},"modified":"2023-10-29T22:49:12","modified_gmt":"2023-10-30T01:49:12","slug":"charla-sobre-concientizacion-y-prevencion-del-cancer-de-mama","status":"publish","type":"post","link":"https:\/\/apuntesdesanluis.com\/index.php\/2023\/10\/29\/charla-sobre-concientizacion-y-prevencion-del-cancer-de-mama\/","title":{"rendered":"CHARLA SOBRE CONCIENTIZACI\u00d3N Y PREVENCI\u00d3N DEL C\u00c1NCER DE MAMA"},"content":{"rendered":"<h3>Como parte de las actividades planificadas en el marco del llamado <strong>Mes Rosa<\/strong>, para concientizar y prevenir el c\u00e1ncer de mama, el <strong>Concejo Deliberante de Villa Mercedes<\/strong> ha organizado para este lunes 30 una charla abierta a la comunidad.<\/h3>\n<h3>Se desarrollar\u00e1 a partir de las 10:30 h en el \u201cSal\u00f3n de Viceintendentes\u201d del cuerpo legislativo, en Chacabuco 21, y estar\u00e1 a cargo del Dr. <strong>Carlos Belletini<\/strong>.<\/h3>\n<h3>El c\u00e1ncer de mama es una enfermedad causada por la multiplicaci\u00f3n anormal de las c\u00e9lulas de la mama que forman un tumor maligno. Puede afectar a cualquier mujer y las posibilidades de que aparezca aumentan con la edad, en especial a partir de los 50 a\u00f1os.<\/h3>\n<h3>La detecci\u00f3n temprana del c\u00e1ncer de mama aumenta las posibilidades de cura, para ello el m\u00e9todo recomendado es la mamograf\u00eda. Todas las mujeres entre los 50 y los 69 a\u00f1os de edad, sin antecedentes personales ni familiares de c\u00e1ncer de mama, deben realizarse una mamograf\u00eda cada uno o dos a\u00f1os.<\/h3>\n","protected":false},"excerpt":{"rendered":"<p>Como parte de las actividades planificadas en el marco del llamado Mes Rosa, para concientizar&#8230;<\/p>\n","protected":false},"author":1,"featured_media":6030,"comment_status":"closed","ping_status":"closed","sticky":false,"template":"","format":"standard","meta":{"footnotes":""},"categories":[6],"tags":[],"class_list":["post-6029","post","type-post","status-publish","format-standard","has-post-thumbnail","hentry","category-ciudad-provincia"],"yoast_head":"<!-- This site is optimized with the Yoast SEO plugin v26.1.1 - https:\/\/yoast.com\/wordpress\/plugins\/seo\/ -->\n<title>CHARLA SOBRE CONCIENTIZACI\u00d3N Y PREVENCI\u00d3N DEL C\u00c1NCER DE MAMA - Apuntes de San Luis<\/title>\n<meta name=\"robots\" content=\"index, follow, max-snippet:-1, max-image-preview:large, max-video-preview:-1\" \/>\n<link rel=\"canonical\" href=\"https:\/\/apuntesdesanluis.com\/index.php\/2023\/10\/29\/charla-sobre-concientizacion-y-prevencion-del-cancer-de-mama\/\" \/>\n<meta property=\"og:locale\" content=\"es_ES\" \/>\n<meta property=\"og:type\" content=\"article\" \/>\n<meta property=\"og:title\" content=\"CHARLA SOBRE CONCIENTIZACI\u00d3N Y PREVENCI\u00d3N DEL C\u00c1NCER DE MAMA - Apuntes de San Luis\" \/>\n<meta property=\"og:description\" content=\"Como parte de las actividades planificadas en el marco del llamado Mes Rosa, para concientizar...\" \/>\n<meta property=\"og:url\" content=\"https:\/\/apuntesdesanluis.com\/index.php\/2023\/10\/29\/charla-sobre-concientizacion-y-prevencion-del-cancer-de-mama\/\" \/>\n<meta property=\"og:site_name\" content=\"Apuntes de San Luis\" \/>\n<meta property=\"article:published_time\" content=\"2023-10-30T01:47:50+00:00\" \/>\n<meta property=\"article:modified_time\" content=\"2023-10-30T01:49:12+00:00\" \/>\n<meta property=\"og:image\" content=\"https:\/\/apuntesdesanluis.com\/wp-content\/uploads\/2023\/10\/concejo-deliberante.png\" \/>\n\t<meta property=\"og:image:width\" content=\"504\" \/>\n\t<meta property=\"og:image:height\" content=\"291\" \/>\n\t<meta property=\"og:image:type\" content=\"image\/png\" \/>\n<meta name=\"author\" content=\"apuntesdesanluis.com\" \/>\n<meta name=\"twitter:card\" content=\"summary_large_image\" \/>\n<meta name=\"twitter:label1\" content=\"Escrito por\" \/>\n\t<meta name=\"twitter:data1\" content=\"apuntesdesanluis.com\" \/>\n\t<meta name=\"twitter:label2\" content=\"Tiempo de lectura\" \/>\n\t<meta name=\"twitter:data2\" content=\"1 minuto\" \/>\n<script type=\"application\/ld+json\" class=\"yoast-schema-graph\">{\"@context\":\"https:\/\/schema.org\",\"@graph\":[{\"@type\":\"Article\",\"@id\":\"https:\/\/apuntesdesanluis.com\/index.php\/2023\/10\/29\/charla-sobre-concientizacion-y-prevencion-del-cancer-de-mama\/#article\",\"isPartOf\":{\"@id\":\"https:\/\/apuntesdesanluis.com\/index.php\/2023\/10\/29\/charla-sobre-concientizacion-y-prevencion-del-cancer-de-mama\/\"},\"author\":{\"name\":\"apuntesdesanluis.com\",\"@id\":\"https:\/\/apuntesdesanluis.com\/#\/schema\/person\/b55151d52296fcce64d1a72538a70b90\"},\"headline\":\"CHARLA SOBRE CONCIENTIZACI\u00d3N Y PREVENCI\u00d3N DEL C\u00c1NCER DE MAMA\",\"datePublished\":\"2023-10-30T01:47:50+00:00\",\"dateModified\":\"2023-10-30T01:49:12+00:00\",\"mainEntityOfPage\":{\"@id\":\"https:\/\/apuntesdesanluis.com\/index.php\/2023\/10\/29\/charla-sobre-concientizacion-y-prevencion-del-cancer-de-mama\/\"},\"wordCount\":182,\"publisher\":{\"@id\":\"https:\/\/apuntesdesanluis.com\/#\/schema\/person\/b55151d52296fcce64d1a72538a70b90\"},\"image\":{\"@id\":\"https:\/\/apuntesdesanluis.com\/index.php\/2023\/10\/29\/charla-sobre-concientizacion-y-prevencion-del-cancer-de-mama\/#primaryimage\"},\"thumbnailUrl\":\"https:\/\/apuntesdesanluis.com\/wp-content\/uploads\/2023\/10\/concejo-deliberante.png\",\"articleSection\":[\"Ciudad\/Provincia\"],\"inLanguage\":\"es-AR\"},{\"@type\":\"WebPage\",\"@id\":\"https:\/\/apuntesdesanluis.com\/index.php\/2023\/10\/29\/charla-sobre-concientizacion-y-prevencion-del-cancer-de-mama\/\",\"url\":\"https:\/\/apuntesdesanluis.com\/index.php\/2023\/10\/29\/charla-sobre-concientizacion-y-prevencion-del-cancer-de-mama\/\",\"name\":\"CHARLA SOBRE CONCIENTIZACI\u00d3N Y PREVENCI\u00d3N DEL C\u00c1NCER DE MAMA - Apuntes de San Luis\",\"isPartOf\":{\"@id\":\"https:\/\/apuntesdesanluis.com\/#website\"},\"primaryImageOfPage\":{\"@id\":\"https:\/\/apuntesdesanluis.com\/index.php\/2023\/10\/29\/charla-sobre-concientizacion-y-prevencion-del-cancer-de-mama\/#primaryimage\"},\"image\":{\"@id\":\"https:\/\/apuntesdesanluis.com\/index.php\/2023\/10\/29\/charla-sobre-concientizacion-y-prevencion-del-cancer-de-mama\/#primaryimage\"},\"thumbnailUrl\":\"https:\/\/apuntesdesanluis.com\/wp-content\/uploads\/2023\/10\/concejo-deliberante.png\",\"datePublished\":\"2023-10-30T01:47:50+00:00\",\"dateModified\":\"2023-10-30T01:49:12+00:00\",\"breadcrumb\":{\"@id\":\"https:\/\/apuntesdesanluis.com\/index.php\/2023\/10\/29\/charla-sobre-concientizacion-y-prevencion-del-cancer-de-mama\/#breadcrumb\"},\"inLanguage\":\"es-AR\",\"potentialAction\":[{\"@type\":\"ReadAction\",\"target\":[\"https:\/\/apuntesdesanluis.com\/index.php\/2023\/10\/29\/charla-sobre-concientizacion-y-prevencion-del-cancer-de-mama\/\"]}]},{\"@type\":\"ImageObject\",\"inLanguage\":\"es-AR\",\"@id\":\"https:\/\/apuntesdesanluis.com\/index.php\/2023\/10\/29\/charla-sobre-concientizacion-y-prevencion-del-cancer-de-mama\/#primaryimage\",\"url\":\"https:\/\/apuntesdesanluis.com\/wp-content\/uploads\/2023\/10\/concejo-deliberante.png\",\"contentUrl\":\"https:\/\/apuntesdesanluis.com\/wp-content\/uploads\/2023\/10\/concejo-deliberante.png\",\"width\":504,\"height\":291},{\"@type\":\"BreadcrumbList\",\"@id\":\"https:\/\/apuntesdesanluis.com\/index.php\/2023\/10\/29\/charla-sobre-concientizacion-y-prevencion-del-cancer-de-mama\/#breadcrumb\",\"itemListElement\":[{\"@type\":\"ListItem\",\"position\":1,\"name\":\"Inicio\",\"item\":\"https:\/\/apuntesdesanluis.com\/\"},{\"@type\":\"ListItem\",\"position\":2,\"name\":\"CHARLA SOBRE CONCIENTIZACI\u00d3N Y PREVENCI\u00d3N DEL C\u00c1NCER DE MAMA\"}]},{\"@type\":\"WebSite\",\"@id\":\"https:\/\/apuntesdesanluis.com\/#website\",\"url\":\"https:\/\/apuntesdesanluis.com\/\",\"name\":\"Apuntes de San Luis\",\"description\":\"\",\"publisher\":{\"@id\":\"https:\/\/apuntesdesanluis.com\/#\/schema\/person\/b55151d52296fcce64d1a72538a70b90\"},\"potentialAction\":[{\"@type\":\"SearchAction\",\"target\":{\"@type\":\"EntryPoint\",\"urlTemplate\":\"https:\/\/apuntesdesanluis.com\/?s={search_term_string}\"},\"query-input\":{\"@type\":\"PropertyValueSpecification\",\"valueRequired\":true,\"valueName\":\"search_term_string\"}}],\"inLanguage\":\"es-AR\"},{\"@type\":[\"Person\",\"Organization\"],\"@id\":\"https:\/\/apuntesdesanluis.com\/#\/schema\/person\/b55151d52296fcce64d1a72538a70b90\",\"name\":\"apuntesdesanluis.com\",\"image\":{\"@type\":\"ImageObject\",\"inLanguage\":\"es-AR\",\"@id\":\"https:\/\/apuntesdesanluis.com\/#\/schema\/person\/image\/\",\"url\":\"https:\/\/apuntesdesanluis.com\/wp-content\/uploads\/2023\/07\/cropped-apuntesdesanluis.png\",\"contentUrl\":\"https:\/\/apuntesdesanluis.com\/wp-content\/uploads\/2023\/07\/cropped-apuntesdesanluis.png\",\"width\":450,\"height\":112,\"caption\":\"apuntesdesanluis.com\"},\"logo\":{\"@id\":\"https:\/\/apuntesdesanluis.com\/#\/schema\/person\/image\/\"},\"sameAs\":[\"https:\/\/apuntesdesanluis.com\"],\"url\":\"https:\/\/apuntesdesanluis.com\/index.php\/author\/apuntesdesanluis-com\/\"}]}<\/script>\n<!-- \/ Yoast SEO plugin. -->","yoast_head_json":{"title":"CHARLA SOBRE CONCIENTIZACI\u00d3N Y PREVENCI\u00d3N DEL C\u00c1NCER DE MAMA - Apuntes de San Luis","robots":{"index":"index","follow":"follow","max-snippet":"max-snippet:-1","max-image-preview":"max-image-preview:large","max-video-preview":"max-video-preview:-1"},"canonical":"https:\/\/apuntesdesanluis.com\/index.php\/2023\/10\/29\/charla-sobre-concientizacion-y-prevencion-del-cancer-de-mama\/","og_locale":"es_ES","og_type":"article","og_title":"CHARLA SOBRE CONCIENTIZACI\u00d3N Y PREVENCI\u00d3N DEL C\u00c1NCER DE MAMA - Apuntes de San Luis","og_description":"Como parte de las actividades planificadas en el marco del llamado Mes Rosa, para concientizar...","og_url":"https:\/\/apuntesdesanluis.com\/index.php\/2023\/10\/29\/charla-sobre-concientizacion-y-prevencion-del-cancer-de-mama\/","og_site_name":"Apuntes de San Luis","article_published_time":"2023-10-30T01:47:50+00:00","article_modified_time":"2023-10-30T01:49:12+00:00","og_image":[{"width":504,"height":291,"url":"https:\/\/apuntesdesanluis.com\/wp-content\/uploads\/2023\/10\/concejo-deliberante.png","type":"image\/png"}],"author":"apuntesdesanluis.com","twitter_card":"summary_large_image","twitter_misc":{"Escrito por":"apuntesdesanluis.com","Tiempo de lectura":"1 minuto"},"schema":{"@context":"https:\/\/schema.org","@graph":[{"@type":"Article","@id":"https:\/\/apuntesdesanluis.com\/index.php\/2023\/10\/29\/charla-sobre-concientizacion-y-prevencion-del-cancer-de-mama\/#article","isPartOf":{"@id":"https:\/\/apuntesdesanluis.com\/index.php\/2023\/10\/29\/charla-sobre-concientizacion-y-prevencion-del-cancer-de-mama\/"},"author":{"name":"apuntesdesanluis.com","@id":"https:\/\/apuntesdesanluis.com\/#\/schema\/person\/b55151d52296fcce64d1a72538a70b90"},"headline":"CHARLA SOBRE CONCIENTIZACI\u00d3N Y PREVENCI\u00d3N DEL C\u00c1NCER DE MAMA","datePublished":"2023-10-30T01:47:50+00:00","dateModified":"2023-10-30T01:49:12+00:00","mainEntityOfPage":{"@id":"https:\/\/apuntesdesanluis.com\/index.php\/2023\/10\/29\/charla-sobre-concientizacion-y-prevencion-del-cancer-de-mama\/"},"wordCount":182,"publisher":{"@id":"https:\/\/apuntesdesanluis.com\/#\/schema\/person\/b55151d52296fcce64d1a72538a70b90"},"image":{"@id":"https:\/\/apuntesdesanluis.com\/index.php\/2023\/10\/29\/charla-sobre-concientizacion-y-prevencion-del-cancer-de-mama\/#primaryimage"},"thumbnailUrl":"https:\/\/apuntesdesanluis.com\/wp-content\/uploads\/2023\/10\/concejo-deliberante.png","articleSection":["Ciudad\/Provincia"],"inLanguage":"es-AR"},{"@type":"WebPage","@id":"https:\/\/apuntesdesanluis.com\/index.php\/2023\/10\/29\/charla-sobre-concientizacion-y-prevencion-del-cancer-de-mama\/","url":"https:\/\/apuntesdesanluis.com\/index.php\/2023\/10\/29\/charla-sobre-concientizacion-y-prevencion-del-cancer-de-mama\/","name":"CHARLA SOBRE CONCIENTIZACI\u00d3N Y PREVENCI\u00d3N DEL C\u00c1NCER DE MAMA - Apuntes de San Luis","isPartOf":{"@id":"https:\/\/apuntesdesanluis.com\/#website"},"primaryImageOfPage":{"@id":"https:\/\/apuntesdesanluis.com\/index.php\/2023\/10\/29\/charla-sobre-concientizacion-y-prevencion-del-cancer-de-mama\/#primaryimage"},"image":{"@id":"https:\/\/apuntesdesanluis.com\/index.php\/2023\/10\/29\/charla-sobre-concientizacion-y-prevencion-del-cancer-de-mama\/#primaryimage"},"thumbnailUrl":"https:\/\/apuntesdesanluis.com\/wp-content\/uploads\/2023\/10\/concejo-deliberante.png","datePublished":"2023-10-30T01:47:50+00:00","dateModified":"2023-10-30T01:49:12+00:00","breadcrumb":{"@id":"https:\/\/apuntesdesanluis.com\/index.php\/2023\/10\/29\/charla-sobre-concientizacion-y-prevencion-del-cancer-de-mama\/#breadcrumb"},"inLanguage":"es-AR","potentialAction":[{"@type":"ReadAction","target":["https:\/\/apuntesdesanluis.com\/index.php\/2023\/10\/29\/charla-sobre-concientizacion-y-prevencion-del-cancer-de-mama\/"]}]},{"@type":"ImageObject","inLanguage":"es-AR","@id":"https:\/\/apuntesdesanluis.com\/index.php\/2023\/10\/29\/charla-sobre-concientizacion-y-prevencion-del-cancer-de-mama\/#primaryimage","url":"https:\/\/apuntesdesanluis.com\/wp-content\/uploads\/2023\/10\/concejo-deliberante.png","contentUrl":"https:\/\/apuntesdesanluis.com\/wp-content\/uploads\/2023\/10\/concejo-deliberante.png","width":504,"height":291},{"@type":"BreadcrumbList","@id":"https:\/\/apuntesdesanluis.com\/index.php\/2023\/10\/29\/charla-sobre-concientizacion-y-prevencion-del-cancer-de-mama\/#breadcrumb","itemListElement":[{"@type":"ListItem","position":1,"name":"Inicio","item":"https:\/\/apuntesdesanluis.com\/"},{"@type":"ListItem","position":2,"name":"CHARLA SOBRE CONCIENTIZACI\u00d3N Y PREVENCI\u00d3N DEL C\u00c1NCER DE MAMA"}]},{"@type":"WebSite","@id":"https:\/\/apuntesdesanluis.com\/#website","url":"https:\/\/apuntesdesanluis.com\/","name":"Apuntes de San Luis","description":"","publisher":{"@id":"https:\/\/apuntesdesanluis.com\/#\/schema\/person\/b55151d52296fcce64d1a72538a70b90"},"potentialAction":[{"@type":"SearchAction","target":{"@type":"EntryPoint","urlTemplate":"https:\/\/apuntesdesanluis.com\/?s={search_term_string}"},"query-input":{"@type":"PropertyValueSpecification","valueRequired":true,"valueName":"search_term_string"}}],"inLanguage":"es-AR"},{"@type":["Person","Organization"],"@id":"https:\/\/apuntesdesanluis.com\/#\/schema\/person\/b55151d52296fcce64d1a72538a70b90","name":"apuntesdesanluis.com","image":{"@type":"ImageObject","inLanguage":"es-AR","@id":"https:\/\/apuntesdesanluis.com\/#\/schema\/person\/image\/","url":"https:\/\/apuntesdesanluis.com\/wp-content\/uploads\/2023\/07\/cropped-apuntesdesanluis.png","contentUrl":"https:\/\/apuntesdesanluis.com\/wp-content\/uploads\/2023\/07\/cropped-apuntesdesanluis.png","width":450,"height":112,"caption":"apuntesdesanluis.com"},"logo":{"@id":"https:\/\/apuntesdesanluis.com\/#\/schema\/person\/image\/"},"sameAs":["https:\/\/apuntesdesanluis.com"],"url":"https:\/\/apuntesdesanluis.com\/index.php\/author\/apuntesdesanluis-com\/"}]}},"featured_image_urls":{"full":["https:\/\/apuntesdesanluis.com\/wp-content\/uploads\/2023\/10\/concejo-deliberante.png",504,291,false],"thumbnail":["https:\/\/apuntesdesanluis.com\/wp-content\/uploads\/2023\/10\/concejo-deliberante-150x150.png",150,150,true],"medium":["https:\/\/apuntesdesanluis.com\/wp-content\/uploads\/2023\/10\/concejo-deliberante-300x173.png",300,173,true],"medium_large":["https:\/\/apuntesdesanluis.com\/wp-content\/uploads\/2023\/10\/concejo-deliberante.png",504,291,false],"large":["https:\/\/apuntesdesanluis.com\/wp-content\/uploads\/2023\/10\/concejo-deliberante.png",504,291,false],"1536x1536":["https:\/\/apuntesdesanluis.com\/wp-content\/uploads\/2023\/10\/concejo-deliberante.png",504,291,false],"2048x2048":["https:\/\/apuntesdesanluis.com\/wp-content\/uploads\/2023\/10\/concejo-deliberante.png",504,291,false],"newsever-slider-full":["https:\/\/apuntesdesanluis.com\/wp-content\/uploads\/2023\/10\/concejo-deliberante.png",504,291,false],"newsever-featured":["https:\/\/apuntesdesanluis.com\/wp-content\/uploads\/2023\/10\/concejo-deliberante.png",504,291,false],"newsever-medium":["https:\/\/apuntesdesanluis.com\/wp-content\/uploads\/2023\/10\/concejo-deliberante.png",504,291,false]},"author_info":{"display_name":"apuntesdesanluis.com","author_link":"https:\/\/apuntesdesanluis.com\/index.php\/author\/apuntesdesanluis-com\/"},"category_info":"<a href=\"https:\/\/apuntesdesanluis.com\/index.php\/category\/ciudad-provincia\/\" rel=\"category tag\">Ciudad\/Provincia<\/a>","tag_info":"Ciudad\/Provincia","comment_count":"0","_links":{"self":[{"href":"https:\/\/apuntesdesanluis.com\/index.php\/wp-json\/wp\/v2\/posts\/6029","targetHints":{"allow":["GET"]}}],"collection":[{"href":"https:\/\/apuntesdesanluis.com\/index.php\/wp-json\/wp\/v2\/posts"}],"about":[{"href":"https:\/\/apuntesdesanluis.com\/index.php\/wp-json\/wp\/v2\/types\/post"}],"author":[{"embeddable":true,"href":"https:\/\/apuntesdesanluis.com\/index.php\/wp-json\/wp\/v2\/users\/1"}],"replies":[{"embeddable":true,"href":"https:\/\/apuntesdesanluis.com\/index.php\/wp-json\/wp\/v2\/comments?post=6029"}],"version-history":[{"count":3,"href":"https:\/\/apuntesdesanluis.com\/index.php\/wp-json\/wp\/v2\/posts\/6029\/revisions"}],"predecessor-version":[{"id":6033,"href":"https:\/\/apuntesdesanluis.com\/index.php\/wp-json\/wp\/v2\/posts\/6029\/revisions\/6033"}],"wp:featuredmedia":[{"embeddable":true,"href":"https:\/\/apuntesdesanluis.com\/index.php\/wp-json\/wp\/v2\/media\/6030"}],"wp:attachment":[{"href":"https:\/\/apuntesdesanluis.com\/index.php\/wp-json\/wp\/v2\/media?parent=6029"}],"wp:term":[{"taxonomy":"category","embeddable":true,"href":"https:\/\/apuntesdesanluis.com\/index.php\/wp-json\/wp\/v2\/categories?post=6029"},{"taxonomy":"post_tag","embeddable":true,"href":"https:\/\/apuntesdesanluis.com\/index.php\/wp-json\/wp\/v2\/tags?post=6029"}],"curies":[{"name":"wp","href":"https:\/\/api.w.org\/{rel}","templated":true}]}}