{"id":6039,"date":"2023-10-30T00:17:28","date_gmt":"2023-10-30T03:17:28","guid":{"rendered":"https:\/\/apuntesdesanluis.com\/?p=6039"},"modified":"2023-10-30T00:22:25","modified_gmt":"2023-10-30T03:22:25","slug":"massa-a-las-petroleras-si-el-martes-a-la-noche-no-esta-resuelto-no-van-a-poder-sacar-un-barco","status":"publish","type":"post","link":"https:\/\/apuntesdesanluis.com\/index.php\/2023\/10\/30\/massa-a-las-petroleras-si-el-martes-a-la-noche-no-esta-resuelto-no-van-a-poder-sacar-un-barco\/","title":{"rendered":"MASSA, A LAS PETROLERAS: &#8220;SI EL MARTES A LA NOCHE NO EST\u00c1 RESUELTO, NO VAN A PODER SACAR UN BARCO&#8221;"},"content":{"rendered":"<h3>El ministro de Econom\u00eda y candidato presidencial de Uni\u00f3n por la Patria (UxP), <span style=\"color: #000000;\"><strong>Sergio Massa<\/strong><\/span>, advirti\u00f3 a las empresas petroleras que el abastecimiento de combustibles en las estaciones de servicio debe estar resuelto para la medianoche del martes.<\/h3>\n<h3>\u201cSi el martes a las 12 de la noche no est\u00e1 resuelto el abastecimiento de combustibles, desde el mi\u00e9rcoles no van a poder sacar un barco de exportaci\u00f3n porque primero el petr\u00f3leo de los argentinos es de los argentinos\u201d, dijo Massa durante una conferencia de prensa brindada en Tucum\u00e1n, donde particip\u00f3 en el acto de jura del gobernador Osvaldo Jaldo.<\/h3>\n<h3>\u201cEn alg\u00fan momento, hubo algunos que especularon que seg\u00fan el resultado electoral iba a haber una devaluaci\u00f3n, entonces por ah\u00ed guardaron. Despu\u00e9s hubo algunos otros que especularon con que venc\u00eda el acuerdo de descongelamiento, y se hablaba del 20% de aumento, de 40% de aumento. El sector petrolero argentino es uno de los que tiene mayor crecimiento de mercado global\u201d, se\u00f1al\u00f3 el ministro y candidato a presidente.<\/h3>\n<h3>Massa subray\u00f3 que \u201csi el Estado hoy no tuviera regulaciones, el litro de nafta ser\u00eda $680. La discusi\u00f3n es el 19 de noviembre si cada argentino paga o no $680 o paga valor de hoy. Esa es la diferencia entre los dos proyectos de pa\u00eds. Lo vimos con el transporte\u201d.<\/h3>\n<h3>\u201cSi el Estado hoy no tuviera regulaciones, el litro de nafta ser\u00eda $680. La discusi\u00f3n es el 19 de noviembre si cada argentino paga o no $680 o paga valor de hoy. Esa es la diferencia entre los dos proyectos de pa\u00eds. Lo vimos con el transporte\u201d<\/h3>\n<h3>El ministro enfatiz\u00f3 que \u201cel sector petrolero argentino est\u00e1 batiendo los r\u00e9cords de producci\u00f3n\u201d y que para las petroleras \u201ces mucho m\u00e1s atractivo exportar a valor de barril internacional que vender en el mercado interno, a una regulaci\u00f3n que hemos puesto para proteger el bolsillo de la gente que se llama barril criollo\u201d.<\/h3>\n<h3>\u201cObviamente que para las petroleras es m\u00e1s negocios exportar que vender en el mercado interno pero precisamente el tener el recurso nos tiene que permitir abrir nuevos mercados pero cuidar el bolsillo de los argentinos. Me encanta que las petroleras argentinas exporten m\u00e1s, generen divisas, pero primero los argentinos\u201d, continu\u00f3 Massa.<\/h3>\n<h3>En ese marco, advirti\u00f3: \u201cSi el martes a las 12 de la noche no est\u00e1 resuelto el abastecimiento, desde el mi\u00e9rcoles no van a poder sacar un barco de exportaci\u00f3n porque primero el petr\u00f3leo de los argentinos es de los argentinos\u201d.<\/h3>\n<p><iframe title=\"La ADVERTENCIA de MASSA a las PETROLERAS por la ESCASEZ de COMBUSTIBLE\" width=\"640\" height=\"360\" src=\"https:\/\/www.youtube.com\/embed\/5nDDv4eY51c?start=37&#038;feature=oembed\" frameborder=\"0\" allow=\"accelerometer; autoplay; clipboard-write; encrypted-media; gyroscope; picture-in-picture; web-share\" referrerpolicy=\"strict-origin-when-cross-origin\" allowfullscreen><\/iframe><\/p>\n<h3>LA SITUACI\u00d3N SE NORMALIZA<\/h3>\n<h3>El s\u00e1bado, las empresas refinadoras de petr\u00f3leo YPF, Ra\u00edzen (licenciataria de la marca Shell), Trafigura (Puma) y y Axion dijeron que el abastecimiento de combustibles en el mercado interno se ir\u00e1 normalizando.<\/h3>\n<h3>&#8220;Respecto de la situaci\u00f3n actual de abastecimiento del sistema de combustibles, la cual se ir\u00e1 normalizando en los pr\u00f3ximos d\u00edas, queremos se\u00f1alar que el mismo ha experimentado una serie de eventos en los \u00faltimos d\u00edas que lo ha exigido al l\u00edmite de su capacidad&#8221;, explicaron en un comunicado.<\/h3>\n<h3>Entre estos eventos, mencionaron los niveles extraordinarios de demanda, especialmente en los \u00faltimos 15 d\u00edas -fin de semana largo, elecciones donde se produce un pico de movilidad de personas, inicio de la siembra agr\u00edcola, entre otros-.<\/h3>\n<h3>Adem\u00e1s, se produjo una dependencia mayor a la habitual de importaciones de combustibles por paradas programadas en algunas refiner\u00edas; y, m\u00e1s recientemente, una sobredemanda generada por una expectativa de desabastecimiento.<\/h3>\n<h3>Por su parte, la secretaria de Energ\u00eda, Flavia Royon, se\u00f1al\u00f3 \u2013en declaraciones a Radio Provincia- que &#8220;en dos o tres d\u00edas&#8221; se normalizar\u00e1 la provisi\u00f3n de combustibles.<\/h3>\n<h3>La funcionaria ratific\u00f3, adem\u00e1s, que se pusieron en marcha conversaciones con las petroleras &#8220;para acordar un sendero con razonabilidad, escalonado; no va haber aumentos abruptos de precios ni va haber una devaluaci\u00f3n que aliente maniobras especulativas&#8221;.<\/h3>\n<h3>Royon dijo que en las \u00faltimas horas &#8220;ya bajaron dos barcos y se est\u00e1 bajando el tercero para atender el pico de demanda que hubo&#8221; en combustibles y que la normalizaci\u00f3n del servicio &#8220;puede demorar dos o tres d\u00edas&#8221;.<\/h3>\n<h3>Por el lado de las estaciones de servicios, la Confederaci\u00f3n de Entidades del Comercio de Hidrocarburos y Afines (Cecha) asegur\u00f3 que se transita &#8220;un sendero hacia el normal abastecimiento de combustibles&#8221; y plante\u00f3 la necesidad de evitar la &#8220;catarsis colectiva&#8221; en las estaciones.<\/h3>\n<h3>En un comunicado, Cecha explic\u00f3 ayer que la situaci\u00f3n de &#8220;faltantes generalizados&#8221; de combustibles producida en las estaciones de servicio de todo el pa\u00eds -por factores ajenos a la actividad, aclar\u00f3- &#8220;tender\u00e1 a solucionarse progresivamente en los pr\u00f3ximos d\u00edas&#8221;.<\/h3>\n<h3>&#8220;Venimos interactuado con las autoridades del Gobierno y las petroleras, instando a que se viabilicen soluciones que permitan normalizar el expendio de combustible en la totalidad de las estaciones de redes abanderadas&#8221;, se\u00f1al\u00f3 la entidad.<\/h3>\n<h3>El viernes pasado, la Secretar\u00eda de Energ\u00eda acord\u00f3 con las principales operadoras petroleras del pa\u00eds la importaci\u00f3n de diez barcos de combustible para atender el aumento de la demanda.<\/h3>\n","protected":false},"excerpt":{"rendered":"<p>El ministro de Econom\u00eda y candidato presidencial de Uni\u00f3n por la Patria (UxP), Sergio Massa,&#8230;<\/p>\n","protected":false},"author":1,"featured_media":6040,"comment_status":"closed","ping_status":"closed","sticky":false,"template":"","format":"standard","meta":{"footnotes":""},"categories":[5],"tags":[],"class_list":["post-6039","post","type-post","status-publish","format-standard","has-post-thumbnail","hentry","category-nacionales-internacionales"],"yoast_head":"<!-- This site is optimized with the Yoast SEO plugin v26.1.1 - https:\/\/yoast.com\/wordpress\/plugins\/seo\/ -->\n<title>MASSA, A LAS PETROLERAS: &quot;SI EL MARTES A LA NOCHE NO EST\u00c1 RESUELTO, NO VAN A PODER SACAR UN BARCO&quot; - Apuntes de San Luis<\/title>\n<meta name=\"robots\" content=\"index, follow, max-snippet:-1, max-image-preview:large, max-video-preview:-1\" \/>\n<link rel=\"canonical\" href=\"https:\/\/apuntesdesanluis.com\/index.php\/2023\/10\/30\/massa-a-las-petroleras-si-el-martes-a-la-noche-no-esta-resuelto-no-van-a-poder-sacar-un-barco\/\" \/>\n<meta property=\"og:locale\" content=\"es_ES\" \/>\n<meta property=\"og:type\" content=\"article\" \/>\n<meta property=\"og:title\" content=\"MASSA, A LAS PETROLERAS: &quot;SI EL MARTES A LA NOCHE NO EST\u00c1 RESUELTO, NO VAN A PODER SACAR UN BARCO&quot; - Apuntes de San Luis\" \/>\n<meta property=\"og:description\" content=\"El ministro de Econom\u00eda y candidato presidencial de Uni\u00f3n por la Patria (UxP), Sergio Massa,...\" \/>\n<meta property=\"og:url\" content=\"https:\/\/apuntesdesanluis.com\/index.php\/2023\/10\/30\/massa-a-las-petroleras-si-el-martes-a-la-noche-no-esta-resuelto-no-van-a-poder-sacar-un-barco\/\" \/>\n<meta property=\"og:site_name\" content=\"Apuntes de San Luis\" \/>\n<meta property=\"article:published_time\" content=\"2023-10-30T03:17:28+00:00\" \/>\n<meta property=\"article:modified_time\" content=\"2023-10-30T03:22:25+00:00\" \/>\n<meta property=\"og:image\" content=\"https:\/\/apuntesdesanluis.com\/wp-content\/uploads\/2023\/10\/MASSA-6.png\" \/>\n\t<meta property=\"og:image:width\" content=\"600\" \/>\n\t<meta property=\"og:image:height\" content=\"344\" \/>\n\t<meta property=\"og:image:type\" content=\"image\/png\" \/>\n<meta name=\"author\" content=\"apuntesdesanluis.com\" \/>\n<meta name=\"twitter:card\" content=\"summary_large_image\" \/>\n<meta name=\"twitter:label1\" content=\"Escrito por\" \/>\n\t<meta name=\"twitter:data1\" content=\"apuntesdesanluis.com\" \/>\n\t<meta name=\"twitter:label2\" content=\"Tiempo de lectura\" \/>\n\t<meta name=\"twitter:data2\" content=\"4 minutos\" \/>\n<script type=\"application\/ld+json\" class=\"yoast-schema-graph\">{\"@context\":\"https:\/\/schema.org\",\"@graph\":[{\"@type\":\"Article\",\"@id\":\"https:\/\/apuntesdesanluis.com\/index.php\/2023\/10\/30\/massa-a-las-petroleras-si-el-martes-a-la-noche-no-esta-resuelto-no-van-a-poder-sacar-un-barco\/#article\",\"isPartOf\":{\"@id\":\"https:\/\/apuntesdesanluis.com\/index.php\/2023\/10\/30\/massa-a-las-petroleras-si-el-martes-a-la-noche-no-esta-resuelto-no-van-a-poder-sacar-un-barco\/\"},\"author\":{\"name\":\"apuntesdesanluis.com\",\"@id\":\"https:\/\/apuntesdesanluis.com\/#\/schema\/person\/b55151d52296fcce64d1a72538a70b90\"},\"headline\":\"MASSA, A LAS PETROLERAS: &#8220;SI EL MARTES A LA NOCHE NO EST\u00c1 RESUELTO, NO VAN A PODER SACAR UN BARCO&#8221;\",\"datePublished\":\"2023-10-30T03:17:28+00:00\",\"dateModified\":\"2023-10-30T03:22:25+00:00\",\"mainEntityOfPage\":{\"@id\":\"https:\/\/apuntesdesanluis.com\/index.php\/2023\/10\/30\/massa-a-las-petroleras-si-el-martes-a-la-noche-no-esta-resuelto-no-van-a-poder-sacar-un-barco\/\"},\"wordCount\":884,\"publisher\":{\"@id\":\"https:\/\/apuntesdesanluis.com\/#\/schema\/person\/b55151d52296fcce64d1a72538a70b90\"},\"image\":{\"@id\":\"https:\/\/apuntesdesanluis.com\/index.php\/2023\/10\/30\/massa-a-las-petroleras-si-el-martes-a-la-noche-no-esta-resuelto-no-van-a-poder-sacar-un-barco\/#primaryimage\"},\"thumbnailUrl\":\"https:\/\/apuntesdesanluis.com\/wp-content\/uploads\/2023\/10\/MASSA-6.png\",\"articleSection\":[\"Nacionales\/Internacionales\"],\"inLanguage\":\"es-AR\"},{\"@type\":\"WebPage\",\"@id\":\"https:\/\/apuntesdesanluis.com\/index.php\/2023\/10\/30\/massa-a-las-petroleras-si-el-martes-a-la-noche-no-esta-resuelto-no-van-a-poder-sacar-un-barco\/\",\"url\":\"https:\/\/apuntesdesanluis.com\/index.php\/2023\/10\/30\/massa-a-las-petroleras-si-el-martes-a-la-noche-no-esta-resuelto-no-van-a-poder-sacar-un-barco\/\",\"name\":\"MASSA, A LAS PETROLERAS: \\\"SI EL MARTES A LA NOCHE NO EST\u00c1 RESUELTO, NO VAN A PODER SACAR UN BARCO\\\" - Apuntes de San Luis\",\"isPartOf\":{\"@id\":\"https:\/\/apuntesdesanluis.com\/#website\"},\"primaryImageOfPage\":{\"@id\":\"https:\/\/apuntesdesanluis.com\/index.php\/2023\/10\/30\/massa-a-las-petroleras-si-el-martes-a-la-noche-no-esta-resuelto-no-van-a-poder-sacar-un-barco\/#primaryimage\"},\"image\":{\"@id\":\"https:\/\/apuntesdesanluis.com\/index.php\/2023\/10\/30\/massa-a-las-petroleras-si-el-martes-a-la-noche-no-esta-resuelto-no-van-a-poder-sacar-un-barco\/#primaryimage\"},\"thumbnailUrl\":\"https:\/\/apuntesdesanluis.com\/wp-content\/uploads\/2023\/10\/MASSA-6.png\",\"datePublished\":\"2023-10-30T03:17:28+00:00\",\"dateModified\":\"2023-10-30T03:22:25+00:00\",\"breadcrumb\":{\"@id\":\"https:\/\/apuntesdesanluis.com\/index.php\/2023\/10\/30\/massa-a-las-petroleras-si-el-martes-a-la-noche-no-esta-resuelto-no-van-a-poder-sacar-un-barco\/#breadcrumb\"},\"inLanguage\":\"es-AR\",\"potentialAction\":[{\"@type\":\"ReadAction\",\"target\":[\"https:\/\/apuntesdesanluis.com\/index.php\/2023\/10\/30\/massa-a-las-petroleras-si-el-martes-a-la-noche-no-esta-resuelto-no-van-a-poder-sacar-un-barco\/\"]}]},{\"@type\":\"ImageObject\",\"inLanguage\":\"es-AR\",\"@id\":\"https:\/\/apuntesdesanluis.com\/index.php\/2023\/10\/30\/massa-a-las-petroleras-si-el-martes-a-la-noche-no-esta-resuelto-no-van-a-poder-sacar-un-barco\/#primaryimage\",\"url\":\"https:\/\/apuntesdesanluis.com\/wp-content\/uploads\/2023\/10\/MASSA-6.png\",\"contentUrl\":\"https:\/\/apuntesdesanluis.com\/wp-content\/uploads\/2023\/10\/MASSA-6.png\",\"width\":600,\"height\":344},{\"@type\":\"BreadcrumbList\",\"@id\":\"https:\/\/apuntesdesanluis.com\/index.php\/2023\/10\/30\/massa-a-las-petroleras-si-el-martes-a-la-noche-no-esta-resuelto-no-van-a-poder-sacar-un-barco\/#breadcrumb\",\"itemListElement\":[{\"@type\":\"ListItem\",\"position\":1,\"name\":\"Inicio\",\"item\":\"https:\/\/apuntesdesanluis.com\/\"},{\"@type\":\"ListItem\",\"position\":2,\"name\":\"MASSA, A LAS PETROLERAS: &#8220;SI EL MARTES A LA NOCHE NO EST\u00c1 RESUELTO, NO VAN A PODER SACAR UN BARCO&#8221;\"}]},{\"@type\":\"WebSite\",\"@id\":\"https:\/\/apuntesdesanluis.com\/#website\",\"url\":\"https:\/\/apuntesdesanluis.com\/\",\"name\":\"Apuntes de San Luis\",\"description\":\"\",\"publisher\":{\"@id\":\"https:\/\/apuntesdesanluis.com\/#\/schema\/person\/b55151d52296fcce64d1a72538a70b90\"},\"potentialAction\":[{\"@type\":\"SearchAction\",\"target\":{\"@type\":\"EntryPoint\",\"urlTemplate\":\"https:\/\/apuntesdesanluis.com\/?s={search_term_string}\"},\"query-input\":{\"@type\":\"PropertyValueSpecification\",\"valueRequired\":true,\"valueName\":\"search_term_string\"}}],\"inLanguage\":\"es-AR\"},{\"@type\":[\"Person\",\"Organization\"],\"@id\":\"https:\/\/apuntesdesanluis.com\/#\/schema\/person\/b55151d52296fcce64d1a72538a70b90\",\"name\":\"apuntesdesanluis.com\",\"image\":{\"@type\":\"ImageObject\",\"inLanguage\":\"es-AR\",\"@id\":\"https:\/\/apuntesdesanluis.com\/#\/schema\/person\/image\/\",\"url\":\"https:\/\/apuntesdesanluis.com\/wp-content\/uploads\/2023\/07\/cropped-apuntesdesanluis.png\",\"contentUrl\":\"https:\/\/apuntesdesanluis.com\/wp-content\/uploads\/2023\/07\/cropped-apuntesdesanluis.png\",\"width\":450,\"height\":112,\"caption\":\"apuntesdesanluis.com\"},\"logo\":{\"@id\":\"https:\/\/apuntesdesanluis.com\/#\/schema\/person\/image\/\"},\"sameAs\":[\"https:\/\/apuntesdesanluis.com\"],\"url\":\"https:\/\/apuntesdesanluis.com\/index.php\/author\/apuntesdesanluis-com\/\"}]}<\/script>\n<!-- \/ Yoast SEO plugin. -->","yoast_head_json":{"title":"MASSA, A LAS PETROLERAS: \"SI EL MARTES A LA NOCHE NO EST\u00c1 RESUELTO, NO VAN A PODER SACAR UN BARCO\" - Apuntes de San Luis","robots":{"index":"index","follow":"follow","max-snippet":"max-snippet:-1","max-image-preview":"max-image-preview:large","max-video-preview":"max-video-preview:-1"},"canonical":"https:\/\/apuntesdesanluis.com\/index.php\/2023\/10\/30\/massa-a-las-petroleras-si-el-martes-a-la-noche-no-esta-resuelto-no-van-a-poder-sacar-un-barco\/","og_locale":"es_ES","og_type":"article","og_title":"MASSA, A LAS PETROLERAS: \"SI EL MARTES A LA NOCHE NO EST\u00c1 RESUELTO, NO VAN A PODER SACAR UN BARCO\" - Apuntes de San Luis","og_description":"El ministro de Econom\u00eda y candidato presidencial de Uni\u00f3n por la Patria (UxP), Sergio Massa,...","og_url":"https:\/\/apuntesdesanluis.com\/index.php\/2023\/10\/30\/massa-a-las-petroleras-si-el-martes-a-la-noche-no-esta-resuelto-no-van-a-poder-sacar-un-barco\/","og_site_name":"Apuntes de San Luis","article_published_time":"2023-10-30T03:17:28+00:00","article_modified_time":"2023-10-30T03:22:25+00:00","og_image":[{"width":600,"height":344,"url":"https:\/\/apuntesdesanluis.com\/wp-content\/uploads\/2023\/10\/MASSA-6.png","type":"image\/png"}],"author":"apuntesdesanluis.com","twitter_card":"summary_large_image","twitter_misc":{"Escrito por":"apuntesdesanluis.com","Tiempo de lectura":"4 minutos"},"schema":{"@context":"https:\/\/schema.org","@graph":[{"@type":"Article","@id":"https:\/\/apuntesdesanluis.com\/index.php\/2023\/10\/30\/massa-a-las-petroleras-si-el-martes-a-la-noche-no-esta-resuelto-no-van-a-poder-sacar-un-barco\/#article","isPartOf":{"@id":"https:\/\/apuntesdesanluis.com\/index.php\/2023\/10\/30\/massa-a-las-petroleras-si-el-martes-a-la-noche-no-esta-resuelto-no-van-a-poder-sacar-un-barco\/"},"author":{"name":"apuntesdesanluis.com","@id":"https:\/\/apuntesdesanluis.com\/#\/schema\/person\/b55151d52296fcce64d1a72538a70b90"},"headline":"MASSA, A LAS PETROLERAS: &#8220;SI EL MARTES A LA NOCHE NO EST\u00c1 RESUELTO, NO VAN A PODER SACAR UN BARCO&#8221;","datePublished":"2023-10-30T03:17:28+00:00","dateModified":"2023-10-30T03:22:25+00:00","mainEntityOfPage":{"@id":"https:\/\/apuntesdesanluis.com\/index.php\/2023\/10\/30\/massa-a-las-petroleras-si-el-martes-a-la-noche-no-esta-resuelto-no-van-a-poder-sacar-un-barco\/"},"wordCount":884,"publisher":{"@id":"https:\/\/apuntesdesanluis.com\/#\/schema\/person\/b55151d52296fcce64d1a72538a70b90"},"image":{"@id":"https:\/\/apuntesdesanluis.com\/index.php\/2023\/10\/30\/massa-a-las-petroleras-si-el-martes-a-la-noche-no-esta-resuelto-no-van-a-poder-sacar-un-barco\/#primaryimage"},"thumbnailUrl":"https:\/\/apuntesdesanluis.com\/wp-content\/uploads\/2023\/10\/MASSA-6.png","articleSection":["Nacionales\/Internacionales"],"inLanguage":"es-AR"},{"@type":"WebPage","@id":"https:\/\/apuntesdesanluis.com\/index.php\/2023\/10\/30\/massa-a-las-petroleras-si-el-martes-a-la-noche-no-esta-resuelto-no-van-a-poder-sacar-un-barco\/","url":"https:\/\/apuntesdesanluis.com\/index.php\/2023\/10\/30\/massa-a-las-petroleras-si-el-martes-a-la-noche-no-esta-resuelto-no-van-a-poder-sacar-un-barco\/","name":"MASSA, A LAS PETROLERAS: \"SI EL MARTES A LA NOCHE NO EST\u00c1 RESUELTO, NO VAN A PODER SACAR UN BARCO\" - Apuntes de San Luis","isPartOf":{"@id":"https:\/\/apuntesdesanluis.com\/#website"},"primaryImageOfPage":{"@id":"https:\/\/apuntesdesanluis.com\/index.php\/2023\/10\/30\/massa-a-las-petroleras-si-el-martes-a-la-noche-no-esta-resuelto-no-van-a-poder-sacar-un-barco\/#primaryimage"},"image":{"@id":"https:\/\/apuntesdesanluis.com\/index.php\/2023\/10\/30\/massa-a-las-petroleras-si-el-martes-a-la-noche-no-esta-resuelto-no-van-a-poder-sacar-un-barco\/#primaryimage"},"thumbnailUrl":"https:\/\/apuntesdesanluis.com\/wp-content\/uploads\/2023\/10\/MASSA-6.png","datePublished":"2023-10-30T03:17:28+00:00","dateModified":"2023-10-30T03:22:25+00:00","breadcrumb":{"@id":"https:\/\/apuntesdesanluis.com\/index.php\/2023\/10\/30\/massa-a-las-petroleras-si-el-martes-a-la-noche-no-esta-resuelto-no-van-a-poder-sacar-un-barco\/#breadcrumb"},"inLanguage":"es-AR","potentialAction":[{"@type":"ReadAction","target":["https:\/\/apuntesdesanluis.com\/index.php\/2023\/10\/30\/massa-a-las-petroleras-si-el-martes-a-la-noche-no-esta-resuelto-no-van-a-poder-sacar-un-barco\/"]}]},{"@type":"ImageObject","inLanguage":"es-AR","@id":"https:\/\/apuntesdesanluis.com\/index.php\/2023\/10\/30\/massa-a-las-petroleras-si-el-martes-a-la-noche-no-esta-resuelto-no-van-a-poder-sacar-un-barco\/#primaryimage","url":"https:\/\/apuntesdesanluis.com\/wp-content\/uploads\/2023\/10\/MASSA-6.png","contentUrl":"https:\/\/apuntesdesanluis.com\/wp-content\/uploads\/2023\/10\/MASSA-6.png","width":600,"height":344},{"@type":"BreadcrumbList","@id":"https:\/\/apuntesdesanluis.com\/index.php\/2023\/10\/30\/massa-a-las-petroleras-si-el-martes-a-la-noche-no-esta-resuelto-no-van-a-poder-sacar-un-barco\/#breadcrumb","itemListElement":[{"@type":"ListItem","position":1,"name":"Inicio","item":"https:\/\/apuntesdesanluis.com\/"},{"@type":"ListItem","position":2,"name":"MASSA, A LAS PETROLERAS: &#8220;SI EL MARTES A LA NOCHE NO EST\u00c1 RESUELTO, NO VAN A PODER SACAR UN BARCO&#8221;"}]},{"@type":"WebSite","@id":"https:\/\/apuntesdesanluis.com\/#website","url":"https:\/\/apuntesdesanluis.com\/","name":"Apuntes de San Luis","description":"","publisher":{"@id":"https:\/\/apuntesdesanluis.com\/#\/schema\/person\/b55151d52296fcce64d1a72538a70b90"},"potentialAction":[{"@type":"SearchAction","target":{"@type":"EntryPoint","urlTemplate":"https:\/\/apuntesdesanluis.com\/?s={search_term_string}"},"query-input":{"@type":"PropertyValueSpecification","valueRequired":true,"valueName":"search_term_string"}}],"inLanguage":"es-AR"},{"@type":["Person","Organization"],"@id":"https:\/\/apuntesdesanluis.com\/#\/schema\/person\/b55151d52296fcce64d1a72538a70b90","name":"apuntesdesanluis.com","image":{"@type":"ImageObject","inLanguage":"es-AR","@id":"https:\/\/apuntesdesanluis.com\/#\/schema\/person\/image\/","url":"https:\/\/apuntesdesanluis.com\/wp-content\/uploads\/2023\/07\/cropped-apuntesdesanluis.png","contentUrl":"https:\/\/apuntesdesanluis.com\/wp-content\/uploads\/2023\/07\/cropped-apuntesdesanluis.png","width":450,"height":112,"caption":"apuntesdesanluis.com"},"logo":{"@id":"https:\/\/apuntesdesanluis.com\/#\/schema\/person\/image\/"},"sameAs":["https:\/\/apuntesdesanluis.com"],"url":"https:\/\/apuntesdesanluis.com\/index.php\/author\/apuntesdesanluis-com\/"}]}},"featured_image_urls":{"full":["https:\/\/apuntesdesanluis.com\/wp-content\/uploads\/2023\/10\/MASSA-6.png",600,344,false],"thumbnail":["https:\/\/apuntesdesanluis.com\/wp-content\/uploads\/2023\/10\/MASSA-6-150x150.png",150,150,true],"medium":["https:\/\/apuntesdesanluis.com\/wp-content\/uploads\/2023\/10\/MASSA-6-300x172.png",300,172,true],"medium_large":["https:\/\/apuntesdesanluis.com\/wp-content\/uploads\/2023\/10\/MASSA-6.png",600,344,false],"large":["https:\/\/apuntesdesanluis.com\/wp-content\/uploads\/2023\/10\/MASSA-6.png",600,344,false],"1536x1536":["https:\/\/apuntesdesanluis.com\/wp-content\/uploads\/2023\/10\/MASSA-6.png",600,344,false],"2048x2048":["https:\/\/apuntesdesanluis.com\/wp-content\/uploads\/2023\/10\/MASSA-6.png",600,344,false],"newsever-slider-full":["https:\/\/apuntesdesanluis.com\/wp-content\/uploads\/2023\/10\/MASSA-6.png",600,344,false],"newsever-featured":["https:\/\/apuntesdesanluis.com\/wp-content\/uploads\/2023\/10\/MASSA-6.png",600,344,false],"newsever-medium":["https:\/\/apuntesdesanluis.com\/wp-content\/uploads\/2023\/10\/MASSA-6.png",600,344,false]},"author_info":{"display_name":"apuntesdesanluis.com","author_link":"https:\/\/apuntesdesanluis.com\/index.php\/author\/apuntesdesanluis-com\/"},"category_info":"<a href=\"https:\/\/apuntesdesanluis.com\/index.php\/category\/nacionales-internacionales\/\" rel=\"category tag\">Nacionales\/Internacionales<\/a>","tag_info":"Nacionales\/Internacionales","comment_count":"0","_links":{"self":[{"href":"https:\/\/apuntesdesanluis.com\/index.php\/wp-json\/wp\/v2\/posts\/6039","targetHints":{"allow":["GET"]}}],"collection":[{"href":"https:\/\/apuntesdesanluis.com\/index.php\/wp-json\/wp\/v2\/posts"}],"about":[{"href":"https:\/\/apuntesdesanluis.com\/index.php\/wp-json\/wp\/v2\/types\/post"}],"author":[{"embeddable":true,"href":"https:\/\/apuntesdesanluis.com\/index.php\/wp-json\/wp\/v2\/users\/1"}],"replies":[{"embeddable":true,"href":"https:\/\/apuntesdesanluis.com\/index.php\/wp-json\/wp\/v2\/comments?post=6039"}],"version-history":[{"count":2,"href":"https:\/\/apuntesdesanluis.com\/index.php\/wp-json\/wp\/v2\/posts\/6039\/revisions"}],"predecessor-version":[{"id":6045,"href":"https:\/\/apuntesdesanluis.com\/index.php\/wp-json\/wp\/v2\/posts\/6039\/revisions\/6045"}],"wp:featuredmedia":[{"embeddable":true,"href":"https:\/\/apuntesdesanluis.com\/index.php\/wp-json\/wp\/v2\/media\/6040"}],"wp:attachment":[{"href":"https:\/\/apuntesdesanluis.com\/index.php\/wp-json\/wp\/v2\/media?parent=6039"}],"wp:term":[{"taxonomy":"category","embeddable":true,"href":"https:\/\/apuntesdesanluis.com\/index.php\/wp-json\/wp\/v2\/categories?post=6039"},{"taxonomy":"post_tag","embeddable":true,"href":"https:\/\/apuntesdesanluis.com\/index.php\/wp-json\/wp\/v2\/tags?post=6039"}],"curies":[{"name":"wp","href":"https:\/\/api.w.org\/{rel}","templated":true}]}}