{"id":6046,"date":"2023-10-30T23:05:46","date_gmt":"2023-10-31T02:05:46","guid":{"rendered":"https:\/\/apuntesdesanluis.com\/?p=6046"},"modified":"2023-10-30T23:12:13","modified_gmt":"2023-10-31T02:12:13","slug":"el-dr-marcelo-sosa-asumio-formalmente-como-rector-de-la-unvime","status":"publish","type":"post","link":"https:\/\/apuntesdesanluis.com\/index.php\/2023\/10\/30\/el-dr-marcelo-sosa-asumio-formalmente-como-rector-de-la-unvime\/","title":{"rendered":"EL DR. MARCELO SOSA ASUMI\u00d3 FORMALMENTE COMO RECTOR DE LA UNVIME"},"content":{"rendered":"<h3>La asunci\u00f3n se produjo en la ma\u00f1ana de este lunes 30 de octubre, en la sala de reuniones del Edificio Centenario, oportunidad en que las autoridades salientes, David Rivarola y Graciela Balanza, efectuaron el traspaso de gesti\u00f3n. Por la tarde el <span style=\"color: #000000;\"><strong>Dr. Marcelo Sosa<\/strong> <\/span>prest\u00f3 juramento en el Teatro de la Casa de la Cultura, junto con el Vicerrector <strong>Lic. Santiago Farenga<\/strong> y el resto de autoridades electas en las elecciones del 16 de agosto.<\/h3>\n<p><img fetchpriority=\"high\" decoding=\"async\" class=\"wp-image-6048 aligncenter\" src=\"https:\/\/apuntesdesanluis.com\/wp-content\/uploads\/2023\/10\/sosa-y-farenga-300x208.jpg\" alt=\"\" width=\"720\" height=\"499\" srcset=\"https:\/\/apuntesdesanluis.com\/wp-content\/uploads\/2023\/10\/sosa-y-farenga-300x208.jpg 300w, https:\/\/apuntesdesanluis.com\/wp-content\/uploads\/2023\/10\/sosa-y-farenga.jpg 577w\" sizes=\"(max-width: 720px) 100vw, 720px\" \/><\/p>\n<h4 style=\"text-align: center;\"><em>Rector Marcelo Sosa y Vicerrector Santiago Farenga.<\/em><\/h4>\n<h3>Pocos minutos despu\u00e9s de las 09:15 comenz\u00f3 el acto de traspaso, oportunidad en que el Rector Rivarola hizo entrega de la llave de su oficina, escrituras de los inmuebles de la universidad, t\u00edtulos de los automotores \u00a0y numerosos informes de diferentes \u00e1reas, lo cual qued\u00f3 asentado en actas notariales.<\/h3>\n<h3>Rivarola le dese\u00f3 \u00e9xito a las nuevas autoridades y repas\u00f3 aspectos de su gesti\u00f3n, considerando haber cumplido con sus objetivos.<\/h3>\n<h3>El Dr. Marcelo Sosa, en tanto, lament\u00f3 no haber podido recibir con anterioridad dichos informes, para tener tiempo de revisarlos, puesto que desde las elecciones del 16 de agosto nunca fue recibido por Rivarola para diagramar la transici\u00f3n.<\/h3>\n<h3>Asimismo, procedi\u00f3 a recibir \u201ccon guarda de reserva\u201d la documentaci\u00f3n que se le entreg\u00f3.<\/h3>\n<h3>Posteriormente junto al vicerrector Lic. Santiago Farenga, descendieron a planta baja y mantuvieron una reuni\u00f3n con el personal. El Dr. Sosa present\u00f3 a los nuevos funcionarios que integrar\u00e1n su equipo de gesti\u00f3n, expres\u00f3 que \u201cse inicia una nueva etapa, de una universidad libre\u201d, y se puso a disposici\u00f3n \u201cpara escuchar cualquier problema o planteo que necesite hacer el personal no docente.<\/h3>\n<p><img decoding=\"async\" class=\"wp-image-6049 aligncenter\" src=\"https:\/\/apuntesdesanluis.com\/wp-content\/uploads\/2023\/10\/sosa-con-personal-300x169.jpg\" alt=\"\" width=\"726\" height=\"409\" srcset=\"https:\/\/apuntesdesanluis.com\/wp-content\/uploads\/2023\/10\/sosa-con-personal-300x169.jpg 300w, https:\/\/apuntesdesanluis.com\/wp-content\/uploads\/2023\/10\/sosa-con-personal.jpg 600w\" sizes=\"(max-width: 726px) 100vw, 726px\" \/><\/p>\n<h3>Reconoci\u00f3 que hay algunas cuestiones que deben resolverse, como es el pase a planta permanente de trabajadores contratados, sin respetarse las normativas legales. \u201cVamos a estudiar en profundidad el tema y lo vamos a solucionar por la v\u00eda del di\u00e1logo, qu\u00e9dense tranquilos\u201d, sostuvo.<\/h3>\n<h3><strong>REUNI\u00d3N DE GESTI\u00d3N<\/strong><\/h3>\n<h3>A rengl\u00f3n seguido se traslad\u00f3 hacia la sala de reuniones, para mantener el primer encuentro de trabajo con quienes ser\u00e1n los nuevos secretarios y directores de las diferentes \u00e1reas.<\/h3>\n<h3>Les pidi\u00f3 a cada uno que lleven presentes que \u201csomos funcionarios p\u00fablicos, al servicio de la comunidad universitaria y la sociedad en general. Les pido respeto, amabilidad en el trato y compromiso con el trabajo y la gesti\u00f3n\u201d, les encomend\u00f3.<\/h3>\n<h3>\u201cComo habr\u00e1n advertido en la ceremonia de traspaso, estamos recibiendo una universidad con deuda, con un tremendo d\u00e9ficit, de cerca de 200 millones de pesos. Una deuda con la Afip de m\u00e1s de 100 millones que no conoc\u00edamos. La situaci\u00f3n es compleja y por eso ordenar\u00e9 una auditor\u00eda para ver con qu\u00e9 m\u00e1s nos encontramos\u201d, adelant\u00f3.<\/h3>\n<h3>Agreg\u00f3 que \u201cla raz\u00f3n de ser de la universidad son los estudiantes, a ellos nos debemos, por eso les pido especialmente que ayudemos a que cada uno pueda progresar y realizarse en nuestra universidad. La prioridad la van a tener ellos, por eso me voy a ocupar de la construcci\u00f3n del M\u00f3dulo de Aulas del Campus, el comedor universitario y asegurar las comodidades que se les han negado tanto tiempo\u201d.<\/h3>\n<h3>\u201cComo dijo Jos\u00e9 Ortega y Gaset cuando vino hace 80 a\u00f1os a nuestro pa\u00eds, argentinos, a las cosas\u201d, concluy\u00f3, dando a entender que a partir de ese instante cada funcionario deb\u00eda comenzar su trabajo.<\/h3>\n<h3>Finalmente invit\u00f3 a la comunidad universitaria a asistir esta tarde al Teatro del Viejo Mercado, en la Casa de la Cultura, donde prestar\u00e1 juramento a partir de las 19:00 h junto al Lic. Santiago Farenga, directores de departamentos y de escuelas.<\/h3>\n<h3>El Dr. Sosa se dirigi\u00f3 luego a la oficina de rectorado, donde procedi\u00f3 a completar la tramitaci\u00f3n administrativa de firma de resoluciones de designaci\u00f3n de los nuevos funcionarios, que ser\u00e1n dados a conocer en los pr\u00f3ximos d\u00edas.<\/h3>\n<p>&nbsp;<\/p>\n<p>&nbsp;<\/p>\n<p>&nbsp;<\/p>\n<p>&nbsp;<\/p>\n","protected":false},"excerpt":{"rendered":"<p>La asunci\u00f3n se produjo en la ma\u00f1ana de este lunes 30 de octubre, en la&#8230;<\/p>\n","protected":false},"author":1,"featured_media":6047,"comment_status":"closed","ping_status":"closed","sticky":false,"template":"","format":"standard","meta":{"footnotes":""},"categories":[6],"tags":[],"class_list":["post-6046","post","type-post","status-publish","format-standard","has-post-thumbnail","hentry","category-ciudad-provincia"],"yoast_head":"<!-- This site is optimized with the Yoast SEO plugin v26.1.1 - https:\/\/yoast.com\/wordpress\/plugins\/seo\/ -->\n<title>EL DR. MARCELO SOSA ASUMI\u00d3 FORMALMENTE COMO RECTOR DE LA UNVIME - Apuntes de San Luis<\/title>\n<meta name=\"robots\" content=\"index, follow, max-snippet:-1, max-image-preview:large, max-video-preview:-1\" \/>\n<link rel=\"canonical\" href=\"https:\/\/apuntesdesanluis.com\/index.php\/2023\/10\/30\/el-dr-marcelo-sosa-asumio-formalmente-como-rector-de-la-unvime\/\" \/>\n<meta property=\"og:locale\" content=\"es_ES\" \/>\n<meta property=\"og:type\" content=\"article\" \/>\n<meta property=\"og:title\" content=\"EL DR. MARCELO SOSA ASUMI\u00d3 FORMALMENTE COMO RECTOR DE LA UNVIME - Apuntes de San Luis\" \/>\n<meta property=\"og:description\" content=\"La asunci\u00f3n se produjo en la ma\u00f1ana de este lunes 30 de octubre, en la...\" \/>\n<meta property=\"og:url\" content=\"https:\/\/apuntesdesanluis.com\/index.php\/2023\/10\/30\/el-dr-marcelo-sosa-asumio-formalmente-como-rector-de-la-unvime\/\" \/>\n<meta property=\"og:site_name\" content=\"Apuntes de San Luis\" \/>\n<meta property=\"article:published_time\" content=\"2023-10-31T02:05:46+00:00\" \/>\n<meta property=\"article:modified_time\" content=\"2023-10-31T02:12:13+00:00\" \/>\n<meta property=\"og:image\" content=\"https:\/\/apuntesdesanluis.com\/wp-content\/uploads\/2023\/10\/rector-marcelo-sosa.jpg\" \/>\n\t<meta property=\"og:image:width\" content=\"534\" \/>\n\t<meta property=\"og:image:height\" content=\"332\" \/>\n\t<meta property=\"og:image:type\" content=\"image\/jpeg\" \/>\n<meta name=\"author\" content=\"apuntesdesanluis.com\" \/>\n<meta name=\"twitter:card\" content=\"summary_large_image\" \/>\n<meta name=\"twitter:label1\" content=\"Escrito por\" \/>\n\t<meta name=\"twitter:data1\" content=\"apuntesdesanluis.com\" \/>\n\t<meta name=\"twitter:label2\" content=\"Tiempo de lectura\" \/>\n\t<meta name=\"twitter:data2\" content=\"4 minutos\" \/>\n<script type=\"application\/ld+json\" class=\"yoast-schema-graph\">{\"@context\":\"https:\/\/schema.org\",\"@graph\":[{\"@type\":\"Article\",\"@id\":\"https:\/\/apuntesdesanluis.com\/index.php\/2023\/10\/30\/el-dr-marcelo-sosa-asumio-formalmente-como-rector-de-la-unvime\/#article\",\"isPartOf\":{\"@id\":\"https:\/\/apuntesdesanluis.com\/index.php\/2023\/10\/30\/el-dr-marcelo-sosa-asumio-formalmente-como-rector-de-la-unvime\/\"},\"author\":{\"name\":\"apuntesdesanluis.com\",\"@id\":\"https:\/\/apuntesdesanluis.com\/#\/schema\/person\/b55151d52296fcce64d1a72538a70b90\"},\"headline\":\"EL DR. MARCELO SOSA ASUMI\u00d3 FORMALMENTE COMO RECTOR DE LA UNVIME\",\"datePublished\":\"2023-10-31T02:05:46+00:00\",\"dateModified\":\"2023-10-31T02:12:13+00:00\",\"mainEntityOfPage\":{\"@id\":\"https:\/\/apuntesdesanluis.com\/index.php\/2023\/10\/30\/el-dr-marcelo-sosa-asumio-formalmente-como-rector-de-la-unvime\/\"},\"wordCount\":663,\"publisher\":{\"@id\":\"https:\/\/apuntesdesanluis.com\/#\/schema\/person\/b55151d52296fcce64d1a72538a70b90\"},\"image\":{\"@id\":\"https:\/\/apuntesdesanluis.com\/index.php\/2023\/10\/30\/el-dr-marcelo-sosa-asumio-formalmente-como-rector-de-la-unvime\/#primaryimage\"},\"thumbnailUrl\":\"https:\/\/apuntesdesanluis.com\/wp-content\/uploads\/2023\/10\/rector-marcelo-sosa.jpg\",\"articleSection\":[\"Ciudad\/Provincia\"],\"inLanguage\":\"es-AR\"},{\"@type\":\"WebPage\",\"@id\":\"https:\/\/apuntesdesanluis.com\/index.php\/2023\/10\/30\/el-dr-marcelo-sosa-asumio-formalmente-como-rector-de-la-unvime\/\",\"url\":\"https:\/\/apuntesdesanluis.com\/index.php\/2023\/10\/30\/el-dr-marcelo-sosa-asumio-formalmente-como-rector-de-la-unvime\/\",\"name\":\"EL DR. MARCELO SOSA ASUMI\u00d3 FORMALMENTE COMO RECTOR DE LA UNVIME - Apuntes de San Luis\",\"isPartOf\":{\"@id\":\"https:\/\/apuntesdesanluis.com\/#website\"},\"primaryImageOfPage\":{\"@id\":\"https:\/\/apuntesdesanluis.com\/index.php\/2023\/10\/30\/el-dr-marcelo-sosa-asumio-formalmente-como-rector-de-la-unvime\/#primaryimage\"},\"image\":{\"@id\":\"https:\/\/apuntesdesanluis.com\/index.php\/2023\/10\/30\/el-dr-marcelo-sosa-asumio-formalmente-como-rector-de-la-unvime\/#primaryimage\"},\"thumbnailUrl\":\"https:\/\/apuntesdesanluis.com\/wp-content\/uploads\/2023\/10\/rector-marcelo-sosa.jpg\",\"datePublished\":\"2023-10-31T02:05:46+00:00\",\"dateModified\":\"2023-10-31T02:12:13+00:00\",\"breadcrumb\":{\"@id\":\"https:\/\/apuntesdesanluis.com\/index.php\/2023\/10\/30\/el-dr-marcelo-sosa-asumio-formalmente-como-rector-de-la-unvime\/#breadcrumb\"},\"inLanguage\":\"es-AR\",\"potentialAction\":[{\"@type\":\"ReadAction\",\"target\":[\"https:\/\/apuntesdesanluis.com\/index.php\/2023\/10\/30\/el-dr-marcelo-sosa-asumio-formalmente-como-rector-de-la-unvime\/\"]}]},{\"@type\":\"ImageObject\",\"inLanguage\":\"es-AR\",\"@id\":\"https:\/\/apuntesdesanluis.com\/index.php\/2023\/10\/30\/el-dr-marcelo-sosa-asumio-formalmente-como-rector-de-la-unvime\/#primaryimage\",\"url\":\"https:\/\/apuntesdesanluis.com\/wp-content\/uploads\/2023\/10\/rector-marcelo-sosa.jpg\",\"contentUrl\":\"https:\/\/apuntesdesanluis.com\/wp-content\/uploads\/2023\/10\/rector-marcelo-sosa.jpg\",\"width\":534,\"height\":332},{\"@type\":\"BreadcrumbList\",\"@id\":\"https:\/\/apuntesdesanluis.com\/index.php\/2023\/10\/30\/el-dr-marcelo-sosa-asumio-formalmente-como-rector-de-la-unvime\/#breadcrumb\",\"itemListElement\":[{\"@type\":\"ListItem\",\"position\":1,\"name\":\"Inicio\",\"item\":\"https:\/\/apuntesdesanluis.com\/\"},{\"@type\":\"ListItem\",\"position\":2,\"name\":\"EL DR. MARCELO SOSA ASUMI\u00d3 FORMALMENTE COMO RECTOR DE LA UNVIME\"}]},{\"@type\":\"WebSite\",\"@id\":\"https:\/\/apuntesdesanluis.com\/#website\",\"url\":\"https:\/\/apuntesdesanluis.com\/\",\"name\":\"Apuntes de San Luis\",\"description\":\"\",\"publisher\":{\"@id\":\"https:\/\/apuntesdesanluis.com\/#\/schema\/person\/b55151d52296fcce64d1a72538a70b90\"},\"potentialAction\":[{\"@type\":\"SearchAction\",\"target\":{\"@type\":\"EntryPoint\",\"urlTemplate\":\"https:\/\/apuntesdesanluis.com\/?s={search_term_string}\"},\"query-input\":{\"@type\":\"PropertyValueSpecification\",\"valueRequired\":true,\"valueName\":\"search_term_string\"}}],\"inLanguage\":\"es-AR\"},{\"@type\":[\"Person\",\"Organization\"],\"@id\":\"https:\/\/apuntesdesanluis.com\/#\/schema\/person\/b55151d52296fcce64d1a72538a70b90\",\"name\":\"apuntesdesanluis.com\",\"image\":{\"@type\":\"ImageObject\",\"inLanguage\":\"es-AR\",\"@id\":\"https:\/\/apuntesdesanluis.com\/#\/schema\/person\/image\/\",\"url\":\"https:\/\/apuntesdesanluis.com\/wp-content\/uploads\/2023\/07\/cropped-apuntesdesanluis.png\",\"contentUrl\":\"https:\/\/apuntesdesanluis.com\/wp-content\/uploads\/2023\/07\/cropped-apuntesdesanluis.png\",\"width\":450,\"height\":112,\"caption\":\"apuntesdesanluis.com\"},\"logo\":{\"@id\":\"https:\/\/apuntesdesanluis.com\/#\/schema\/person\/image\/\"},\"sameAs\":[\"https:\/\/apuntesdesanluis.com\"],\"url\":\"https:\/\/apuntesdesanluis.com\/index.php\/author\/apuntesdesanluis-com\/\"}]}<\/script>\n<!-- \/ Yoast SEO plugin. -->","yoast_head_json":{"title":"EL DR. MARCELO SOSA ASUMI\u00d3 FORMALMENTE COMO RECTOR DE LA UNVIME - Apuntes de San Luis","robots":{"index":"index","follow":"follow","max-snippet":"max-snippet:-1","max-image-preview":"max-image-preview:large","max-video-preview":"max-video-preview:-1"},"canonical":"https:\/\/apuntesdesanluis.com\/index.php\/2023\/10\/30\/el-dr-marcelo-sosa-asumio-formalmente-como-rector-de-la-unvime\/","og_locale":"es_ES","og_type":"article","og_title":"EL DR. MARCELO SOSA ASUMI\u00d3 FORMALMENTE COMO RECTOR DE LA UNVIME - Apuntes de San Luis","og_description":"La asunci\u00f3n se produjo en la ma\u00f1ana de este lunes 30 de octubre, en la...","og_url":"https:\/\/apuntesdesanluis.com\/index.php\/2023\/10\/30\/el-dr-marcelo-sosa-asumio-formalmente-como-rector-de-la-unvime\/","og_site_name":"Apuntes de San Luis","article_published_time":"2023-10-31T02:05:46+00:00","article_modified_time":"2023-10-31T02:12:13+00:00","og_image":[{"width":534,"height":332,"url":"https:\/\/apuntesdesanluis.com\/wp-content\/uploads\/2023\/10\/rector-marcelo-sosa.jpg","type":"image\/jpeg"}],"author":"apuntesdesanluis.com","twitter_card":"summary_large_image","twitter_misc":{"Escrito por":"apuntesdesanluis.com","Tiempo de lectura":"4 minutos"},"schema":{"@context":"https:\/\/schema.org","@graph":[{"@type":"Article","@id":"https:\/\/apuntesdesanluis.com\/index.php\/2023\/10\/30\/el-dr-marcelo-sosa-asumio-formalmente-como-rector-de-la-unvime\/#article","isPartOf":{"@id":"https:\/\/apuntesdesanluis.com\/index.php\/2023\/10\/30\/el-dr-marcelo-sosa-asumio-formalmente-como-rector-de-la-unvime\/"},"author":{"name":"apuntesdesanluis.com","@id":"https:\/\/apuntesdesanluis.com\/#\/schema\/person\/b55151d52296fcce64d1a72538a70b90"},"headline":"EL DR. MARCELO SOSA ASUMI\u00d3 FORMALMENTE COMO RECTOR DE LA UNVIME","datePublished":"2023-10-31T02:05:46+00:00","dateModified":"2023-10-31T02:12:13+00:00","mainEntityOfPage":{"@id":"https:\/\/apuntesdesanluis.com\/index.php\/2023\/10\/30\/el-dr-marcelo-sosa-asumio-formalmente-como-rector-de-la-unvime\/"},"wordCount":663,"publisher":{"@id":"https:\/\/apuntesdesanluis.com\/#\/schema\/person\/b55151d52296fcce64d1a72538a70b90"},"image":{"@id":"https:\/\/apuntesdesanluis.com\/index.php\/2023\/10\/30\/el-dr-marcelo-sosa-asumio-formalmente-como-rector-de-la-unvime\/#primaryimage"},"thumbnailUrl":"https:\/\/apuntesdesanluis.com\/wp-content\/uploads\/2023\/10\/rector-marcelo-sosa.jpg","articleSection":["Ciudad\/Provincia"],"inLanguage":"es-AR"},{"@type":"WebPage","@id":"https:\/\/apuntesdesanluis.com\/index.php\/2023\/10\/30\/el-dr-marcelo-sosa-asumio-formalmente-como-rector-de-la-unvime\/","url":"https:\/\/apuntesdesanluis.com\/index.php\/2023\/10\/30\/el-dr-marcelo-sosa-asumio-formalmente-como-rector-de-la-unvime\/","name":"EL DR. MARCELO SOSA ASUMI\u00d3 FORMALMENTE COMO RECTOR DE LA UNVIME - Apuntes de San Luis","isPartOf":{"@id":"https:\/\/apuntesdesanluis.com\/#website"},"primaryImageOfPage":{"@id":"https:\/\/apuntesdesanluis.com\/index.php\/2023\/10\/30\/el-dr-marcelo-sosa-asumio-formalmente-como-rector-de-la-unvime\/#primaryimage"},"image":{"@id":"https:\/\/apuntesdesanluis.com\/index.php\/2023\/10\/30\/el-dr-marcelo-sosa-asumio-formalmente-como-rector-de-la-unvime\/#primaryimage"},"thumbnailUrl":"https:\/\/apuntesdesanluis.com\/wp-content\/uploads\/2023\/10\/rector-marcelo-sosa.jpg","datePublished":"2023-10-31T02:05:46+00:00","dateModified":"2023-10-31T02:12:13+00:00","breadcrumb":{"@id":"https:\/\/apuntesdesanluis.com\/index.php\/2023\/10\/30\/el-dr-marcelo-sosa-asumio-formalmente-como-rector-de-la-unvime\/#breadcrumb"},"inLanguage":"es-AR","potentialAction":[{"@type":"ReadAction","target":["https:\/\/apuntesdesanluis.com\/index.php\/2023\/10\/30\/el-dr-marcelo-sosa-asumio-formalmente-como-rector-de-la-unvime\/"]}]},{"@type":"ImageObject","inLanguage":"es-AR","@id":"https:\/\/apuntesdesanluis.com\/index.php\/2023\/10\/30\/el-dr-marcelo-sosa-asumio-formalmente-como-rector-de-la-unvime\/#primaryimage","url":"https:\/\/apuntesdesanluis.com\/wp-content\/uploads\/2023\/10\/rector-marcelo-sosa.jpg","contentUrl":"https:\/\/apuntesdesanluis.com\/wp-content\/uploads\/2023\/10\/rector-marcelo-sosa.jpg","width":534,"height":332},{"@type":"BreadcrumbList","@id":"https:\/\/apuntesdesanluis.com\/index.php\/2023\/10\/30\/el-dr-marcelo-sosa-asumio-formalmente-como-rector-de-la-unvime\/#breadcrumb","itemListElement":[{"@type":"ListItem","position":1,"name":"Inicio","item":"https:\/\/apuntesdesanluis.com\/"},{"@type":"ListItem","position":2,"name":"EL DR. MARCELO SOSA ASUMI\u00d3 FORMALMENTE COMO RECTOR DE LA UNVIME"}]},{"@type":"WebSite","@id":"https:\/\/apuntesdesanluis.com\/#website","url":"https:\/\/apuntesdesanluis.com\/","name":"Apuntes de San Luis","description":"","publisher":{"@id":"https:\/\/apuntesdesanluis.com\/#\/schema\/person\/b55151d52296fcce64d1a72538a70b90"},"potentialAction":[{"@type":"SearchAction","target":{"@type":"EntryPoint","urlTemplate":"https:\/\/apuntesdesanluis.com\/?s={search_term_string}"},"query-input":{"@type":"PropertyValueSpecification","valueRequired":true,"valueName":"search_term_string"}}],"inLanguage":"es-AR"},{"@type":["Person","Organization"],"@id":"https:\/\/apuntesdesanluis.com\/#\/schema\/person\/b55151d52296fcce64d1a72538a70b90","name":"apuntesdesanluis.com","image":{"@type":"ImageObject","inLanguage":"es-AR","@id":"https:\/\/apuntesdesanluis.com\/#\/schema\/person\/image\/","url":"https:\/\/apuntesdesanluis.com\/wp-content\/uploads\/2023\/07\/cropped-apuntesdesanluis.png","contentUrl":"https:\/\/apuntesdesanluis.com\/wp-content\/uploads\/2023\/07\/cropped-apuntesdesanluis.png","width":450,"height":112,"caption":"apuntesdesanluis.com"},"logo":{"@id":"https:\/\/apuntesdesanluis.com\/#\/schema\/person\/image\/"},"sameAs":["https:\/\/apuntesdesanluis.com"],"url":"https:\/\/apuntesdesanluis.com\/index.php\/author\/apuntesdesanluis-com\/"}]}},"featured_image_urls":{"full":["https:\/\/apuntesdesanluis.com\/wp-content\/uploads\/2023\/10\/rector-marcelo-sosa.jpg",534,332,false],"thumbnail":["https:\/\/apuntesdesanluis.com\/wp-content\/uploads\/2023\/10\/rector-marcelo-sosa-150x150.jpg",150,150,true],"medium":["https:\/\/apuntesdesanluis.com\/wp-content\/uploads\/2023\/10\/rector-marcelo-sosa-300x187.jpg",300,187,true],"medium_large":["https:\/\/apuntesdesanluis.com\/wp-content\/uploads\/2023\/10\/rector-marcelo-sosa.jpg",534,332,false],"large":["https:\/\/apuntesdesanluis.com\/wp-content\/uploads\/2023\/10\/rector-marcelo-sosa.jpg",534,332,false],"1536x1536":["https:\/\/apuntesdesanluis.com\/wp-content\/uploads\/2023\/10\/rector-marcelo-sosa.jpg",534,332,false],"2048x2048":["https:\/\/apuntesdesanluis.com\/wp-content\/uploads\/2023\/10\/rector-marcelo-sosa.jpg",534,332,false],"newsever-slider-full":["https:\/\/apuntesdesanluis.com\/wp-content\/uploads\/2023\/10\/rector-marcelo-sosa.jpg",534,332,false],"newsever-featured":["https:\/\/apuntesdesanluis.com\/wp-content\/uploads\/2023\/10\/rector-marcelo-sosa.jpg",534,332,false],"newsever-medium":["https:\/\/apuntesdesanluis.com\/wp-content\/uploads\/2023\/10\/rector-marcelo-sosa.jpg",534,332,false]},"author_info":{"display_name":"apuntesdesanluis.com","author_link":"https:\/\/apuntesdesanluis.com\/index.php\/author\/apuntesdesanluis-com\/"},"category_info":"<a href=\"https:\/\/apuntesdesanluis.com\/index.php\/category\/ciudad-provincia\/\" rel=\"category tag\">Ciudad\/Provincia<\/a>","tag_info":"Ciudad\/Provincia","comment_count":"0","_links":{"self":[{"href":"https:\/\/apuntesdesanluis.com\/index.php\/wp-json\/wp\/v2\/posts\/6046","targetHints":{"allow":["GET"]}}],"collection":[{"href":"https:\/\/apuntesdesanluis.com\/index.php\/wp-json\/wp\/v2\/posts"}],"about":[{"href":"https:\/\/apuntesdesanluis.com\/index.php\/wp-json\/wp\/v2\/types\/post"}],"author":[{"embeddable":true,"href":"https:\/\/apuntesdesanluis.com\/index.php\/wp-json\/wp\/v2\/users\/1"}],"replies":[{"embeddable":true,"href":"https:\/\/apuntesdesanluis.com\/index.php\/wp-json\/wp\/v2\/comments?post=6046"}],"version-history":[{"count":2,"href":"https:\/\/apuntesdesanluis.com\/index.php\/wp-json\/wp\/v2\/posts\/6046\/revisions"}],"predecessor-version":[{"id":6054,"href":"https:\/\/apuntesdesanluis.com\/index.php\/wp-json\/wp\/v2\/posts\/6046\/revisions\/6054"}],"wp:featuredmedia":[{"embeddable":true,"href":"https:\/\/apuntesdesanluis.com\/index.php\/wp-json\/wp\/v2\/media\/6047"}],"wp:attachment":[{"href":"https:\/\/apuntesdesanluis.com\/index.php\/wp-json\/wp\/v2\/media?parent=6046"}],"wp:term":[{"taxonomy":"category","embeddable":true,"href":"https:\/\/apuntesdesanluis.com\/index.php\/wp-json\/wp\/v2\/categories?post=6046"},{"taxonomy":"post_tag","embeddable":true,"href":"https:\/\/apuntesdesanluis.com\/index.php\/wp-json\/wp\/v2\/tags?post=6046"}],"curies":[{"name":"wp","href":"https:\/\/api.w.org\/{rel}","templated":true}]}}