{"id":6067,"date":"2023-10-30T23:46:50","date_gmt":"2023-10-31T02:46:50","guid":{"rendered":"https:\/\/apuntesdesanluis.com\/?p=6067"},"modified":"2023-10-30T23:57:35","modified_gmt":"2023-10-31T02:57:35","slug":"lionel-messi-gano-el-octavo-balon-de-oro-de-su-carrera-y-el-dibu-martinez-fue-elegido-mejor-arquero","status":"publish","type":"post","link":"https:\/\/apuntesdesanluis.com\/index.php\/2023\/10\/30\/lionel-messi-gano-el-octavo-balon-de-oro-de-su-carrera-y-el-dibu-martinez-fue-elegido-mejor-arquero\/","title":{"rendered":"LIONEL MESSI GAN\u00d3 EL OCTAVO BAL\u00d3N DE ORO DE SU CARRERA Y EL DIBU MARTINEZ FUE ELEGIDO MEJOR ARQUERO"},"content":{"rendered":"<h3>El astro argentino<strong> Lionel Messi<\/strong> gan\u00f3 este lunes el octavo Bal\u00f3n de Oro de su carrera al mejor jugador de la temporada, en la edici\u00f3n n\u00famero 67 de la entrega del premio otorgado por la reconocida revista France Football. En tanto que <strong>Emiliano &#8220;Dibu&#8221; Martinez<\/strong> fue elegido mejor arquero de la temporada.<\/h3>\n<h3>El rosarino ya se hab\u00eda quedado con el premio en siete ocasiones anteriores, en 2009, 2010, 2011, 2012, 2015, 2019 y 2021, por lo que este lunes cosech\u00f3 el octavo tras la obtenci\u00f3n del Mundial de Qatar 2022 con la Selecci\u00f3n argentina.<\/h3>\n<h3>El premio fue entregado por el propietario del Inter Miami y leyenda inglesa David Beckham que, ni bien Messi recibi\u00f3 el galard\u00f3n, dio sus primeras sensaciones: \u201cAntes que nada quiero agradecer a toda la gente que me vot\u00f3 y que me hizo ganador de este premio. A los compa\u00f1eros de la selecci\u00f3n argentina. Hoy puedo estar ac\u00e1 gracias a mis compa\u00f1eros. Esto es un regalo para todo el grupo, toda la gente. No me quiero olvidar de Haaland y de Kylian (Mbapp\u00e9) por todo lo que consiguieron. Erling tuvo un un a\u00f1o incre\u00edble y s\u00e9 que ellos estar\u00e1n ac\u00e1 en los pr\u00f3ximos a\u00f1os. Veo a muchos j\u00f3venes ac\u00e1 y no tengo dudas de que voy a disfrutar de muy buen f\u00fatbol durante mucho tiempo\u201d.<\/h3>\n<p><img fetchpriority=\"high\" decoding=\"async\" class=\"wp-image-6069 aligncenter\" src=\"https:\/\/apuntesdesanluis.com\/wp-content\/uploads\/2023\/10\/messi-y-sus-hijos-300x209.png\" alt=\"\" width=\"698\" height=\"486\" srcset=\"https:\/\/apuntesdesanluis.com\/wp-content\/uploads\/2023\/10\/messi-y-sus-hijos-300x209.png 300w, https:\/\/apuntesdesanluis.com\/wp-content\/uploads\/2023\/10\/messi-y-sus-hijos.png 600w\" sizes=\"(max-width: 698px) 100vw, 698px\" \/><\/p>\n<h3>\u201cNunca imagin\u00e9 haber tenido esta carrera, ni haber conseguido todos mis objetivos en el f\u00fatbol. Tuve la suerte de estar en el mejor equipo de la historia, eso hizo que todo fuera m\u00e1s f\u00e1cil, que ganara muchos t\u00edtulos y premios individuales. He tenido malos momentos con la Selecci\u00f3n, no se me daba, pero nunca baj\u00e9 los brazos hasta conseguir la Copa Am\u00e9rica, despu\u00e9s el Mundial y eso es fruto de no haberme quedado en el intento&#8221;, dijo.<\/h3>\n<h3>Y agreg\u00f3: &#8220;Nunca estuve tanto tiempo de vacaciones, quiz\u00e1 es el momento m\u00e1s dif\u00edcil despu\u00e9s de haberme ido de Europa, de haber elegido el Inter Miami. Estoy muy feliz, quiero agradecerles por el trato, disfrutar de este momento con mi familia y estar m\u00e1s tiempo en Argentina, que es lo que deseo siempre&#8221;.<\/h3>\n<h3>Por \u00faltimo, el m\u00e1ximo ganador del Bal\u00f3n de Oro se tom\u00f3 un minuto para recordar a Diego Armando Maradona en el d\u00eda de su cumplea\u00f1os: \u201dQuiero hacer una menci\u00f3n especial para toda la gente que quiso que sea campe\u00f3n del mundo. Fue muy lino que gente de diferentes nacionalizadas se campe\u00f3n del mundo. A mi familia, a mi mujer y mus hijos por haber estado en los peores momentos y por haberme ayudado cumplir mis objetivos y mis sue\u00f1os. Por \u00faltimo quiero hacer una menci\u00f3n a Diego. Creo que no hay mejor lugar que hacerlo en un lugar rodeado de jugadores. Donde quieras que est\u00e9s, feliz cumplea\u00f1os Diego\u201d.<\/h3>\n<p><iframe title=\"&quot;NO HAY MEJOR MANERA DE HOMENAJEAR A DIEGO&quot;: LIONEL MESSI EMOCIONADO tras recibir su 8\u00b0 BAL\u00d3N DE ORO\" width=\"640\" height=\"360\" src=\"https:\/\/www.youtube.com\/embed\/jrET9OVaCk4?start=2&#038;feature=oembed\" frameborder=\"0\" allow=\"accelerometer; autoplay; clipboard-write; encrypted-media; gyroscope; picture-in-picture; web-share\" referrerpolicy=\"strict-origin-when-cross-origin\" allowfullscreen><\/iframe><\/p>\n<h3><strong>MEJOR ARQUERO<\/strong><\/h3>\n<h3>El campe\u00f3n del mundo con la Selecci\u00f3n argentina Emiliano &#8220;Dibu&#8221; Mart\u00ednez se qued\u00f3 con el premio Yashin al mejor arquero de la temporada pasada tras su gran a\u00f1o en el Aston Villa de Inglaterra y la conquista de la Copa del Mundo en Qatar ante Francia.<\/h3>\n<h3>En Par\u00eds, el ex arquero del Arsenal ingl\u00e9s fue elegido por encima del belga del Real Madrid Thibaut Courtois, del alem\u00e1n del Barcelona Marc-Andre Ter Stegen, el brasile\u00f1o del Manchester City Ederson Moraes y el marroqu\u00ed del Al-Hilal Yassine Bounou. Sus intervenciones trascendentales en el Mundial y su gran a\u00f1o con los &#8220;Villanos&#8221; pesaron en la decisi\u00f3n final.<\/h3>\n<h3>El premio Lev Yashin, en honor al gran arquero sovi\u00e9tico, se lo entreg\u00f3 su papa Alberto, que ingres\u00f3 por la parte trasera del escenario y se lo not\u00f3 aun m\u00e1s conmovido que el futbolista del Aston Villa.<\/h3>\n<p><img decoding=\"async\" class=\"wp-image-6070 aligncenter\" src=\"https:\/\/apuntesdesanluis.com\/wp-content\/uploads\/2023\/10\/dibu-300x165.png\" alt=\"\" width=\"705\" height=\"388\" srcset=\"https:\/\/apuntesdesanluis.com\/wp-content\/uploads\/2023\/10\/dibu-300x165.png 300w, https:\/\/apuntesdesanluis.com\/wp-content\/uploads\/2023\/10\/dibu.png 600w\" sizes=\"(max-width: 705px) 100vw, 705px\" \/><\/p>\n<h3>&#8220;Una sorpresa, me sigue a todos. Sin mis compa\u00f1eros de Selecci\u00f3n ni de Aston Villa, no ser\u00eda posible. Es un mimo a mi carrera, lo importante es ganar en grupo, mi familia. Tengo dos hijos hermosos, mi hermano, mi viejo&#8221;, declar\u00f3 el marplatense que, adem\u00e1s, qued\u00f3 decimoquinto en la pelea por el Bal\u00f3n de Oro.<\/h3>\n<h3>Mientras se reproduc\u00edan im\u00e1genes de la final del Mundial, en la que Mart\u00ednez fue clave con una atajada impresionante a Randal Kolo Muani, la leyenda marfile\u00f1a Didier Drogba tuvo que frenar el acto y pedir que cesen los abucheos del p\u00fablico franc\u00e9s para el arquero que, luego de esto, declar\u00f3: &#8220;Eran los anteriores campeones del mundo. Hab\u00edamos hecho un gran partido, Kylian (Mbapp\u00e9) hizo un partidazo, levanto a Francia. Argentina jug\u00f3 bien en el tiempo extra, Leo (Messi) puso a Argentina adelante y nos empat\u00f3 Kylian. Yo no sab\u00eda qui\u00e9n me hab\u00eda pateado. Me hubiera encantado que lo terminara Lautaro (Mart\u00ednez) con el gol de cabeza&#8221;.<\/h3>\n<h3>Por \u00faltimo, reconoci\u00f3 a sus contrincantes en la terna: &#8220;Mirando a esos fen\u00f3menos, son un orgullo. Son arqueros que admiro mucho. Marc (Ter Stegen), Bono que no est\u00e1. Yo los sigo mucho&#8221;.<\/h3>\n<p>&nbsp;<\/p>\n<p>&nbsp;<\/p>\n<p>&nbsp;<\/p>\n<p>&nbsp;<\/p>\n<p>&nbsp;<\/p>\n","protected":false},"excerpt":{"rendered":"<p>El astro argentino Lionel Messi gan\u00f3 este lunes el octavo Bal\u00f3n de Oro de su&#8230;<\/p>\n","protected":false},"author":1,"featured_media":6068,"comment_status":"closed","ping_status":"closed","sticky":false,"template":"","format":"standard","meta":{"footnotes":""},"categories":[8,5],"tags":[],"class_list":["post-6067","post","type-post","status-publish","format-standard","has-post-thumbnail","hentry","category-deportes","category-nacionales-internacionales"],"yoast_head":"<!-- This site is optimized with the Yoast SEO plugin v26.1.1 - https:\/\/yoast.com\/wordpress\/plugins\/seo\/ -->\n<title>LIONEL MESSI GAN\u00d3 EL OCTAVO BAL\u00d3N DE ORO DE SU CARRERA Y EL DIBU MARTINEZ FUE ELEGIDO MEJOR ARQUERO - Apuntes de San Luis<\/title>\n<meta name=\"robots\" content=\"index, follow, max-snippet:-1, max-image-preview:large, max-video-preview:-1\" \/>\n<link rel=\"canonical\" href=\"https:\/\/apuntesdesanluis.com\/index.php\/2023\/10\/30\/lionel-messi-gano-el-octavo-balon-de-oro-de-su-carrera-y-el-dibu-martinez-fue-elegido-mejor-arquero\/\" \/>\n<meta property=\"og:locale\" content=\"es_ES\" \/>\n<meta property=\"og:type\" content=\"article\" \/>\n<meta property=\"og:title\" content=\"LIONEL MESSI GAN\u00d3 EL OCTAVO BAL\u00d3N DE ORO DE SU CARRERA Y EL DIBU MARTINEZ FUE ELEGIDO MEJOR ARQUERO - Apuntes de San Luis\" \/>\n<meta property=\"og:description\" content=\"El astro argentino Lionel Messi gan\u00f3 este lunes el octavo Bal\u00f3n de Oro de su...\" \/>\n<meta property=\"og:url\" content=\"https:\/\/apuntesdesanluis.com\/index.php\/2023\/10\/30\/lionel-messi-gano-el-octavo-balon-de-oro-de-su-carrera-y-el-dibu-martinez-fue-elegido-mejor-arquero\/\" \/>\n<meta property=\"og:site_name\" content=\"Apuntes de San Luis\" \/>\n<meta property=\"article:published_time\" content=\"2023-10-31T02:46:50+00:00\" \/>\n<meta property=\"article:modified_time\" content=\"2023-10-31T02:57:35+00:00\" \/>\n<meta property=\"og:image\" content=\"https:\/\/apuntesdesanluis.com\/wp-content\/uploads\/2023\/10\/messi.jpg\" \/>\n\t<meta property=\"og:image:width\" content=\"600\" \/>\n\t<meta property=\"og:image:height\" content=\"337\" \/>\n\t<meta property=\"og:image:type\" content=\"image\/jpeg\" \/>\n<meta name=\"author\" content=\"apuntesdesanluis.com\" \/>\n<meta name=\"twitter:card\" content=\"summary_large_image\" \/>\n<meta name=\"twitter:label1\" content=\"Escrito por\" \/>\n\t<meta name=\"twitter:data1\" content=\"apuntesdesanluis.com\" \/>\n\t<meta name=\"twitter:label2\" content=\"Tiempo de lectura\" \/>\n\t<meta name=\"twitter:data2\" content=\"5 minutos\" \/>\n<script type=\"application\/ld+json\" class=\"yoast-schema-graph\">{\"@context\":\"https:\/\/schema.org\",\"@graph\":[{\"@type\":\"Article\",\"@id\":\"https:\/\/apuntesdesanluis.com\/index.php\/2023\/10\/30\/lionel-messi-gano-el-octavo-balon-de-oro-de-su-carrera-y-el-dibu-martinez-fue-elegido-mejor-arquero\/#article\",\"isPartOf\":{\"@id\":\"https:\/\/apuntesdesanluis.com\/index.php\/2023\/10\/30\/lionel-messi-gano-el-octavo-balon-de-oro-de-su-carrera-y-el-dibu-martinez-fue-elegido-mejor-arquero\/\"},\"author\":{\"name\":\"apuntesdesanluis.com\",\"@id\":\"https:\/\/apuntesdesanluis.com\/#\/schema\/person\/b55151d52296fcce64d1a72538a70b90\"},\"headline\":\"LIONEL MESSI GAN\u00d3 EL OCTAVO BAL\u00d3N DE ORO DE SU CARRERA Y EL DIBU MARTINEZ FUE ELEGIDO MEJOR ARQUERO\",\"datePublished\":\"2023-10-31T02:46:50+00:00\",\"dateModified\":\"2023-10-31T02:57:35+00:00\",\"mainEntityOfPage\":{\"@id\":\"https:\/\/apuntesdesanluis.com\/index.php\/2023\/10\/30\/lionel-messi-gano-el-octavo-balon-de-oro-de-su-carrera-y-el-dibu-martinez-fue-elegido-mejor-arquero\/\"},\"wordCount\":884,\"publisher\":{\"@id\":\"https:\/\/apuntesdesanluis.com\/#\/schema\/person\/b55151d52296fcce64d1a72538a70b90\"},\"image\":{\"@id\":\"https:\/\/apuntesdesanluis.com\/index.php\/2023\/10\/30\/lionel-messi-gano-el-octavo-balon-de-oro-de-su-carrera-y-el-dibu-martinez-fue-elegido-mejor-arquero\/#primaryimage\"},\"thumbnailUrl\":\"https:\/\/apuntesdesanluis.com\/wp-content\/uploads\/2023\/10\/messi.jpg\",\"articleSection\":[\"Deportes\",\"Nacionales\/Internacionales\"],\"inLanguage\":\"es-AR\"},{\"@type\":\"WebPage\",\"@id\":\"https:\/\/apuntesdesanluis.com\/index.php\/2023\/10\/30\/lionel-messi-gano-el-octavo-balon-de-oro-de-su-carrera-y-el-dibu-martinez-fue-elegido-mejor-arquero\/\",\"url\":\"https:\/\/apuntesdesanluis.com\/index.php\/2023\/10\/30\/lionel-messi-gano-el-octavo-balon-de-oro-de-su-carrera-y-el-dibu-martinez-fue-elegido-mejor-arquero\/\",\"name\":\"LIONEL MESSI GAN\u00d3 EL OCTAVO BAL\u00d3N DE ORO DE SU CARRERA Y EL DIBU MARTINEZ FUE ELEGIDO MEJOR ARQUERO - Apuntes de San Luis\",\"isPartOf\":{\"@id\":\"https:\/\/apuntesdesanluis.com\/#website\"},\"primaryImageOfPage\":{\"@id\":\"https:\/\/apuntesdesanluis.com\/index.php\/2023\/10\/30\/lionel-messi-gano-el-octavo-balon-de-oro-de-su-carrera-y-el-dibu-martinez-fue-elegido-mejor-arquero\/#primaryimage\"},\"image\":{\"@id\":\"https:\/\/apuntesdesanluis.com\/index.php\/2023\/10\/30\/lionel-messi-gano-el-octavo-balon-de-oro-de-su-carrera-y-el-dibu-martinez-fue-elegido-mejor-arquero\/#primaryimage\"},\"thumbnailUrl\":\"https:\/\/apuntesdesanluis.com\/wp-content\/uploads\/2023\/10\/messi.jpg\",\"datePublished\":\"2023-10-31T02:46:50+00:00\",\"dateModified\":\"2023-10-31T02:57:35+00:00\",\"breadcrumb\":{\"@id\":\"https:\/\/apuntesdesanluis.com\/index.php\/2023\/10\/30\/lionel-messi-gano-el-octavo-balon-de-oro-de-su-carrera-y-el-dibu-martinez-fue-elegido-mejor-arquero\/#breadcrumb\"},\"inLanguage\":\"es-AR\",\"potentialAction\":[{\"@type\":\"ReadAction\",\"target\":[\"https:\/\/apuntesdesanluis.com\/index.php\/2023\/10\/30\/lionel-messi-gano-el-octavo-balon-de-oro-de-su-carrera-y-el-dibu-martinez-fue-elegido-mejor-arquero\/\"]}]},{\"@type\":\"ImageObject\",\"inLanguage\":\"es-AR\",\"@id\":\"https:\/\/apuntesdesanluis.com\/index.php\/2023\/10\/30\/lionel-messi-gano-el-octavo-balon-de-oro-de-su-carrera-y-el-dibu-martinez-fue-elegido-mejor-arquero\/#primaryimage\",\"url\":\"https:\/\/apuntesdesanluis.com\/wp-content\/uploads\/2023\/10\/messi.jpg\",\"contentUrl\":\"https:\/\/apuntesdesanluis.com\/wp-content\/uploads\/2023\/10\/messi.jpg\",\"width\":600,\"height\":337},{\"@type\":\"BreadcrumbList\",\"@id\":\"https:\/\/apuntesdesanluis.com\/index.php\/2023\/10\/30\/lionel-messi-gano-el-octavo-balon-de-oro-de-su-carrera-y-el-dibu-martinez-fue-elegido-mejor-arquero\/#breadcrumb\",\"itemListElement\":[{\"@type\":\"ListItem\",\"position\":1,\"name\":\"Inicio\",\"item\":\"https:\/\/apuntesdesanluis.com\/\"},{\"@type\":\"ListItem\",\"position\":2,\"name\":\"LIONEL MESSI GAN\u00d3 EL OCTAVO BAL\u00d3N DE ORO DE SU CARRERA Y EL DIBU MARTINEZ FUE ELEGIDO MEJOR ARQUERO\"}]},{\"@type\":\"WebSite\",\"@id\":\"https:\/\/apuntesdesanluis.com\/#website\",\"url\":\"https:\/\/apuntesdesanluis.com\/\",\"name\":\"Apuntes de San Luis\",\"description\":\"\",\"publisher\":{\"@id\":\"https:\/\/apuntesdesanluis.com\/#\/schema\/person\/b55151d52296fcce64d1a72538a70b90\"},\"potentialAction\":[{\"@type\":\"SearchAction\",\"target\":{\"@type\":\"EntryPoint\",\"urlTemplate\":\"https:\/\/apuntesdesanluis.com\/?s={search_term_string}\"},\"query-input\":{\"@type\":\"PropertyValueSpecification\",\"valueRequired\":true,\"valueName\":\"search_term_string\"}}],\"inLanguage\":\"es-AR\"},{\"@type\":[\"Person\",\"Organization\"],\"@id\":\"https:\/\/apuntesdesanluis.com\/#\/schema\/person\/b55151d52296fcce64d1a72538a70b90\",\"name\":\"apuntesdesanluis.com\",\"image\":{\"@type\":\"ImageObject\",\"inLanguage\":\"es-AR\",\"@id\":\"https:\/\/apuntesdesanluis.com\/#\/schema\/person\/image\/\",\"url\":\"https:\/\/apuntesdesanluis.com\/wp-content\/uploads\/2023\/07\/cropped-apuntesdesanluis.png\",\"contentUrl\":\"https:\/\/apuntesdesanluis.com\/wp-content\/uploads\/2023\/07\/cropped-apuntesdesanluis.png\",\"width\":450,\"height\":112,\"caption\":\"apuntesdesanluis.com\"},\"logo\":{\"@id\":\"https:\/\/apuntesdesanluis.com\/#\/schema\/person\/image\/\"},\"sameAs\":[\"https:\/\/apuntesdesanluis.com\"],\"url\":\"https:\/\/apuntesdesanluis.com\/index.php\/author\/apuntesdesanluis-com\/\"}]}<\/script>\n<!-- \/ Yoast SEO plugin. -->","yoast_head_json":{"title":"LIONEL MESSI GAN\u00d3 EL OCTAVO BAL\u00d3N DE ORO DE SU CARRERA Y EL DIBU MARTINEZ FUE ELEGIDO MEJOR ARQUERO - Apuntes de San Luis","robots":{"index":"index","follow":"follow","max-snippet":"max-snippet:-1","max-image-preview":"max-image-preview:large","max-video-preview":"max-video-preview:-1"},"canonical":"https:\/\/apuntesdesanluis.com\/index.php\/2023\/10\/30\/lionel-messi-gano-el-octavo-balon-de-oro-de-su-carrera-y-el-dibu-martinez-fue-elegido-mejor-arquero\/","og_locale":"es_ES","og_type":"article","og_title":"LIONEL MESSI GAN\u00d3 EL OCTAVO BAL\u00d3N DE ORO DE SU CARRERA Y EL DIBU MARTINEZ FUE ELEGIDO MEJOR ARQUERO - Apuntes de San Luis","og_description":"El astro argentino Lionel Messi gan\u00f3 este lunes el octavo Bal\u00f3n de Oro de su...","og_url":"https:\/\/apuntesdesanluis.com\/index.php\/2023\/10\/30\/lionel-messi-gano-el-octavo-balon-de-oro-de-su-carrera-y-el-dibu-martinez-fue-elegido-mejor-arquero\/","og_site_name":"Apuntes de San Luis","article_published_time":"2023-10-31T02:46:50+00:00","article_modified_time":"2023-10-31T02:57:35+00:00","og_image":[{"width":600,"height":337,"url":"https:\/\/apuntesdesanluis.com\/wp-content\/uploads\/2023\/10\/messi.jpg","type":"image\/jpeg"}],"author":"apuntesdesanluis.com","twitter_card":"summary_large_image","twitter_misc":{"Escrito por":"apuntesdesanluis.com","Tiempo de lectura":"5 minutos"},"schema":{"@context":"https:\/\/schema.org","@graph":[{"@type":"Article","@id":"https:\/\/apuntesdesanluis.com\/index.php\/2023\/10\/30\/lionel-messi-gano-el-octavo-balon-de-oro-de-su-carrera-y-el-dibu-martinez-fue-elegido-mejor-arquero\/#article","isPartOf":{"@id":"https:\/\/apuntesdesanluis.com\/index.php\/2023\/10\/30\/lionel-messi-gano-el-octavo-balon-de-oro-de-su-carrera-y-el-dibu-martinez-fue-elegido-mejor-arquero\/"},"author":{"name":"apuntesdesanluis.com","@id":"https:\/\/apuntesdesanluis.com\/#\/schema\/person\/b55151d52296fcce64d1a72538a70b90"},"headline":"LIONEL MESSI GAN\u00d3 EL OCTAVO BAL\u00d3N DE ORO DE SU CARRERA Y EL DIBU MARTINEZ FUE ELEGIDO MEJOR ARQUERO","datePublished":"2023-10-31T02:46:50+00:00","dateModified":"2023-10-31T02:57:35+00:00","mainEntityOfPage":{"@id":"https:\/\/apuntesdesanluis.com\/index.php\/2023\/10\/30\/lionel-messi-gano-el-octavo-balon-de-oro-de-su-carrera-y-el-dibu-martinez-fue-elegido-mejor-arquero\/"},"wordCount":884,"publisher":{"@id":"https:\/\/apuntesdesanluis.com\/#\/schema\/person\/b55151d52296fcce64d1a72538a70b90"},"image":{"@id":"https:\/\/apuntesdesanluis.com\/index.php\/2023\/10\/30\/lionel-messi-gano-el-octavo-balon-de-oro-de-su-carrera-y-el-dibu-martinez-fue-elegido-mejor-arquero\/#primaryimage"},"thumbnailUrl":"https:\/\/apuntesdesanluis.com\/wp-content\/uploads\/2023\/10\/messi.jpg","articleSection":["Deportes","Nacionales\/Internacionales"],"inLanguage":"es-AR"},{"@type":"WebPage","@id":"https:\/\/apuntesdesanluis.com\/index.php\/2023\/10\/30\/lionel-messi-gano-el-octavo-balon-de-oro-de-su-carrera-y-el-dibu-martinez-fue-elegido-mejor-arquero\/","url":"https:\/\/apuntesdesanluis.com\/index.php\/2023\/10\/30\/lionel-messi-gano-el-octavo-balon-de-oro-de-su-carrera-y-el-dibu-martinez-fue-elegido-mejor-arquero\/","name":"LIONEL MESSI GAN\u00d3 EL OCTAVO BAL\u00d3N DE ORO DE SU CARRERA Y EL DIBU MARTINEZ FUE ELEGIDO MEJOR ARQUERO - Apuntes de San Luis","isPartOf":{"@id":"https:\/\/apuntesdesanluis.com\/#website"},"primaryImageOfPage":{"@id":"https:\/\/apuntesdesanluis.com\/index.php\/2023\/10\/30\/lionel-messi-gano-el-octavo-balon-de-oro-de-su-carrera-y-el-dibu-martinez-fue-elegido-mejor-arquero\/#primaryimage"},"image":{"@id":"https:\/\/apuntesdesanluis.com\/index.php\/2023\/10\/30\/lionel-messi-gano-el-octavo-balon-de-oro-de-su-carrera-y-el-dibu-martinez-fue-elegido-mejor-arquero\/#primaryimage"},"thumbnailUrl":"https:\/\/apuntesdesanluis.com\/wp-content\/uploads\/2023\/10\/messi.jpg","datePublished":"2023-10-31T02:46:50+00:00","dateModified":"2023-10-31T02:57:35+00:00","breadcrumb":{"@id":"https:\/\/apuntesdesanluis.com\/index.php\/2023\/10\/30\/lionel-messi-gano-el-octavo-balon-de-oro-de-su-carrera-y-el-dibu-martinez-fue-elegido-mejor-arquero\/#breadcrumb"},"inLanguage":"es-AR","potentialAction":[{"@type":"ReadAction","target":["https:\/\/apuntesdesanluis.com\/index.php\/2023\/10\/30\/lionel-messi-gano-el-octavo-balon-de-oro-de-su-carrera-y-el-dibu-martinez-fue-elegido-mejor-arquero\/"]}]},{"@type":"ImageObject","inLanguage":"es-AR","@id":"https:\/\/apuntesdesanluis.com\/index.php\/2023\/10\/30\/lionel-messi-gano-el-octavo-balon-de-oro-de-su-carrera-y-el-dibu-martinez-fue-elegido-mejor-arquero\/#primaryimage","url":"https:\/\/apuntesdesanluis.com\/wp-content\/uploads\/2023\/10\/messi.jpg","contentUrl":"https:\/\/apuntesdesanluis.com\/wp-content\/uploads\/2023\/10\/messi.jpg","width":600,"height":337},{"@type":"BreadcrumbList","@id":"https:\/\/apuntesdesanluis.com\/index.php\/2023\/10\/30\/lionel-messi-gano-el-octavo-balon-de-oro-de-su-carrera-y-el-dibu-martinez-fue-elegido-mejor-arquero\/#breadcrumb","itemListElement":[{"@type":"ListItem","position":1,"name":"Inicio","item":"https:\/\/apuntesdesanluis.com\/"},{"@type":"ListItem","position":2,"name":"LIONEL MESSI GAN\u00d3 EL OCTAVO BAL\u00d3N DE ORO DE SU CARRERA Y EL DIBU MARTINEZ FUE ELEGIDO MEJOR ARQUERO"}]},{"@type":"WebSite","@id":"https:\/\/apuntesdesanluis.com\/#website","url":"https:\/\/apuntesdesanluis.com\/","name":"Apuntes de San Luis","description":"","publisher":{"@id":"https:\/\/apuntesdesanluis.com\/#\/schema\/person\/b55151d52296fcce64d1a72538a70b90"},"potentialAction":[{"@type":"SearchAction","target":{"@type":"EntryPoint","urlTemplate":"https:\/\/apuntesdesanluis.com\/?s={search_term_string}"},"query-input":{"@type":"PropertyValueSpecification","valueRequired":true,"valueName":"search_term_string"}}],"inLanguage":"es-AR"},{"@type":["Person","Organization"],"@id":"https:\/\/apuntesdesanluis.com\/#\/schema\/person\/b55151d52296fcce64d1a72538a70b90","name":"apuntesdesanluis.com","image":{"@type":"ImageObject","inLanguage":"es-AR","@id":"https:\/\/apuntesdesanluis.com\/#\/schema\/person\/image\/","url":"https:\/\/apuntesdesanluis.com\/wp-content\/uploads\/2023\/07\/cropped-apuntesdesanluis.png","contentUrl":"https:\/\/apuntesdesanluis.com\/wp-content\/uploads\/2023\/07\/cropped-apuntesdesanluis.png","width":450,"height":112,"caption":"apuntesdesanluis.com"},"logo":{"@id":"https:\/\/apuntesdesanluis.com\/#\/schema\/person\/image\/"},"sameAs":["https:\/\/apuntesdesanluis.com"],"url":"https:\/\/apuntesdesanluis.com\/index.php\/author\/apuntesdesanluis-com\/"}]}},"featured_image_urls":{"full":["https:\/\/apuntesdesanluis.com\/wp-content\/uploads\/2023\/10\/messi.jpg",600,337,false],"thumbnail":["https:\/\/apuntesdesanluis.com\/wp-content\/uploads\/2023\/10\/messi-150x150.jpg",150,150,true],"medium":["https:\/\/apuntesdesanluis.com\/wp-content\/uploads\/2023\/10\/messi-300x169.jpg",300,169,true],"medium_large":["https:\/\/apuntesdesanluis.com\/wp-content\/uploads\/2023\/10\/messi.jpg",600,337,false],"large":["https:\/\/apuntesdesanluis.com\/wp-content\/uploads\/2023\/10\/messi.jpg",600,337,false],"1536x1536":["https:\/\/apuntesdesanluis.com\/wp-content\/uploads\/2023\/10\/messi.jpg",600,337,false],"2048x2048":["https:\/\/apuntesdesanluis.com\/wp-content\/uploads\/2023\/10\/messi.jpg",600,337,false],"newsever-slider-full":["https:\/\/apuntesdesanluis.com\/wp-content\/uploads\/2023\/10\/messi.jpg",600,337,false],"newsever-featured":["https:\/\/apuntesdesanluis.com\/wp-content\/uploads\/2023\/10\/messi.jpg",600,337,false],"newsever-medium":["https:\/\/apuntesdesanluis.com\/wp-content\/uploads\/2023\/10\/messi.jpg",600,337,false]},"author_info":{"display_name":"apuntesdesanluis.com","author_link":"https:\/\/apuntesdesanluis.com\/index.php\/author\/apuntesdesanluis-com\/"},"category_info":"<a href=\"https:\/\/apuntesdesanluis.com\/index.php\/category\/deportes\/\" rel=\"category tag\">Deportes<\/a> <a href=\"https:\/\/apuntesdesanluis.com\/index.php\/category\/nacionales-internacionales\/\" rel=\"category tag\">Nacionales\/Internacionales<\/a>","tag_info":"Nacionales\/Internacionales","comment_count":"0","_links":{"self":[{"href":"https:\/\/apuntesdesanluis.com\/index.php\/wp-json\/wp\/v2\/posts\/6067","targetHints":{"allow":["GET"]}}],"collection":[{"href":"https:\/\/apuntesdesanluis.com\/index.php\/wp-json\/wp\/v2\/posts"}],"about":[{"href":"https:\/\/apuntesdesanluis.com\/index.php\/wp-json\/wp\/v2\/types\/post"}],"author":[{"embeddable":true,"href":"https:\/\/apuntesdesanluis.com\/index.php\/wp-json\/wp\/v2\/users\/1"}],"replies":[{"embeddable":true,"href":"https:\/\/apuntesdesanluis.com\/index.php\/wp-json\/wp\/v2\/comments?post=6067"}],"version-history":[{"count":2,"href":"https:\/\/apuntesdesanluis.com\/index.php\/wp-json\/wp\/v2\/posts\/6067\/revisions"}],"predecessor-version":[{"id":6078,"href":"https:\/\/apuntesdesanluis.com\/index.php\/wp-json\/wp\/v2\/posts\/6067\/revisions\/6078"}],"wp:featuredmedia":[{"embeddable":true,"href":"https:\/\/apuntesdesanluis.com\/index.php\/wp-json\/wp\/v2\/media\/6068"}],"wp:attachment":[{"href":"https:\/\/apuntesdesanluis.com\/index.php\/wp-json\/wp\/v2\/media?parent=6067"}],"wp:term":[{"taxonomy":"category","embeddable":true,"href":"https:\/\/apuntesdesanluis.com\/index.php\/wp-json\/wp\/v2\/categories?post=6067"},{"taxonomy":"post_tag","embeddable":true,"href":"https:\/\/apuntesdesanluis.com\/index.php\/wp-json\/wp\/v2\/tags?post=6067"}],"curies":[{"name":"wp","href":"https:\/\/api.w.org\/{rel}","templated":true}]}}