{"id":6075,"date":"2023-10-30T23:52:33","date_gmt":"2023-10-31T02:52:33","guid":{"rendered":"https:\/\/apuntesdesanluis.com\/?p=6075"},"modified":"2023-10-30T23:52:33","modified_gmt":"2023-10-31T02:52:33","slug":"milei-le-pidio-a-la-justicia-electoral-un-mayor-control-en-el-escrutinio-provisorio","status":"publish","type":"post","link":"https:\/\/apuntesdesanluis.com\/index.php\/2023\/10\/30\/milei-le-pidio-a-la-justicia-electoral-un-mayor-control-en-el-escrutinio-provisorio\/","title":{"rendered":"MILEI LE PIDI\u00d3 A LA JUSTICIA ELECTORAL UN MAYOR CONTROL EN EL ESCRUTINIO PROVISORIO"},"content":{"rendered":"<h3>El libertario espera afinar la fiscalizaci\u00f3n y aumentar los controles en el conteo provisorio.<\/h3>\n<h3>El candidato presidencial de La Libertad Avanza (LLA), <strong>Javier Milei<\/strong>, le solicit\u00f3 a la Justicia electoral un mayor control en el escrutinio provisorio, de cara al balotaje del pr\u00f3ximo 19 de noviembre. Lo hizo a trav\u00e9s de tres documentos que llevan la firma del responsable tecnol\u00f3gico de la LLA, Fernando Cerimedo.<\/h3>\n<h3>En el primero de los escritos, Cerimedo le pidi\u00f3 a la Direcci\u00f3n Nacional Electoral que le otorgue acceso a &#8220;seguimiento por GPS de los camiones del correo que trasladan las urnas desde los centros de votaci\u00f3n hasta el lugar&#8221; en el que se desarrollar\u00e1 el escrutinio.<\/h3>\n<h3>Adem\u00e1s, a esa petici\u00f3n le sum\u00f3: &#8220;Solicito que tengan a bien permitir el acceso al seguimiento de los veh\u00edculos que trasladan los telegramas desde los centros de votaci\u00f3n a las sucursales de transmisi\u00f3n&#8221;.<\/h3>\n<h3>Seg\u00fan explica el escrito, ambas acciones ser\u00edan para &#8220;extremar los controles de la carga de datos y ayudar a mantener la transparencia y objetividad en el escrutinio provisorio&#8221;.<\/h3>\n<h3>En el segundo documento, el asesor de Milei pidi\u00f3 los archivos de los resultados de todas las categor\u00edas \u2014tanto en las PASO, como en las generales\u2014 que tengan en el desglose &#8220;los votos de cada mesa y el total de votos digitados&#8221;.<\/h3>\n<h3>&#8220;Por otro lado (&#8230;.), vengo a solicitar que para la elecci\u00f3n del 19 de noviembre sean considerados como telegramas con incidencia aquellos que presenten cualquier tipo de diferencia entre los votos emitidos y los totales&#8221;, continu\u00f3 Cerimedo.<\/h3>\n<h3>Mientras que EN la tercera y \u00faltima solicitud, Cerimedo pidi\u00f3 autorizaci\u00f3n &#8220;para que los fiscales inform\u00e1ticos, de manera presencial, puedan estar supervisando juntos a los digitadores que realicen la 3.\u00aa digitalizaci\u00f3n, as\u00ed junto con el personal que trabaja sobre los telegramas con incidencia&#8221;.<\/h3>\n<h3>Con estas presentaciones, Milei pretende afinar la fiscalizaci\u00f3n y el conteo provisorio. En las filas de LLA, ven como uno de los puntos d\u00e9biles de la fuerza de cara al proceso electoral definitorio. En las PASO, intentaron reforzarlo con la ayuda del armado territorial de Luis Barrionuevo, aunque con poco \u00e9xito.<\/h3>\n","protected":false},"excerpt":{"rendered":"<p>El libertario espera afinar la fiscalizaci\u00f3n y aumentar los controles en el conteo provisorio. El&#8230;<\/p>\n","protected":false},"author":1,"featured_media":6076,"comment_status":"closed","ping_status":"closed","sticky":false,"template":"","format":"standard","meta":{"footnotes":""},"categories":[5],"tags":[],"class_list":["post-6075","post","type-post","status-publish","format-standard","has-post-thumbnail","hentry","category-nacionales-internacionales"],"yoast_head":"<!-- This site is optimized with the Yoast SEO plugin v26.1.1 - https:\/\/yoast.com\/wordpress\/plugins\/seo\/ -->\n<title>MILEI LE PIDI\u00d3 A LA JUSTICIA ELECTORAL UN MAYOR CONTROL EN EL ESCRUTINIO PROVISORIO - Apuntes de San Luis<\/title>\n<meta name=\"robots\" content=\"index, follow, max-snippet:-1, max-image-preview:large, max-video-preview:-1\" \/>\n<link rel=\"canonical\" href=\"https:\/\/apuntesdesanluis.com\/index.php\/2023\/10\/30\/milei-le-pidio-a-la-justicia-electoral-un-mayor-control-en-el-escrutinio-provisorio\/\" \/>\n<meta property=\"og:locale\" content=\"es_ES\" \/>\n<meta property=\"og:type\" content=\"article\" \/>\n<meta property=\"og:title\" content=\"MILEI LE PIDI\u00d3 A LA JUSTICIA ELECTORAL UN MAYOR CONTROL EN EL ESCRUTINIO PROVISORIO - Apuntes de San Luis\" \/>\n<meta property=\"og:description\" content=\"El libertario espera afinar la fiscalizaci\u00f3n y aumentar los controles en el conteo provisorio. El...\" \/>\n<meta property=\"og:url\" content=\"https:\/\/apuntesdesanluis.com\/index.php\/2023\/10\/30\/milei-le-pidio-a-la-justicia-electoral-un-mayor-control-en-el-escrutinio-provisorio\/\" \/>\n<meta property=\"og:site_name\" content=\"Apuntes de San Luis\" \/>\n<meta property=\"article:published_time\" content=\"2023-10-31T02:52:33+00:00\" \/>\n<meta property=\"og:image\" content=\"https:\/\/apuntesdesanluis.com\/wp-content\/uploads\/2023\/10\/milei-6.png\" \/>\n\t<meta property=\"og:image:width\" content=\"854\" \/>\n\t<meta property=\"og:image:height\" content=\"531\" \/>\n\t<meta property=\"og:image:type\" content=\"image\/png\" \/>\n<meta name=\"author\" content=\"apuntesdesanluis.com\" \/>\n<meta name=\"twitter:card\" content=\"summary_large_image\" \/>\n<meta name=\"twitter:label1\" content=\"Escrito por\" \/>\n\t<meta name=\"twitter:data1\" content=\"apuntesdesanluis.com\" \/>\n\t<meta name=\"twitter:label2\" content=\"Tiempo de lectura\" \/>\n\t<meta name=\"twitter:data2\" content=\"2 minutos\" \/>\n<script type=\"application\/ld+json\" class=\"yoast-schema-graph\">{\"@context\":\"https:\/\/schema.org\",\"@graph\":[{\"@type\":\"Article\",\"@id\":\"https:\/\/apuntesdesanluis.com\/index.php\/2023\/10\/30\/milei-le-pidio-a-la-justicia-electoral-un-mayor-control-en-el-escrutinio-provisorio\/#article\",\"isPartOf\":{\"@id\":\"https:\/\/apuntesdesanluis.com\/index.php\/2023\/10\/30\/milei-le-pidio-a-la-justicia-electoral-un-mayor-control-en-el-escrutinio-provisorio\/\"},\"author\":{\"name\":\"apuntesdesanluis.com\",\"@id\":\"https:\/\/apuntesdesanluis.com\/#\/schema\/person\/b55151d52296fcce64d1a72538a70b90\"},\"headline\":\"MILEI LE PIDI\u00d3 A LA JUSTICIA ELECTORAL UN MAYOR CONTROL EN EL ESCRUTINIO PROVISORIO\",\"datePublished\":\"2023-10-31T02:52:33+00:00\",\"mainEntityOfPage\":{\"@id\":\"https:\/\/apuntesdesanluis.com\/index.php\/2023\/10\/30\/milei-le-pidio-a-la-justicia-electoral-un-mayor-control-en-el-escrutinio-provisorio\/\"},\"wordCount\":375,\"publisher\":{\"@id\":\"https:\/\/apuntesdesanluis.com\/#\/schema\/person\/b55151d52296fcce64d1a72538a70b90\"},\"image\":{\"@id\":\"https:\/\/apuntesdesanluis.com\/index.php\/2023\/10\/30\/milei-le-pidio-a-la-justicia-electoral-un-mayor-control-en-el-escrutinio-provisorio\/#primaryimage\"},\"thumbnailUrl\":\"https:\/\/apuntesdesanluis.com\/wp-content\/uploads\/2023\/10\/milei-6.png\",\"articleSection\":[\"Nacionales\/Internacionales\"],\"inLanguage\":\"es-AR\"},{\"@type\":\"WebPage\",\"@id\":\"https:\/\/apuntesdesanluis.com\/index.php\/2023\/10\/30\/milei-le-pidio-a-la-justicia-electoral-un-mayor-control-en-el-escrutinio-provisorio\/\",\"url\":\"https:\/\/apuntesdesanluis.com\/index.php\/2023\/10\/30\/milei-le-pidio-a-la-justicia-electoral-un-mayor-control-en-el-escrutinio-provisorio\/\",\"name\":\"MILEI LE PIDI\u00d3 A LA JUSTICIA ELECTORAL UN MAYOR CONTROL EN EL ESCRUTINIO PROVISORIO - Apuntes de San Luis\",\"isPartOf\":{\"@id\":\"https:\/\/apuntesdesanluis.com\/#website\"},\"primaryImageOfPage\":{\"@id\":\"https:\/\/apuntesdesanluis.com\/index.php\/2023\/10\/30\/milei-le-pidio-a-la-justicia-electoral-un-mayor-control-en-el-escrutinio-provisorio\/#primaryimage\"},\"image\":{\"@id\":\"https:\/\/apuntesdesanluis.com\/index.php\/2023\/10\/30\/milei-le-pidio-a-la-justicia-electoral-un-mayor-control-en-el-escrutinio-provisorio\/#primaryimage\"},\"thumbnailUrl\":\"https:\/\/apuntesdesanluis.com\/wp-content\/uploads\/2023\/10\/milei-6.png\",\"datePublished\":\"2023-10-31T02:52:33+00:00\",\"breadcrumb\":{\"@id\":\"https:\/\/apuntesdesanluis.com\/index.php\/2023\/10\/30\/milei-le-pidio-a-la-justicia-electoral-un-mayor-control-en-el-escrutinio-provisorio\/#breadcrumb\"},\"inLanguage\":\"es-AR\",\"potentialAction\":[{\"@type\":\"ReadAction\",\"target\":[\"https:\/\/apuntesdesanluis.com\/index.php\/2023\/10\/30\/milei-le-pidio-a-la-justicia-electoral-un-mayor-control-en-el-escrutinio-provisorio\/\"]}]},{\"@type\":\"ImageObject\",\"inLanguage\":\"es-AR\",\"@id\":\"https:\/\/apuntesdesanluis.com\/index.php\/2023\/10\/30\/milei-le-pidio-a-la-justicia-electoral-un-mayor-control-en-el-escrutinio-provisorio\/#primaryimage\",\"url\":\"https:\/\/apuntesdesanluis.com\/wp-content\/uploads\/2023\/10\/milei-6.png\",\"contentUrl\":\"https:\/\/apuntesdesanluis.com\/wp-content\/uploads\/2023\/10\/milei-6.png\",\"width\":854,\"height\":531},{\"@type\":\"BreadcrumbList\",\"@id\":\"https:\/\/apuntesdesanluis.com\/index.php\/2023\/10\/30\/milei-le-pidio-a-la-justicia-electoral-un-mayor-control-en-el-escrutinio-provisorio\/#breadcrumb\",\"itemListElement\":[{\"@type\":\"ListItem\",\"position\":1,\"name\":\"Inicio\",\"item\":\"https:\/\/apuntesdesanluis.com\/\"},{\"@type\":\"ListItem\",\"position\":2,\"name\":\"MILEI LE PIDI\u00d3 A LA JUSTICIA ELECTORAL UN MAYOR CONTROL EN EL ESCRUTINIO PROVISORIO\"}]},{\"@type\":\"WebSite\",\"@id\":\"https:\/\/apuntesdesanluis.com\/#website\",\"url\":\"https:\/\/apuntesdesanluis.com\/\",\"name\":\"Apuntes de San Luis\",\"description\":\"\",\"publisher\":{\"@id\":\"https:\/\/apuntesdesanluis.com\/#\/schema\/person\/b55151d52296fcce64d1a72538a70b90\"},\"potentialAction\":[{\"@type\":\"SearchAction\",\"target\":{\"@type\":\"EntryPoint\",\"urlTemplate\":\"https:\/\/apuntesdesanluis.com\/?s={search_term_string}\"},\"query-input\":{\"@type\":\"PropertyValueSpecification\",\"valueRequired\":true,\"valueName\":\"search_term_string\"}}],\"inLanguage\":\"es-AR\"},{\"@type\":[\"Person\",\"Organization\"],\"@id\":\"https:\/\/apuntesdesanluis.com\/#\/schema\/person\/b55151d52296fcce64d1a72538a70b90\",\"name\":\"apuntesdesanluis.com\",\"image\":{\"@type\":\"ImageObject\",\"inLanguage\":\"es-AR\",\"@id\":\"https:\/\/apuntesdesanluis.com\/#\/schema\/person\/image\/\",\"url\":\"https:\/\/apuntesdesanluis.com\/wp-content\/uploads\/2023\/07\/cropped-apuntesdesanluis.png\",\"contentUrl\":\"https:\/\/apuntesdesanluis.com\/wp-content\/uploads\/2023\/07\/cropped-apuntesdesanluis.png\",\"width\":450,\"height\":112,\"caption\":\"apuntesdesanluis.com\"},\"logo\":{\"@id\":\"https:\/\/apuntesdesanluis.com\/#\/schema\/person\/image\/\"},\"sameAs\":[\"https:\/\/apuntesdesanluis.com\"],\"url\":\"https:\/\/apuntesdesanluis.com\/index.php\/author\/apuntesdesanluis-com\/\"}]}<\/script>\n<!-- \/ Yoast SEO plugin. -->","yoast_head_json":{"title":"MILEI LE PIDI\u00d3 A LA JUSTICIA ELECTORAL UN MAYOR CONTROL EN EL ESCRUTINIO PROVISORIO - Apuntes de San Luis","robots":{"index":"index","follow":"follow","max-snippet":"max-snippet:-1","max-image-preview":"max-image-preview:large","max-video-preview":"max-video-preview:-1"},"canonical":"https:\/\/apuntesdesanluis.com\/index.php\/2023\/10\/30\/milei-le-pidio-a-la-justicia-electoral-un-mayor-control-en-el-escrutinio-provisorio\/","og_locale":"es_ES","og_type":"article","og_title":"MILEI LE PIDI\u00d3 A LA JUSTICIA ELECTORAL UN MAYOR CONTROL EN EL ESCRUTINIO PROVISORIO - Apuntes de San Luis","og_description":"El libertario espera afinar la fiscalizaci\u00f3n y aumentar los controles en el conteo provisorio. El...","og_url":"https:\/\/apuntesdesanluis.com\/index.php\/2023\/10\/30\/milei-le-pidio-a-la-justicia-electoral-un-mayor-control-en-el-escrutinio-provisorio\/","og_site_name":"Apuntes de San Luis","article_published_time":"2023-10-31T02:52:33+00:00","og_image":[{"width":854,"height":531,"url":"https:\/\/apuntesdesanluis.com\/wp-content\/uploads\/2023\/10\/milei-6.png","type":"image\/png"}],"author":"apuntesdesanluis.com","twitter_card":"summary_large_image","twitter_misc":{"Escrito por":"apuntesdesanluis.com","Tiempo de lectura":"2 minutos"},"schema":{"@context":"https:\/\/schema.org","@graph":[{"@type":"Article","@id":"https:\/\/apuntesdesanluis.com\/index.php\/2023\/10\/30\/milei-le-pidio-a-la-justicia-electoral-un-mayor-control-en-el-escrutinio-provisorio\/#article","isPartOf":{"@id":"https:\/\/apuntesdesanluis.com\/index.php\/2023\/10\/30\/milei-le-pidio-a-la-justicia-electoral-un-mayor-control-en-el-escrutinio-provisorio\/"},"author":{"name":"apuntesdesanluis.com","@id":"https:\/\/apuntesdesanluis.com\/#\/schema\/person\/b55151d52296fcce64d1a72538a70b90"},"headline":"MILEI LE PIDI\u00d3 A LA JUSTICIA ELECTORAL UN MAYOR CONTROL EN EL ESCRUTINIO PROVISORIO","datePublished":"2023-10-31T02:52:33+00:00","mainEntityOfPage":{"@id":"https:\/\/apuntesdesanluis.com\/index.php\/2023\/10\/30\/milei-le-pidio-a-la-justicia-electoral-un-mayor-control-en-el-escrutinio-provisorio\/"},"wordCount":375,"publisher":{"@id":"https:\/\/apuntesdesanluis.com\/#\/schema\/person\/b55151d52296fcce64d1a72538a70b90"},"image":{"@id":"https:\/\/apuntesdesanluis.com\/index.php\/2023\/10\/30\/milei-le-pidio-a-la-justicia-electoral-un-mayor-control-en-el-escrutinio-provisorio\/#primaryimage"},"thumbnailUrl":"https:\/\/apuntesdesanluis.com\/wp-content\/uploads\/2023\/10\/milei-6.png","articleSection":["Nacionales\/Internacionales"],"inLanguage":"es-AR"},{"@type":"WebPage","@id":"https:\/\/apuntesdesanluis.com\/index.php\/2023\/10\/30\/milei-le-pidio-a-la-justicia-electoral-un-mayor-control-en-el-escrutinio-provisorio\/","url":"https:\/\/apuntesdesanluis.com\/index.php\/2023\/10\/30\/milei-le-pidio-a-la-justicia-electoral-un-mayor-control-en-el-escrutinio-provisorio\/","name":"MILEI LE PIDI\u00d3 A LA JUSTICIA ELECTORAL UN MAYOR CONTROL EN EL ESCRUTINIO PROVISORIO - Apuntes de San Luis","isPartOf":{"@id":"https:\/\/apuntesdesanluis.com\/#website"},"primaryImageOfPage":{"@id":"https:\/\/apuntesdesanluis.com\/index.php\/2023\/10\/30\/milei-le-pidio-a-la-justicia-electoral-un-mayor-control-en-el-escrutinio-provisorio\/#primaryimage"},"image":{"@id":"https:\/\/apuntesdesanluis.com\/index.php\/2023\/10\/30\/milei-le-pidio-a-la-justicia-electoral-un-mayor-control-en-el-escrutinio-provisorio\/#primaryimage"},"thumbnailUrl":"https:\/\/apuntesdesanluis.com\/wp-content\/uploads\/2023\/10\/milei-6.png","datePublished":"2023-10-31T02:52:33+00:00","breadcrumb":{"@id":"https:\/\/apuntesdesanluis.com\/index.php\/2023\/10\/30\/milei-le-pidio-a-la-justicia-electoral-un-mayor-control-en-el-escrutinio-provisorio\/#breadcrumb"},"inLanguage":"es-AR","potentialAction":[{"@type":"ReadAction","target":["https:\/\/apuntesdesanluis.com\/index.php\/2023\/10\/30\/milei-le-pidio-a-la-justicia-electoral-un-mayor-control-en-el-escrutinio-provisorio\/"]}]},{"@type":"ImageObject","inLanguage":"es-AR","@id":"https:\/\/apuntesdesanluis.com\/index.php\/2023\/10\/30\/milei-le-pidio-a-la-justicia-electoral-un-mayor-control-en-el-escrutinio-provisorio\/#primaryimage","url":"https:\/\/apuntesdesanluis.com\/wp-content\/uploads\/2023\/10\/milei-6.png","contentUrl":"https:\/\/apuntesdesanluis.com\/wp-content\/uploads\/2023\/10\/milei-6.png","width":854,"height":531},{"@type":"BreadcrumbList","@id":"https:\/\/apuntesdesanluis.com\/index.php\/2023\/10\/30\/milei-le-pidio-a-la-justicia-electoral-un-mayor-control-en-el-escrutinio-provisorio\/#breadcrumb","itemListElement":[{"@type":"ListItem","position":1,"name":"Inicio","item":"https:\/\/apuntesdesanluis.com\/"},{"@type":"ListItem","position":2,"name":"MILEI LE PIDI\u00d3 A LA JUSTICIA ELECTORAL UN MAYOR CONTROL EN EL ESCRUTINIO PROVISORIO"}]},{"@type":"WebSite","@id":"https:\/\/apuntesdesanluis.com\/#website","url":"https:\/\/apuntesdesanluis.com\/","name":"Apuntes de San Luis","description":"","publisher":{"@id":"https:\/\/apuntesdesanluis.com\/#\/schema\/person\/b55151d52296fcce64d1a72538a70b90"},"potentialAction":[{"@type":"SearchAction","target":{"@type":"EntryPoint","urlTemplate":"https:\/\/apuntesdesanluis.com\/?s={search_term_string}"},"query-input":{"@type":"PropertyValueSpecification","valueRequired":true,"valueName":"search_term_string"}}],"inLanguage":"es-AR"},{"@type":["Person","Organization"],"@id":"https:\/\/apuntesdesanluis.com\/#\/schema\/person\/b55151d52296fcce64d1a72538a70b90","name":"apuntesdesanluis.com","image":{"@type":"ImageObject","inLanguage":"es-AR","@id":"https:\/\/apuntesdesanluis.com\/#\/schema\/person\/image\/","url":"https:\/\/apuntesdesanluis.com\/wp-content\/uploads\/2023\/07\/cropped-apuntesdesanluis.png","contentUrl":"https:\/\/apuntesdesanluis.com\/wp-content\/uploads\/2023\/07\/cropped-apuntesdesanluis.png","width":450,"height":112,"caption":"apuntesdesanluis.com"},"logo":{"@id":"https:\/\/apuntesdesanluis.com\/#\/schema\/person\/image\/"},"sameAs":["https:\/\/apuntesdesanluis.com"],"url":"https:\/\/apuntesdesanluis.com\/index.php\/author\/apuntesdesanluis-com\/"}]}},"featured_image_urls":{"full":["https:\/\/apuntesdesanluis.com\/wp-content\/uploads\/2023\/10\/milei-6.png",854,531,false],"thumbnail":["https:\/\/apuntesdesanluis.com\/wp-content\/uploads\/2023\/10\/milei-6-150x150.png",150,150,true],"medium":["https:\/\/apuntesdesanluis.com\/wp-content\/uploads\/2023\/10\/milei-6-300x187.png",300,187,true],"medium_large":["https:\/\/apuntesdesanluis.com\/wp-content\/uploads\/2023\/10\/milei-6-768x478.png",640,398,true],"large":["https:\/\/apuntesdesanluis.com\/wp-content\/uploads\/2023\/10\/milei-6.png",640,398,false],"1536x1536":["https:\/\/apuntesdesanluis.com\/wp-content\/uploads\/2023\/10\/milei-6.png",854,531,false],"2048x2048":["https:\/\/apuntesdesanluis.com\/wp-content\/uploads\/2023\/10\/milei-6.png",854,531,false],"newsever-slider-full":["https:\/\/apuntesdesanluis.com\/wp-content\/uploads\/2023\/10\/milei-6.png",854,531,false],"newsever-featured":["https:\/\/apuntesdesanluis.com\/wp-content\/uploads\/2023\/10\/milei-6.png",854,531,false],"newsever-medium":["https:\/\/apuntesdesanluis.com\/wp-content\/uploads\/2023\/10\/milei-6-720x475.png",720,475,true]},"author_info":{"display_name":"apuntesdesanluis.com","author_link":"https:\/\/apuntesdesanluis.com\/index.php\/author\/apuntesdesanluis-com\/"},"category_info":"<a href=\"https:\/\/apuntesdesanluis.com\/index.php\/category\/nacionales-internacionales\/\" rel=\"category tag\">Nacionales\/Internacionales<\/a>","tag_info":"Nacionales\/Internacionales","comment_count":"0","_links":{"self":[{"href":"https:\/\/apuntesdesanluis.com\/index.php\/wp-json\/wp\/v2\/posts\/6075","targetHints":{"allow":["GET"]}}],"collection":[{"href":"https:\/\/apuntesdesanluis.com\/index.php\/wp-json\/wp\/v2\/posts"}],"about":[{"href":"https:\/\/apuntesdesanluis.com\/index.php\/wp-json\/wp\/v2\/types\/post"}],"author":[{"embeddable":true,"href":"https:\/\/apuntesdesanluis.com\/index.php\/wp-json\/wp\/v2\/users\/1"}],"replies":[{"embeddable":true,"href":"https:\/\/apuntesdesanluis.com\/index.php\/wp-json\/wp\/v2\/comments?post=6075"}],"version-history":[{"count":1,"href":"https:\/\/apuntesdesanluis.com\/index.php\/wp-json\/wp\/v2\/posts\/6075\/revisions"}],"predecessor-version":[{"id":6077,"href":"https:\/\/apuntesdesanluis.com\/index.php\/wp-json\/wp\/v2\/posts\/6075\/revisions\/6077"}],"wp:featuredmedia":[{"embeddable":true,"href":"https:\/\/apuntesdesanluis.com\/index.php\/wp-json\/wp\/v2\/media\/6076"}],"wp:attachment":[{"href":"https:\/\/apuntesdesanluis.com\/index.php\/wp-json\/wp\/v2\/media?parent=6075"}],"wp:term":[{"taxonomy":"category","embeddable":true,"href":"https:\/\/apuntesdesanluis.com\/index.php\/wp-json\/wp\/v2\/categories?post=6075"},{"taxonomy":"post_tag","embeddable":true,"href":"https:\/\/apuntesdesanluis.com\/index.php\/wp-json\/wp\/v2\/tags?post=6075"}],"curies":[{"name":"wp","href":"https:\/\/api.w.org\/{rel}","templated":true}]}}