{"id":6082,"date":"2023-10-31T00:13:09","date_gmt":"2023-10-31T03:13:09","guid":{"rendered":"https:\/\/apuntesdesanluis.com\/?p=6082"},"modified":"2023-10-31T00:13:09","modified_gmt":"2023-10-31T03:13:09","slug":"gerardo-morales-todo-lo-que-tenga-que-hacer-para-que-no-gane-milei-lo-voy-a-hacer","status":"publish","type":"post","link":"https:\/\/apuntesdesanluis.com\/index.php\/2023\/10\/31\/gerardo-morales-todo-lo-que-tenga-que-hacer-para-que-no-gane-milei-lo-voy-a-hacer\/","title":{"rendered":"GERARDO MORALES: \u201cTODO LO QUE TENGA QUE HACER PARA QUE NO GANE MILEI LO VOY A HACER\u201d"},"content":{"rendered":"<h3>El gobernador de Jujuy, <strong>Gerardo Morales<\/strong>, volvi\u00f3 a pronunciarse este lunes en contra del candidato presidencial <strong>Javier Milei<\/strong>, y ratific\u00f3 sus cr\u00edticas hacia el expresidente Mauricio Macri, a quien defini\u00f3 como un \u201cgran mentiroso\u201d.<\/h3>\n<h3>\u201cDespu\u00e9s de las PASO todos vimos como Macri reivindic\u00f3 a Milei. Ac\u00e1 hay un responsable con nombre y apellido. Mauricio Macri se ha convertido en el jefe de campa\u00f1a de Milei\u201d, manifest\u00f3 el referente radical en comunicaci\u00f3n con radio La Red.<\/h3>\n<h3>Teniendo en cuenta esto, Morales comparti\u00f3 su tajante postura de cara al balotaje del 19 de noviembre, en el que el economista libertario enfrentar\u00e1 al candidato oficialista, Sergio Massa. \u201cNosotros estamos convencidos de que el radicalismo ha establecido una posici\u00f3n institucional prescindente. Todo lo que tenga que hacer para que no gane Milei, lo voy a hacer. Ser\u00eda un riesgo para la democracia en la Argentina\u201d, revel\u00f3.<\/h3>\n<p><iframe title=\"Gerardo Morales: \u201cTodo lo que tenga que hacer para que no gane Milei lo voy a hacer\u201d\" width=\"640\" height=\"360\" src=\"https:\/\/www.youtube.com\/embed\/pZZhnNr1f4E?start=1&#038;feature=oembed\" frameborder=\"0\" allow=\"accelerometer; autoplay; clipboard-write; encrypted-media; gyroscope; picture-in-picture; web-share\" referrerpolicy=\"strict-origin-when-cross-origin\" allowfullscreen><\/iframe><\/p>\n<h3>El dirigente de la UCR ya se manifest\u00f3 en contra del pacto Macri-Milei. \u201cMauricio Macri no sabe de qu\u00e9 manera mentir. Javier Milei vendi\u00f3 los cargos, no conoce los l\u00edmites entre lo p\u00fablico y lo privado, puede ser el Gobierno m\u00e1s corrupto de la Argentina. M\u00e1s corrupto que el kirchnerismo. Me parece que es muy arriesgado lo que pide Mauricio Macri, adem\u00e1s de una gran mentira\u201d, se\u00f1al\u00f3.<\/h3>\n<h3>\u00a0\u201cNo puede responsabilizar a la hija de una decisi\u00f3n personal que ha tomado, en el marco de una ambici\u00f3n desmedida de poder, porque con Horacio (Rodr\u00edguez Larreta) y Patricia (Bullrich) estaba fuera de juego. Est\u00e1 haciendo m\u00e1s campa\u00f1a que Patricia ahora\u201d, agreg\u00f3.<\/h3>\n<h3>Adem\u00e1s, apunt\u00f3 contra los seguidores de La Libertad Avanza. \u201cY los libertarios, que quer\u00edan barrer con la casta, \u00bfqu\u00e9 van a decir ahora?, \u00bfde qu\u00e9 se van a disfrazar? Ahora est\u00e1n abrazados y se han convertido en casta\u201d, dijo.<\/h3>\n<h3>No obstante, el mandatario provincial tambi\u00e9n apunt\u00f3 contra la figura de Bullrich, quien en las \u00faltimas horas remarc\u00f3 que ella le hab\u00eda ganado a todos en la interna de Juntos por el Cambio. \u201cLo que le pasa a Patricia es que no puede justificar la indignidad que tuvo. Apela a algo que todo sabemos, que perdimos las PASO. Pero \u00bfcu\u00e1l es el derecho que le da?, por qu\u00e9 asume ella la representaci\u00f3n de los m\u00e1s de seis millones de votos que obtuvimos todos\u201d, expres\u00f3.<\/h3>\n<h3>\u201cAl radicalismo que no nos corran con que hicimos lo que ten\u00edamos que hacer. Yo jugu\u00e9 para poner en riesgo dos senadores en la provincia de Jujuy, para sumar a Patricia. La verdad que hay que ser muy est\u00fapido para pensar eso o plantearlo. Ac\u00e1 el responsable m\u00e1ximo de la derrota de Juntos por el Cambio es Mauricio Macri\u201d, indic\u00f3.<\/h3>\n<h3>A su vez, sostuvo: \u201cY hay una responsabilidad secundaria de Patricia, porque no encar\u00f3 bien la campa\u00f1a, no se par\u00f3 bien, necesitaba ayuda, se la ofrecimos, pero nos corrieron de la campa\u00f1a. Pero lo cierto es que perdimos y la gente nos ha puesto en un rol que no es el de gobernar, y que es el de ser oposici\u00f3n\u201d.<\/h3>\n<h3>Asimismo, el gobernador de Jujuy tambi\u00e9n se pronunci\u00f3 sobre la interna de la Uni\u00f3n C\u00edvica Radical (UCR), y la definici\u00f3n de algunos dirigentes sobre el voto en la segunda vuelta electoral. \u201cEl radical que vote a Milei est\u00e1 traicionando el legado que dej\u00f3 Alfons\u00edn\u201d, expres\u00f3.<\/h3>\n<h3>Y asegur\u00f3: \u201cNo cuenten con los economistas radicales, los radicales que quieran irse por un cargo que lo hagan\u201d.<\/h3>\n<h3>De hecho, el dirigente radical puso en duda la continuidad de la UCR dentro de Juntos por el Cambio, precisamente, por no coincidir con las ideas del exmandatario nacional. \u201cYo, y un sector importante del radicalismo, no tenemos nada que ver con Mauricio Macri, ni con esta actitud que ha tenido. No ahora, pero me parece que despu\u00e9s el radicalismo tiene que darse un profundo debate\u201d, manifest\u00f3.<\/h3>\n<p>&nbsp;<\/p>\n<p>&nbsp;<\/p>\n<p>&nbsp;<\/p>\n<p>&nbsp;<\/p>\n","protected":false},"excerpt":{"rendered":"<p>El gobernador de Jujuy, Gerardo Morales, volvi\u00f3 a pronunciarse este lunes en contra del candidato&#8230;<\/p>\n","protected":false},"author":1,"featured_media":6083,"comment_status":"closed","ping_status":"closed","sticky":false,"template":"","format":"standard","meta":{"footnotes":""},"categories":[5],"tags":[],"class_list":["post-6082","post","type-post","status-publish","format-standard","has-post-thumbnail","hentry","category-nacionales-internacionales"],"yoast_head":"<!-- This site is optimized with the Yoast SEO plugin v26.1.1 - https:\/\/yoast.com\/wordpress\/plugins\/seo\/ -->\n<title>GERARDO MORALES: \u201cTODO LO QUE TENGA QUE HACER PARA QUE NO GANE MILEI LO VOY A HACER\u201d - Apuntes de San Luis<\/title>\n<meta name=\"robots\" content=\"index, follow, max-snippet:-1, max-image-preview:large, max-video-preview:-1\" \/>\n<link rel=\"canonical\" href=\"https:\/\/apuntesdesanluis.com\/index.php\/2023\/10\/31\/gerardo-morales-todo-lo-que-tenga-que-hacer-para-que-no-gane-milei-lo-voy-a-hacer\/\" \/>\n<meta property=\"og:locale\" content=\"es_ES\" \/>\n<meta property=\"og:type\" content=\"article\" \/>\n<meta property=\"og:title\" content=\"GERARDO MORALES: \u201cTODO LO QUE TENGA QUE HACER PARA QUE NO GANE MILEI LO VOY A HACER\u201d - Apuntes de San Luis\" \/>\n<meta property=\"og:description\" content=\"El gobernador de Jujuy, Gerardo Morales, volvi\u00f3 a pronunciarse este lunes en contra del candidato...\" \/>\n<meta property=\"og:url\" content=\"https:\/\/apuntesdesanluis.com\/index.php\/2023\/10\/31\/gerardo-morales-todo-lo-que-tenga-que-hacer-para-que-no-gane-milei-lo-voy-a-hacer\/\" \/>\n<meta property=\"og:site_name\" content=\"Apuntes de San Luis\" \/>\n<meta property=\"article:published_time\" content=\"2023-10-31T03:13:09+00:00\" \/>\n<meta property=\"og:image\" content=\"https:\/\/apuntesdesanluis.com\/wp-content\/uploads\/2023\/10\/morales.png\" \/>\n\t<meta property=\"og:image:width\" content=\"600\" \/>\n\t<meta property=\"og:image:height\" content=\"344\" \/>\n\t<meta property=\"og:image:type\" content=\"image\/png\" \/>\n<meta name=\"author\" content=\"apuntesdesanluis.com\" \/>\n<meta name=\"twitter:card\" content=\"summary_large_image\" \/>\n<meta name=\"twitter:label1\" content=\"Escrito por\" \/>\n\t<meta name=\"twitter:data1\" content=\"apuntesdesanluis.com\" \/>\n\t<meta name=\"twitter:label2\" content=\"Tiempo de lectura\" \/>\n\t<meta name=\"twitter:data2\" content=\"3 minutos\" \/>\n<script type=\"application\/ld+json\" class=\"yoast-schema-graph\">{\"@context\":\"https:\/\/schema.org\",\"@graph\":[{\"@type\":\"Article\",\"@id\":\"https:\/\/apuntesdesanluis.com\/index.php\/2023\/10\/31\/gerardo-morales-todo-lo-que-tenga-que-hacer-para-que-no-gane-milei-lo-voy-a-hacer\/#article\",\"isPartOf\":{\"@id\":\"https:\/\/apuntesdesanluis.com\/index.php\/2023\/10\/31\/gerardo-morales-todo-lo-que-tenga-que-hacer-para-que-no-gane-milei-lo-voy-a-hacer\/\"},\"author\":{\"name\":\"apuntesdesanluis.com\",\"@id\":\"https:\/\/apuntesdesanluis.com\/#\/schema\/person\/b55151d52296fcce64d1a72538a70b90\"},\"headline\":\"GERARDO MORALES: \u201cTODO LO QUE TENGA QUE HACER PARA QUE NO GANE MILEI LO VOY A HACER\u201d\",\"datePublished\":\"2023-10-31T03:13:09+00:00\",\"mainEntityOfPage\":{\"@id\":\"https:\/\/apuntesdesanluis.com\/index.php\/2023\/10\/31\/gerardo-morales-todo-lo-que-tenga-que-hacer-para-que-no-gane-milei-lo-voy-a-hacer\/\"},\"wordCount\":691,\"publisher\":{\"@id\":\"https:\/\/apuntesdesanluis.com\/#\/schema\/person\/b55151d52296fcce64d1a72538a70b90\"},\"image\":{\"@id\":\"https:\/\/apuntesdesanluis.com\/index.php\/2023\/10\/31\/gerardo-morales-todo-lo-que-tenga-que-hacer-para-que-no-gane-milei-lo-voy-a-hacer\/#primaryimage\"},\"thumbnailUrl\":\"https:\/\/apuntesdesanluis.com\/wp-content\/uploads\/2023\/10\/morales.png\",\"articleSection\":[\"Nacionales\/Internacionales\"],\"inLanguage\":\"es-AR\"},{\"@type\":\"WebPage\",\"@id\":\"https:\/\/apuntesdesanluis.com\/index.php\/2023\/10\/31\/gerardo-morales-todo-lo-que-tenga-que-hacer-para-que-no-gane-milei-lo-voy-a-hacer\/\",\"url\":\"https:\/\/apuntesdesanluis.com\/index.php\/2023\/10\/31\/gerardo-morales-todo-lo-que-tenga-que-hacer-para-que-no-gane-milei-lo-voy-a-hacer\/\",\"name\":\"GERARDO MORALES: \u201cTODO LO QUE TENGA QUE HACER PARA QUE NO GANE MILEI LO VOY A HACER\u201d - Apuntes de San Luis\",\"isPartOf\":{\"@id\":\"https:\/\/apuntesdesanluis.com\/#website\"},\"primaryImageOfPage\":{\"@id\":\"https:\/\/apuntesdesanluis.com\/index.php\/2023\/10\/31\/gerardo-morales-todo-lo-que-tenga-que-hacer-para-que-no-gane-milei-lo-voy-a-hacer\/#primaryimage\"},\"image\":{\"@id\":\"https:\/\/apuntesdesanluis.com\/index.php\/2023\/10\/31\/gerardo-morales-todo-lo-que-tenga-que-hacer-para-que-no-gane-milei-lo-voy-a-hacer\/#primaryimage\"},\"thumbnailUrl\":\"https:\/\/apuntesdesanluis.com\/wp-content\/uploads\/2023\/10\/morales.png\",\"datePublished\":\"2023-10-31T03:13:09+00:00\",\"breadcrumb\":{\"@id\":\"https:\/\/apuntesdesanluis.com\/index.php\/2023\/10\/31\/gerardo-morales-todo-lo-que-tenga-que-hacer-para-que-no-gane-milei-lo-voy-a-hacer\/#breadcrumb\"},\"inLanguage\":\"es-AR\",\"potentialAction\":[{\"@type\":\"ReadAction\",\"target\":[\"https:\/\/apuntesdesanluis.com\/index.php\/2023\/10\/31\/gerardo-morales-todo-lo-que-tenga-que-hacer-para-que-no-gane-milei-lo-voy-a-hacer\/\"]}]},{\"@type\":\"ImageObject\",\"inLanguage\":\"es-AR\",\"@id\":\"https:\/\/apuntesdesanluis.com\/index.php\/2023\/10\/31\/gerardo-morales-todo-lo-que-tenga-que-hacer-para-que-no-gane-milei-lo-voy-a-hacer\/#primaryimage\",\"url\":\"https:\/\/apuntesdesanluis.com\/wp-content\/uploads\/2023\/10\/morales.png\",\"contentUrl\":\"https:\/\/apuntesdesanluis.com\/wp-content\/uploads\/2023\/10\/morales.png\",\"width\":600,\"height\":344},{\"@type\":\"BreadcrumbList\",\"@id\":\"https:\/\/apuntesdesanluis.com\/index.php\/2023\/10\/31\/gerardo-morales-todo-lo-que-tenga-que-hacer-para-que-no-gane-milei-lo-voy-a-hacer\/#breadcrumb\",\"itemListElement\":[{\"@type\":\"ListItem\",\"position\":1,\"name\":\"Inicio\",\"item\":\"https:\/\/apuntesdesanluis.com\/\"},{\"@type\":\"ListItem\",\"position\":2,\"name\":\"GERARDO MORALES: \u201cTODO LO QUE TENGA QUE HACER PARA QUE NO GANE MILEI LO VOY A HACER\u201d\"}]},{\"@type\":\"WebSite\",\"@id\":\"https:\/\/apuntesdesanluis.com\/#website\",\"url\":\"https:\/\/apuntesdesanluis.com\/\",\"name\":\"Apuntes de San Luis\",\"description\":\"\",\"publisher\":{\"@id\":\"https:\/\/apuntesdesanluis.com\/#\/schema\/person\/b55151d52296fcce64d1a72538a70b90\"},\"potentialAction\":[{\"@type\":\"SearchAction\",\"target\":{\"@type\":\"EntryPoint\",\"urlTemplate\":\"https:\/\/apuntesdesanluis.com\/?s={search_term_string}\"},\"query-input\":{\"@type\":\"PropertyValueSpecification\",\"valueRequired\":true,\"valueName\":\"search_term_string\"}}],\"inLanguage\":\"es-AR\"},{\"@type\":[\"Person\",\"Organization\"],\"@id\":\"https:\/\/apuntesdesanluis.com\/#\/schema\/person\/b55151d52296fcce64d1a72538a70b90\",\"name\":\"apuntesdesanluis.com\",\"image\":{\"@type\":\"ImageObject\",\"inLanguage\":\"es-AR\",\"@id\":\"https:\/\/apuntesdesanluis.com\/#\/schema\/person\/image\/\",\"url\":\"https:\/\/apuntesdesanluis.com\/wp-content\/uploads\/2023\/07\/cropped-apuntesdesanluis.png\",\"contentUrl\":\"https:\/\/apuntesdesanluis.com\/wp-content\/uploads\/2023\/07\/cropped-apuntesdesanluis.png\",\"width\":450,\"height\":112,\"caption\":\"apuntesdesanluis.com\"},\"logo\":{\"@id\":\"https:\/\/apuntesdesanluis.com\/#\/schema\/person\/image\/\"},\"sameAs\":[\"https:\/\/apuntesdesanluis.com\"],\"url\":\"https:\/\/apuntesdesanluis.com\/index.php\/author\/apuntesdesanluis-com\/\"}]}<\/script>\n<!-- \/ Yoast SEO plugin. -->","yoast_head_json":{"title":"GERARDO MORALES: \u201cTODO LO QUE TENGA QUE HACER PARA QUE NO GANE MILEI LO VOY A HACER\u201d - Apuntes de San Luis","robots":{"index":"index","follow":"follow","max-snippet":"max-snippet:-1","max-image-preview":"max-image-preview:large","max-video-preview":"max-video-preview:-1"},"canonical":"https:\/\/apuntesdesanluis.com\/index.php\/2023\/10\/31\/gerardo-morales-todo-lo-que-tenga-que-hacer-para-que-no-gane-milei-lo-voy-a-hacer\/","og_locale":"es_ES","og_type":"article","og_title":"GERARDO MORALES: \u201cTODO LO QUE TENGA QUE HACER PARA QUE NO GANE MILEI LO VOY A HACER\u201d - Apuntes de San Luis","og_description":"El gobernador de Jujuy, Gerardo Morales, volvi\u00f3 a pronunciarse este lunes en contra del candidato...","og_url":"https:\/\/apuntesdesanluis.com\/index.php\/2023\/10\/31\/gerardo-morales-todo-lo-que-tenga-que-hacer-para-que-no-gane-milei-lo-voy-a-hacer\/","og_site_name":"Apuntes de San Luis","article_published_time":"2023-10-31T03:13:09+00:00","og_image":[{"width":600,"height":344,"url":"https:\/\/apuntesdesanluis.com\/wp-content\/uploads\/2023\/10\/morales.png","type":"image\/png"}],"author":"apuntesdesanluis.com","twitter_card":"summary_large_image","twitter_misc":{"Escrito por":"apuntesdesanluis.com","Tiempo de lectura":"3 minutos"},"schema":{"@context":"https:\/\/schema.org","@graph":[{"@type":"Article","@id":"https:\/\/apuntesdesanluis.com\/index.php\/2023\/10\/31\/gerardo-morales-todo-lo-que-tenga-que-hacer-para-que-no-gane-milei-lo-voy-a-hacer\/#article","isPartOf":{"@id":"https:\/\/apuntesdesanluis.com\/index.php\/2023\/10\/31\/gerardo-morales-todo-lo-que-tenga-que-hacer-para-que-no-gane-milei-lo-voy-a-hacer\/"},"author":{"name":"apuntesdesanluis.com","@id":"https:\/\/apuntesdesanluis.com\/#\/schema\/person\/b55151d52296fcce64d1a72538a70b90"},"headline":"GERARDO MORALES: \u201cTODO LO QUE TENGA QUE HACER PARA QUE NO GANE MILEI LO VOY A HACER\u201d","datePublished":"2023-10-31T03:13:09+00:00","mainEntityOfPage":{"@id":"https:\/\/apuntesdesanluis.com\/index.php\/2023\/10\/31\/gerardo-morales-todo-lo-que-tenga-que-hacer-para-que-no-gane-milei-lo-voy-a-hacer\/"},"wordCount":691,"publisher":{"@id":"https:\/\/apuntesdesanluis.com\/#\/schema\/person\/b55151d52296fcce64d1a72538a70b90"},"image":{"@id":"https:\/\/apuntesdesanluis.com\/index.php\/2023\/10\/31\/gerardo-morales-todo-lo-que-tenga-que-hacer-para-que-no-gane-milei-lo-voy-a-hacer\/#primaryimage"},"thumbnailUrl":"https:\/\/apuntesdesanluis.com\/wp-content\/uploads\/2023\/10\/morales.png","articleSection":["Nacionales\/Internacionales"],"inLanguage":"es-AR"},{"@type":"WebPage","@id":"https:\/\/apuntesdesanluis.com\/index.php\/2023\/10\/31\/gerardo-morales-todo-lo-que-tenga-que-hacer-para-que-no-gane-milei-lo-voy-a-hacer\/","url":"https:\/\/apuntesdesanluis.com\/index.php\/2023\/10\/31\/gerardo-morales-todo-lo-que-tenga-que-hacer-para-que-no-gane-milei-lo-voy-a-hacer\/","name":"GERARDO MORALES: \u201cTODO LO QUE TENGA QUE HACER PARA QUE NO GANE MILEI LO VOY A HACER\u201d - Apuntes de San Luis","isPartOf":{"@id":"https:\/\/apuntesdesanluis.com\/#website"},"primaryImageOfPage":{"@id":"https:\/\/apuntesdesanluis.com\/index.php\/2023\/10\/31\/gerardo-morales-todo-lo-que-tenga-que-hacer-para-que-no-gane-milei-lo-voy-a-hacer\/#primaryimage"},"image":{"@id":"https:\/\/apuntesdesanluis.com\/index.php\/2023\/10\/31\/gerardo-morales-todo-lo-que-tenga-que-hacer-para-que-no-gane-milei-lo-voy-a-hacer\/#primaryimage"},"thumbnailUrl":"https:\/\/apuntesdesanluis.com\/wp-content\/uploads\/2023\/10\/morales.png","datePublished":"2023-10-31T03:13:09+00:00","breadcrumb":{"@id":"https:\/\/apuntesdesanluis.com\/index.php\/2023\/10\/31\/gerardo-morales-todo-lo-que-tenga-que-hacer-para-que-no-gane-milei-lo-voy-a-hacer\/#breadcrumb"},"inLanguage":"es-AR","potentialAction":[{"@type":"ReadAction","target":["https:\/\/apuntesdesanluis.com\/index.php\/2023\/10\/31\/gerardo-morales-todo-lo-que-tenga-que-hacer-para-que-no-gane-milei-lo-voy-a-hacer\/"]}]},{"@type":"ImageObject","inLanguage":"es-AR","@id":"https:\/\/apuntesdesanluis.com\/index.php\/2023\/10\/31\/gerardo-morales-todo-lo-que-tenga-que-hacer-para-que-no-gane-milei-lo-voy-a-hacer\/#primaryimage","url":"https:\/\/apuntesdesanluis.com\/wp-content\/uploads\/2023\/10\/morales.png","contentUrl":"https:\/\/apuntesdesanluis.com\/wp-content\/uploads\/2023\/10\/morales.png","width":600,"height":344},{"@type":"BreadcrumbList","@id":"https:\/\/apuntesdesanluis.com\/index.php\/2023\/10\/31\/gerardo-morales-todo-lo-que-tenga-que-hacer-para-que-no-gane-milei-lo-voy-a-hacer\/#breadcrumb","itemListElement":[{"@type":"ListItem","position":1,"name":"Inicio","item":"https:\/\/apuntesdesanluis.com\/"},{"@type":"ListItem","position":2,"name":"GERARDO MORALES: \u201cTODO LO QUE TENGA QUE HACER PARA QUE NO GANE MILEI LO VOY A HACER\u201d"}]},{"@type":"WebSite","@id":"https:\/\/apuntesdesanluis.com\/#website","url":"https:\/\/apuntesdesanluis.com\/","name":"Apuntes de San Luis","description":"","publisher":{"@id":"https:\/\/apuntesdesanluis.com\/#\/schema\/person\/b55151d52296fcce64d1a72538a70b90"},"potentialAction":[{"@type":"SearchAction","target":{"@type":"EntryPoint","urlTemplate":"https:\/\/apuntesdesanluis.com\/?s={search_term_string}"},"query-input":{"@type":"PropertyValueSpecification","valueRequired":true,"valueName":"search_term_string"}}],"inLanguage":"es-AR"},{"@type":["Person","Organization"],"@id":"https:\/\/apuntesdesanluis.com\/#\/schema\/person\/b55151d52296fcce64d1a72538a70b90","name":"apuntesdesanluis.com","image":{"@type":"ImageObject","inLanguage":"es-AR","@id":"https:\/\/apuntesdesanluis.com\/#\/schema\/person\/image\/","url":"https:\/\/apuntesdesanluis.com\/wp-content\/uploads\/2023\/07\/cropped-apuntesdesanluis.png","contentUrl":"https:\/\/apuntesdesanluis.com\/wp-content\/uploads\/2023\/07\/cropped-apuntesdesanluis.png","width":450,"height":112,"caption":"apuntesdesanluis.com"},"logo":{"@id":"https:\/\/apuntesdesanluis.com\/#\/schema\/person\/image\/"},"sameAs":["https:\/\/apuntesdesanluis.com"],"url":"https:\/\/apuntesdesanluis.com\/index.php\/author\/apuntesdesanluis-com\/"}]}},"featured_image_urls":{"full":["https:\/\/apuntesdesanluis.com\/wp-content\/uploads\/2023\/10\/morales.png",600,344,false],"thumbnail":["https:\/\/apuntesdesanluis.com\/wp-content\/uploads\/2023\/10\/morales-150x150.png",150,150,true],"medium":["https:\/\/apuntesdesanluis.com\/wp-content\/uploads\/2023\/10\/morales-300x172.png",300,172,true],"medium_large":["https:\/\/apuntesdesanluis.com\/wp-content\/uploads\/2023\/10\/morales.png",600,344,false],"large":["https:\/\/apuntesdesanluis.com\/wp-content\/uploads\/2023\/10\/morales.png",600,344,false],"1536x1536":["https:\/\/apuntesdesanluis.com\/wp-content\/uploads\/2023\/10\/morales.png",600,344,false],"2048x2048":["https:\/\/apuntesdesanluis.com\/wp-content\/uploads\/2023\/10\/morales.png",600,344,false],"newsever-slider-full":["https:\/\/apuntesdesanluis.com\/wp-content\/uploads\/2023\/10\/morales.png",600,344,false],"newsever-featured":["https:\/\/apuntesdesanluis.com\/wp-content\/uploads\/2023\/10\/morales.png",600,344,false],"newsever-medium":["https:\/\/apuntesdesanluis.com\/wp-content\/uploads\/2023\/10\/morales.png",600,344,false]},"author_info":{"display_name":"apuntesdesanluis.com","author_link":"https:\/\/apuntesdesanluis.com\/index.php\/author\/apuntesdesanluis-com\/"},"category_info":"<a href=\"https:\/\/apuntesdesanluis.com\/index.php\/category\/nacionales-internacionales\/\" rel=\"category tag\">Nacionales\/Internacionales<\/a>","tag_info":"Nacionales\/Internacionales","comment_count":"0","_links":{"self":[{"href":"https:\/\/apuntesdesanluis.com\/index.php\/wp-json\/wp\/v2\/posts\/6082","targetHints":{"allow":["GET"]}}],"collection":[{"href":"https:\/\/apuntesdesanluis.com\/index.php\/wp-json\/wp\/v2\/posts"}],"about":[{"href":"https:\/\/apuntesdesanluis.com\/index.php\/wp-json\/wp\/v2\/types\/post"}],"author":[{"embeddable":true,"href":"https:\/\/apuntesdesanluis.com\/index.php\/wp-json\/wp\/v2\/users\/1"}],"replies":[{"embeddable":true,"href":"https:\/\/apuntesdesanluis.com\/index.php\/wp-json\/wp\/v2\/comments?post=6082"}],"version-history":[{"count":1,"href":"https:\/\/apuntesdesanluis.com\/index.php\/wp-json\/wp\/v2\/posts\/6082\/revisions"}],"predecessor-version":[{"id":6084,"href":"https:\/\/apuntesdesanluis.com\/index.php\/wp-json\/wp\/v2\/posts\/6082\/revisions\/6084"}],"wp:featuredmedia":[{"embeddable":true,"href":"https:\/\/apuntesdesanluis.com\/index.php\/wp-json\/wp\/v2\/media\/6083"}],"wp:attachment":[{"href":"https:\/\/apuntesdesanluis.com\/index.php\/wp-json\/wp\/v2\/media?parent=6082"}],"wp:term":[{"taxonomy":"category","embeddable":true,"href":"https:\/\/apuntesdesanluis.com\/index.php\/wp-json\/wp\/v2\/categories?post=6082"},{"taxonomy":"post_tag","embeddable":true,"href":"https:\/\/apuntesdesanluis.com\/index.php\/wp-json\/wp\/v2\/tags?post=6082"}],"curies":[{"name":"wp","href":"https:\/\/api.w.org\/{rel}","templated":true}]}}