{"id":6088,"date":"2023-10-31T18:25:40","date_gmt":"2023-10-31T21:25:40","guid":{"rendered":"https:\/\/apuntesdesanluis.com\/?p=6088"},"modified":"2023-10-31T18:56:35","modified_gmt":"2023-10-31T21:56:35","slug":"emotivo-acto-de-juramento-del-rector-marcelo-sosa-y-el-vicerrector-santiago-farenga","status":"publish","type":"post","link":"https:\/\/apuntesdesanluis.com\/index.php\/2023\/10\/31\/emotivo-acto-de-juramento-del-rector-marcelo-sosa-y-el-vicerrector-santiago-farenga\/","title":{"rendered":"EMOTIVO ACTO DE JURAMENTO DEL RECTOR MARCELO SOSA Y EL VICERRECTOR SANTIAGO FARENGA"},"content":{"rendered":"<h3>El Teatro Municipal de la Casa de la Cultura mostr\u00f3 un lleno total, con la presencia de autoridades nacionales, provinciales y municipales, representantes de instituciones y miembros de la comunidad universitaria, que acompa\u00f1aron a al <strong>Dr. Marcelo Sosa<\/strong> y al <strong>Lic. Santiago Farenga<\/strong> como la nueva conducci\u00f3n que regir\u00e1 los destinos de la universidad hasta 2027.<\/h3>\n<h3>Este martes minutos despu\u00e9s de las 19:00 h comenz\u00f3 la ceremonia, enmarcada en el cuadrag\u00e9simo aniversario de la recuperaci\u00f3n de la democracia, ocasi\u00f3n en la que se present\u00f3 un video alusivo elaborado por el \u00e1rea de Comunicaci\u00f3n.<\/h3>\n<p><img fetchpriority=\"high\" decoding=\"async\" class=\"wp-image-6090 aligncenter\" src=\"https:\/\/apuntesdesanluis.com\/wp-content\/uploads\/2023\/10\/autoridades-300x176.png\" alt=\"\" width=\"711\" height=\"417\" srcset=\"https:\/\/apuntesdesanluis.com\/wp-content\/uploads\/2023\/10\/autoridades-300x176.png 300w, https:\/\/apuntesdesanluis.com\/wp-content\/uploads\/2023\/10\/autoridades.png 591w\" sizes=\"(max-width: 711px) 100vw, 711px\" \/><\/p>\n<h3>Se destac\u00f3 la presencia del Secretario General de FATUN, Dr. Walter Merkis; del titular de la FEDUN, Lic. Daniel Ricci, las agrupaciones estudiantiles y los gremios de base SITUNVIMe, ADOI y SINDUNPSL. Banderas, pancartas, una batucada y c\u00e1nticos de estudiantes y nodocentes, marcaron un tono festivo al acto de asunci\u00f3n, al que asistieron gran cantidad de familiares y amigos de los funcionarios que asum\u00edan en esta nueva etapa de la UNViMe.<\/h3>\n<h3>Tras el recordatorio del aniversario democr\u00e1tico, el Dr. Sosa fue invitado al escenario para recibir la donaci\u00f3n de dos Banderas de Ceremonias, por parte de la ministra de Educaci\u00f3n de la provincia, Mar\u00eda Eugenia Cantaloube, quien adem\u00e1s ley\u00f3 una conceptuosa nota de felicitaci\u00f3n del gobernador Alberto Rodr\u00edguez Sa\u00e1.<\/h3>\n<h3>El <strong>Dr. Alberto Taquini<\/strong>, miembro de la Academia Nacional de Educaci\u00f3n, fue el encargado de tomar juramento al Rector Marcelo Sosa, quien se comprometi\u00f3 \u201cpor Dios, la Patria y los Santos Evangelios\u201d.<\/h3>\n<p><img decoding=\"async\" class=\"wp-image-6091 aligncenter\" src=\"https:\/\/apuntesdesanluis.com\/wp-content\/uploads\/2023\/10\/juramento-1-300x163.png\" alt=\"\" width=\"716\" height=\"389\" srcset=\"https:\/\/apuntesdesanluis.com\/wp-content\/uploads\/2023\/10\/juramento-1-300x163.png 300w, https:\/\/apuntesdesanluis.com\/wp-content\/uploads\/2023\/10\/juramento-1-768x417.png 768w, https:\/\/apuntesdesanluis.com\/wp-content\/uploads\/2023\/10\/juramento-1.png 842w\" sizes=\"(max-width: 716px) 100vw, 716px\" \/><\/p>\n<h3>En la oportunidad fueron invitados a subir al escenario como testigos del magno acontecimiento, representantes de los claustros alumnos, docentes, nodocentes y graduados.<\/h3>\n<h3>Posteriormente el Rector tom\u00f3 juramento de pr\u00e1ctica al <strong>Vicerrector Santiago Farenga<\/strong>. Seguidamente integrantes de la Junta Electoral entregaron diplomas a los funcionarios que fueron consagrados en sus cargos en las elecciones democr\u00e1ticas realizadas el 16 de agosto pasado.<\/h3>\n<p><img decoding=\"async\" class=\"wp-image-6093 aligncenter\" src=\"https:\/\/apuntesdesanluis.com\/wp-content\/uploads\/2023\/10\/sosa-publico-300x193.png\" alt=\"\" width=\"712\" height=\"458\" srcset=\"https:\/\/apuntesdesanluis.com\/wp-content\/uploads\/2023\/10\/sosa-publico-300x193.png 300w, https:\/\/apuntesdesanluis.com\/wp-content\/uploads\/2023\/10\/sosa-publico.png 589w\" sizes=\"(max-width: 712px) 100vw, 712px\" \/><\/p>\n<h3>Luego el Rector tom\u00f3 juramento a los Directores de los Departamentos de Ciencias Aplicadas, Marcelo N\u00fa\u00f1ez, y Ciencias B\u00e1sicas, Elvira Quiroga.<\/h3>\n<h3>Seguidamente a los nuevos Directores de las Escuelas de Gesti\u00f3n de Empresas y Econom\u00eda, Diego P\u00e1jaro, y de Ingenier\u00eda y Ciencias Ambientales, Alejandro Rosa.<\/h3>\n<h3>Por encontrarse en curso una apelaci\u00f3n judicial, se pospuso la asunci\u00f3n de los directores de las Escuelas de Ciencias de la Salud y de Ciencias Sociales y Educaci\u00f3n.<\/h3>\n<h3>Concluidos los juramentos, el flamante rector pronunci\u00f3 un emotivo discurso, en el que desgran\u00f3 su pensamiento en torno de lo que es la educaci\u00f3n p\u00fablica y la tarea de ense\u00f1ar, reiter\u00f3 que su principal objetivo es trabajar para asegurar la permanencia y egreso de los estudiantes y anunci\u00f3 diferentes compromisos y planes para el futuro, el principal de los cuales es la construcci\u00f3n de las aulas propias en el Campus. (Ver discurso en nota aparte).<\/h3>\n<p><img loading=\"lazy\" decoding=\"async\" class=\"wp-image-6094 aligncenter\" src=\"https:\/\/apuntesdesanluis.com\/wp-content\/uploads\/2023\/10\/sosa-estudiantes-300x187.png\" alt=\"\" width=\"714\" height=\"445\" srcset=\"https:\/\/apuntesdesanluis.com\/wp-content\/uploads\/2023\/10\/sosa-estudiantes-300x187.png 300w, https:\/\/apuntesdesanluis.com\/wp-content\/uploads\/2023\/10\/sosa-estudiantes.png 592w\" sizes=\"(max-width: 714px) 100vw, 714px\" \/><\/p>\n<h3><strong>AUTORIDADES PRESENTES<\/strong><\/h3>\n<h3>Entre las principales autoridades pol\u00edticas se destacaron el intendente de Villa Mercedes Maximiliano Frontera, el senador nacional Adolfo Rodr\u00edguez Sa\u00e1, la senadora nacional Eugenia Catalfamo, la presidenta provisional del Senado Mar\u00eda Ang\u00e9lica Torrontegui, la presidenta de la C\u00e1mara de Diputados Silvia Sosa Araujo; el intendente de Justo Daract Alfredo Dom\u00ednguez, de La Punta Mart\u00edn Olivero, el vice gobernador electo Ricardo Endeiza, senadores y diputados provinciales; los senadores nacionales electos Bartolo Abdala e Ivana Arrascaeta; ministra de Educaci\u00f3n Eugenia Cantaloube y de Salud de la provincia, Cristian Ni\u00f1o; ex intendentes Eduardo Mones Ruiz y Mario Ra\u00fal Merlo; Vice intendenta electa Silvina Galetto, concejales y funcionarios de diferentes dependencias.<\/h3>\n<h3>Del \u00e1mbito acad\u00e9mico, la presencia del Director General del CIN, Ctdor. Pablo Pagola; el Rector y Vicerrector de la UNSL, V\u00edctor Mori\u00f1igo y H\u00e9ctor Flores; La Rectora y Vicerrectora de la Universidad Nacional de Los Comechingones, Agustina Rodr\u00edguez Sa\u00e1 y Mariela Celeste Gabriel; Rector de la UPrO, Joaqu\u00edn Surroca; Vicerrectora de la Universidad Nacional de San Juan, Anal\u00eda Ponce; Vicerrectora de la Universidad Cat\u00f3lica de Cuyo sede San Luis, Melina Maluf Martinez; Rector de la Universidad Nacional de Villa Mar\u00eda, Luis Negretti.<\/h3>\n<h3>Tambi\u00e9n se destac\u00f3 la presencia del Dr. Alberto Taquini, autor del Plan de Creaci\u00f3n de Nuevas Universidades (Plan Taquini, 1968) y del Plan de Creaci\u00f3n de Colegios Universitarios (1989), actual miembro de la Academia Nacional de Ciencias, quien le tom\u00f3 juramento al rector Marcelo Sosa.<\/h3>\n<h3>Integrantes de la Fundaci\u00f3n de la Universidad Nacional de Villa Mercedes (FUNViMe) y de la Comisi\u00f3n Puesta en Marcha de la Universidad Nacional de Villa Mercedes.<\/h3>\n<p>&nbsp;<\/p>\n<h3><a href=\"https:\/\/www.unvime.edu.ar\/?p=45309\"><span style=\"color: #3366ff;\"><strong>DISCURSO COMPLETO DEL RECTOR MARCELO SOSA<\/strong><\/span><\/a><\/h3>\n<p>&nbsp;<\/p>\n<p><iframe title=\"Acto Asunci\u00f3n de Autoridades 2023 - 2027\" width=\"640\" height=\"360\" src=\"https:\/\/www.youtube.com\/embed\/bnGxTkJGRjQ?start=12&#038;feature=oembed\" frameborder=\"0\" allow=\"accelerometer; autoplay; clipboard-write; encrypted-media; gyroscope; picture-in-picture; web-share\" referrerpolicy=\"strict-origin-when-cross-origin\" allowfullscreen><\/iframe><\/p>\n","protected":false},"excerpt":{"rendered":"<p>El Teatro Municipal de la Casa de la Cultura mostr\u00f3 un lleno total, con la&#8230;<\/p>\n","protected":false},"author":1,"featured_media":6092,"comment_status":"closed","ping_status":"closed","sticky":false,"template":"","format":"standard","meta":{"footnotes":""},"categories":[6],"tags":[],"class_list":["post-6088","post","type-post","status-publish","format-standard","has-post-thumbnail","hentry","category-ciudad-provincia"],"yoast_head":"<!-- This site is optimized with the Yoast SEO plugin v26.1.1 - https:\/\/yoast.com\/wordpress\/plugins\/seo\/ -->\n<title>EMOTIVO ACTO DE JURAMENTO DEL RECTOR MARCELO SOSA Y EL VICERRECTOR SANTIAGO FARENGA - Apuntes de San Luis<\/title>\n<meta name=\"robots\" content=\"index, follow, max-snippet:-1, max-image-preview:large, max-video-preview:-1\" \/>\n<link rel=\"canonical\" href=\"https:\/\/apuntesdesanluis.com\/index.php\/2023\/10\/31\/emotivo-acto-de-juramento-del-rector-marcelo-sosa-y-el-vicerrector-santiago-farenga\/\" \/>\n<meta property=\"og:locale\" content=\"es_ES\" \/>\n<meta property=\"og:type\" content=\"article\" \/>\n<meta property=\"og:title\" content=\"EMOTIVO ACTO DE JURAMENTO DEL RECTOR MARCELO SOSA Y EL VICERRECTOR SANTIAGO FARENGA - Apuntes de San Luis\" \/>\n<meta property=\"og:description\" content=\"El Teatro Municipal de la Casa de la Cultura mostr\u00f3 un lleno total, con la...\" \/>\n<meta property=\"og:url\" content=\"https:\/\/apuntesdesanluis.com\/index.php\/2023\/10\/31\/emotivo-acto-de-juramento-del-rector-marcelo-sosa-y-el-vicerrector-santiago-farenga\/\" \/>\n<meta property=\"og:site_name\" content=\"Apuntes de San Luis\" \/>\n<meta property=\"article:published_time\" content=\"2023-10-31T21:25:40+00:00\" \/>\n<meta property=\"article:modified_time\" content=\"2023-10-31T21:56:35+00:00\" \/>\n<meta property=\"og:image\" content=\"https:\/\/apuntesdesanluis.com\/wp-content\/uploads\/2023\/10\/sosa-farenga.png\" \/>\n\t<meta property=\"og:image:width\" content=\"549\" \/>\n\t<meta property=\"og:image:height\" content=\"369\" \/>\n\t<meta property=\"og:image:type\" content=\"image\/png\" \/>\n<meta name=\"author\" content=\"apuntesdesanluis.com\" \/>\n<meta name=\"twitter:card\" content=\"summary_large_image\" \/>\n<meta name=\"twitter:label1\" content=\"Escrito por\" \/>\n\t<meta name=\"twitter:data1\" content=\"apuntesdesanluis.com\" \/>\n\t<meta name=\"twitter:label2\" content=\"Tiempo de lectura\" \/>\n\t<meta name=\"twitter:data2\" content=\"5 minutos\" \/>\n<script type=\"application\/ld+json\" class=\"yoast-schema-graph\">{\"@context\":\"https:\/\/schema.org\",\"@graph\":[{\"@type\":\"Article\",\"@id\":\"https:\/\/apuntesdesanluis.com\/index.php\/2023\/10\/31\/emotivo-acto-de-juramento-del-rector-marcelo-sosa-y-el-vicerrector-santiago-farenga\/#article\",\"isPartOf\":{\"@id\":\"https:\/\/apuntesdesanluis.com\/index.php\/2023\/10\/31\/emotivo-acto-de-juramento-del-rector-marcelo-sosa-y-el-vicerrector-santiago-farenga\/\"},\"author\":{\"name\":\"apuntesdesanluis.com\",\"@id\":\"https:\/\/apuntesdesanluis.com\/#\/schema\/person\/b55151d52296fcce64d1a72538a70b90\"},\"headline\":\"EMOTIVO ACTO DE JURAMENTO DEL RECTOR MARCELO SOSA Y EL VICERRECTOR SANTIAGO FARENGA\",\"datePublished\":\"2023-10-31T21:25:40+00:00\",\"dateModified\":\"2023-10-31T21:56:35+00:00\",\"mainEntityOfPage\":{\"@id\":\"https:\/\/apuntesdesanluis.com\/index.php\/2023\/10\/31\/emotivo-acto-de-juramento-del-rector-marcelo-sosa-y-el-vicerrector-santiago-farenga\/\"},\"wordCount\":795,\"publisher\":{\"@id\":\"https:\/\/apuntesdesanluis.com\/#\/schema\/person\/b55151d52296fcce64d1a72538a70b90\"},\"image\":{\"@id\":\"https:\/\/apuntesdesanluis.com\/index.php\/2023\/10\/31\/emotivo-acto-de-juramento-del-rector-marcelo-sosa-y-el-vicerrector-santiago-farenga\/#primaryimage\"},\"thumbnailUrl\":\"https:\/\/apuntesdesanluis.com\/wp-content\/uploads\/2023\/10\/sosa-farenga.png\",\"articleSection\":[\"Ciudad\/Provincia\"],\"inLanguage\":\"es-AR\"},{\"@type\":\"WebPage\",\"@id\":\"https:\/\/apuntesdesanluis.com\/index.php\/2023\/10\/31\/emotivo-acto-de-juramento-del-rector-marcelo-sosa-y-el-vicerrector-santiago-farenga\/\",\"url\":\"https:\/\/apuntesdesanluis.com\/index.php\/2023\/10\/31\/emotivo-acto-de-juramento-del-rector-marcelo-sosa-y-el-vicerrector-santiago-farenga\/\",\"name\":\"EMOTIVO ACTO DE JURAMENTO DEL RECTOR MARCELO SOSA Y EL VICERRECTOR SANTIAGO FARENGA - Apuntes de San Luis\",\"isPartOf\":{\"@id\":\"https:\/\/apuntesdesanluis.com\/#website\"},\"primaryImageOfPage\":{\"@id\":\"https:\/\/apuntesdesanluis.com\/index.php\/2023\/10\/31\/emotivo-acto-de-juramento-del-rector-marcelo-sosa-y-el-vicerrector-santiago-farenga\/#primaryimage\"},\"image\":{\"@id\":\"https:\/\/apuntesdesanluis.com\/index.php\/2023\/10\/31\/emotivo-acto-de-juramento-del-rector-marcelo-sosa-y-el-vicerrector-santiago-farenga\/#primaryimage\"},\"thumbnailUrl\":\"https:\/\/apuntesdesanluis.com\/wp-content\/uploads\/2023\/10\/sosa-farenga.png\",\"datePublished\":\"2023-10-31T21:25:40+00:00\",\"dateModified\":\"2023-10-31T21:56:35+00:00\",\"breadcrumb\":{\"@id\":\"https:\/\/apuntesdesanluis.com\/index.php\/2023\/10\/31\/emotivo-acto-de-juramento-del-rector-marcelo-sosa-y-el-vicerrector-santiago-farenga\/#breadcrumb\"},\"inLanguage\":\"es-AR\",\"potentialAction\":[{\"@type\":\"ReadAction\",\"target\":[\"https:\/\/apuntesdesanluis.com\/index.php\/2023\/10\/31\/emotivo-acto-de-juramento-del-rector-marcelo-sosa-y-el-vicerrector-santiago-farenga\/\"]}]},{\"@type\":\"ImageObject\",\"inLanguage\":\"es-AR\",\"@id\":\"https:\/\/apuntesdesanluis.com\/index.php\/2023\/10\/31\/emotivo-acto-de-juramento-del-rector-marcelo-sosa-y-el-vicerrector-santiago-farenga\/#primaryimage\",\"url\":\"https:\/\/apuntesdesanluis.com\/wp-content\/uploads\/2023\/10\/sosa-farenga.png\",\"contentUrl\":\"https:\/\/apuntesdesanluis.com\/wp-content\/uploads\/2023\/10\/sosa-farenga.png\",\"width\":549,\"height\":369},{\"@type\":\"BreadcrumbList\",\"@id\":\"https:\/\/apuntesdesanluis.com\/index.php\/2023\/10\/31\/emotivo-acto-de-juramento-del-rector-marcelo-sosa-y-el-vicerrector-santiago-farenga\/#breadcrumb\",\"itemListElement\":[{\"@type\":\"ListItem\",\"position\":1,\"name\":\"Inicio\",\"item\":\"https:\/\/apuntesdesanluis.com\/\"},{\"@type\":\"ListItem\",\"position\":2,\"name\":\"EMOTIVO ACTO DE JURAMENTO DEL RECTOR MARCELO SOSA Y EL VICERRECTOR SANTIAGO FARENGA\"}]},{\"@type\":\"WebSite\",\"@id\":\"https:\/\/apuntesdesanluis.com\/#website\",\"url\":\"https:\/\/apuntesdesanluis.com\/\",\"name\":\"Apuntes de San Luis\",\"description\":\"\",\"publisher\":{\"@id\":\"https:\/\/apuntesdesanluis.com\/#\/schema\/person\/b55151d52296fcce64d1a72538a70b90\"},\"potentialAction\":[{\"@type\":\"SearchAction\",\"target\":{\"@type\":\"EntryPoint\",\"urlTemplate\":\"https:\/\/apuntesdesanluis.com\/?s={search_term_string}\"},\"query-input\":{\"@type\":\"PropertyValueSpecification\",\"valueRequired\":true,\"valueName\":\"search_term_string\"}}],\"inLanguage\":\"es-AR\"},{\"@type\":[\"Person\",\"Organization\"],\"@id\":\"https:\/\/apuntesdesanluis.com\/#\/schema\/person\/b55151d52296fcce64d1a72538a70b90\",\"name\":\"apuntesdesanluis.com\",\"image\":{\"@type\":\"ImageObject\",\"inLanguage\":\"es-AR\",\"@id\":\"https:\/\/apuntesdesanluis.com\/#\/schema\/person\/image\/\",\"url\":\"https:\/\/apuntesdesanluis.com\/wp-content\/uploads\/2023\/07\/cropped-apuntesdesanluis.png\",\"contentUrl\":\"https:\/\/apuntesdesanluis.com\/wp-content\/uploads\/2023\/07\/cropped-apuntesdesanluis.png\",\"width\":450,\"height\":112,\"caption\":\"apuntesdesanluis.com\"},\"logo\":{\"@id\":\"https:\/\/apuntesdesanluis.com\/#\/schema\/person\/image\/\"},\"sameAs\":[\"https:\/\/apuntesdesanluis.com\"],\"url\":\"https:\/\/apuntesdesanluis.com\/index.php\/author\/apuntesdesanluis-com\/\"}]}<\/script>\n<!-- \/ Yoast SEO plugin. -->","yoast_head_json":{"title":"EMOTIVO ACTO DE JURAMENTO DEL RECTOR MARCELO SOSA Y EL VICERRECTOR SANTIAGO FARENGA - Apuntes de San Luis","robots":{"index":"index","follow":"follow","max-snippet":"max-snippet:-1","max-image-preview":"max-image-preview:large","max-video-preview":"max-video-preview:-1"},"canonical":"https:\/\/apuntesdesanluis.com\/index.php\/2023\/10\/31\/emotivo-acto-de-juramento-del-rector-marcelo-sosa-y-el-vicerrector-santiago-farenga\/","og_locale":"es_ES","og_type":"article","og_title":"EMOTIVO ACTO DE JURAMENTO DEL RECTOR MARCELO SOSA Y EL VICERRECTOR SANTIAGO FARENGA - Apuntes de San Luis","og_description":"El Teatro Municipal de la Casa de la Cultura mostr\u00f3 un lleno total, con la...","og_url":"https:\/\/apuntesdesanluis.com\/index.php\/2023\/10\/31\/emotivo-acto-de-juramento-del-rector-marcelo-sosa-y-el-vicerrector-santiago-farenga\/","og_site_name":"Apuntes de San Luis","article_published_time":"2023-10-31T21:25:40+00:00","article_modified_time":"2023-10-31T21:56:35+00:00","og_image":[{"width":549,"height":369,"url":"https:\/\/apuntesdesanluis.com\/wp-content\/uploads\/2023\/10\/sosa-farenga.png","type":"image\/png"}],"author":"apuntesdesanluis.com","twitter_card":"summary_large_image","twitter_misc":{"Escrito por":"apuntesdesanluis.com","Tiempo de lectura":"5 minutos"},"schema":{"@context":"https:\/\/schema.org","@graph":[{"@type":"Article","@id":"https:\/\/apuntesdesanluis.com\/index.php\/2023\/10\/31\/emotivo-acto-de-juramento-del-rector-marcelo-sosa-y-el-vicerrector-santiago-farenga\/#article","isPartOf":{"@id":"https:\/\/apuntesdesanluis.com\/index.php\/2023\/10\/31\/emotivo-acto-de-juramento-del-rector-marcelo-sosa-y-el-vicerrector-santiago-farenga\/"},"author":{"name":"apuntesdesanluis.com","@id":"https:\/\/apuntesdesanluis.com\/#\/schema\/person\/b55151d52296fcce64d1a72538a70b90"},"headline":"EMOTIVO ACTO DE JURAMENTO DEL RECTOR MARCELO SOSA Y EL VICERRECTOR SANTIAGO FARENGA","datePublished":"2023-10-31T21:25:40+00:00","dateModified":"2023-10-31T21:56:35+00:00","mainEntityOfPage":{"@id":"https:\/\/apuntesdesanluis.com\/index.php\/2023\/10\/31\/emotivo-acto-de-juramento-del-rector-marcelo-sosa-y-el-vicerrector-santiago-farenga\/"},"wordCount":795,"publisher":{"@id":"https:\/\/apuntesdesanluis.com\/#\/schema\/person\/b55151d52296fcce64d1a72538a70b90"},"image":{"@id":"https:\/\/apuntesdesanluis.com\/index.php\/2023\/10\/31\/emotivo-acto-de-juramento-del-rector-marcelo-sosa-y-el-vicerrector-santiago-farenga\/#primaryimage"},"thumbnailUrl":"https:\/\/apuntesdesanluis.com\/wp-content\/uploads\/2023\/10\/sosa-farenga.png","articleSection":["Ciudad\/Provincia"],"inLanguage":"es-AR"},{"@type":"WebPage","@id":"https:\/\/apuntesdesanluis.com\/index.php\/2023\/10\/31\/emotivo-acto-de-juramento-del-rector-marcelo-sosa-y-el-vicerrector-santiago-farenga\/","url":"https:\/\/apuntesdesanluis.com\/index.php\/2023\/10\/31\/emotivo-acto-de-juramento-del-rector-marcelo-sosa-y-el-vicerrector-santiago-farenga\/","name":"EMOTIVO ACTO DE JURAMENTO DEL RECTOR MARCELO SOSA Y EL VICERRECTOR SANTIAGO FARENGA - Apuntes de San Luis","isPartOf":{"@id":"https:\/\/apuntesdesanluis.com\/#website"},"primaryImageOfPage":{"@id":"https:\/\/apuntesdesanluis.com\/index.php\/2023\/10\/31\/emotivo-acto-de-juramento-del-rector-marcelo-sosa-y-el-vicerrector-santiago-farenga\/#primaryimage"},"image":{"@id":"https:\/\/apuntesdesanluis.com\/index.php\/2023\/10\/31\/emotivo-acto-de-juramento-del-rector-marcelo-sosa-y-el-vicerrector-santiago-farenga\/#primaryimage"},"thumbnailUrl":"https:\/\/apuntesdesanluis.com\/wp-content\/uploads\/2023\/10\/sosa-farenga.png","datePublished":"2023-10-31T21:25:40+00:00","dateModified":"2023-10-31T21:56:35+00:00","breadcrumb":{"@id":"https:\/\/apuntesdesanluis.com\/index.php\/2023\/10\/31\/emotivo-acto-de-juramento-del-rector-marcelo-sosa-y-el-vicerrector-santiago-farenga\/#breadcrumb"},"inLanguage":"es-AR","potentialAction":[{"@type":"ReadAction","target":["https:\/\/apuntesdesanluis.com\/index.php\/2023\/10\/31\/emotivo-acto-de-juramento-del-rector-marcelo-sosa-y-el-vicerrector-santiago-farenga\/"]}]},{"@type":"ImageObject","inLanguage":"es-AR","@id":"https:\/\/apuntesdesanluis.com\/index.php\/2023\/10\/31\/emotivo-acto-de-juramento-del-rector-marcelo-sosa-y-el-vicerrector-santiago-farenga\/#primaryimage","url":"https:\/\/apuntesdesanluis.com\/wp-content\/uploads\/2023\/10\/sosa-farenga.png","contentUrl":"https:\/\/apuntesdesanluis.com\/wp-content\/uploads\/2023\/10\/sosa-farenga.png","width":549,"height":369},{"@type":"BreadcrumbList","@id":"https:\/\/apuntesdesanluis.com\/index.php\/2023\/10\/31\/emotivo-acto-de-juramento-del-rector-marcelo-sosa-y-el-vicerrector-santiago-farenga\/#breadcrumb","itemListElement":[{"@type":"ListItem","position":1,"name":"Inicio","item":"https:\/\/apuntesdesanluis.com\/"},{"@type":"ListItem","position":2,"name":"EMOTIVO ACTO DE JURAMENTO DEL RECTOR MARCELO SOSA Y EL VICERRECTOR SANTIAGO FARENGA"}]},{"@type":"WebSite","@id":"https:\/\/apuntesdesanluis.com\/#website","url":"https:\/\/apuntesdesanluis.com\/","name":"Apuntes de San Luis","description":"","publisher":{"@id":"https:\/\/apuntesdesanluis.com\/#\/schema\/person\/b55151d52296fcce64d1a72538a70b90"},"potentialAction":[{"@type":"SearchAction","target":{"@type":"EntryPoint","urlTemplate":"https:\/\/apuntesdesanluis.com\/?s={search_term_string}"},"query-input":{"@type":"PropertyValueSpecification","valueRequired":true,"valueName":"search_term_string"}}],"inLanguage":"es-AR"},{"@type":["Person","Organization"],"@id":"https:\/\/apuntesdesanluis.com\/#\/schema\/person\/b55151d52296fcce64d1a72538a70b90","name":"apuntesdesanluis.com","image":{"@type":"ImageObject","inLanguage":"es-AR","@id":"https:\/\/apuntesdesanluis.com\/#\/schema\/person\/image\/","url":"https:\/\/apuntesdesanluis.com\/wp-content\/uploads\/2023\/07\/cropped-apuntesdesanluis.png","contentUrl":"https:\/\/apuntesdesanluis.com\/wp-content\/uploads\/2023\/07\/cropped-apuntesdesanluis.png","width":450,"height":112,"caption":"apuntesdesanluis.com"},"logo":{"@id":"https:\/\/apuntesdesanluis.com\/#\/schema\/person\/image\/"},"sameAs":["https:\/\/apuntesdesanluis.com"],"url":"https:\/\/apuntesdesanluis.com\/index.php\/author\/apuntesdesanluis-com\/"}]}},"featured_image_urls":{"full":["https:\/\/apuntesdesanluis.com\/wp-content\/uploads\/2023\/10\/sosa-farenga.png",549,369,false],"thumbnail":["https:\/\/apuntesdesanluis.com\/wp-content\/uploads\/2023\/10\/sosa-farenga-150x150.png",150,150,true],"medium":["https:\/\/apuntesdesanluis.com\/wp-content\/uploads\/2023\/10\/sosa-farenga-300x202.png",300,202,true],"medium_large":["https:\/\/apuntesdesanluis.com\/wp-content\/uploads\/2023\/10\/sosa-farenga.png",549,369,false],"large":["https:\/\/apuntesdesanluis.com\/wp-content\/uploads\/2023\/10\/sosa-farenga.png",549,369,false],"1536x1536":["https:\/\/apuntesdesanluis.com\/wp-content\/uploads\/2023\/10\/sosa-farenga.png",549,369,false],"2048x2048":["https:\/\/apuntesdesanluis.com\/wp-content\/uploads\/2023\/10\/sosa-farenga.png",549,369,false],"newsever-slider-full":["https:\/\/apuntesdesanluis.com\/wp-content\/uploads\/2023\/10\/sosa-farenga.png",549,369,false],"newsever-featured":["https:\/\/apuntesdesanluis.com\/wp-content\/uploads\/2023\/10\/sosa-farenga.png",549,369,false],"newsever-medium":["https:\/\/apuntesdesanluis.com\/wp-content\/uploads\/2023\/10\/sosa-farenga.png",549,369,false]},"author_info":{"display_name":"apuntesdesanluis.com","author_link":"https:\/\/apuntesdesanluis.com\/index.php\/author\/apuntesdesanluis-com\/"},"category_info":"<a href=\"https:\/\/apuntesdesanluis.com\/index.php\/category\/ciudad-provincia\/\" rel=\"category tag\">Ciudad\/Provincia<\/a>","tag_info":"Ciudad\/Provincia","comment_count":"0","_links":{"self":[{"href":"https:\/\/apuntesdesanluis.com\/index.php\/wp-json\/wp\/v2\/posts\/6088","targetHints":{"allow":["GET"]}}],"collection":[{"href":"https:\/\/apuntesdesanluis.com\/index.php\/wp-json\/wp\/v2\/posts"}],"about":[{"href":"https:\/\/apuntesdesanluis.com\/index.php\/wp-json\/wp\/v2\/types\/post"}],"author":[{"embeddable":true,"href":"https:\/\/apuntesdesanluis.com\/index.php\/wp-json\/wp\/v2\/users\/1"}],"replies":[{"embeddable":true,"href":"https:\/\/apuntesdesanluis.com\/index.php\/wp-json\/wp\/v2\/comments?post=6088"}],"version-history":[{"count":5,"href":"https:\/\/apuntesdesanluis.com\/index.php\/wp-json\/wp\/v2\/posts\/6088\/revisions"}],"predecessor-version":[{"id":6105,"href":"https:\/\/apuntesdesanluis.com\/index.php\/wp-json\/wp\/v2\/posts\/6088\/revisions\/6105"}],"wp:featuredmedia":[{"embeddable":true,"href":"https:\/\/apuntesdesanluis.com\/index.php\/wp-json\/wp\/v2\/media\/6092"}],"wp:attachment":[{"href":"https:\/\/apuntesdesanluis.com\/index.php\/wp-json\/wp\/v2\/media?parent=6088"}],"wp:term":[{"taxonomy":"category","embeddable":true,"href":"https:\/\/apuntesdesanluis.com\/index.php\/wp-json\/wp\/v2\/categories?post=6088"},{"taxonomy":"post_tag","embeddable":true,"href":"https:\/\/apuntesdesanluis.com\/index.php\/wp-json\/wp\/v2\/tags?post=6088"}],"curies":[{"name":"wp","href":"https:\/\/api.w.org\/{rel}","templated":true}]}}