{"id":609,"date":"2023-07-28T08:41:05","date_gmt":"2023-07-28T11:41:05","guid":{"rendered":"https:\/\/apuntesdesanluis.com\/?p=609"},"modified":"2023-07-28T08:41:05","modified_gmt":"2023-07-28T11:41:05","slug":"el-director-de-nasa-firmo-acuerdos-de-cooperacion-con-argentina-y-hablo-sobre-la-vida-extraterrestre","status":"publish","type":"post","link":"https:\/\/apuntesdesanluis.com\/index.php\/2023\/07\/28\/el-director-de-nasa-firmo-acuerdos-de-cooperacion-con-argentina-y-hablo-sobre-la-vida-extraterrestre\/","title":{"rendered":"EL DIRECTOR DE NASA FIRM\u00d3 ACUERDOS DE COOPERACI\u00d3N CON ARGENTINA Y HABL\u00d3 SOBRE LA VIDA EXTRATERRESTRE"},"content":{"rendered":"<h3>El director de la Administraci\u00f3n Nacional de Aeron\u00e1utica y el Espacio (NASA) de Estados Unidos, <strong>Bill Nelson<\/strong>, confirm\u00f3 que hay un comit\u00e9 de expertos que est\u00e1 elaborando un informe sobre la evidencia de restos no humanos y aclar\u00f3 que las conclusiones se conocer\u00e1n &#8220;de manera p\u00fablica el mes que viene&#8221;.<\/h3>\n<h3>&#8220;Yo decid\u00ed, como administrador de la NASA, ante todas las sospechas que hay con el tema de los extraterrestres que designar\u00eda un comit\u00e9 integrado por cient\u00edficos muy distinguidos. Ese comit\u00e9 se encuentra deliberando actualmente y va a dar a conocer su informe, de manera p\u00fablica, el mes que viene&#8221;, indic\u00f3 Nelson durante una conferencia de prensa en la Casa Rosada.<\/h3>\n<h3>Ante la consulta acerca de si preparan un informe sobre la evidencia de restos no humanos, luego de que el militar retirado David Grusch planteara que el Gobierno estadounidense est\u00e1 al tanto de vida &#8220;no humana&#8221; desde la d\u00e9cada del &#8217;30, respondi\u00f3: &#8220;Ver\u00e1n el brillo en mis ojitos&#8221;.<\/h3>\n<h3>&#8220;Hasta que tengan acceso a ese informe, les puedo decir que van a utilizar sensor y detectores nuestros equipos en el espacio para tratar de identificar precisamente estos fen\u00f3menos. As\u00ed que esperen al mes que viene y ah\u00ed va a estar la respuesta&#8221;, subray\u00f3 el ex astronauta.<\/h3>\n<h3>Nelson se expres\u00f3 as\u00ed luego de que el presidente <strong>Alberto Fern\u00e1ndez<\/strong> lo recibi\u00f3 esta tarde en el Sal\u00f3n Eva Per\u00f3n de Casa Rosada para profundizar la actividad espacial pac\u00edfica conjunta entre ambos pa\u00edses y oficializar la adhesi\u00f3n de la Argentina a los Acuerdos Artemisa.<\/h3>\n<h3>Fern\u00e1ndez estuvo acompa\u00f1ado por los ministros de Relaciones Exteriores, Comercio Internacional y Culto, Santiago Cafiero, y de Ciencia, Tecnolog\u00eda e Innovaci\u00f3n, Daniel Filmus, quien suscribi\u00f3 el acuerdo entre la NASA y la Comisi\u00f3n Nacional de Actividades Espaciales (CONAE) para la cooperaci\u00f3n en la exploraci\u00f3n civil y el uso pac\u00edfico de la Luna, Marte y otros objetos astron\u00f3micos.<\/h3>\n<h3>Durante la reuni\u00f3n, el Presidente destac\u00f3 que &#8220;es muy importante dar este paso&#8221; y consider\u00f3: &#8220;Es clave que avancemos en lo relacionado al desarrollo espacial. Estamos convencidos que debe ser pol\u00edtica de Estado&#8221;.<\/h3>\n<h3>En ese sentido, puso en valor &#8220;la ventaja superlativa de la calidad de nuestros cient\u00edficos y cient\u00edficas&#8221; y puntualiz\u00f3: &#8220;Hemos hecho mucho por retenerlos. Siempre estuvimos interesados en la ciencia y la tecnolog\u00eda, porque creemos que ese es el camino&#8221;.<\/h3>\n<h3>Por su parte, Bill Nelson agradeci\u00f3 que &#8220;Argentina haya suscrito estos acuerdos que representan un principio com\u00fan para la exploraci\u00f3n pac\u00edfica extraterrestre&#8221; y sostuvo: &#8220;Estamos por volver a la Luna despu\u00e9s de medio siglo, pero esta vez estamos yendo para aprender a vivir en un entorno hostil y luego avanzar hacia Marte con seres humanos&#8221;.<\/h3>\n<h3>&#8220;Estos acuerdos representan principios de sentido com\u00fan para la exploraci\u00f3n pac\u00edfica del espacio ultraterrestre. Incluyen temas como por ejemplo la asistencia mutua en caso de que haya alg\u00fan problema y tambi\u00e9n apuntan a que no haya interferencias rec\u00edprocas en el espacio&#8221;, se\u00f1al\u00f3 el director de la NASA.<\/h3>\n<h3>En ese marco, el ex astronauta precis\u00f3: &#8220;Cuando realizamos actividades de exploraci\u00f3n lo hacemos a nivel internacional con nuestros socios y lo hacemos de manera transparente, no de manera secreta&#8221;.<\/h3>\n<h3>&#8220;Con el Presidente hablamos extensamente de c\u00f3mo es volar por el espacio. Le cont\u00e9 lo que vi, le cont\u00e9 que hab\u00eda visto a la Argentina desde el espacio. A \u00e9l le interesaron mucho los detalles del lanzamiento y tambi\u00e9n del regreso cruzando la atm\u00f3sfera&#8221;, revel\u00f3 Nelson.<\/h3>\n<h3>Adem\u00e1s, consider\u00f3 que &#8220;la capacidad de Argentina est\u00e1 determinada por lo que quiera hacer&#8221; en materia espacial y agreg\u00f3: &#8220;Ya hemos tenido bastantes actividades y misiones. Por ejemplo, la misi\u00f3n Aquarius que se dedic\u00f3 a medir la salinidad de los oc\u00e9anos&#8221;.<\/h3>\n<h3>&#8220;Hay un gran nivel de actividad comercial que se est\u00e1 desarrollando en el espacio. Hay oportunidades ilimitadas para que Argentina y Estados Unidos trabajen como socios en el espacio&#8221;, concluy\u00f3.<\/h3>\n<h3>Los llamados Acuerdos de Artemisa (Artemis Accords) se enmarcan en el Programa Artemisa (Artemis) que llevar\u00e1 la pr\u00f3xima misi\u00f3n tripulada a la Luna y la primera a Marte.<\/h3>\n<h3>&#8220;Los convenios buscan generar un \u00e1mbito de cooperaci\u00f3n internacional en materia espacial y cuentan con la adhesi\u00f3n de 27 pa\u00edses. Con la incorporaci\u00f3n de la Argentina, en el contexto de los 200 a\u00f1os de relaciones diplom\u00e1ticas entre ambos pa\u00edses, se profundiza adem\u00e1s el trabajo conjunto en desarrollos pac\u00edficos de la industria aeroespacial&#8221;, puntualiz\u00f3 Presidencia en un comunicado.<\/h3>\n<h3>Tambi\u00e9n estuvieron presentes en la reuni\u00f3n la portavoz de la Presidencia, Gabriela Cerruti; el director ejecutivo y t\u00e9cnico CONAE, Ra\u00fal Kulichevsky, y el asesor especial del MinCyT, Guillermo Salvatierra.<\/h3>\n<h3>La comitiva estadounidense estuvo compuesta por el embajador de Estados Unidos, Marc Stanley; la asesora de la NASA, Key Bailey Hutchison; la secretaria de prensa del organismo, Jacqueline Mc Guinness, y la administradora asociada para Relaciones Internacionales e Institucionales, Karen Feldstein.<\/h3>\n","protected":false},"excerpt":{"rendered":"<p>El director de la Administraci\u00f3n Nacional de Aeron\u00e1utica y el Espacio (NASA) de Estados Unidos,&#8230;<\/p>\n","protected":false},"author":1,"featured_media":610,"comment_status":"closed","ping_status":"closed","sticky":false,"template":"","format":"standard","meta":{"footnotes":""},"categories":[5],"tags":[],"class_list":["post-609","post","type-post","status-publish","format-standard","has-post-thumbnail","hentry","category-nacionales-internacionales"],"yoast_head":"<!-- This site is optimized with the Yoast SEO plugin v26.1.1 - https:\/\/yoast.com\/wordpress\/plugins\/seo\/ -->\n<title>EL DIRECTOR DE NASA FIRM\u00d3 ACUERDOS DE COOPERACI\u00d3N CON ARGENTINA Y HABL\u00d3 SOBRE LA VIDA EXTRATERRESTRE - Apuntes de San Luis<\/title>\n<meta name=\"robots\" content=\"index, follow, max-snippet:-1, max-image-preview:large, max-video-preview:-1\" \/>\n<link rel=\"canonical\" href=\"https:\/\/apuntesdesanluis.com\/index.php\/2023\/07\/28\/el-director-de-nasa-firmo-acuerdos-de-cooperacion-con-argentina-y-hablo-sobre-la-vida-extraterrestre\/\" \/>\n<meta property=\"og:locale\" content=\"es_ES\" \/>\n<meta property=\"og:type\" content=\"article\" \/>\n<meta property=\"og:title\" content=\"EL DIRECTOR DE NASA FIRM\u00d3 ACUERDOS DE COOPERACI\u00d3N CON ARGENTINA Y HABL\u00d3 SOBRE LA VIDA EXTRATERRESTRE - Apuntes de San Luis\" \/>\n<meta property=\"og:description\" content=\"El director de la Administraci\u00f3n Nacional de Aeron\u00e1utica y el Espacio (NASA) de Estados Unidos,...\" \/>\n<meta property=\"og:url\" content=\"https:\/\/apuntesdesanluis.com\/index.php\/2023\/07\/28\/el-director-de-nasa-firmo-acuerdos-de-cooperacion-con-argentina-y-hablo-sobre-la-vida-extraterrestre\/\" \/>\n<meta property=\"og:site_name\" content=\"Apuntes de San Luis\" \/>\n<meta property=\"article:published_time\" content=\"2023-07-28T11:41:05+00:00\" \/>\n<meta property=\"og:image\" content=\"https:\/\/apuntesdesanluis.com\/wp-content\/uploads\/2023\/07\/bill.png\" \/>\n\t<meta property=\"og:image:width\" content=\"684\" \/>\n\t<meta property=\"og:image:height\" content=\"499\" \/>\n\t<meta property=\"og:image:type\" content=\"image\/png\" \/>\n<meta name=\"author\" content=\"apuntesdesanluis.com\" \/>\n<meta name=\"twitter:card\" content=\"summary_large_image\" \/>\n<meta name=\"twitter:label1\" content=\"Escrito por\" \/>\n\t<meta name=\"twitter:data1\" content=\"apuntesdesanluis.com\" \/>\n\t<meta name=\"twitter:label2\" content=\"Tiempo de lectura\" \/>\n\t<meta name=\"twitter:data2\" content=\"4 minutos\" \/>\n<script type=\"application\/ld+json\" class=\"yoast-schema-graph\">{\"@context\":\"https:\/\/schema.org\",\"@graph\":[{\"@type\":\"Article\",\"@id\":\"https:\/\/apuntesdesanluis.com\/index.php\/2023\/07\/28\/el-director-de-nasa-firmo-acuerdos-de-cooperacion-con-argentina-y-hablo-sobre-la-vida-extraterrestre\/#article\",\"isPartOf\":{\"@id\":\"https:\/\/apuntesdesanluis.com\/index.php\/2023\/07\/28\/el-director-de-nasa-firmo-acuerdos-de-cooperacion-con-argentina-y-hablo-sobre-la-vida-extraterrestre\/\"},\"author\":{\"name\":\"apuntesdesanluis.com\",\"@id\":\"https:\/\/apuntesdesanluis.com\/#\/schema\/person\/b55151d52296fcce64d1a72538a70b90\"},\"headline\":\"EL DIRECTOR DE NASA FIRM\u00d3 ACUERDOS DE COOPERACI\u00d3N CON ARGENTINA Y HABL\u00d3 SOBRE LA VIDA EXTRATERRESTRE\",\"datePublished\":\"2023-07-28T11:41:05+00:00\",\"mainEntityOfPage\":{\"@id\":\"https:\/\/apuntesdesanluis.com\/index.php\/2023\/07\/28\/el-director-de-nasa-firmo-acuerdos-de-cooperacion-con-argentina-y-hablo-sobre-la-vida-extraterrestre\/\"},\"wordCount\":862,\"publisher\":{\"@id\":\"https:\/\/apuntesdesanluis.com\/#\/schema\/person\/b55151d52296fcce64d1a72538a70b90\"},\"image\":{\"@id\":\"https:\/\/apuntesdesanluis.com\/index.php\/2023\/07\/28\/el-director-de-nasa-firmo-acuerdos-de-cooperacion-con-argentina-y-hablo-sobre-la-vida-extraterrestre\/#primaryimage\"},\"thumbnailUrl\":\"https:\/\/apuntesdesanluis.com\/wp-content\/uploads\/2023\/07\/bill.png\",\"articleSection\":[\"Nacionales\/Internacionales\"],\"inLanguage\":\"es-AR\"},{\"@type\":\"WebPage\",\"@id\":\"https:\/\/apuntesdesanluis.com\/index.php\/2023\/07\/28\/el-director-de-nasa-firmo-acuerdos-de-cooperacion-con-argentina-y-hablo-sobre-la-vida-extraterrestre\/\",\"url\":\"https:\/\/apuntesdesanluis.com\/index.php\/2023\/07\/28\/el-director-de-nasa-firmo-acuerdos-de-cooperacion-con-argentina-y-hablo-sobre-la-vida-extraterrestre\/\",\"name\":\"EL DIRECTOR DE NASA FIRM\u00d3 ACUERDOS DE COOPERACI\u00d3N CON ARGENTINA Y HABL\u00d3 SOBRE LA VIDA EXTRATERRESTRE - Apuntes de San Luis\",\"isPartOf\":{\"@id\":\"https:\/\/apuntesdesanluis.com\/#website\"},\"primaryImageOfPage\":{\"@id\":\"https:\/\/apuntesdesanluis.com\/index.php\/2023\/07\/28\/el-director-de-nasa-firmo-acuerdos-de-cooperacion-con-argentina-y-hablo-sobre-la-vida-extraterrestre\/#primaryimage\"},\"image\":{\"@id\":\"https:\/\/apuntesdesanluis.com\/index.php\/2023\/07\/28\/el-director-de-nasa-firmo-acuerdos-de-cooperacion-con-argentina-y-hablo-sobre-la-vida-extraterrestre\/#primaryimage\"},\"thumbnailUrl\":\"https:\/\/apuntesdesanluis.com\/wp-content\/uploads\/2023\/07\/bill.png\",\"datePublished\":\"2023-07-28T11:41:05+00:00\",\"breadcrumb\":{\"@id\":\"https:\/\/apuntesdesanluis.com\/index.php\/2023\/07\/28\/el-director-de-nasa-firmo-acuerdos-de-cooperacion-con-argentina-y-hablo-sobre-la-vida-extraterrestre\/#breadcrumb\"},\"inLanguage\":\"es-AR\",\"potentialAction\":[{\"@type\":\"ReadAction\",\"target\":[\"https:\/\/apuntesdesanluis.com\/index.php\/2023\/07\/28\/el-director-de-nasa-firmo-acuerdos-de-cooperacion-con-argentina-y-hablo-sobre-la-vida-extraterrestre\/\"]}]},{\"@type\":\"ImageObject\",\"inLanguage\":\"es-AR\",\"@id\":\"https:\/\/apuntesdesanluis.com\/index.php\/2023\/07\/28\/el-director-de-nasa-firmo-acuerdos-de-cooperacion-con-argentina-y-hablo-sobre-la-vida-extraterrestre\/#primaryimage\",\"url\":\"https:\/\/apuntesdesanluis.com\/wp-content\/uploads\/2023\/07\/bill.png\",\"contentUrl\":\"https:\/\/apuntesdesanluis.com\/wp-content\/uploads\/2023\/07\/bill.png\",\"width\":684,\"height\":499},{\"@type\":\"BreadcrumbList\",\"@id\":\"https:\/\/apuntesdesanluis.com\/index.php\/2023\/07\/28\/el-director-de-nasa-firmo-acuerdos-de-cooperacion-con-argentina-y-hablo-sobre-la-vida-extraterrestre\/#breadcrumb\",\"itemListElement\":[{\"@type\":\"ListItem\",\"position\":1,\"name\":\"Inicio\",\"item\":\"https:\/\/apuntesdesanluis.com\/\"},{\"@type\":\"ListItem\",\"position\":2,\"name\":\"EL DIRECTOR DE NASA FIRM\u00d3 ACUERDOS DE COOPERACI\u00d3N CON ARGENTINA Y HABL\u00d3 SOBRE LA VIDA EXTRATERRESTRE\"}]},{\"@type\":\"WebSite\",\"@id\":\"https:\/\/apuntesdesanluis.com\/#website\",\"url\":\"https:\/\/apuntesdesanluis.com\/\",\"name\":\"Apuntes de San Luis\",\"description\":\"\",\"publisher\":{\"@id\":\"https:\/\/apuntesdesanluis.com\/#\/schema\/person\/b55151d52296fcce64d1a72538a70b90\"},\"potentialAction\":[{\"@type\":\"SearchAction\",\"target\":{\"@type\":\"EntryPoint\",\"urlTemplate\":\"https:\/\/apuntesdesanluis.com\/?s={search_term_string}\"},\"query-input\":{\"@type\":\"PropertyValueSpecification\",\"valueRequired\":true,\"valueName\":\"search_term_string\"}}],\"inLanguage\":\"es-AR\"},{\"@type\":[\"Person\",\"Organization\"],\"@id\":\"https:\/\/apuntesdesanluis.com\/#\/schema\/person\/b55151d52296fcce64d1a72538a70b90\",\"name\":\"apuntesdesanluis.com\",\"image\":{\"@type\":\"ImageObject\",\"inLanguage\":\"es-AR\",\"@id\":\"https:\/\/apuntesdesanluis.com\/#\/schema\/person\/image\/\",\"url\":\"https:\/\/apuntesdesanluis.com\/wp-content\/uploads\/2023\/07\/cropped-apuntesdesanluis.png\",\"contentUrl\":\"https:\/\/apuntesdesanluis.com\/wp-content\/uploads\/2023\/07\/cropped-apuntesdesanluis.png\",\"width\":450,\"height\":112,\"caption\":\"apuntesdesanluis.com\"},\"logo\":{\"@id\":\"https:\/\/apuntesdesanluis.com\/#\/schema\/person\/image\/\"},\"sameAs\":[\"https:\/\/apuntesdesanluis.com\"],\"url\":\"https:\/\/apuntesdesanluis.com\/index.php\/author\/apuntesdesanluis-com\/\"}]}<\/script>\n<!-- \/ Yoast SEO plugin. -->","yoast_head_json":{"title":"EL DIRECTOR DE NASA FIRM\u00d3 ACUERDOS DE COOPERACI\u00d3N CON ARGENTINA Y HABL\u00d3 SOBRE LA VIDA EXTRATERRESTRE - Apuntes de San Luis","robots":{"index":"index","follow":"follow","max-snippet":"max-snippet:-1","max-image-preview":"max-image-preview:large","max-video-preview":"max-video-preview:-1"},"canonical":"https:\/\/apuntesdesanluis.com\/index.php\/2023\/07\/28\/el-director-de-nasa-firmo-acuerdos-de-cooperacion-con-argentina-y-hablo-sobre-la-vida-extraterrestre\/","og_locale":"es_ES","og_type":"article","og_title":"EL DIRECTOR DE NASA FIRM\u00d3 ACUERDOS DE COOPERACI\u00d3N CON ARGENTINA Y HABL\u00d3 SOBRE LA VIDA EXTRATERRESTRE - Apuntes de San Luis","og_description":"El director de la Administraci\u00f3n Nacional de Aeron\u00e1utica y el Espacio (NASA) de Estados Unidos,...","og_url":"https:\/\/apuntesdesanluis.com\/index.php\/2023\/07\/28\/el-director-de-nasa-firmo-acuerdos-de-cooperacion-con-argentina-y-hablo-sobre-la-vida-extraterrestre\/","og_site_name":"Apuntes de San Luis","article_published_time":"2023-07-28T11:41:05+00:00","og_image":[{"width":684,"height":499,"url":"https:\/\/apuntesdesanluis.com\/wp-content\/uploads\/2023\/07\/bill.png","type":"image\/png"}],"author":"apuntesdesanluis.com","twitter_card":"summary_large_image","twitter_misc":{"Escrito por":"apuntesdesanluis.com","Tiempo de lectura":"4 minutos"},"schema":{"@context":"https:\/\/schema.org","@graph":[{"@type":"Article","@id":"https:\/\/apuntesdesanluis.com\/index.php\/2023\/07\/28\/el-director-de-nasa-firmo-acuerdos-de-cooperacion-con-argentina-y-hablo-sobre-la-vida-extraterrestre\/#article","isPartOf":{"@id":"https:\/\/apuntesdesanluis.com\/index.php\/2023\/07\/28\/el-director-de-nasa-firmo-acuerdos-de-cooperacion-con-argentina-y-hablo-sobre-la-vida-extraterrestre\/"},"author":{"name":"apuntesdesanluis.com","@id":"https:\/\/apuntesdesanluis.com\/#\/schema\/person\/b55151d52296fcce64d1a72538a70b90"},"headline":"EL DIRECTOR DE NASA FIRM\u00d3 ACUERDOS DE COOPERACI\u00d3N CON ARGENTINA Y HABL\u00d3 SOBRE LA VIDA EXTRATERRESTRE","datePublished":"2023-07-28T11:41:05+00:00","mainEntityOfPage":{"@id":"https:\/\/apuntesdesanluis.com\/index.php\/2023\/07\/28\/el-director-de-nasa-firmo-acuerdos-de-cooperacion-con-argentina-y-hablo-sobre-la-vida-extraterrestre\/"},"wordCount":862,"publisher":{"@id":"https:\/\/apuntesdesanluis.com\/#\/schema\/person\/b55151d52296fcce64d1a72538a70b90"},"image":{"@id":"https:\/\/apuntesdesanluis.com\/index.php\/2023\/07\/28\/el-director-de-nasa-firmo-acuerdos-de-cooperacion-con-argentina-y-hablo-sobre-la-vida-extraterrestre\/#primaryimage"},"thumbnailUrl":"https:\/\/apuntesdesanluis.com\/wp-content\/uploads\/2023\/07\/bill.png","articleSection":["Nacionales\/Internacionales"],"inLanguage":"es-AR"},{"@type":"WebPage","@id":"https:\/\/apuntesdesanluis.com\/index.php\/2023\/07\/28\/el-director-de-nasa-firmo-acuerdos-de-cooperacion-con-argentina-y-hablo-sobre-la-vida-extraterrestre\/","url":"https:\/\/apuntesdesanluis.com\/index.php\/2023\/07\/28\/el-director-de-nasa-firmo-acuerdos-de-cooperacion-con-argentina-y-hablo-sobre-la-vida-extraterrestre\/","name":"EL DIRECTOR DE NASA FIRM\u00d3 ACUERDOS DE COOPERACI\u00d3N CON ARGENTINA Y HABL\u00d3 SOBRE LA VIDA EXTRATERRESTRE - Apuntes de San Luis","isPartOf":{"@id":"https:\/\/apuntesdesanluis.com\/#website"},"primaryImageOfPage":{"@id":"https:\/\/apuntesdesanluis.com\/index.php\/2023\/07\/28\/el-director-de-nasa-firmo-acuerdos-de-cooperacion-con-argentina-y-hablo-sobre-la-vida-extraterrestre\/#primaryimage"},"image":{"@id":"https:\/\/apuntesdesanluis.com\/index.php\/2023\/07\/28\/el-director-de-nasa-firmo-acuerdos-de-cooperacion-con-argentina-y-hablo-sobre-la-vida-extraterrestre\/#primaryimage"},"thumbnailUrl":"https:\/\/apuntesdesanluis.com\/wp-content\/uploads\/2023\/07\/bill.png","datePublished":"2023-07-28T11:41:05+00:00","breadcrumb":{"@id":"https:\/\/apuntesdesanluis.com\/index.php\/2023\/07\/28\/el-director-de-nasa-firmo-acuerdos-de-cooperacion-con-argentina-y-hablo-sobre-la-vida-extraterrestre\/#breadcrumb"},"inLanguage":"es-AR","potentialAction":[{"@type":"ReadAction","target":["https:\/\/apuntesdesanluis.com\/index.php\/2023\/07\/28\/el-director-de-nasa-firmo-acuerdos-de-cooperacion-con-argentina-y-hablo-sobre-la-vida-extraterrestre\/"]}]},{"@type":"ImageObject","inLanguage":"es-AR","@id":"https:\/\/apuntesdesanluis.com\/index.php\/2023\/07\/28\/el-director-de-nasa-firmo-acuerdos-de-cooperacion-con-argentina-y-hablo-sobre-la-vida-extraterrestre\/#primaryimage","url":"https:\/\/apuntesdesanluis.com\/wp-content\/uploads\/2023\/07\/bill.png","contentUrl":"https:\/\/apuntesdesanluis.com\/wp-content\/uploads\/2023\/07\/bill.png","width":684,"height":499},{"@type":"BreadcrumbList","@id":"https:\/\/apuntesdesanluis.com\/index.php\/2023\/07\/28\/el-director-de-nasa-firmo-acuerdos-de-cooperacion-con-argentina-y-hablo-sobre-la-vida-extraterrestre\/#breadcrumb","itemListElement":[{"@type":"ListItem","position":1,"name":"Inicio","item":"https:\/\/apuntesdesanluis.com\/"},{"@type":"ListItem","position":2,"name":"EL DIRECTOR DE NASA FIRM\u00d3 ACUERDOS DE COOPERACI\u00d3N CON ARGENTINA Y HABL\u00d3 SOBRE LA VIDA EXTRATERRESTRE"}]},{"@type":"WebSite","@id":"https:\/\/apuntesdesanluis.com\/#website","url":"https:\/\/apuntesdesanluis.com\/","name":"Apuntes de San Luis","description":"","publisher":{"@id":"https:\/\/apuntesdesanluis.com\/#\/schema\/person\/b55151d52296fcce64d1a72538a70b90"},"potentialAction":[{"@type":"SearchAction","target":{"@type":"EntryPoint","urlTemplate":"https:\/\/apuntesdesanluis.com\/?s={search_term_string}"},"query-input":{"@type":"PropertyValueSpecification","valueRequired":true,"valueName":"search_term_string"}}],"inLanguage":"es-AR"},{"@type":["Person","Organization"],"@id":"https:\/\/apuntesdesanluis.com\/#\/schema\/person\/b55151d52296fcce64d1a72538a70b90","name":"apuntesdesanluis.com","image":{"@type":"ImageObject","inLanguage":"es-AR","@id":"https:\/\/apuntesdesanluis.com\/#\/schema\/person\/image\/","url":"https:\/\/apuntesdesanluis.com\/wp-content\/uploads\/2023\/07\/cropped-apuntesdesanluis.png","contentUrl":"https:\/\/apuntesdesanluis.com\/wp-content\/uploads\/2023\/07\/cropped-apuntesdesanluis.png","width":450,"height":112,"caption":"apuntesdesanluis.com"},"logo":{"@id":"https:\/\/apuntesdesanluis.com\/#\/schema\/person\/image\/"},"sameAs":["https:\/\/apuntesdesanluis.com"],"url":"https:\/\/apuntesdesanluis.com\/index.php\/author\/apuntesdesanluis-com\/"}]}},"featured_image_urls":{"full":["https:\/\/apuntesdesanluis.com\/wp-content\/uploads\/2023\/07\/bill.png",684,499,false],"thumbnail":["https:\/\/apuntesdesanluis.com\/wp-content\/uploads\/2023\/07\/bill-150x150.png",150,150,true],"medium":["https:\/\/apuntesdesanluis.com\/wp-content\/uploads\/2023\/07\/bill-300x219.png",300,219,true],"medium_large":["https:\/\/apuntesdesanluis.com\/wp-content\/uploads\/2023\/07\/bill.png",640,467,false],"large":["https:\/\/apuntesdesanluis.com\/wp-content\/uploads\/2023\/07\/bill.png",640,467,false],"1536x1536":["https:\/\/apuntesdesanluis.com\/wp-content\/uploads\/2023\/07\/bill.png",684,499,false],"2048x2048":["https:\/\/apuntesdesanluis.com\/wp-content\/uploads\/2023\/07\/bill.png",684,499,false],"newsever-slider-full":["https:\/\/apuntesdesanluis.com\/wp-content\/uploads\/2023\/07\/bill.png",684,499,false],"newsever-featured":["https:\/\/apuntesdesanluis.com\/wp-content\/uploads\/2023\/07\/bill.png",684,499,false],"newsever-medium":["https:\/\/apuntesdesanluis.com\/wp-content\/uploads\/2023\/07\/bill-684x475.png",684,475,true]},"author_info":{"display_name":"apuntesdesanluis.com","author_link":"https:\/\/apuntesdesanluis.com\/index.php\/author\/apuntesdesanluis-com\/"},"category_info":"<a href=\"https:\/\/apuntesdesanluis.com\/index.php\/category\/nacionales-internacionales\/\" rel=\"category tag\">Nacionales\/Internacionales<\/a>","tag_info":"Nacionales\/Internacionales","comment_count":"0","_links":{"self":[{"href":"https:\/\/apuntesdesanluis.com\/index.php\/wp-json\/wp\/v2\/posts\/609","targetHints":{"allow":["GET"]}}],"collection":[{"href":"https:\/\/apuntesdesanluis.com\/index.php\/wp-json\/wp\/v2\/posts"}],"about":[{"href":"https:\/\/apuntesdesanluis.com\/index.php\/wp-json\/wp\/v2\/types\/post"}],"author":[{"embeddable":true,"href":"https:\/\/apuntesdesanluis.com\/index.php\/wp-json\/wp\/v2\/users\/1"}],"replies":[{"embeddable":true,"href":"https:\/\/apuntesdesanluis.com\/index.php\/wp-json\/wp\/v2\/comments?post=609"}],"version-history":[{"count":1,"href":"https:\/\/apuntesdesanluis.com\/index.php\/wp-json\/wp\/v2\/posts\/609\/revisions"}],"predecessor-version":[{"id":611,"href":"https:\/\/apuntesdesanluis.com\/index.php\/wp-json\/wp\/v2\/posts\/609\/revisions\/611"}],"wp:featuredmedia":[{"embeddable":true,"href":"https:\/\/apuntesdesanluis.com\/index.php\/wp-json\/wp\/v2\/media\/610"}],"wp:attachment":[{"href":"https:\/\/apuntesdesanluis.com\/index.php\/wp-json\/wp\/v2\/media?parent=609"}],"wp:term":[{"taxonomy":"category","embeddable":true,"href":"https:\/\/apuntesdesanluis.com\/index.php\/wp-json\/wp\/v2\/categories?post=609"},{"taxonomy":"post_tag","embeddable":true,"href":"https:\/\/apuntesdesanluis.com\/index.php\/wp-json\/wp\/v2\/tags?post=609"}],"curies":[{"name":"wp","href":"https:\/\/api.w.org\/{rel}","templated":true}]}}