{"id":61,"date":"2023-07-15T18:56:26","date_gmt":"2023-07-15T21:56:26","guid":{"rendered":"https:\/\/apuntesdesanluis.com\/?p=61"},"modified":"2023-07-17T00:43:54","modified_gmt":"2023-07-17T03:43:54","slug":"carrio-hablo-de-su-salud-y-advirtio-que-hara-reposo-absoluto-por-algunos-meses","status":"publish","type":"post","link":"https:\/\/apuntesdesanluis.com\/index.php\/2023\/07\/15\/carrio-hablo-de-su-salud-y-advirtio-que-hara-reposo-absoluto-por-algunos-meses\/","title":{"rendered":"CARRI\u00d3 HABL\u00d3 DE SU SALUD Y ADVIRTI\u00d3 QUE HAR\u00c1 &#8220;REPOSO ABSOLUTO POR ALGUNOS MESES&#8221;"},"content":{"rendered":"<h3>La titular de la Coalici\u00f3n C\u00edvica &#8211; ARI y precandidata a presidenta <strong>Elisa &#8220;Lilita&#8221; Carri\u00f3<\/strong> habl\u00f3 tras ser dada de alta luego de permanecer algunos d\u00edas internada producto del accidente isqu\u00e9mico transitorio que padeci\u00f3 el pasado mi\u00e9rcoles, en la provincia de Santa Fe. &#8220;Ya estoy en mi casa y voy a hacer reposo absoluto algunos meses&#8221;, remarc\u00f3 a trav\u00e9s de sus redes sociales.<\/h3>\n<h3>El pasado mi\u00e9rcoles, con motivo de su visita a Santa Fe, Carri\u00f3 sufri\u00f3 una descompensaci\u00f3n que la oblig\u00f3 a permanecer internada en el hospital Esperanza de Rosario hasta ayer, que fue dada de alta. \u201cMuchas gracias a todos los m\u00e9dicos y enfermeras del Sanatorio Esperanza, de Santa Fe, en especial al doctor Lolo que me acompa\u00f1\u00f3 de regreso a Buenos Aires. Muchas gracias, tambi\u00e9n, al personal del Hospital Austral por el cuidado y la discreci\u00f3n\u201d, destac\u00f3 la referente.<\/h3>\n<h3>La exdiputada se descompens\u00f3 en plena campa\u00f1a electoral en la provincia, en el marco de un almuerzo en un club local. All\u00ed, comenz\u00f3 a sentir un fuerte dolor en el pecho mientras era escoltada por la precandidata a diputada provincial Lucila Lehmann.<\/h3>\n<h3>&#8220;Tuvo una descompensaci\u00f3n y decidieron llevarla al sanatorio para hacerle unos estudios. Est\u00e1 bien. Est\u00e1bamos almorzando luego de una recorrida, sinti\u00f3 mareo y dolor fuerte del lado izquierdo del pecho&#8221;, asegur\u00f3 Lehmann.<\/h3>\n<h3>Antes de la descompensaci\u00f3n, Carri\u00f3 hab\u00eda estado junto al precandidato a gobernador de su espacio, Eduardo Maradona, Lehmann y la precandidata a concejal por la ciudad de Santa Fe, In\u00e9s Masino, y los candidatos a Senadores provinciales.<\/h3>\n<h3>&#8220;Esta campa\u00f1a obscena debe ser investigada&#8221;, advirti\u00f3 la dirigente de la CC, previo al accidente, luego de que sus candidatos manifestaran su voluntad de renunciar a todo tipo de privilegio econ\u00f3mico y utilizaci\u00f3n de fondos, manejados discrecionalmente, y sin transparencia, en caso de resultar electos el 16 de julio.<\/h3>\n<h3>Los m\u00e9dicos confirmaron que el un accidente isqu\u00e9mico transitorio, que sufri\u00f3 Carri\u00f3 se trata de la alteraci\u00f3n temporal de la funci\u00f3n cerebral, que suele regularizarse en un plazo de minutos u horas, y cuyos s\u00edntomas son similares a los de un derrame cerebral.<\/h3>\n","protected":false},"excerpt":{"rendered":"<p>La titular de la Coalici\u00f3n C\u00edvica &#8211; ARI y precandidata a presidenta Elisa &#8220;Lilita&#8221; Carri\u00f3&#8230;<\/p>\n","protected":false},"author":1,"featured_media":62,"comment_status":"closed","ping_status":"open","sticky":false,"template":"","format":"standard","meta":{"footnotes":""},"categories":[5],"tags":[],"class_list":["post-61","post","type-post","status-publish","format-standard","has-post-thumbnail","hentry","category-nacionales-internacionales"],"yoast_head":"<!-- This site is optimized with the Yoast SEO plugin v26.1.1 - https:\/\/yoast.com\/wordpress\/plugins\/seo\/ -->\n<title>CARRI\u00d3 HABL\u00d3 DE SU SALUD Y ADVIRTI\u00d3 QUE HAR\u00c1 &quot;REPOSO ABSOLUTO POR ALGUNOS MESES&quot; - Apuntes de San Luis<\/title>\n<meta name=\"robots\" content=\"index, follow, max-snippet:-1, max-image-preview:large, max-video-preview:-1\" \/>\n<link rel=\"canonical\" href=\"https:\/\/apuntesdesanluis.com\/index.php\/2023\/07\/15\/carrio-hablo-de-su-salud-y-advirtio-que-hara-reposo-absoluto-por-algunos-meses\/\" \/>\n<meta property=\"og:locale\" content=\"es_ES\" \/>\n<meta property=\"og:type\" content=\"article\" \/>\n<meta property=\"og:title\" content=\"CARRI\u00d3 HABL\u00d3 DE SU SALUD Y ADVIRTI\u00d3 QUE HAR\u00c1 &quot;REPOSO ABSOLUTO POR ALGUNOS MESES&quot; - Apuntes de San Luis\" \/>\n<meta property=\"og:description\" content=\"La titular de la Coalici\u00f3n C\u00edvica &#8211; ARI y precandidata a presidenta Elisa &#8220;Lilita&#8221; Carri\u00f3...\" \/>\n<meta property=\"og:url\" content=\"https:\/\/apuntesdesanluis.com\/index.php\/2023\/07\/15\/carrio-hablo-de-su-salud-y-advirtio-que-hara-reposo-absoluto-por-algunos-meses\/\" \/>\n<meta property=\"og:site_name\" content=\"Apuntes de San Luis\" \/>\n<meta property=\"article:published_time\" content=\"2023-07-15T21:56:26+00:00\" \/>\n<meta property=\"article:modified_time\" content=\"2023-07-17T03:43:54+00:00\" \/>\n<meta property=\"og:image\" content=\"https:\/\/apuntesdesanluis.com\/wp-content\/uploads\/2023\/07\/carrio.jpg\" \/>\n\t<meta property=\"og:image:width\" content=\"587\" \/>\n\t<meta property=\"og:image:height\" content=\"381\" \/>\n\t<meta property=\"og:image:type\" content=\"image\/jpeg\" \/>\n<meta name=\"author\" content=\"apuntesdesanluis.com\" \/>\n<meta name=\"twitter:card\" content=\"summary_large_image\" \/>\n<meta name=\"twitter:label1\" content=\"Escrito por\" \/>\n\t<meta name=\"twitter:data1\" content=\"apuntesdesanluis.com\" \/>\n\t<meta name=\"twitter:label2\" content=\"Tiempo de lectura\" \/>\n\t<meta name=\"twitter:data2\" content=\"2 minutos\" \/>\n<script type=\"application\/ld+json\" class=\"yoast-schema-graph\">{\"@context\":\"https:\/\/schema.org\",\"@graph\":[{\"@type\":\"Article\",\"@id\":\"https:\/\/apuntesdesanluis.com\/index.php\/2023\/07\/15\/carrio-hablo-de-su-salud-y-advirtio-que-hara-reposo-absoluto-por-algunos-meses\/#article\",\"isPartOf\":{\"@id\":\"https:\/\/apuntesdesanluis.com\/index.php\/2023\/07\/15\/carrio-hablo-de-su-salud-y-advirtio-que-hara-reposo-absoluto-por-algunos-meses\/\"},\"author\":{\"name\":\"apuntesdesanluis.com\",\"@id\":\"https:\/\/apuntesdesanluis.com\/#\/schema\/person\/b55151d52296fcce64d1a72538a70b90\"},\"headline\":\"CARRI\u00d3 HABL\u00d3 DE SU SALUD Y ADVIRTI\u00d3 QUE HAR\u00c1 &#8220;REPOSO ABSOLUTO POR ALGUNOS MESES&#8221;\",\"datePublished\":\"2023-07-15T21:56:26+00:00\",\"dateModified\":\"2023-07-17T03:43:54+00:00\",\"mainEntityOfPage\":{\"@id\":\"https:\/\/apuntesdesanluis.com\/index.php\/2023\/07\/15\/carrio-hablo-de-su-salud-y-advirtio-que-hara-reposo-absoluto-por-algunos-meses\/\"},\"wordCount\":382,\"publisher\":{\"@id\":\"https:\/\/apuntesdesanluis.com\/#\/schema\/person\/b55151d52296fcce64d1a72538a70b90\"},\"image\":{\"@id\":\"https:\/\/apuntesdesanluis.com\/index.php\/2023\/07\/15\/carrio-hablo-de-su-salud-y-advirtio-que-hara-reposo-absoluto-por-algunos-meses\/#primaryimage\"},\"thumbnailUrl\":\"https:\/\/apuntesdesanluis.com\/wp-content\/uploads\/2023\/07\/carrio.jpg\",\"articleSection\":[\"Nacionales\/Internacionales\"],\"inLanguage\":\"es-AR\"},{\"@type\":\"WebPage\",\"@id\":\"https:\/\/apuntesdesanluis.com\/index.php\/2023\/07\/15\/carrio-hablo-de-su-salud-y-advirtio-que-hara-reposo-absoluto-por-algunos-meses\/\",\"url\":\"https:\/\/apuntesdesanluis.com\/index.php\/2023\/07\/15\/carrio-hablo-de-su-salud-y-advirtio-que-hara-reposo-absoluto-por-algunos-meses\/\",\"name\":\"CARRI\u00d3 HABL\u00d3 DE SU SALUD Y ADVIRTI\u00d3 QUE HAR\u00c1 \\\"REPOSO ABSOLUTO POR ALGUNOS MESES\\\" - Apuntes de San Luis\",\"isPartOf\":{\"@id\":\"https:\/\/apuntesdesanluis.com\/#website\"},\"primaryImageOfPage\":{\"@id\":\"https:\/\/apuntesdesanluis.com\/index.php\/2023\/07\/15\/carrio-hablo-de-su-salud-y-advirtio-que-hara-reposo-absoluto-por-algunos-meses\/#primaryimage\"},\"image\":{\"@id\":\"https:\/\/apuntesdesanluis.com\/index.php\/2023\/07\/15\/carrio-hablo-de-su-salud-y-advirtio-que-hara-reposo-absoluto-por-algunos-meses\/#primaryimage\"},\"thumbnailUrl\":\"https:\/\/apuntesdesanluis.com\/wp-content\/uploads\/2023\/07\/carrio.jpg\",\"datePublished\":\"2023-07-15T21:56:26+00:00\",\"dateModified\":\"2023-07-17T03:43:54+00:00\",\"breadcrumb\":{\"@id\":\"https:\/\/apuntesdesanluis.com\/index.php\/2023\/07\/15\/carrio-hablo-de-su-salud-y-advirtio-que-hara-reposo-absoluto-por-algunos-meses\/#breadcrumb\"},\"inLanguage\":\"es-AR\",\"potentialAction\":[{\"@type\":\"ReadAction\",\"target\":[\"https:\/\/apuntesdesanluis.com\/index.php\/2023\/07\/15\/carrio-hablo-de-su-salud-y-advirtio-que-hara-reposo-absoluto-por-algunos-meses\/\"]}]},{\"@type\":\"ImageObject\",\"inLanguage\":\"es-AR\",\"@id\":\"https:\/\/apuntesdesanluis.com\/index.php\/2023\/07\/15\/carrio-hablo-de-su-salud-y-advirtio-que-hara-reposo-absoluto-por-algunos-meses\/#primaryimage\",\"url\":\"https:\/\/apuntesdesanluis.com\/wp-content\/uploads\/2023\/07\/carrio.jpg\",\"contentUrl\":\"https:\/\/apuntesdesanluis.com\/wp-content\/uploads\/2023\/07\/carrio.jpg\",\"width\":587,\"height\":381},{\"@type\":\"BreadcrumbList\",\"@id\":\"https:\/\/apuntesdesanluis.com\/index.php\/2023\/07\/15\/carrio-hablo-de-su-salud-y-advirtio-que-hara-reposo-absoluto-por-algunos-meses\/#breadcrumb\",\"itemListElement\":[{\"@type\":\"ListItem\",\"position\":1,\"name\":\"Inicio\",\"item\":\"https:\/\/apuntesdesanluis.com\/\"},{\"@type\":\"ListItem\",\"position\":2,\"name\":\"CARRI\u00d3 HABL\u00d3 DE SU SALUD Y ADVIRTI\u00d3 QUE HAR\u00c1 &#8220;REPOSO ABSOLUTO POR ALGUNOS MESES&#8221;\"}]},{\"@type\":\"WebSite\",\"@id\":\"https:\/\/apuntesdesanluis.com\/#website\",\"url\":\"https:\/\/apuntesdesanluis.com\/\",\"name\":\"Apuntes de San Luis\",\"description\":\"\",\"publisher\":{\"@id\":\"https:\/\/apuntesdesanluis.com\/#\/schema\/person\/b55151d52296fcce64d1a72538a70b90\"},\"potentialAction\":[{\"@type\":\"SearchAction\",\"target\":{\"@type\":\"EntryPoint\",\"urlTemplate\":\"https:\/\/apuntesdesanluis.com\/?s={search_term_string}\"},\"query-input\":{\"@type\":\"PropertyValueSpecification\",\"valueRequired\":true,\"valueName\":\"search_term_string\"}}],\"inLanguage\":\"es-AR\"},{\"@type\":[\"Person\",\"Organization\"],\"@id\":\"https:\/\/apuntesdesanluis.com\/#\/schema\/person\/b55151d52296fcce64d1a72538a70b90\",\"name\":\"apuntesdesanluis.com\",\"image\":{\"@type\":\"ImageObject\",\"inLanguage\":\"es-AR\",\"@id\":\"https:\/\/apuntesdesanluis.com\/#\/schema\/person\/image\/\",\"url\":\"https:\/\/apuntesdesanluis.com\/wp-content\/uploads\/2023\/07\/cropped-apuntesdesanluis.png\",\"contentUrl\":\"https:\/\/apuntesdesanluis.com\/wp-content\/uploads\/2023\/07\/cropped-apuntesdesanluis.png\",\"width\":450,\"height\":112,\"caption\":\"apuntesdesanluis.com\"},\"logo\":{\"@id\":\"https:\/\/apuntesdesanluis.com\/#\/schema\/person\/image\/\"},\"sameAs\":[\"https:\/\/apuntesdesanluis.com\"],\"url\":\"https:\/\/apuntesdesanluis.com\/index.php\/author\/apuntesdesanluis-com\/\"}]}<\/script>\n<!-- \/ Yoast SEO plugin. -->","yoast_head_json":{"title":"CARRI\u00d3 HABL\u00d3 DE SU SALUD Y ADVIRTI\u00d3 QUE HAR\u00c1 \"REPOSO ABSOLUTO POR ALGUNOS MESES\" - Apuntes de San Luis","robots":{"index":"index","follow":"follow","max-snippet":"max-snippet:-1","max-image-preview":"max-image-preview:large","max-video-preview":"max-video-preview:-1"},"canonical":"https:\/\/apuntesdesanluis.com\/index.php\/2023\/07\/15\/carrio-hablo-de-su-salud-y-advirtio-que-hara-reposo-absoluto-por-algunos-meses\/","og_locale":"es_ES","og_type":"article","og_title":"CARRI\u00d3 HABL\u00d3 DE SU SALUD Y ADVIRTI\u00d3 QUE HAR\u00c1 \"REPOSO ABSOLUTO POR ALGUNOS MESES\" - Apuntes de San Luis","og_description":"La titular de la Coalici\u00f3n C\u00edvica &#8211; ARI y precandidata a presidenta Elisa &#8220;Lilita&#8221; Carri\u00f3...","og_url":"https:\/\/apuntesdesanluis.com\/index.php\/2023\/07\/15\/carrio-hablo-de-su-salud-y-advirtio-que-hara-reposo-absoluto-por-algunos-meses\/","og_site_name":"Apuntes de San Luis","article_published_time":"2023-07-15T21:56:26+00:00","article_modified_time":"2023-07-17T03:43:54+00:00","og_image":[{"width":587,"height":381,"url":"https:\/\/apuntesdesanluis.com\/wp-content\/uploads\/2023\/07\/carrio.jpg","type":"image\/jpeg"}],"author":"apuntesdesanluis.com","twitter_card":"summary_large_image","twitter_misc":{"Escrito por":"apuntesdesanluis.com","Tiempo de lectura":"2 minutos"},"schema":{"@context":"https:\/\/schema.org","@graph":[{"@type":"Article","@id":"https:\/\/apuntesdesanluis.com\/index.php\/2023\/07\/15\/carrio-hablo-de-su-salud-y-advirtio-que-hara-reposo-absoluto-por-algunos-meses\/#article","isPartOf":{"@id":"https:\/\/apuntesdesanluis.com\/index.php\/2023\/07\/15\/carrio-hablo-de-su-salud-y-advirtio-que-hara-reposo-absoluto-por-algunos-meses\/"},"author":{"name":"apuntesdesanluis.com","@id":"https:\/\/apuntesdesanluis.com\/#\/schema\/person\/b55151d52296fcce64d1a72538a70b90"},"headline":"CARRI\u00d3 HABL\u00d3 DE SU SALUD Y ADVIRTI\u00d3 QUE HAR\u00c1 &#8220;REPOSO ABSOLUTO POR ALGUNOS MESES&#8221;","datePublished":"2023-07-15T21:56:26+00:00","dateModified":"2023-07-17T03:43:54+00:00","mainEntityOfPage":{"@id":"https:\/\/apuntesdesanluis.com\/index.php\/2023\/07\/15\/carrio-hablo-de-su-salud-y-advirtio-que-hara-reposo-absoluto-por-algunos-meses\/"},"wordCount":382,"publisher":{"@id":"https:\/\/apuntesdesanluis.com\/#\/schema\/person\/b55151d52296fcce64d1a72538a70b90"},"image":{"@id":"https:\/\/apuntesdesanluis.com\/index.php\/2023\/07\/15\/carrio-hablo-de-su-salud-y-advirtio-que-hara-reposo-absoluto-por-algunos-meses\/#primaryimage"},"thumbnailUrl":"https:\/\/apuntesdesanluis.com\/wp-content\/uploads\/2023\/07\/carrio.jpg","articleSection":["Nacionales\/Internacionales"],"inLanguage":"es-AR"},{"@type":"WebPage","@id":"https:\/\/apuntesdesanluis.com\/index.php\/2023\/07\/15\/carrio-hablo-de-su-salud-y-advirtio-que-hara-reposo-absoluto-por-algunos-meses\/","url":"https:\/\/apuntesdesanluis.com\/index.php\/2023\/07\/15\/carrio-hablo-de-su-salud-y-advirtio-que-hara-reposo-absoluto-por-algunos-meses\/","name":"CARRI\u00d3 HABL\u00d3 DE SU SALUD Y ADVIRTI\u00d3 QUE HAR\u00c1 \"REPOSO ABSOLUTO POR ALGUNOS MESES\" - Apuntes de San Luis","isPartOf":{"@id":"https:\/\/apuntesdesanluis.com\/#website"},"primaryImageOfPage":{"@id":"https:\/\/apuntesdesanluis.com\/index.php\/2023\/07\/15\/carrio-hablo-de-su-salud-y-advirtio-que-hara-reposo-absoluto-por-algunos-meses\/#primaryimage"},"image":{"@id":"https:\/\/apuntesdesanluis.com\/index.php\/2023\/07\/15\/carrio-hablo-de-su-salud-y-advirtio-que-hara-reposo-absoluto-por-algunos-meses\/#primaryimage"},"thumbnailUrl":"https:\/\/apuntesdesanluis.com\/wp-content\/uploads\/2023\/07\/carrio.jpg","datePublished":"2023-07-15T21:56:26+00:00","dateModified":"2023-07-17T03:43:54+00:00","breadcrumb":{"@id":"https:\/\/apuntesdesanluis.com\/index.php\/2023\/07\/15\/carrio-hablo-de-su-salud-y-advirtio-que-hara-reposo-absoluto-por-algunos-meses\/#breadcrumb"},"inLanguage":"es-AR","potentialAction":[{"@type":"ReadAction","target":["https:\/\/apuntesdesanluis.com\/index.php\/2023\/07\/15\/carrio-hablo-de-su-salud-y-advirtio-que-hara-reposo-absoluto-por-algunos-meses\/"]}]},{"@type":"ImageObject","inLanguage":"es-AR","@id":"https:\/\/apuntesdesanluis.com\/index.php\/2023\/07\/15\/carrio-hablo-de-su-salud-y-advirtio-que-hara-reposo-absoluto-por-algunos-meses\/#primaryimage","url":"https:\/\/apuntesdesanluis.com\/wp-content\/uploads\/2023\/07\/carrio.jpg","contentUrl":"https:\/\/apuntesdesanluis.com\/wp-content\/uploads\/2023\/07\/carrio.jpg","width":587,"height":381},{"@type":"BreadcrumbList","@id":"https:\/\/apuntesdesanluis.com\/index.php\/2023\/07\/15\/carrio-hablo-de-su-salud-y-advirtio-que-hara-reposo-absoluto-por-algunos-meses\/#breadcrumb","itemListElement":[{"@type":"ListItem","position":1,"name":"Inicio","item":"https:\/\/apuntesdesanluis.com\/"},{"@type":"ListItem","position":2,"name":"CARRI\u00d3 HABL\u00d3 DE SU SALUD Y ADVIRTI\u00d3 QUE HAR\u00c1 &#8220;REPOSO ABSOLUTO POR ALGUNOS MESES&#8221;"}]},{"@type":"WebSite","@id":"https:\/\/apuntesdesanluis.com\/#website","url":"https:\/\/apuntesdesanluis.com\/","name":"Apuntes de San Luis","description":"","publisher":{"@id":"https:\/\/apuntesdesanluis.com\/#\/schema\/person\/b55151d52296fcce64d1a72538a70b90"},"potentialAction":[{"@type":"SearchAction","target":{"@type":"EntryPoint","urlTemplate":"https:\/\/apuntesdesanluis.com\/?s={search_term_string}"},"query-input":{"@type":"PropertyValueSpecification","valueRequired":true,"valueName":"search_term_string"}}],"inLanguage":"es-AR"},{"@type":["Person","Organization"],"@id":"https:\/\/apuntesdesanluis.com\/#\/schema\/person\/b55151d52296fcce64d1a72538a70b90","name":"apuntesdesanluis.com","image":{"@type":"ImageObject","inLanguage":"es-AR","@id":"https:\/\/apuntesdesanluis.com\/#\/schema\/person\/image\/","url":"https:\/\/apuntesdesanluis.com\/wp-content\/uploads\/2023\/07\/cropped-apuntesdesanluis.png","contentUrl":"https:\/\/apuntesdesanluis.com\/wp-content\/uploads\/2023\/07\/cropped-apuntesdesanluis.png","width":450,"height":112,"caption":"apuntesdesanluis.com"},"logo":{"@id":"https:\/\/apuntesdesanluis.com\/#\/schema\/person\/image\/"},"sameAs":["https:\/\/apuntesdesanluis.com"],"url":"https:\/\/apuntesdesanluis.com\/index.php\/author\/apuntesdesanluis-com\/"}]}},"featured_image_urls":{"full":["https:\/\/apuntesdesanluis.com\/wp-content\/uploads\/2023\/07\/carrio.jpg",587,381,false],"thumbnail":["https:\/\/apuntesdesanluis.com\/wp-content\/uploads\/2023\/07\/carrio-150x150.jpg",150,150,true],"medium":["https:\/\/apuntesdesanluis.com\/wp-content\/uploads\/2023\/07\/carrio-300x195.jpg",300,195,true],"medium_large":["https:\/\/apuntesdesanluis.com\/wp-content\/uploads\/2023\/07\/carrio.jpg",587,381,false],"large":["https:\/\/apuntesdesanluis.com\/wp-content\/uploads\/2023\/07\/carrio.jpg",587,381,false],"1536x1536":["https:\/\/apuntesdesanluis.com\/wp-content\/uploads\/2023\/07\/carrio.jpg",587,381,false],"2048x2048":["https:\/\/apuntesdesanluis.com\/wp-content\/uploads\/2023\/07\/carrio.jpg",587,381,false],"newsever-slider-full":["https:\/\/apuntesdesanluis.com\/wp-content\/uploads\/2023\/07\/carrio.jpg",587,381,false],"newsever-featured":["https:\/\/apuntesdesanluis.com\/wp-content\/uploads\/2023\/07\/carrio.jpg",587,381,false],"newsever-medium":["https:\/\/apuntesdesanluis.com\/wp-content\/uploads\/2023\/07\/carrio.jpg",587,381,false]},"author_info":{"display_name":"apuntesdesanluis.com","author_link":"https:\/\/apuntesdesanluis.com\/index.php\/author\/apuntesdesanluis-com\/"},"category_info":"<a href=\"https:\/\/apuntesdesanluis.com\/index.php\/category\/nacionales-internacionales\/\" rel=\"category tag\">Nacionales\/Internacionales<\/a>","tag_info":"Nacionales\/Internacionales","comment_count":"0","_links":{"self":[{"href":"https:\/\/apuntesdesanluis.com\/index.php\/wp-json\/wp\/v2\/posts\/61","targetHints":{"allow":["GET"]}}],"collection":[{"href":"https:\/\/apuntesdesanluis.com\/index.php\/wp-json\/wp\/v2\/posts"}],"about":[{"href":"https:\/\/apuntesdesanluis.com\/index.php\/wp-json\/wp\/v2\/types\/post"}],"author":[{"embeddable":true,"href":"https:\/\/apuntesdesanluis.com\/index.php\/wp-json\/wp\/v2\/users\/1"}],"replies":[{"embeddable":true,"href":"https:\/\/apuntesdesanluis.com\/index.php\/wp-json\/wp\/v2\/comments?post=61"}],"version-history":[{"count":0,"href":"https:\/\/apuntesdesanluis.com\/index.php\/wp-json\/wp\/v2\/posts\/61\/revisions"}],"wp:featuredmedia":[{"embeddable":true,"href":"https:\/\/apuntesdesanluis.com\/index.php\/wp-json\/wp\/v2\/media\/62"}],"wp:attachment":[{"href":"https:\/\/apuntesdesanluis.com\/index.php\/wp-json\/wp\/v2\/media?parent=61"}],"wp:term":[{"taxonomy":"category","embeddable":true,"href":"https:\/\/apuntesdesanluis.com\/index.php\/wp-json\/wp\/v2\/categories?post=61"},{"taxonomy":"post_tag","embeddable":true,"href":"https:\/\/apuntesdesanluis.com\/index.php\/wp-json\/wp\/v2\/tags?post=61"}],"curies":[{"name":"wp","href":"https:\/\/api.w.org\/{rel}","templated":true}]}}