{"id":6134,"date":"2023-10-31T20:28:22","date_gmt":"2023-10-31T23:28:22","guid":{"rendered":"https:\/\/apuntesdesanluis.com\/?p=6134"},"modified":"2023-10-31T20:40:10","modified_gmt":"2023-10-31T23:40:10","slug":"martin-olivero-hasta-el-ultimo-dia-vamos-a-seguir-concretando-obras","status":"publish","type":"post","link":"https:\/\/apuntesdesanluis.com\/index.php\/2023\/10\/31\/martin-olivero-hasta-el-ultimo-dia-vamos-a-seguir-concretando-obras\/","title":{"rendered":"MART\u00cdN OLIVERO: \u201cHASTA EL \u00daLTIMO D\u00cdA VAMOS A SEGUIR CONCRETANDO OBRAS\u201d"},"content":{"rendered":"<h3>As\u00ed lo asegur\u00f3 el intendente de la Ciudad de la Punta, <strong>Mart\u00edn Olivero<\/strong>, quien este martes procedi\u00f3 a dejar habilitada la obra del nuevo edificio para la sede de la <strong>Direcci\u00f3n de Zoonosis<\/strong>, y la <strong>Remodelaci\u00f3n, Puesta en Valor e Iluminaci\u00f3n del Mini-Estadio Miguel \u00c1ngel \u00b4El Loco\u00b4 Lucero<\/strong>, espacio ubicado en la Zona Planeta Juegos, que tambi\u00e9n dej\u00f3 inaugurada.<\/h3>\n<p><img fetchpriority=\"high\" decoding=\"async\" class=\"wp-image-6136 aligncenter\" src=\"https:\/\/apuntesdesanluis.com\/wp-content\/uploads\/2023\/10\/direccion-de-zoonosis-300x167.png\" alt=\"\" width=\"760\" height=\"423\" srcset=\"https:\/\/apuntesdesanluis.com\/wp-content\/uploads\/2023\/10\/direccion-de-zoonosis-300x167.png 300w, https:\/\/apuntesdesanluis.com\/wp-content\/uploads\/2023\/10\/direccion-de-zoonosis.png 590w\" sizes=\"(max-width: 760px) 100vw, 760px\" \/><\/p>\n<h3>El jefe comunal agradeci\u00f3 la presencia del gobernador electo <strong>Claudio Poggi\u00a0<\/strong> y del intendente electo <strong>Luciano Martin Ayala<\/strong>.<\/h3>\n<h3>\u201cEs un d\u00eda de gran felicidad, como siempre que inauguramos obras. Porque sentimos en nuestro interior que estamos cumpliendo los sue\u00f1os de nuestra comunidad de tener una ciudad ordenada, que progresa y piensa en sus vecinos, las familias, los ni\u00f1os, con espacios deportivos y recreativos. Pero tambi\u00e9n en el cuidado y en la bienestar de sus mascotas\u201d.<\/h3>\n<p><img decoding=\"async\" class=\"wp-image-6137 aligncenter\" src=\"https:\/\/apuntesdesanluis.com\/wp-content\/uploads\/2023\/10\/ciudad-e-la-punta-300x179.png\" alt=\"\" width=\"758\" height=\"452\" srcset=\"https:\/\/apuntesdesanluis.com\/wp-content\/uploads\/2023\/10\/ciudad-e-la-punta-300x179.png 300w, https:\/\/apuntesdesanluis.com\/wp-content\/uploads\/2023\/10\/ciudad-e-la-punta.png 600w\" sizes=\"(max-width: 758px) 100vw, 758px\" \/><\/p>\n<h3>Visiblemente emocionado, el jefe comunal que en diciembre asumir\u00e1 como senador por el Departamento General Pueyrred\u00f3n, agreg\u00f3: \u201cHasta el \u00faltimo d\u00eda de mi mandato voy a seguir trabajando y ejecutando obras. Este es otro d\u00eda con una concreci\u00f3n que representa un orgullo para los vecinos de La Punta\u201d, concluy\u00f3.<\/h3>\n<p>&nbsp;<\/p>\n<p>&nbsp;<\/p>\n<p>&nbsp;<\/p>\n<p>&nbsp;<\/p>\n","protected":false},"excerpt":{"rendered":"<p>As\u00ed lo asegur\u00f3 el intendente de la Ciudad de la Punta, Mart\u00edn Olivero, quien este&#8230;<\/p>\n","protected":false},"author":1,"featured_media":6135,"comment_status":"closed","ping_status":"closed","sticky":false,"template":"","format":"standard","meta":{"footnotes":""},"categories":[6],"tags":[],"class_list":["post-6134","post","type-post","status-publish","format-standard","has-post-thumbnail","hentry","category-ciudad-provincia"],"yoast_head":"<!-- This site is optimized with the Yoast SEO plugin v26.1.1 - https:\/\/yoast.com\/wordpress\/plugins\/seo\/ -->\n<title>MART\u00cdN OLIVERO: \u201cHASTA EL \u00daLTIMO D\u00cdA VAMOS A SEGUIR CONCRETANDO OBRAS\u201d - Apuntes de San Luis<\/title>\n<meta name=\"robots\" content=\"index, follow, max-snippet:-1, max-image-preview:large, max-video-preview:-1\" \/>\n<link rel=\"canonical\" href=\"https:\/\/apuntesdesanluis.com\/index.php\/2023\/10\/31\/martin-olivero-hasta-el-ultimo-dia-vamos-a-seguir-concretando-obras\/\" \/>\n<meta property=\"og:locale\" content=\"es_ES\" \/>\n<meta property=\"og:type\" content=\"article\" \/>\n<meta property=\"og:title\" content=\"MART\u00cdN OLIVERO: \u201cHASTA EL \u00daLTIMO D\u00cdA VAMOS A SEGUIR CONCRETANDO OBRAS\u201d - Apuntes de San Luis\" \/>\n<meta property=\"og:description\" content=\"As\u00ed lo asegur\u00f3 el intendente de la Ciudad de la Punta, Mart\u00edn Olivero, quien este...\" \/>\n<meta property=\"og:url\" content=\"https:\/\/apuntesdesanluis.com\/index.php\/2023\/10\/31\/martin-olivero-hasta-el-ultimo-dia-vamos-a-seguir-concretando-obras\/\" \/>\n<meta property=\"og:site_name\" content=\"Apuntes de San Luis\" \/>\n<meta property=\"article:published_time\" content=\"2023-10-31T23:28:22+00:00\" \/>\n<meta property=\"article:modified_time\" content=\"2023-10-31T23:40:10+00:00\" \/>\n<meta property=\"og:image\" content=\"https:\/\/apuntesdesanluis.com\/wp-content\/uploads\/2023\/10\/inauguracion.png\" \/>\n\t<meta property=\"og:image:width\" content=\"600\" \/>\n\t<meta property=\"og:image:height\" content=\"356\" \/>\n\t<meta property=\"og:image:type\" content=\"image\/png\" \/>\n<meta name=\"author\" content=\"apuntesdesanluis.com\" \/>\n<meta name=\"twitter:card\" content=\"summary_large_image\" \/>\n<meta name=\"twitter:label1\" content=\"Escrito por\" \/>\n\t<meta name=\"twitter:data1\" content=\"apuntesdesanluis.com\" \/>\n\t<meta name=\"twitter:label2\" content=\"Tiempo de lectura\" \/>\n\t<meta name=\"twitter:data2\" content=\"2 minutos\" \/>\n<script type=\"application\/ld+json\" class=\"yoast-schema-graph\">{\"@context\":\"https:\/\/schema.org\",\"@graph\":[{\"@type\":\"Article\",\"@id\":\"https:\/\/apuntesdesanluis.com\/index.php\/2023\/10\/31\/martin-olivero-hasta-el-ultimo-dia-vamos-a-seguir-concretando-obras\/#article\",\"isPartOf\":{\"@id\":\"https:\/\/apuntesdesanluis.com\/index.php\/2023\/10\/31\/martin-olivero-hasta-el-ultimo-dia-vamos-a-seguir-concretando-obras\/\"},\"author\":{\"name\":\"apuntesdesanluis.com\",\"@id\":\"https:\/\/apuntesdesanluis.com\/#\/schema\/person\/b55151d52296fcce64d1a72538a70b90\"},\"headline\":\"MART\u00cdN OLIVERO: \u201cHASTA EL \u00daLTIMO D\u00cdA VAMOS A SEGUIR CONCRETANDO OBRAS\u201d\",\"datePublished\":\"2023-10-31T23:28:22+00:00\",\"dateModified\":\"2023-10-31T23:40:10+00:00\",\"mainEntityOfPage\":{\"@id\":\"https:\/\/apuntesdesanluis.com\/index.php\/2023\/10\/31\/martin-olivero-hasta-el-ultimo-dia-vamos-a-seguir-concretando-obras\/\"},\"wordCount\":213,\"publisher\":{\"@id\":\"https:\/\/apuntesdesanluis.com\/#\/schema\/person\/b55151d52296fcce64d1a72538a70b90\"},\"image\":{\"@id\":\"https:\/\/apuntesdesanluis.com\/index.php\/2023\/10\/31\/martin-olivero-hasta-el-ultimo-dia-vamos-a-seguir-concretando-obras\/#primaryimage\"},\"thumbnailUrl\":\"https:\/\/apuntesdesanluis.com\/wp-content\/uploads\/2023\/10\/inauguracion.png\",\"articleSection\":[\"Ciudad\/Provincia\"],\"inLanguage\":\"es-AR\"},{\"@type\":\"WebPage\",\"@id\":\"https:\/\/apuntesdesanluis.com\/index.php\/2023\/10\/31\/martin-olivero-hasta-el-ultimo-dia-vamos-a-seguir-concretando-obras\/\",\"url\":\"https:\/\/apuntesdesanluis.com\/index.php\/2023\/10\/31\/martin-olivero-hasta-el-ultimo-dia-vamos-a-seguir-concretando-obras\/\",\"name\":\"MART\u00cdN OLIVERO: \u201cHASTA EL \u00daLTIMO D\u00cdA VAMOS A SEGUIR CONCRETANDO OBRAS\u201d - Apuntes de San Luis\",\"isPartOf\":{\"@id\":\"https:\/\/apuntesdesanluis.com\/#website\"},\"primaryImageOfPage\":{\"@id\":\"https:\/\/apuntesdesanluis.com\/index.php\/2023\/10\/31\/martin-olivero-hasta-el-ultimo-dia-vamos-a-seguir-concretando-obras\/#primaryimage\"},\"image\":{\"@id\":\"https:\/\/apuntesdesanluis.com\/index.php\/2023\/10\/31\/martin-olivero-hasta-el-ultimo-dia-vamos-a-seguir-concretando-obras\/#primaryimage\"},\"thumbnailUrl\":\"https:\/\/apuntesdesanluis.com\/wp-content\/uploads\/2023\/10\/inauguracion.png\",\"datePublished\":\"2023-10-31T23:28:22+00:00\",\"dateModified\":\"2023-10-31T23:40:10+00:00\",\"breadcrumb\":{\"@id\":\"https:\/\/apuntesdesanluis.com\/index.php\/2023\/10\/31\/martin-olivero-hasta-el-ultimo-dia-vamos-a-seguir-concretando-obras\/#breadcrumb\"},\"inLanguage\":\"es-AR\",\"potentialAction\":[{\"@type\":\"ReadAction\",\"target\":[\"https:\/\/apuntesdesanluis.com\/index.php\/2023\/10\/31\/martin-olivero-hasta-el-ultimo-dia-vamos-a-seguir-concretando-obras\/\"]}]},{\"@type\":\"ImageObject\",\"inLanguage\":\"es-AR\",\"@id\":\"https:\/\/apuntesdesanluis.com\/index.php\/2023\/10\/31\/martin-olivero-hasta-el-ultimo-dia-vamos-a-seguir-concretando-obras\/#primaryimage\",\"url\":\"https:\/\/apuntesdesanluis.com\/wp-content\/uploads\/2023\/10\/inauguracion.png\",\"contentUrl\":\"https:\/\/apuntesdesanluis.com\/wp-content\/uploads\/2023\/10\/inauguracion.png\",\"width\":600,\"height\":356},{\"@type\":\"BreadcrumbList\",\"@id\":\"https:\/\/apuntesdesanluis.com\/index.php\/2023\/10\/31\/martin-olivero-hasta-el-ultimo-dia-vamos-a-seguir-concretando-obras\/#breadcrumb\",\"itemListElement\":[{\"@type\":\"ListItem\",\"position\":1,\"name\":\"Inicio\",\"item\":\"https:\/\/apuntesdesanluis.com\/\"},{\"@type\":\"ListItem\",\"position\":2,\"name\":\"MART\u00cdN OLIVERO: \u201cHASTA EL \u00daLTIMO D\u00cdA VAMOS A SEGUIR CONCRETANDO OBRAS\u201d\"}]},{\"@type\":\"WebSite\",\"@id\":\"https:\/\/apuntesdesanluis.com\/#website\",\"url\":\"https:\/\/apuntesdesanluis.com\/\",\"name\":\"Apuntes de San Luis\",\"description\":\"\",\"publisher\":{\"@id\":\"https:\/\/apuntesdesanluis.com\/#\/schema\/person\/b55151d52296fcce64d1a72538a70b90\"},\"potentialAction\":[{\"@type\":\"SearchAction\",\"target\":{\"@type\":\"EntryPoint\",\"urlTemplate\":\"https:\/\/apuntesdesanluis.com\/?s={search_term_string}\"},\"query-input\":{\"@type\":\"PropertyValueSpecification\",\"valueRequired\":true,\"valueName\":\"search_term_string\"}}],\"inLanguage\":\"es-AR\"},{\"@type\":[\"Person\",\"Organization\"],\"@id\":\"https:\/\/apuntesdesanluis.com\/#\/schema\/person\/b55151d52296fcce64d1a72538a70b90\",\"name\":\"apuntesdesanluis.com\",\"image\":{\"@type\":\"ImageObject\",\"inLanguage\":\"es-AR\",\"@id\":\"https:\/\/apuntesdesanluis.com\/#\/schema\/person\/image\/\",\"url\":\"https:\/\/apuntesdesanluis.com\/wp-content\/uploads\/2023\/07\/cropped-apuntesdesanluis.png\",\"contentUrl\":\"https:\/\/apuntesdesanluis.com\/wp-content\/uploads\/2023\/07\/cropped-apuntesdesanluis.png\",\"width\":450,\"height\":112,\"caption\":\"apuntesdesanluis.com\"},\"logo\":{\"@id\":\"https:\/\/apuntesdesanluis.com\/#\/schema\/person\/image\/\"},\"sameAs\":[\"https:\/\/apuntesdesanluis.com\"],\"url\":\"https:\/\/apuntesdesanluis.com\/index.php\/author\/apuntesdesanluis-com\/\"}]}<\/script>\n<!-- \/ Yoast SEO plugin. -->","yoast_head_json":{"title":"MART\u00cdN OLIVERO: \u201cHASTA EL \u00daLTIMO D\u00cdA VAMOS A SEGUIR CONCRETANDO OBRAS\u201d - Apuntes de San Luis","robots":{"index":"index","follow":"follow","max-snippet":"max-snippet:-1","max-image-preview":"max-image-preview:large","max-video-preview":"max-video-preview:-1"},"canonical":"https:\/\/apuntesdesanluis.com\/index.php\/2023\/10\/31\/martin-olivero-hasta-el-ultimo-dia-vamos-a-seguir-concretando-obras\/","og_locale":"es_ES","og_type":"article","og_title":"MART\u00cdN OLIVERO: \u201cHASTA EL \u00daLTIMO D\u00cdA VAMOS A SEGUIR CONCRETANDO OBRAS\u201d - Apuntes de San Luis","og_description":"As\u00ed lo asegur\u00f3 el intendente de la Ciudad de la Punta, Mart\u00edn Olivero, quien este...","og_url":"https:\/\/apuntesdesanluis.com\/index.php\/2023\/10\/31\/martin-olivero-hasta-el-ultimo-dia-vamos-a-seguir-concretando-obras\/","og_site_name":"Apuntes de San Luis","article_published_time":"2023-10-31T23:28:22+00:00","article_modified_time":"2023-10-31T23:40:10+00:00","og_image":[{"width":600,"height":356,"url":"https:\/\/apuntesdesanluis.com\/wp-content\/uploads\/2023\/10\/inauguracion.png","type":"image\/png"}],"author":"apuntesdesanluis.com","twitter_card":"summary_large_image","twitter_misc":{"Escrito por":"apuntesdesanluis.com","Tiempo de lectura":"2 minutos"},"schema":{"@context":"https:\/\/schema.org","@graph":[{"@type":"Article","@id":"https:\/\/apuntesdesanluis.com\/index.php\/2023\/10\/31\/martin-olivero-hasta-el-ultimo-dia-vamos-a-seguir-concretando-obras\/#article","isPartOf":{"@id":"https:\/\/apuntesdesanluis.com\/index.php\/2023\/10\/31\/martin-olivero-hasta-el-ultimo-dia-vamos-a-seguir-concretando-obras\/"},"author":{"name":"apuntesdesanluis.com","@id":"https:\/\/apuntesdesanluis.com\/#\/schema\/person\/b55151d52296fcce64d1a72538a70b90"},"headline":"MART\u00cdN OLIVERO: \u201cHASTA EL \u00daLTIMO D\u00cdA VAMOS A SEGUIR CONCRETANDO OBRAS\u201d","datePublished":"2023-10-31T23:28:22+00:00","dateModified":"2023-10-31T23:40:10+00:00","mainEntityOfPage":{"@id":"https:\/\/apuntesdesanluis.com\/index.php\/2023\/10\/31\/martin-olivero-hasta-el-ultimo-dia-vamos-a-seguir-concretando-obras\/"},"wordCount":213,"publisher":{"@id":"https:\/\/apuntesdesanluis.com\/#\/schema\/person\/b55151d52296fcce64d1a72538a70b90"},"image":{"@id":"https:\/\/apuntesdesanluis.com\/index.php\/2023\/10\/31\/martin-olivero-hasta-el-ultimo-dia-vamos-a-seguir-concretando-obras\/#primaryimage"},"thumbnailUrl":"https:\/\/apuntesdesanluis.com\/wp-content\/uploads\/2023\/10\/inauguracion.png","articleSection":["Ciudad\/Provincia"],"inLanguage":"es-AR"},{"@type":"WebPage","@id":"https:\/\/apuntesdesanluis.com\/index.php\/2023\/10\/31\/martin-olivero-hasta-el-ultimo-dia-vamos-a-seguir-concretando-obras\/","url":"https:\/\/apuntesdesanluis.com\/index.php\/2023\/10\/31\/martin-olivero-hasta-el-ultimo-dia-vamos-a-seguir-concretando-obras\/","name":"MART\u00cdN OLIVERO: \u201cHASTA EL \u00daLTIMO D\u00cdA VAMOS A SEGUIR CONCRETANDO OBRAS\u201d - Apuntes de San Luis","isPartOf":{"@id":"https:\/\/apuntesdesanluis.com\/#website"},"primaryImageOfPage":{"@id":"https:\/\/apuntesdesanluis.com\/index.php\/2023\/10\/31\/martin-olivero-hasta-el-ultimo-dia-vamos-a-seguir-concretando-obras\/#primaryimage"},"image":{"@id":"https:\/\/apuntesdesanluis.com\/index.php\/2023\/10\/31\/martin-olivero-hasta-el-ultimo-dia-vamos-a-seguir-concretando-obras\/#primaryimage"},"thumbnailUrl":"https:\/\/apuntesdesanluis.com\/wp-content\/uploads\/2023\/10\/inauguracion.png","datePublished":"2023-10-31T23:28:22+00:00","dateModified":"2023-10-31T23:40:10+00:00","breadcrumb":{"@id":"https:\/\/apuntesdesanluis.com\/index.php\/2023\/10\/31\/martin-olivero-hasta-el-ultimo-dia-vamos-a-seguir-concretando-obras\/#breadcrumb"},"inLanguage":"es-AR","potentialAction":[{"@type":"ReadAction","target":["https:\/\/apuntesdesanluis.com\/index.php\/2023\/10\/31\/martin-olivero-hasta-el-ultimo-dia-vamos-a-seguir-concretando-obras\/"]}]},{"@type":"ImageObject","inLanguage":"es-AR","@id":"https:\/\/apuntesdesanluis.com\/index.php\/2023\/10\/31\/martin-olivero-hasta-el-ultimo-dia-vamos-a-seguir-concretando-obras\/#primaryimage","url":"https:\/\/apuntesdesanluis.com\/wp-content\/uploads\/2023\/10\/inauguracion.png","contentUrl":"https:\/\/apuntesdesanluis.com\/wp-content\/uploads\/2023\/10\/inauguracion.png","width":600,"height":356},{"@type":"BreadcrumbList","@id":"https:\/\/apuntesdesanluis.com\/index.php\/2023\/10\/31\/martin-olivero-hasta-el-ultimo-dia-vamos-a-seguir-concretando-obras\/#breadcrumb","itemListElement":[{"@type":"ListItem","position":1,"name":"Inicio","item":"https:\/\/apuntesdesanluis.com\/"},{"@type":"ListItem","position":2,"name":"MART\u00cdN OLIVERO: \u201cHASTA EL \u00daLTIMO D\u00cdA VAMOS A SEGUIR CONCRETANDO OBRAS\u201d"}]},{"@type":"WebSite","@id":"https:\/\/apuntesdesanluis.com\/#website","url":"https:\/\/apuntesdesanluis.com\/","name":"Apuntes de San Luis","description":"","publisher":{"@id":"https:\/\/apuntesdesanluis.com\/#\/schema\/person\/b55151d52296fcce64d1a72538a70b90"},"potentialAction":[{"@type":"SearchAction","target":{"@type":"EntryPoint","urlTemplate":"https:\/\/apuntesdesanluis.com\/?s={search_term_string}"},"query-input":{"@type":"PropertyValueSpecification","valueRequired":true,"valueName":"search_term_string"}}],"inLanguage":"es-AR"},{"@type":["Person","Organization"],"@id":"https:\/\/apuntesdesanluis.com\/#\/schema\/person\/b55151d52296fcce64d1a72538a70b90","name":"apuntesdesanluis.com","image":{"@type":"ImageObject","inLanguage":"es-AR","@id":"https:\/\/apuntesdesanluis.com\/#\/schema\/person\/image\/","url":"https:\/\/apuntesdesanluis.com\/wp-content\/uploads\/2023\/07\/cropped-apuntesdesanluis.png","contentUrl":"https:\/\/apuntesdesanluis.com\/wp-content\/uploads\/2023\/07\/cropped-apuntesdesanluis.png","width":450,"height":112,"caption":"apuntesdesanluis.com"},"logo":{"@id":"https:\/\/apuntesdesanluis.com\/#\/schema\/person\/image\/"},"sameAs":["https:\/\/apuntesdesanluis.com"],"url":"https:\/\/apuntesdesanluis.com\/index.php\/author\/apuntesdesanluis-com\/"}]}},"featured_image_urls":{"full":["https:\/\/apuntesdesanluis.com\/wp-content\/uploads\/2023\/10\/inauguracion.png",600,356,false],"thumbnail":["https:\/\/apuntesdesanluis.com\/wp-content\/uploads\/2023\/10\/inauguracion-150x150.png",150,150,true],"medium":["https:\/\/apuntesdesanluis.com\/wp-content\/uploads\/2023\/10\/inauguracion-300x178.png",300,178,true],"medium_large":["https:\/\/apuntesdesanluis.com\/wp-content\/uploads\/2023\/10\/inauguracion.png",600,356,false],"large":["https:\/\/apuntesdesanluis.com\/wp-content\/uploads\/2023\/10\/inauguracion.png",600,356,false],"1536x1536":["https:\/\/apuntesdesanluis.com\/wp-content\/uploads\/2023\/10\/inauguracion.png",600,356,false],"2048x2048":["https:\/\/apuntesdesanluis.com\/wp-content\/uploads\/2023\/10\/inauguracion.png",600,356,false],"newsever-slider-full":["https:\/\/apuntesdesanluis.com\/wp-content\/uploads\/2023\/10\/inauguracion.png",600,356,false],"newsever-featured":["https:\/\/apuntesdesanluis.com\/wp-content\/uploads\/2023\/10\/inauguracion.png",600,356,false],"newsever-medium":["https:\/\/apuntesdesanluis.com\/wp-content\/uploads\/2023\/10\/inauguracion.png",600,356,false]},"author_info":{"display_name":"apuntesdesanluis.com","author_link":"https:\/\/apuntesdesanluis.com\/index.php\/author\/apuntesdesanluis-com\/"},"category_info":"<a href=\"https:\/\/apuntesdesanluis.com\/index.php\/category\/ciudad-provincia\/\" rel=\"category tag\">Ciudad\/Provincia<\/a>","tag_info":"Ciudad\/Provincia","comment_count":"0","_links":{"self":[{"href":"https:\/\/apuntesdesanluis.com\/index.php\/wp-json\/wp\/v2\/posts\/6134","targetHints":{"allow":["GET"]}}],"collection":[{"href":"https:\/\/apuntesdesanluis.com\/index.php\/wp-json\/wp\/v2\/posts"}],"about":[{"href":"https:\/\/apuntesdesanluis.com\/index.php\/wp-json\/wp\/v2\/types\/post"}],"author":[{"embeddable":true,"href":"https:\/\/apuntesdesanluis.com\/index.php\/wp-json\/wp\/v2\/users\/1"}],"replies":[{"embeddable":true,"href":"https:\/\/apuntesdesanluis.com\/index.php\/wp-json\/wp\/v2\/comments?post=6134"}],"version-history":[{"count":4,"href":"https:\/\/apuntesdesanluis.com\/index.php\/wp-json\/wp\/v2\/posts\/6134\/revisions"}],"predecessor-version":[{"id":6141,"href":"https:\/\/apuntesdesanluis.com\/index.php\/wp-json\/wp\/v2\/posts\/6134\/revisions\/6141"}],"wp:featuredmedia":[{"embeddable":true,"href":"https:\/\/apuntesdesanluis.com\/index.php\/wp-json\/wp\/v2\/media\/6135"}],"wp:attachment":[{"href":"https:\/\/apuntesdesanluis.com\/index.php\/wp-json\/wp\/v2\/media?parent=6134"}],"wp:term":[{"taxonomy":"category","embeddable":true,"href":"https:\/\/apuntesdesanluis.com\/index.php\/wp-json\/wp\/v2\/categories?post=6134"},{"taxonomy":"post_tag","embeddable":true,"href":"https:\/\/apuntesdesanluis.com\/index.php\/wp-json\/wp\/v2\/tags?post=6134"}],"curies":[{"name":"wp","href":"https:\/\/api.w.org\/{rel}","templated":true}]}}