{"id":6148,"date":"2023-10-31T21:20:29","date_gmt":"2023-11-01T00:20:29","guid":{"rendered":"https:\/\/apuntesdesanluis.com\/?p=6148"},"modified":"2023-10-31T21:21:12","modified_gmt":"2023-11-01T00:21:12","slug":"massa-anuncio-que-desde-enero-los-programas-sociales-pasaran-a-ser-de-inclusion-laboral","status":"publish","type":"post","link":"https:\/\/apuntesdesanluis.com\/index.php\/2023\/10\/31\/massa-anuncio-que-desde-enero-los-programas-sociales-pasaran-a-ser-de-inclusion-laboral\/","title":{"rendered":"MASSA ANUNCI\u00d3 QUE DESDE ENERO LOS PROGRAMAS SOCIALES PASAR\u00c1N A SER &#8220;DE INCLUSI\u00d3N LABORAL&#8221;"},"content":{"rendered":"<h3>La iniciativa estar\u00e1 acompa\u00f1ada de capacitaci\u00f3n laboral obligatoria, inscripci\u00f3n en las bolsas de empleo de cada una de las ciudades y gerencias de empleo y el control de contraprestaciones&#8221;. Adem\u00e1s, las personas con pensi\u00f3n por discapacidad podr\u00e1n acceder al mercado de trabajo.<\/h3>\n<h3>El ministro de Econom\u00eda y candidato presidencial de Uni\u00f3n por la Patria (UxP), <strong>Sergio Massa<\/strong>, anunci\u00f3 que a partir del 1 de enero de 2024 los programas sociales pasar\u00e1n a integrar el programa de inclusi\u00f3n laboral, lo que implica un &#8220;nuevo cambio en el sistema de programas sociales&#8221;.<\/h3>\n<h3>Desde el Ministerio de Econom\u00eda, Massa detall\u00f3 que, a partir de esa fecha, los programas sociales &#8220;van a tener capacitaci\u00f3n laboral obligatoria, inscripci\u00f3n en las bolsas de empleo de cada una de las ciudades y de cada una de las gerencias de empleo, y el control de contraprestaci\u00f3n, tanto en las unidades ejecutoras de desarrollo de programas productivos como en las actividades que desarrollen en provincias, municipios o empresas&#8221;.<\/h3>\n<h3>El funcionario indic\u00f3 que esta medida, que ser\u00e1 publicada este mi\u00e9rcoles en el Bolet\u00edn Oficial, implica &#8220;consolidar&#8221; en &#8220;paralelo&#8221; el programa Un Puente al Empleo, y por el que &#8220;aquel que tenga un programa social y pase a trabajar en una empresa va a mantener el beneficio durante un a\u00f1o, y el empleador va a tener que completar el salario de convenio&#8221;.<\/h3>\n<h3>Adem\u00e1s, &#8220;para incentivar&#8221; que los empleadores &#8220;tomen a estos beneficiarios&#8221;, no van a &#8220;pagar cargas sociales durante dos a\u00f1os de estos trabajadores&#8221;.<\/h3>\n<h3>Massa sostuvo que &#8220;el enorme desaf\u00edo que recorre la Argentina es entender que trabajo y educaci\u00f3n son los dos motores de movilidad social ascendente, y que generar oportunidades a aquellos que a lo largo de muchos a\u00f1os fueron excluidos por diferentes crisis econ\u00f3micas y sociales tiene que ser una barrera que rompamos para garantizar que la inclusi\u00f3n en el mercado de trabajo genere las oportunidades que los beneficiarios de programas sociales tengan definitivamente sus oportunidades&#8221;.<\/h3>\n<h3>&#8220;Es muy importante que generemos beneficios impositivos y eliminaci\u00f3n de restricciones pero, sobre todas las cosas, garant\u00eda de oportunidades a los efectos de que la Argentina del trabajo sea una realidad para todos y todas los argentinos&#8221;, subray\u00f3 Massa.<\/h3>\n<h3>Despu\u00e9s del anuncio, la ministra de Desarrollo Social, Victoria Tolosa Paz, destac\u00f3 la medida al remarcar que &#8220;en la Argentina que viene tenemos que poner todo el esfuerzo en la inclusi\u00f3n laboral de todos los que hoy tienen un Potenciar Trabajo&#8221;.<\/h3>\n<h3>Massa anunci\u00f3 que personas con pensi\u00f3n por discapacidad podr\u00e1n acceder al mercado de trabajo.<\/h3>\n<p>&nbsp;<\/p>\n<p><iframe title=\"Medidas para personas con discapacidad y cambio de programas sociales en programas de empleo\" width=\"640\" height=\"360\" src=\"https:\/\/www.youtube.com\/embed\/7IL_4YmQKc8?start=2&#038;feature=oembed\" frameborder=\"0\" allow=\"accelerometer; autoplay; clipboard-write; encrypted-media; gyroscope; picture-in-picture; web-share\" referrerpolicy=\"strict-origin-when-cross-origin\" allowfullscreen><\/iframe><\/p>\n<h3><strong>PERSONAS CON PENSI\u00d3N POR DISCAPACIDAD<\/strong><\/h3>\n<h3>El ministro de Econom\u00eda anunci\u00f3 que a partir de este mi\u00e9rcoles dejar\u00e1 de regir el impedimento formal para que las personas que tienen pensi\u00f3n por discapacidad no puedan acceder al mercado de trabajo, por lo que se eliminar\u00e1 esa &#8220;barrera y esa pared&#8221; que hab\u00eda nacido como un derecho &#8220;protectivo del Estado&#8221; y que termin\u00f3 funcionando como un &#8220;l\u00edmite&#8221;.<\/h3>\n<h3>Desde el Ministerio de Econom\u00eda, Massa anticip\u00f3 que esa medida se publicar\u00e1 ma\u00f1ana en el Bolet\u00edn Oficial, con el objetivo de lograr la &#8220;integraci\u00f3n en el mercado de trabajo de las personas con discapacidad&#8221;.<\/h3>\n<h3>El titular del Palacio de Hacienda consider\u00f3 que &#8220;a lo largo de los \u00faltimos a\u00f1os nos enfrentamos a la absurda contradicci\u00f3n de que quien tiene una pensi\u00f3n por discapacidad no puede acceder al mercado de trabajo porque se le suspende la pensi\u00f3n. De manera que un derecho protectivo que el Estado hab\u00eda dise\u00f1ado funciona como un l\u00edmite para el desarrollo de las personas con discapacidad&#8221;.<\/h3>\n<h3>&#8220;Parte del desaf\u00edo de inclusi\u00f3n en Argentina debe estar respaldado en la inclusi\u00f3n de las personas con discapacidad en el mercado de trabajo. Hemos decidido eliminar esa barrera que representa para las personas con discapacidad el l\u00edmite entre la pensi\u00f3n y el trabajo&#8221;, se\u00f1al\u00f3 el candidato presidencial de Uni\u00f3n por la Patria, en sinton\u00eda con sus promesas de campa\u00f1a.<\/h3>\n<h3>Y afirm\u00f3 que &#8220;desde ma\u00f1ana las personas con discapacidad beneficiarias de la pensi\u00f3n no van a ver suspendida su pensi\u00f3n&#8221;, sino que &#8220;van a poder integrar la pensi\u00f3n a su ingreso en el mercado de trabajo&#8221;.<\/h3>\n<h3>&#8220;El objetivo es incluir, ampliar oportunidades. Es un primer paso en un proceso en que adem\u00e1s debemos consolidar el proceso de inclusi\u00f3n rompiendo barreras arquitect\u00f3nicas a partir de un Estado que trabaje en el dise\u00f1o de ciudades inclusivas&#8221;, a\u00f1adi\u00f3.<\/h3>\n<p>&nbsp;<\/p>\n<p>&nbsp;<\/p>\n<p>&nbsp;<\/p>\n","protected":false},"excerpt":{"rendered":"<p>La iniciativa estar\u00e1 acompa\u00f1ada de capacitaci\u00f3n laboral obligatoria, inscripci\u00f3n en las bolsas de empleo de&#8230;<\/p>\n","protected":false},"author":1,"featured_media":3271,"comment_status":"closed","ping_status":"closed","sticky":false,"template":"","format":"standard","meta":{"footnotes":""},"categories":[5],"tags":[],"class_list":["post-6148","post","type-post","status-publish","format-standard","has-post-thumbnail","hentry","category-nacionales-internacionales"],"yoast_head":"<!-- This site is optimized with the Yoast SEO plugin v26.1.1 - https:\/\/yoast.com\/wordpress\/plugins\/seo\/ -->\n<title>MASSA ANUNCI\u00d3 QUE DESDE ENERO LOS PROGRAMAS SOCIALES PASAR\u00c1N A SER &quot;DE INCLUSI\u00d3N LABORAL&quot; - Apuntes de San Luis<\/title>\n<meta name=\"robots\" content=\"index, follow, max-snippet:-1, max-image-preview:large, max-video-preview:-1\" \/>\n<link rel=\"canonical\" href=\"https:\/\/apuntesdesanluis.com\/index.php\/2023\/10\/31\/massa-anuncio-que-desde-enero-los-programas-sociales-pasaran-a-ser-de-inclusion-laboral\/\" \/>\n<meta property=\"og:locale\" content=\"es_ES\" \/>\n<meta property=\"og:type\" content=\"article\" \/>\n<meta property=\"og:title\" content=\"MASSA ANUNCI\u00d3 QUE DESDE ENERO LOS PROGRAMAS SOCIALES PASAR\u00c1N A SER &quot;DE INCLUSI\u00d3N LABORAL&quot; - Apuntes de San Luis\" \/>\n<meta property=\"og:description\" content=\"La iniciativa estar\u00e1 acompa\u00f1ada de capacitaci\u00f3n laboral obligatoria, inscripci\u00f3n en las bolsas de empleo de...\" \/>\n<meta property=\"og:url\" content=\"https:\/\/apuntesdesanluis.com\/index.php\/2023\/10\/31\/massa-anuncio-que-desde-enero-los-programas-sociales-pasaran-a-ser-de-inclusion-laboral\/\" \/>\n<meta property=\"og:site_name\" content=\"Apuntes de San Luis\" \/>\n<meta property=\"article:published_time\" content=\"2023-11-01T00:20:29+00:00\" \/>\n<meta property=\"article:modified_time\" content=\"2023-11-01T00:21:12+00:00\" \/>\n<meta property=\"og:image\" content=\"https:\/\/apuntesdesanluis.com\/wp-content\/uploads\/2023\/09\/massa-2.png\" \/>\n\t<meta property=\"og:image:width\" content=\"798\" \/>\n\t<meta property=\"og:image:height\" content=\"519\" \/>\n\t<meta property=\"og:image:type\" content=\"image\/png\" \/>\n<meta name=\"author\" content=\"apuntesdesanluis.com\" \/>\n<meta name=\"twitter:card\" content=\"summary_large_image\" \/>\n<meta name=\"twitter:label1\" content=\"Escrito por\" \/>\n\t<meta name=\"twitter:data1\" content=\"apuntesdesanluis.com\" \/>\n\t<meta name=\"twitter:label2\" content=\"Tiempo de lectura\" \/>\n\t<meta name=\"twitter:data2\" content=\"4 minutos\" \/>\n<script type=\"application\/ld+json\" class=\"yoast-schema-graph\">{\"@context\":\"https:\/\/schema.org\",\"@graph\":[{\"@type\":\"Article\",\"@id\":\"https:\/\/apuntesdesanluis.com\/index.php\/2023\/10\/31\/massa-anuncio-que-desde-enero-los-programas-sociales-pasaran-a-ser-de-inclusion-laboral\/#article\",\"isPartOf\":{\"@id\":\"https:\/\/apuntesdesanluis.com\/index.php\/2023\/10\/31\/massa-anuncio-que-desde-enero-los-programas-sociales-pasaran-a-ser-de-inclusion-laboral\/\"},\"author\":{\"name\":\"apuntesdesanluis.com\",\"@id\":\"https:\/\/apuntesdesanluis.com\/#\/schema\/person\/b55151d52296fcce64d1a72538a70b90\"},\"headline\":\"MASSA ANUNCI\u00d3 QUE DESDE ENERO LOS PROGRAMAS SOCIALES PASAR\u00c1N A SER &#8220;DE INCLUSI\u00d3N LABORAL&#8221;\",\"datePublished\":\"2023-11-01T00:20:29+00:00\",\"dateModified\":\"2023-11-01T00:21:12+00:00\",\"mainEntityOfPage\":{\"@id\":\"https:\/\/apuntesdesanluis.com\/index.php\/2023\/10\/31\/massa-anuncio-que-desde-enero-los-programas-sociales-pasaran-a-ser-de-inclusion-laboral\/\"},\"wordCount\":804,\"publisher\":{\"@id\":\"https:\/\/apuntesdesanluis.com\/#\/schema\/person\/b55151d52296fcce64d1a72538a70b90\"},\"image\":{\"@id\":\"https:\/\/apuntesdesanluis.com\/index.php\/2023\/10\/31\/massa-anuncio-que-desde-enero-los-programas-sociales-pasaran-a-ser-de-inclusion-laboral\/#primaryimage\"},\"thumbnailUrl\":\"https:\/\/apuntesdesanluis.com\/wp-content\/uploads\/2023\/09\/massa-2.png\",\"articleSection\":[\"Nacionales\/Internacionales\"],\"inLanguage\":\"es-AR\"},{\"@type\":\"WebPage\",\"@id\":\"https:\/\/apuntesdesanluis.com\/index.php\/2023\/10\/31\/massa-anuncio-que-desde-enero-los-programas-sociales-pasaran-a-ser-de-inclusion-laboral\/\",\"url\":\"https:\/\/apuntesdesanluis.com\/index.php\/2023\/10\/31\/massa-anuncio-que-desde-enero-los-programas-sociales-pasaran-a-ser-de-inclusion-laboral\/\",\"name\":\"MASSA ANUNCI\u00d3 QUE DESDE ENERO LOS PROGRAMAS SOCIALES PASAR\u00c1N A SER \\\"DE INCLUSI\u00d3N LABORAL\\\" - Apuntes de San Luis\",\"isPartOf\":{\"@id\":\"https:\/\/apuntesdesanluis.com\/#website\"},\"primaryImageOfPage\":{\"@id\":\"https:\/\/apuntesdesanluis.com\/index.php\/2023\/10\/31\/massa-anuncio-que-desde-enero-los-programas-sociales-pasaran-a-ser-de-inclusion-laboral\/#primaryimage\"},\"image\":{\"@id\":\"https:\/\/apuntesdesanluis.com\/index.php\/2023\/10\/31\/massa-anuncio-que-desde-enero-los-programas-sociales-pasaran-a-ser-de-inclusion-laboral\/#primaryimage\"},\"thumbnailUrl\":\"https:\/\/apuntesdesanluis.com\/wp-content\/uploads\/2023\/09\/massa-2.png\",\"datePublished\":\"2023-11-01T00:20:29+00:00\",\"dateModified\":\"2023-11-01T00:21:12+00:00\",\"breadcrumb\":{\"@id\":\"https:\/\/apuntesdesanluis.com\/index.php\/2023\/10\/31\/massa-anuncio-que-desde-enero-los-programas-sociales-pasaran-a-ser-de-inclusion-laboral\/#breadcrumb\"},\"inLanguage\":\"es-AR\",\"potentialAction\":[{\"@type\":\"ReadAction\",\"target\":[\"https:\/\/apuntesdesanluis.com\/index.php\/2023\/10\/31\/massa-anuncio-que-desde-enero-los-programas-sociales-pasaran-a-ser-de-inclusion-laboral\/\"]}]},{\"@type\":\"ImageObject\",\"inLanguage\":\"es-AR\",\"@id\":\"https:\/\/apuntesdesanluis.com\/index.php\/2023\/10\/31\/massa-anuncio-que-desde-enero-los-programas-sociales-pasaran-a-ser-de-inclusion-laboral\/#primaryimage\",\"url\":\"https:\/\/apuntesdesanluis.com\/wp-content\/uploads\/2023\/09\/massa-2.png\",\"contentUrl\":\"https:\/\/apuntesdesanluis.com\/wp-content\/uploads\/2023\/09\/massa-2.png\",\"width\":798,\"height\":519},{\"@type\":\"BreadcrumbList\",\"@id\":\"https:\/\/apuntesdesanluis.com\/index.php\/2023\/10\/31\/massa-anuncio-que-desde-enero-los-programas-sociales-pasaran-a-ser-de-inclusion-laboral\/#breadcrumb\",\"itemListElement\":[{\"@type\":\"ListItem\",\"position\":1,\"name\":\"Inicio\",\"item\":\"https:\/\/apuntesdesanluis.com\/\"},{\"@type\":\"ListItem\",\"position\":2,\"name\":\"MASSA ANUNCI\u00d3 QUE DESDE ENERO LOS PROGRAMAS SOCIALES PASAR\u00c1N A SER &#8220;DE INCLUSI\u00d3N LABORAL&#8221;\"}]},{\"@type\":\"WebSite\",\"@id\":\"https:\/\/apuntesdesanluis.com\/#website\",\"url\":\"https:\/\/apuntesdesanluis.com\/\",\"name\":\"Apuntes de San Luis\",\"description\":\"\",\"publisher\":{\"@id\":\"https:\/\/apuntesdesanluis.com\/#\/schema\/person\/b55151d52296fcce64d1a72538a70b90\"},\"potentialAction\":[{\"@type\":\"SearchAction\",\"target\":{\"@type\":\"EntryPoint\",\"urlTemplate\":\"https:\/\/apuntesdesanluis.com\/?s={search_term_string}\"},\"query-input\":{\"@type\":\"PropertyValueSpecification\",\"valueRequired\":true,\"valueName\":\"search_term_string\"}}],\"inLanguage\":\"es-AR\"},{\"@type\":[\"Person\",\"Organization\"],\"@id\":\"https:\/\/apuntesdesanluis.com\/#\/schema\/person\/b55151d52296fcce64d1a72538a70b90\",\"name\":\"apuntesdesanluis.com\",\"image\":{\"@type\":\"ImageObject\",\"inLanguage\":\"es-AR\",\"@id\":\"https:\/\/apuntesdesanluis.com\/#\/schema\/person\/image\/\",\"url\":\"https:\/\/apuntesdesanluis.com\/wp-content\/uploads\/2023\/07\/cropped-apuntesdesanluis.png\",\"contentUrl\":\"https:\/\/apuntesdesanluis.com\/wp-content\/uploads\/2023\/07\/cropped-apuntesdesanluis.png\",\"width\":450,\"height\":112,\"caption\":\"apuntesdesanluis.com\"},\"logo\":{\"@id\":\"https:\/\/apuntesdesanluis.com\/#\/schema\/person\/image\/\"},\"sameAs\":[\"https:\/\/apuntesdesanluis.com\"],\"url\":\"https:\/\/apuntesdesanluis.com\/index.php\/author\/apuntesdesanluis-com\/\"}]}<\/script>\n<!-- \/ Yoast SEO plugin. -->","yoast_head_json":{"title":"MASSA ANUNCI\u00d3 QUE DESDE ENERO LOS PROGRAMAS SOCIALES PASAR\u00c1N A SER \"DE INCLUSI\u00d3N LABORAL\" - Apuntes de San Luis","robots":{"index":"index","follow":"follow","max-snippet":"max-snippet:-1","max-image-preview":"max-image-preview:large","max-video-preview":"max-video-preview:-1"},"canonical":"https:\/\/apuntesdesanluis.com\/index.php\/2023\/10\/31\/massa-anuncio-que-desde-enero-los-programas-sociales-pasaran-a-ser-de-inclusion-laboral\/","og_locale":"es_ES","og_type":"article","og_title":"MASSA ANUNCI\u00d3 QUE DESDE ENERO LOS PROGRAMAS SOCIALES PASAR\u00c1N A SER \"DE INCLUSI\u00d3N LABORAL\" - Apuntes de San Luis","og_description":"La iniciativa estar\u00e1 acompa\u00f1ada de capacitaci\u00f3n laboral obligatoria, inscripci\u00f3n en las bolsas de empleo de...","og_url":"https:\/\/apuntesdesanluis.com\/index.php\/2023\/10\/31\/massa-anuncio-que-desde-enero-los-programas-sociales-pasaran-a-ser-de-inclusion-laboral\/","og_site_name":"Apuntes de San Luis","article_published_time":"2023-11-01T00:20:29+00:00","article_modified_time":"2023-11-01T00:21:12+00:00","og_image":[{"width":798,"height":519,"url":"https:\/\/apuntesdesanluis.com\/wp-content\/uploads\/2023\/09\/massa-2.png","type":"image\/png"}],"author":"apuntesdesanluis.com","twitter_card":"summary_large_image","twitter_misc":{"Escrito por":"apuntesdesanluis.com","Tiempo de lectura":"4 minutos"},"schema":{"@context":"https:\/\/schema.org","@graph":[{"@type":"Article","@id":"https:\/\/apuntesdesanluis.com\/index.php\/2023\/10\/31\/massa-anuncio-que-desde-enero-los-programas-sociales-pasaran-a-ser-de-inclusion-laboral\/#article","isPartOf":{"@id":"https:\/\/apuntesdesanluis.com\/index.php\/2023\/10\/31\/massa-anuncio-que-desde-enero-los-programas-sociales-pasaran-a-ser-de-inclusion-laboral\/"},"author":{"name":"apuntesdesanluis.com","@id":"https:\/\/apuntesdesanluis.com\/#\/schema\/person\/b55151d52296fcce64d1a72538a70b90"},"headline":"MASSA ANUNCI\u00d3 QUE DESDE ENERO LOS PROGRAMAS SOCIALES PASAR\u00c1N A SER &#8220;DE INCLUSI\u00d3N LABORAL&#8221;","datePublished":"2023-11-01T00:20:29+00:00","dateModified":"2023-11-01T00:21:12+00:00","mainEntityOfPage":{"@id":"https:\/\/apuntesdesanluis.com\/index.php\/2023\/10\/31\/massa-anuncio-que-desde-enero-los-programas-sociales-pasaran-a-ser-de-inclusion-laboral\/"},"wordCount":804,"publisher":{"@id":"https:\/\/apuntesdesanluis.com\/#\/schema\/person\/b55151d52296fcce64d1a72538a70b90"},"image":{"@id":"https:\/\/apuntesdesanluis.com\/index.php\/2023\/10\/31\/massa-anuncio-que-desde-enero-los-programas-sociales-pasaran-a-ser-de-inclusion-laboral\/#primaryimage"},"thumbnailUrl":"https:\/\/apuntesdesanluis.com\/wp-content\/uploads\/2023\/09\/massa-2.png","articleSection":["Nacionales\/Internacionales"],"inLanguage":"es-AR"},{"@type":"WebPage","@id":"https:\/\/apuntesdesanluis.com\/index.php\/2023\/10\/31\/massa-anuncio-que-desde-enero-los-programas-sociales-pasaran-a-ser-de-inclusion-laboral\/","url":"https:\/\/apuntesdesanluis.com\/index.php\/2023\/10\/31\/massa-anuncio-que-desde-enero-los-programas-sociales-pasaran-a-ser-de-inclusion-laboral\/","name":"MASSA ANUNCI\u00d3 QUE DESDE ENERO LOS PROGRAMAS SOCIALES PASAR\u00c1N A SER \"DE INCLUSI\u00d3N LABORAL\" - Apuntes de San Luis","isPartOf":{"@id":"https:\/\/apuntesdesanluis.com\/#website"},"primaryImageOfPage":{"@id":"https:\/\/apuntesdesanluis.com\/index.php\/2023\/10\/31\/massa-anuncio-que-desde-enero-los-programas-sociales-pasaran-a-ser-de-inclusion-laboral\/#primaryimage"},"image":{"@id":"https:\/\/apuntesdesanluis.com\/index.php\/2023\/10\/31\/massa-anuncio-que-desde-enero-los-programas-sociales-pasaran-a-ser-de-inclusion-laboral\/#primaryimage"},"thumbnailUrl":"https:\/\/apuntesdesanluis.com\/wp-content\/uploads\/2023\/09\/massa-2.png","datePublished":"2023-11-01T00:20:29+00:00","dateModified":"2023-11-01T00:21:12+00:00","breadcrumb":{"@id":"https:\/\/apuntesdesanluis.com\/index.php\/2023\/10\/31\/massa-anuncio-que-desde-enero-los-programas-sociales-pasaran-a-ser-de-inclusion-laboral\/#breadcrumb"},"inLanguage":"es-AR","potentialAction":[{"@type":"ReadAction","target":["https:\/\/apuntesdesanluis.com\/index.php\/2023\/10\/31\/massa-anuncio-que-desde-enero-los-programas-sociales-pasaran-a-ser-de-inclusion-laboral\/"]}]},{"@type":"ImageObject","inLanguage":"es-AR","@id":"https:\/\/apuntesdesanluis.com\/index.php\/2023\/10\/31\/massa-anuncio-que-desde-enero-los-programas-sociales-pasaran-a-ser-de-inclusion-laboral\/#primaryimage","url":"https:\/\/apuntesdesanluis.com\/wp-content\/uploads\/2023\/09\/massa-2.png","contentUrl":"https:\/\/apuntesdesanluis.com\/wp-content\/uploads\/2023\/09\/massa-2.png","width":798,"height":519},{"@type":"BreadcrumbList","@id":"https:\/\/apuntesdesanluis.com\/index.php\/2023\/10\/31\/massa-anuncio-que-desde-enero-los-programas-sociales-pasaran-a-ser-de-inclusion-laboral\/#breadcrumb","itemListElement":[{"@type":"ListItem","position":1,"name":"Inicio","item":"https:\/\/apuntesdesanluis.com\/"},{"@type":"ListItem","position":2,"name":"MASSA ANUNCI\u00d3 QUE DESDE ENERO LOS PROGRAMAS SOCIALES PASAR\u00c1N A SER &#8220;DE INCLUSI\u00d3N LABORAL&#8221;"}]},{"@type":"WebSite","@id":"https:\/\/apuntesdesanluis.com\/#website","url":"https:\/\/apuntesdesanluis.com\/","name":"Apuntes de San Luis","description":"","publisher":{"@id":"https:\/\/apuntesdesanluis.com\/#\/schema\/person\/b55151d52296fcce64d1a72538a70b90"},"potentialAction":[{"@type":"SearchAction","target":{"@type":"EntryPoint","urlTemplate":"https:\/\/apuntesdesanluis.com\/?s={search_term_string}"},"query-input":{"@type":"PropertyValueSpecification","valueRequired":true,"valueName":"search_term_string"}}],"inLanguage":"es-AR"},{"@type":["Person","Organization"],"@id":"https:\/\/apuntesdesanluis.com\/#\/schema\/person\/b55151d52296fcce64d1a72538a70b90","name":"apuntesdesanluis.com","image":{"@type":"ImageObject","inLanguage":"es-AR","@id":"https:\/\/apuntesdesanluis.com\/#\/schema\/person\/image\/","url":"https:\/\/apuntesdesanluis.com\/wp-content\/uploads\/2023\/07\/cropped-apuntesdesanluis.png","contentUrl":"https:\/\/apuntesdesanluis.com\/wp-content\/uploads\/2023\/07\/cropped-apuntesdesanluis.png","width":450,"height":112,"caption":"apuntesdesanluis.com"},"logo":{"@id":"https:\/\/apuntesdesanluis.com\/#\/schema\/person\/image\/"},"sameAs":["https:\/\/apuntesdesanluis.com"],"url":"https:\/\/apuntesdesanluis.com\/index.php\/author\/apuntesdesanluis-com\/"}]}},"featured_image_urls":{"full":["https:\/\/apuntesdesanluis.com\/wp-content\/uploads\/2023\/09\/massa-2.png",798,519,false],"thumbnail":["https:\/\/apuntesdesanluis.com\/wp-content\/uploads\/2023\/09\/massa-2-150x150.png",150,150,true],"medium":["https:\/\/apuntesdesanluis.com\/wp-content\/uploads\/2023\/09\/massa-2-300x195.png",300,195,true],"medium_large":["https:\/\/apuntesdesanluis.com\/wp-content\/uploads\/2023\/09\/massa-2-768x499.png",640,416,true],"large":["https:\/\/apuntesdesanluis.com\/wp-content\/uploads\/2023\/09\/massa-2.png",640,416,false],"1536x1536":["https:\/\/apuntesdesanluis.com\/wp-content\/uploads\/2023\/09\/massa-2.png",798,519,false],"2048x2048":["https:\/\/apuntesdesanluis.com\/wp-content\/uploads\/2023\/09\/massa-2.png",798,519,false],"newsever-slider-full":["https:\/\/apuntesdesanluis.com\/wp-content\/uploads\/2023\/09\/massa-2.png",798,519,false],"newsever-featured":["https:\/\/apuntesdesanluis.com\/wp-content\/uploads\/2023\/09\/massa-2.png",798,519,false],"newsever-medium":["https:\/\/apuntesdesanluis.com\/wp-content\/uploads\/2023\/09\/massa-2-720x475.png",720,475,true]},"author_info":{"display_name":"apuntesdesanluis.com","author_link":"https:\/\/apuntesdesanluis.com\/index.php\/author\/apuntesdesanluis-com\/"},"category_info":"<a href=\"https:\/\/apuntesdesanluis.com\/index.php\/category\/nacionales-internacionales\/\" rel=\"category tag\">Nacionales\/Internacionales<\/a>","tag_info":"Nacionales\/Internacionales","comment_count":"0","_links":{"self":[{"href":"https:\/\/apuntesdesanluis.com\/index.php\/wp-json\/wp\/v2\/posts\/6148","targetHints":{"allow":["GET"]}}],"collection":[{"href":"https:\/\/apuntesdesanluis.com\/index.php\/wp-json\/wp\/v2\/posts"}],"about":[{"href":"https:\/\/apuntesdesanluis.com\/index.php\/wp-json\/wp\/v2\/types\/post"}],"author":[{"embeddable":true,"href":"https:\/\/apuntesdesanluis.com\/index.php\/wp-json\/wp\/v2\/users\/1"}],"replies":[{"embeddable":true,"href":"https:\/\/apuntesdesanluis.com\/index.php\/wp-json\/wp\/v2\/comments?post=6148"}],"version-history":[{"count":3,"href":"https:\/\/apuntesdesanluis.com\/index.php\/wp-json\/wp\/v2\/posts\/6148\/revisions"}],"predecessor-version":[{"id":6151,"href":"https:\/\/apuntesdesanluis.com\/index.php\/wp-json\/wp\/v2\/posts\/6148\/revisions\/6151"}],"wp:featuredmedia":[{"embeddable":true,"href":"https:\/\/apuntesdesanluis.com\/index.php\/wp-json\/wp\/v2\/media\/3271"}],"wp:attachment":[{"href":"https:\/\/apuntesdesanluis.com\/index.php\/wp-json\/wp\/v2\/media?parent=6148"}],"wp:term":[{"taxonomy":"category","embeddable":true,"href":"https:\/\/apuntesdesanluis.com\/index.php\/wp-json\/wp\/v2\/categories?post=6148"},{"taxonomy":"post_tag","embeddable":true,"href":"https:\/\/apuntesdesanluis.com\/index.php\/wp-json\/wp\/v2\/tags?post=6148"}],"curies":[{"name":"wp","href":"https:\/\/api.w.org\/{rel}","templated":true}]}}