{"id":6155,"date":"2023-10-31T21:32:54","date_gmt":"2023-11-01T00:32:54","guid":{"rendered":"https:\/\/apuntesdesanluis.com\/?p=6155"},"modified":"2023-10-31T21:32:54","modified_gmt":"2023-11-01T00:32:54","slug":"el-pro-y-milei-fortalecen-lazos-y-ya-coordinan-la-fiscalizacion-del-balotaje","status":"publish","type":"post","link":"https:\/\/apuntesdesanluis.com\/index.php\/2023\/10\/31\/el-pro-y-milei-fortalecen-lazos-y-ya-coordinan-la-fiscalizacion-del-balotaje\/","title":{"rendered":"EL PRO Y MILEI FORTALECEN LAZOS Y YA COORDINAN LA FISCALIZACI\u00d3N DEL BALOTAJE"},"content":{"rendered":"<h3>A 19 d\u00edas del balotaje, los equipos de <strong>La Libertat Avanza<\/strong> y el <strong>PRO<\/strong> trabajan a toda m\u00e1quina para coordinar el operativo de fiscalizaci\u00f3n para controlar los votos en el mano a mano con <strong>Sergio Massa<\/strong>.<\/h3>\n<h3>Tras el respaldo de <strong>Mauricio Macri<\/strong> y <strong>Patricia Bullrich<\/strong>, el paso siguiente en la alianza pol\u00edtica es organizar el cuidado de los votos, un trabajo que ya est\u00e1 en marcha.<\/h3>\n<h3>Por el lado de <strong>Javier Milei<\/strong> estuvieron en la mesa de coordinaci\u00f3n Guillermo Ferraro -quien ser\u00eda su ministro de Infraestructura-, Guillermo Francos -Interior- y Sandra Pettovello (la posible ministra de Capital Humano).<\/h3>\n<h3>Por el PRO la encargada de ordenar el trabajo es la ex embajadora ante la OEA Paula Bertol, quien encabez\u00f3 el operativo para Patricia Bullrich hasta la primera vuelta, y el ex jefe de asesores de Macri Jos\u00e9 Torello.<\/h3>\n<h3>El encuentro entre ambos sectores es el paso dos del plan que diagramaron Milei, Macri y Bullrich el martes pasado, cuando se reunieron en la casa del ex presidente en Acassuso.<\/h3>\n<h3>Otro de los pedidos de Macri fue bajar el tono a la campa\u00f1a altisonante que ven\u00eda llevando el libertario, que en los \u00faltimos d\u00edas ya empez\u00f3 a tener distintas actividades, como recorridas por comercios y f\u00e1bricas, dejando de lado al menos por ahora las caravanas donde supo mostrarse con motosierras.<\/h3>\n<h3>Milei afirm\u00f3 que el balotaje &#8220;es la batalla final por el esp\u00edritu&#8221; de la Argentina e insto a quienes deseen &#8220;un cambio&#8221; a que voten por su espacio pol\u00edtico, en otro claro gesto de moderaci\u00f3n despu\u00e9s de su acuerdo con Patricia Bullrich y Mauricio Macri.<\/h3>\n<h3>En un mensaje que se viraliz\u00f3 a trav\u00e9s de WhatsApp en las \u00faltimas, el libertario le habl\u00f3 a quienes lo votan y a quienes salen a militar por su campa\u00f1a.<\/h3>\n<h3>Para Milei, en las elecciones del 19 de noviembre &#8220;lo que se define es si la Argentina contin\u00faa presa de esta clase pol\u00edtica que tanto da\u00f1o ha ocasionado o si cambia para abrazar las ideas que hicieron grande este pa\u00eds&#8221;.<\/h3>\n<h3>&#8220;Nos enfrentamos a un candidato que tiene todo el poder de su lado. Tiene el poder del Estado, es socio del poder econ\u00f3mico; tiene recursos ilimitados; y una ambici\u00f3n de poder descomunal. Massa va a hacer todo lo que tenga a su alcance para ganar la elecci\u00f3n. Nos va a difamar, nos va a operar, va a intentar generar ciza\u00f1a entre nuestras filas, va a comprar a todos los medios que est\u00e9n a la venta; y a todos los dirigentes que est\u00e9n a la venta tambi\u00e9n&#8221;, indic\u00f3 Milei.<\/h3>\n<h3>Sostuvo que el ministro de Econom\u00eda &#8220;es el candidato del establishment&#8221; y la &#8220;Argentina adopt\u00f3 un modelo corporativo hace cien a\u00f1os que ha destruido nuestro pa\u00eds y Massa es la representaci\u00f3n m\u00e1s clara de ese modelo&#8221;.<\/h3>\n<h3>&#8220;Es un candidato al servicio de los intereses de los actores de poder de Argentina. Empresarios, sindicatos, medios de comunicaci\u00f3n. Es el candidato de ellos. Nosotros representamos otra cosa. Representamos a los argentinos de bien que han sido empobrecidos por esta dirigencia pol\u00edtica&#8221;, asegur\u00f3 el diputado nacional.<\/h3>\n<h3>En tanto, subray\u00f3: &#8220;La elecci\u00f3n que tenemos por delante es, en alg\u00fan sentido, la batalla final por el esp\u00edritu de nuestro pa\u00eds. Se trata de si queremos cambiar o queremos continuar con este modelo empobrecedor. Se trata de si queremos un Estado al servicio de los pol\u00edticos o si queremos un Estado al servicio de los argentinos de bien. Se trata de si queremos seguir viviendo tras las rejas; o si queremos poder caminar por la calle tranquilos.<\/h3>\n<h3>&#8220;Todos, ciudadanos, dirigentes pol\u00edticos, empresarios, y periodistas tenemos que decidir si queremos ser parte del cambio o si queremos ser c\u00f3mplices de la decadencia argentina. Este camino que venimos transitando conduce a un s\u00f3lo destino. Ya lo conocemos. Es lo que venimos sufriendo hace d\u00e9cadas: la miseria para todos los argentinos. La mayor\u00eda de los argentinos quieren un cambio. Si logramos convencer a los argentinos de que esta elecci\u00f3n se trata de cambiar o continuar por este camino decadente vamos a ganar. Un fuerte abrazo para todos&#8221;, se despidi\u00f3 Milei.<\/h3>\n<p>&nbsp;<\/p>\n<p>&nbsp;<\/p>\n<p>&nbsp;<\/p>\n<p>&nbsp;<\/p>\n","protected":false},"excerpt":{"rendered":"<p>A 19 d\u00edas del balotaje, los equipos de La Libertat Avanza y el PRO trabajan&#8230;<\/p>\n","protected":false},"author":1,"featured_media":6156,"comment_status":"closed","ping_status":"closed","sticky":false,"template":"","format":"standard","meta":{"footnotes":""},"categories":[5],"tags":[],"class_list":["post-6155","post","type-post","status-publish","format-standard","has-post-thumbnail","hentry","category-nacionales-internacionales"],"yoast_head":"<!-- This site is optimized with the Yoast SEO plugin v26.1.1 - https:\/\/yoast.com\/wordpress\/plugins\/seo\/ -->\n<title>EL PRO Y MILEI FORTALECEN LAZOS Y YA COORDINAN LA FISCALIZACI\u00d3N DEL BALOTAJE - Apuntes de San Luis<\/title>\n<meta name=\"robots\" content=\"index, follow, max-snippet:-1, max-image-preview:large, max-video-preview:-1\" \/>\n<link rel=\"canonical\" href=\"https:\/\/apuntesdesanluis.com\/index.php\/2023\/10\/31\/el-pro-y-milei-fortalecen-lazos-y-ya-coordinan-la-fiscalizacion-del-balotaje\/\" \/>\n<meta property=\"og:locale\" content=\"es_ES\" \/>\n<meta property=\"og:type\" content=\"article\" \/>\n<meta property=\"og:title\" content=\"EL PRO Y MILEI FORTALECEN LAZOS Y YA COORDINAN LA FISCALIZACI\u00d3N DEL BALOTAJE - Apuntes de San Luis\" \/>\n<meta property=\"og:description\" content=\"A 19 d\u00edas del balotaje, los equipos de La Libertat Avanza y el PRO trabajan...\" \/>\n<meta property=\"og:url\" content=\"https:\/\/apuntesdesanluis.com\/index.php\/2023\/10\/31\/el-pro-y-milei-fortalecen-lazos-y-ya-coordinan-la-fiscalizacion-del-balotaje\/\" \/>\n<meta property=\"og:site_name\" content=\"Apuntes de San Luis\" \/>\n<meta property=\"article:published_time\" content=\"2023-11-01T00:32:54+00:00\" \/>\n<meta property=\"og:image\" content=\"https:\/\/apuntesdesanluis.com\/wp-content\/uploads\/2023\/10\/fiscales-del-pro.png\" \/>\n\t<meta property=\"og:image:width\" content=\"600\" \/>\n\t<meta property=\"og:image:height\" content=\"365\" \/>\n\t<meta property=\"og:image:type\" content=\"image\/png\" \/>\n<meta name=\"author\" content=\"apuntesdesanluis.com\" \/>\n<meta name=\"twitter:card\" content=\"summary_large_image\" \/>\n<meta name=\"twitter:label1\" content=\"Escrito por\" \/>\n\t<meta name=\"twitter:data1\" content=\"apuntesdesanluis.com\" \/>\n\t<meta name=\"twitter:label2\" content=\"Tiempo de lectura\" \/>\n\t<meta name=\"twitter:data2\" content=\"4 minutos\" \/>\n<script type=\"application\/ld+json\" class=\"yoast-schema-graph\">{\"@context\":\"https:\/\/schema.org\",\"@graph\":[{\"@type\":\"Article\",\"@id\":\"https:\/\/apuntesdesanluis.com\/index.php\/2023\/10\/31\/el-pro-y-milei-fortalecen-lazos-y-ya-coordinan-la-fiscalizacion-del-balotaje\/#article\",\"isPartOf\":{\"@id\":\"https:\/\/apuntesdesanluis.com\/index.php\/2023\/10\/31\/el-pro-y-milei-fortalecen-lazos-y-ya-coordinan-la-fiscalizacion-del-balotaje\/\"},\"author\":{\"name\":\"apuntesdesanluis.com\",\"@id\":\"https:\/\/apuntesdesanluis.com\/#\/schema\/person\/b55151d52296fcce64d1a72538a70b90\"},\"headline\":\"EL PRO Y MILEI FORTALECEN LAZOS Y YA COORDINAN LA FISCALIZACI\u00d3N DEL BALOTAJE\",\"datePublished\":\"2023-11-01T00:32:54+00:00\",\"mainEntityOfPage\":{\"@id\":\"https:\/\/apuntesdesanluis.com\/index.php\/2023\/10\/31\/el-pro-y-milei-fortalecen-lazos-y-ya-coordinan-la-fiscalizacion-del-balotaje\/\"},\"wordCount\":733,\"publisher\":{\"@id\":\"https:\/\/apuntesdesanluis.com\/#\/schema\/person\/b55151d52296fcce64d1a72538a70b90\"},\"image\":{\"@id\":\"https:\/\/apuntesdesanluis.com\/index.php\/2023\/10\/31\/el-pro-y-milei-fortalecen-lazos-y-ya-coordinan-la-fiscalizacion-del-balotaje\/#primaryimage\"},\"thumbnailUrl\":\"https:\/\/apuntesdesanluis.com\/wp-content\/uploads\/2023\/10\/fiscales-del-pro.png\",\"articleSection\":[\"Nacionales\/Internacionales\"],\"inLanguage\":\"es-AR\"},{\"@type\":\"WebPage\",\"@id\":\"https:\/\/apuntesdesanluis.com\/index.php\/2023\/10\/31\/el-pro-y-milei-fortalecen-lazos-y-ya-coordinan-la-fiscalizacion-del-balotaje\/\",\"url\":\"https:\/\/apuntesdesanluis.com\/index.php\/2023\/10\/31\/el-pro-y-milei-fortalecen-lazos-y-ya-coordinan-la-fiscalizacion-del-balotaje\/\",\"name\":\"EL PRO Y MILEI FORTALECEN LAZOS Y YA COORDINAN LA FISCALIZACI\u00d3N DEL BALOTAJE - Apuntes de San Luis\",\"isPartOf\":{\"@id\":\"https:\/\/apuntesdesanluis.com\/#website\"},\"primaryImageOfPage\":{\"@id\":\"https:\/\/apuntesdesanluis.com\/index.php\/2023\/10\/31\/el-pro-y-milei-fortalecen-lazos-y-ya-coordinan-la-fiscalizacion-del-balotaje\/#primaryimage\"},\"image\":{\"@id\":\"https:\/\/apuntesdesanluis.com\/index.php\/2023\/10\/31\/el-pro-y-milei-fortalecen-lazos-y-ya-coordinan-la-fiscalizacion-del-balotaje\/#primaryimage\"},\"thumbnailUrl\":\"https:\/\/apuntesdesanluis.com\/wp-content\/uploads\/2023\/10\/fiscales-del-pro.png\",\"datePublished\":\"2023-11-01T00:32:54+00:00\",\"breadcrumb\":{\"@id\":\"https:\/\/apuntesdesanluis.com\/index.php\/2023\/10\/31\/el-pro-y-milei-fortalecen-lazos-y-ya-coordinan-la-fiscalizacion-del-balotaje\/#breadcrumb\"},\"inLanguage\":\"es-AR\",\"potentialAction\":[{\"@type\":\"ReadAction\",\"target\":[\"https:\/\/apuntesdesanluis.com\/index.php\/2023\/10\/31\/el-pro-y-milei-fortalecen-lazos-y-ya-coordinan-la-fiscalizacion-del-balotaje\/\"]}]},{\"@type\":\"ImageObject\",\"inLanguage\":\"es-AR\",\"@id\":\"https:\/\/apuntesdesanluis.com\/index.php\/2023\/10\/31\/el-pro-y-milei-fortalecen-lazos-y-ya-coordinan-la-fiscalizacion-del-balotaje\/#primaryimage\",\"url\":\"https:\/\/apuntesdesanluis.com\/wp-content\/uploads\/2023\/10\/fiscales-del-pro.png\",\"contentUrl\":\"https:\/\/apuntesdesanluis.com\/wp-content\/uploads\/2023\/10\/fiscales-del-pro.png\",\"width\":600,\"height\":365},{\"@type\":\"BreadcrumbList\",\"@id\":\"https:\/\/apuntesdesanluis.com\/index.php\/2023\/10\/31\/el-pro-y-milei-fortalecen-lazos-y-ya-coordinan-la-fiscalizacion-del-balotaje\/#breadcrumb\",\"itemListElement\":[{\"@type\":\"ListItem\",\"position\":1,\"name\":\"Inicio\",\"item\":\"https:\/\/apuntesdesanluis.com\/\"},{\"@type\":\"ListItem\",\"position\":2,\"name\":\"EL PRO Y MILEI FORTALECEN LAZOS Y YA COORDINAN LA FISCALIZACI\u00d3N DEL BALOTAJE\"}]},{\"@type\":\"WebSite\",\"@id\":\"https:\/\/apuntesdesanluis.com\/#website\",\"url\":\"https:\/\/apuntesdesanluis.com\/\",\"name\":\"Apuntes de San Luis\",\"description\":\"\",\"publisher\":{\"@id\":\"https:\/\/apuntesdesanluis.com\/#\/schema\/person\/b55151d52296fcce64d1a72538a70b90\"},\"potentialAction\":[{\"@type\":\"SearchAction\",\"target\":{\"@type\":\"EntryPoint\",\"urlTemplate\":\"https:\/\/apuntesdesanluis.com\/?s={search_term_string}\"},\"query-input\":{\"@type\":\"PropertyValueSpecification\",\"valueRequired\":true,\"valueName\":\"search_term_string\"}}],\"inLanguage\":\"es-AR\"},{\"@type\":[\"Person\",\"Organization\"],\"@id\":\"https:\/\/apuntesdesanluis.com\/#\/schema\/person\/b55151d52296fcce64d1a72538a70b90\",\"name\":\"apuntesdesanluis.com\",\"image\":{\"@type\":\"ImageObject\",\"inLanguage\":\"es-AR\",\"@id\":\"https:\/\/apuntesdesanluis.com\/#\/schema\/person\/image\/\",\"url\":\"https:\/\/apuntesdesanluis.com\/wp-content\/uploads\/2023\/07\/cropped-apuntesdesanluis.png\",\"contentUrl\":\"https:\/\/apuntesdesanluis.com\/wp-content\/uploads\/2023\/07\/cropped-apuntesdesanluis.png\",\"width\":450,\"height\":112,\"caption\":\"apuntesdesanluis.com\"},\"logo\":{\"@id\":\"https:\/\/apuntesdesanluis.com\/#\/schema\/person\/image\/\"},\"sameAs\":[\"https:\/\/apuntesdesanluis.com\"],\"url\":\"https:\/\/apuntesdesanluis.com\/index.php\/author\/apuntesdesanluis-com\/\"}]}<\/script>\n<!-- \/ Yoast SEO plugin. -->","yoast_head_json":{"title":"EL PRO Y MILEI FORTALECEN LAZOS Y YA COORDINAN LA FISCALIZACI\u00d3N DEL BALOTAJE - Apuntes de San Luis","robots":{"index":"index","follow":"follow","max-snippet":"max-snippet:-1","max-image-preview":"max-image-preview:large","max-video-preview":"max-video-preview:-1"},"canonical":"https:\/\/apuntesdesanluis.com\/index.php\/2023\/10\/31\/el-pro-y-milei-fortalecen-lazos-y-ya-coordinan-la-fiscalizacion-del-balotaje\/","og_locale":"es_ES","og_type":"article","og_title":"EL PRO Y MILEI FORTALECEN LAZOS Y YA COORDINAN LA FISCALIZACI\u00d3N DEL BALOTAJE - Apuntes de San Luis","og_description":"A 19 d\u00edas del balotaje, los equipos de La Libertat Avanza y el PRO trabajan...","og_url":"https:\/\/apuntesdesanluis.com\/index.php\/2023\/10\/31\/el-pro-y-milei-fortalecen-lazos-y-ya-coordinan-la-fiscalizacion-del-balotaje\/","og_site_name":"Apuntes de San Luis","article_published_time":"2023-11-01T00:32:54+00:00","og_image":[{"width":600,"height":365,"url":"https:\/\/apuntesdesanluis.com\/wp-content\/uploads\/2023\/10\/fiscales-del-pro.png","type":"image\/png"}],"author":"apuntesdesanluis.com","twitter_card":"summary_large_image","twitter_misc":{"Escrito por":"apuntesdesanluis.com","Tiempo de lectura":"4 minutos"},"schema":{"@context":"https:\/\/schema.org","@graph":[{"@type":"Article","@id":"https:\/\/apuntesdesanluis.com\/index.php\/2023\/10\/31\/el-pro-y-milei-fortalecen-lazos-y-ya-coordinan-la-fiscalizacion-del-balotaje\/#article","isPartOf":{"@id":"https:\/\/apuntesdesanluis.com\/index.php\/2023\/10\/31\/el-pro-y-milei-fortalecen-lazos-y-ya-coordinan-la-fiscalizacion-del-balotaje\/"},"author":{"name":"apuntesdesanluis.com","@id":"https:\/\/apuntesdesanluis.com\/#\/schema\/person\/b55151d52296fcce64d1a72538a70b90"},"headline":"EL PRO Y MILEI FORTALECEN LAZOS Y YA COORDINAN LA FISCALIZACI\u00d3N DEL BALOTAJE","datePublished":"2023-11-01T00:32:54+00:00","mainEntityOfPage":{"@id":"https:\/\/apuntesdesanluis.com\/index.php\/2023\/10\/31\/el-pro-y-milei-fortalecen-lazos-y-ya-coordinan-la-fiscalizacion-del-balotaje\/"},"wordCount":733,"publisher":{"@id":"https:\/\/apuntesdesanluis.com\/#\/schema\/person\/b55151d52296fcce64d1a72538a70b90"},"image":{"@id":"https:\/\/apuntesdesanluis.com\/index.php\/2023\/10\/31\/el-pro-y-milei-fortalecen-lazos-y-ya-coordinan-la-fiscalizacion-del-balotaje\/#primaryimage"},"thumbnailUrl":"https:\/\/apuntesdesanluis.com\/wp-content\/uploads\/2023\/10\/fiscales-del-pro.png","articleSection":["Nacionales\/Internacionales"],"inLanguage":"es-AR"},{"@type":"WebPage","@id":"https:\/\/apuntesdesanluis.com\/index.php\/2023\/10\/31\/el-pro-y-milei-fortalecen-lazos-y-ya-coordinan-la-fiscalizacion-del-balotaje\/","url":"https:\/\/apuntesdesanluis.com\/index.php\/2023\/10\/31\/el-pro-y-milei-fortalecen-lazos-y-ya-coordinan-la-fiscalizacion-del-balotaje\/","name":"EL PRO Y MILEI FORTALECEN LAZOS Y YA COORDINAN LA FISCALIZACI\u00d3N DEL BALOTAJE - Apuntes de San Luis","isPartOf":{"@id":"https:\/\/apuntesdesanluis.com\/#website"},"primaryImageOfPage":{"@id":"https:\/\/apuntesdesanluis.com\/index.php\/2023\/10\/31\/el-pro-y-milei-fortalecen-lazos-y-ya-coordinan-la-fiscalizacion-del-balotaje\/#primaryimage"},"image":{"@id":"https:\/\/apuntesdesanluis.com\/index.php\/2023\/10\/31\/el-pro-y-milei-fortalecen-lazos-y-ya-coordinan-la-fiscalizacion-del-balotaje\/#primaryimage"},"thumbnailUrl":"https:\/\/apuntesdesanluis.com\/wp-content\/uploads\/2023\/10\/fiscales-del-pro.png","datePublished":"2023-11-01T00:32:54+00:00","breadcrumb":{"@id":"https:\/\/apuntesdesanluis.com\/index.php\/2023\/10\/31\/el-pro-y-milei-fortalecen-lazos-y-ya-coordinan-la-fiscalizacion-del-balotaje\/#breadcrumb"},"inLanguage":"es-AR","potentialAction":[{"@type":"ReadAction","target":["https:\/\/apuntesdesanluis.com\/index.php\/2023\/10\/31\/el-pro-y-milei-fortalecen-lazos-y-ya-coordinan-la-fiscalizacion-del-balotaje\/"]}]},{"@type":"ImageObject","inLanguage":"es-AR","@id":"https:\/\/apuntesdesanluis.com\/index.php\/2023\/10\/31\/el-pro-y-milei-fortalecen-lazos-y-ya-coordinan-la-fiscalizacion-del-balotaje\/#primaryimage","url":"https:\/\/apuntesdesanluis.com\/wp-content\/uploads\/2023\/10\/fiscales-del-pro.png","contentUrl":"https:\/\/apuntesdesanluis.com\/wp-content\/uploads\/2023\/10\/fiscales-del-pro.png","width":600,"height":365},{"@type":"BreadcrumbList","@id":"https:\/\/apuntesdesanluis.com\/index.php\/2023\/10\/31\/el-pro-y-milei-fortalecen-lazos-y-ya-coordinan-la-fiscalizacion-del-balotaje\/#breadcrumb","itemListElement":[{"@type":"ListItem","position":1,"name":"Inicio","item":"https:\/\/apuntesdesanluis.com\/"},{"@type":"ListItem","position":2,"name":"EL PRO Y MILEI FORTALECEN LAZOS Y YA COORDINAN LA FISCALIZACI\u00d3N DEL BALOTAJE"}]},{"@type":"WebSite","@id":"https:\/\/apuntesdesanluis.com\/#website","url":"https:\/\/apuntesdesanluis.com\/","name":"Apuntes de San Luis","description":"","publisher":{"@id":"https:\/\/apuntesdesanluis.com\/#\/schema\/person\/b55151d52296fcce64d1a72538a70b90"},"potentialAction":[{"@type":"SearchAction","target":{"@type":"EntryPoint","urlTemplate":"https:\/\/apuntesdesanluis.com\/?s={search_term_string}"},"query-input":{"@type":"PropertyValueSpecification","valueRequired":true,"valueName":"search_term_string"}}],"inLanguage":"es-AR"},{"@type":["Person","Organization"],"@id":"https:\/\/apuntesdesanluis.com\/#\/schema\/person\/b55151d52296fcce64d1a72538a70b90","name":"apuntesdesanluis.com","image":{"@type":"ImageObject","inLanguage":"es-AR","@id":"https:\/\/apuntesdesanluis.com\/#\/schema\/person\/image\/","url":"https:\/\/apuntesdesanluis.com\/wp-content\/uploads\/2023\/07\/cropped-apuntesdesanluis.png","contentUrl":"https:\/\/apuntesdesanluis.com\/wp-content\/uploads\/2023\/07\/cropped-apuntesdesanluis.png","width":450,"height":112,"caption":"apuntesdesanluis.com"},"logo":{"@id":"https:\/\/apuntesdesanluis.com\/#\/schema\/person\/image\/"},"sameAs":["https:\/\/apuntesdesanluis.com"],"url":"https:\/\/apuntesdesanluis.com\/index.php\/author\/apuntesdesanluis-com\/"}]}},"featured_image_urls":{"full":["https:\/\/apuntesdesanluis.com\/wp-content\/uploads\/2023\/10\/fiscales-del-pro.png",600,365,false],"thumbnail":["https:\/\/apuntesdesanluis.com\/wp-content\/uploads\/2023\/10\/fiscales-del-pro-150x150.png",150,150,true],"medium":["https:\/\/apuntesdesanluis.com\/wp-content\/uploads\/2023\/10\/fiscales-del-pro-300x183.png",300,183,true],"medium_large":["https:\/\/apuntesdesanluis.com\/wp-content\/uploads\/2023\/10\/fiscales-del-pro.png",600,365,false],"large":["https:\/\/apuntesdesanluis.com\/wp-content\/uploads\/2023\/10\/fiscales-del-pro.png",600,365,false],"1536x1536":["https:\/\/apuntesdesanluis.com\/wp-content\/uploads\/2023\/10\/fiscales-del-pro.png",600,365,false],"2048x2048":["https:\/\/apuntesdesanluis.com\/wp-content\/uploads\/2023\/10\/fiscales-del-pro.png",600,365,false],"newsever-slider-full":["https:\/\/apuntesdesanluis.com\/wp-content\/uploads\/2023\/10\/fiscales-del-pro.png",600,365,false],"newsever-featured":["https:\/\/apuntesdesanluis.com\/wp-content\/uploads\/2023\/10\/fiscales-del-pro.png",600,365,false],"newsever-medium":["https:\/\/apuntesdesanluis.com\/wp-content\/uploads\/2023\/10\/fiscales-del-pro.png",600,365,false]},"author_info":{"display_name":"apuntesdesanluis.com","author_link":"https:\/\/apuntesdesanluis.com\/index.php\/author\/apuntesdesanluis-com\/"},"category_info":"<a href=\"https:\/\/apuntesdesanluis.com\/index.php\/category\/nacionales-internacionales\/\" rel=\"category tag\">Nacionales\/Internacionales<\/a>","tag_info":"Nacionales\/Internacionales","comment_count":"0","_links":{"self":[{"href":"https:\/\/apuntesdesanluis.com\/index.php\/wp-json\/wp\/v2\/posts\/6155","targetHints":{"allow":["GET"]}}],"collection":[{"href":"https:\/\/apuntesdesanluis.com\/index.php\/wp-json\/wp\/v2\/posts"}],"about":[{"href":"https:\/\/apuntesdesanluis.com\/index.php\/wp-json\/wp\/v2\/types\/post"}],"author":[{"embeddable":true,"href":"https:\/\/apuntesdesanluis.com\/index.php\/wp-json\/wp\/v2\/users\/1"}],"replies":[{"embeddable":true,"href":"https:\/\/apuntesdesanluis.com\/index.php\/wp-json\/wp\/v2\/comments?post=6155"}],"version-history":[{"count":1,"href":"https:\/\/apuntesdesanluis.com\/index.php\/wp-json\/wp\/v2\/posts\/6155\/revisions"}],"predecessor-version":[{"id":6157,"href":"https:\/\/apuntesdesanluis.com\/index.php\/wp-json\/wp\/v2\/posts\/6155\/revisions\/6157"}],"wp:featuredmedia":[{"embeddable":true,"href":"https:\/\/apuntesdesanluis.com\/index.php\/wp-json\/wp\/v2\/media\/6156"}],"wp:attachment":[{"href":"https:\/\/apuntesdesanluis.com\/index.php\/wp-json\/wp\/v2\/media?parent=6155"}],"wp:term":[{"taxonomy":"category","embeddable":true,"href":"https:\/\/apuntesdesanluis.com\/index.php\/wp-json\/wp\/v2\/categories?post=6155"},{"taxonomy":"post_tag","embeddable":true,"href":"https:\/\/apuntesdesanluis.com\/index.php\/wp-json\/wp\/v2\/tags?post=6155"}],"curies":[{"name":"wp","href":"https:\/\/api.w.org\/{rel}","templated":true}]}}