{"id":6162,"date":"2023-10-31T21:50:37","date_gmt":"2023-11-01T00:50:37","guid":{"rendered":"https:\/\/apuntesdesanluis.com\/?p=6162"},"modified":"2023-10-31T21:50:37","modified_gmt":"2023-11-01T00:50:37","slug":"sortean-los-ejes-tematicos-del-debate-entre-massa-y-milei-y-ya-se-conocen-los-moderadores","status":"publish","type":"post","link":"https:\/\/apuntesdesanluis.com\/index.php\/2023\/10\/31\/sortean-los-ejes-tematicos-del-debate-entre-massa-y-milei-y-ya-se-conocen-los-moderadores\/","title":{"rendered":"SORTEAN LOS EJES TEM\u00c1TICOS DEL DEBATE ENTRE MASSA Y MILEI Y YA SE CONOCEN LOS MODERADORES"},"content":{"rendered":"<h3>Ser\u00e1 este mi\u00e9rcoles para definir los temas que se debatir\u00e1n, el lugar en el escenario que ocupar\u00e1n y el orden en que hablar\u00e1n.<\/h3>\n<h3>La C\u00e1mara Nacional Electoral (CNE) sortear\u00e1 los seis ejes tem\u00e1ticos del debate presidencial del pr\u00f3ximo domingo 12 de noviembre entre <strong>Sergio Massa<\/strong> y <strong>Javier Milei<\/strong>, que se realizar\u00e1 de cara al balotaje en la Facultad de Derecho de la Universidad de Buenos Aires (UBA).<\/h3>\n<h3>El sorteo se har\u00e1 a las 11, en la sede la CNE, en la calle Leandro N. Alem al 200, den la Ciudad de Buenos Aires. De esa forma quedar\u00e1n definidos los temas que se debatir\u00e1n, el lugar en el escenario que ocupar\u00e1n los dos candidatos y el orden en que hablar\u00e1n.<\/h3>\n<h3>Ser\u00e1 el \u00faltimo de los tres debates presidenciales fijados, esta vez entre los dos postulantes que lograron ingresar a la segunda vuelta que se disputar\u00e1 una semana despu\u00e9s, el domingo 19.<\/h3>\n<h3>Se llevar\u00e1 a cabo desde las 21, al igual que los realizados anteriormente en la Universidad de Santiago del Estero y la Facultad de Derecho de la UBA, previos a la primera vuelta del 22 de octubre.<\/h3>\n<h3>El lunes, hubo una reuni\u00f3n sobre este tema en la sede de la CNE de la que participaron los representantes de los candidatos presidenciales Juan Manuel Olmos, Sofia Viannelli y Santiago Garc\u00eda V\u00e1zquez (en representaci\u00f3n de Massa) y Santiago Viola, Karina Milei y Santiago Caputo (por el lado de Milei).<\/h3>\n<h3><strong>PERIODISTAS QUE MODERAR\u00c1N<\/strong><\/h3>\n<h3>Estar\u00e1 moderado por los periodistas <strong>Luciana Geuna<\/strong> (Canal 13), <strong>Pablo Vigna<\/strong> (TV P\u00fablica), <strong>\u00c9rica Fontana<\/strong> (Telefe) y <strong>Antonio Laje<\/strong> (Am\u00e9rica). Los nombres elegidos surgieron del listado de suplentes que no hab\u00edan salido sorteados para moderar los dos primeros debates presidenciales, conformado a partir de los nombres propuestos por los canales de aire de la Capital Federal, la Asociaci\u00f3n de Teleradiodifusoras Argentinas (ATA) y el Consejo Federal de la Televisi\u00f3n P\u00fablica.<\/h3>\n<h3>Los nombres fueron acordados por los representantes de los dos candidatos presidenciales en la reuni\u00f3n que tuvo lugar, este lunes, en la C\u00e1mara Nacional Electoral, a cargo de la organizaci\u00f3n de los debates. Fue convocada para ajustar las reglas de la contienda discursiva que se realizar\u00e1 en dos semanas, el domingo 12 de noviembre a la noche.<\/h3>\n<h3>Cada dupla, conformada por una mujer y un hombre de distintos medios, intervendr\u00e1 en dos de los bloques: Geuna y Vigna en la presentaci\u00f3n de cada candidato y el primer bloque de dos ejes tem\u00e1ticos, y Fontana y Laje en el segundo bloque tem\u00e1tico y el cierre.<\/h3>\n<p>&nbsp;<\/p>\n<p>&nbsp;<\/p>\n<p>&nbsp;<\/p>\n<p>&nbsp;<\/p>\n","protected":false},"excerpt":{"rendered":"<p>Ser\u00e1 este mi\u00e9rcoles para definir los temas que se debatir\u00e1n, el lugar en el escenario&#8230;<\/p>\n","protected":false},"author":1,"featured_media":6163,"comment_status":"closed","ping_status":"closed","sticky":false,"template":"","format":"standard","meta":{"footnotes":""},"categories":[5],"tags":[],"class_list":["post-6162","post","type-post","status-publish","format-standard","has-post-thumbnail","hentry","category-nacionales-internacionales"],"yoast_head":"<!-- This site is optimized with the Yoast SEO plugin v26.1.1 - https:\/\/yoast.com\/wordpress\/plugins\/seo\/ -->\n<title>SORTEAN LOS EJES TEM\u00c1TICOS DEL DEBATE ENTRE MASSA Y MILEI Y YA SE CONOCEN LOS MODERADORES - Apuntes de San Luis<\/title>\n<meta name=\"robots\" content=\"index, follow, max-snippet:-1, max-image-preview:large, max-video-preview:-1\" \/>\n<link rel=\"canonical\" href=\"https:\/\/apuntesdesanluis.com\/index.php\/2023\/10\/31\/sortean-los-ejes-tematicos-del-debate-entre-massa-y-milei-y-ya-se-conocen-los-moderadores\/\" \/>\n<meta property=\"og:locale\" content=\"es_ES\" \/>\n<meta property=\"og:type\" content=\"article\" \/>\n<meta property=\"og:title\" content=\"SORTEAN LOS EJES TEM\u00c1TICOS DEL DEBATE ENTRE MASSA Y MILEI Y YA SE CONOCEN LOS MODERADORES - Apuntes de San Luis\" \/>\n<meta property=\"og:description\" content=\"Ser\u00e1 este mi\u00e9rcoles para definir los temas que se debatir\u00e1n, el lugar en el escenario...\" \/>\n<meta property=\"og:url\" content=\"https:\/\/apuntesdesanluis.com\/index.php\/2023\/10\/31\/sortean-los-ejes-tematicos-del-debate-entre-massa-y-milei-y-ya-se-conocen-los-moderadores\/\" \/>\n<meta property=\"og:site_name\" content=\"Apuntes de San Luis\" \/>\n<meta property=\"article:published_time\" content=\"2023-11-01T00:50:37+00:00\" \/>\n<meta property=\"og:image\" content=\"https:\/\/apuntesdesanluis.com\/wp-content\/uploads\/2023\/10\/massa-mlei.png\" \/>\n\t<meta property=\"og:image:width\" content=\"600\" \/>\n\t<meta property=\"og:image:height\" content=\"351\" \/>\n\t<meta property=\"og:image:type\" content=\"image\/png\" \/>\n<meta name=\"author\" content=\"apuntesdesanluis.com\" \/>\n<meta name=\"twitter:card\" content=\"summary_large_image\" \/>\n<meta name=\"twitter:label1\" content=\"Escrito por\" \/>\n\t<meta name=\"twitter:data1\" content=\"apuntesdesanluis.com\" \/>\n\t<meta name=\"twitter:label2\" content=\"Tiempo de lectura\" \/>\n\t<meta name=\"twitter:data2\" content=\"2 minutos\" \/>\n<script type=\"application\/ld+json\" class=\"yoast-schema-graph\">{\"@context\":\"https:\/\/schema.org\",\"@graph\":[{\"@type\":\"Article\",\"@id\":\"https:\/\/apuntesdesanluis.com\/index.php\/2023\/10\/31\/sortean-los-ejes-tematicos-del-debate-entre-massa-y-milei-y-ya-se-conocen-los-moderadores\/#article\",\"isPartOf\":{\"@id\":\"https:\/\/apuntesdesanluis.com\/index.php\/2023\/10\/31\/sortean-los-ejes-tematicos-del-debate-entre-massa-y-milei-y-ya-se-conocen-los-moderadores\/\"},\"author\":{\"name\":\"apuntesdesanluis.com\",\"@id\":\"https:\/\/apuntesdesanluis.com\/#\/schema\/person\/b55151d52296fcce64d1a72538a70b90\"},\"headline\":\"SORTEAN LOS EJES TEM\u00c1TICOS DEL DEBATE ENTRE MASSA Y MILEI Y YA SE CONOCEN LOS MODERADORES\",\"datePublished\":\"2023-11-01T00:50:37+00:00\",\"mainEntityOfPage\":{\"@id\":\"https:\/\/apuntesdesanluis.com\/index.php\/2023\/10\/31\/sortean-los-ejes-tematicos-del-debate-entre-massa-y-milei-y-ya-se-conocen-los-moderadores\/\"},\"wordCount\":456,\"publisher\":{\"@id\":\"https:\/\/apuntesdesanluis.com\/#\/schema\/person\/b55151d52296fcce64d1a72538a70b90\"},\"image\":{\"@id\":\"https:\/\/apuntesdesanluis.com\/index.php\/2023\/10\/31\/sortean-los-ejes-tematicos-del-debate-entre-massa-y-milei-y-ya-se-conocen-los-moderadores\/#primaryimage\"},\"thumbnailUrl\":\"https:\/\/apuntesdesanluis.com\/wp-content\/uploads\/2023\/10\/massa-mlei.png\",\"articleSection\":[\"Nacionales\/Internacionales\"],\"inLanguage\":\"es-AR\"},{\"@type\":\"WebPage\",\"@id\":\"https:\/\/apuntesdesanluis.com\/index.php\/2023\/10\/31\/sortean-los-ejes-tematicos-del-debate-entre-massa-y-milei-y-ya-se-conocen-los-moderadores\/\",\"url\":\"https:\/\/apuntesdesanluis.com\/index.php\/2023\/10\/31\/sortean-los-ejes-tematicos-del-debate-entre-massa-y-milei-y-ya-se-conocen-los-moderadores\/\",\"name\":\"SORTEAN LOS EJES TEM\u00c1TICOS DEL DEBATE ENTRE MASSA Y MILEI Y YA SE CONOCEN LOS MODERADORES - Apuntes de San Luis\",\"isPartOf\":{\"@id\":\"https:\/\/apuntesdesanluis.com\/#website\"},\"primaryImageOfPage\":{\"@id\":\"https:\/\/apuntesdesanluis.com\/index.php\/2023\/10\/31\/sortean-los-ejes-tematicos-del-debate-entre-massa-y-milei-y-ya-se-conocen-los-moderadores\/#primaryimage\"},\"image\":{\"@id\":\"https:\/\/apuntesdesanluis.com\/index.php\/2023\/10\/31\/sortean-los-ejes-tematicos-del-debate-entre-massa-y-milei-y-ya-se-conocen-los-moderadores\/#primaryimage\"},\"thumbnailUrl\":\"https:\/\/apuntesdesanluis.com\/wp-content\/uploads\/2023\/10\/massa-mlei.png\",\"datePublished\":\"2023-11-01T00:50:37+00:00\",\"breadcrumb\":{\"@id\":\"https:\/\/apuntesdesanluis.com\/index.php\/2023\/10\/31\/sortean-los-ejes-tematicos-del-debate-entre-massa-y-milei-y-ya-se-conocen-los-moderadores\/#breadcrumb\"},\"inLanguage\":\"es-AR\",\"potentialAction\":[{\"@type\":\"ReadAction\",\"target\":[\"https:\/\/apuntesdesanluis.com\/index.php\/2023\/10\/31\/sortean-los-ejes-tematicos-del-debate-entre-massa-y-milei-y-ya-se-conocen-los-moderadores\/\"]}]},{\"@type\":\"ImageObject\",\"inLanguage\":\"es-AR\",\"@id\":\"https:\/\/apuntesdesanluis.com\/index.php\/2023\/10\/31\/sortean-los-ejes-tematicos-del-debate-entre-massa-y-milei-y-ya-se-conocen-los-moderadores\/#primaryimage\",\"url\":\"https:\/\/apuntesdesanluis.com\/wp-content\/uploads\/2023\/10\/massa-mlei.png\",\"contentUrl\":\"https:\/\/apuntesdesanluis.com\/wp-content\/uploads\/2023\/10\/massa-mlei.png\",\"width\":600,\"height\":351},{\"@type\":\"BreadcrumbList\",\"@id\":\"https:\/\/apuntesdesanluis.com\/index.php\/2023\/10\/31\/sortean-los-ejes-tematicos-del-debate-entre-massa-y-milei-y-ya-se-conocen-los-moderadores\/#breadcrumb\",\"itemListElement\":[{\"@type\":\"ListItem\",\"position\":1,\"name\":\"Inicio\",\"item\":\"https:\/\/apuntesdesanluis.com\/\"},{\"@type\":\"ListItem\",\"position\":2,\"name\":\"SORTEAN LOS EJES TEM\u00c1TICOS DEL DEBATE ENTRE MASSA Y MILEI Y YA SE CONOCEN LOS MODERADORES\"}]},{\"@type\":\"WebSite\",\"@id\":\"https:\/\/apuntesdesanluis.com\/#website\",\"url\":\"https:\/\/apuntesdesanluis.com\/\",\"name\":\"Apuntes de San Luis\",\"description\":\"\",\"publisher\":{\"@id\":\"https:\/\/apuntesdesanluis.com\/#\/schema\/person\/b55151d52296fcce64d1a72538a70b90\"},\"potentialAction\":[{\"@type\":\"SearchAction\",\"target\":{\"@type\":\"EntryPoint\",\"urlTemplate\":\"https:\/\/apuntesdesanluis.com\/?s={search_term_string}\"},\"query-input\":{\"@type\":\"PropertyValueSpecification\",\"valueRequired\":true,\"valueName\":\"search_term_string\"}}],\"inLanguage\":\"es-AR\"},{\"@type\":[\"Person\",\"Organization\"],\"@id\":\"https:\/\/apuntesdesanluis.com\/#\/schema\/person\/b55151d52296fcce64d1a72538a70b90\",\"name\":\"apuntesdesanluis.com\",\"image\":{\"@type\":\"ImageObject\",\"inLanguage\":\"es-AR\",\"@id\":\"https:\/\/apuntesdesanluis.com\/#\/schema\/person\/image\/\",\"url\":\"https:\/\/apuntesdesanluis.com\/wp-content\/uploads\/2023\/07\/cropped-apuntesdesanluis.png\",\"contentUrl\":\"https:\/\/apuntesdesanluis.com\/wp-content\/uploads\/2023\/07\/cropped-apuntesdesanluis.png\",\"width\":450,\"height\":112,\"caption\":\"apuntesdesanluis.com\"},\"logo\":{\"@id\":\"https:\/\/apuntesdesanluis.com\/#\/schema\/person\/image\/\"},\"sameAs\":[\"https:\/\/apuntesdesanluis.com\"],\"url\":\"https:\/\/apuntesdesanluis.com\/index.php\/author\/apuntesdesanluis-com\/\"}]}<\/script>\n<!-- \/ Yoast SEO plugin. -->","yoast_head_json":{"title":"SORTEAN LOS EJES TEM\u00c1TICOS DEL DEBATE ENTRE MASSA Y MILEI Y YA SE CONOCEN LOS MODERADORES - Apuntes de San Luis","robots":{"index":"index","follow":"follow","max-snippet":"max-snippet:-1","max-image-preview":"max-image-preview:large","max-video-preview":"max-video-preview:-1"},"canonical":"https:\/\/apuntesdesanluis.com\/index.php\/2023\/10\/31\/sortean-los-ejes-tematicos-del-debate-entre-massa-y-milei-y-ya-se-conocen-los-moderadores\/","og_locale":"es_ES","og_type":"article","og_title":"SORTEAN LOS EJES TEM\u00c1TICOS DEL DEBATE ENTRE MASSA Y MILEI Y YA SE CONOCEN LOS MODERADORES - Apuntes de San Luis","og_description":"Ser\u00e1 este mi\u00e9rcoles para definir los temas que se debatir\u00e1n, el lugar en el escenario...","og_url":"https:\/\/apuntesdesanluis.com\/index.php\/2023\/10\/31\/sortean-los-ejes-tematicos-del-debate-entre-massa-y-milei-y-ya-se-conocen-los-moderadores\/","og_site_name":"Apuntes de San Luis","article_published_time":"2023-11-01T00:50:37+00:00","og_image":[{"width":600,"height":351,"url":"https:\/\/apuntesdesanluis.com\/wp-content\/uploads\/2023\/10\/massa-mlei.png","type":"image\/png"}],"author":"apuntesdesanluis.com","twitter_card":"summary_large_image","twitter_misc":{"Escrito por":"apuntesdesanluis.com","Tiempo de lectura":"2 minutos"},"schema":{"@context":"https:\/\/schema.org","@graph":[{"@type":"Article","@id":"https:\/\/apuntesdesanluis.com\/index.php\/2023\/10\/31\/sortean-los-ejes-tematicos-del-debate-entre-massa-y-milei-y-ya-se-conocen-los-moderadores\/#article","isPartOf":{"@id":"https:\/\/apuntesdesanluis.com\/index.php\/2023\/10\/31\/sortean-los-ejes-tematicos-del-debate-entre-massa-y-milei-y-ya-se-conocen-los-moderadores\/"},"author":{"name":"apuntesdesanluis.com","@id":"https:\/\/apuntesdesanluis.com\/#\/schema\/person\/b55151d52296fcce64d1a72538a70b90"},"headline":"SORTEAN LOS EJES TEM\u00c1TICOS DEL DEBATE ENTRE MASSA Y MILEI Y YA SE CONOCEN LOS MODERADORES","datePublished":"2023-11-01T00:50:37+00:00","mainEntityOfPage":{"@id":"https:\/\/apuntesdesanluis.com\/index.php\/2023\/10\/31\/sortean-los-ejes-tematicos-del-debate-entre-massa-y-milei-y-ya-se-conocen-los-moderadores\/"},"wordCount":456,"publisher":{"@id":"https:\/\/apuntesdesanluis.com\/#\/schema\/person\/b55151d52296fcce64d1a72538a70b90"},"image":{"@id":"https:\/\/apuntesdesanluis.com\/index.php\/2023\/10\/31\/sortean-los-ejes-tematicos-del-debate-entre-massa-y-milei-y-ya-se-conocen-los-moderadores\/#primaryimage"},"thumbnailUrl":"https:\/\/apuntesdesanluis.com\/wp-content\/uploads\/2023\/10\/massa-mlei.png","articleSection":["Nacionales\/Internacionales"],"inLanguage":"es-AR"},{"@type":"WebPage","@id":"https:\/\/apuntesdesanluis.com\/index.php\/2023\/10\/31\/sortean-los-ejes-tematicos-del-debate-entre-massa-y-milei-y-ya-se-conocen-los-moderadores\/","url":"https:\/\/apuntesdesanluis.com\/index.php\/2023\/10\/31\/sortean-los-ejes-tematicos-del-debate-entre-massa-y-milei-y-ya-se-conocen-los-moderadores\/","name":"SORTEAN LOS EJES TEM\u00c1TICOS DEL DEBATE ENTRE MASSA Y MILEI Y YA SE CONOCEN LOS MODERADORES - Apuntes de San Luis","isPartOf":{"@id":"https:\/\/apuntesdesanluis.com\/#website"},"primaryImageOfPage":{"@id":"https:\/\/apuntesdesanluis.com\/index.php\/2023\/10\/31\/sortean-los-ejes-tematicos-del-debate-entre-massa-y-milei-y-ya-se-conocen-los-moderadores\/#primaryimage"},"image":{"@id":"https:\/\/apuntesdesanluis.com\/index.php\/2023\/10\/31\/sortean-los-ejes-tematicos-del-debate-entre-massa-y-milei-y-ya-se-conocen-los-moderadores\/#primaryimage"},"thumbnailUrl":"https:\/\/apuntesdesanluis.com\/wp-content\/uploads\/2023\/10\/massa-mlei.png","datePublished":"2023-11-01T00:50:37+00:00","breadcrumb":{"@id":"https:\/\/apuntesdesanluis.com\/index.php\/2023\/10\/31\/sortean-los-ejes-tematicos-del-debate-entre-massa-y-milei-y-ya-se-conocen-los-moderadores\/#breadcrumb"},"inLanguage":"es-AR","potentialAction":[{"@type":"ReadAction","target":["https:\/\/apuntesdesanluis.com\/index.php\/2023\/10\/31\/sortean-los-ejes-tematicos-del-debate-entre-massa-y-milei-y-ya-se-conocen-los-moderadores\/"]}]},{"@type":"ImageObject","inLanguage":"es-AR","@id":"https:\/\/apuntesdesanluis.com\/index.php\/2023\/10\/31\/sortean-los-ejes-tematicos-del-debate-entre-massa-y-milei-y-ya-se-conocen-los-moderadores\/#primaryimage","url":"https:\/\/apuntesdesanluis.com\/wp-content\/uploads\/2023\/10\/massa-mlei.png","contentUrl":"https:\/\/apuntesdesanluis.com\/wp-content\/uploads\/2023\/10\/massa-mlei.png","width":600,"height":351},{"@type":"BreadcrumbList","@id":"https:\/\/apuntesdesanluis.com\/index.php\/2023\/10\/31\/sortean-los-ejes-tematicos-del-debate-entre-massa-y-milei-y-ya-se-conocen-los-moderadores\/#breadcrumb","itemListElement":[{"@type":"ListItem","position":1,"name":"Inicio","item":"https:\/\/apuntesdesanluis.com\/"},{"@type":"ListItem","position":2,"name":"SORTEAN LOS EJES TEM\u00c1TICOS DEL DEBATE ENTRE MASSA Y MILEI Y YA SE CONOCEN LOS MODERADORES"}]},{"@type":"WebSite","@id":"https:\/\/apuntesdesanluis.com\/#website","url":"https:\/\/apuntesdesanluis.com\/","name":"Apuntes de San Luis","description":"","publisher":{"@id":"https:\/\/apuntesdesanluis.com\/#\/schema\/person\/b55151d52296fcce64d1a72538a70b90"},"potentialAction":[{"@type":"SearchAction","target":{"@type":"EntryPoint","urlTemplate":"https:\/\/apuntesdesanluis.com\/?s={search_term_string}"},"query-input":{"@type":"PropertyValueSpecification","valueRequired":true,"valueName":"search_term_string"}}],"inLanguage":"es-AR"},{"@type":["Person","Organization"],"@id":"https:\/\/apuntesdesanluis.com\/#\/schema\/person\/b55151d52296fcce64d1a72538a70b90","name":"apuntesdesanluis.com","image":{"@type":"ImageObject","inLanguage":"es-AR","@id":"https:\/\/apuntesdesanluis.com\/#\/schema\/person\/image\/","url":"https:\/\/apuntesdesanluis.com\/wp-content\/uploads\/2023\/07\/cropped-apuntesdesanluis.png","contentUrl":"https:\/\/apuntesdesanluis.com\/wp-content\/uploads\/2023\/07\/cropped-apuntesdesanluis.png","width":450,"height":112,"caption":"apuntesdesanluis.com"},"logo":{"@id":"https:\/\/apuntesdesanluis.com\/#\/schema\/person\/image\/"},"sameAs":["https:\/\/apuntesdesanluis.com"],"url":"https:\/\/apuntesdesanluis.com\/index.php\/author\/apuntesdesanluis-com\/"}]}},"featured_image_urls":{"full":["https:\/\/apuntesdesanluis.com\/wp-content\/uploads\/2023\/10\/massa-mlei.png",600,351,false],"thumbnail":["https:\/\/apuntesdesanluis.com\/wp-content\/uploads\/2023\/10\/massa-mlei-150x150.png",150,150,true],"medium":["https:\/\/apuntesdesanluis.com\/wp-content\/uploads\/2023\/10\/massa-mlei-300x176.png",300,176,true],"medium_large":["https:\/\/apuntesdesanluis.com\/wp-content\/uploads\/2023\/10\/massa-mlei.png",600,351,false],"large":["https:\/\/apuntesdesanluis.com\/wp-content\/uploads\/2023\/10\/massa-mlei.png",600,351,false],"1536x1536":["https:\/\/apuntesdesanluis.com\/wp-content\/uploads\/2023\/10\/massa-mlei.png",600,351,false],"2048x2048":["https:\/\/apuntesdesanluis.com\/wp-content\/uploads\/2023\/10\/massa-mlei.png",600,351,false],"newsever-slider-full":["https:\/\/apuntesdesanluis.com\/wp-content\/uploads\/2023\/10\/massa-mlei.png",600,351,false],"newsever-featured":["https:\/\/apuntesdesanluis.com\/wp-content\/uploads\/2023\/10\/massa-mlei.png",600,351,false],"newsever-medium":["https:\/\/apuntesdesanluis.com\/wp-content\/uploads\/2023\/10\/massa-mlei.png",600,351,false]},"author_info":{"display_name":"apuntesdesanluis.com","author_link":"https:\/\/apuntesdesanluis.com\/index.php\/author\/apuntesdesanluis-com\/"},"category_info":"<a href=\"https:\/\/apuntesdesanluis.com\/index.php\/category\/nacionales-internacionales\/\" rel=\"category tag\">Nacionales\/Internacionales<\/a>","tag_info":"Nacionales\/Internacionales","comment_count":"0","_links":{"self":[{"href":"https:\/\/apuntesdesanluis.com\/index.php\/wp-json\/wp\/v2\/posts\/6162","targetHints":{"allow":["GET"]}}],"collection":[{"href":"https:\/\/apuntesdesanluis.com\/index.php\/wp-json\/wp\/v2\/posts"}],"about":[{"href":"https:\/\/apuntesdesanluis.com\/index.php\/wp-json\/wp\/v2\/types\/post"}],"author":[{"embeddable":true,"href":"https:\/\/apuntesdesanluis.com\/index.php\/wp-json\/wp\/v2\/users\/1"}],"replies":[{"embeddable":true,"href":"https:\/\/apuntesdesanluis.com\/index.php\/wp-json\/wp\/v2\/comments?post=6162"}],"version-history":[{"count":1,"href":"https:\/\/apuntesdesanluis.com\/index.php\/wp-json\/wp\/v2\/posts\/6162\/revisions"}],"predecessor-version":[{"id":6164,"href":"https:\/\/apuntesdesanluis.com\/index.php\/wp-json\/wp\/v2\/posts\/6162\/revisions\/6164"}],"wp:featuredmedia":[{"embeddable":true,"href":"https:\/\/apuntesdesanluis.com\/index.php\/wp-json\/wp\/v2\/media\/6163"}],"wp:attachment":[{"href":"https:\/\/apuntesdesanluis.com\/index.php\/wp-json\/wp\/v2\/media?parent=6162"}],"wp:term":[{"taxonomy":"category","embeddable":true,"href":"https:\/\/apuntesdesanluis.com\/index.php\/wp-json\/wp\/v2\/categories?post=6162"},{"taxonomy":"post_tag","embeddable":true,"href":"https:\/\/apuntesdesanluis.com\/index.php\/wp-json\/wp\/v2\/tags?post=6162"}],"curies":[{"name":"wp","href":"https:\/\/api.w.org\/{rel}","templated":true}]}}