{"id":6173,"date":"2023-11-01T18:35:59","date_gmt":"2023-11-01T21:35:59","guid":{"rendered":"https:\/\/apuntesdesanluis.com\/?p=6173"},"modified":"2023-11-01T18:36:50","modified_gmt":"2023-11-01T21:36:50","slug":"nuevo-diseno-curricular-2024-para-la-educacion-de-primera-infancia","status":"publish","type":"post","link":"https:\/\/apuntesdesanluis.com\/index.php\/2023\/11\/01\/nuevo-diseno-curricular-2024-para-la-educacion-de-primera-infancia\/","title":{"rendered":"NUEVO DISE\u00d1O CURRICULAR 2024 PARA LA EDUCACI\u00d3N DE PRIMERA INFANCIA"},"content":{"rendered":"<h3>Comenzar\u00e1 a aplicarse a partir del comienzo del Ciclo Lectivo 2024 en la totalidad de las instituciones educativas de la provincia, con el Ciclo Jard\u00edn Maternal, sin importar su tipo de gesti\u00f3n.<\/h3>\n<h3>A trav\u00e9s de la Resoluci\u00f3n N\u00ba149-ME-2023, el Ministerio de Educaci\u00f3n de San Luis aprob\u00f3 el Dise\u00f1o Curricular Jurisdiccional del Ciclo Jard\u00edn Maternal del Nivel de Educaci\u00f3n Inicial.<\/h3>\n<h3>Es un hecho sin dudas hist\u00f3rico, que viene a fortalecer el proceso de valoraci\u00f3n que se le da en la provincia a la formaci\u00f3n y el desarrollo de las puntanas y los puntanos desde los 45 d\u00edas de vida, hasta los 3 a\u00f1os de edad.<\/h3>\n<h3>El nuevo Dise\u00f1o Curricular, que ser\u00e1 de aplicaci\u00f3n a partir del Ciclo Lectivo 2024, se construy\u00f3 a ra\u00edz de un fuerte trabajo interdisciplinario. Se conform\u00f3 una comisi\u00f3n curricular integrada por profesionales de la educaci\u00f3n y de la salud, pertenecientes a distintas instituciones como la Universidad Nacional de San Luis (UNSL), la Universidad Nacional de Villa Mercedes (UNViMe), la Uni\u00f3n Nacional de Educadores de Nivel Inicial (UNADENI), docentes de profesorados, integrantes de equipos t\u00e9cnico-pedag\u00f3gicos ministeriales y las coordinadoras generales de los Jardines Maternales Provinciales.<\/h3>\n<h3>Vale destacar el salto cualitativo que vienen teniendo las primeras infancias en San Luis. En el 2022 pasaron a la \u00f3rbita del Ministerio de Educaci\u00f3n, siendo as\u00ed la \u00fanica provincia del pa\u00eds en darle esta mirada integral. Adem\u00e1s, este a\u00f1o se inauguraron los Centros de Desarrollo Infantil (CDI) \u201cMa\u00f1anitas Alegres\u201d de Renca, y \u201cTona Salino\u201d de la ciudad de San Luis. Adem\u00e1s se prev\u00e9 la inauguraci\u00f3n de los CDI \u201cPeque\u00f1os Capitanes\u201d en Candelaria y \u201cCreciendo Juntos\u201d en el Barrio 500 Viviendas Norte de la ciudad capital.<\/h3>\n<h3>A partir de este documento, que contempla la educaci\u00f3n y el cuidado de ni\u00f1as y ni\u00f1os desde los 45 d\u00edas hasta los 3 a\u00f1os, se aseguran los lineamientos pedag\u00f3gicos para todo el nivel inicial, dejando en evidencia una clara pol\u00edtica y compromiso del Estado provincial a favor de las Infancias. En San Luis se reconoce a las infancias como sujetos de derecho, poniendo en pr\u00e1ctica distintas pol\u00edticas p\u00fablicas a favor de la educaci\u00f3n y el cuidado integral desde la cuna.<\/h3>\n<p>&nbsp;<\/p>\n<p>&nbsp;<\/p>\n<p>&nbsp;<\/p>\n<p>&nbsp;<\/p>\n<p>&nbsp;<\/p>\n","protected":false},"excerpt":{"rendered":"<p>Comenzar\u00e1 a aplicarse a partir del comienzo del Ciclo Lectivo 2024 en la totalidad de&#8230;<\/p>\n","protected":false},"author":1,"featured_media":6174,"comment_status":"closed","ping_status":"closed","sticky":false,"template":"","format":"standard","meta":{"footnotes":""},"categories":[6],"tags":[],"class_list":["post-6173","post","type-post","status-publish","format-standard","has-post-thumbnail","hentry","category-ciudad-provincia"],"yoast_head":"<!-- This site is optimized with the Yoast SEO plugin v26.1.1 - https:\/\/yoast.com\/wordpress\/plugins\/seo\/ -->\n<title>NUEVO DISE\u00d1O CURRICULAR 2024 PARA LA EDUCACI\u00d3N DE PRIMERA INFANCIA - Apuntes de San Luis<\/title>\n<meta name=\"robots\" content=\"index, follow, max-snippet:-1, max-image-preview:large, max-video-preview:-1\" \/>\n<link rel=\"canonical\" href=\"https:\/\/apuntesdesanluis.com\/index.php\/2023\/11\/01\/nuevo-diseno-curricular-2024-para-la-educacion-de-primera-infancia\/\" \/>\n<meta property=\"og:locale\" content=\"es_ES\" \/>\n<meta property=\"og:type\" content=\"article\" \/>\n<meta property=\"og:title\" content=\"NUEVO DISE\u00d1O CURRICULAR 2024 PARA LA EDUCACI\u00d3N DE PRIMERA INFANCIA - Apuntes de San Luis\" \/>\n<meta property=\"og:description\" content=\"Comenzar\u00e1 a aplicarse a partir del comienzo del Ciclo Lectivo 2024 en la totalidad de...\" \/>\n<meta property=\"og:url\" content=\"https:\/\/apuntesdesanluis.com\/index.php\/2023\/11\/01\/nuevo-diseno-curricular-2024-para-la-educacion-de-primera-infancia\/\" \/>\n<meta property=\"og:site_name\" content=\"Apuntes de San Luis\" \/>\n<meta property=\"article:published_time\" content=\"2023-11-01T21:35:59+00:00\" \/>\n<meta property=\"article:modified_time\" content=\"2023-11-01T21:36:50+00:00\" \/>\n<meta property=\"og:image\" content=\"https:\/\/apuntesdesanluis.com\/wp-content\/uploads\/2023\/11\/jardin-maternal.png\" \/>\n\t<meta property=\"og:image:width\" content=\"654\" \/>\n\t<meta property=\"og:image:height\" content=\"406\" \/>\n\t<meta property=\"og:image:type\" content=\"image\/png\" \/>\n<meta name=\"author\" content=\"apuntesdesanluis.com\" \/>\n<meta name=\"twitter:card\" content=\"summary_large_image\" \/>\n<meta name=\"twitter:label1\" content=\"Escrito por\" \/>\n\t<meta name=\"twitter:data1\" content=\"apuntesdesanluis.com\" \/>\n\t<meta name=\"twitter:label2\" content=\"Tiempo de lectura\" \/>\n\t<meta name=\"twitter:data2\" content=\"2 minutos\" \/>\n<script type=\"application\/ld+json\" class=\"yoast-schema-graph\">{\"@context\":\"https:\/\/schema.org\",\"@graph\":[{\"@type\":\"Article\",\"@id\":\"https:\/\/apuntesdesanluis.com\/index.php\/2023\/11\/01\/nuevo-diseno-curricular-2024-para-la-educacion-de-primera-infancia\/#article\",\"isPartOf\":{\"@id\":\"https:\/\/apuntesdesanluis.com\/index.php\/2023\/11\/01\/nuevo-diseno-curricular-2024-para-la-educacion-de-primera-infancia\/\"},\"author\":{\"name\":\"apuntesdesanluis.com\",\"@id\":\"https:\/\/apuntesdesanluis.com\/#\/schema\/person\/b55151d52296fcce64d1a72538a70b90\"},\"headline\":\"NUEVO DISE\u00d1O CURRICULAR 2024 PARA LA EDUCACI\u00d3N DE PRIMERA INFANCIA\",\"datePublished\":\"2023-11-01T21:35:59+00:00\",\"dateModified\":\"2023-11-01T21:36:50+00:00\",\"mainEntityOfPage\":{\"@id\":\"https:\/\/apuntesdesanluis.com\/index.php\/2023\/11\/01\/nuevo-diseno-curricular-2024-para-la-educacion-de-primera-infancia\/\"},\"wordCount\":402,\"publisher\":{\"@id\":\"https:\/\/apuntesdesanluis.com\/#\/schema\/person\/b55151d52296fcce64d1a72538a70b90\"},\"image\":{\"@id\":\"https:\/\/apuntesdesanluis.com\/index.php\/2023\/11\/01\/nuevo-diseno-curricular-2024-para-la-educacion-de-primera-infancia\/#primaryimage\"},\"thumbnailUrl\":\"https:\/\/apuntesdesanluis.com\/wp-content\/uploads\/2023\/11\/jardin-maternal.png\",\"articleSection\":[\"Ciudad\/Provincia\"],\"inLanguage\":\"es-AR\"},{\"@type\":\"WebPage\",\"@id\":\"https:\/\/apuntesdesanluis.com\/index.php\/2023\/11\/01\/nuevo-diseno-curricular-2024-para-la-educacion-de-primera-infancia\/\",\"url\":\"https:\/\/apuntesdesanluis.com\/index.php\/2023\/11\/01\/nuevo-diseno-curricular-2024-para-la-educacion-de-primera-infancia\/\",\"name\":\"NUEVO DISE\u00d1O CURRICULAR 2024 PARA LA EDUCACI\u00d3N DE PRIMERA INFANCIA - Apuntes de San Luis\",\"isPartOf\":{\"@id\":\"https:\/\/apuntesdesanluis.com\/#website\"},\"primaryImageOfPage\":{\"@id\":\"https:\/\/apuntesdesanluis.com\/index.php\/2023\/11\/01\/nuevo-diseno-curricular-2024-para-la-educacion-de-primera-infancia\/#primaryimage\"},\"image\":{\"@id\":\"https:\/\/apuntesdesanluis.com\/index.php\/2023\/11\/01\/nuevo-diseno-curricular-2024-para-la-educacion-de-primera-infancia\/#primaryimage\"},\"thumbnailUrl\":\"https:\/\/apuntesdesanluis.com\/wp-content\/uploads\/2023\/11\/jardin-maternal.png\",\"datePublished\":\"2023-11-01T21:35:59+00:00\",\"dateModified\":\"2023-11-01T21:36:50+00:00\",\"breadcrumb\":{\"@id\":\"https:\/\/apuntesdesanluis.com\/index.php\/2023\/11\/01\/nuevo-diseno-curricular-2024-para-la-educacion-de-primera-infancia\/#breadcrumb\"},\"inLanguage\":\"es-AR\",\"potentialAction\":[{\"@type\":\"ReadAction\",\"target\":[\"https:\/\/apuntesdesanluis.com\/index.php\/2023\/11\/01\/nuevo-diseno-curricular-2024-para-la-educacion-de-primera-infancia\/\"]}]},{\"@type\":\"ImageObject\",\"inLanguage\":\"es-AR\",\"@id\":\"https:\/\/apuntesdesanluis.com\/index.php\/2023\/11\/01\/nuevo-diseno-curricular-2024-para-la-educacion-de-primera-infancia\/#primaryimage\",\"url\":\"https:\/\/apuntesdesanluis.com\/wp-content\/uploads\/2023\/11\/jardin-maternal.png\",\"contentUrl\":\"https:\/\/apuntesdesanluis.com\/wp-content\/uploads\/2023\/11\/jardin-maternal.png\",\"width\":654,\"height\":406},{\"@type\":\"BreadcrumbList\",\"@id\":\"https:\/\/apuntesdesanluis.com\/index.php\/2023\/11\/01\/nuevo-diseno-curricular-2024-para-la-educacion-de-primera-infancia\/#breadcrumb\",\"itemListElement\":[{\"@type\":\"ListItem\",\"position\":1,\"name\":\"Inicio\",\"item\":\"https:\/\/apuntesdesanluis.com\/\"},{\"@type\":\"ListItem\",\"position\":2,\"name\":\"NUEVO DISE\u00d1O CURRICULAR 2024 PARA LA EDUCACI\u00d3N DE PRIMERA INFANCIA\"}]},{\"@type\":\"WebSite\",\"@id\":\"https:\/\/apuntesdesanluis.com\/#website\",\"url\":\"https:\/\/apuntesdesanluis.com\/\",\"name\":\"Apuntes de San Luis\",\"description\":\"\",\"publisher\":{\"@id\":\"https:\/\/apuntesdesanluis.com\/#\/schema\/person\/b55151d52296fcce64d1a72538a70b90\"},\"potentialAction\":[{\"@type\":\"SearchAction\",\"target\":{\"@type\":\"EntryPoint\",\"urlTemplate\":\"https:\/\/apuntesdesanluis.com\/?s={search_term_string}\"},\"query-input\":{\"@type\":\"PropertyValueSpecification\",\"valueRequired\":true,\"valueName\":\"search_term_string\"}}],\"inLanguage\":\"es-AR\"},{\"@type\":[\"Person\",\"Organization\"],\"@id\":\"https:\/\/apuntesdesanluis.com\/#\/schema\/person\/b55151d52296fcce64d1a72538a70b90\",\"name\":\"apuntesdesanluis.com\",\"image\":{\"@type\":\"ImageObject\",\"inLanguage\":\"es-AR\",\"@id\":\"https:\/\/apuntesdesanluis.com\/#\/schema\/person\/image\/\",\"url\":\"https:\/\/apuntesdesanluis.com\/wp-content\/uploads\/2023\/07\/cropped-apuntesdesanluis.png\",\"contentUrl\":\"https:\/\/apuntesdesanluis.com\/wp-content\/uploads\/2023\/07\/cropped-apuntesdesanluis.png\",\"width\":450,\"height\":112,\"caption\":\"apuntesdesanluis.com\"},\"logo\":{\"@id\":\"https:\/\/apuntesdesanluis.com\/#\/schema\/person\/image\/\"},\"sameAs\":[\"https:\/\/apuntesdesanluis.com\"],\"url\":\"https:\/\/apuntesdesanluis.com\/index.php\/author\/apuntesdesanluis-com\/\"}]}<\/script>\n<!-- \/ Yoast SEO plugin. -->","yoast_head_json":{"title":"NUEVO DISE\u00d1O CURRICULAR 2024 PARA LA EDUCACI\u00d3N DE PRIMERA INFANCIA - Apuntes de San Luis","robots":{"index":"index","follow":"follow","max-snippet":"max-snippet:-1","max-image-preview":"max-image-preview:large","max-video-preview":"max-video-preview:-1"},"canonical":"https:\/\/apuntesdesanluis.com\/index.php\/2023\/11\/01\/nuevo-diseno-curricular-2024-para-la-educacion-de-primera-infancia\/","og_locale":"es_ES","og_type":"article","og_title":"NUEVO DISE\u00d1O CURRICULAR 2024 PARA LA EDUCACI\u00d3N DE PRIMERA INFANCIA - Apuntes de San Luis","og_description":"Comenzar\u00e1 a aplicarse a partir del comienzo del Ciclo Lectivo 2024 en la totalidad de...","og_url":"https:\/\/apuntesdesanluis.com\/index.php\/2023\/11\/01\/nuevo-diseno-curricular-2024-para-la-educacion-de-primera-infancia\/","og_site_name":"Apuntes de San Luis","article_published_time":"2023-11-01T21:35:59+00:00","article_modified_time":"2023-11-01T21:36:50+00:00","og_image":[{"width":654,"height":406,"url":"https:\/\/apuntesdesanluis.com\/wp-content\/uploads\/2023\/11\/jardin-maternal.png","type":"image\/png"}],"author":"apuntesdesanluis.com","twitter_card":"summary_large_image","twitter_misc":{"Escrito por":"apuntesdesanluis.com","Tiempo de lectura":"2 minutos"},"schema":{"@context":"https:\/\/schema.org","@graph":[{"@type":"Article","@id":"https:\/\/apuntesdesanluis.com\/index.php\/2023\/11\/01\/nuevo-diseno-curricular-2024-para-la-educacion-de-primera-infancia\/#article","isPartOf":{"@id":"https:\/\/apuntesdesanluis.com\/index.php\/2023\/11\/01\/nuevo-diseno-curricular-2024-para-la-educacion-de-primera-infancia\/"},"author":{"name":"apuntesdesanluis.com","@id":"https:\/\/apuntesdesanluis.com\/#\/schema\/person\/b55151d52296fcce64d1a72538a70b90"},"headline":"NUEVO DISE\u00d1O CURRICULAR 2024 PARA LA EDUCACI\u00d3N DE PRIMERA INFANCIA","datePublished":"2023-11-01T21:35:59+00:00","dateModified":"2023-11-01T21:36:50+00:00","mainEntityOfPage":{"@id":"https:\/\/apuntesdesanluis.com\/index.php\/2023\/11\/01\/nuevo-diseno-curricular-2024-para-la-educacion-de-primera-infancia\/"},"wordCount":402,"publisher":{"@id":"https:\/\/apuntesdesanluis.com\/#\/schema\/person\/b55151d52296fcce64d1a72538a70b90"},"image":{"@id":"https:\/\/apuntesdesanluis.com\/index.php\/2023\/11\/01\/nuevo-diseno-curricular-2024-para-la-educacion-de-primera-infancia\/#primaryimage"},"thumbnailUrl":"https:\/\/apuntesdesanluis.com\/wp-content\/uploads\/2023\/11\/jardin-maternal.png","articleSection":["Ciudad\/Provincia"],"inLanguage":"es-AR"},{"@type":"WebPage","@id":"https:\/\/apuntesdesanluis.com\/index.php\/2023\/11\/01\/nuevo-diseno-curricular-2024-para-la-educacion-de-primera-infancia\/","url":"https:\/\/apuntesdesanluis.com\/index.php\/2023\/11\/01\/nuevo-diseno-curricular-2024-para-la-educacion-de-primera-infancia\/","name":"NUEVO DISE\u00d1O CURRICULAR 2024 PARA LA EDUCACI\u00d3N DE PRIMERA INFANCIA - Apuntes de San Luis","isPartOf":{"@id":"https:\/\/apuntesdesanluis.com\/#website"},"primaryImageOfPage":{"@id":"https:\/\/apuntesdesanluis.com\/index.php\/2023\/11\/01\/nuevo-diseno-curricular-2024-para-la-educacion-de-primera-infancia\/#primaryimage"},"image":{"@id":"https:\/\/apuntesdesanluis.com\/index.php\/2023\/11\/01\/nuevo-diseno-curricular-2024-para-la-educacion-de-primera-infancia\/#primaryimage"},"thumbnailUrl":"https:\/\/apuntesdesanluis.com\/wp-content\/uploads\/2023\/11\/jardin-maternal.png","datePublished":"2023-11-01T21:35:59+00:00","dateModified":"2023-11-01T21:36:50+00:00","breadcrumb":{"@id":"https:\/\/apuntesdesanluis.com\/index.php\/2023\/11\/01\/nuevo-diseno-curricular-2024-para-la-educacion-de-primera-infancia\/#breadcrumb"},"inLanguage":"es-AR","potentialAction":[{"@type":"ReadAction","target":["https:\/\/apuntesdesanluis.com\/index.php\/2023\/11\/01\/nuevo-diseno-curricular-2024-para-la-educacion-de-primera-infancia\/"]}]},{"@type":"ImageObject","inLanguage":"es-AR","@id":"https:\/\/apuntesdesanluis.com\/index.php\/2023\/11\/01\/nuevo-diseno-curricular-2024-para-la-educacion-de-primera-infancia\/#primaryimage","url":"https:\/\/apuntesdesanluis.com\/wp-content\/uploads\/2023\/11\/jardin-maternal.png","contentUrl":"https:\/\/apuntesdesanluis.com\/wp-content\/uploads\/2023\/11\/jardin-maternal.png","width":654,"height":406},{"@type":"BreadcrumbList","@id":"https:\/\/apuntesdesanluis.com\/index.php\/2023\/11\/01\/nuevo-diseno-curricular-2024-para-la-educacion-de-primera-infancia\/#breadcrumb","itemListElement":[{"@type":"ListItem","position":1,"name":"Inicio","item":"https:\/\/apuntesdesanluis.com\/"},{"@type":"ListItem","position":2,"name":"NUEVO DISE\u00d1O CURRICULAR 2024 PARA LA EDUCACI\u00d3N DE PRIMERA INFANCIA"}]},{"@type":"WebSite","@id":"https:\/\/apuntesdesanluis.com\/#website","url":"https:\/\/apuntesdesanluis.com\/","name":"Apuntes de San Luis","description":"","publisher":{"@id":"https:\/\/apuntesdesanluis.com\/#\/schema\/person\/b55151d52296fcce64d1a72538a70b90"},"potentialAction":[{"@type":"SearchAction","target":{"@type":"EntryPoint","urlTemplate":"https:\/\/apuntesdesanluis.com\/?s={search_term_string}"},"query-input":{"@type":"PropertyValueSpecification","valueRequired":true,"valueName":"search_term_string"}}],"inLanguage":"es-AR"},{"@type":["Person","Organization"],"@id":"https:\/\/apuntesdesanluis.com\/#\/schema\/person\/b55151d52296fcce64d1a72538a70b90","name":"apuntesdesanluis.com","image":{"@type":"ImageObject","inLanguage":"es-AR","@id":"https:\/\/apuntesdesanluis.com\/#\/schema\/person\/image\/","url":"https:\/\/apuntesdesanluis.com\/wp-content\/uploads\/2023\/07\/cropped-apuntesdesanluis.png","contentUrl":"https:\/\/apuntesdesanluis.com\/wp-content\/uploads\/2023\/07\/cropped-apuntesdesanluis.png","width":450,"height":112,"caption":"apuntesdesanluis.com"},"logo":{"@id":"https:\/\/apuntesdesanluis.com\/#\/schema\/person\/image\/"},"sameAs":["https:\/\/apuntesdesanluis.com"],"url":"https:\/\/apuntesdesanluis.com\/index.php\/author\/apuntesdesanluis-com\/"}]}},"featured_image_urls":{"full":["https:\/\/apuntesdesanluis.com\/wp-content\/uploads\/2023\/11\/jardin-maternal.png",654,406,false],"thumbnail":["https:\/\/apuntesdesanluis.com\/wp-content\/uploads\/2023\/11\/jardin-maternal-150x150.png",150,150,true],"medium":["https:\/\/apuntesdesanluis.com\/wp-content\/uploads\/2023\/11\/jardin-maternal-300x186.png",300,186,true],"medium_large":["https:\/\/apuntesdesanluis.com\/wp-content\/uploads\/2023\/11\/jardin-maternal.png",640,397,false],"large":["https:\/\/apuntesdesanluis.com\/wp-content\/uploads\/2023\/11\/jardin-maternal.png",640,397,false],"1536x1536":["https:\/\/apuntesdesanluis.com\/wp-content\/uploads\/2023\/11\/jardin-maternal.png",654,406,false],"2048x2048":["https:\/\/apuntesdesanluis.com\/wp-content\/uploads\/2023\/11\/jardin-maternal.png",654,406,false],"newsever-slider-full":["https:\/\/apuntesdesanluis.com\/wp-content\/uploads\/2023\/11\/jardin-maternal.png",654,406,false],"newsever-featured":["https:\/\/apuntesdesanluis.com\/wp-content\/uploads\/2023\/11\/jardin-maternal.png",654,406,false],"newsever-medium":["https:\/\/apuntesdesanluis.com\/wp-content\/uploads\/2023\/11\/jardin-maternal.png",654,406,false]},"author_info":{"display_name":"apuntesdesanluis.com","author_link":"https:\/\/apuntesdesanluis.com\/index.php\/author\/apuntesdesanluis-com\/"},"category_info":"<a href=\"https:\/\/apuntesdesanluis.com\/index.php\/category\/ciudad-provincia\/\" rel=\"category tag\">Ciudad\/Provincia<\/a>","tag_info":"Ciudad\/Provincia","comment_count":"0","_links":{"self":[{"href":"https:\/\/apuntesdesanluis.com\/index.php\/wp-json\/wp\/v2\/posts\/6173","targetHints":{"allow":["GET"]}}],"collection":[{"href":"https:\/\/apuntesdesanluis.com\/index.php\/wp-json\/wp\/v2\/posts"}],"about":[{"href":"https:\/\/apuntesdesanluis.com\/index.php\/wp-json\/wp\/v2\/types\/post"}],"author":[{"embeddable":true,"href":"https:\/\/apuntesdesanluis.com\/index.php\/wp-json\/wp\/v2\/users\/1"}],"replies":[{"embeddable":true,"href":"https:\/\/apuntesdesanluis.com\/index.php\/wp-json\/wp\/v2\/comments?post=6173"}],"version-history":[{"count":1,"href":"https:\/\/apuntesdesanluis.com\/index.php\/wp-json\/wp\/v2\/posts\/6173\/revisions"}],"predecessor-version":[{"id":6175,"href":"https:\/\/apuntesdesanluis.com\/index.php\/wp-json\/wp\/v2\/posts\/6173\/revisions\/6175"}],"wp:featuredmedia":[{"embeddable":true,"href":"https:\/\/apuntesdesanluis.com\/index.php\/wp-json\/wp\/v2\/media\/6174"}],"wp:attachment":[{"href":"https:\/\/apuntesdesanluis.com\/index.php\/wp-json\/wp\/v2\/media?parent=6173"}],"wp:term":[{"taxonomy":"category","embeddable":true,"href":"https:\/\/apuntesdesanluis.com\/index.php\/wp-json\/wp\/v2\/categories?post=6173"},{"taxonomy":"post_tag","embeddable":true,"href":"https:\/\/apuntesdesanluis.com\/index.php\/wp-json\/wp\/v2\/tags?post=6173"}],"curies":[{"name":"wp","href":"https:\/\/api.w.org\/{rel}","templated":true}]}}