{"id":620,"date":"2023-07-28T14:36:08","date_gmt":"2023-07-28T17:36:08","guid":{"rendered":"https:\/\/apuntesdesanluis.com\/?p=620"},"modified":"2023-07-28T14:36:08","modified_gmt":"2023-07-28T17:36:08","slug":"las-abuelas-de-plaza-de-mayo-encontraron-al-nieto-133","status":"publish","type":"post","link":"https:\/\/apuntesdesanluis.com\/index.php\/2023\/07\/28\/las-abuelas-de-plaza-de-mayo-encontraron-al-nieto-133\/","title":{"rendered":"LAS ABUELAS DE PLAZA DE MAYO ENCONTRARON AL NIETO 133"},"content":{"rendered":"<h3>&#8220;Encontramos al hijo de Cristina Navajas y Julio Santucho, el nieto de la Abuela N\u00e9lida Navajas&#8221;, dijo <strong>Estela de Carlotto<\/strong>. No pudo seguir: un aplauso emotivo, alegre y fervoroso la oblig\u00f3 a parar.<\/h3>\n<h3>Con ese clima, Abuelas de Plaza de Mayo anunci\u00f3 este viernes la aparici\u00f3n del nieto 133. Fue en una conferencia de prensa en la que se cont\u00f3 la historia del <strong>Cristina Navajas<\/strong> y <strong>Julio Santucho<\/strong>, y su hijo, el nuevo nieto recuperado.<\/h3>\n<p><iframe title=\"Las ABUELAS DE PLAZA DE MAYO presentaron al NIETO 133\" width=\"640\" height=\"360\" src=\"https:\/\/www.youtube.com\/embed\/Y7S9UNtKszo?feature=oembed\" frameborder=\"0\" allow=\"accelerometer; autoplay; clipboard-write; encrypted-media; gyroscope; picture-in-picture; web-share\" referrerpolicy=\"strict-origin-when-cross-origin\" allowfullscreen><\/iframe><\/p>\n<h3>En la conferencia recordaron que Cristina, madre del nieto y v\u00edctima de la dictadura, fue secuestrada el 13 de julio de 1976 mientras estaba embarazada, durante el operativo de una patota en el departamento familiar de la avenida Warnes. &#8220;Era docente de las escuelas del PRT, donde ense\u00f1aba Historia de la Revoluci\u00f3n Latinoamericana&#8221;.<\/h3>\n<h3>En tanto, Julio, el padre, &#8220;era el d\u00e9cimo hijo y para \u00e9l se esperaba una carrera religiosa, hasta que conoci\u00f3 a Cristina&#8221;. &#8220;Julio se enter\u00f3 del secuestro de su mujer el 14 de julio de 1976. De inmediato inici\u00f3 las gestiones para sacar a sus hijos del pa\u00eds&#8221;, contaron. Julio escuchaba con emoci\u00f3n.<\/h3>\n<h3>Otro de los presentes fue el secretario de Derechos Humanos, Horacio Pietragalla, junto con la legisladora porte\u00f1a Victoria Montenegro, entre otros. En un clima de profunda emotividad, comentaron que &#8220;el nieto 133 se acerc\u00f3 a Abuelas de manera espont\u00e1nea&#8221;. En primera fila estaban Miguel &#8220;Tano&#8221; Santucho y Julio Santucho, hermano y padre del Nieto 133.<\/h3>\n<h3>C\u00d3MO SE IDENTIFIC\u00d3 AL NIETO<\/h3>\n<h3>Tambi\u00e9n dijeron que &#8220;fue anotado como hijo propio de un integrante de las Fuerzas de Seguridad y una enfermera el 24 de marzo de 1977. Desde joven tuvo dudas de su identidad, fue criado como hijo \u00fanico por una hermana 20 a\u00f1os mayor que le confes\u00f3 que no era hijo de quienes dec\u00edan ser sus padres&#8221;.<\/h3>\n<h3>Con esa sospecha, &#8220;le llev\u00f3 tiempo acomodar la informaci\u00f3n para acercarse a Abuelas. Una vez que lo hizo, se realiz\u00f3 la investigaci\u00f3n documental y en abril de este a\u00f1o se realiz\u00f3 el examen ante el Banco Nacional de Datos Gen\u00e9ticos&#8221;.<\/h3>\n<h3>&#8220;Cristina ten\u00eda la voluntad de que buscaran a su hijo. N\u00e9lida, su abuela, honr\u00f3 de forma extraordinaria esa voluntad y muri\u00f3 buscando a su hija y a su nieto. Honramos a N\u00e9lida y a todas las abuelas que nunca perdieron la esperanza de encontrar a sus seres queridos&#8221;, pronunciaron.<\/h3>\n<h3>EL ALIVIO DE SU PAP\u00c1 Y SU HERMANO<\/h3>\n<h3>Como se mencion\u00f3, en la conferencia de prensa tambi\u00e9n estuvo presente Miguel &#8220;Tano&#8221; Santucho, hijo de Cristina y Julio, que se mostr\u00f3 emocionado porque su hermano, el nieto 133, &#8220;expres\u00f3 que quer\u00eda conocerme y eso fue muy lindo, emociona&#8221;.<\/h3>\n<h3>&#8220;Yo estaba en Roma, con mis hermanos Camilo y Florencia. En el exacto momento en el que me enter\u00e9 estaba jugando con mi perra y la perd\u00ed de vista un rato&#8221;, cont\u00f3.<\/h3>\n<h3>&#8220;Tengo la sensaci\u00f3n de haber encontrado un ser hermoso, realmente especial. No tengo dudas de que vamos a estar juntos el resto de nuestras vidas porque nos buscamos, nos quisimos encontrar. Y el abrazo que nos dimos es para siempre&#8221;, agreg\u00f3.<\/h3>\n<h3>El momento de emotividad sigui\u00f3 cuando tom\u00f3 la palabra Julio Santucho, padre del Nieto 133. &#8220;S\u00e9 todo lo que Cristina tuvo que pasar y es una muestra de su car\u00e1cter&#8221;, dijo.<\/h3>\n<h3>LOS NIETOS 131 Y 132<\/h3>\n<h3>Hasta hoy, el \u00faltimo nieto recuperado hab\u00eda sido Juan Jos\u00e9, hijo de Mercedes del Valle Morales, de 21 a\u00f1os, desaparecida en Tucum\u00e1n el 20 de mayo de 1976.<\/h3>\n<h3>\u00a0Juan hab\u00eda sido secuestrado cuando ten\u00eda 9 meses junto con su madre y sus dos abuelos (Toribia Romero de Morales y Jos\u00e9 Ram\u00f3n Morales). Su restituci\u00f3n fue anunciada el 28 de diciembre de 2022.<\/h3>\n<h3>Menos de una semana antes, el 22 de diciembre, hab\u00eda sido dada a conocer la restituci\u00f3n del nieto 131, hijo var\u00f3n de Luc\u00eda \u00c1ngela Nadin y Aldo Hugo Quevedo, desaparecidos en 1977.<\/h3>\n","protected":false},"excerpt":{"rendered":"<p>&#8220;Encontramos al hijo de Cristina Navajas y Julio Santucho, el nieto de la Abuela N\u00e9lida&#8230;<\/p>\n","protected":false},"author":1,"featured_media":621,"comment_status":"closed","ping_status":"closed","sticky":false,"template":"","format":"standard","meta":{"footnotes":""},"categories":[5],"tags":[],"class_list":["post-620","post","type-post","status-publish","format-standard","has-post-thumbnail","hentry","category-nacionales-internacionales"],"yoast_head":"<!-- This site is optimized with the Yoast SEO plugin v26.1.1 - https:\/\/yoast.com\/wordpress\/plugins\/seo\/ -->\n<title>LAS ABUELAS DE PLAZA DE MAYO ENCONTRARON AL NIETO 133 - Apuntes de San Luis<\/title>\n<meta name=\"robots\" content=\"index, follow, max-snippet:-1, max-image-preview:large, max-video-preview:-1\" \/>\n<link rel=\"canonical\" href=\"https:\/\/apuntesdesanluis.com\/index.php\/2023\/07\/28\/las-abuelas-de-plaza-de-mayo-encontraron-al-nieto-133\/\" \/>\n<meta property=\"og:locale\" content=\"es_ES\" \/>\n<meta property=\"og:type\" content=\"article\" \/>\n<meta property=\"og:title\" content=\"LAS ABUELAS DE PLAZA DE MAYO ENCONTRARON AL NIETO 133 - Apuntes de San Luis\" \/>\n<meta property=\"og:description\" content=\"&#8220;Encontramos al hijo de Cristina Navajas y Julio Santucho, el nieto de la Abuela N\u00e9lida...\" \/>\n<meta property=\"og:url\" content=\"https:\/\/apuntesdesanluis.com\/index.php\/2023\/07\/28\/las-abuelas-de-plaza-de-mayo-encontraron-al-nieto-133\/\" \/>\n<meta property=\"og:site_name\" content=\"Apuntes de San Luis\" \/>\n<meta property=\"article:published_time\" content=\"2023-07-28T17:36:08+00:00\" \/>\n<meta property=\"og:image\" content=\"https:\/\/apuntesdesanluis.com\/wp-content\/uploads\/2023\/07\/abuelas-de-plaza-de-mayo.png\" \/>\n\t<meta property=\"og:image:width\" content=\"691\" \/>\n\t<meta property=\"og:image:height\" content=\"483\" \/>\n\t<meta property=\"og:image:type\" content=\"image\/png\" \/>\n<meta name=\"author\" content=\"apuntesdesanluis.com\" \/>\n<meta name=\"twitter:card\" content=\"summary_large_image\" \/>\n<meta name=\"twitter:label1\" content=\"Escrito por\" \/>\n\t<meta name=\"twitter:data1\" content=\"apuntesdesanluis.com\" \/>\n\t<meta name=\"twitter:label2\" content=\"Tiempo de lectura\" \/>\n\t<meta name=\"twitter:data2\" content=\"3 minutos\" \/>\n<script type=\"application\/ld+json\" class=\"yoast-schema-graph\">{\"@context\":\"https:\/\/schema.org\",\"@graph\":[{\"@type\":\"Article\",\"@id\":\"https:\/\/apuntesdesanluis.com\/index.php\/2023\/07\/28\/las-abuelas-de-plaza-de-mayo-encontraron-al-nieto-133\/#article\",\"isPartOf\":{\"@id\":\"https:\/\/apuntesdesanluis.com\/index.php\/2023\/07\/28\/las-abuelas-de-plaza-de-mayo-encontraron-al-nieto-133\/\"},\"author\":{\"name\":\"apuntesdesanluis.com\",\"@id\":\"https:\/\/apuntesdesanluis.com\/#\/schema\/person\/b55151d52296fcce64d1a72538a70b90\"},\"headline\":\"LAS ABUELAS DE PLAZA DE MAYO ENCONTRARON AL NIETO 133\",\"datePublished\":\"2023-07-28T17:36:08+00:00\",\"mainEntityOfPage\":{\"@id\":\"https:\/\/apuntesdesanluis.com\/index.php\/2023\/07\/28\/las-abuelas-de-plaza-de-mayo-encontraron-al-nieto-133\/\"},\"wordCount\":669,\"publisher\":{\"@id\":\"https:\/\/apuntesdesanluis.com\/#\/schema\/person\/b55151d52296fcce64d1a72538a70b90\"},\"image\":{\"@id\":\"https:\/\/apuntesdesanluis.com\/index.php\/2023\/07\/28\/las-abuelas-de-plaza-de-mayo-encontraron-al-nieto-133\/#primaryimage\"},\"thumbnailUrl\":\"https:\/\/apuntesdesanluis.com\/wp-content\/uploads\/2023\/07\/abuelas-de-plaza-de-mayo.png\",\"articleSection\":[\"Nacionales\/Internacionales\"],\"inLanguage\":\"es-AR\"},{\"@type\":\"WebPage\",\"@id\":\"https:\/\/apuntesdesanluis.com\/index.php\/2023\/07\/28\/las-abuelas-de-plaza-de-mayo-encontraron-al-nieto-133\/\",\"url\":\"https:\/\/apuntesdesanluis.com\/index.php\/2023\/07\/28\/las-abuelas-de-plaza-de-mayo-encontraron-al-nieto-133\/\",\"name\":\"LAS ABUELAS DE PLAZA DE MAYO ENCONTRARON AL NIETO 133 - Apuntes de San Luis\",\"isPartOf\":{\"@id\":\"https:\/\/apuntesdesanluis.com\/#website\"},\"primaryImageOfPage\":{\"@id\":\"https:\/\/apuntesdesanluis.com\/index.php\/2023\/07\/28\/las-abuelas-de-plaza-de-mayo-encontraron-al-nieto-133\/#primaryimage\"},\"image\":{\"@id\":\"https:\/\/apuntesdesanluis.com\/index.php\/2023\/07\/28\/las-abuelas-de-plaza-de-mayo-encontraron-al-nieto-133\/#primaryimage\"},\"thumbnailUrl\":\"https:\/\/apuntesdesanluis.com\/wp-content\/uploads\/2023\/07\/abuelas-de-plaza-de-mayo.png\",\"datePublished\":\"2023-07-28T17:36:08+00:00\",\"breadcrumb\":{\"@id\":\"https:\/\/apuntesdesanluis.com\/index.php\/2023\/07\/28\/las-abuelas-de-plaza-de-mayo-encontraron-al-nieto-133\/#breadcrumb\"},\"inLanguage\":\"es-AR\",\"potentialAction\":[{\"@type\":\"ReadAction\",\"target\":[\"https:\/\/apuntesdesanluis.com\/index.php\/2023\/07\/28\/las-abuelas-de-plaza-de-mayo-encontraron-al-nieto-133\/\"]}]},{\"@type\":\"ImageObject\",\"inLanguage\":\"es-AR\",\"@id\":\"https:\/\/apuntesdesanluis.com\/index.php\/2023\/07\/28\/las-abuelas-de-plaza-de-mayo-encontraron-al-nieto-133\/#primaryimage\",\"url\":\"https:\/\/apuntesdesanluis.com\/wp-content\/uploads\/2023\/07\/abuelas-de-plaza-de-mayo.png\",\"contentUrl\":\"https:\/\/apuntesdesanluis.com\/wp-content\/uploads\/2023\/07\/abuelas-de-plaza-de-mayo.png\",\"width\":691,\"height\":483},{\"@type\":\"BreadcrumbList\",\"@id\":\"https:\/\/apuntesdesanluis.com\/index.php\/2023\/07\/28\/las-abuelas-de-plaza-de-mayo-encontraron-al-nieto-133\/#breadcrumb\",\"itemListElement\":[{\"@type\":\"ListItem\",\"position\":1,\"name\":\"Inicio\",\"item\":\"https:\/\/apuntesdesanluis.com\/\"},{\"@type\":\"ListItem\",\"position\":2,\"name\":\"LAS ABUELAS DE PLAZA DE MAYO ENCONTRARON AL NIETO 133\"}]},{\"@type\":\"WebSite\",\"@id\":\"https:\/\/apuntesdesanluis.com\/#website\",\"url\":\"https:\/\/apuntesdesanluis.com\/\",\"name\":\"Apuntes de San Luis\",\"description\":\"\",\"publisher\":{\"@id\":\"https:\/\/apuntesdesanluis.com\/#\/schema\/person\/b55151d52296fcce64d1a72538a70b90\"},\"potentialAction\":[{\"@type\":\"SearchAction\",\"target\":{\"@type\":\"EntryPoint\",\"urlTemplate\":\"https:\/\/apuntesdesanluis.com\/?s={search_term_string}\"},\"query-input\":{\"@type\":\"PropertyValueSpecification\",\"valueRequired\":true,\"valueName\":\"search_term_string\"}}],\"inLanguage\":\"es-AR\"},{\"@type\":[\"Person\",\"Organization\"],\"@id\":\"https:\/\/apuntesdesanluis.com\/#\/schema\/person\/b55151d52296fcce64d1a72538a70b90\",\"name\":\"apuntesdesanluis.com\",\"image\":{\"@type\":\"ImageObject\",\"inLanguage\":\"es-AR\",\"@id\":\"https:\/\/apuntesdesanluis.com\/#\/schema\/person\/image\/\",\"url\":\"https:\/\/apuntesdesanluis.com\/wp-content\/uploads\/2023\/07\/cropped-apuntesdesanluis.png\",\"contentUrl\":\"https:\/\/apuntesdesanluis.com\/wp-content\/uploads\/2023\/07\/cropped-apuntesdesanluis.png\",\"width\":450,\"height\":112,\"caption\":\"apuntesdesanluis.com\"},\"logo\":{\"@id\":\"https:\/\/apuntesdesanluis.com\/#\/schema\/person\/image\/\"},\"sameAs\":[\"https:\/\/apuntesdesanluis.com\"],\"url\":\"https:\/\/apuntesdesanluis.com\/index.php\/author\/apuntesdesanluis-com\/\"}]}<\/script>\n<!-- \/ Yoast SEO plugin. -->","yoast_head_json":{"title":"LAS ABUELAS DE PLAZA DE MAYO ENCONTRARON AL NIETO 133 - Apuntes de San Luis","robots":{"index":"index","follow":"follow","max-snippet":"max-snippet:-1","max-image-preview":"max-image-preview:large","max-video-preview":"max-video-preview:-1"},"canonical":"https:\/\/apuntesdesanluis.com\/index.php\/2023\/07\/28\/las-abuelas-de-plaza-de-mayo-encontraron-al-nieto-133\/","og_locale":"es_ES","og_type":"article","og_title":"LAS ABUELAS DE PLAZA DE MAYO ENCONTRARON AL NIETO 133 - Apuntes de San Luis","og_description":"&#8220;Encontramos al hijo de Cristina Navajas y Julio Santucho, el nieto de la Abuela N\u00e9lida...","og_url":"https:\/\/apuntesdesanluis.com\/index.php\/2023\/07\/28\/las-abuelas-de-plaza-de-mayo-encontraron-al-nieto-133\/","og_site_name":"Apuntes de San Luis","article_published_time":"2023-07-28T17:36:08+00:00","og_image":[{"width":691,"height":483,"url":"https:\/\/apuntesdesanluis.com\/wp-content\/uploads\/2023\/07\/abuelas-de-plaza-de-mayo.png","type":"image\/png"}],"author":"apuntesdesanluis.com","twitter_card":"summary_large_image","twitter_misc":{"Escrito por":"apuntesdesanluis.com","Tiempo de lectura":"3 minutos"},"schema":{"@context":"https:\/\/schema.org","@graph":[{"@type":"Article","@id":"https:\/\/apuntesdesanluis.com\/index.php\/2023\/07\/28\/las-abuelas-de-plaza-de-mayo-encontraron-al-nieto-133\/#article","isPartOf":{"@id":"https:\/\/apuntesdesanluis.com\/index.php\/2023\/07\/28\/las-abuelas-de-plaza-de-mayo-encontraron-al-nieto-133\/"},"author":{"name":"apuntesdesanluis.com","@id":"https:\/\/apuntesdesanluis.com\/#\/schema\/person\/b55151d52296fcce64d1a72538a70b90"},"headline":"LAS ABUELAS DE PLAZA DE MAYO ENCONTRARON AL NIETO 133","datePublished":"2023-07-28T17:36:08+00:00","mainEntityOfPage":{"@id":"https:\/\/apuntesdesanluis.com\/index.php\/2023\/07\/28\/las-abuelas-de-plaza-de-mayo-encontraron-al-nieto-133\/"},"wordCount":669,"publisher":{"@id":"https:\/\/apuntesdesanluis.com\/#\/schema\/person\/b55151d52296fcce64d1a72538a70b90"},"image":{"@id":"https:\/\/apuntesdesanluis.com\/index.php\/2023\/07\/28\/las-abuelas-de-plaza-de-mayo-encontraron-al-nieto-133\/#primaryimage"},"thumbnailUrl":"https:\/\/apuntesdesanluis.com\/wp-content\/uploads\/2023\/07\/abuelas-de-plaza-de-mayo.png","articleSection":["Nacionales\/Internacionales"],"inLanguage":"es-AR"},{"@type":"WebPage","@id":"https:\/\/apuntesdesanluis.com\/index.php\/2023\/07\/28\/las-abuelas-de-plaza-de-mayo-encontraron-al-nieto-133\/","url":"https:\/\/apuntesdesanluis.com\/index.php\/2023\/07\/28\/las-abuelas-de-plaza-de-mayo-encontraron-al-nieto-133\/","name":"LAS ABUELAS DE PLAZA DE MAYO ENCONTRARON AL NIETO 133 - Apuntes de San Luis","isPartOf":{"@id":"https:\/\/apuntesdesanluis.com\/#website"},"primaryImageOfPage":{"@id":"https:\/\/apuntesdesanluis.com\/index.php\/2023\/07\/28\/las-abuelas-de-plaza-de-mayo-encontraron-al-nieto-133\/#primaryimage"},"image":{"@id":"https:\/\/apuntesdesanluis.com\/index.php\/2023\/07\/28\/las-abuelas-de-plaza-de-mayo-encontraron-al-nieto-133\/#primaryimage"},"thumbnailUrl":"https:\/\/apuntesdesanluis.com\/wp-content\/uploads\/2023\/07\/abuelas-de-plaza-de-mayo.png","datePublished":"2023-07-28T17:36:08+00:00","breadcrumb":{"@id":"https:\/\/apuntesdesanluis.com\/index.php\/2023\/07\/28\/las-abuelas-de-plaza-de-mayo-encontraron-al-nieto-133\/#breadcrumb"},"inLanguage":"es-AR","potentialAction":[{"@type":"ReadAction","target":["https:\/\/apuntesdesanluis.com\/index.php\/2023\/07\/28\/las-abuelas-de-plaza-de-mayo-encontraron-al-nieto-133\/"]}]},{"@type":"ImageObject","inLanguage":"es-AR","@id":"https:\/\/apuntesdesanluis.com\/index.php\/2023\/07\/28\/las-abuelas-de-plaza-de-mayo-encontraron-al-nieto-133\/#primaryimage","url":"https:\/\/apuntesdesanluis.com\/wp-content\/uploads\/2023\/07\/abuelas-de-plaza-de-mayo.png","contentUrl":"https:\/\/apuntesdesanluis.com\/wp-content\/uploads\/2023\/07\/abuelas-de-plaza-de-mayo.png","width":691,"height":483},{"@type":"BreadcrumbList","@id":"https:\/\/apuntesdesanluis.com\/index.php\/2023\/07\/28\/las-abuelas-de-plaza-de-mayo-encontraron-al-nieto-133\/#breadcrumb","itemListElement":[{"@type":"ListItem","position":1,"name":"Inicio","item":"https:\/\/apuntesdesanluis.com\/"},{"@type":"ListItem","position":2,"name":"LAS ABUELAS DE PLAZA DE MAYO ENCONTRARON AL NIETO 133"}]},{"@type":"WebSite","@id":"https:\/\/apuntesdesanluis.com\/#website","url":"https:\/\/apuntesdesanluis.com\/","name":"Apuntes de San Luis","description":"","publisher":{"@id":"https:\/\/apuntesdesanluis.com\/#\/schema\/person\/b55151d52296fcce64d1a72538a70b90"},"potentialAction":[{"@type":"SearchAction","target":{"@type":"EntryPoint","urlTemplate":"https:\/\/apuntesdesanluis.com\/?s={search_term_string}"},"query-input":{"@type":"PropertyValueSpecification","valueRequired":true,"valueName":"search_term_string"}}],"inLanguage":"es-AR"},{"@type":["Person","Organization"],"@id":"https:\/\/apuntesdesanluis.com\/#\/schema\/person\/b55151d52296fcce64d1a72538a70b90","name":"apuntesdesanluis.com","image":{"@type":"ImageObject","inLanguage":"es-AR","@id":"https:\/\/apuntesdesanluis.com\/#\/schema\/person\/image\/","url":"https:\/\/apuntesdesanluis.com\/wp-content\/uploads\/2023\/07\/cropped-apuntesdesanluis.png","contentUrl":"https:\/\/apuntesdesanluis.com\/wp-content\/uploads\/2023\/07\/cropped-apuntesdesanluis.png","width":450,"height":112,"caption":"apuntesdesanluis.com"},"logo":{"@id":"https:\/\/apuntesdesanluis.com\/#\/schema\/person\/image\/"},"sameAs":["https:\/\/apuntesdesanluis.com"],"url":"https:\/\/apuntesdesanluis.com\/index.php\/author\/apuntesdesanluis-com\/"}]}},"featured_image_urls":{"full":["https:\/\/apuntesdesanluis.com\/wp-content\/uploads\/2023\/07\/abuelas-de-plaza-de-mayo.png",691,483,false],"thumbnail":["https:\/\/apuntesdesanluis.com\/wp-content\/uploads\/2023\/07\/abuelas-de-plaza-de-mayo-150x150.png",150,150,true],"medium":["https:\/\/apuntesdesanluis.com\/wp-content\/uploads\/2023\/07\/abuelas-de-plaza-de-mayo-300x210.png",300,210,true],"medium_large":["https:\/\/apuntesdesanluis.com\/wp-content\/uploads\/2023\/07\/abuelas-de-plaza-de-mayo.png",640,447,false],"large":["https:\/\/apuntesdesanluis.com\/wp-content\/uploads\/2023\/07\/abuelas-de-plaza-de-mayo.png",640,447,false],"1536x1536":["https:\/\/apuntesdesanluis.com\/wp-content\/uploads\/2023\/07\/abuelas-de-plaza-de-mayo.png",691,483,false],"2048x2048":["https:\/\/apuntesdesanluis.com\/wp-content\/uploads\/2023\/07\/abuelas-de-plaza-de-mayo.png",691,483,false],"newsever-slider-full":["https:\/\/apuntesdesanluis.com\/wp-content\/uploads\/2023\/07\/abuelas-de-plaza-de-mayo.png",691,483,false],"newsever-featured":["https:\/\/apuntesdesanluis.com\/wp-content\/uploads\/2023\/07\/abuelas-de-plaza-de-mayo.png",691,483,false],"newsever-medium":["https:\/\/apuntesdesanluis.com\/wp-content\/uploads\/2023\/07\/abuelas-de-plaza-de-mayo-691x475.png",691,475,true]},"author_info":{"display_name":"apuntesdesanluis.com","author_link":"https:\/\/apuntesdesanluis.com\/index.php\/author\/apuntesdesanluis-com\/"},"category_info":"<a href=\"https:\/\/apuntesdesanluis.com\/index.php\/category\/nacionales-internacionales\/\" rel=\"category tag\">Nacionales\/Internacionales<\/a>","tag_info":"Nacionales\/Internacionales","comment_count":"0","_links":{"self":[{"href":"https:\/\/apuntesdesanluis.com\/index.php\/wp-json\/wp\/v2\/posts\/620","targetHints":{"allow":["GET"]}}],"collection":[{"href":"https:\/\/apuntesdesanluis.com\/index.php\/wp-json\/wp\/v2\/posts"}],"about":[{"href":"https:\/\/apuntesdesanluis.com\/index.php\/wp-json\/wp\/v2\/types\/post"}],"author":[{"embeddable":true,"href":"https:\/\/apuntesdesanluis.com\/index.php\/wp-json\/wp\/v2\/users\/1"}],"replies":[{"embeddable":true,"href":"https:\/\/apuntesdesanluis.com\/index.php\/wp-json\/wp\/v2\/comments?post=620"}],"version-history":[{"count":1,"href":"https:\/\/apuntesdesanluis.com\/index.php\/wp-json\/wp\/v2\/posts\/620\/revisions"}],"predecessor-version":[{"id":622,"href":"https:\/\/apuntesdesanluis.com\/index.php\/wp-json\/wp\/v2\/posts\/620\/revisions\/622"}],"wp:featuredmedia":[{"embeddable":true,"href":"https:\/\/apuntesdesanluis.com\/index.php\/wp-json\/wp\/v2\/media\/621"}],"wp:attachment":[{"href":"https:\/\/apuntesdesanluis.com\/index.php\/wp-json\/wp\/v2\/media?parent=620"}],"wp:term":[{"taxonomy":"category","embeddable":true,"href":"https:\/\/apuntesdesanluis.com\/index.php\/wp-json\/wp\/v2\/categories?post=620"},{"taxonomy":"post_tag","embeddable":true,"href":"https:\/\/apuntesdesanluis.com\/index.php\/wp-json\/wp\/v2\/tags?post=620"}],"curies":[{"name":"wp","href":"https:\/\/api.w.org\/{rel}","templated":true}]}}