{"id":6236,"date":"2023-11-02T23:05:31","date_gmt":"2023-11-03T02:05:31","guid":{"rendered":"https:\/\/apuntesdesanluis.com\/?p=6236"},"modified":"2023-11-02T23:05:31","modified_gmt":"2023-11-03T02:05:31","slug":"milei-ratifico-la-dolarizacion-es-una-politica-de-estado","status":"publish","type":"post","link":"https:\/\/apuntesdesanluis.com\/index.php\/2023\/11\/02\/milei-ratifico-la-dolarizacion-es-una-politica-de-estado\/","title":{"rendered":"MILEI RATIFIC\u00d3 LA DOLARIZACI\u00d3N: &#8220;ES UNA POL\u00cdTICA DE ESTADO&#8221;"},"content":{"rendered":"<h3>El candidato presidencial de La Libertad Avanza, Javier Milei, descart\u00f3 haber negociado la dolarizaci\u00f3n y la eliminaci\u00f3n del Banco Central, dos de los ejes de su campa\u00f1a, durante la reuni\u00f3n con el ex presidente Mauricio Macri y Patricia Bullrich.<\/h3>\n<h3>&#8220;Es una pol\u00edtica de Estado&#8221;, lanz\u00f3 Milei en declaraciones televisivas y antes de partir hacia el Congreso de la Naci\u00f3n para formalizar su candidata, al igual que Sergio Massa (Uni\u00f3n por la Patria), en una sesi\u00f3n que presidir\u00e1 la vicepresidenta Cristina Kirchner.<\/h3>\n<h3>&#8220;Para nosotros, la eliminaci\u00f3n del Banco Central es una pol\u00edtica de Estado. Es parte fundacional de nuestra visi\u00f3n, as\u00ed que no se negocia bajo ning\u00fan punto de vista&#8221;, sum\u00f3 el economista antes del ingreso a la sesi\u00f3n.<\/h3>\n<h3>Consultado por las posturas de Macri y Bullrich sobre la dolarizaci\u00f3n y el cierre del Banco Central, indic\u00f3: &#8220;Tenemos diferencias, por eso hemos ido en estructuras distintas, es natural&#8221;.<\/h3>\n<h3>&#8220;Ellos lo que me brindaron es un apoyo incondicional, obviamente no estamos en todo de acuerdo, tendremos 90% de coincidencias, en algunos otros puntos no las tenemos. Por ejemplo, en la eliminaci\u00f3n del Banco Central&#8221;, continu\u00f3.<\/h3>\n<h3>Con respecto a la venta de \u00f3rganos, que volvi\u00f3 a reflotar por declaraciones de Diana Mondino, diputada electa del espacio, dijo: &#8220;Es una discusi\u00f3n que no es parte de la agenda. Ni siquiera est\u00e1 ninguna de nuestras propuestas de campa\u00f1a&#8221;.<\/h3>\n<h3>El apoyo expl\u00edcito del ala dura del PRO gener\u00f3 cimbronazos puertas adentro de LLA. Esta tarde, Alberto Benegas Lynch advirti\u00f3: &#8220;No estoy diciendo que suceda, solo advierto que no se tenga la absurda pretensi\u00f3n por parte de los de siempre de &#8216;domarlo&#8217; a Javier Milei para que retroceda en sus extraordinarias propuestas que precisamente son las que lo catapultaron y las que pondr\u00e1n a nuestro pa\u00eds de pie&#8221;.<\/h3>\n<h3>Desde los resultados electorales del 22 de octubre, Milei se muestra con cierta tendencia al centro. Su objetivo es acercarse a los votantes que dej\u00f3 en el camino Bullrich.<\/h3>\n<p>&nbsp;<\/p>\n<p>&nbsp;<\/p>\n<p>&nbsp;<\/p>\n<p>&nbsp;<\/p>\n<p>&nbsp;<\/p>\n<p>&nbsp;<\/p>\n","protected":false},"excerpt":{"rendered":"<p>El candidato presidencial de La Libertad Avanza, Javier Milei, descart\u00f3 haber negociado la dolarizaci\u00f3n y&#8230;<\/p>\n","protected":false},"author":1,"featured_media":6237,"comment_status":"closed","ping_status":"closed","sticky":false,"template":"","format":"standard","meta":{"footnotes":""},"categories":[5],"tags":[],"class_list":["post-6236","post","type-post","status-publish","format-standard","has-post-thumbnail","hentry","category-nacionales-internacionales"],"yoast_head":"<!-- This site is optimized with the Yoast SEO plugin v26.1.1 - https:\/\/yoast.com\/wordpress\/plugins\/seo\/ -->\n<title>MILEI RATIFIC\u00d3 LA DOLARIZACI\u00d3N: &quot;ES UNA POL\u00cdTICA DE ESTADO&quot; - Apuntes de San Luis<\/title>\n<meta name=\"robots\" content=\"index, follow, max-snippet:-1, max-image-preview:large, max-video-preview:-1\" \/>\n<link rel=\"canonical\" href=\"https:\/\/apuntesdesanluis.com\/index.php\/2023\/11\/02\/milei-ratifico-la-dolarizacion-es-una-politica-de-estado\/\" \/>\n<meta property=\"og:locale\" content=\"es_ES\" \/>\n<meta property=\"og:type\" content=\"article\" \/>\n<meta property=\"og:title\" content=\"MILEI RATIFIC\u00d3 LA DOLARIZACI\u00d3N: &quot;ES UNA POL\u00cdTICA DE ESTADO&quot; - Apuntes de San Luis\" \/>\n<meta property=\"og:description\" content=\"El candidato presidencial de La Libertad Avanza, Javier Milei, descart\u00f3 haber negociado la dolarizaci\u00f3n y...\" \/>\n<meta property=\"og:url\" content=\"https:\/\/apuntesdesanluis.com\/index.php\/2023\/11\/02\/milei-ratifico-la-dolarizacion-es-una-politica-de-estado\/\" \/>\n<meta property=\"og:site_name\" content=\"Apuntes de San Luis\" \/>\n<meta property=\"article:published_time\" content=\"2023-11-03T02:05:31+00:00\" \/>\n<meta property=\"og:image\" content=\"https:\/\/apuntesdesanluis.com\/wp-content\/uploads\/2023\/11\/milei.png\" \/>\n\t<meta property=\"og:image:width\" content=\"604\" \/>\n\t<meta property=\"og:image:height\" content=\"365\" \/>\n\t<meta property=\"og:image:type\" content=\"image\/png\" \/>\n<meta name=\"author\" content=\"apuntesdesanluis.com\" \/>\n<meta name=\"twitter:card\" content=\"summary_large_image\" \/>\n<meta name=\"twitter:label1\" content=\"Escrito por\" \/>\n\t<meta name=\"twitter:data1\" content=\"apuntesdesanluis.com\" \/>\n\t<meta name=\"twitter:label2\" content=\"Tiempo de lectura\" \/>\n\t<meta name=\"twitter:data2\" content=\"2 minutos\" \/>\n<script type=\"application\/ld+json\" class=\"yoast-schema-graph\">{\"@context\":\"https:\/\/schema.org\",\"@graph\":[{\"@type\":\"Article\",\"@id\":\"https:\/\/apuntesdesanluis.com\/index.php\/2023\/11\/02\/milei-ratifico-la-dolarizacion-es-una-politica-de-estado\/#article\",\"isPartOf\":{\"@id\":\"https:\/\/apuntesdesanluis.com\/index.php\/2023\/11\/02\/milei-ratifico-la-dolarizacion-es-una-politica-de-estado\/\"},\"author\":{\"name\":\"apuntesdesanluis.com\",\"@id\":\"https:\/\/apuntesdesanluis.com\/#\/schema\/person\/b55151d52296fcce64d1a72538a70b90\"},\"headline\":\"MILEI RATIFIC\u00d3 LA DOLARIZACI\u00d3N: &#8220;ES UNA POL\u00cdTICA DE ESTADO&#8221;\",\"datePublished\":\"2023-11-03T02:05:31+00:00\",\"mainEntityOfPage\":{\"@id\":\"https:\/\/apuntesdesanluis.com\/index.php\/2023\/11\/02\/milei-ratifico-la-dolarizacion-es-una-politica-de-estado\/\"},\"wordCount\":356,\"publisher\":{\"@id\":\"https:\/\/apuntesdesanluis.com\/#\/schema\/person\/b55151d52296fcce64d1a72538a70b90\"},\"image\":{\"@id\":\"https:\/\/apuntesdesanluis.com\/index.php\/2023\/11\/02\/milei-ratifico-la-dolarizacion-es-una-politica-de-estado\/#primaryimage\"},\"thumbnailUrl\":\"https:\/\/apuntesdesanluis.com\/wp-content\/uploads\/2023\/11\/milei.png\",\"articleSection\":[\"Nacionales\/Internacionales\"],\"inLanguage\":\"es-AR\"},{\"@type\":\"WebPage\",\"@id\":\"https:\/\/apuntesdesanluis.com\/index.php\/2023\/11\/02\/milei-ratifico-la-dolarizacion-es-una-politica-de-estado\/\",\"url\":\"https:\/\/apuntesdesanluis.com\/index.php\/2023\/11\/02\/milei-ratifico-la-dolarizacion-es-una-politica-de-estado\/\",\"name\":\"MILEI RATIFIC\u00d3 LA DOLARIZACI\u00d3N: \\\"ES UNA POL\u00cdTICA DE ESTADO\\\" - Apuntes de San Luis\",\"isPartOf\":{\"@id\":\"https:\/\/apuntesdesanluis.com\/#website\"},\"primaryImageOfPage\":{\"@id\":\"https:\/\/apuntesdesanluis.com\/index.php\/2023\/11\/02\/milei-ratifico-la-dolarizacion-es-una-politica-de-estado\/#primaryimage\"},\"image\":{\"@id\":\"https:\/\/apuntesdesanluis.com\/index.php\/2023\/11\/02\/milei-ratifico-la-dolarizacion-es-una-politica-de-estado\/#primaryimage\"},\"thumbnailUrl\":\"https:\/\/apuntesdesanluis.com\/wp-content\/uploads\/2023\/11\/milei.png\",\"datePublished\":\"2023-11-03T02:05:31+00:00\",\"breadcrumb\":{\"@id\":\"https:\/\/apuntesdesanluis.com\/index.php\/2023\/11\/02\/milei-ratifico-la-dolarizacion-es-una-politica-de-estado\/#breadcrumb\"},\"inLanguage\":\"es-AR\",\"potentialAction\":[{\"@type\":\"ReadAction\",\"target\":[\"https:\/\/apuntesdesanluis.com\/index.php\/2023\/11\/02\/milei-ratifico-la-dolarizacion-es-una-politica-de-estado\/\"]}]},{\"@type\":\"ImageObject\",\"inLanguage\":\"es-AR\",\"@id\":\"https:\/\/apuntesdesanluis.com\/index.php\/2023\/11\/02\/milei-ratifico-la-dolarizacion-es-una-politica-de-estado\/#primaryimage\",\"url\":\"https:\/\/apuntesdesanluis.com\/wp-content\/uploads\/2023\/11\/milei.png\",\"contentUrl\":\"https:\/\/apuntesdesanluis.com\/wp-content\/uploads\/2023\/11\/milei.png\",\"width\":604,\"height\":365},{\"@type\":\"BreadcrumbList\",\"@id\":\"https:\/\/apuntesdesanluis.com\/index.php\/2023\/11\/02\/milei-ratifico-la-dolarizacion-es-una-politica-de-estado\/#breadcrumb\",\"itemListElement\":[{\"@type\":\"ListItem\",\"position\":1,\"name\":\"Inicio\",\"item\":\"https:\/\/apuntesdesanluis.com\/\"},{\"@type\":\"ListItem\",\"position\":2,\"name\":\"MILEI RATIFIC\u00d3 LA DOLARIZACI\u00d3N: &#8220;ES UNA POL\u00cdTICA DE ESTADO&#8221;\"}]},{\"@type\":\"WebSite\",\"@id\":\"https:\/\/apuntesdesanluis.com\/#website\",\"url\":\"https:\/\/apuntesdesanluis.com\/\",\"name\":\"Apuntes de San Luis\",\"description\":\"\",\"publisher\":{\"@id\":\"https:\/\/apuntesdesanluis.com\/#\/schema\/person\/b55151d52296fcce64d1a72538a70b90\"},\"potentialAction\":[{\"@type\":\"SearchAction\",\"target\":{\"@type\":\"EntryPoint\",\"urlTemplate\":\"https:\/\/apuntesdesanluis.com\/?s={search_term_string}\"},\"query-input\":{\"@type\":\"PropertyValueSpecification\",\"valueRequired\":true,\"valueName\":\"search_term_string\"}}],\"inLanguage\":\"es-AR\"},{\"@type\":[\"Person\",\"Organization\"],\"@id\":\"https:\/\/apuntesdesanluis.com\/#\/schema\/person\/b55151d52296fcce64d1a72538a70b90\",\"name\":\"apuntesdesanluis.com\",\"image\":{\"@type\":\"ImageObject\",\"inLanguage\":\"es-AR\",\"@id\":\"https:\/\/apuntesdesanluis.com\/#\/schema\/person\/image\/\",\"url\":\"https:\/\/apuntesdesanluis.com\/wp-content\/uploads\/2023\/07\/cropped-apuntesdesanluis.png\",\"contentUrl\":\"https:\/\/apuntesdesanluis.com\/wp-content\/uploads\/2023\/07\/cropped-apuntesdesanluis.png\",\"width\":450,\"height\":112,\"caption\":\"apuntesdesanluis.com\"},\"logo\":{\"@id\":\"https:\/\/apuntesdesanluis.com\/#\/schema\/person\/image\/\"},\"sameAs\":[\"https:\/\/apuntesdesanluis.com\"],\"url\":\"https:\/\/apuntesdesanluis.com\/index.php\/author\/apuntesdesanluis-com\/\"}]}<\/script>\n<!-- \/ Yoast SEO plugin. -->","yoast_head_json":{"title":"MILEI RATIFIC\u00d3 LA DOLARIZACI\u00d3N: \"ES UNA POL\u00cdTICA DE ESTADO\" - Apuntes de San Luis","robots":{"index":"index","follow":"follow","max-snippet":"max-snippet:-1","max-image-preview":"max-image-preview:large","max-video-preview":"max-video-preview:-1"},"canonical":"https:\/\/apuntesdesanluis.com\/index.php\/2023\/11\/02\/milei-ratifico-la-dolarizacion-es-una-politica-de-estado\/","og_locale":"es_ES","og_type":"article","og_title":"MILEI RATIFIC\u00d3 LA DOLARIZACI\u00d3N: \"ES UNA POL\u00cdTICA DE ESTADO\" - Apuntes de San Luis","og_description":"El candidato presidencial de La Libertad Avanza, Javier Milei, descart\u00f3 haber negociado la dolarizaci\u00f3n y...","og_url":"https:\/\/apuntesdesanluis.com\/index.php\/2023\/11\/02\/milei-ratifico-la-dolarizacion-es-una-politica-de-estado\/","og_site_name":"Apuntes de San Luis","article_published_time":"2023-11-03T02:05:31+00:00","og_image":[{"width":604,"height":365,"url":"https:\/\/apuntesdesanluis.com\/wp-content\/uploads\/2023\/11\/milei.png","type":"image\/png"}],"author":"apuntesdesanluis.com","twitter_card":"summary_large_image","twitter_misc":{"Escrito por":"apuntesdesanluis.com","Tiempo de lectura":"2 minutos"},"schema":{"@context":"https:\/\/schema.org","@graph":[{"@type":"Article","@id":"https:\/\/apuntesdesanluis.com\/index.php\/2023\/11\/02\/milei-ratifico-la-dolarizacion-es-una-politica-de-estado\/#article","isPartOf":{"@id":"https:\/\/apuntesdesanluis.com\/index.php\/2023\/11\/02\/milei-ratifico-la-dolarizacion-es-una-politica-de-estado\/"},"author":{"name":"apuntesdesanluis.com","@id":"https:\/\/apuntesdesanluis.com\/#\/schema\/person\/b55151d52296fcce64d1a72538a70b90"},"headline":"MILEI RATIFIC\u00d3 LA DOLARIZACI\u00d3N: &#8220;ES UNA POL\u00cdTICA DE ESTADO&#8221;","datePublished":"2023-11-03T02:05:31+00:00","mainEntityOfPage":{"@id":"https:\/\/apuntesdesanluis.com\/index.php\/2023\/11\/02\/milei-ratifico-la-dolarizacion-es-una-politica-de-estado\/"},"wordCount":356,"publisher":{"@id":"https:\/\/apuntesdesanluis.com\/#\/schema\/person\/b55151d52296fcce64d1a72538a70b90"},"image":{"@id":"https:\/\/apuntesdesanluis.com\/index.php\/2023\/11\/02\/milei-ratifico-la-dolarizacion-es-una-politica-de-estado\/#primaryimage"},"thumbnailUrl":"https:\/\/apuntesdesanluis.com\/wp-content\/uploads\/2023\/11\/milei.png","articleSection":["Nacionales\/Internacionales"],"inLanguage":"es-AR"},{"@type":"WebPage","@id":"https:\/\/apuntesdesanluis.com\/index.php\/2023\/11\/02\/milei-ratifico-la-dolarizacion-es-una-politica-de-estado\/","url":"https:\/\/apuntesdesanluis.com\/index.php\/2023\/11\/02\/milei-ratifico-la-dolarizacion-es-una-politica-de-estado\/","name":"MILEI RATIFIC\u00d3 LA DOLARIZACI\u00d3N: \"ES UNA POL\u00cdTICA DE ESTADO\" - Apuntes de San Luis","isPartOf":{"@id":"https:\/\/apuntesdesanluis.com\/#website"},"primaryImageOfPage":{"@id":"https:\/\/apuntesdesanluis.com\/index.php\/2023\/11\/02\/milei-ratifico-la-dolarizacion-es-una-politica-de-estado\/#primaryimage"},"image":{"@id":"https:\/\/apuntesdesanluis.com\/index.php\/2023\/11\/02\/milei-ratifico-la-dolarizacion-es-una-politica-de-estado\/#primaryimage"},"thumbnailUrl":"https:\/\/apuntesdesanluis.com\/wp-content\/uploads\/2023\/11\/milei.png","datePublished":"2023-11-03T02:05:31+00:00","breadcrumb":{"@id":"https:\/\/apuntesdesanluis.com\/index.php\/2023\/11\/02\/milei-ratifico-la-dolarizacion-es-una-politica-de-estado\/#breadcrumb"},"inLanguage":"es-AR","potentialAction":[{"@type":"ReadAction","target":["https:\/\/apuntesdesanluis.com\/index.php\/2023\/11\/02\/milei-ratifico-la-dolarizacion-es-una-politica-de-estado\/"]}]},{"@type":"ImageObject","inLanguage":"es-AR","@id":"https:\/\/apuntesdesanluis.com\/index.php\/2023\/11\/02\/milei-ratifico-la-dolarizacion-es-una-politica-de-estado\/#primaryimage","url":"https:\/\/apuntesdesanluis.com\/wp-content\/uploads\/2023\/11\/milei.png","contentUrl":"https:\/\/apuntesdesanluis.com\/wp-content\/uploads\/2023\/11\/milei.png","width":604,"height":365},{"@type":"BreadcrumbList","@id":"https:\/\/apuntesdesanluis.com\/index.php\/2023\/11\/02\/milei-ratifico-la-dolarizacion-es-una-politica-de-estado\/#breadcrumb","itemListElement":[{"@type":"ListItem","position":1,"name":"Inicio","item":"https:\/\/apuntesdesanluis.com\/"},{"@type":"ListItem","position":2,"name":"MILEI RATIFIC\u00d3 LA DOLARIZACI\u00d3N: &#8220;ES UNA POL\u00cdTICA DE ESTADO&#8221;"}]},{"@type":"WebSite","@id":"https:\/\/apuntesdesanluis.com\/#website","url":"https:\/\/apuntesdesanluis.com\/","name":"Apuntes de San Luis","description":"","publisher":{"@id":"https:\/\/apuntesdesanluis.com\/#\/schema\/person\/b55151d52296fcce64d1a72538a70b90"},"potentialAction":[{"@type":"SearchAction","target":{"@type":"EntryPoint","urlTemplate":"https:\/\/apuntesdesanluis.com\/?s={search_term_string}"},"query-input":{"@type":"PropertyValueSpecification","valueRequired":true,"valueName":"search_term_string"}}],"inLanguage":"es-AR"},{"@type":["Person","Organization"],"@id":"https:\/\/apuntesdesanluis.com\/#\/schema\/person\/b55151d52296fcce64d1a72538a70b90","name":"apuntesdesanluis.com","image":{"@type":"ImageObject","inLanguage":"es-AR","@id":"https:\/\/apuntesdesanluis.com\/#\/schema\/person\/image\/","url":"https:\/\/apuntesdesanluis.com\/wp-content\/uploads\/2023\/07\/cropped-apuntesdesanluis.png","contentUrl":"https:\/\/apuntesdesanluis.com\/wp-content\/uploads\/2023\/07\/cropped-apuntesdesanluis.png","width":450,"height":112,"caption":"apuntesdesanluis.com"},"logo":{"@id":"https:\/\/apuntesdesanluis.com\/#\/schema\/person\/image\/"},"sameAs":["https:\/\/apuntesdesanluis.com"],"url":"https:\/\/apuntesdesanluis.com\/index.php\/author\/apuntesdesanluis-com\/"}]}},"featured_image_urls":{"full":["https:\/\/apuntesdesanluis.com\/wp-content\/uploads\/2023\/11\/milei.png",604,365,false],"thumbnail":["https:\/\/apuntesdesanluis.com\/wp-content\/uploads\/2023\/11\/milei-150x150.png",150,150,true],"medium":["https:\/\/apuntesdesanluis.com\/wp-content\/uploads\/2023\/11\/milei-300x181.png",300,181,true],"medium_large":["https:\/\/apuntesdesanluis.com\/wp-content\/uploads\/2023\/11\/milei.png",604,365,false],"large":["https:\/\/apuntesdesanluis.com\/wp-content\/uploads\/2023\/11\/milei.png",604,365,false],"1536x1536":["https:\/\/apuntesdesanluis.com\/wp-content\/uploads\/2023\/11\/milei.png",604,365,false],"2048x2048":["https:\/\/apuntesdesanluis.com\/wp-content\/uploads\/2023\/11\/milei.png",604,365,false],"newsever-slider-full":["https:\/\/apuntesdesanluis.com\/wp-content\/uploads\/2023\/11\/milei.png",604,365,false],"newsever-featured":["https:\/\/apuntesdesanluis.com\/wp-content\/uploads\/2023\/11\/milei.png",604,365,false],"newsever-medium":["https:\/\/apuntesdesanluis.com\/wp-content\/uploads\/2023\/11\/milei.png",604,365,false]},"author_info":{"display_name":"apuntesdesanluis.com","author_link":"https:\/\/apuntesdesanluis.com\/index.php\/author\/apuntesdesanluis-com\/"},"category_info":"<a href=\"https:\/\/apuntesdesanluis.com\/index.php\/category\/nacionales-internacionales\/\" rel=\"category tag\">Nacionales\/Internacionales<\/a>","tag_info":"Nacionales\/Internacionales","comment_count":"0","_links":{"self":[{"href":"https:\/\/apuntesdesanluis.com\/index.php\/wp-json\/wp\/v2\/posts\/6236","targetHints":{"allow":["GET"]}}],"collection":[{"href":"https:\/\/apuntesdesanluis.com\/index.php\/wp-json\/wp\/v2\/posts"}],"about":[{"href":"https:\/\/apuntesdesanluis.com\/index.php\/wp-json\/wp\/v2\/types\/post"}],"author":[{"embeddable":true,"href":"https:\/\/apuntesdesanluis.com\/index.php\/wp-json\/wp\/v2\/users\/1"}],"replies":[{"embeddable":true,"href":"https:\/\/apuntesdesanluis.com\/index.php\/wp-json\/wp\/v2\/comments?post=6236"}],"version-history":[{"count":1,"href":"https:\/\/apuntesdesanluis.com\/index.php\/wp-json\/wp\/v2\/posts\/6236\/revisions"}],"predecessor-version":[{"id":6238,"href":"https:\/\/apuntesdesanluis.com\/index.php\/wp-json\/wp\/v2\/posts\/6236\/revisions\/6238"}],"wp:featuredmedia":[{"embeddable":true,"href":"https:\/\/apuntesdesanluis.com\/index.php\/wp-json\/wp\/v2\/media\/6237"}],"wp:attachment":[{"href":"https:\/\/apuntesdesanluis.com\/index.php\/wp-json\/wp\/v2\/media?parent=6236"}],"wp:term":[{"taxonomy":"category","embeddable":true,"href":"https:\/\/apuntesdesanluis.com\/index.php\/wp-json\/wp\/v2\/categories?post=6236"},{"taxonomy":"post_tag","embeddable":true,"href":"https:\/\/apuntesdesanluis.com\/index.php\/wp-json\/wp\/v2\/tags?post=6236"}],"curies":[{"name":"wp","href":"https:\/\/api.w.org\/{rel}","templated":true}]}}