{"id":6269,"date":"2023-11-03T22:30:12","date_gmt":"2023-11-04T01:30:12","guid":{"rendered":"https:\/\/apuntesdesanluis.com\/?p=6269"},"modified":"2023-11-03T22:30:12","modified_gmt":"2023-11-04T01:30:12","slug":"primera-cirugia-de-masculinizacion-de-torax-en-el-hospital-central-dr-ramon-carrillo","status":"publish","type":"post","link":"https:\/\/apuntesdesanluis.com\/index.php\/2023\/11\/03\/primera-cirugia-de-masculinizacion-de-torax-en-el-hospital-central-dr-ramon-carrillo\/","title":{"rendered":"PRIMERA CIRUG\u00cdA DE MASCULINIZACI\u00d3N DE T\u00d3RAX EN EL HOSPITAL CENTRAL \u201cDR. RAM\u00d3N CARRILLO\u201d"},"content":{"rendered":"<h3>La intervenci\u00f3n consiste en una ex\u00e9resis de la gl\u00e1ndula mamaria. El paciente fue operado, y en 24 horas dado de alta.<\/h3>\n<h3>El cirujano pl\u00e1stico encargado de la operaci\u00f3n, <strong>Tom\u00e1s Delger<\/strong>, dio algunos detalles de la pr\u00e1ctica: \u201cLa intervenci\u00f3n consiste en una mastectom\u00eda subcut\u00e1nea y reubicaci\u00f3n de la areola por una pl\u00e1stica, debido a las diferencias entre la areola femenina con la masculina\u201d.<\/h3>\n<p><iframe title=\"Realizaron la primera masculinizaci\u00f3n de t\u00f3rax en el Hospital Central\" width=\"640\" height=\"360\" src=\"https:\/\/www.youtube.com\/embed\/tEMc6bTRNxc?feature=oembed\" frameborder=\"0\" allow=\"accelerometer; autoplay; clipboard-write; encrypted-media; gyroscope; picture-in-picture; web-share\" referrerpolicy=\"strict-origin-when-cross-origin\" allowfullscreen><\/iframe><\/p>\n<h3>El paciente lleg\u00f3 a la consulta conociendo de la intervenci\u00f3n, y desde el staff de cirug\u00eda general prepararon al mismo en un proceso de algo m\u00e1s de un mes, para poder llegar \u00f3ptimo a la operaci\u00f3n. \u201cSe hicieron los ex\u00e1menes prequir\u00fargicos correspondientes, y una evaluaci\u00f3n del tejido mamario\u201d explic\u00f3 Delger.<\/h3>\n<h3>Asimismo, el cirujano pl\u00e1stico coment\u00f3 que es la primera cirug\u00eda de este tipo que se realiza, y las facilidades que brinda el Hospital Central gracias a la tecnolog\u00eda con la que cuenta: \u201cUna vez que conoc\u00ed al paciente y lo program\u00e9, tuvimos una reuni\u00f3n con los directivos para organizar el programa de cirug\u00edas de transg\u00e9nero. Es la primera que se hace y estamos muy contentos por los resultados\u201d.<\/h3>\n<h3>Aquellas personas que deseen consultar acerca de este tipo de intervenciones, pueden solicitar su turno en admisi\u00f3n con el \u00e1rea de cirug\u00eda pl\u00e1stica, y all\u00ed se analizar\u00e1 cada caso. \u201cDeseamos continuar en esta l\u00ednea y que podamos seguir realizando cirug\u00edas de este tipo. Los veo con todo gusto para tratar de ayudarlos y aportar todo lo que pueda desde mi especialidad\u201d cerr\u00f3 Delger.<\/h3>\n<p>&nbsp;<\/p>\n<p>&nbsp;<\/p>\n<p>&nbsp;<\/p>\n","protected":false},"excerpt":{"rendered":"<p>La intervenci\u00f3n consiste en una ex\u00e9resis de la gl\u00e1ndula mamaria. El paciente fue operado, y&#8230;<\/p>\n","protected":false},"author":1,"featured_media":6270,"comment_status":"closed","ping_status":"closed","sticky":false,"template":"","format":"standard","meta":{"footnotes":""},"categories":[6],"tags":[],"class_list":["post-6269","post","type-post","status-publish","format-standard","has-post-thumbnail","hentry","category-ciudad-provincia"],"yoast_head":"<!-- This site is optimized with the Yoast SEO plugin v26.1.1 - https:\/\/yoast.com\/wordpress\/plugins\/seo\/ -->\n<title>PRIMERA CIRUG\u00cdA DE MASCULINIZACI\u00d3N DE T\u00d3RAX EN EL HOSPITAL CENTRAL \u201cDR. RAM\u00d3N CARRILLO\u201d - Apuntes de San Luis<\/title>\n<meta name=\"robots\" content=\"index, follow, max-snippet:-1, max-image-preview:large, max-video-preview:-1\" \/>\n<link rel=\"canonical\" href=\"https:\/\/apuntesdesanluis.com\/index.php\/2023\/11\/03\/primera-cirugia-de-masculinizacion-de-torax-en-el-hospital-central-dr-ramon-carrillo\/\" \/>\n<meta property=\"og:locale\" content=\"es_ES\" \/>\n<meta property=\"og:type\" content=\"article\" \/>\n<meta property=\"og:title\" content=\"PRIMERA CIRUG\u00cdA DE MASCULINIZACI\u00d3N DE T\u00d3RAX EN EL HOSPITAL CENTRAL \u201cDR. RAM\u00d3N CARRILLO\u201d - Apuntes de San Luis\" \/>\n<meta property=\"og:description\" content=\"La intervenci\u00f3n consiste en una ex\u00e9resis de la gl\u00e1ndula mamaria. El paciente fue operado, y...\" \/>\n<meta property=\"og:url\" content=\"https:\/\/apuntesdesanluis.com\/index.php\/2023\/11\/03\/primera-cirugia-de-masculinizacion-de-torax-en-el-hospital-central-dr-ramon-carrillo\/\" \/>\n<meta property=\"og:site_name\" content=\"Apuntes de San Luis\" \/>\n<meta property=\"article:published_time\" content=\"2023-11-04T01:30:12+00:00\" \/>\n<meta property=\"og:image\" content=\"https:\/\/apuntesdesanluis.com\/wp-content\/uploads\/2023\/11\/CIRUGIA.png\" \/>\n\t<meta property=\"og:image:width\" content=\"600\" \/>\n\t<meta property=\"og:image:height\" content=\"349\" \/>\n\t<meta property=\"og:image:type\" content=\"image\/png\" \/>\n<meta name=\"author\" content=\"apuntesdesanluis.com\" \/>\n<meta name=\"twitter:card\" content=\"summary_large_image\" \/>\n<meta name=\"twitter:label1\" content=\"Escrito por\" \/>\n\t<meta name=\"twitter:data1\" content=\"apuntesdesanluis.com\" \/>\n\t<meta name=\"twitter:label2\" content=\"Tiempo de lectura\" \/>\n\t<meta name=\"twitter:data2\" content=\"2 minutos\" \/>\n<script type=\"application\/ld+json\" class=\"yoast-schema-graph\">{\"@context\":\"https:\/\/schema.org\",\"@graph\":[{\"@type\":\"Article\",\"@id\":\"https:\/\/apuntesdesanluis.com\/index.php\/2023\/11\/03\/primera-cirugia-de-masculinizacion-de-torax-en-el-hospital-central-dr-ramon-carrillo\/#article\",\"isPartOf\":{\"@id\":\"https:\/\/apuntesdesanluis.com\/index.php\/2023\/11\/03\/primera-cirugia-de-masculinizacion-de-torax-en-el-hospital-central-dr-ramon-carrillo\/\"},\"author\":{\"name\":\"apuntesdesanluis.com\",\"@id\":\"https:\/\/apuntesdesanluis.com\/#\/schema\/person\/b55151d52296fcce64d1a72538a70b90\"},\"headline\":\"PRIMERA CIRUG\u00cdA DE MASCULINIZACI\u00d3N DE T\u00d3RAX EN EL HOSPITAL CENTRAL \u201cDR. RAM\u00d3N CARRILLO\u201d\",\"datePublished\":\"2023-11-04T01:30:12+00:00\",\"mainEntityOfPage\":{\"@id\":\"https:\/\/apuntesdesanluis.com\/index.php\/2023\/11\/03\/primera-cirugia-de-masculinizacion-de-torax-en-el-hospital-central-dr-ramon-carrillo\/\"},\"wordCount\":299,\"publisher\":{\"@id\":\"https:\/\/apuntesdesanluis.com\/#\/schema\/person\/b55151d52296fcce64d1a72538a70b90\"},\"image\":{\"@id\":\"https:\/\/apuntesdesanluis.com\/index.php\/2023\/11\/03\/primera-cirugia-de-masculinizacion-de-torax-en-el-hospital-central-dr-ramon-carrillo\/#primaryimage\"},\"thumbnailUrl\":\"https:\/\/apuntesdesanluis.com\/wp-content\/uploads\/2023\/11\/CIRUGIA.png\",\"articleSection\":[\"Ciudad\/Provincia\"],\"inLanguage\":\"es-AR\"},{\"@type\":\"WebPage\",\"@id\":\"https:\/\/apuntesdesanluis.com\/index.php\/2023\/11\/03\/primera-cirugia-de-masculinizacion-de-torax-en-el-hospital-central-dr-ramon-carrillo\/\",\"url\":\"https:\/\/apuntesdesanluis.com\/index.php\/2023\/11\/03\/primera-cirugia-de-masculinizacion-de-torax-en-el-hospital-central-dr-ramon-carrillo\/\",\"name\":\"PRIMERA CIRUG\u00cdA DE MASCULINIZACI\u00d3N DE T\u00d3RAX EN EL HOSPITAL CENTRAL \u201cDR. RAM\u00d3N CARRILLO\u201d - Apuntes de San Luis\",\"isPartOf\":{\"@id\":\"https:\/\/apuntesdesanluis.com\/#website\"},\"primaryImageOfPage\":{\"@id\":\"https:\/\/apuntesdesanluis.com\/index.php\/2023\/11\/03\/primera-cirugia-de-masculinizacion-de-torax-en-el-hospital-central-dr-ramon-carrillo\/#primaryimage\"},\"image\":{\"@id\":\"https:\/\/apuntesdesanluis.com\/index.php\/2023\/11\/03\/primera-cirugia-de-masculinizacion-de-torax-en-el-hospital-central-dr-ramon-carrillo\/#primaryimage\"},\"thumbnailUrl\":\"https:\/\/apuntesdesanluis.com\/wp-content\/uploads\/2023\/11\/CIRUGIA.png\",\"datePublished\":\"2023-11-04T01:30:12+00:00\",\"breadcrumb\":{\"@id\":\"https:\/\/apuntesdesanluis.com\/index.php\/2023\/11\/03\/primera-cirugia-de-masculinizacion-de-torax-en-el-hospital-central-dr-ramon-carrillo\/#breadcrumb\"},\"inLanguage\":\"es-AR\",\"potentialAction\":[{\"@type\":\"ReadAction\",\"target\":[\"https:\/\/apuntesdesanluis.com\/index.php\/2023\/11\/03\/primera-cirugia-de-masculinizacion-de-torax-en-el-hospital-central-dr-ramon-carrillo\/\"]}]},{\"@type\":\"ImageObject\",\"inLanguage\":\"es-AR\",\"@id\":\"https:\/\/apuntesdesanluis.com\/index.php\/2023\/11\/03\/primera-cirugia-de-masculinizacion-de-torax-en-el-hospital-central-dr-ramon-carrillo\/#primaryimage\",\"url\":\"https:\/\/apuntesdesanluis.com\/wp-content\/uploads\/2023\/11\/CIRUGIA.png\",\"contentUrl\":\"https:\/\/apuntesdesanluis.com\/wp-content\/uploads\/2023\/11\/CIRUGIA.png\",\"width\":600,\"height\":349},{\"@type\":\"BreadcrumbList\",\"@id\":\"https:\/\/apuntesdesanluis.com\/index.php\/2023\/11\/03\/primera-cirugia-de-masculinizacion-de-torax-en-el-hospital-central-dr-ramon-carrillo\/#breadcrumb\",\"itemListElement\":[{\"@type\":\"ListItem\",\"position\":1,\"name\":\"Inicio\",\"item\":\"https:\/\/apuntesdesanluis.com\/\"},{\"@type\":\"ListItem\",\"position\":2,\"name\":\"PRIMERA CIRUG\u00cdA DE MASCULINIZACI\u00d3N DE T\u00d3RAX EN EL HOSPITAL CENTRAL \u201cDR. RAM\u00d3N CARRILLO\u201d\"}]},{\"@type\":\"WebSite\",\"@id\":\"https:\/\/apuntesdesanluis.com\/#website\",\"url\":\"https:\/\/apuntesdesanluis.com\/\",\"name\":\"Apuntes de San Luis\",\"description\":\"\",\"publisher\":{\"@id\":\"https:\/\/apuntesdesanluis.com\/#\/schema\/person\/b55151d52296fcce64d1a72538a70b90\"},\"potentialAction\":[{\"@type\":\"SearchAction\",\"target\":{\"@type\":\"EntryPoint\",\"urlTemplate\":\"https:\/\/apuntesdesanluis.com\/?s={search_term_string}\"},\"query-input\":{\"@type\":\"PropertyValueSpecification\",\"valueRequired\":true,\"valueName\":\"search_term_string\"}}],\"inLanguage\":\"es-AR\"},{\"@type\":[\"Person\",\"Organization\"],\"@id\":\"https:\/\/apuntesdesanluis.com\/#\/schema\/person\/b55151d52296fcce64d1a72538a70b90\",\"name\":\"apuntesdesanluis.com\",\"image\":{\"@type\":\"ImageObject\",\"inLanguage\":\"es-AR\",\"@id\":\"https:\/\/apuntesdesanluis.com\/#\/schema\/person\/image\/\",\"url\":\"https:\/\/apuntesdesanluis.com\/wp-content\/uploads\/2023\/07\/cropped-apuntesdesanluis.png\",\"contentUrl\":\"https:\/\/apuntesdesanluis.com\/wp-content\/uploads\/2023\/07\/cropped-apuntesdesanluis.png\",\"width\":450,\"height\":112,\"caption\":\"apuntesdesanluis.com\"},\"logo\":{\"@id\":\"https:\/\/apuntesdesanluis.com\/#\/schema\/person\/image\/\"},\"sameAs\":[\"https:\/\/apuntesdesanluis.com\"],\"url\":\"https:\/\/apuntesdesanluis.com\/index.php\/author\/apuntesdesanluis-com\/\"}]}<\/script>\n<!-- \/ Yoast SEO plugin. -->","yoast_head_json":{"title":"PRIMERA CIRUG\u00cdA DE MASCULINIZACI\u00d3N DE T\u00d3RAX EN EL HOSPITAL CENTRAL \u201cDR. RAM\u00d3N CARRILLO\u201d - Apuntes de San Luis","robots":{"index":"index","follow":"follow","max-snippet":"max-snippet:-1","max-image-preview":"max-image-preview:large","max-video-preview":"max-video-preview:-1"},"canonical":"https:\/\/apuntesdesanluis.com\/index.php\/2023\/11\/03\/primera-cirugia-de-masculinizacion-de-torax-en-el-hospital-central-dr-ramon-carrillo\/","og_locale":"es_ES","og_type":"article","og_title":"PRIMERA CIRUG\u00cdA DE MASCULINIZACI\u00d3N DE T\u00d3RAX EN EL HOSPITAL CENTRAL \u201cDR. RAM\u00d3N CARRILLO\u201d - Apuntes de San Luis","og_description":"La intervenci\u00f3n consiste en una ex\u00e9resis de la gl\u00e1ndula mamaria. El paciente fue operado, y...","og_url":"https:\/\/apuntesdesanluis.com\/index.php\/2023\/11\/03\/primera-cirugia-de-masculinizacion-de-torax-en-el-hospital-central-dr-ramon-carrillo\/","og_site_name":"Apuntes de San Luis","article_published_time":"2023-11-04T01:30:12+00:00","og_image":[{"width":600,"height":349,"url":"https:\/\/apuntesdesanluis.com\/wp-content\/uploads\/2023\/11\/CIRUGIA.png","type":"image\/png"}],"author":"apuntesdesanluis.com","twitter_card":"summary_large_image","twitter_misc":{"Escrito por":"apuntesdesanluis.com","Tiempo de lectura":"2 minutos"},"schema":{"@context":"https:\/\/schema.org","@graph":[{"@type":"Article","@id":"https:\/\/apuntesdesanluis.com\/index.php\/2023\/11\/03\/primera-cirugia-de-masculinizacion-de-torax-en-el-hospital-central-dr-ramon-carrillo\/#article","isPartOf":{"@id":"https:\/\/apuntesdesanluis.com\/index.php\/2023\/11\/03\/primera-cirugia-de-masculinizacion-de-torax-en-el-hospital-central-dr-ramon-carrillo\/"},"author":{"name":"apuntesdesanluis.com","@id":"https:\/\/apuntesdesanluis.com\/#\/schema\/person\/b55151d52296fcce64d1a72538a70b90"},"headline":"PRIMERA CIRUG\u00cdA DE MASCULINIZACI\u00d3N DE T\u00d3RAX EN EL HOSPITAL CENTRAL \u201cDR. RAM\u00d3N CARRILLO\u201d","datePublished":"2023-11-04T01:30:12+00:00","mainEntityOfPage":{"@id":"https:\/\/apuntesdesanluis.com\/index.php\/2023\/11\/03\/primera-cirugia-de-masculinizacion-de-torax-en-el-hospital-central-dr-ramon-carrillo\/"},"wordCount":299,"publisher":{"@id":"https:\/\/apuntesdesanluis.com\/#\/schema\/person\/b55151d52296fcce64d1a72538a70b90"},"image":{"@id":"https:\/\/apuntesdesanluis.com\/index.php\/2023\/11\/03\/primera-cirugia-de-masculinizacion-de-torax-en-el-hospital-central-dr-ramon-carrillo\/#primaryimage"},"thumbnailUrl":"https:\/\/apuntesdesanluis.com\/wp-content\/uploads\/2023\/11\/CIRUGIA.png","articleSection":["Ciudad\/Provincia"],"inLanguage":"es-AR"},{"@type":"WebPage","@id":"https:\/\/apuntesdesanluis.com\/index.php\/2023\/11\/03\/primera-cirugia-de-masculinizacion-de-torax-en-el-hospital-central-dr-ramon-carrillo\/","url":"https:\/\/apuntesdesanluis.com\/index.php\/2023\/11\/03\/primera-cirugia-de-masculinizacion-de-torax-en-el-hospital-central-dr-ramon-carrillo\/","name":"PRIMERA CIRUG\u00cdA DE MASCULINIZACI\u00d3N DE T\u00d3RAX EN EL HOSPITAL CENTRAL \u201cDR. RAM\u00d3N CARRILLO\u201d - Apuntes de San Luis","isPartOf":{"@id":"https:\/\/apuntesdesanluis.com\/#website"},"primaryImageOfPage":{"@id":"https:\/\/apuntesdesanluis.com\/index.php\/2023\/11\/03\/primera-cirugia-de-masculinizacion-de-torax-en-el-hospital-central-dr-ramon-carrillo\/#primaryimage"},"image":{"@id":"https:\/\/apuntesdesanluis.com\/index.php\/2023\/11\/03\/primera-cirugia-de-masculinizacion-de-torax-en-el-hospital-central-dr-ramon-carrillo\/#primaryimage"},"thumbnailUrl":"https:\/\/apuntesdesanluis.com\/wp-content\/uploads\/2023\/11\/CIRUGIA.png","datePublished":"2023-11-04T01:30:12+00:00","breadcrumb":{"@id":"https:\/\/apuntesdesanluis.com\/index.php\/2023\/11\/03\/primera-cirugia-de-masculinizacion-de-torax-en-el-hospital-central-dr-ramon-carrillo\/#breadcrumb"},"inLanguage":"es-AR","potentialAction":[{"@type":"ReadAction","target":["https:\/\/apuntesdesanluis.com\/index.php\/2023\/11\/03\/primera-cirugia-de-masculinizacion-de-torax-en-el-hospital-central-dr-ramon-carrillo\/"]}]},{"@type":"ImageObject","inLanguage":"es-AR","@id":"https:\/\/apuntesdesanluis.com\/index.php\/2023\/11\/03\/primera-cirugia-de-masculinizacion-de-torax-en-el-hospital-central-dr-ramon-carrillo\/#primaryimage","url":"https:\/\/apuntesdesanluis.com\/wp-content\/uploads\/2023\/11\/CIRUGIA.png","contentUrl":"https:\/\/apuntesdesanluis.com\/wp-content\/uploads\/2023\/11\/CIRUGIA.png","width":600,"height":349},{"@type":"BreadcrumbList","@id":"https:\/\/apuntesdesanluis.com\/index.php\/2023\/11\/03\/primera-cirugia-de-masculinizacion-de-torax-en-el-hospital-central-dr-ramon-carrillo\/#breadcrumb","itemListElement":[{"@type":"ListItem","position":1,"name":"Inicio","item":"https:\/\/apuntesdesanluis.com\/"},{"@type":"ListItem","position":2,"name":"PRIMERA CIRUG\u00cdA DE MASCULINIZACI\u00d3N DE T\u00d3RAX EN EL HOSPITAL CENTRAL \u201cDR. RAM\u00d3N CARRILLO\u201d"}]},{"@type":"WebSite","@id":"https:\/\/apuntesdesanluis.com\/#website","url":"https:\/\/apuntesdesanluis.com\/","name":"Apuntes de San Luis","description":"","publisher":{"@id":"https:\/\/apuntesdesanluis.com\/#\/schema\/person\/b55151d52296fcce64d1a72538a70b90"},"potentialAction":[{"@type":"SearchAction","target":{"@type":"EntryPoint","urlTemplate":"https:\/\/apuntesdesanluis.com\/?s={search_term_string}"},"query-input":{"@type":"PropertyValueSpecification","valueRequired":true,"valueName":"search_term_string"}}],"inLanguage":"es-AR"},{"@type":["Person","Organization"],"@id":"https:\/\/apuntesdesanluis.com\/#\/schema\/person\/b55151d52296fcce64d1a72538a70b90","name":"apuntesdesanluis.com","image":{"@type":"ImageObject","inLanguage":"es-AR","@id":"https:\/\/apuntesdesanluis.com\/#\/schema\/person\/image\/","url":"https:\/\/apuntesdesanluis.com\/wp-content\/uploads\/2023\/07\/cropped-apuntesdesanluis.png","contentUrl":"https:\/\/apuntesdesanluis.com\/wp-content\/uploads\/2023\/07\/cropped-apuntesdesanluis.png","width":450,"height":112,"caption":"apuntesdesanluis.com"},"logo":{"@id":"https:\/\/apuntesdesanluis.com\/#\/schema\/person\/image\/"},"sameAs":["https:\/\/apuntesdesanluis.com"],"url":"https:\/\/apuntesdesanluis.com\/index.php\/author\/apuntesdesanluis-com\/"}]}},"featured_image_urls":{"full":["https:\/\/apuntesdesanluis.com\/wp-content\/uploads\/2023\/11\/CIRUGIA.png",600,349,false],"thumbnail":["https:\/\/apuntesdesanluis.com\/wp-content\/uploads\/2023\/11\/CIRUGIA-150x150.png",150,150,true],"medium":["https:\/\/apuntesdesanluis.com\/wp-content\/uploads\/2023\/11\/CIRUGIA-300x175.png",300,175,true],"medium_large":["https:\/\/apuntesdesanluis.com\/wp-content\/uploads\/2023\/11\/CIRUGIA.png",600,349,false],"large":["https:\/\/apuntesdesanluis.com\/wp-content\/uploads\/2023\/11\/CIRUGIA.png",600,349,false],"1536x1536":["https:\/\/apuntesdesanluis.com\/wp-content\/uploads\/2023\/11\/CIRUGIA.png",600,349,false],"2048x2048":["https:\/\/apuntesdesanluis.com\/wp-content\/uploads\/2023\/11\/CIRUGIA.png",600,349,false],"newsever-slider-full":["https:\/\/apuntesdesanluis.com\/wp-content\/uploads\/2023\/11\/CIRUGIA.png",600,349,false],"newsever-featured":["https:\/\/apuntesdesanluis.com\/wp-content\/uploads\/2023\/11\/CIRUGIA.png",600,349,false],"newsever-medium":["https:\/\/apuntesdesanluis.com\/wp-content\/uploads\/2023\/11\/CIRUGIA.png",600,349,false]},"author_info":{"display_name":"apuntesdesanluis.com","author_link":"https:\/\/apuntesdesanluis.com\/index.php\/author\/apuntesdesanluis-com\/"},"category_info":"<a href=\"https:\/\/apuntesdesanluis.com\/index.php\/category\/ciudad-provincia\/\" rel=\"category tag\">Ciudad\/Provincia<\/a>","tag_info":"Ciudad\/Provincia","comment_count":"0","_links":{"self":[{"href":"https:\/\/apuntesdesanluis.com\/index.php\/wp-json\/wp\/v2\/posts\/6269","targetHints":{"allow":["GET"]}}],"collection":[{"href":"https:\/\/apuntesdesanluis.com\/index.php\/wp-json\/wp\/v2\/posts"}],"about":[{"href":"https:\/\/apuntesdesanluis.com\/index.php\/wp-json\/wp\/v2\/types\/post"}],"author":[{"embeddable":true,"href":"https:\/\/apuntesdesanluis.com\/index.php\/wp-json\/wp\/v2\/users\/1"}],"replies":[{"embeddable":true,"href":"https:\/\/apuntesdesanluis.com\/index.php\/wp-json\/wp\/v2\/comments?post=6269"}],"version-history":[{"count":1,"href":"https:\/\/apuntesdesanluis.com\/index.php\/wp-json\/wp\/v2\/posts\/6269\/revisions"}],"predecessor-version":[{"id":6271,"href":"https:\/\/apuntesdesanluis.com\/index.php\/wp-json\/wp\/v2\/posts\/6269\/revisions\/6271"}],"wp:featuredmedia":[{"embeddable":true,"href":"https:\/\/apuntesdesanluis.com\/index.php\/wp-json\/wp\/v2\/media\/6270"}],"wp:attachment":[{"href":"https:\/\/apuntesdesanluis.com\/index.php\/wp-json\/wp\/v2\/media?parent=6269"}],"wp:term":[{"taxonomy":"category","embeddable":true,"href":"https:\/\/apuntesdesanluis.com\/index.php\/wp-json\/wp\/v2\/categories?post=6269"},{"taxonomy":"post_tag","embeddable":true,"href":"https:\/\/apuntesdesanluis.com\/index.php\/wp-json\/wp\/v2\/tags?post=6269"}],"curies":[{"name":"wp","href":"https:\/\/api.w.org\/{rel}","templated":true}]}}