{"id":6272,"date":"2023-11-02T22:32:58","date_gmt":"2023-11-03T01:32:58","guid":{"rendered":"https:\/\/apuntesdesanluis.com\/?p=6272"},"modified":"2023-11-03T22:35:08","modified_gmt":"2023-11-04T01:35:08","slug":"reduccion-de-frecuencias-del-transporte-interurbano-es-una-decision-sorpresiva","status":"publish","type":"post","link":"https:\/\/apuntesdesanluis.com\/index.php\/2023\/11\/02\/reduccion-de-frecuencias-del-transporte-interurbano-es-una-decision-sorpresiva\/","title":{"rendered":"REDUCCI\u00d3N DE FRECUENCIAS DEL TRANSPORTE INTERURBANO: \u201cES UNA DECISI\u00d3N SORPRESIVA\u201d"},"content":{"rendered":"<h3><strong>Jorge Rodr\u00edguez<\/strong>, jefe del subprograma Transporte Para Todos, explic\u00f3 que la reciente decisi\u00f3n de las empresas de transporte interurbano en San Luis de reducir en un 50% los servicios ha tomado por sorpresa a la Secretar\u00eda de Transporte, ya que fue llevada adelante sin previo aviso y sin seguir los canales de comunicaci\u00f3n adecuados de acuerdo a lo establecido por la ley. La Secretar\u00eda de Transporte trabaja para normalizar la situaci\u00f3n del interurbano.<\/h3>\n<p><iframe title=\"Reducci\u00f3n de frecuencias de transporte interurbano - Jorge Rodr\u00edguez\" width=\"640\" height=\"360\" src=\"https:\/\/www.youtube.com\/embed\/zEqNscw25Bc?feature=oembed\" frameborder=\"0\" allow=\"accelerometer; autoplay; clipboard-write; encrypted-media; gyroscope; picture-in-picture; web-share\" referrerpolicy=\"strict-origin-when-cross-origin\" allowfullscreen><\/iframe><\/p>\n<h3>Rodr\u00edguez detall\u00f3 que la ra\u00edz de esta situaci\u00f3n se encuentra en los reclamos financieros y econ\u00f3micos presentados por las empresas de transporte, quienes argumentan dificultades debido a la situaci\u00f3n econ\u00f3mica general del pa\u00eds. No obstante, previamente se hab\u00eda establecido un canal de di\u00e1logo entre las empresas y la Secretar\u00eda de Transporte, en el cual se estaban debatiendo la readecuaci\u00f3n tarifaria y mayores compensaciones con el objetivo de evitar llegar a esta situaci\u00f3n.<\/h3>\n<h3>Cabe mencionar que el Gobierno de la provincia de San Luis, a trav\u00e9s de la Secretar\u00eda de Transporte, ya hab\u00eda otorgado una compensaci\u00f3n tarifaria a las empresas de transporte interurbano con el prop\u00f3sito de mantener una tarifa plana y minimizar el impacto en los usuarios. Esta compensaci\u00f3n tarifaria est\u00e1 programada y vigente hasta diciembre, adem\u00e1s de que la Provincia hab\u00eda estado aportando m\u00e1s del 100% del subsidio que proven\u00eda de la Naci\u00f3n.<\/h3>\n<h3>Rodr\u00edguez enfatiz\u00f3: \u201cEs una decisi\u00f3n sorpresiva, pero de todas maneras estamos en constante comunicaci\u00f3n y mantenemos un di\u00e1logo abierto con las empresas para resolver la situaci\u00f3n. Queremos restablecer al 100%, dado que la demanda de transporte interurbano sigue siendo elevada y las empresas deben cumplir con las obligaciones contractuales\u201d.<\/h3>\n<h3>En cuanto a la readecuaci\u00f3n tarifaria que se ven\u00eda trabajando, Jorge Rodr\u00edguez se\u00f1al\u00f3 que, debido a la situaci\u00f3n actual, no es posible abordar ese tema hasta que se restablezca la situaci\u00f3n en los servicios de transporte. \u201cAntes del anuncio que hicieron a la prensa de la reducci\u00f3n de servicios, las negociaciones para la readecuaci\u00f3n tarifaria estaban avanzando de manera positiva, pero en estas circunstancias no podemos avanzar hasta que se retome el 100% de los servicios\u201d, explic\u00f3.<\/h3>\n<h3>Con respecto a las frecuencias, se ha informado que las reducciones afectan principalmente a los corredores de corta distancia, como Juana Koslay, Potrero de los Funes y Ciudad de la Punta, mientras que los corredores de media distancia siguen operando con cierta normalidad. La Secretar\u00eda de Transporte se mantiene en busca de una pronta soluci\u00f3n para restaurar los servicios a su capacidad completa.<\/h3>\n","protected":false},"excerpt":{"rendered":"<p>Jorge Rodr\u00edguez, jefe del subprograma Transporte Para Todos, explic\u00f3 que la reciente decisi\u00f3n de las&#8230;<\/p>\n","protected":false},"author":1,"featured_media":6273,"comment_status":"closed","ping_status":"closed","sticky":false,"template":"","format":"standard","meta":{"footnotes":""},"categories":[6],"tags":[],"class_list":["post-6272","post","type-post","status-publish","format-standard","has-post-thumbnail","hentry","category-ciudad-provincia"],"yoast_head":"<!-- This site is optimized with the Yoast SEO plugin v26.1.1 - https:\/\/yoast.com\/wordpress\/plugins\/seo\/ -->\n<title>REDUCCI\u00d3N DE FRECUENCIAS DEL TRANSPORTE INTERURBANO: \u201cES UNA DECISI\u00d3N SORPRESIVA\u201d - Apuntes de San Luis<\/title>\n<meta name=\"robots\" content=\"index, follow, max-snippet:-1, max-image-preview:large, max-video-preview:-1\" \/>\n<link rel=\"canonical\" href=\"https:\/\/apuntesdesanluis.com\/index.php\/2023\/11\/02\/reduccion-de-frecuencias-del-transporte-interurbano-es-una-decision-sorpresiva\/\" \/>\n<meta property=\"og:locale\" content=\"es_ES\" \/>\n<meta property=\"og:type\" content=\"article\" \/>\n<meta property=\"og:title\" content=\"REDUCCI\u00d3N DE FRECUENCIAS DEL TRANSPORTE INTERURBANO: \u201cES UNA DECISI\u00d3N SORPRESIVA\u201d - Apuntes de San Luis\" \/>\n<meta property=\"og:description\" content=\"Jorge Rodr\u00edguez, jefe del subprograma Transporte Para Todos, explic\u00f3 que la reciente decisi\u00f3n de las...\" \/>\n<meta property=\"og:url\" content=\"https:\/\/apuntesdesanluis.com\/index.php\/2023\/11\/02\/reduccion-de-frecuencias-del-transporte-interurbano-es-una-decision-sorpresiva\/\" \/>\n<meta property=\"og:site_name\" content=\"Apuntes de San Luis\" \/>\n<meta property=\"article:published_time\" content=\"2023-11-03T01:32:58+00:00\" \/>\n<meta property=\"article:modified_time\" content=\"2023-11-04T01:35:08+00:00\" \/>\n<meta property=\"og:image\" content=\"https:\/\/apuntesdesanluis.com\/wp-content\/uploads\/2023\/11\/JORGE-RODRIGUEZ.png\" \/>\n\t<meta property=\"og:image:width\" content=\"594\" \/>\n\t<meta property=\"og:image:height\" content=\"321\" \/>\n\t<meta property=\"og:image:type\" content=\"image\/png\" \/>\n<meta name=\"author\" content=\"apuntesdesanluis.com\" \/>\n<meta name=\"twitter:card\" content=\"summary_large_image\" \/>\n<meta name=\"twitter:label1\" content=\"Escrito por\" \/>\n\t<meta name=\"twitter:data1\" content=\"apuntesdesanluis.com\" \/>\n\t<meta name=\"twitter:label2\" content=\"Tiempo de lectura\" \/>\n\t<meta name=\"twitter:data2\" content=\"2 minutos\" \/>\n<script type=\"application\/ld+json\" class=\"yoast-schema-graph\">{\"@context\":\"https:\/\/schema.org\",\"@graph\":[{\"@type\":\"Article\",\"@id\":\"https:\/\/apuntesdesanluis.com\/index.php\/2023\/11\/02\/reduccion-de-frecuencias-del-transporte-interurbano-es-una-decision-sorpresiva\/#article\",\"isPartOf\":{\"@id\":\"https:\/\/apuntesdesanluis.com\/index.php\/2023\/11\/02\/reduccion-de-frecuencias-del-transporte-interurbano-es-una-decision-sorpresiva\/\"},\"author\":{\"name\":\"apuntesdesanluis.com\",\"@id\":\"https:\/\/apuntesdesanluis.com\/#\/schema\/person\/b55151d52296fcce64d1a72538a70b90\"},\"headline\":\"REDUCCI\u00d3N DE FRECUENCIAS DEL TRANSPORTE INTERURBANO: \u201cES UNA DECISI\u00d3N SORPRESIVA\u201d\",\"datePublished\":\"2023-11-03T01:32:58+00:00\",\"dateModified\":\"2023-11-04T01:35:08+00:00\",\"mainEntityOfPage\":{\"@id\":\"https:\/\/apuntesdesanluis.com\/index.php\/2023\/11\/02\/reduccion-de-frecuencias-del-transporte-interurbano-es-una-decision-sorpresiva\/\"},\"wordCount\":465,\"publisher\":{\"@id\":\"https:\/\/apuntesdesanluis.com\/#\/schema\/person\/b55151d52296fcce64d1a72538a70b90\"},\"image\":{\"@id\":\"https:\/\/apuntesdesanluis.com\/index.php\/2023\/11\/02\/reduccion-de-frecuencias-del-transporte-interurbano-es-una-decision-sorpresiva\/#primaryimage\"},\"thumbnailUrl\":\"https:\/\/apuntesdesanluis.com\/wp-content\/uploads\/2023\/11\/JORGE-RODRIGUEZ.png\",\"articleSection\":[\"Ciudad\/Provincia\"],\"inLanguage\":\"es-AR\"},{\"@type\":\"WebPage\",\"@id\":\"https:\/\/apuntesdesanluis.com\/index.php\/2023\/11\/02\/reduccion-de-frecuencias-del-transporte-interurbano-es-una-decision-sorpresiva\/\",\"url\":\"https:\/\/apuntesdesanluis.com\/index.php\/2023\/11\/02\/reduccion-de-frecuencias-del-transporte-interurbano-es-una-decision-sorpresiva\/\",\"name\":\"REDUCCI\u00d3N DE FRECUENCIAS DEL TRANSPORTE INTERURBANO: \u201cES UNA DECISI\u00d3N SORPRESIVA\u201d - Apuntes de San Luis\",\"isPartOf\":{\"@id\":\"https:\/\/apuntesdesanluis.com\/#website\"},\"primaryImageOfPage\":{\"@id\":\"https:\/\/apuntesdesanluis.com\/index.php\/2023\/11\/02\/reduccion-de-frecuencias-del-transporte-interurbano-es-una-decision-sorpresiva\/#primaryimage\"},\"image\":{\"@id\":\"https:\/\/apuntesdesanluis.com\/index.php\/2023\/11\/02\/reduccion-de-frecuencias-del-transporte-interurbano-es-una-decision-sorpresiva\/#primaryimage\"},\"thumbnailUrl\":\"https:\/\/apuntesdesanluis.com\/wp-content\/uploads\/2023\/11\/JORGE-RODRIGUEZ.png\",\"datePublished\":\"2023-11-03T01:32:58+00:00\",\"dateModified\":\"2023-11-04T01:35:08+00:00\",\"breadcrumb\":{\"@id\":\"https:\/\/apuntesdesanluis.com\/index.php\/2023\/11\/02\/reduccion-de-frecuencias-del-transporte-interurbano-es-una-decision-sorpresiva\/#breadcrumb\"},\"inLanguage\":\"es-AR\",\"potentialAction\":[{\"@type\":\"ReadAction\",\"target\":[\"https:\/\/apuntesdesanluis.com\/index.php\/2023\/11\/02\/reduccion-de-frecuencias-del-transporte-interurbano-es-una-decision-sorpresiva\/\"]}]},{\"@type\":\"ImageObject\",\"inLanguage\":\"es-AR\",\"@id\":\"https:\/\/apuntesdesanluis.com\/index.php\/2023\/11\/02\/reduccion-de-frecuencias-del-transporte-interurbano-es-una-decision-sorpresiva\/#primaryimage\",\"url\":\"https:\/\/apuntesdesanluis.com\/wp-content\/uploads\/2023\/11\/JORGE-RODRIGUEZ.png\",\"contentUrl\":\"https:\/\/apuntesdesanluis.com\/wp-content\/uploads\/2023\/11\/JORGE-RODRIGUEZ.png\",\"width\":594,\"height\":321},{\"@type\":\"BreadcrumbList\",\"@id\":\"https:\/\/apuntesdesanluis.com\/index.php\/2023\/11\/02\/reduccion-de-frecuencias-del-transporte-interurbano-es-una-decision-sorpresiva\/#breadcrumb\",\"itemListElement\":[{\"@type\":\"ListItem\",\"position\":1,\"name\":\"Inicio\",\"item\":\"https:\/\/apuntesdesanluis.com\/\"},{\"@type\":\"ListItem\",\"position\":2,\"name\":\"REDUCCI\u00d3N DE FRECUENCIAS DEL TRANSPORTE INTERURBANO: \u201cES UNA DECISI\u00d3N SORPRESIVA\u201d\"}]},{\"@type\":\"WebSite\",\"@id\":\"https:\/\/apuntesdesanluis.com\/#website\",\"url\":\"https:\/\/apuntesdesanluis.com\/\",\"name\":\"Apuntes de San Luis\",\"description\":\"\",\"publisher\":{\"@id\":\"https:\/\/apuntesdesanluis.com\/#\/schema\/person\/b55151d52296fcce64d1a72538a70b90\"},\"potentialAction\":[{\"@type\":\"SearchAction\",\"target\":{\"@type\":\"EntryPoint\",\"urlTemplate\":\"https:\/\/apuntesdesanluis.com\/?s={search_term_string}\"},\"query-input\":{\"@type\":\"PropertyValueSpecification\",\"valueRequired\":true,\"valueName\":\"search_term_string\"}}],\"inLanguage\":\"es-AR\"},{\"@type\":[\"Person\",\"Organization\"],\"@id\":\"https:\/\/apuntesdesanluis.com\/#\/schema\/person\/b55151d52296fcce64d1a72538a70b90\",\"name\":\"apuntesdesanluis.com\",\"image\":{\"@type\":\"ImageObject\",\"inLanguage\":\"es-AR\",\"@id\":\"https:\/\/apuntesdesanluis.com\/#\/schema\/person\/image\/\",\"url\":\"https:\/\/apuntesdesanluis.com\/wp-content\/uploads\/2023\/07\/cropped-apuntesdesanluis.png\",\"contentUrl\":\"https:\/\/apuntesdesanluis.com\/wp-content\/uploads\/2023\/07\/cropped-apuntesdesanluis.png\",\"width\":450,\"height\":112,\"caption\":\"apuntesdesanluis.com\"},\"logo\":{\"@id\":\"https:\/\/apuntesdesanluis.com\/#\/schema\/person\/image\/\"},\"sameAs\":[\"https:\/\/apuntesdesanluis.com\"],\"url\":\"https:\/\/apuntesdesanluis.com\/index.php\/author\/apuntesdesanluis-com\/\"}]}<\/script>\n<!-- \/ Yoast SEO plugin. -->","yoast_head_json":{"title":"REDUCCI\u00d3N DE FRECUENCIAS DEL TRANSPORTE INTERURBANO: \u201cES UNA DECISI\u00d3N SORPRESIVA\u201d - Apuntes de San Luis","robots":{"index":"index","follow":"follow","max-snippet":"max-snippet:-1","max-image-preview":"max-image-preview:large","max-video-preview":"max-video-preview:-1"},"canonical":"https:\/\/apuntesdesanluis.com\/index.php\/2023\/11\/02\/reduccion-de-frecuencias-del-transporte-interurbano-es-una-decision-sorpresiva\/","og_locale":"es_ES","og_type":"article","og_title":"REDUCCI\u00d3N DE FRECUENCIAS DEL TRANSPORTE INTERURBANO: \u201cES UNA DECISI\u00d3N SORPRESIVA\u201d - Apuntes de San Luis","og_description":"Jorge Rodr\u00edguez, jefe del subprograma Transporte Para Todos, explic\u00f3 que la reciente decisi\u00f3n de las...","og_url":"https:\/\/apuntesdesanluis.com\/index.php\/2023\/11\/02\/reduccion-de-frecuencias-del-transporte-interurbano-es-una-decision-sorpresiva\/","og_site_name":"Apuntes de San Luis","article_published_time":"2023-11-03T01:32:58+00:00","article_modified_time":"2023-11-04T01:35:08+00:00","og_image":[{"width":594,"height":321,"url":"https:\/\/apuntesdesanluis.com\/wp-content\/uploads\/2023\/11\/JORGE-RODRIGUEZ.png","type":"image\/png"}],"author":"apuntesdesanluis.com","twitter_card":"summary_large_image","twitter_misc":{"Escrito por":"apuntesdesanluis.com","Tiempo de lectura":"2 minutos"},"schema":{"@context":"https:\/\/schema.org","@graph":[{"@type":"Article","@id":"https:\/\/apuntesdesanluis.com\/index.php\/2023\/11\/02\/reduccion-de-frecuencias-del-transporte-interurbano-es-una-decision-sorpresiva\/#article","isPartOf":{"@id":"https:\/\/apuntesdesanluis.com\/index.php\/2023\/11\/02\/reduccion-de-frecuencias-del-transporte-interurbano-es-una-decision-sorpresiva\/"},"author":{"name":"apuntesdesanluis.com","@id":"https:\/\/apuntesdesanluis.com\/#\/schema\/person\/b55151d52296fcce64d1a72538a70b90"},"headline":"REDUCCI\u00d3N DE FRECUENCIAS DEL TRANSPORTE INTERURBANO: \u201cES UNA DECISI\u00d3N SORPRESIVA\u201d","datePublished":"2023-11-03T01:32:58+00:00","dateModified":"2023-11-04T01:35:08+00:00","mainEntityOfPage":{"@id":"https:\/\/apuntesdesanluis.com\/index.php\/2023\/11\/02\/reduccion-de-frecuencias-del-transporte-interurbano-es-una-decision-sorpresiva\/"},"wordCount":465,"publisher":{"@id":"https:\/\/apuntesdesanluis.com\/#\/schema\/person\/b55151d52296fcce64d1a72538a70b90"},"image":{"@id":"https:\/\/apuntesdesanluis.com\/index.php\/2023\/11\/02\/reduccion-de-frecuencias-del-transporte-interurbano-es-una-decision-sorpresiva\/#primaryimage"},"thumbnailUrl":"https:\/\/apuntesdesanluis.com\/wp-content\/uploads\/2023\/11\/JORGE-RODRIGUEZ.png","articleSection":["Ciudad\/Provincia"],"inLanguage":"es-AR"},{"@type":"WebPage","@id":"https:\/\/apuntesdesanluis.com\/index.php\/2023\/11\/02\/reduccion-de-frecuencias-del-transporte-interurbano-es-una-decision-sorpresiva\/","url":"https:\/\/apuntesdesanluis.com\/index.php\/2023\/11\/02\/reduccion-de-frecuencias-del-transporte-interurbano-es-una-decision-sorpresiva\/","name":"REDUCCI\u00d3N DE FRECUENCIAS DEL TRANSPORTE INTERURBANO: \u201cES UNA DECISI\u00d3N SORPRESIVA\u201d - Apuntes de San Luis","isPartOf":{"@id":"https:\/\/apuntesdesanluis.com\/#website"},"primaryImageOfPage":{"@id":"https:\/\/apuntesdesanluis.com\/index.php\/2023\/11\/02\/reduccion-de-frecuencias-del-transporte-interurbano-es-una-decision-sorpresiva\/#primaryimage"},"image":{"@id":"https:\/\/apuntesdesanluis.com\/index.php\/2023\/11\/02\/reduccion-de-frecuencias-del-transporte-interurbano-es-una-decision-sorpresiva\/#primaryimage"},"thumbnailUrl":"https:\/\/apuntesdesanluis.com\/wp-content\/uploads\/2023\/11\/JORGE-RODRIGUEZ.png","datePublished":"2023-11-03T01:32:58+00:00","dateModified":"2023-11-04T01:35:08+00:00","breadcrumb":{"@id":"https:\/\/apuntesdesanluis.com\/index.php\/2023\/11\/02\/reduccion-de-frecuencias-del-transporte-interurbano-es-una-decision-sorpresiva\/#breadcrumb"},"inLanguage":"es-AR","potentialAction":[{"@type":"ReadAction","target":["https:\/\/apuntesdesanluis.com\/index.php\/2023\/11\/02\/reduccion-de-frecuencias-del-transporte-interurbano-es-una-decision-sorpresiva\/"]}]},{"@type":"ImageObject","inLanguage":"es-AR","@id":"https:\/\/apuntesdesanluis.com\/index.php\/2023\/11\/02\/reduccion-de-frecuencias-del-transporte-interurbano-es-una-decision-sorpresiva\/#primaryimage","url":"https:\/\/apuntesdesanluis.com\/wp-content\/uploads\/2023\/11\/JORGE-RODRIGUEZ.png","contentUrl":"https:\/\/apuntesdesanluis.com\/wp-content\/uploads\/2023\/11\/JORGE-RODRIGUEZ.png","width":594,"height":321},{"@type":"BreadcrumbList","@id":"https:\/\/apuntesdesanluis.com\/index.php\/2023\/11\/02\/reduccion-de-frecuencias-del-transporte-interurbano-es-una-decision-sorpresiva\/#breadcrumb","itemListElement":[{"@type":"ListItem","position":1,"name":"Inicio","item":"https:\/\/apuntesdesanluis.com\/"},{"@type":"ListItem","position":2,"name":"REDUCCI\u00d3N DE FRECUENCIAS DEL TRANSPORTE INTERURBANO: \u201cES UNA DECISI\u00d3N SORPRESIVA\u201d"}]},{"@type":"WebSite","@id":"https:\/\/apuntesdesanluis.com\/#website","url":"https:\/\/apuntesdesanluis.com\/","name":"Apuntes de San Luis","description":"","publisher":{"@id":"https:\/\/apuntesdesanluis.com\/#\/schema\/person\/b55151d52296fcce64d1a72538a70b90"},"potentialAction":[{"@type":"SearchAction","target":{"@type":"EntryPoint","urlTemplate":"https:\/\/apuntesdesanluis.com\/?s={search_term_string}"},"query-input":{"@type":"PropertyValueSpecification","valueRequired":true,"valueName":"search_term_string"}}],"inLanguage":"es-AR"},{"@type":["Person","Organization"],"@id":"https:\/\/apuntesdesanluis.com\/#\/schema\/person\/b55151d52296fcce64d1a72538a70b90","name":"apuntesdesanluis.com","image":{"@type":"ImageObject","inLanguage":"es-AR","@id":"https:\/\/apuntesdesanluis.com\/#\/schema\/person\/image\/","url":"https:\/\/apuntesdesanluis.com\/wp-content\/uploads\/2023\/07\/cropped-apuntesdesanluis.png","contentUrl":"https:\/\/apuntesdesanluis.com\/wp-content\/uploads\/2023\/07\/cropped-apuntesdesanluis.png","width":450,"height":112,"caption":"apuntesdesanluis.com"},"logo":{"@id":"https:\/\/apuntesdesanluis.com\/#\/schema\/person\/image\/"},"sameAs":["https:\/\/apuntesdesanluis.com"],"url":"https:\/\/apuntesdesanluis.com\/index.php\/author\/apuntesdesanluis-com\/"}]}},"featured_image_urls":{"full":["https:\/\/apuntesdesanluis.com\/wp-content\/uploads\/2023\/11\/JORGE-RODRIGUEZ.png",594,321,false],"thumbnail":["https:\/\/apuntesdesanluis.com\/wp-content\/uploads\/2023\/11\/JORGE-RODRIGUEZ-150x150.png",150,150,true],"medium":["https:\/\/apuntesdesanluis.com\/wp-content\/uploads\/2023\/11\/JORGE-RODRIGUEZ-300x162.png",300,162,true],"medium_large":["https:\/\/apuntesdesanluis.com\/wp-content\/uploads\/2023\/11\/JORGE-RODRIGUEZ.png",594,321,false],"large":["https:\/\/apuntesdesanluis.com\/wp-content\/uploads\/2023\/11\/JORGE-RODRIGUEZ.png",594,321,false],"1536x1536":["https:\/\/apuntesdesanluis.com\/wp-content\/uploads\/2023\/11\/JORGE-RODRIGUEZ.png",594,321,false],"2048x2048":["https:\/\/apuntesdesanluis.com\/wp-content\/uploads\/2023\/11\/JORGE-RODRIGUEZ.png",594,321,false],"newsever-slider-full":["https:\/\/apuntesdesanluis.com\/wp-content\/uploads\/2023\/11\/JORGE-RODRIGUEZ.png",594,321,false],"newsever-featured":["https:\/\/apuntesdesanluis.com\/wp-content\/uploads\/2023\/11\/JORGE-RODRIGUEZ.png",594,321,false],"newsever-medium":["https:\/\/apuntesdesanluis.com\/wp-content\/uploads\/2023\/11\/JORGE-RODRIGUEZ.png",594,321,false]},"author_info":{"display_name":"apuntesdesanluis.com","author_link":"https:\/\/apuntesdesanluis.com\/index.php\/author\/apuntesdesanluis-com\/"},"category_info":"<a href=\"https:\/\/apuntesdesanluis.com\/index.php\/category\/ciudad-provincia\/\" rel=\"category tag\">Ciudad\/Provincia<\/a>","tag_info":"Ciudad\/Provincia","comment_count":"0","_links":{"self":[{"href":"https:\/\/apuntesdesanluis.com\/index.php\/wp-json\/wp\/v2\/posts\/6272","targetHints":{"allow":["GET"]}}],"collection":[{"href":"https:\/\/apuntesdesanluis.com\/index.php\/wp-json\/wp\/v2\/posts"}],"about":[{"href":"https:\/\/apuntesdesanluis.com\/index.php\/wp-json\/wp\/v2\/types\/post"}],"author":[{"embeddable":true,"href":"https:\/\/apuntesdesanluis.com\/index.php\/wp-json\/wp\/v2\/users\/1"}],"replies":[{"embeddable":true,"href":"https:\/\/apuntesdesanluis.com\/index.php\/wp-json\/wp\/v2\/comments?post=6272"}],"version-history":[{"count":1,"href":"https:\/\/apuntesdesanluis.com\/index.php\/wp-json\/wp\/v2\/posts\/6272\/revisions"}],"predecessor-version":[{"id":6274,"href":"https:\/\/apuntesdesanluis.com\/index.php\/wp-json\/wp\/v2\/posts\/6272\/revisions\/6274"}],"wp:featuredmedia":[{"embeddable":true,"href":"https:\/\/apuntesdesanluis.com\/index.php\/wp-json\/wp\/v2\/media\/6273"}],"wp:attachment":[{"href":"https:\/\/apuntesdesanluis.com\/index.php\/wp-json\/wp\/v2\/media?parent=6272"}],"wp:term":[{"taxonomy":"category","embeddable":true,"href":"https:\/\/apuntesdesanluis.com\/index.php\/wp-json\/wp\/v2\/categories?post=6272"},{"taxonomy":"post_tag","embeddable":true,"href":"https:\/\/apuntesdesanluis.com\/index.php\/wp-json\/wp\/v2\/tags?post=6272"}],"curies":[{"name":"wp","href":"https:\/\/api.w.org\/{rel}","templated":true}]}}