{"id":6275,"date":"2023-11-03T22:42:20","date_gmt":"2023-11-04T01:42:20","guid":{"rendered":"https:\/\/apuntesdesanluis.com\/?p=6275"},"modified":"2023-11-03T22:42:20","modified_gmt":"2023-11-04T01:42:20","slug":"continuara-con-prision-preventiva-el-profesor-de-equitacion-acusado-por-abuso-de-menores","status":"publish","type":"post","link":"https:\/\/apuntesdesanluis.com\/index.php\/2023\/11\/03\/continuara-con-prision-preventiva-el-profesor-de-equitacion-acusado-por-abuso-de-menores\/","title":{"rendered":"CONTINUAR\u00c1 CON PRISI\u00d3N PREVENTIVA EL PROFESOR DE EQUITACI\u00d3N ACUSADO POR ABUSO DE MENORES"},"content":{"rendered":"<h3>En la audiencia estuvieron presentes el Juez de Garant\u00eda N\u00ba 1, Juan Manuel Montiveros Chada; el Fiscal de Instrucci\u00f3n N\u00ba 2, Ricardo Barbeito; el Defensor de Ni\u00f1ez, Adolescencia e Incapaces N\u00ba 1, Sebasti\u00e1n Privitera; y por la Defensa Oficial, la Dra. Eva Morel.<\/h3>\n<h3>La fiscal\u00eda expuso sus argumentos y solicit\u00f3 una pr\u00f3rroga del plazo de la prisi\u00f3n preventiva por el t\u00e9rmino de sesenta d\u00edas. Plazo en el que considera que estar\u00e1 acabada la etapa de investigaci\u00f3n y realizada la acusaci\u00f3n para control y elevaci\u00f3n al Colegio de Jueces.<\/h3>\n<h3>Por su parte la Defensor\u00eda de Ni\u00f1ez y Adolescencia adhiri\u00f3 a los argumentos de la fiscal\u00eda. No as\u00ed la Defensa Oficial que se opuso a la pr\u00f3rroga solicitada por la fiscal\u00eda, argumentando que era un plazo extensivo para la investigaci\u00f3n que deviene del 2022. Por lo que solicit\u00f3 la mutaci\u00f3n de la prisi\u00f3n preventiva, por domiciliaria.<\/h3>\n<h3>El Juez, en relaci\u00f3n a la petici\u00f3n de la Defensa resolvi\u00f3 proveer el pedido seg\u00fan corresponda en los t\u00e9rminos del art\u00edculo 10 del CPP. Y respecto a la solicitud de la fiscal\u00eda, orden\u00f3 prorrogar la prisi\u00f3n preventiva por 60 d\u00edas, de manera que el 17 de diciembre pasar\u00eda a la etapa de acusaci\u00f3n.<\/h3>\n<h3>El Fiscal de Instrucci\u00f3n N\u00ba 2, Ricardo Barbeito, explic\u00f3 que la investigaci\u00f3n est\u00e1\u00a0 avanzada, y a\u00fan\u00a0 aguardan el informe de C\u00e1mara Gesell que se realiz\u00f3 el 28 de septiembre.<\/h3>\n<h3><strong>LOS DELITOS<\/strong><\/h3>\n<h3>El profesor del equitaci\u00f3n <strong>Sergio Eduardo Vera<\/strong>, de 54 a\u00f1os, est\u00e1 acusado de Abuso sexual con acceso carnal, agravado por la calidad de guardador y por causar grave da\u00f1o en la salud ps\u00edquica de la menor; abuso sexual simple agravado por la calidad de guardador y por causar grave da\u00f1o en la salud ps\u00edquica de la menor en concurso real con el delito de corrupci\u00f3n de menores y por el delito de abuso sexual simple calificado por ser encargado de la educaci\u00f3n, todo ello en concurso real.<\/h3>\n<h3><strong>EL CASO<\/strong><\/h3>\n<h3>El hecho trascendi\u00f3 luego de que padres de alumnos\/as que asist\u00edan a la Escuela de Equitaci\u00f3n \u201cRenacer\u201d, ubicada en la localidad de Juana Koslay, denunciaran por abuso a un profesor, quien se desempe\u00f1aba como profesor de equitaci\u00f3n en la referida instituci\u00f3n.<\/h3>\n<h3>Los denunciantes refirieron que los abusos se daban cuando sus hijas\/os acompa\u00f1aban al docente a un sector del establecimiento a buscar los elementos para la montura de los caballos, y tambi\u00e9n durante los momentos donde se realizaba la pr\u00e1ctica de la actividad.<\/h3>\n<p>&nbsp;<\/p>\n<p>&nbsp;<\/p>\n<p>&nbsp;<\/p>\n<p>&nbsp;<\/p>\n","protected":false},"excerpt":{"rendered":"<p>En la audiencia estuvieron presentes el Juez de Garant\u00eda N\u00ba 1, Juan Manuel Montiveros Chada;&#8230;<\/p>\n","protected":false},"author":1,"featured_media":6276,"comment_status":"closed","ping_status":"closed","sticky":false,"template":"","format":"standard","meta":{"footnotes":""},"categories":[6],"tags":[],"class_list":["post-6275","post","type-post","status-publish","format-standard","has-post-thumbnail","hentry","category-ciudad-provincia"],"yoast_head":"<!-- This site is optimized with the Yoast SEO plugin v26.1.1 - https:\/\/yoast.com\/wordpress\/plugins\/seo\/ -->\n<title>CONTINUAR\u00c1 CON PRISI\u00d3N PREVENTIVA EL PROFESOR DE EQUITACI\u00d3N ACUSADO POR ABUSO DE MENORES - Apuntes de San Luis<\/title>\n<meta name=\"robots\" content=\"index, follow, max-snippet:-1, max-image-preview:large, max-video-preview:-1\" \/>\n<link rel=\"canonical\" href=\"https:\/\/apuntesdesanluis.com\/index.php\/2023\/11\/03\/continuara-con-prision-preventiva-el-profesor-de-equitacion-acusado-por-abuso-de-menores\/\" \/>\n<meta property=\"og:locale\" content=\"es_ES\" \/>\n<meta property=\"og:type\" content=\"article\" \/>\n<meta property=\"og:title\" content=\"CONTINUAR\u00c1 CON PRISI\u00d3N PREVENTIVA EL PROFESOR DE EQUITACI\u00d3N ACUSADO POR ABUSO DE MENORES - Apuntes de San Luis\" \/>\n<meta property=\"og:description\" content=\"En la audiencia estuvieron presentes el Juez de Garant\u00eda N\u00ba 1, Juan Manuel Montiveros Chada;...\" \/>\n<meta property=\"og:url\" content=\"https:\/\/apuntesdesanluis.com\/index.php\/2023\/11\/03\/continuara-con-prision-preventiva-el-profesor-de-equitacion-acusado-por-abuso-de-menores\/\" \/>\n<meta property=\"og:site_name\" content=\"Apuntes de San Luis\" \/>\n<meta property=\"article:published_time\" content=\"2023-11-04T01:42:20+00:00\" \/>\n<meta property=\"og:image\" content=\"https:\/\/apuntesdesanluis.com\/wp-content\/uploads\/2023\/11\/ACUSADO.png\" \/>\n\t<meta property=\"og:image:width\" content=\"600\" \/>\n\t<meta property=\"og:image:height\" content=\"352\" \/>\n\t<meta property=\"og:image:type\" content=\"image\/png\" \/>\n<meta name=\"author\" content=\"apuntesdesanluis.com\" \/>\n<meta name=\"twitter:card\" content=\"summary_large_image\" \/>\n<meta name=\"twitter:label1\" content=\"Escrito por\" \/>\n\t<meta name=\"twitter:data1\" content=\"apuntesdesanluis.com\" \/>\n\t<meta name=\"twitter:label2\" content=\"Tiempo de lectura\" \/>\n\t<meta name=\"twitter:data2\" content=\"2 minutos\" \/>\n<script type=\"application\/ld+json\" class=\"yoast-schema-graph\">{\"@context\":\"https:\/\/schema.org\",\"@graph\":[{\"@type\":\"Article\",\"@id\":\"https:\/\/apuntesdesanluis.com\/index.php\/2023\/11\/03\/continuara-con-prision-preventiva-el-profesor-de-equitacion-acusado-por-abuso-de-menores\/#article\",\"isPartOf\":{\"@id\":\"https:\/\/apuntesdesanluis.com\/index.php\/2023\/11\/03\/continuara-con-prision-preventiva-el-profesor-de-equitacion-acusado-por-abuso-de-menores\/\"},\"author\":{\"name\":\"apuntesdesanluis.com\",\"@id\":\"https:\/\/apuntesdesanluis.com\/#\/schema\/person\/b55151d52296fcce64d1a72538a70b90\"},\"headline\":\"CONTINUAR\u00c1 CON PRISI\u00d3N PREVENTIVA EL PROFESOR DE EQUITACI\u00d3N ACUSADO POR ABUSO DE MENORES\",\"datePublished\":\"2023-11-04T01:42:20+00:00\",\"mainEntityOfPage\":{\"@id\":\"https:\/\/apuntesdesanluis.com\/index.php\/2023\/11\/03\/continuara-con-prision-preventiva-el-profesor-de-equitacion-acusado-por-abuso-de-menores\/\"},\"wordCount\":461,\"publisher\":{\"@id\":\"https:\/\/apuntesdesanluis.com\/#\/schema\/person\/b55151d52296fcce64d1a72538a70b90\"},\"image\":{\"@id\":\"https:\/\/apuntesdesanluis.com\/index.php\/2023\/11\/03\/continuara-con-prision-preventiva-el-profesor-de-equitacion-acusado-por-abuso-de-menores\/#primaryimage\"},\"thumbnailUrl\":\"https:\/\/apuntesdesanluis.com\/wp-content\/uploads\/2023\/11\/ACUSADO.png\",\"articleSection\":[\"Ciudad\/Provincia\"],\"inLanguage\":\"es-AR\"},{\"@type\":\"WebPage\",\"@id\":\"https:\/\/apuntesdesanluis.com\/index.php\/2023\/11\/03\/continuara-con-prision-preventiva-el-profesor-de-equitacion-acusado-por-abuso-de-menores\/\",\"url\":\"https:\/\/apuntesdesanluis.com\/index.php\/2023\/11\/03\/continuara-con-prision-preventiva-el-profesor-de-equitacion-acusado-por-abuso-de-menores\/\",\"name\":\"CONTINUAR\u00c1 CON PRISI\u00d3N PREVENTIVA EL PROFESOR DE EQUITACI\u00d3N ACUSADO POR ABUSO DE MENORES - Apuntes de San Luis\",\"isPartOf\":{\"@id\":\"https:\/\/apuntesdesanluis.com\/#website\"},\"primaryImageOfPage\":{\"@id\":\"https:\/\/apuntesdesanluis.com\/index.php\/2023\/11\/03\/continuara-con-prision-preventiva-el-profesor-de-equitacion-acusado-por-abuso-de-menores\/#primaryimage\"},\"image\":{\"@id\":\"https:\/\/apuntesdesanluis.com\/index.php\/2023\/11\/03\/continuara-con-prision-preventiva-el-profesor-de-equitacion-acusado-por-abuso-de-menores\/#primaryimage\"},\"thumbnailUrl\":\"https:\/\/apuntesdesanluis.com\/wp-content\/uploads\/2023\/11\/ACUSADO.png\",\"datePublished\":\"2023-11-04T01:42:20+00:00\",\"breadcrumb\":{\"@id\":\"https:\/\/apuntesdesanluis.com\/index.php\/2023\/11\/03\/continuara-con-prision-preventiva-el-profesor-de-equitacion-acusado-por-abuso-de-menores\/#breadcrumb\"},\"inLanguage\":\"es-AR\",\"potentialAction\":[{\"@type\":\"ReadAction\",\"target\":[\"https:\/\/apuntesdesanluis.com\/index.php\/2023\/11\/03\/continuara-con-prision-preventiva-el-profesor-de-equitacion-acusado-por-abuso-de-menores\/\"]}]},{\"@type\":\"ImageObject\",\"inLanguage\":\"es-AR\",\"@id\":\"https:\/\/apuntesdesanluis.com\/index.php\/2023\/11\/03\/continuara-con-prision-preventiva-el-profesor-de-equitacion-acusado-por-abuso-de-menores\/#primaryimage\",\"url\":\"https:\/\/apuntesdesanluis.com\/wp-content\/uploads\/2023\/11\/ACUSADO.png\",\"contentUrl\":\"https:\/\/apuntesdesanluis.com\/wp-content\/uploads\/2023\/11\/ACUSADO.png\",\"width\":600,\"height\":352},{\"@type\":\"BreadcrumbList\",\"@id\":\"https:\/\/apuntesdesanluis.com\/index.php\/2023\/11\/03\/continuara-con-prision-preventiva-el-profesor-de-equitacion-acusado-por-abuso-de-menores\/#breadcrumb\",\"itemListElement\":[{\"@type\":\"ListItem\",\"position\":1,\"name\":\"Inicio\",\"item\":\"https:\/\/apuntesdesanluis.com\/\"},{\"@type\":\"ListItem\",\"position\":2,\"name\":\"CONTINUAR\u00c1 CON PRISI\u00d3N PREVENTIVA EL PROFESOR DE EQUITACI\u00d3N ACUSADO POR ABUSO DE MENORES\"}]},{\"@type\":\"WebSite\",\"@id\":\"https:\/\/apuntesdesanluis.com\/#website\",\"url\":\"https:\/\/apuntesdesanluis.com\/\",\"name\":\"Apuntes de San Luis\",\"description\":\"\",\"publisher\":{\"@id\":\"https:\/\/apuntesdesanluis.com\/#\/schema\/person\/b55151d52296fcce64d1a72538a70b90\"},\"potentialAction\":[{\"@type\":\"SearchAction\",\"target\":{\"@type\":\"EntryPoint\",\"urlTemplate\":\"https:\/\/apuntesdesanluis.com\/?s={search_term_string}\"},\"query-input\":{\"@type\":\"PropertyValueSpecification\",\"valueRequired\":true,\"valueName\":\"search_term_string\"}}],\"inLanguage\":\"es-AR\"},{\"@type\":[\"Person\",\"Organization\"],\"@id\":\"https:\/\/apuntesdesanluis.com\/#\/schema\/person\/b55151d52296fcce64d1a72538a70b90\",\"name\":\"apuntesdesanluis.com\",\"image\":{\"@type\":\"ImageObject\",\"inLanguage\":\"es-AR\",\"@id\":\"https:\/\/apuntesdesanluis.com\/#\/schema\/person\/image\/\",\"url\":\"https:\/\/apuntesdesanluis.com\/wp-content\/uploads\/2023\/07\/cropped-apuntesdesanluis.png\",\"contentUrl\":\"https:\/\/apuntesdesanluis.com\/wp-content\/uploads\/2023\/07\/cropped-apuntesdesanluis.png\",\"width\":450,\"height\":112,\"caption\":\"apuntesdesanluis.com\"},\"logo\":{\"@id\":\"https:\/\/apuntesdesanluis.com\/#\/schema\/person\/image\/\"},\"sameAs\":[\"https:\/\/apuntesdesanluis.com\"],\"url\":\"https:\/\/apuntesdesanluis.com\/index.php\/author\/apuntesdesanluis-com\/\"}]}<\/script>\n<!-- \/ Yoast SEO plugin. -->","yoast_head_json":{"title":"CONTINUAR\u00c1 CON PRISI\u00d3N PREVENTIVA EL PROFESOR DE EQUITACI\u00d3N ACUSADO POR ABUSO DE MENORES - Apuntes de San Luis","robots":{"index":"index","follow":"follow","max-snippet":"max-snippet:-1","max-image-preview":"max-image-preview:large","max-video-preview":"max-video-preview:-1"},"canonical":"https:\/\/apuntesdesanluis.com\/index.php\/2023\/11\/03\/continuara-con-prision-preventiva-el-profesor-de-equitacion-acusado-por-abuso-de-menores\/","og_locale":"es_ES","og_type":"article","og_title":"CONTINUAR\u00c1 CON PRISI\u00d3N PREVENTIVA EL PROFESOR DE EQUITACI\u00d3N ACUSADO POR ABUSO DE MENORES - Apuntes de San Luis","og_description":"En la audiencia estuvieron presentes el Juez de Garant\u00eda N\u00ba 1, Juan Manuel Montiveros Chada;...","og_url":"https:\/\/apuntesdesanluis.com\/index.php\/2023\/11\/03\/continuara-con-prision-preventiva-el-profesor-de-equitacion-acusado-por-abuso-de-menores\/","og_site_name":"Apuntes de San Luis","article_published_time":"2023-11-04T01:42:20+00:00","og_image":[{"width":600,"height":352,"url":"https:\/\/apuntesdesanluis.com\/wp-content\/uploads\/2023\/11\/ACUSADO.png","type":"image\/png"}],"author":"apuntesdesanluis.com","twitter_card":"summary_large_image","twitter_misc":{"Escrito por":"apuntesdesanluis.com","Tiempo de lectura":"2 minutos"},"schema":{"@context":"https:\/\/schema.org","@graph":[{"@type":"Article","@id":"https:\/\/apuntesdesanluis.com\/index.php\/2023\/11\/03\/continuara-con-prision-preventiva-el-profesor-de-equitacion-acusado-por-abuso-de-menores\/#article","isPartOf":{"@id":"https:\/\/apuntesdesanluis.com\/index.php\/2023\/11\/03\/continuara-con-prision-preventiva-el-profesor-de-equitacion-acusado-por-abuso-de-menores\/"},"author":{"name":"apuntesdesanluis.com","@id":"https:\/\/apuntesdesanluis.com\/#\/schema\/person\/b55151d52296fcce64d1a72538a70b90"},"headline":"CONTINUAR\u00c1 CON PRISI\u00d3N PREVENTIVA EL PROFESOR DE EQUITACI\u00d3N ACUSADO POR ABUSO DE MENORES","datePublished":"2023-11-04T01:42:20+00:00","mainEntityOfPage":{"@id":"https:\/\/apuntesdesanluis.com\/index.php\/2023\/11\/03\/continuara-con-prision-preventiva-el-profesor-de-equitacion-acusado-por-abuso-de-menores\/"},"wordCount":461,"publisher":{"@id":"https:\/\/apuntesdesanluis.com\/#\/schema\/person\/b55151d52296fcce64d1a72538a70b90"},"image":{"@id":"https:\/\/apuntesdesanluis.com\/index.php\/2023\/11\/03\/continuara-con-prision-preventiva-el-profesor-de-equitacion-acusado-por-abuso-de-menores\/#primaryimage"},"thumbnailUrl":"https:\/\/apuntesdesanluis.com\/wp-content\/uploads\/2023\/11\/ACUSADO.png","articleSection":["Ciudad\/Provincia"],"inLanguage":"es-AR"},{"@type":"WebPage","@id":"https:\/\/apuntesdesanluis.com\/index.php\/2023\/11\/03\/continuara-con-prision-preventiva-el-profesor-de-equitacion-acusado-por-abuso-de-menores\/","url":"https:\/\/apuntesdesanluis.com\/index.php\/2023\/11\/03\/continuara-con-prision-preventiva-el-profesor-de-equitacion-acusado-por-abuso-de-menores\/","name":"CONTINUAR\u00c1 CON PRISI\u00d3N PREVENTIVA EL PROFESOR DE EQUITACI\u00d3N ACUSADO POR ABUSO DE MENORES - Apuntes de San Luis","isPartOf":{"@id":"https:\/\/apuntesdesanluis.com\/#website"},"primaryImageOfPage":{"@id":"https:\/\/apuntesdesanluis.com\/index.php\/2023\/11\/03\/continuara-con-prision-preventiva-el-profesor-de-equitacion-acusado-por-abuso-de-menores\/#primaryimage"},"image":{"@id":"https:\/\/apuntesdesanluis.com\/index.php\/2023\/11\/03\/continuara-con-prision-preventiva-el-profesor-de-equitacion-acusado-por-abuso-de-menores\/#primaryimage"},"thumbnailUrl":"https:\/\/apuntesdesanluis.com\/wp-content\/uploads\/2023\/11\/ACUSADO.png","datePublished":"2023-11-04T01:42:20+00:00","breadcrumb":{"@id":"https:\/\/apuntesdesanluis.com\/index.php\/2023\/11\/03\/continuara-con-prision-preventiva-el-profesor-de-equitacion-acusado-por-abuso-de-menores\/#breadcrumb"},"inLanguage":"es-AR","potentialAction":[{"@type":"ReadAction","target":["https:\/\/apuntesdesanluis.com\/index.php\/2023\/11\/03\/continuara-con-prision-preventiva-el-profesor-de-equitacion-acusado-por-abuso-de-menores\/"]}]},{"@type":"ImageObject","inLanguage":"es-AR","@id":"https:\/\/apuntesdesanluis.com\/index.php\/2023\/11\/03\/continuara-con-prision-preventiva-el-profesor-de-equitacion-acusado-por-abuso-de-menores\/#primaryimage","url":"https:\/\/apuntesdesanluis.com\/wp-content\/uploads\/2023\/11\/ACUSADO.png","contentUrl":"https:\/\/apuntesdesanluis.com\/wp-content\/uploads\/2023\/11\/ACUSADO.png","width":600,"height":352},{"@type":"BreadcrumbList","@id":"https:\/\/apuntesdesanluis.com\/index.php\/2023\/11\/03\/continuara-con-prision-preventiva-el-profesor-de-equitacion-acusado-por-abuso-de-menores\/#breadcrumb","itemListElement":[{"@type":"ListItem","position":1,"name":"Inicio","item":"https:\/\/apuntesdesanluis.com\/"},{"@type":"ListItem","position":2,"name":"CONTINUAR\u00c1 CON PRISI\u00d3N PREVENTIVA EL PROFESOR DE EQUITACI\u00d3N ACUSADO POR ABUSO DE MENORES"}]},{"@type":"WebSite","@id":"https:\/\/apuntesdesanluis.com\/#website","url":"https:\/\/apuntesdesanluis.com\/","name":"Apuntes de San Luis","description":"","publisher":{"@id":"https:\/\/apuntesdesanluis.com\/#\/schema\/person\/b55151d52296fcce64d1a72538a70b90"},"potentialAction":[{"@type":"SearchAction","target":{"@type":"EntryPoint","urlTemplate":"https:\/\/apuntesdesanluis.com\/?s={search_term_string}"},"query-input":{"@type":"PropertyValueSpecification","valueRequired":true,"valueName":"search_term_string"}}],"inLanguage":"es-AR"},{"@type":["Person","Organization"],"@id":"https:\/\/apuntesdesanluis.com\/#\/schema\/person\/b55151d52296fcce64d1a72538a70b90","name":"apuntesdesanluis.com","image":{"@type":"ImageObject","inLanguage":"es-AR","@id":"https:\/\/apuntesdesanluis.com\/#\/schema\/person\/image\/","url":"https:\/\/apuntesdesanluis.com\/wp-content\/uploads\/2023\/07\/cropped-apuntesdesanluis.png","contentUrl":"https:\/\/apuntesdesanluis.com\/wp-content\/uploads\/2023\/07\/cropped-apuntesdesanluis.png","width":450,"height":112,"caption":"apuntesdesanluis.com"},"logo":{"@id":"https:\/\/apuntesdesanluis.com\/#\/schema\/person\/image\/"},"sameAs":["https:\/\/apuntesdesanluis.com"],"url":"https:\/\/apuntesdesanluis.com\/index.php\/author\/apuntesdesanluis-com\/"}]}},"featured_image_urls":{"full":["https:\/\/apuntesdesanluis.com\/wp-content\/uploads\/2023\/11\/ACUSADO.png",600,352,false],"thumbnail":["https:\/\/apuntesdesanluis.com\/wp-content\/uploads\/2023\/11\/ACUSADO-150x150.png",150,150,true],"medium":["https:\/\/apuntesdesanluis.com\/wp-content\/uploads\/2023\/11\/ACUSADO-300x176.png",300,176,true],"medium_large":["https:\/\/apuntesdesanluis.com\/wp-content\/uploads\/2023\/11\/ACUSADO.png",600,352,false],"large":["https:\/\/apuntesdesanluis.com\/wp-content\/uploads\/2023\/11\/ACUSADO.png",600,352,false],"1536x1536":["https:\/\/apuntesdesanluis.com\/wp-content\/uploads\/2023\/11\/ACUSADO.png",600,352,false],"2048x2048":["https:\/\/apuntesdesanluis.com\/wp-content\/uploads\/2023\/11\/ACUSADO.png",600,352,false],"newsever-slider-full":["https:\/\/apuntesdesanluis.com\/wp-content\/uploads\/2023\/11\/ACUSADO.png",600,352,false],"newsever-featured":["https:\/\/apuntesdesanluis.com\/wp-content\/uploads\/2023\/11\/ACUSADO.png",600,352,false],"newsever-medium":["https:\/\/apuntesdesanluis.com\/wp-content\/uploads\/2023\/11\/ACUSADO.png",600,352,false]},"author_info":{"display_name":"apuntesdesanluis.com","author_link":"https:\/\/apuntesdesanluis.com\/index.php\/author\/apuntesdesanluis-com\/"},"category_info":"<a href=\"https:\/\/apuntesdesanluis.com\/index.php\/category\/ciudad-provincia\/\" rel=\"category tag\">Ciudad\/Provincia<\/a>","tag_info":"Ciudad\/Provincia","comment_count":"0","_links":{"self":[{"href":"https:\/\/apuntesdesanluis.com\/index.php\/wp-json\/wp\/v2\/posts\/6275","targetHints":{"allow":["GET"]}}],"collection":[{"href":"https:\/\/apuntesdesanluis.com\/index.php\/wp-json\/wp\/v2\/posts"}],"about":[{"href":"https:\/\/apuntesdesanluis.com\/index.php\/wp-json\/wp\/v2\/types\/post"}],"author":[{"embeddable":true,"href":"https:\/\/apuntesdesanluis.com\/index.php\/wp-json\/wp\/v2\/users\/1"}],"replies":[{"embeddable":true,"href":"https:\/\/apuntesdesanluis.com\/index.php\/wp-json\/wp\/v2\/comments?post=6275"}],"version-history":[{"count":1,"href":"https:\/\/apuntesdesanluis.com\/index.php\/wp-json\/wp\/v2\/posts\/6275\/revisions"}],"predecessor-version":[{"id":6277,"href":"https:\/\/apuntesdesanluis.com\/index.php\/wp-json\/wp\/v2\/posts\/6275\/revisions\/6277"}],"wp:featuredmedia":[{"embeddable":true,"href":"https:\/\/apuntesdesanluis.com\/index.php\/wp-json\/wp\/v2\/media\/6276"}],"wp:attachment":[{"href":"https:\/\/apuntesdesanluis.com\/index.php\/wp-json\/wp\/v2\/media?parent=6275"}],"wp:term":[{"taxonomy":"category","embeddable":true,"href":"https:\/\/apuntesdesanluis.com\/index.php\/wp-json\/wp\/v2\/categories?post=6275"},{"taxonomy":"post_tag","embeddable":true,"href":"https:\/\/apuntesdesanluis.com\/index.php\/wp-json\/wp\/v2\/tags?post=6275"}],"curies":[{"name":"wp","href":"https:\/\/api.w.org\/{rel}","templated":true}]}}