{"id":6278,"date":"2023-11-03T22:59:16","date_gmt":"2023-11-04T01:59:16","guid":{"rendered":"https:\/\/apuntesdesanluis.com\/?p=6278"},"modified":"2023-11-03T22:59:35","modified_gmt":"2023-11-04T01:59:35","slug":"se-aproxima-el-5-festival-de-la-empanada-serrana-en-la-punta","status":"publish","type":"post","link":"https:\/\/apuntesdesanluis.com\/index.php\/2023\/11\/03\/se-aproxima-el-5-festival-de-la-empanada-serrana-en-la-punta\/","title":{"rendered":"SE APROXIMA EL 5\u00b0 FESTIVAL DE LA EMPANADA SERRANA EN LA PUNTA"},"content":{"rendered":"<h3>La ciudad de <strong>la Punta<\/strong> ya tiene todo listo para recibir a miles de visitantes de toda la provincia, atra\u00eddos por este tradicional festival donde se combinan la buena m\u00fasica con la posibilidad de degustar las m\u00e1s sabrosas empanadas, en una competencia donde los ganadores obtienen importantes premios.<\/h3>\n<h3>Ser\u00e1 el pr\u00f3ximo 25 de\u00a0 noviembre en la Plaza de los Ni\u00f1os, con entrada libre y gratuita, a partir de las 21:00 h.<\/h3>\n<h3>En la oportunidad se presentar\u00e1n los siguientes n\u00fameros art\u00edsticos: Savia Nuestra, Aurelia Astudillo, La Firma Cambia Pop, Rom\u00e1n Ramonda, Manyines de Cuyo y los Talleres Municipales de Folklore.<\/h3>\n<h3>Ya lo saben aquellos que les gusta saborear diferentes variedades de este tradicional pastel argentino combinado con nuestra mejor m\u00fasica: en tres semanas llega la <strong>5ta. Edici\u00f3n del Festival de la Empanada Serrana<\/strong> en La Punta.<\/h3>\n<p><img fetchpriority=\"high\" decoding=\"async\" class=\"wp-image-6280 aligncenter\" src=\"https:\/\/apuntesdesanluis.com\/wp-content\/uploads\/2023\/11\/festival-de-la-empanada-212x300.jpg\" alt=\"\" width=\"589\" height=\"833\" srcset=\"https:\/\/apuntesdesanluis.com\/wp-content\/uploads\/2023\/11\/festival-de-la-empanada-212x300.jpg 212w, https:\/\/apuntesdesanluis.com\/wp-content\/uploads\/2023\/11\/festival-de-la-empanada.jpg 509w\" sizes=\"(max-width: 589px) 100vw, 589px\" \/><\/p>\n<p>&nbsp;<\/p>\n<p>&nbsp;<\/p>\n<p>&nbsp;<\/p>\n<p>&nbsp;<\/p>\n<p>&nbsp;<\/p>\n","protected":false},"excerpt":{"rendered":"<p>La ciudad de la Punta ya tiene todo listo para recibir a miles de visitantes&#8230;<\/p>\n","protected":false},"author":1,"featured_media":6279,"comment_status":"closed","ping_status":"closed","sticky":false,"template":"","format":"standard","meta":{"footnotes":""},"categories":[6],"tags":[],"class_list":["post-6278","post","type-post","status-publish","format-standard","has-post-thumbnail","hentry","category-ciudad-provincia"],"yoast_head":"<!-- This site is optimized with the Yoast SEO plugin v26.1.1 - https:\/\/yoast.com\/wordpress\/plugins\/seo\/ -->\n<title>SE APROXIMA EL 5\u00b0 FESTIVAL DE LA EMPANADA SERRANA EN LA PUNTA - Apuntes de San Luis<\/title>\n<meta name=\"robots\" content=\"index, follow, max-snippet:-1, max-image-preview:large, max-video-preview:-1\" \/>\n<link rel=\"canonical\" href=\"https:\/\/apuntesdesanluis.com\/index.php\/2023\/11\/03\/se-aproxima-el-5-festival-de-la-empanada-serrana-en-la-punta\/\" \/>\n<meta property=\"og:locale\" content=\"es_ES\" \/>\n<meta property=\"og:type\" content=\"article\" \/>\n<meta property=\"og:title\" content=\"SE APROXIMA EL 5\u00b0 FESTIVAL DE LA EMPANADA SERRANA EN LA PUNTA - Apuntes de San Luis\" \/>\n<meta property=\"og:description\" content=\"La ciudad de la Punta ya tiene todo listo para recibir a miles de visitantes...\" \/>\n<meta property=\"og:url\" content=\"https:\/\/apuntesdesanluis.com\/index.php\/2023\/11\/03\/se-aproxima-el-5-festival-de-la-empanada-serrana-en-la-punta\/\" \/>\n<meta property=\"og:site_name\" content=\"Apuntes de San Luis\" \/>\n<meta property=\"article:published_time\" content=\"2023-11-04T01:59:16+00:00\" \/>\n<meta property=\"article:modified_time\" content=\"2023-11-04T01:59:35+00:00\" \/>\n<meta property=\"og:image\" content=\"https:\/\/apuntesdesanluis.com\/wp-content\/uploads\/2023\/11\/empanada.png\" \/>\n\t<meta property=\"og:image:width\" content=\"588\" \/>\n\t<meta property=\"og:image:height\" content=\"384\" \/>\n\t<meta property=\"og:image:type\" content=\"image\/png\" \/>\n<meta name=\"author\" content=\"apuntesdesanluis.com\" \/>\n<meta name=\"twitter:card\" content=\"summary_large_image\" \/>\n<meta name=\"twitter:label1\" content=\"Escrito por\" \/>\n\t<meta name=\"twitter:data1\" content=\"apuntesdesanluis.com\" \/>\n\t<meta name=\"twitter:label2\" content=\"Tiempo de lectura\" \/>\n\t<meta name=\"twitter:data2\" content=\"1 minuto\" \/>\n<script type=\"application\/ld+json\" class=\"yoast-schema-graph\">{\"@context\":\"https:\/\/schema.org\",\"@graph\":[{\"@type\":\"Article\",\"@id\":\"https:\/\/apuntesdesanluis.com\/index.php\/2023\/11\/03\/se-aproxima-el-5-festival-de-la-empanada-serrana-en-la-punta\/#article\",\"isPartOf\":{\"@id\":\"https:\/\/apuntesdesanluis.com\/index.php\/2023\/11\/03\/se-aproxima-el-5-festival-de-la-empanada-serrana-en-la-punta\/\"},\"author\":{\"name\":\"apuntesdesanluis.com\",\"@id\":\"https:\/\/apuntesdesanluis.com\/#\/schema\/person\/b55151d52296fcce64d1a72538a70b90\"},\"headline\":\"SE APROXIMA EL 5\u00b0 FESTIVAL DE LA EMPANADA SERRANA EN LA PUNTA\",\"datePublished\":\"2023-11-04T01:59:16+00:00\",\"dateModified\":\"2023-11-04T01:59:35+00:00\",\"mainEntityOfPage\":{\"@id\":\"https:\/\/apuntesdesanluis.com\/index.php\/2023\/11\/03\/se-aproxima-el-5-festival-de-la-empanada-serrana-en-la-punta\/\"},\"wordCount\":160,\"publisher\":{\"@id\":\"https:\/\/apuntesdesanluis.com\/#\/schema\/person\/b55151d52296fcce64d1a72538a70b90\"},\"image\":{\"@id\":\"https:\/\/apuntesdesanluis.com\/index.php\/2023\/11\/03\/se-aproxima-el-5-festival-de-la-empanada-serrana-en-la-punta\/#primaryimage\"},\"thumbnailUrl\":\"https:\/\/apuntesdesanluis.com\/wp-content\/uploads\/2023\/11\/empanada.png\",\"articleSection\":[\"Ciudad\/Provincia\"],\"inLanguage\":\"es-AR\"},{\"@type\":\"WebPage\",\"@id\":\"https:\/\/apuntesdesanluis.com\/index.php\/2023\/11\/03\/se-aproxima-el-5-festival-de-la-empanada-serrana-en-la-punta\/\",\"url\":\"https:\/\/apuntesdesanluis.com\/index.php\/2023\/11\/03\/se-aproxima-el-5-festival-de-la-empanada-serrana-en-la-punta\/\",\"name\":\"SE APROXIMA EL 5\u00b0 FESTIVAL DE LA EMPANADA SERRANA EN LA PUNTA - Apuntes de San Luis\",\"isPartOf\":{\"@id\":\"https:\/\/apuntesdesanluis.com\/#website\"},\"primaryImageOfPage\":{\"@id\":\"https:\/\/apuntesdesanluis.com\/index.php\/2023\/11\/03\/se-aproxima-el-5-festival-de-la-empanada-serrana-en-la-punta\/#primaryimage\"},\"image\":{\"@id\":\"https:\/\/apuntesdesanluis.com\/index.php\/2023\/11\/03\/se-aproxima-el-5-festival-de-la-empanada-serrana-en-la-punta\/#primaryimage\"},\"thumbnailUrl\":\"https:\/\/apuntesdesanluis.com\/wp-content\/uploads\/2023\/11\/empanada.png\",\"datePublished\":\"2023-11-04T01:59:16+00:00\",\"dateModified\":\"2023-11-04T01:59:35+00:00\",\"breadcrumb\":{\"@id\":\"https:\/\/apuntesdesanluis.com\/index.php\/2023\/11\/03\/se-aproxima-el-5-festival-de-la-empanada-serrana-en-la-punta\/#breadcrumb\"},\"inLanguage\":\"es-AR\",\"potentialAction\":[{\"@type\":\"ReadAction\",\"target\":[\"https:\/\/apuntesdesanluis.com\/index.php\/2023\/11\/03\/se-aproxima-el-5-festival-de-la-empanada-serrana-en-la-punta\/\"]}]},{\"@type\":\"ImageObject\",\"inLanguage\":\"es-AR\",\"@id\":\"https:\/\/apuntesdesanluis.com\/index.php\/2023\/11\/03\/se-aproxima-el-5-festival-de-la-empanada-serrana-en-la-punta\/#primaryimage\",\"url\":\"https:\/\/apuntesdesanluis.com\/wp-content\/uploads\/2023\/11\/empanada.png\",\"contentUrl\":\"https:\/\/apuntesdesanluis.com\/wp-content\/uploads\/2023\/11\/empanada.png\",\"width\":588,\"height\":384},{\"@type\":\"BreadcrumbList\",\"@id\":\"https:\/\/apuntesdesanluis.com\/index.php\/2023\/11\/03\/se-aproxima-el-5-festival-de-la-empanada-serrana-en-la-punta\/#breadcrumb\",\"itemListElement\":[{\"@type\":\"ListItem\",\"position\":1,\"name\":\"Inicio\",\"item\":\"https:\/\/apuntesdesanluis.com\/\"},{\"@type\":\"ListItem\",\"position\":2,\"name\":\"SE APROXIMA EL 5\u00b0 FESTIVAL DE LA EMPANADA SERRANA EN LA PUNTA\"}]},{\"@type\":\"WebSite\",\"@id\":\"https:\/\/apuntesdesanluis.com\/#website\",\"url\":\"https:\/\/apuntesdesanluis.com\/\",\"name\":\"Apuntes de San Luis\",\"description\":\"\",\"publisher\":{\"@id\":\"https:\/\/apuntesdesanluis.com\/#\/schema\/person\/b55151d52296fcce64d1a72538a70b90\"},\"potentialAction\":[{\"@type\":\"SearchAction\",\"target\":{\"@type\":\"EntryPoint\",\"urlTemplate\":\"https:\/\/apuntesdesanluis.com\/?s={search_term_string}\"},\"query-input\":{\"@type\":\"PropertyValueSpecification\",\"valueRequired\":true,\"valueName\":\"search_term_string\"}}],\"inLanguage\":\"es-AR\"},{\"@type\":[\"Person\",\"Organization\"],\"@id\":\"https:\/\/apuntesdesanluis.com\/#\/schema\/person\/b55151d52296fcce64d1a72538a70b90\",\"name\":\"apuntesdesanluis.com\",\"image\":{\"@type\":\"ImageObject\",\"inLanguage\":\"es-AR\",\"@id\":\"https:\/\/apuntesdesanluis.com\/#\/schema\/person\/image\/\",\"url\":\"https:\/\/apuntesdesanluis.com\/wp-content\/uploads\/2023\/07\/cropped-apuntesdesanluis.png\",\"contentUrl\":\"https:\/\/apuntesdesanluis.com\/wp-content\/uploads\/2023\/07\/cropped-apuntesdesanluis.png\",\"width\":450,\"height\":112,\"caption\":\"apuntesdesanluis.com\"},\"logo\":{\"@id\":\"https:\/\/apuntesdesanluis.com\/#\/schema\/person\/image\/\"},\"sameAs\":[\"https:\/\/apuntesdesanluis.com\"],\"url\":\"https:\/\/apuntesdesanluis.com\/index.php\/author\/apuntesdesanluis-com\/\"}]}<\/script>\n<!-- \/ Yoast SEO plugin. -->","yoast_head_json":{"title":"SE APROXIMA EL 5\u00b0 FESTIVAL DE LA EMPANADA SERRANA EN LA PUNTA - Apuntes de San Luis","robots":{"index":"index","follow":"follow","max-snippet":"max-snippet:-1","max-image-preview":"max-image-preview:large","max-video-preview":"max-video-preview:-1"},"canonical":"https:\/\/apuntesdesanluis.com\/index.php\/2023\/11\/03\/se-aproxima-el-5-festival-de-la-empanada-serrana-en-la-punta\/","og_locale":"es_ES","og_type":"article","og_title":"SE APROXIMA EL 5\u00b0 FESTIVAL DE LA EMPANADA SERRANA EN LA PUNTA - Apuntes de San Luis","og_description":"La ciudad de la Punta ya tiene todo listo para recibir a miles de visitantes...","og_url":"https:\/\/apuntesdesanluis.com\/index.php\/2023\/11\/03\/se-aproxima-el-5-festival-de-la-empanada-serrana-en-la-punta\/","og_site_name":"Apuntes de San Luis","article_published_time":"2023-11-04T01:59:16+00:00","article_modified_time":"2023-11-04T01:59:35+00:00","og_image":[{"width":588,"height":384,"url":"https:\/\/apuntesdesanluis.com\/wp-content\/uploads\/2023\/11\/empanada.png","type":"image\/png"}],"author":"apuntesdesanluis.com","twitter_card":"summary_large_image","twitter_misc":{"Escrito por":"apuntesdesanluis.com","Tiempo de lectura":"1 minuto"},"schema":{"@context":"https:\/\/schema.org","@graph":[{"@type":"Article","@id":"https:\/\/apuntesdesanluis.com\/index.php\/2023\/11\/03\/se-aproxima-el-5-festival-de-la-empanada-serrana-en-la-punta\/#article","isPartOf":{"@id":"https:\/\/apuntesdesanluis.com\/index.php\/2023\/11\/03\/se-aproxima-el-5-festival-de-la-empanada-serrana-en-la-punta\/"},"author":{"name":"apuntesdesanluis.com","@id":"https:\/\/apuntesdesanluis.com\/#\/schema\/person\/b55151d52296fcce64d1a72538a70b90"},"headline":"SE APROXIMA EL 5\u00b0 FESTIVAL DE LA EMPANADA SERRANA EN LA PUNTA","datePublished":"2023-11-04T01:59:16+00:00","dateModified":"2023-11-04T01:59:35+00:00","mainEntityOfPage":{"@id":"https:\/\/apuntesdesanluis.com\/index.php\/2023\/11\/03\/se-aproxima-el-5-festival-de-la-empanada-serrana-en-la-punta\/"},"wordCount":160,"publisher":{"@id":"https:\/\/apuntesdesanluis.com\/#\/schema\/person\/b55151d52296fcce64d1a72538a70b90"},"image":{"@id":"https:\/\/apuntesdesanluis.com\/index.php\/2023\/11\/03\/se-aproxima-el-5-festival-de-la-empanada-serrana-en-la-punta\/#primaryimage"},"thumbnailUrl":"https:\/\/apuntesdesanluis.com\/wp-content\/uploads\/2023\/11\/empanada.png","articleSection":["Ciudad\/Provincia"],"inLanguage":"es-AR"},{"@type":"WebPage","@id":"https:\/\/apuntesdesanluis.com\/index.php\/2023\/11\/03\/se-aproxima-el-5-festival-de-la-empanada-serrana-en-la-punta\/","url":"https:\/\/apuntesdesanluis.com\/index.php\/2023\/11\/03\/se-aproxima-el-5-festival-de-la-empanada-serrana-en-la-punta\/","name":"SE APROXIMA EL 5\u00b0 FESTIVAL DE LA EMPANADA SERRANA EN LA PUNTA - Apuntes de San Luis","isPartOf":{"@id":"https:\/\/apuntesdesanluis.com\/#website"},"primaryImageOfPage":{"@id":"https:\/\/apuntesdesanluis.com\/index.php\/2023\/11\/03\/se-aproxima-el-5-festival-de-la-empanada-serrana-en-la-punta\/#primaryimage"},"image":{"@id":"https:\/\/apuntesdesanluis.com\/index.php\/2023\/11\/03\/se-aproxima-el-5-festival-de-la-empanada-serrana-en-la-punta\/#primaryimage"},"thumbnailUrl":"https:\/\/apuntesdesanluis.com\/wp-content\/uploads\/2023\/11\/empanada.png","datePublished":"2023-11-04T01:59:16+00:00","dateModified":"2023-11-04T01:59:35+00:00","breadcrumb":{"@id":"https:\/\/apuntesdesanluis.com\/index.php\/2023\/11\/03\/se-aproxima-el-5-festival-de-la-empanada-serrana-en-la-punta\/#breadcrumb"},"inLanguage":"es-AR","potentialAction":[{"@type":"ReadAction","target":["https:\/\/apuntesdesanluis.com\/index.php\/2023\/11\/03\/se-aproxima-el-5-festival-de-la-empanada-serrana-en-la-punta\/"]}]},{"@type":"ImageObject","inLanguage":"es-AR","@id":"https:\/\/apuntesdesanluis.com\/index.php\/2023\/11\/03\/se-aproxima-el-5-festival-de-la-empanada-serrana-en-la-punta\/#primaryimage","url":"https:\/\/apuntesdesanluis.com\/wp-content\/uploads\/2023\/11\/empanada.png","contentUrl":"https:\/\/apuntesdesanluis.com\/wp-content\/uploads\/2023\/11\/empanada.png","width":588,"height":384},{"@type":"BreadcrumbList","@id":"https:\/\/apuntesdesanluis.com\/index.php\/2023\/11\/03\/se-aproxima-el-5-festival-de-la-empanada-serrana-en-la-punta\/#breadcrumb","itemListElement":[{"@type":"ListItem","position":1,"name":"Inicio","item":"https:\/\/apuntesdesanluis.com\/"},{"@type":"ListItem","position":2,"name":"SE APROXIMA EL 5\u00b0 FESTIVAL DE LA EMPANADA SERRANA EN LA PUNTA"}]},{"@type":"WebSite","@id":"https:\/\/apuntesdesanluis.com\/#website","url":"https:\/\/apuntesdesanluis.com\/","name":"Apuntes de San Luis","description":"","publisher":{"@id":"https:\/\/apuntesdesanluis.com\/#\/schema\/person\/b55151d52296fcce64d1a72538a70b90"},"potentialAction":[{"@type":"SearchAction","target":{"@type":"EntryPoint","urlTemplate":"https:\/\/apuntesdesanluis.com\/?s={search_term_string}"},"query-input":{"@type":"PropertyValueSpecification","valueRequired":true,"valueName":"search_term_string"}}],"inLanguage":"es-AR"},{"@type":["Person","Organization"],"@id":"https:\/\/apuntesdesanluis.com\/#\/schema\/person\/b55151d52296fcce64d1a72538a70b90","name":"apuntesdesanluis.com","image":{"@type":"ImageObject","inLanguage":"es-AR","@id":"https:\/\/apuntesdesanluis.com\/#\/schema\/person\/image\/","url":"https:\/\/apuntesdesanluis.com\/wp-content\/uploads\/2023\/07\/cropped-apuntesdesanluis.png","contentUrl":"https:\/\/apuntesdesanluis.com\/wp-content\/uploads\/2023\/07\/cropped-apuntesdesanluis.png","width":450,"height":112,"caption":"apuntesdesanluis.com"},"logo":{"@id":"https:\/\/apuntesdesanluis.com\/#\/schema\/person\/image\/"},"sameAs":["https:\/\/apuntesdesanluis.com"],"url":"https:\/\/apuntesdesanluis.com\/index.php\/author\/apuntesdesanluis-com\/"}]}},"featured_image_urls":{"full":["https:\/\/apuntesdesanluis.com\/wp-content\/uploads\/2023\/11\/empanada.png",588,384,false],"thumbnail":["https:\/\/apuntesdesanluis.com\/wp-content\/uploads\/2023\/11\/empanada-150x150.png",150,150,true],"medium":["https:\/\/apuntesdesanluis.com\/wp-content\/uploads\/2023\/11\/empanada-300x196.png",300,196,true],"medium_large":["https:\/\/apuntesdesanluis.com\/wp-content\/uploads\/2023\/11\/empanada.png",588,384,false],"large":["https:\/\/apuntesdesanluis.com\/wp-content\/uploads\/2023\/11\/empanada.png",588,384,false],"1536x1536":["https:\/\/apuntesdesanluis.com\/wp-content\/uploads\/2023\/11\/empanada.png",588,384,false],"2048x2048":["https:\/\/apuntesdesanluis.com\/wp-content\/uploads\/2023\/11\/empanada.png",588,384,false],"newsever-slider-full":["https:\/\/apuntesdesanluis.com\/wp-content\/uploads\/2023\/11\/empanada.png",588,384,false],"newsever-featured":["https:\/\/apuntesdesanluis.com\/wp-content\/uploads\/2023\/11\/empanada.png",588,384,false],"newsever-medium":["https:\/\/apuntesdesanluis.com\/wp-content\/uploads\/2023\/11\/empanada.png",588,384,false]},"author_info":{"display_name":"apuntesdesanluis.com","author_link":"https:\/\/apuntesdesanluis.com\/index.php\/author\/apuntesdesanluis-com\/"},"category_info":"<a href=\"https:\/\/apuntesdesanluis.com\/index.php\/category\/ciudad-provincia\/\" rel=\"category tag\">Ciudad\/Provincia<\/a>","tag_info":"Ciudad\/Provincia","comment_count":"0","_links":{"self":[{"href":"https:\/\/apuntesdesanluis.com\/index.php\/wp-json\/wp\/v2\/posts\/6278","targetHints":{"allow":["GET"]}}],"collection":[{"href":"https:\/\/apuntesdesanluis.com\/index.php\/wp-json\/wp\/v2\/posts"}],"about":[{"href":"https:\/\/apuntesdesanluis.com\/index.php\/wp-json\/wp\/v2\/types\/post"}],"author":[{"embeddable":true,"href":"https:\/\/apuntesdesanluis.com\/index.php\/wp-json\/wp\/v2\/users\/1"}],"replies":[{"embeddable":true,"href":"https:\/\/apuntesdesanluis.com\/index.php\/wp-json\/wp\/v2\/comments?post=6278"}],"version-history":[{"count":2,"href":"https:\/\/apuntesdesanluis.com\/index.php\/wp-json\/wp\/v2\/posts\/6278\/revisions"}],"predecessor-version":[{"id":6282,"href":"https:\/\/apuntesdesanluis.com\/index.php\/wp-json\/wp\/v2\/posts\/6278\/revisions\/6282"}],"wp:featuredmedia":[{"embeddable":true,"href":"https:\/\/apuntesdesanluis.com\/index.php\/wp-json\/wp\/v2\/media\/6279"}],"wp:attachment":[{"href":"https:\/\/apuntesdesanluis.com\/index.php\/wp-json\/wp\/v2\/media?parent=6278"}],"wp:term":[{"taxonomy":"category","embeddable":true,"href":"https:\/\/apuntesdesanluis.com\/index.php\/wp-json\/wp\/v2\/categories?post=6278"},{"taxonomy":"post_tag","embeddable":true,"href":"https:\/\/apuntesdesanluis.com\/index.php\/wp-json\/wp\/v2\/tags?post=6278"}],"curies":[{"name":"wp","href":"https:\/\/api.w.org\/{rel}","templated":true}]}}