{"id":6283,"date":"2023-11-03T23:04:00","date_gmt":"2023-11-04T02:04:00","guid":{"rendered":"https:\/\/apuntesdesanluis.com\/?p=6283"},"modified":"2023-11-03T23:14:18","modified_gmt":"2023-11-04T02:14:18","slug":"record-casi-2500-alumnos-egresaran-de-diez-sedes-de-la-upro-entre-noviembre-y-diciembre","status":"publish","type":"post","link":"https:\/\/apuntesdesanluis.com\/index.php\/2023\/11\/03\/record-casi-2500-alumnos-egresaran-de-diez-sedes-de-la-upro-entre-noviembre-y-diciembre\/","title":{"rendered":"R\u00c9CORD: CASI 2.500 ALUMNOS EGRESAR\u00c1N DE 10 SEDES DE LA UPRO ENTRE NOVIEMBRE Y DICIEMBRE"},"content":{"rendered":"<h3>Ser\u00e1 un hecho hist\u00f3rico, donde m\u00e1s de 2.400 alumnos distribuidos en todo el territorio sanluise\u00f1o van a recibir sus diplomas y se convertir\u00e1n en los primeros egresados de la Universidad Provincial de Oficios \u201cEva Per\u00f3n\u201d, en varias de las extensiones que fueron inauguradas en 2022 y 2023.<\/h3>\n<h3>Este inusual n\u00famero es producto de la proyecci\u00f3n que alcanz\u00f3 durante este a\u00f1o la Universidad Provincial de Oficios, que inaugur\u00f3 numerosas sedes a lo largo y ancho de la geograf\u00eda provincial, lo cual le permiti\u00f3 extender su oferta acad\u00e9mica a alumnos de localidades alejadas de los principales centros urbanos, como la ciudad Capital y Villa Mercedes.<\/h3>\n<h3>Este es el cronograma de actos previstos para los meses de Noviembre y Diciembre en diez (10) sedes de la UPrO:<\/h3>\n<ul>\n<li>\n<h3>Martes 21 de noviembre en <strong>Candelaria<\/strong>.<\/h3>\n<\/li>\n<li>\n<h3>Mi\u00e9rcoles 22 de noviembre en <strong>Quines<\/strong>.<\/h3>\n<\/li>\n<li>\n<h3>Jueves 23 de noviembre en <strong>San Mart\u00edn<\/strong>.<\/h3>\n<\/li>\n<li>\n<h3>Viernes 24 de noviembre en <strong>La Calera<\/strong>.<\/h3>\n<\/li>\n<li>\n<h3>Lunes 27 de noviembre en <strong>Buena Esperanza<\/strong>.<\/h3>\n<\/li>\n<li>\n<h3>Martes 28 de noviembre en <strong>Tilisarao<\/strong>.<\/h3>\n<\/li>\n<li>\n<h3>Mi\u00e9rcoles 29 de noviembre en<strong> Merlo<\/strong>.<\/h3>\n<\/li>\n<li>\n<h3>Viernes 1 de diciembre en <strong>San Luis<\/strong>.<\/h3>\n<\/li>\n<li>\n<h3>Lunes 4 de diciembre en <strong>Justo Daract<\/strong>.<\/h3>\n<\/li>\n<li>\n<h3>Mi\u00e9rcoles 6 de diciembre en <strong>Villa Mercedes<\/strong>.<\/h3>\n<\/li>\n<\/ul>\n<p>&nbsp;<\/p>\n<p>&nbsp;<\/p>\n","protected":false},"excerpt":{"rendered":"<p>Ser\u00e1 un hecho hist\u00f3rico, donde m\u00e1s de 2.400 alumnos distribuidos en todo el territorio sanluise\u00f1o&#8230;<\/p>\n","protected":false},"author":1,"featured_media":6284,"comment_status":"closed","ping_status":"closed","sticky":false,"template":"","format":"standard","meta":{"footnotes":""},"categories":[6],"tags":[],"class_list":["post-6283","post","type-post","status-publish","format-standard","has-post-thumbnail","hentry","category-ciudad-provincia"],"yoast_head":"<!-- This site is optimized with the Yoast SEO plugin v26.1.1 - https:\/\/yoast.com\/wordpress\/plugins\/seo\/ -->\n<title>R\u00c9CORD: CASI 2.500 ALUMNOS EGRESAR\u00c1N DE 10 SEDES DE LA UPRO ENTRE NOVIEMBRE Y DICIEMBRE - Apuntes de San Luis<\/title>\n<meta name=\"robots\" content=\"index, follow, max-snippet:-1, max-image-preview:large, max-video-preview:-1\" \/>\n<link rel=\"canonical\" href=\"https:\/\/apuntesdesanluis.com\/index.php\/2023\/11\/03\/record-casi-2500-alumnos-egresaran-de-diez-sedes-de-la-upro-entre-noviembre-y-diciembre\/\" \/>\n<meta property=\"og:locale\" content=\"es_ES\" \/>\n<meta property=\"og:type\" content=\"article\" \/>\n<meta property=\"og:title\" content=\"R\u00c9CORD: CASI 2.500 ALUMNOS EGRESAR\u00c1N DE 10 SEDES DE LA UPRO ENTRE NOVIEMBRE Y DICIEMBRE - Apuntes de San Luis\" \/>\n<meta property=\"og:description\" content=\"Ser\u00e1 un hecho hist\u00f3rico, donde m\u00e1s de 2.400 alumnos distribuidos en todo el territorio sanluise\u00f1o...\" \/>\n<meta property=\"og:url\" content=\"https:\/\/apuntesdesanluis.com\/index.php\/2023\/11\/03\/record-casi-2500-alumnos-egresaran-de-diez-sedes-de-la-upro-entre-noviembre-y-diciembre\/\" \/>\n<meta property=\"og:site_name\" content=\"Apuntes de San Luis\" \/>\n<meta property=\"article:published_time\" content=\"2023-11-04T02:04:00+00:00\" \/>\n<meta property=\"article:modified_time\" content=\"2023-11-04T02:14:18+00:00\" \/>\n<meta property=\"og:image\" content=\"https:\/\/apuntesdesanluis.com\/wp-content\/uploads\/2023\/11\/joaquin-surroca.png\" \/>\n\t<meta property=\"og:image:width\" content=\"636\" \/>\n\t<meta property=\"og:image:height\" content=\"376\" \/>\n\t<meta property=\"og:image:type\" content=\"image\/png\" \/>\n<meta name=\"author\" content=\"apuntesdesanluis.com\" \/>\n<meta name=\"twitter:card\" content=\"summary_large_image\" \/>\n<meta name=\"twitter:label1\" content=\"Escrito por\" \/>\n\t<meta name=\"twitter:data1\" content=\"apuntesdesanluis.com\" \/>\n\t<meta name=\"twitter:label2\" content=\"Tiempo de lectura\" \/>\n\t<meta name=\"twitter:data2\" content=\"1 minuto\" \/>\n<script type=\"application\/ld+json\" class=\"yoast-schema-graph\">{\"@context\":\"https:\/\/schema.org\",\"@graph\":[{\"@type\":\"Article\",\"@id\":\"https:\/\/apuntesdesanluis.com\/index.php\/2023\/11\/03\/record-casi-2500-alumnos-egresaran-de-diez-sedes-de-la-upro-entre-noviembre-y-diciembre\/#article\",\"isPartOf\":{\"@id\":\"https:\/\/apuntesdesanluis.com\/index.php\/2023\/11\/03\/record-casi-2500-alumnos-egresaran-de-diez-sedes-de-la-upro-entre-noviembre-y-diciembre\/\"},\"author\":{\"name\":\"apuntesdesanluis.com\",\"@id\":\"https:\/\/apuntesdesanluis.com\/#\/schema\/person\/b55151d52296fcce64d1a72538a70b90\"},\"headline\":\"R\u00c9CORD: CASI 2.500 ALUMNOS EGRESAR\u00c1N DE 10 SEDES DE LA UPRO ENTRE NOVIEMBRE Y DICIEMBRE\",\"datePublished\":\"2023-11-04T02:04:00+00:00\",\"dateModified\":\"2023-11-04T02:14:18+00:00\",\"mainEntityOfPage\":{\"@id\":\"https:\/\/apuntesdesanluis.com\/index.php\/2023\/11\/03\/record-casi-2500-alumnos-egresaran-de-diez-sedes-de-la-upro-entre-noviembre-y-diciembre\/\"},\"wordCount\":207,\"publisher\":{\"@id\":\"https:\/\/apuntesdesanluis.com\/#\/schema\/person\/b55151d52296fcce64d1a72538a70b90\"},\"image\":{\"@id\":\"https:\/\/apuntesdesanluis.com\/index.php\/2023\/11\/03\/record-casi-2500-alumnos-egresaran-de-diez-sedes-de-la-upro-entre-noviembre-y-diciembre\/#primaryimage\"},\"thumbnailUrl\":\"https:\/\/apuntesdesanluis.com\/wp-content\/uploads\/2023\/11\/joaquin-surroca.png\",\"articleSection\":[\"Ciudad\/Provincia\"],\"inLanguage\":\"es-AR\"},{\"@type\":\"WebPage\",\"@id\":\"https:\/\/apuntesdesanluis.com\/index.php\/2023\/11\/03\/record-casi-2500-alumnos-egresaran-de-diez-sedes-de-la-upro-entre-noviembre-y-diciembre\/\",\"url\":\"https:\/\/apuntesdesanluis.com\/index.php\/2023\/11\/03\/record-casi-2500-alumnos-egresaran-de-diez-sedes-de-la-upro-entre-noviembre-y-diciembre\/\",\"name\":\"R\u00c9CORD: CASI 2.500 ALUMNOS EGRESAR\u00c1N DE 10 SEDES DE LA UPRO ENTRE NOVIEMBRE Y DICIEMBRE - Apuntes de San Luis\",\"isPartOf\":{\"@id\":\"https:\/\/apuntesdesanluis.com\/#website\"},\"primaryImageOfPage\":{\"@id\":\"https:\/\/apuntesdesanluis.com\/index.php\/2023\/11\/03\/record-casi-2500-alumnos-egresaran-de-diez-sedes-de-la-upro-entre-noviembre-y-diciembre\/#primaryimage\"},\"image\":{\"@id\":\"https:\/\/apuntesdesanluis.com\/index.php\/2023\/11\/03\/record-casi-2500-alumnos-egresaran-de-diez-sedes-de-la-upro-entre-noviembre-y-diciembre\/#primaryimage\"},\"thumbnailUrl\":\"https:\/\/apuntesdesanluis.com\/wp-content\/uploads\/2023\/11\/joaquin-surroca.png\",\"datePublished\":\"2023-11-04T02:04:00+00:00\",\"dateModified\":\"2023-11-04T02:14:18+00:00\",\"breadcrumb\":{\"@id\":\"https:\/\/apuntesdesanluis.com\/index.php\/2023\/11\/03\/record-casi-2500-alumnos-egresaran-de-diez-sedes-de-la-upro-entre-noviembre-y-diciembre\/#breadcrumb\"},\"inLanguage\":\"es-AR\",\"potentialAction\":[{\"@type\":\"ReadAction\",\"target\":[\"https:\/\/apuntesdesanluis.com\/index.php\/2023\/11\/03\/record-casi-2500-alumnos-egresaran-de-diez-sedes-de-la-upro-entre-noviembre-y-diciembre\/\"]}]},{\"@type\":\"ImageObject\",\"inLanguage\":\"es-AR\",\"@id\":\"https:\/\/apuntesdesanluis.com\/index.php\/2023\/11\/03\/record-casi-2500-alumnos-egresaran-de-diez-sedes-de-la-upro-entre-noviembre-y-diciembre\/#primaryimage\",\"url\":\"https:\/\/apuntesdesanluis.com\/wp-content\/uploads\/2023\/11\/joaquin-surroca.png\",\"contentUrl\":\"https:\/\/apuntesdesanluis.com\/wp-content\/uploads\/2023\/11\/joaquin-surroca.png\",\"width\":636,\"height\":376},{\"@type\":\"BreadcrumbList\",\"@id\":\"https:\/\/apuntesdesanluis.com\/index.php\/2023\/11\/03\/record-casi-2500-alumnos-egresaran-de-diez-sedes-de-la-upro-entre-noviembre-y-diciembre\/#breadcrumb\",\"itemListElement\":[{\"@type\":\"ListItem\",\"position\":1,\"name\":\"Inicio\",\"item\":\"https:\/\/apuntesdesanluis.com\/\"},{\"@type\":\"ListItem\",\"position\":2,\"name\":\"R\u00c9CORD: CASI 2.500 ALUMNOS EGRESAR\u00c1N DE 10 SEDES DE LA UPRO ENTRE NOVIEMBRE Y DICIEMBRE\"}]},{\"@type\":\"WebSite\",\"@id\":\"https:\/\/apuntesdesanluis.com\/#website\",\"url\":\"https:\/\/apuntesdesanluis.com\/\",\"name\":\"Apuntes de San Luis\",\"description\":\"\",\"publisher\":{\"@id\":\"https:\/\/apuntesdesanluis.com\/#\/schema\/person\/b55151d52296fcce64d1a72538a70b90\"},\"potentialAction\":[{\"@type\":\"SearchAction\",\"target\":{\"@type\":\"EntryPoint\",\"urlTemplate\":\"https:\/\/apuntesdesanluis.com\/?s={search_term_string}\"},\"query-input\":{\"@type\":\"PropertyValueSpecification\",\"valueRequired\":true,\"valueName\":\"search_term_string\"}}],\"inLanguage\":\"es-AR\"},{\"@type\":[\"Person\",\"Organization\"],\"@id\":\"https:\/\/apuntesdesanluis.com\/#\/schema\/person\/b55151d52296fcce64d1a72538a70b90\",\"name\":\"apuntesdesanluis.com\",\"image\":{\"@type\":\"ImageObject\",\"inLanguage\":\"es-AR\",\"@id\":\"https:\/\/apuntesdesanluis.com\/#\/schema\/person\/image\/\",\"url\":\"https:\/\/apuntesdesanluis.com\/wp-content\/uploads\/2023\/07\/cropped-apuntesdesanluis.png\",\"contentUrl\":\"https:\/\/apuntesdesanluis.com\/wp-content\/uploads\/2023\/07\/cropped-apuntesdesanluis.png\",\"width\":450,\"height\":112,\"caption\":\"apuntesdesanluis.com\"},\"logo\":{\"@id\":\"https:\/\/apuntesdesanluis.com\/#\/schema\/person\/image\/\"},\"sameAs\":[\"https:\/\/apuntesdesanluis.com\"],\"url\":\"https:\/\/apuntesdesanluis.com\/index.php\/author\/apuntesdesanluis-com\/\"}]}<\/script>\n<!-- \/ Yoast SEO plugin. -->","yoast_head_json":{"title":"R\u00c9CORD: CASI 2.500 ALUMNOS EGRESAR\u00c1N DE 10 SEDES DE LA UPRO ENTRE NOVIEMBRE Y DICIEMBRE - Apuntes de San Luis","robots":{"index":"index","follow":"follow","max-snippet":"max-snippet:-1","max-image-preview":"max-image-preview:large","max-video-preview":"max-video-preview:-1"},"canonical":"https:\/\/apuntesdesanluis.com\/index.php\/2023\/11\/03\/record-casi-2500-alumnos-egresaran-de-diez-sedes-de-la-upro-entre-noviembre-y-diciembre\/","og_locale":"es_ES","og_type":"article","og_title":"R\u00c9CORD: CASI 2.500 ALUMNOS EGRESAR\u00c1N DE 10 SEDES DE LA UPRO ENTRE NOVIEMBRE Y DICIEMBRE - Apuntes de San Luis","og_description":"Ser\u00e1 un hecho hist\u00f3rico, donde m\u00e1s de 2.400 alumnos distribuidos en todo el territorio sanluise\u00f1o...","og_url":"https:\/\/apuntesdesanluis.com\/index.php\/2023\/11\/03\/record-casi-2500-alumnos-egresaran-de-diez-sedes-de-la-upro-entre-noviembre-y-diciembre\/","og_site_name":"Apuntes de San Luis","article_published_time":"2023-11-04T02:04:00+00:00","article_modified_time":"2023-11-04T02:14:18+00:00","og_image":[{"width":636,"height":376,"url":"https:\/\/apuntesdesanluis.com\/wp-content\/uploads\/2023\/11\/joaquin-surroca.png","type":"image\/png"}],"author":"apuntesdesanluis.com","twitter_card":"summary_large_image","twitter_misc":{"Escrito por":"apuntesdesanluis.com","Tiempo de lectura":"1 minuto"},"schema":{"@context":"https:\/\/schema.org","@graph":[{"@type":"Article","@id":"https:\/\/apuntesdesanluis.com\/index.php\/2023\/11\/03\/record-casi-2500-alumnos-egresaran-de-diez-sedes-de-la-upro-entre-noviembre-y-diciembre\/#article","isPartOf":{"@id":"https:\/\/apuntesdesanluis.com\/index.php\/2023\/11\/03\/record-casi-2500-alumnos-egresaran-de-diez-sedes-de-la-upro-entre-noviembre-y-diciembre\/"},"author":{"name":"apuntesdesanluis.com","@id":"https:\/\/apuntesdesanluis.com\/#\/schema\/person\/b55151d52296fcce64d1a72538a70b90"},"headline":"R\u00c9CORD: CASI 2.500 ALUMNOS EGRESAR\u00c1N DE 10 SEDES DE LA UPRO ENTRE NOVIEMBRE Y DICIEMBRE","datePublished":"2023-11-04T02:04:00+00:00","dateModified":"2023-11-04T02:14:18+00:00","mainEntityOfPage":{"@id":"https:\/\/apuntesdesanluis.com\/index.php\/2023\/11\/03\/record-casi-2500-alumnos-egresaran-de-diez-sedes-de-la-upro-entre-noviembre-y-diciembre\/"},"wordCount":207,"publisher":{"@id":"https:\/\/apuntesdesanluis.com\/#\/schema\/person\/b55151d52296fcce64d1a72538a70b90"},"image":{"@id":"https:\/\/apuntesdesanluis.com\/index.php\/2023\/11\/03\/record-casi-2500-alumnos-egresaran-de-diez-sedes-de-la-upro-entre-noviembre-y-diciembre\/#primaryimage"},"thumbnailUrl":"https:\/\/apuntesdesanluis.com\/wp-content\/uploads\/2023\/11\/joaquin-surroca.png","articleSection":["Ciudad\/Provincia"],"inLanguage":"es-AR"},{"@type":"WebPage","@id":"https:\/\/apuntesdesanluis.com\/index.php\/2023\/11\/03\/record-casi-2500-alumnos-egresaran-de-diez-sedes-de-la-upro-entre-noviembre-y-diciembre\/","url":"https:\/\/apuntesdesanluis.com\/index.php\/2023\/11\/03\/record-casi-2500-alumnos-egresaran-de-diez-sedes-de-la-upro-entre-noviembre-y-diciembre\/","name":"R\u00c9CORD: CASI 2.500 ALUMNOS EGRESAR\u00c1N DE 10 SEDES DE LA UPRO ENTRE NOVIEMBRE Y DICIEMBRE - Apuntes de San Luis","isPartOf":{"@id":"https:\/\/apuntesdesanluis.com\/#website"},"primaryImageOfPage":{"@id":"https:\/\/apuntesdesanluis.com\/index.php\/2023\/11\/03\/record-casi-2500-alumnos-egresaran-de-diez-sedes-de-la-upro-entre-noviembre-y-diciembre\/#primaryimage"},"image":{"@id":"https:\/\/apuntesdesanluis.com\/index.php\/2023\/11\/03\/record-casi-2500-alumnos-egresaran-de-diez-sedes-de-la-upro-entre-noviembre-y-diciembre\/#primaryimage"},"thumbnailUrl":"https:\/\/apuntesdesanluis.com\/wp-content\/uploads\/2023\/11\/joaquin-surroca.png","datePublished":"2023-11-04T02:04:00+00:00","dateModified":"2023-11-04T02:14:18+00:00","breadcrumb":{"@id":"https:\/\/apuntesdesanluis.com\/index.php\/2023\/11\/03\/record-casi-2500-alumnos-egresaran-de-diez-sedes-de-la-upro-entre-noviembre-y-diciembre\/#breadcrumb"},"inLanguage":"es-AR","potentialAction":[{"@type":"ReadAction","target":["https:\/\/apuntesdesanluis.com\/index.php\/2023\/11\/03\/record-casi-2500-alumnos-egresaran-de-diez-sedes-de-la-upro-entre-noviembre-y-diciembre\/"]}]},{"@type":"ImageObject","inLanguage":"es-AR","@id":"https:\/\/apuntesdesanluis.com\/index.php\/2023\/11\/03\/record-casi-2500-alumnos-egresaran-de-diez-sedes-de-la-upro-entre-noviembre-y-diciembre\/#primaryimage","url":"https:\/\/apuntesdesanluis.com\/wp-content\/uploads\/2023\/11\/joaquin-surroca.png","contentUrl":"https:\/\/apuntesdesanluis.com\/wp-content\/uploads\/2023\/11\/joaquin-surroca.png","width":636,"height":376},{"@type":"BreadcrumbList","@id":"https:\/\/apuntesdesanluis.com\/index.php\/2023\/11\/03\/record-casi-2500-alumnos-egresaran-de-diez-sedes-de-la-upro-entre-noviembre-y-diciembre\/#breadcrumb","itemListElement":[{"@type":"ListItem","position":1,"name":"Inicio","item":"https:\/\/apuntesdesanluis.com\/"},{"@type":"ListItem","position":2,"name":"R\u00c9CORD: CASI 2.500 ALUMNOS EGRESAR\u00c1N DE 10 SEDES DE LA UPRO ENTRE NOVIEMBRE Y DICIEMBRE"}]},{"@type":"WebSite","@id":"https:\/\/apuntesdesanluis.com\/#website","url":"https:\/\/apuntesdesanluis.com\/","name":"Apuntes de San Luis","description":"","publisher":{"@id":"https:\/\/apuntesdesanluis.com\/#\/schema\/person\/b55151d52296fcce64d1a72538a70b90"},"potentialAction":[{"@type":"SearchAction","target":{"@type":"EntryPoint","urlTemplate":"https:\/\/apuntesdesanluis.com\/?s={search_term_string}"},"query-input":{"@type":"PropertyValueSpecification","valueRequired":true,"valueName":"search_term_string"}}],"inLanguage":"es-AR"},{"@type":["Person","Organization"],"@id":"https:\/\/apuntesdesanluis.com\/#\/schema\/person\/b55151d52296fcce64d1a72538a70b90","name":"apuntesdesanluis.com","image":{"@type":"ImageObject","inLanguage":"es-AR","@id":"https:\/\/apuntesdesanluis.com\/#\/schema\/person\/image\/","url":"https:\/\/apuntesdesanluis.com\/wp-content\/uploads\/2023\/07\/cropped-apuntesdesanluis.png","contentUrl":"https:\/\/apuntesdesanluis.com\/wp-content\/uploads\/2023\/07\/cropped-apuntesdesanluis.png","width":450,"height":112,"caption":"apuntesdesanluis.com"},"logo":{"@id":"https:\/\/apuntesdesanluis.com\/#\/schema\/person\/image\/"},"sameAs":["https:\/\/apuntesdesanluis.com"],"url":"https:\/\/apuntesdesanluis.com\/index.php\/author\/apuntesdesanluis-com\/"}]}},"featured_image_urls":{"full":["https:\/\/apuntesdesanluis.com\/wp-content\/uploads\/2023\/11\/joaquin-surroca.png",636,376,false],"thumbnail":["https:\/\/apuntesdesanluis.com\/wp-content\/uploads\/2023\/11\/joaquin-surroca-150x150.png",150,150,true],"medium":["https:\/\/apuntesdesanluis.com\/wp-content\/uploads\/2023\/11\/joaquin-surroca-300x177.png",300,177,true],"medium_large":["https:\/\/apuntesdesanluis.com\/wp-content\/uploads\/2023\/11\/joaquin-surroca.png",636,376,false],"large":["https:\/\/apuntesdesanluis.com\/wp-content\/uploads\/2023\/11\/joaquin-surroca.png",636,376,false],"1536x1536":["https:\/\/apuntesdesanluis.com\/wp-content\/uploads\/2023\/11\/joaquin-surroca.png",636,376,false],"2048x2048":["https:\/\/apuntesdesanluis.com\/wp-content\/uploads\/2023\/11\/joaquin-surroca.png",636,376,false],"newsever-slider-full":["https:\/\/apuntesdesanluis.com\/wp-content\/uploads\/2023\/11\/joaquin-surroca.png",636,376,false],"newsever-featured":["https:\/\/apuntesdesanluis.com\/wp-content\/uploads\/2023\/11\/joaquin-surroca.png",636,376,false],"newsever-medium":["https:\/\/apuntesdesanluis.com\/wp-content\/uploads\/2023\/11\/joaquin-surroca.png",636,376,false]},"author_info":{"display_name":"apuntesdesanluis.com","author_link":"https:\/\/apuntesdesanluis.com\/index.php\/author\/apuntesdesanluis-com\/"},"category_info":"<a href=\"https:\/\/apuntesdesanluis.com\/index.php\/category\/ciudad-provincia\/\" rel=\"category tag\">Ciudad\/Provincia<\/a>","tag_info":"Ciudad\/Provincia","comment_count":"0","_links":{"self":[{"href":"https:\/\/apuntesdesanluis.com\/index.php\/wp-json\/wp\/v2\/posts\/6283","targetHints":{"allow":["GET"]}}],"collection":[{"href":"https:\/\/apuntesdesanluis.com\/index.php\/wp-json\/wp\/v2\/posts"}],"about":[{"href":"https:\/\/apuntesdesanluis.com\/index.php\/wp-json\/wp\/v2\/types\/post"}],"author":[{"embeddable":true,"href":"https:\/\/apuntesdesanluis.com\/index.php\/wp-json\/wp\/v2\/users\/1"}],"replies":[{"embeddable":true,"href":"https:\/\/apuntesdesanluis.com\/index.php\/wp-json\/wp\/v2\/comments?post=6283"}],"version-history":[{"count":8,"href":"https:\/\/apuntesdesanluis.com\/index.php\/wp-json\/wp\/v2\/posts\/6283\/revisions"}],"predecessor-version":[{"id":6292,"href":"https:\/\/apuntesdesanluis.com\/index.php\/wp-json\/wp\/v2\/posts\/6283\/revisions\/6292"}],"wp:featuredmedia":[{"embeddable":true,"href":"https:\/\/apuntesdesanluis.com\/index.php\/wp-json\/wp\/v2\/media\/6284"}],"wp:attachment":[{"href":"https:\/\/apuntesdesanluis.com\/index.php\/wp-json\/wp\/v2\/media?parent=6283"}],"wp:term":[{"taxonomy":"category","embeddable":true,"href":"https:\/\/apuntesdesanluis.com\/index.php\/wp-json\/wp\/v2\/categories?post=6283"},{"taxonomy":"post_tag","embeddable":true,"href":"https:\/\/apuntesdesanluis.com\/index.php\/wp-json\/wp\/v2\/tags?post=6283"}],"curies":[{"name":"wp","href":"https:\/\/api.w.org\/{rel}","templated":true}]}}