{"id":6293,"date":"2023-11-03T23:21:11","date_gmt":"2023-11-04T02:21:11","guid":{"rendered":"https:\/\/apuntesdesanluis.com\/?p=6293"},"modified":"2023-11-03T23:21:11","modified_gmt":"2023-11-04T02:21:11","slug":"villa-mercedes-seguiran-detenidos-los-dos-imputados-acusados-de-robarle-a-su-vecina","status":"publish","type":"post","link":"https:\/\/apuntesdesanluis.com\/index.php\/2023\/11\/03\/villa-mercedes-seguiran-detenidos-los-dos-imputados-acusados-de-robarle-a-su-vecina\/","title":{"rendered":"VILLA MERCEDES: SEGUIR\u00c1N DETENIDOS LOS DOS IMPUTADOS ACUSADOS DE ROBARLE A SU VECINA"},"content":{"rendered":"<h3>La audiencia se desarroll\u00f3 en el Juzgado de Garant\u00edas N\u00ba 3 de la Segunda Circunscripci\u00f3n Judicial.<\/h3>\n<h3>Por el hecho ocurrido el pasado 24 de octubre en el B\u00ba La Ribera, est\u00e1n imputados dos j\u00f3venes por el delito de robo doblemente calificado por escalamiento y efracci\u00f3n y amenazas agravadas.<\/h3>\n<h3>En representaci\u00f3n del Ministerio P\u00fablico Fiscal intervino el Dr. Maximiliano Bazla \u2013Fiscal de Instrucci\u00f3n N\u00ba 1-. Como defensor de los imputados, intervino el Dr. Pascual Celdr\u00e1n.<\/h3>\n<h3>En la audiencia de este viernes la Dra. Mirta Ucelay ratific\u00f3 los cargos y orden\u00f3 la prisi\u00f3n preventiva por el t\u00e9rmino de tres meses.<\/h3>\n<h3>Antes de resolver, el representante del Ministerio P\u00fablico Fiscal relat\u00f3 los hechos y mencion\u00f3 la evidencia que vincula a los imputados con el mismo. En cuanto a la medida de coerci\u00f3n solicit\u00f3 la prisi\u00f3n preventiva por el t\u00e9rmino de cuatro meses, tuvo en cuenta la escala penal para el delito endilgado, el riesgo para la integridad de la v\u00edctima y su familia, el entorpecimiento de la investigaci\u00f3n, etc.<\/h3>\n<h3>Por otra parte, la defensa solicit\u00f3 que se tenga por no formulados los cargos y neg\u00f3 la participaci\u00f3n de sus defendidos en el hecho. Consider\u00f3 que no se deber\u00eda aplicar la medida m\u00e1s gravosa.<\/h3>\n<h3>El hecho, seg\u00fan el relato del fiscal adjunto en la audiencia anterior, sucedi\u00f3 el martes 24 de octubre \u2013por la ma\u00f1ana- en una vivienda colindante a la de los imputados. En esa ocasi\u00f3n los hombres habr\u00edan ingresado saltando el tapial. Una vez dentro habr\u00edan roto y arrancado una puerta de rejas para luego forzar la cerradura de la puerta de ingreso a la casa. Dentro de la misma, se habr\u00edan apoderado de diversos elementos, entre ellos tablets, computadora, televisor, mochila, celulares, entre otros.<\/h3>\n<h3>La juez en su resoluci\u00f3n tuvo en cuenta los fundamentos y la evidencia ofrecida por el Ministerio P\u00fablico Fiscal, los cuales\u00a0 permiten mantener la calificaci\u00f3n legal,\u00a0 dijo. En relaci\u00f3n a la medida explic\u00f3 que existe peligro para la v\u00edctima y entorpecimiento por la conducta desplegada por los imputados. Agreg\u00f3 que el plazo de 3 meses es razonable y suficiente para la realizaci\u00f3n de la acusaci\u00f3n fiscal o la culminaci\u00f3n de la investigaci\u00f3n.<\/h3>\n<h3>Cabe mencionar que hoy se realiz\u00f3 otra audiencia relacionada a este caso, que tiene como imputado a un joven por amenazas agravadas en otra causa pero\u00a0 que tiene relaci\u00f3n al hecho del 24 de octubre pasado. El joven -representado por la Dra. Noelia Paez, defensora oficial adjunta- le propin\u00f3 amenazas a la damnificada cuando \u00e9sta se dirig\u00eda a hacer la denuncia del robo. Como medida le ordenaron una prohibici\u00f3n de acercamiento y de todo tipo de contacto (presencial, virtual y mediante terceras personas), tambi\u00e9n la firma del libro en fiscal\u00eda.<\/h3>\n<p>&nbsp;<\/p>\n<p>&nbsp;<\/p>\n<p>&nbsp;<\/p>\n<p>&nbsp;<\/p>\n","protected":false},"excerpt":{"rendered":"<p>La audiencia se desarroll\u00f3 en el Juzgado de Garant\u00edas N\u00ba 3 de la Segunda Circunscripci\u00f3n&#8230;<\/p>\n","protected":false},"author":1,"featured_media":6294,"comment_status":"closed","ping_status":"closed","sticky":false,"template":"","format":"standard","meta":{"footnotes":""},"categories":[6],"tags":[],"class_list":["post-6293","post","type-post","status-publish","format-standard","has-post-thumbnail","hentry","category-ciudad-provincia"],"yoast_head":"<!-- This site is optimized with the Yoast SEO plugin v26.1.1 - https:\/\/yoast.com\/wordpress\/plugins\/seo\/ -->\n<title>VILLA MERCEDES: SEGUIR\u00c1N DETENIDOS LOS DOS IMPUTADOS ACUSADOS DE ROBARLE A SU VECINA - Apuntes de San Luis<\/title>\n<meta name=\"robots\" content=\"index, follow, max-snippet:-1, max-image-preview:large, max-video-preview:-1\" \/>\n<link rel=\"canonical\" href=\"https:\/\/apuntesdesanluis.com\/index.php\/2023\/11\/03\/villa-mercedes-seguiran-detenidos-los-dos-imputados-acusados-de-robarle-a-su-vecina\/\" \/>\n<meta property=\"og:locale\" content=\"es_ES\" \/>\n<meta property=\"og:type\" content=\"article\" \/>\n<meta property=\"og:title\" content=\"VILLA MERCEDES: SEGUIR\u00c1N DETENIDOS LOS DOS IMPUTADOS ACUSADOS DE ROBARLE A SU VECINA - Apuntes de San Luis\" \/>\n<meta property=\"og:description\" content=\"La audiencia se desarroll\u00f3 en el Juzgado de Garant\u00edas N\u00ba 3 de la Segunda Circunscripci\u00f3n...\" \/>\n<meta property=\"og:url\" content=\"https:\/\/apuntesdesanluis.com\/index.php\/2023\/11\/03\/villa-mercedes-seguiran-detenidos-los-dos-imputados-acusados-de-robarle-a-su-vecina\/\" \/>\n<meta property=\"og:site_name\" content=\"Apuntes de San Luis\" \/>\n<meta property=\"article:published_time\" content=\"2023-11-04T02:21:11+00:00\" \/>\n<meta property=\"og:image\" content=\"https:\/\/apuntesdesanluis.com\/wp-content\/uploads\/2023\/11\/JUICIO-1.png\" \/>\n\t<meta property=\"og:image:width\" content=\"600\" \/>\n\t<meta property=\"og:image:height\" content=\"345\" \/>\n\t<meta property=\"og:image:type\" content=\"image\/png\" \/>\n<meta name=\"author\" content=\"apuntesdesanluis.com\" \/>\n<meta name=\"twitter:card\" content=\"summary_large_image\" \/>\n<meta name=\"twitter:label1\" content=\"Escrito por\" \/>\n\t<meta name=\"twitter:data1\" content=\"apuntesdesanluis.com\" \/>\n\t<meta name=\"twitter:label2\" content=\"Tiempo de lectura\" \/>\n\t<meta name=\"twitter:data2\" content=\"3 minutos\" \/>\n<script type=\"application\/ld+json\" class=\"yoast-schema-graph\">{\"@context\":\"https:\/\/schema.org\",\"@graph\":[{\"@type\":\"Article\",\"@id\":\"https:\/\/apuntesdesanluis.com\/index.php\/2023\/11\/03\/villa-mercedes-seguiran-detenidos-los-dos-imputados-acusados-de-robarle-a-su-vecina\/#article\",\"isPartOf\":{\"@id\":\"https:\/\/apuntesdesanluis.com\/index.php\/2023\/11\/03\/villa-mercedes-seguiran-detenidos-los-dos-imputados-acusados-de-robarle-a-su-vecina\/\"},\"author\":{\"name\":\"apuntesdesanluis.com\",\"@id\":\"https:\/\/apuntesdesanluis.com\/#\/schema\/person\/b55151d52296fcce64d1a72538a70b90\"},\"headline\":\"VILLA MERCEDES: SEGUIR\u00c1N DETENIDOS LOS DOS IMPUTADOS ACUSADOS DE ROBARLE A SU VECINA\",\"datePublished\":\"2023-11-04T02:21:11+00:00\",\"mainEntityOfPage\":{\"@id\":\"https:\/\/apuntesdesanluis.com\/index.php\/2023\/11\/03\/villa-mercedes-seguiran-detenidos-los-dos-imputados-acusados-de-robarle-a-su-vecina\/\"},\"wordCount\":498,\"publisher\":{\"@id\":\"https:\/\/apuntesdesanluis.com\/#\/schema\/person\/b55151d52296fcce64d1a72538a70b90\"},\"image\":{\"@id\":\"https:\/\/apuntesdesanluis.com\/index.php\/2023\/11\/03\/villa-mercedes-seguiran-detenidos-los-dos-imputados-acusados-de-robarle-a-su-vecina\/#primaryimage\"},\"thumbnailUrl\":\"https:\/\/apuntesdesanluis.com\/wp-content\/uploads\/2023\/11\/JUICIO-1.png\",\"articleSection\":[\"Ciudad\/Provincia\"],\"inLanguage\":\"es-AR\"},{\"@type\":\"WebPage\",\"@id\":\"https:\/\/apuntesdesanluis.com\/index.php\/2023\/11\/03\/villa-mercedes-seguiran-detenidos-los-dos-imputados-acusados-de-robarle-a-su-vecina\/\",\"url\":\"https:\/\/apuntesdesanluis.com\/index.php\/2023\/11\/03\/villa-mercedes-seguiran-detenidos-los-dos-imputados-acusados-de-robarle-a-su-vecina\/\",\"name\":\"VILLA MERCEDES: SEGUIR\u00c1N DETENIDOS LOS DOS IMPUTADOS ACUSADOS DE ROBARLE A SU VECINA - Apuntes de San Luis\",\"isPartOf\":{\"@id\":\"https:\/\/apuntesdesanluis.com\/#website\"},\"primaryImageOfPage\":{\"@id\":\"https:\/\/apuntesdesanluis.com\/index.php\/2023\/11\/03\/villa-mercedes-seguiran-detenidos-los-dos-imputados-acusados-de-robarle-a-su-vecina\/#primaryimage\"},\"image\":{\"@id\":\"https:\/\/apuntesdesanluis.com\/index.php\/2023\/11\/03\/villa-mercedes-seguiran-detenidos-los-dos-imputados-acusados-de-robarle-a-su-vecina\/#primaryimage\"},\"thumbnailUrl\":\"https:\/\/apuntesdesanluis.com\/wp-content\/uploads\/2023\/11\/JUICIO-1.png\",\"datePublished\":\"2023-11-04T02:21:11+00:00\",\"breadcrumb\":{\"@id\":\"https:\/\/apuntesdesanluis.com\/index.php\/2023\/11\/03\/villa-mercedes-seguiran-detenidos-los-dos-imputados-acusados-de-robarle-a-su-vecina\/#breadcrumb\"},\"inLanguage\":\"es-AR\",\"potentialAction\":[{\"@type\":\"ReadAction\",\"target\":[\"https:\/\/apuntesdesanluis.com\/index.php\/2023\/11\/03\/villa-mercedes-seguiran-detenidos-los-dos-imputados-acusados-de-robarle-a-su-vecina\/\"]}]},{\"@type\":\"ImageObject\",\"inLanguage\":\"es-AR\",\"@id\":\"https:\/\/apuntesdesanluis.com\/index.php\/2023\/11\/03\/villa-mercedes-seguiran-detenidos-los-dos-imputados-acusados-de-robarle-a-su-vecina\/#primaryimage\",\"url\":\"https:\/\/apuntesdesanluis.com\/wp-content\/uploads\/2023\/11\/JUICIO-1.png\",\"contentUrl\":\"https:\/\/apuntesdesanluis.com\/wp-content\/uploads\/2023\/11\/JUICIO-1.png\",\"width\":600,\"height\":345},{\"@type\":\"BreadcrumbList\",\"@id\":\"https:\/\/apuntesdesanluis.com\/index.php\/2023\/11\/03\/villa-mercedes-seguiran-detenidos-los-dos-imputados-acusados-de-robarle-a-su-vecina\/#breadcrumb\",\"itemListElement\":[{\"@type\":\"ListItem\",\"position\":1,\"name\":\"Inicio\",\"item\":\"https:\/\/apuntesdesanluis.com\/\"},{\"@type\":\"ListItem\",\"position\":2,\"name\":\"VILLA MERCEDES: SEGUIR\u00c1N DETENIDOS LOS DOS IMPUTADOS ACUSADOS DE ROBARLE A SU VECINA\"}]},{\"@type\":\"WebSite\",\"@id\":\"https:\/\/apuntesdesanluis.com\/#website\",\"url\":\"https:\/\/apuntesdesanluis.com\/\",\"name\":\"Apuntes de San Luis\",\"description\":\"\",\"publisher\":{\"@id\":\"https:\/\/apuntesdesanluis.com\/#\/schema\/person\/b55151d52296fcce64d1a72538a70b90\"},\"potentialAction\":[{\"@type\":\"SearchAction\",\"target\":{\"@type\":\"EntryPoint\",\"urlTemplate\":\"https:\/\/apuntesdesanluis.com\/?s={search_term_string}\"},\"query-input\":{\"@type\":\"PropertyValueSpecification\",\"valueRequired\":true,\"valueName\":\"search_term_string\"}}],\"inLanguage\":\"es-AR\"},{\"@type\":[\"Person\",\"Organization\"],\"@id\":\"https:\/\/apuntesdesanluis.com\/#\/schema\/person\/b55151d52296fcce64d1a72538a70b90\",\"name\":\"apuntesdesanluis.com\",\"image\":{\"@type\":\"ImageObject\",\"inLanguage\":\"es-AR\",\"@id\":\"https:\/\/apuntesdesanluis.com\/#\/schema\/person\/image\/\",\"url\":\"https:\/\/apuntesdesanluis.com\/wp-content\/uploads\/2023\/07\/cropped-apuntesdesanluis.png\",\"contentUrl\":\"https:\/\/apuntesdesanluis.com\/wp-content\/uploads\/2023\/07\/cropped-apuntesdesanluis.png\",\"width\":450,\"height\":112,\"caption\":\"apuntesdesanluis.com\"},\"logo\":{\"@id\":\"https:\/\/apuntesdesanluis.com\/#\/schema\/person\/image\/\"},\"sameAs\":[\"https:\/\/apuntesdesanluis.com\"],\"url\":\"https:\/\/apuntesdesanluis.com\/index.php\/author\/apuntesdesanluis-com\/\"}]}<\/script>\n<!-- \/ Yoast SEO plugin. -->","yoast_head_json":{"title":"VILLA MERCEDES: SEGUIR\u00c1N DETENIDOS LOS DOS IMPUTADOS ACUSADOS DE ROBARLE A SU VECINA - Apuntes de San Luis","robots":{"index":"index","follow":"follow","max-snippet":"max-snippet:-1","max-image-preview":"max-image-preview:large","max-video-preview":"max-video-preview:-1"},"canonical":"https:\/\/apuntesdesanluis.com\/index.php\/2023\/11\/03\/villa-mercedes-seguiran-detenidos-los-dos-imputados-acusados-de-robarle-a-su-vecina\/","og_locale":"es_ES","og_type":"article","og_title":"VILLA MERCEDES: SEGUIR\u00c1N DETENIDOS LOS DOS IMPUTADOS ACUSADOS DE ROBARLE A SU VECINA - Apuntes de San Luis","og_description":"La audiencia se desarroll\u00f3 en el Juzgado de Garant\u00edas N\u00ba 3 de la Segunda Circunscripci\u00f3n...","og_url":"https:\/\/apuntesdesanluis.com\/index.php\/2023\/11\/03\/villa-mercedes-seguiran-detenidos-los-dos-imputados-acusados-de-robarle-a-su-vecina\/","og_site_name":"Apuntes de San Luis","article_published_time":"2023-11-04T02:21:11+00:00","og_image":[{"width":600,"height":345,"url":"https:\/\/apuntesdesanluis.com\/wp-content\/uploads\/2023\/11\/JUICIO-1.png","type":"image\/png"}],"author":"apuntesdesanluis.com","twitter_card":"summary_large_image","twitter_misc":{"Escrito por":"apuntesdesanluis.com","Tiempo de lectura":"3 minutos"},"schema":{"@context":"https:\/\/schema.org","@graph":[{"@type":"Article","@id":"https:\/\/apuntesdesanluis.com\/index.php\/2023\/11\/03\/villa-mercedes-seguiran-detenidos-los-dos-imputados-acusados-de-robarle-a-su-vecina\/#article","isPartOf":{"@id":"https:\/\/apuntesdesanluis.com\/index.php\/2023\/11\/03\/villa-mercedes-seguiran-detenidos-los-dos-imputados-acusados-de-robarle-a-su-vecina\/"},"author":{"name":"apuntesdesanluis.com","@id":"https:\/\/apuntesdesanluis.com\/#\/schema\/person\/b55151d52296fcce64d1a72538a70b90"},"headline":"VILLA MERCEDES: SEGUIR\u00c1N DETENIDOS LOS DOS IMPUTADOS ACUSADOS DE ROBARLE A SU VECINA","datePublished":"2023-11-04T02:21:11+00:00","mainEntityOfPage":{"@id":"https:\/\/apuntesdesanluis.com\/index.php\/2023\/11\/03\/villa-mercedes-seguiran-detenidos-los-dos-imputados-acusados-de-robarle-a-su-vecina\/"},"wordCount":498,"publisher":{"@id":"https:\/\/apuntesdesanluis.com\/#\/schema\/person\/b55151d52296fcce64d1a72538a70b90"},"image":{"@id":"https:\/\/apuntesdesanluis.com\/index.php\/2023\/11\/03\/villa-mercedes-seguiran-detenidos-los-dos-imputados-acusados-de-robarle-a-su-vecina\/#primaryimage"},"thumbnailUrl":"https:\/\/apuntesdesanluis.com\/wp-content\/uploads\/2023\/11\/JUICIO-1.png","articleSection":["Ciudad\/Provincia"],"inLanguage":"es-AR"},{"@type":"WebPage","@id":"https:\/\/apuntesdesanluis.com\/index.php\/2023\/11\/03\/villa-mercedes-seguiran-detenidos-los-dos-imputados-acusados-de-robarle-a-su-vecina\/","url":"https:\/\/apuntesdesanluis.com\/index.php\/2023\/11\/03\/villa-mercedes-seguiran-detenidos-los-dos-imputados-acusados-de-robarle-a-su-vecina\/","name":"VILLA MERCEDES: SEGUIR\u00c1N DETENIDOS LOS DOS IMPUTADOS ACUSADOS DE ROBARLE A SU VECINA - Apuntes de San Luis","isPartOf":{"@id":"https:\/\/apuntesdesanluis.com\/#website"},"primaryImageOfPage":{"@id":"https:\/\/apuntesdesanluis.com\/index.php\/2023\/11\/03\/villa-mercedes-seguiran-detenidos-los-dos-imputados-acusados-de-robarle-a-su-vecina\/#primaryimage"},"image":{"@id":"https:\/\/apuntesdesanluis.com\/index.php\/2023\/11\/03\/villa-mercedes-seguiran-detenidos-los-dos-imputados-acusados-de-robarle-a-su-vecina\/#primaryimage"},"thumbnailUrl":"https:\/\/apuntesdesanluis.com\/wp-content\/uploads\/2023\/11\/JUICIO-1.png","datePublished":"2023-11-04T02:21:11+00:00","breadcrumb":{"@id":"https:\/\/apuntesdesanluis.com\/index.php\/2023\/11\/03\/villa-mercedes-seguiran-detenidos-los-dos-imputados-acusados-de-robarle-a-su-vecina\/#breadcrumb"},"inLanguage":"es-AR","potentialAction":[{"@type":"ReadAction","target":["https:\/\/apuntesdesanluis.com\/index.php\/2023\/11\/03\/villa-mercedes-seguiran-detenidos-los-dos-imputados-acusados-de-robarle-a-su-vecina\/"]}]},{"@type":"ImageObject","inLanguage":"es-AR","@id":"https:\/\/apuntesdesanluis.com\/index.php\/2023\/11\/03\/villa-mercedes-seguiran-detenidos-los-dos-imputados-acusados-de-robarle-a-su-vecina\/#primaryimage","url":"https:\/\/apuntesdesanluis.com\/wp-content\/uploads\/2023\/11\/JUICIO-1.png","contentUrl":"https:\/\/apuntesdesanluis.com\/wp-content\/uploads\/2023\/11\/JUICIO-1.png","width":600,"height":345},{"@type":"BreadcrumbList","@id":"https:\/\/apuntesdesanluis.com\/index.php\/2023\/11\/03\/villa-mercedes-seguiran-detenidos-los-dos-imputados-acusados-de-robarle-a-su-vecina\/#breadcrumb","itemListElement":[{"@type":"ListItem","position":1,"name":"Inicio","item":"https:\/\/apuntesdesanluis.com\/"},{"@type":"ListItem","position":2,"name":"VILLA MERCEDES: SEGUIR\u00c1N DETENIDOS LOS DOS IMPUTADOS ACUSADOS DE ROBARLE A SU VECINA"}]},{"@type":"WebSite","@id":"https:\/\/apuntesdesanluis.com\/#website","url":"https:\/\/apuntesdesanluis.com\/","name":"Apuntes de San Luis","description":"","publisher":{"@id":"https:\/\/apuntesdesanluis.com\/#\/schema\/person\/b55151d52296fcce64d1a72538a70b90"},"potentialAction":[{"@type":"SearchAction","target":{"@type":"EntryPoint","urlTemplate":"https:\/\/apuntesdesanluis.com\/?s={search_term_string}"},"query-input":{"@type":"PropertyValueSpecification","valueRequired":true,"valueName":"search_term_string"}}],"inLanguage":"es-AR"},{"@type":["Person","Organization"],"@id":"https:\/\/apuntesdesanluis.com\/#\/schema\/person\/b55151d52296fcce64d1a72538a70b90","name":"apuntesdesanluis.com","image":{"@type":"ImageObject","inLanguage":"es-AR","@id":"https:\/\/apuntesdesanluis.com\/#\/schema\/person\/image\/","url":"https:\/\/apuntesdesanluis.com\/wp-content\/uploads\/2023\/07\/cropped-apuntesdesanluis.png","contentUrl":"https:\/\/apuntesdesanluis.com\/wp-content\/uploads\/2023\/07\/cropped-apuntesdesanluis.png","width":450,"height":112,"caption":"apuntesdesanluis.com"},"logo":{"@id":"https:\/\/apuntesdesanluis.com\/#\/schema\/person\/image\/"},"sameAs":["https:\/\/apuntesdesanluis.com"],"url":"https:\/\/apuntesdesanluis.com\/index.php\/author\/apuntesdesanluis-com\/"}]}},"featured_image_urls":{"full":["https:\/\/apuntesdesanluis.com\/wp-content\/uploads\/2023\/11\/JUICIO-1.png",600,345,false],"thumbnail":["https:\/\/apuntesdesanluis.com\/wp-content\/uploads\/2023\/11\/JUICIO-1-150x150.png",150,150,true],"medium":["https:\/\/apuntesdesanluis.com\/wp-content\/uploads\/2023\/11\/JUICIO-1-300x173.png",300,173,true],"medium_large":["https:\/\/apuntesdesanluis.com\/wp-content\/uploads\/2023\/11\/JUICIO-1.png",600,345,false],"large":["https:\/\/apuntesdesanluis.com\/wp-content\/uploads\/2023\/11\/JUICIO-1.png",600,345,false],"1536x1536":["https:\/\/apuntesdesanluis.com\/wp-content\/uploads\/2023\/11\/JUICIO-1.png",600,345,false],"2048x2048":["https:\/\/apuntesdesanluis.com\/wp-content\/uploads\/2023\/11\/JUICIO-1.png",600,345,false],"newsever-slider-full":["https:\/\/apuntesdesanluis.com\/wp-content\/uploads\/2023\/11\/JUICIO-1.png",600,345,false],"newsever-featured":["https:\/\/apuntesdesanluis.com\/wp-content\/uploads\/2023\/11\/JUICIO-1.png",600,345,false],"newsever-medium":["https:\/\/apuntesdesanluis.com\/wp-content\/uploads\/2023\/11\/JUICIO-1.png",600,345,false]},"author_info":{"display_name":"apuntesdesanluis.com","author_link":"https:\/\/apuntesdesanluis.com\/index.php\/author\/apuntesdesanluis-com\/"},"category_info":"<a href=\"https:\/\/apuntesdesanluis.com\/index.php\/category\/ciudad-provincia\/\" rel=\"category tag\">Ciudad\/Provincia<\/a>","tag_info":"Ciudad\/Provincia","comment_count":"0","_links":{"self":[{"href":"https:\/\/apuntesdesanluis.com\/index.php\/wp-json\/wp\/v2\/posts\/6293","targetHints":{"allow":["GET"]}}],"collection":[{"href":"https:\/\/apuntesdesanluis.com\/index.php\/wp-json\/wp\/v2\/posts"}],"about":[{"href":"https:\/\/apuntesdesanluis.com\/index.php\/wp-json\/wp\/v2\/types\/post"}],"author":[{"embeddable":true,"href":"https:\/\/apuntesdesanluis.com\/index.php\/wp-json\/wp\/v2\/users\/1"}],"replies":[{"embeddable":true,"href":"https:\/\/apuntesdesanluis.com\/index.php\/wp-json\/wp\/v2\/comments?post=6293"}],"version-history":[{"count":1,"href":"https:\/\/apuntesdesanluis.com\/index.php\/wp-json\/wp\/v2\/posts\/6293\/revisions"}],"predecessor-version":[{"id":6295,"href":"https:\/\/apuntesdesanluis.com\/index.php\/wp-json\/wp\/v2\/posts\/6293\/revisions\/6295"}],"wp:featuredmedia":[{"embeddable":true,"href":"https:\/\/apuntesdesanluis.com\/index.php\/wp-json\/wp\/v2\/media\/6294"}],"wp:attachment":[{"href":"https:\/\/apuntesdesanluis.com\/index.php\/wp-json\/wp\/v2\/media?parent=6293"}],"wp:term":[{"taxonomy":"category","embeddable":true,"href":"https:\/\/apuntesdesanluis.com\/index.php\/wp-json\/wp\/v2\/categories?post=6293"},{"taxonomy":"post_tag","embeddable":true,"href":"https:\/\/apuntesdesanluis.com\/index.php\/wp-json\/wp\/v2\/tags?post=6293"}],"curies":[{"name":"wp","href":"https:\/\/api.w.org\/{rel}","templated":true}]}}