{"id":630,"date":"2023-07-28T20:44:38","date_gmt":"2023-07-28T23:44:38","guid":{"rendered":"https:\/\/apuntesdesanluis.com\/?p=630"},"modified":"2023-07-28T20:44:38","modified_gmt":"2023-07-28T23:44:38","slug":"concluyeron-juicio-penal-tras-pedido-de-disculpas-y-una-reparacion-economica","status":"publish","type":"post","link":"https:\/\/apuntesdesanluis.com\/index.php\/2023\/07\/28\/concluyeron-juicio-penal-tras-pedido-de-disculpas-y-una-reparacion-economica\/","title":{"rendered":"CONCLUYERON JUICIO PENAL TRAS PEDIDO DE DISCULPAS Y UNA REPARACI\u00d3N ECON\u00d3MICA"},"content":{"rendered":"<h3>El Juzgado de Garant\u00edas N\u00b0 1 sobresey\u00f3 a un joven de 23 a\u00f1os acusado de robo simple. La extinci\u00f3n de la acci\u00f3n penal se dict\u00f3 luego de que el imputado y la v\u00edctima llegaran a un acuerdo conciliatorio que incluy\u00f3 una reparaci\u00f3n econ\u00f3mica y un pedido de disculpas por parte del acusado. De esta manera, la causa no llegar\u00e1 a juicio y se concluye por un convenio entre las partes.<\/h3>\n<h3>\u201cAcepto tus disculpas, entiendo tu situaci\u00f3n, habl\u00e9 con tu mam\u00e1 tambi\u00e9n y espero que puedas recuperarte pronto y vuelvas a tu vida normal\u201d. Las palabras fueron pronunciadas por <strong>El\u00edas Bresano<\/strong>, v\u00edctima de robo simple, durante la audiencia desarrollada este jueves y estaban dirigidas a <strong>Ezequiel Olivera<\/strong>, que lo escuchaba desde Buenos Aires donde est\u00e1 internado en una comunidad terap\u00e9utica por consumos problem\u00e1ticos de sustancias.<\/h3>\n<h3>Olivera estaba acusado de sustraer elementos que Bresano ten\u00eda en el interior de su Chevrolet Corsa y que inclu\u00edan desde un compresor hasta lentes de sol. El hecho ocurri\u00f3 durante la madrugada del 3 de abril de 2022. Para hacerlo, el joven de 23 a\u00f1os debi\u00f3 romper la puerta derecha del autom\u00f3vil que se encontraba estacionado sobre calle Col\u00f3n, a metros de la Avenida Espa\u00f1a. Por este hecho, la Fiscal\u00eda N\u00b0 4 solicit\u00f3 una pena provisoria de 4 a\u00f1os de prisi\u00f3n e inst\u00f3 el requerimiento de apertura a juicio.<\/h3>\n<h3>Sin embargo, la Defensora Oficial en lo Penal N\u00b0 3, <strong>Ximena B\u00e9rtoli<\/strong>, representante de Olivera, habl\u00f3 con ambas partes y acordaron una reparaci\u00f3n econ\u00f3mica. \u201cLa defensa nos presenta dicho acuerdo para que la Fiscal\u00eda haga un control de legalidad y desde ac\u00e1 lo elevamos a un Juzgado de Garant\u00edas para que fije fecha de audiencia donde se lo explic\u00f3 y se lo presenta al juez para que lo homologue o lo rechace\u201d, inform\u00f3 la fiscal <strong>Mar\u00eda del Valle Dur\u00e1n <\/strong>(foto).<\/h3>\n<p><img fetchpriority=\"high\" decoding=\"async\" class=\"wp-image-631 aligncenter\" src=\"https:\/\/apuntesdesanluis.com\/wp-content\/uploads\/2023\/07\/fiscal-duran-300x221.png\" alt=\"\" width=\"614\" height=\"453\" srcset=\"https:\/\/apuntesdesanluis.com\/wp-content\/uploads\/2023\/07\/fiscal-duran-300x221.png 300w, https:\/\/apuntesdesanluis.com\/wp-content\/uploads\/2023\/07\/fiscal-duran.png 638w\" sizes=\"(max-width: 614px) 100vw, 614px\" \/><\/p>\n<h3>En esta causa actu\u00f3 el <strong>juez Juan Manuel Montiveros Chada<\/strong>. El magistrado, luego de escuchar a todas las partes, homolog\u00f3 el convenio, concluy\u00f3 la acci\u00f3n penal y dict\u00f3 el sobreseimiento del acusado.<\/h3>\n<h3>\u201cAl tratarse de un acuerdo conciliatorio es un acuerdo voluntario entre el imputado y la v\u00edctima, y mi \u00fanica funci\u00f3n es la de controlar que no haya ninguno de los supuestos que excluyan la aplicaci\u00f3n de este procedimiento, por ejemplo, que no se trate de una causa de violencia de g\u00e9nero, o de abuso sexual, que no hubiere condenas pendientes. Al no existir nada de esto, no me opuse\u201d, dijo Dur\u00e1n.<\/h3>\n<h3>Y agreg\u00f3: \u201cEl imputado, con palabras sentidas, adem\u00e1s de decir que estaba de acuerdo con el procedimiento, le pidi\u00f3 disculpas a la v\u00edctima, le dijo que estaba pasando un problema de alcoholismo y de drogas y que no fue su intenci\u00f3n de hacerle da\u00f1o. La v\u00edctima le dijo que lo perdonaba, que entend\u00eda su situaci\u00f3n; le cont\u00f3 que hab\u00eda estado hablando con su madre y que esperaba que pudiera recuperarse y volver hacer su vida normal\u201d.<\/h3>\n<h3>PAZ SOCIAL<\/h3>\n<h3>Los objetivos de este tipo de v\u00edas alternativas de resoluci\u00f3n de conflictos son descomprimir el sistema judicial y lograr que las penas de prisi\u00f3n sean reemplazadas por otro tipo de reparaciones que no impliquen la privaci\u00f3n de la libertad, en el marco de lo que se conoce como justicia restaurativa.<\/h3>\n<h3>\u201cEste sistema no apunta al juicio ni a la pena, sino a tratar, dependiendo del delito, conciliar o en ir en buscar de una salida alternativa\u201d, explic\u00f3 la fiscal.<\/h3>\n<h3>Esto significa, que el imputado o imputada en determinados delitos menores (hurto, lesiones leves, amenazas, da\u00f1os, estafas), podr\u00e1 llevar adelante acuerdos conciliatorios con la v\u00edctima, con quien podr\u00e1 estipular, por ejemplo, la reparaci\u00f3n integral del da\u00f1o causado como consecuencia del conflicto, los cuales, previa conformidad de la v\u00edctima y dictamen del Fiscal, podr\u00e1n ser homologados judicialmente.<\/h3>\n<h3>Una vez verificado su cumplimiento, podr\u00e1 terminar (extinguirse) la causa penal por conciliaci\u00f3n o reparaci\u00f3n integral del perjuicio, disponi\u00e9ndose el sobreseimiento del acusado y la finalizaci\u00f3n del tr\u00e1mite con mayor celeridad, econom\u00eda procesal y satisfacci\u00f3n para las partes involucradas.<\/h3>\n<h3>El art\u00edculo N\u00b0 18 del C\u00f3digo Procesal Penal de San Luis establece \u201clos jueces y fiscales procurar\u00e1n la soluci\u00f3n del conflicto primario surgido a consecuencia del hecho, a fin de contribuir a restablecer la armon\u00eda entre sus protagonistas y la paz social. La imposici\u00f3n de la pena es el \u00faltimo recurso\u201d.<\/h3>\n","protected":false},"excerpt":{"rendered":"<p>El Juzgado de Garant\u00edas N\u00b0 1 sobresey\u00f3 a un joven de 23 a\u00f1os acusado de&#8230;<\/p>\n","protected":false},"author":1,"featured_media":632,"comment_status":"closed","ping_status":"closed","sticky":false,"template":"","format":"standard","meta":{"footnotes":""},"categories":[6],"tags":[],"class_list":["post-630","post","type-post","status-publish","format-standard","has-post-thumbnail","hentry","category-ciudad-provincia"],"yoast_head":"<!-- This site is optimized with the Yoast SEO plugin v26.1.1 - https:\/\/yoast.com\/wordpress\/plugins\/seo\/ -->\n<title>CONCLUYERON JUICIO PENAL TRAS PEDIDO DE DISCULPAS Y UNA REPARACI\u00d3N ECON\u00d3MICA - Apuntes de San Luis<\/title>\n<meta name=\"robots\" content=\"index, follow, max-snippet:-1, max-image-preview:large, max-video-preview:-1\" \/>\n<link rel=\"canonical\" href=\"https:\/\/apuntesdesanluis.com\/index.php\/2023\/07\/28\/concluyeron-juicio-penal-tras-pedido-de-disculpas-y-una-reparacion-economica\/\" \/>\n<meta property=\"og:locale\" content=\"es_ES\" \/>\n<meta property=\"og:type\" content=\"article\" \/>\n<meta property=\"og:title\" content=\"CONCLUYERON JUICIO PENAL TRAS PEDIDO DE DISCULPAS Y UNA REPARACI\u00d3N ECON\u00d3MICA - Apuntes de San Luis\" \/>\n<meta property=\"og:description\" content=\"El Juzgado de Garant\u00edas N\u00b0 1 sobresey\u00f3 a un joven de 23 a\u00f1os acusado de...\" \/>\n<meta property=\"og:url\" content=\"https:\/\/apuntesdesanluis.com\/index.php\/2023\/07\/28\/concluyeron-juicio-penal-tras-pedido-de-disculpas-y-una-reparacion-economica\/\" \/>\n<meta property=\"og:site_name\" content=\"Apuntes de San Luis\" \/>\n<meta property=\"article:published_time\" content=\"2023-07-28T23:44:38+00:00\" \/>\n<meta property=\"og:image\" content=\"https:\/\/apuntesdesanluis.com\/wp-content\/uploads\/2023\/07\/juez-montiveros.png\" \/>\n\t<meta property=\"og:image:width\" content=\"561\" \/>\n\t<meta property=\"og:image:height\" content=\"350\" \/>\n\t<meta property=\"og:image:type\" content=\"image\/png\" \/>\n<meta name=\"author\" content=\"apuntesdesanluis.com\" \/>\n<meta name=\"twitter:card\" content=\"summary_large_image\" \/>\n<meta name=\"twitter:label1\" content=\"Escrito por\" \/>\n\t<meta name=\"twitter:data1\" content=\"apuntesdesanluis.com\" \/>\n\t<meta name=\"twitter:label2\" content=\"Tiempo de lectura\" \/>\n\t<meta name=\"twitter:data2\" content=\"4 minutos\" \/>\n<script type=\"application\/ld+json\" class=\"yoast-schema-graph\">{\"@context\":\"https:\/\/schema.org\",\"@graph\":[{\"@type\":\"Article\",\"@id\":\"https:\/\/apuntesdesanluis.com\/index.php\/2023\/07\/28\/concluyeron-juicio-penal-tras-pedido-de-disculpas-y-una-reparacion-economica\/#article\",\"isPartOf\":{\"@id\":\"https:\/\/apuntesdesanluis.com\/index.php\/2023\/07\/28\/concluyeron-juicio-penal-tras-pedido-de-disculpas-y-una-reparacion-economica\/\"},\"author\":{\"name\":\"apuntesdesanluis.com\",\"@id\":\"https:\/\/apuntesdesanluis.com\/#\/schema\/person\/b55151d52296fcce64d1a72538a70b90\"},\"headline\":\"CONCLUYERON JUICIO PENAL TRAS PEDIDO DE DISCULPAS Y UNA REPARACI\u00d3N ECON\u00d3MICA\",\"datePublished\":\"2023-07-28T23:44:38+00:00\",\"mainEntityOfPage\":{\"@id\":\"https:\/\/apuntesdesanluis.com\/index.php\/2023\/07\/28\/concluyeron-juicio-penal-tras-pedido-de-disculpas-y-una-reparacion-economica\/\"},\"wordCount\":779,\"publisher\":{\"@id\":\"https:\/\/apuntesdesanluis.com\/#\/schema\/person\/b55151d52296fcce64d1a72538a70b90\"},\"image\":{\"@id\":\"https:\/\/apuntesdesanluis.com\/index.php\/2023\/07\/28\/concluyeron-juicio-penal-tras-pedido-de-disculpas-y-una-reparacion-economica\/#primaryimage\"},\"thumbnailUrl\":\"https:\/\/apuntesdesanluis.com\/wp-content\/uploads\/2023\/07\/juez-montiveros.png\",\"articleSection\":[\"Ciudad\/Provincia\"],\"inLanguage\":\"es-AR\"},{\"@type\":\"WebPage\",\"@id\":\"https:\/\/apuntesdesanluis.com\/index.php\/2023\/07\/28\/concluyeron-juicio-penal-tras-pedido-de-disculpas-y-una-reparacion-economica\/\",\"url\":\"https:\/\/apuntesdesanluis.com\/index.php\/2023\/07\/28\/concluyeron-juicio-penal-tras-pedido-de-disculpas-y-una-reparacion-economica\/\",\"name\":\"CONCLUYERON JUICIO PENAL TRAS PEDIDO DE DISCULPAS Y UNA REPARACI\u00d3N ECON\u00d3MICA - Apuntes de San Luis\",\"isPartOf\":{\"@id\":\"https:\/\/apuntesdesanluis.com\/#website\"},\"primaryImageOfPage\":{\"@id\":\"https:\/\/apuntesdesanluis.com\/index.php\/2023\/07\/28\/concluyeron-juicio-penal-tras-pedido-de-disculpas-y-una-reparacion-economica\/#primaryimage\"},\"image\":{\"@id\":\"https:\/\/apuntesdesanluis.com\/index.php\/2023\/07\/28\/concluyeron-juicio-penal-tras-pedido-de-disculpas-y-una-reparacion-economica\/#primaryimage\"},\"thumbnailUrl\":\"https:\/\/apuntesdesanluis.com\/wp-content\/uploads\/2023\/07\/juez-montiveros.png\",\"datePublished\":\"2023-07-28T23:44:38+00:00\",\"breadcrumb\":{\"@id\":\"https:\/\/apuntesdesanluis.com\/index.php\/2023\/07\/28\/concluyeron-juicio-penal-tras-pedido-de-disculpas-y-una-reparacion-economica\/#breadcrumb\"},\"inLanguage\":\"es-AR\",\"potentialAction\":[{\"@type\":\"ReadAction\",\"target\":[\"https:\/\/apuntesdesanluis.com\/index.php\/2023\/07\/28\/concluyeron-juicio-penal-tras-pedido-de-disculpas-y-una-reparacion-economica\/\"]}]},{\"@type\":\"ImageObject\",\"inLanguage\":\"es-AR\",\"@id\":\"https:\/\/apuntesdesanluis.com\/index.php\/2023\/07\/28\/concluyeron-juicio-penal-tras-pedido-de-disculpas-y-una-reparacion-economica\/#primaryimage\",\"url\":\"https:\/\/apuntesdesanluis.com\/wp-content\/uploads\/2023\/07\/juez-montiveros.png\",\"contentUrl\":\"https:\/\/apuntesdesanluis.com\/wp-content\/uploads\/2023\/07\/juez-montiveros.png\",\"width\":561,\"height\":350},{\"@type\":\"BreadcrumbList\",\"@id\":\"https:\/\/apuntesdesanluis.com\/index.php\/2023\/07\/28\/concluyeron-juicio-penal-tras-pedido-de-disculpas-y-una-reparacion-economica\/#breadcrumb\",\"itemListElement\":[{\"@type\":\"ListItem\",\"position\":1,\"name\":\"Inicio\",\"item\":\"https:\/\/apuntesdesanluis.com\/\"},{\"@type\":\"ListItem\",\"position\":2,\"name\":\"CONCLUYERON JUICIO PENAL TRAS PEDIDO DE DISCULPAS Y UNA REPARACI\u00d3N ECON\u00d3MICA\"}]},{\"@type\":\"WebSite\",\"@id\":\"https:\/\/apuntesdesanluis.com\/#website\",\"url\":\"https:\/\/apuntesdesanluis.com\/\",\"name\":\"Apuntes de San Luis\",\"description\":\"\",\"publisher\":{\"@id\":\"https:\/\/apuntesdesanluis.com\/#\/schema\/person\/b55151d52296fcce64d1a72538a70b90\"},\"potentialAction\":[{\"@type\":\"SearchAction\",\"target\":{\"@type\":\"EntryPoint\",\"urlTemplate\":\"https:\/\/apuntesdesanluis.com\/?s={search_term_string}\"},\"query-input\":{\"@type\":\"PropertyValueSpecification\",\"valueRequired\":true,\"valueName\":\"search_term_string\"}}],\"inLanguage\":\"es-AR\"},{\"@type\":[\"Person\",\"Organization\"],\"@id\":\"https:\/\/apuntesdesanluis.com\/#\/schema\/person\/b55151d52296fcce64d1a72538a70b90\",\"name\":\"apuntesdesanluis.com\",\"image\":{\"@type\":\"ImageObject\",\"inLanguage\":\"es-AR\",\"@id\":\"https:\/\/apuntesdesanluis.com\/#\/schema\/person\/image\/\",\"url\":\"https:\/\/apuntesdesanluis.com\/wp-content\/uploads\/2023\/07\/cropped-apuntesdesanluis.png\",\"contentUrl\":\"https:\/\/apuntesdesanluis.com\/wp-content\/uploads\/2023\/07\/cropped-apuntesdesanluis.png\",\"width\":450,\"height\":112,\"caption\":\"apuntesdesanluis.com\"},\"logo\":{\"@id\":\"https:\/\/apuntesdesanluis.com\/#\/schema\/person\/image\/\"},\"sameAs\":[\"https:\/\/apuntesdesanluis.com\"],\"url\":\"https:\/\/apuntesdesanluis.com\/index.php\/author\/apuntesdesanluis-com\/\"}]}<\/script>\n<!-- \/ Yoast SEO plugin. -->","yoast_head_json":{"title":"CONCLUYERON JUICIO PENAL TRAS PEDIDO DE DISCULPAS Y UNA REPARACI\u00d3N ECON\u00d3MICA - Apuntes de San Luis","robots":{"index":"index","follow":"follow","max-snippet":"max-snippet:-1","max-image-preview":"max-image-preview:large","max-video-preview":"max-video-preview:-1"},"canonical":"https:\/\/apuntesdesanluis.com\/index.php\/2023\/07\/28\/concluyeron-juicio-penal-tras-pedido-de-disculpas-y-una-reparacion-economica\/","og_locale":"es_ES","og_type":"article","og_title":"CONCLUYERON JUICIO PENAL TRAS PEDIDO DE DISCULPAS Y UNA REPARACI\u00d3N ECON\u00d3MICA - Apuntes de San Luis","og_description":"El Juzgado de Garant\u00edas N\u00b0 1 sobresey\u00f3 a un joven de 23 a\u00f1os acusado de...","og_url":"https:\/\/apuntesdesanluis.com\/index.php\/2023\/07\/28\/concluyeron-juicio-penal-tras-pedido-de-disculpas-y-una-reparacion-economica\/","og_site_name":"Apuntes de San Luis","article_published_time":"2023-07-28T23:44:38+00:00","og_image":[{"width":561,"height":350,"url":"https:\/\/apuntesdesanluis.com\/wp-content\/uploads\/2023\/07\/juez-montiveros.png","type":"image\/png"}],"author":"apuntesdesanluis.com","twitter_card":"summary_large_image","twitter_misc":{"Escrito por":"apuntesdesanluis.com","Tiempo de lectura":"4 minutos"},"schema":{"@context":"https:\/\/schema.org","@graph":[{"@type":"Article","@id":"https:\/\/apuntesdesanluis.com\/index.php\/2023\/07\/28\/concluyeron-juicio-penal-tras-pedido-de-disculpas-y-una-reparacion-economica\/#article","isPartOf":{"@id":"https:\/\/apuntesdesanluis.com\/index.php\/2023\/07\/28\/concluyeron-juicio-penal-tras-pedido-de-disculpas-y-una-reparacion-economica\/"},"author":{"name":"apuntesdesanluis.com","@id":"https:\/\/apuntesdesanluis.com\/#\/schema\/person\/b55151d52296fcce64d1a72538a70b90"},"headline":"CONCLUYERON JUICIO PENAL TRAS PEDIDO DE DISCULPAS Y UNA REPARACI\u00d3N ECON\u00d3MICA","datePublished":"2023-07-28T23:44:38+00:00","mainEntityOfPage":{"@id":"https:\/\/apuntesdesanluis.com\/index.php\/2023\/07\/28\/concluyeron-juicio-penal-tras-pedido-de-disculpas-y-una-reparacion-economica\/"},"wordCount":779,"publisher":{"@id":"https:\/\/apuntesdesanluis.com\/#\/schema\/person\/b55151d52296fcce64d1a72538a70b90"},"image":{"@id":"https:\/\/apuntesdesanluis.com\/index.php\/2023\/07\/28\/concluyeron-juicio-penal-tras-pedido-de-disculpas-y-una-reparacion-economica\/#primaryimage"},"thumbnailUrl":"https:\/\/apuntesdesanluis.com\/wp-content\/uploads\/2023\/07\/juez-montiveros.png","articleSection":["Ciudad\/Provincia"],"inLanguage":"es-AR"},{"@type":"WebPage","@id":"https:\/\/apuntesdesanluis.com\/index.php\/2023\/07\/28\/concluyeron-juicio-penal-tras-pedido-de-disculpas-y-una-reparacion-economica\/","url":"https:\/\/apuntesdesanluis.com\/index.php\/2023\/07\/28\/concluyeron-juicio-penal-tras-pedido-de-disculpas-y-una-reparacion-economica\/","name":"CONCLUYERON JUICIO PENAL TRAS PEDIDO DE DISCULPAS Y UNA REPARACI\u00d3N ECON\u00d3MICA - Apuntes de San Luis","isPartOf":{"@id":"https:\/\/apuntesdesanluis.com\/#website"},"primaryImageOfPage":{"@id":"https:\/\/apuntesdesanluis.com\/index.php\/2023\/07\/28\/concluyeron-juicio-penal-tras-pedido-de-disculpas-y-una-reparacion-economica\/#primaryimage"},"image":{"@id":"https:\/\/apuntesdesanluis.com\/index.php\/2023\/07\/28\/concluyeron-juicio-penal-tras-pedido-de-disculpas-y-una-reparacion-economica\/#primaryimage"},"thumbnailUrl":"https:\/\/apuntesdesanluis.com\/wp-content\/uploads\/2023\/07\/juez-montiveros.png","datePublished":"2023-07-28T23:44:38+00:00","breadcrumb":{"@id":"https:\/\/apuntesdesanluis.com\/index.php\/2023\/07\/28\/concluyeron-juicio-penal-tras-pedido-de-disculpas-y-una-reparacion-economica\/#breadcrumb"},"inLanguage":"es-AR","potentialAction":[{"@type":"ReadAction","target":["https:\/\/apuntesdesanluis.com\/index.php\/2023\/07\/28\/concluyeron-juicio-penal-tras-pedido-de-disculpas-y-una-reparacion-economica\/"]}]},{"@type":"ImageObject","inLanguage":"es-AR","@id":"https:\/\/apuntesdesanluis.com\/index.php\/2023\/07\/28\/concluyeron-juicio-penal-tras-pedido-de-disculpas-y-una-reparacion-economica\/#primaryimage","url":"https:\/\/apuntesdesanluis.com\/wp-content\/uploads\/2023\/07\/juez-montiveros.png","contentUrl":"https:\/\/apuntesdesanluis.com\/wp-content\/uploads\/2023\/07\/juez-montiveros.png","width":561,"height":350},{"@type":"BreadcrumbList","@id":"https:\/\/apuntesdesanluis.com\/index.php\/2023\/07\/28\/concluyeron-juicio-penal-tras-pedido-de-disculpas-y-una-reparacion-economica\/#breadcrumb","itemListElement":[{"@type":"ListItem","position":1,"name":"Inicio","item":"https:\/\/apuntesdesanluis.com\/"},{"@type":"ListItem","position":2,"name":"CONCLUYERON JUICIO PENAL TRAS PEDIDO DE DISCULPAS Y UNA REPARACI\u00d3N ECON\u00d3MICA"}]},{"@type":"WebSite","@id":"https:\/\/apuntesdesanluis.com\/#website","url":"https:\/\/apuntesdesanluis.com\/","name":"Apuntes de San Luis","description":"","publisher":{"@id":"https:\/\/apuntesdesanluis.com\/#\/schema\/person\/b55151d52296fcce64d1a72538a70b90"},"potentialAction":[{"@type":"SearchAction","target":{"@type":"EntryPoint","urlTemplate":"https:\/\/apuntesdesanluis.com\/?s={search_term_string}"},"query-input":{"@type":"PropertyValueSpecification","valueRequired":true,"valueName":"search_term_string"}}],"inLanguage":"es-AR"},{"@type":["Person","Organization"],"@id":"https:\/\/apuntesdesanluis.com\/#\/schema\/person\/b55151d52296fcce64d1a72538a70b90","name":"apuntesdesanluis.com","image":{"@type":"ImageObject","inLanguage":"es-AR","@id":"https:\/\/apuntesdesanluis.com\/#\/schema\/person\/image\/","url":"https:\/\/apuntesdesanluis.com\/wp-content\/uploads\/2023\/07\/cropped-apuntesdesanluis.png","contentUrl":"https:\/\/apuntesdesanluis.com\/wp-content\/uploads\/2023\/07\/cropped-apuntesdesanluis.png","width":450,"height":112,"caption":"apuntesdesanluis.com"},"logo":{"@id":"https:\/\/apuntesdesanluis.com\/#\/schema\/person\/image\/"},"sameAs":["https:\/\/apuntesdesanluis.com"],"url":"https:\/\/apuntesdesanluis.com\/index.php\/author\/apuntesdesanluis-com\/"}]}},"featured_image_urls":{"full":["https:\/\/apuntesdesanluis.com\/wp-content\/uploads\/2023\/07\/juez-montiveros.png",561,350,false],"thumbnail":["https:\/\/apuntesdesanluis.com\/wp-content\/uploads\/2023\/07\/juez-montiveros-150x150.png",150,150,true],"medium":["https:\/\/apuntesdesanluis.com\/wp-content\/uploads\/2023\/07\/juez-montiveros-300x187.png",300,187,true],"medium_large":["https:\/\/apuntesdesanluis.com\/wp-content\/uploads\/2023\/07\/juez-montiveros.png",561,350,false],"large":["https:\/\/apuntesdesanluis.com\/wp-content\/uploads\/2023\/07\/juez-montiveros.png",561,350,false],"1536x1536":["https:\/\/apuntesdesanluis.com\/wp-content\/uploads\/2023\/07\/juez-montiveros.png",561,350,false],"2048x2048":["https:\/\/apuntesdesanluis.com\/wp-content\/uploads\/2023\/07\/juez-montiveros.png",561,350,false],"newsever-slider-full":["https:\/\/apuntesdesanluis.com\/wp-content\/uploads\/2023\/07\/juez-montiveros.png",561,350,false],"newsever-featured":["https:\/\/apuntesdesanluis.com\/wp-content\/uploads\/2023\/07\/juez-montiveros.png",561,350,false],"newsever-medium":["https:\/\/apuntesdesanluis.com\/wp-content\/uploads\/2023\/07\/juez-montiveros.png",561,350,false]},"author_info":{"display_name":"apuntesdesanluis.com","author_link":"https:\/\/apuntesdesanluis.com\/index.php\/author\/apuntesdesanluis-com\/"},"category_info":"<a href=\"https:\/\/apuntesdesanluis.com\/index.php\/category\/ciudad-provincia\/\" rel=\"category tag\">Ciudad\/Provincia<\/a>","tag_info":"Ciudad\/Provincia","comment_count":"0","_links":{"self":[{"href":"https:\/\/apuntesdesanluis.com\/index.php\/wp-json\/wp\/v2\/posts\/630","targetHints":{"allow":["GET"]}}],"collection":[{"href":"https:\/\/apuntesdesanluis.com\/index.php\/wp-json\/wp\/v2\/posts"}],"about":[{"href":"https:\/\/apuntesdesanluis.com\/index.php\/wp-json\/wp\/v2\/types\/post"}],"author":[{"embeddable":true,"href":"https:\/\/apuntesdesanluis.com\/index.php\/wp-json\/wp\/v2\/users\/1"}],"replies":[{"embeddable":true,"href":"https:\/\/apuntesdesanluis.com\/index.php\/wp-json\/wp\/v2\/comments?post=630"}],"version-history":[{"count":1,"href":"https:\/\/apuntesdesanluis.com\/index.php\/wp-json\/wp\/v2\/posts\/630\/revisions"}],"predecessor-version":[{"id":633,"href":"https:\/\/apuntesdesanluis.com\/index.php\/wp-json\/wp\/v2\/posts\/630\/revisions\/633"}],"wp:featuredmedia":[{"embeddable":true,"href":"https:\/\/apuntesdesanluis.com\/index.php\/wp-json\/wp\/v2\/media\/632"}],"wp:attachment":[{"href":"https:\/\/apuntesdesanluis.com\/index.php\/wp-json\/wp\/v2\/media?parent=630"}],"wp:term":[{"taxonomy":"category","embeddable":true,"href":"https:\/\/apuntesdesanluis.com\/index.php\/wp-json\/wp\/v2\/categories?post=630"},{"taxonomy":"post_tag","embeddable":true,"href":"https:\/\/apuntesdesanluis.com\/index.php\/wp-json\/wp\/v2\/tags?post=630"}],"curies":[{"name":"wp","href":"https:\/\/api.w.org\/{rel}","templated":true}]}}