{"id":6303,"date":"2023-11-04T10:29:55","date_gmt":"2023-11-04T13:29:55","guid":{"rendered":"https:\/\/apuntesdesanluis.com\/?p=6303"},"modified":"2023-11-04T20:30:14","modified_gmt":"2023-11-04T23:30:14","slug":"garro-reconocio-la-derrota-y-afirmo-que-hablo-con-alak-para-hacer-el-traspaso-mas-transparente-de-la-historia","status":"publish","type":"post","link":"https:\/\/apuntesdesanluis.com\/index.php\/2023\/11\/04\/garro-reconocio-la-derrota-y-afirmo-que-hablo-con-alak-para-hacer-el-traspaso-mas-transparente-de-la-historia\/","title":{"rendered":"GARRO RECONOCI\u00d3 LA DERROTA Y AFIRM\u00d3 QUE HABL\u00d3 CON ALAK PARA HACER &#8220;EL TRASPASO M\u00c1S TRANSPARENTE DE LA HISTORIA&#8221;"},"content":{"rendered":"<h3>El intendente del partido bonaerense de La Plata, <strong>Julio Garro<\/strong>, reconoci\u00f3 la derrota en las elecciones locales y afirm\u00f3 que se contact\u00f3 con quien ser\u00e1 su sucesor, <strong>Julio Alak<\/strong>, para hacer &#8220;el traspaso m\u00e1s transparente de la historia&#8221;.<\/h3>\n<h3>Tras varios d\u00edas de incertidumbre en la capital provincial, el dirigente del PRO apel\u00f3 a las redes sociales para expresarse y admitir que el actual ministro de Justicia bonaerense se consagr\u00f3 en los recientes comicios.<\/h3>\n<h3>&#8220;S\u00e9 que los \u00faltimos d\u00edas estuvieron cargados de indefiniciones. Por eso, y para llevar claridad en este contexto, quiero aclarar algunas cuestiones&#8221;, comenz\u00f3 la publicaci\u00f3n del jefe comunal.<\/h3>\n<h3>Y continu\u00f3: &#8220;Luego de las elecciones, con el equipo encontramos diferentes irregularidades, por eso pedimos la apertura de 79 urnas. All\u00ed encontramos que UXP hab\u00eda perdido 241 votos, JxC hab\u00eda recuperado 43, e incluso vimos y defendimos 121 votos m\u00e1s de LLA. Nunca se trat\u00f3 de una discusi\u00f3n ideol\u00f3gica, se trat\u00f3 de defender lo que cada uno de ustedes eligi\u00f3&#8221;.<\/h3>\n<h3>En ese sentido, el intendente saliente explic\u00f3: &#8220;Por eso pedimos la apertura de 200 urnas m\u00e1s, porque sab\u00edamos que la tendencia no cambiar\u00eda. El Juzgado entendi\u00f3 que no deb\u00eda autorizar esa apertura y luego de evaluar con mis equipos, decidimos respetar la institucionalidad democr\u00e1tica, respetar el fallo y no tener a todos los platenses como rehenes de la incertidumbre&#8221;.<\/h3>\n<h3>Al defender las acciones que impuls\u00f3 en el recuento definitivo, Garro se\u00f1al\u00f3: &#8220;M\u00e1s all\u00e1 del resultado, lo que siempre buscamos fue cuidar el voto de cada uno de ustedes para que el pr\u00f3ximo intendente sea el que realmente quiere la mayor\u00eda. Siempre voy a defender los valores republicanos. Lo hago desde que decid\u00ed involucrarme en pol\u00edtica, lo hice en estos 8 a\u00f1os como intendente y lo seguir\u00e9 haciendo desde el lugar que me toque&#8221;.<\/h3>\n<h3>Como cierre, el dirigente del PRO expres\u00f3: &#8220;Ahora vamos a trabajar para garantizar una transici\u00f3n ordenada y en paz, como los platenses merecen. Ya estuve en contacto con Julio Alak para avanzar y ponerme a disposici\u00f3n para el traspaso m\u00e1s transparente de la historia de la ciudad desde el 83 hasta ac\u00e1&#8221;.<\/h3>\n<p>&nbsp;<\/p>\n<p>&nbsp;<\/p>\n<p>&nbsp;<\/p>\n<p>&nbsp;<\/p>\n<p>&nbsp;<\/p>\n<p>&nbsp;<\/p>\n","protected":false},"excerpt":{"rendered":"<p>El intendente del partido bonaerense de La Plata, Julio Garro, reconoci\u00f3 la derrota en las&#8230;<\/p>\n","protected":false},"author":1,"featured_media":6304,"comment_status":"closed","ping_status":"closed","sticky":false,"template":"","format":"standard","meta":{"footnotes":""},"categories":[5],"tags":[],"class_list":["post-6303","post","type-post","status-publish","format-standard","has-post-thumbnail","hentry","category-nacionales-internacionales"],"yoast_head":"<!-- This site is optimized with the Yoast SEO plugin v26.1.1 - https:\/\/yoast.com\/wordpress\/plugins\/seo\/ -->\n<title>GARRO RECONOCI\u00d3 LA DERROTA Y AFIRM\u00d3 QUE HABL\u00d3 CON ALAK PARA HACER &quot;EL TRASPASO M\u00c1S TRANSPARENTE DE LA HISTORIA&quot; - Apuntes de San Luis<\/title>\n<meta name=\"robots\" content=\"index, follow, max-snippet:-1, max-image-preview:large, max-video-preview:-1\" \/>\n<link rel=\"canonical\" href=\"https:\/\/apuntesdesanluis.com\/index.php\/2023\/11\/04\/garro-reconocio-la-derrota-y-afirmo-que-hablo-con-alak-para-hacer-el-traspaso-mas-transparente-de-la-historia\/\" \/>\n<meta property=\"og:locale\" content=\"es_ES\" \/>\n<meta property=\"og:type\" content=\"article\" \/>\n<meta property=\"og:title\" content=\"GARRO RECONOCI\u00d3 LA DERROTA Y AFIRM\u00d3 QUE HABL\u00d3 CON ALAK PARA HACER &quot;EL TRASPASO M\u00c1S TRANSPARENTE DE LA HISTORIA&quot; - Apuntes de San Luis\" \/>\n<meta property=\"og:description\" content=\"El intendente del partido bonaerense de La Plata, Julio Garro, reconoci\u00f3 la derrota en las...\" \/>\n<meta property=\"og:url\" content=\"https:\/\/apuntesdesanluis.com\/index.php\/2023\/11\/04\/garro-reconocio-la-derrota-y-afirmo-que-hablo-con-alak-para-hacer-el-traspaso-mas-transparente-de-la-historia\/\" \/>\n<meta property=\"og:site_name\" content=\"Apuntes de San Luis\" \/>\n<meta property=\"article:published_time\" content=\"2023-11-04T13:29:55+00:00\" \/>\n<meta property=\"article:modified_time\" content=\"2023-11-04T23:30:14+00:00\" \/>\n<meta property=\"og:image\" content=\"https:\/\/apuntesdesanluis.com\/wp-content\/uploads\/2023\/11\/julios.png\" \/>\n\t<meta property=\"og:image:width\" content=\"600\" \/>\n\t<meta property=\"og:image:height\" content=\"352\" \/>\n\t<meta property=\"og:image:type\" content=\"image\/png\" \/>\n<meta name=\"author\" content=\"apuntesdesanluis.com\" \/>\n<meta name=\"twitter:card\" content=\"summary_large_image\" \/>\n<meta name=\"twitter:label1\" content=\"Escrito por\" \/>\n\t<meta name=\"twitter:data1\" content=\"apuntesdesanluis.com\" \/>\n\t<meta name=\"twitter:label2\" content=\"Tiempo de lectura\" \/>\n\t<meta name=\"twitter:data2\" content=\"2 minutos\" \/>\n<script type=\"application\/ld+json\" class=\"yoast-schema-graph\">{\"@context\":\"https:\/\/schema.org\",\"@graph\":[{\"@type\":\"Article\",\"@id\":\"https:\/\/apuntesdesanluis.com\/index.php\/2023\/11\/04\/garro-reconocio-la-derrota-y-afirmo-que-hablo-con-alak-para-hacer-el-traspaso-mas-transparente-de-la-historia\/#article\",\"isPartOf\":{\"@id\":\"https:\/\/apuntesdesanluis.com\/index.php\/2023\/11\/04\/garro-reconocio-la-derrota-y-afirmo-que-hablo-con-alak-para-hacer-el-traspaso-mas-transparente-de-la-historia\/\"},\"author\":{\"name\":\"apuntesdesanluis.com\",\"@id\":\"https:\/\/apuntesdesanluis.com\/#\/schema\/person\/b55151d52296fcce64d1a72538a70b90\"},\"headline\":\"GARRO RECONOCI\u00d3 LA DERROTA Y AFIRM\u00d3 QUE HABL\u00d3 CON ALAK PARA HACER &#8220;EL TRASPASO M\u00c1S TRANSPARENTE DE LA HISTORIA&#8221;\",\"datePublished\":\"2023-11-04T13:29:55+00:00\",\"dateModified\":\"2023-11-04T23:30:14+00:00\",\"mainEntityOfPage\":{\"@id\":\"https:\/\/apuntesdesanluis.com\/index.php\/2023\/11\/04\/garro-reconocio-la-derrota-y-afirmo-que-hablo-con-alak-para-hacer-el-traspaso-mas-transparente-de-la-historia\/\"},\"wordCount\":388,\"publisher\":{\"@id\":\"https:\/\/apuntesdesanluis.com\/#\/schema\/person\/b55151d52296fcce64d1a72538a70b90\"},\"image\":{\"@id\":\"https:\/\/apuntesdesanluis.com\/index.php\/2023\/11\/04\/garro-reconocio-la-derrota-y-afirmo-que-hablo-con-alak-para-hacer-el-traspaso-mas-transparente-de-la-historia\/#primaryimage\"},\"thumbnailUrl\":\"https:\/\/apuntesdesanluis.com\/wp-content\/uploads\/2023\/11\/julios.png\",\"articleSection\":[\"Nacionales\/Internacionales\"],\"inLanguage\":\"es-AR\"},{\"@type\":\"WebPage\",\"@id\":\"https:\/\/apuntesdesanluis.com\/index.php\/2023\/11\/04\/garro-reconocio-la-derrota-y-afirmo-que-hablo-con-alak-para-hacer-el-traspaso-mas-transparente-de-la-historia\/\",\"url\":\"https:\/\/apuntesdesanluis.com\/index.php\/2023\/11\/04\/garro-reconocio-la-derrota-y-afirmo-que-hablo-con-alak-para-hacer-el-traspaso-mas-transparente-de-la-historia\/\",\"name\":\"GARRO RECONOCI\u00d3 LA DERROTA Y AFIRM\u00d3 QUE HABL\u00d3 CON ALAK PARA HACER \\\"EL TRASPASO M\u00c1S TRANSPARENTE DE LA HISTORIA\\\" - Apuntes de San Luis\",\"isPartOf\":{\"@id\":\"https:\/\/apuntesdesanluis.com\/#website\"},\"primaryImageOfPage\":{\"@id\":\"https:\/\/apuntesdesanluis.com\/index.php\/2023\/11\/04\/garro-reconocio-la-derrota-y-afirmo-que-hablo-con-alak-para-hacer-el-traspaso-mas-transparente-de-la-historia\/#primaryimage\"},\"image\":{\"@id\":\"https:\/\/apuntesdesanluis.com\/index.php\/2023\/11\/04\/garro-reconocio-la-derrota-y-afirmo-que-hablo-con-alak-para-hacer-el-traspaso-mas-transparente-de-la-historia\/#primaryimage\"},\"thumbnailUrl\":\"https:\/\/apuntesdesanluis.com\/wp-content\/uploads\/2023\/11\/julios.png\",\"datePublished\":\"2023-11-04T13:29:55+00:00\",\"dateModified\":\"2023-11-04T23:30:14+00:00\",\"breadcrumb\":{\"@id\":\"https:\/\/apuntesdesanluis.com\/index.php\/2023\/11\/04\/garro-reconocio-la-derrota-y-afirmo-que-hablo-con-alak-para-hacer-el-traspaso-mas-transparente-de-la-historia\/#breadcrumb\"},\"inLanguage\":\"es-AR\",\"potentialAction\":[{\"@type\":\"ReadAction\",\"target\":[\"https:\/\/apuntesdesanluis.com\/index.php\/2023\/11\/04\/garro-reconocio-la-derrota-y-afirmo-que-hablo-con-alak-para-hacer-el-traspaso-mas-transparente-de-la-historia\/\"]}]},{\"@type\":\"ImageObject\",\"inLanguage\":\"es-AR\",\"@id\":\"https:\/\/apuntesdesanluis.com\/index.php\/2023\/11\/04\/garro-reconocio-la-derrota-y-afirmo-que-hablo-con-alak-para-hacer-el-traspaso-mas-transparente-de-la-historia\/#primaryimage\",\"url\":\"https:\/\/apuntesdesanluis.com\/wp-content\/uploads\/2023\/11\/julios.png\",\"contentUrl\":\"https:\/\/apuntesdesanluis.com\/wp-content\/uploads\/2023\/11\/julios.png\",\"width\":600,\"height\":352},{\"@type\":\"BreadcrumbList\",\"@id\":\"https:\/\/apuntesdesanluis.com\/index.php\/2023\/11\/04\/garro-reconocio-la-derrota-y-afirmo-que-hablo-con-alak-para-hacer-el-traspaso-mas-transparente-de-la-historia\/#breadcrumb\",\"itemListElement\":[{\"@type\":\"ListItem\",\"position\":1,\"name\":\"Inicio\",\"item\":\"https:\/\/apuntesdesanluis.com\/\"},{\"@type\":\"ListItem\",\"position\":2,\"name\":\"GARRO RECONOCI\u00d3 LA DERROTA Y AFIRM\u00d3 QUE HABL\u00d3 CON ALAK PARA HACER &#8220;EL TRASPASO M\u00c1S TRANSPARENTE DE LA HISTORIA&#8221;\"}]},{\"@type\":\"WebSite\",\"@id\":\"https:\/\/apuntesdesanluis.com\/#website\",\"url\":\"https:\/\/apuntesdesanluis.com\/\",\"name\":\"Apuntes de San Luis\",\"description\":\"\",\"publisher\":{\"@id\":\"https:\/\/apuntesdesanluis.com\/#\/schema\/person\/b55151d52296fcce64d1a72538a70b90\"},\"potentialAction\":[{\"@type\":\"SearchAction\",\"target\":{\"@type\":\"EntryPoint\",\"urlTemplate\":\"https:\/\/apuntesdesanluis.com\/?s={search_term_string}\"},\"query-input\":{\"@type\":\"PropertyValueSpecification\",\"valueRequired\":true,\"valueName\":\"search_term_string\"}}],\"inLanguage\":\"es-AR\"},{\"@type\":[\"Person\",\"Organization\"],\"@id\":\"https:\/\/apuntesdesanluis.com\/#\/schema\/person\/b55151d52296fcce64d1a72538a70b90\",\"name\":\"apuntesdesanluis.com\",\"image\":{\"@type\":\"ImageObject\",\"inLanguage\":\"es-AR\",\"@id\":\"https:\/\/apuntesdesanluis.com\/#\/schema\/person\/image\/\",\"url\":\"https:\/\/apuntesdesanluis.com\/wp-content\/uploads\/2023\/07\/cropped-apuntesdesanluis.png\",\"contentUrl\":\"https:\/\/apuntesdesanluis.com\/wp-content\/uploads\/2023\/07\/cropped-apuntesdesanluis.png\",\"width\":450,\"height\":112,\"caption\":\"apuntesdesanluis.com\"},\"logo\":{\"@id\":\"https:\/\/apuntesdesanluis.com\/#\/schema\/person\/image\/\"},\"sameAs\":[\"https:\/\/apuntesdesanluis.com\"],\"url\":\"https:\/\/apuntesdesanluis.com\/index.php\/author\/apuntesdesanluis-com\/\"}]}<\/script>\n<!-- \/ Yoast SEO plugin. -->","yoast_head_json":{"title":"GARRO RECONOCI\u00d3 LA DERROTA Y AFIRM\u00d3 QUE HABL\u00d3 CON ALAK PARA HACER \"EL TRASPASO M\u00c1S TRANSPARENTE DE LA HISTORIA\" - Apuntes de San Luis","robots":{"index":"index","follow":"follow","max-snippet":"max-snippet:-1","max-image-preview":"max-image-preview:large","max-video-preview":"max-video-preview:-1"},"canonical":"https:\/\/apuntesdesanluis.com\/index.php\/2023\/11\/04\/garro-reconocio-la-derrota-y-afirmo-que-hablo-con-alak-para-hacer-el-traspaso-mas-transparente-de-la-historia\/","og_locale":"es_ES","og_type":"article","og_title":"GARRO RECONOCI\u00d3 LA DERROTA Y AFIRM\u00d3 QUE HABL\u00d3 CON ALAK PARA HACER \"EL TRASPASO M\u00c1S TRANSPARENTE DE LA HISTORIA\" - Apuntes de San Luis","og_description":"El intendente del partido bonaerense de La Plata, Julio Garro, reconoci\u00f3 la derrota en las...","og_url":"https:\/\/apuntesdesanluis.com\/index.php\/2023\/11\/04\/garro-reconocio-la-derrota-y-afirmo-que-hablo-con-alak-para-hacer-el-traspaso-mas-transparente-de-la-historia\/","og_site_name":"Apuntes de San Luis","article_published_time":"2023-11-04T13:29:55+00:00","article_modified_time":"2023-11-04T23:30:14+00:00","og_image":[{"width":600,"height":352,"url":"https:\/\/apuntesdesanluis.com\/wp-content\/uploads\/2023\/11\/julios.png","type":"image\/png"}],"author":"apuntesdesanluis.com","twitter_card":"summary_large_image","twitter_misc":{"Escrito por":"apuntesdesanluis.com","Tiempo de lectura":"2 minutos"},"schema":{"@context":"https:\/\/schema.org","@graph":[{"@type":"Article","@id":"https:\/\/apuntesdesanluis.com\/index.php\/2023\/11\/04\/garro-reconocio-la-derrota-y-afirmo-que-hablo-con-alak-para-hacer-el-traspaso-mas-transparente-de-la-historia\/#article","isPartOf":{"@id":"https:\/\/apuntesdesanluis.com\/index.php\/2023\/11\/04\/garro-reconocio-la-derrota-y-afirmo-que-hablo-con-alak-para-hacer-el-traspaso-mas-transparente-de-la-historia\/"},"author":{"name":"apuntesdesanluis.com","@id":"https:\/\/apuntesdesanluis.com\/#\/schema\/person\/b55151d52296fcce64d1a72538a70b90"},"headline":"GARRO RECONOCI\u00d3 LA DERROTA Y AFIRM\u00d3 QUE HABL\u00d3 CON ALAK PARA HACER &#8220;EL TRASPASO M\u00c1S TRANSPARENTE DE LA HISTORIA&#8221;","datePublished":"2023-11-04T13:29:55+00:00","dateModified":"2023-11-04T23:30:14+00:00","mainEntityOfPage":{"@id":"https:\/\/apuntesdesanluis.com\/index.php\/2023\/11\/04\/garro-reconocio-la-derrota-y-afirmo-que-hablo-con-alak-para-hacer-el-traspaso-mas-transparente-de-la-historia\/"},"wordCount":388,"publisher":{"@id":"https:\/\/apuntesdesanluis.com\/#\/schema\/person\/b55151d52296fcce64d1a72538a70b90"},"image":{"@id":"https:\/\/apuntesdesanluis.com\/index.php\/2023\/11\/04\/garro-reconocio-la-derrota-y-afirmo-que-hablo-con-alak-para-hacer-el-traspaso-mas-transparente-de-la-historia\/#primaryimage"},"thumbnailUrl":"https:\/\/apuntesdesanluis.com\/wp-content\/uploads\/2023\/11\/julios.png","articleSection":["Nacionales\/Internacionales"],"inLanguage":"es-AR"},{"@type":"WebPage","@id":"https:\/\/apuntesdesanluis.com\/index.php\/2023\/11\/04\/garro-reconocio-la-derrota-y-afirmo-que-hablo-con-alak-para-hacer-el-traspaso-mas-transparente-de-la-historia\/","url":"https:\/\/apuntesdesanluis.com\/index.php\/2023\/11\/04\/garro-reconocio-la-derrota-y-afirmo-que-hablo-con-alak-para-hacer-el-traspaso-mas-transparente-de-la-historia\/","name":"GARRO RECONOCI\u00d3 LA DERROTA Y AFIRM\u00d3 QUE HABL\u00d3 CON ALAK PARA HACER \"EL TRASPASO M\u00c1S TRANSPARENTE DE LA HISTORIA\" - Apuntes de San Luis","isPartOf":{"@id":"https:\/\/apuntesdesanluis.com\/#website"},"primaryImageOfPage":{"@id":"https:\/\/apuntesdesanluis.com\/index.php\/2023\/11\/04\/garro-reconocio-la-derrota-y-afirmo-que-hablo-con-alak-para-hacer-el-traspaso-mas-transparente-de-la-historia\/#primaryimage"},"image":{"@id":"https:\/\/apuntesdesanluis.com\/index.php\/2023\/11\/04\/garro-reconocio-la-derrota-y-afirmo-que-hablo-con-alak-para-hacer-el-traspaso-mas-transparente-de-la-historia\/#primaryimage"},"thumbnailUrl":"https:\/\/apuntesdesanluis.com\/wp-content\/uploads\/2023\/11\/julios.png","datePublished":"2023-11-04T13:29:55+00:00","dateModified":"2023-11-04T23:30:14+00:00","breadcrumb":{"@id":"https:\/\/apuntesdesanluis.com\/index.php\/2023\/11\/04\/garro-reconocio-la-derrota-y-afirmo-que-hablo-con-alak-para-hacer-el-traspaso-mas-transparente-de-la-historia\/#breadcrumb"},"inLanguage":"es-AR","potentialAction":[{"@type":"ReadAction","target":["https:\/\/apuntesdesanluis.com\/index.php\/2023\/11\/04\/garro-reconocio-la-derrota-y-afirmo-que-hablo-con-alak-para-hacer-el-traspaso-mas-transparente-de-la-historia\/"]}]},{"@type":"ImageObject","inLanguage":"es-AR","@id":"https:\/\/apuntesdesanluis.com\/index.php\/2023\/11\/04\/garro-reconocio-la-derrota-y-afirmo-que-hablo-con-alak-para-hacer-el-traspaso-mas-transparente-de-la-historia\/#primaryimage","url":"https:\/\/apuntesdesanluis.com\/wp-content\/uploads\/2023\/11\/julios.png","contentUrl":"https:\/\/apuntesdesanluis.com\/wp-content\/uploads\/2023\/11\/julios.png","width":600,"height":352},{"@type":"BreadcrumbList","@id":"https:\/\/apuntesdesanluis.com\/index.php\/2023\/11\/04\/garro-reconocio-la-derrota-y-afirmo-que-hablo-con-alak-para-hacer-el-traspaso-mas-transparente-de-la-historia\/#breadcrumb","itemListElement":[{"@type":"ListItem","position":1,"name":"Inicio","item":"https:\/\/apuntesdesanluis.com\/"},{"@type":"ListItem","position":2,"name":"GARRO RECONOCI\u00d3 LA DERROTA Y AFIRM\u00d3 QUE HABL\u00d3 CON ALAK PARA HACER &#8220;EL TRASPASO M\u00c1S TRANSPARENTE DE LA HISTORIA&#8221;"}]},{"@type":"WebSite","@id":"https:\/\/apuntesdesanluis.com\/#website","url":"https:\/\/apuntesdesanluis.com\/","name":"Apuntes de San Luis","description":"","publisher":{"@id":"https:\/\/apuntesdesanluis.com\/#\/schema\/person\/b55151d52296fcce64d1a72538a70b90"},"potentialAction":[{"@type":"SearchAction","target":{"@type":"EntryPoint","urlTemplate":"https:\/\/apuntesdesanluis.com\/?s={search_term_string}"},"query-input":{"@type":"PropertyValueSpecification","valueRequired":true,"valueName":"search_term_string"}}],"inLanguage":"es-AR"},{"@type":["Person","Organization"],"@id":"https:\/\/apuntesdesanluis.com\/#\/schema\/person\/b55151d52296fcce64d1a72538a70b90","name":"apuntesdesanluis.com","image":{"@type":"ImageObject","inLanguage":"es-AR","@id":"https:\/\/apuntesdesanluis.com\/#\/schema\/person\/image\/","url":"https:\/\/apuntesdesanluis.com\/wp-content\/uploads\/2023\/07\/cropped-apuntesdesanluis.png","contentUrl":"https:\/\/apuntesdesanluis.com\/wp-content\/uploads\/2023\/07\/cropped-apuntesdesanluis.png","width":450,"height":112,"caption":"apuntesdesanluis.com"},"logo":{"@id":"https:\/\/apuntesdesanluis.com\/#\/schema\/person\/image\/"},"sameAs":["https:\/\/apuntesdesanluis.com"],"url":"https:\/\/apuntesdesanluis.com\/index.php\/author\/apuntesdesanluis-com\/"}]}},"featured_image_urls":{"full":["https:\/\/apuntesdesanluis.com\/wp-content\/uploads\/2023\/11\/julios.png",600,352,false],"thumbnail":["https:\/\/apuntesdesanluis.com\/wp-content\/uploads\/2023\/11\/julios-150x150.png",150,150,true],"medium":["https:\/\/apuntesdesanluis.com\/wp-content\/uploads\/2023\/11\/julios-300x176.png",300,176,true],"medium_large":["https:\/\/apuntesdesanluis.com\/wp-content\/uploads\/2023\/11\/julios.png",600,352,false],"large":["https:\/\/apuntesdesanluis.com\/wp-content\/uploads\/2023\/11\/julios.png",600,352,false],"1536x1536":["https:\/\/apuntesdesanluis.com\/wp-content\/uploads\/2023\/11\/julios.png",600,352,false],"2048x2048":["https:\/\/apuntesdesanluis.com\/wp-content\/uploads\/2023\/11\/julios.png",600,352,false],"newsever-slider-full":["https:\/\/apuntesdesanluis.com\/wp-content\/uploads\/2023\/11\/julios.png",600,352,false],"newsever-featured":["https:\/\/apuntesdesanluis.com\/wp-content\/uploads\/2023\/11\/julios.png",600,352,false],"newsever-medium":["https:\/\/apuntesdesanluis.com\/wp-content\/uploads\/2023\/11\/julios.png",600,352,false]},"author_info":{"display_name":"apuntesdesanluis.com","author_link":"https:\/\/apuntesdesanluis.com\/index.php\/author\/apuntesdesanluis-com\/"},"category_info":"<a href=\"https:\/\/apuntesdesanluis.com\/index.php\/category\/nacionales-internacionales\/\" rel=\"category tag\">Nacionales\/Internacionales<\/a>","tag_info":"Nacionales\/Internacionales","comment_count":"0","_links":{"self":[{"href":"https:\/\/apuntesdesanluis.com\/index.php\/wp-json\/wp\/v2\/posts\/6303","targetHints":{"allow":["GET"]}}],"collection":[{"href":"https:\/\/apuntesdesanluis.com\/index.php\/wp-json\/wp\/v2\/posts"}],"about":[{"href":"https:\/\/apuntesdesanluis.com\/index.php\/wp-json\/wp\/v2\/types\/post"}],"author":[{"embeddable":true,"href":"https:\/\/apuntesdesanluis.com\/index.php\/wp-json\/wp\/v2\/users\/1"}],"replies":[{"embeddable":true,"href":"https:\/\/apuntesdesanluis.com\/index.php\/wp-json\/wp\/v2\/comments?post=6303"}],"version-history":[{"count":1,"href":"https:\/\/apuntesdesanluis.com\/index.php\/wp-json\/wp\/v2\/posts\/6303\/revisions"}],"predecessor-version":[{"id":6305,"href":"https:\/\/apuntesdesanluis.com\/index.php\/wp-json\/wp\/v2\/posts\/6303\/revisions\/6305"}],"wp:featuredmedia":[{"embeddable":true,"href":"https:\/\/apuntesdesanluis.com\/index.php\/wp-json\/wp\/v2\/media\/6304"}],"wp:attachment":[{"href":"https:\/\/apuntesdesanluis.com\/index.php\/wp-json\/wp\/v2\/media?parent=6303"}],"wp:term":[{"taxonomy":"category","embeddable":true,"href":"https:\/\/apuntesdesanluis.com\/index.php\/wp-json\/wp\/v2\/categories?post=6303"},{"taxonomy":"post_tag","embeddable":true,"href":"https:\/\/apuntesdesanluis.com\/index.php\/wp-json\/wp\/v2\/tags?post=6303"}],"curies":[{"name":"wp","href":"https:\/\/api.w.org\/{rel}","templated":true}]}}