{"id":6320,"date":"2023-11-05T13:34:47","date_gmt":"2023-11-05T16:34:47","guid":{"rendered":"https:\/\/apuntesdesanluis.com\/?p=6320"},"modified":"2023-11-05T13:34:47","modified_gmt":"2023-11-05T16:34:47","slug":"sindrome-de-estocolmo","status":"publish","type":"post","link":"https:\/\/apuntesdesanluis.com\/index.php\/2023\/11\/05\/sindrome-de-estocolmo\/","title":{"rendered":"S\u00cdNDROME DE ESTOCOLMO"},"content":{"rendered":"<h3>Por <em><span style=\"color: #000000;\"><strong>Jorge Fontevecchia (*)<\/strong><\/span><\/em><\/h3>\n<h3>A comienzos de 2022, cuando Rodr\u00edguez Larreta era el gran ganador de las elecciones de 2021 imponiendo sus propios candidatos en la Provincia y la Ciudad de Buenos Aires \u2013Santilli y Vidal\u2013 en contra de la voluntad de Macri, le pregunt\u00e9 a Patricia Bullrich: \u2018\u2018\u00bfVos sos consciente de que Macri usa tu precandidatura presidencial para levantar el precio que le cobrar\u00e1 a Rodr\u00edguez Larreta por el apoyo a la suya y elegir qui\u00e9n lo suceda como jefe porte\u00f1o; y cuando ya haya conseguido su objetivo te retirar\u00e1 el apoyo? \u00bfNo ser\u00e1 mejor que seas candidata a gobernadora de la provincia de Buenos Aires, donde ten\u00e9s m\u00e1s posibilidades de ganar porque tu fuerte, la seguridad, es a\u00fan m\u00e1s importante y tu debilidad, la econom\u00eda, no es tan crucial como en la presidencia?\u201d.<\/h3>\n<h3>Sincera, y honesta intelectualmente como siempre, ella me respondi\u00f3 que era consciente, pero si llegara un momento en que Macri acordando con Larreta quisiera hacerle bajar su candidatura presidencial, ella no lo obedecer\u00eda, que con sus 67 a\u00f1os \u00e9sta era la \u00faltima oportunidad de llegar a la presidencia y no ten\u00eda tiempo para pasar primero cuatro u ocho a\u00f1os como gobernadora. Que Macri no ser\u00eda su jefe, que ella era su propia jefa.<\/h3>\n<h3>Estaba convencida de que pod\u00eda ganar, incluso en un reportaje conjunto de PERFIL con Sergio Berni al terminar de polemizar frente a c\u00e1mara \u00e9l se le acerc\u00f3 respetuoso a despedirla y ella, segura de s\u00ed misma, le dijo: \u201ccuando sea presidenta te traigo a trabajar conmigo\u201d a lo que el duro ministro de Seguridad bonaerense lejos de tomarlo como una chicana, le agradeci\u00f3 con sinceridad.<\/h3>\n<h3>\u00bfPor qu\u00e9 esa mujer como aspiraci\u00f3n a Dama de Hierro como Margaret Tatcher, lo que evidentemente no logr\u00f3 ser, acept\u00f3 al d\u00eda siguiente de su derrota electoral acordar con Macri a espaldas del resto del PRO y de Juntos por el Cambio, salir a apoyar sin condiciones a quien la hab\u00eda acusado de poner bombas en jardines de infantes? \u00bfQu\u00e9 tipo de estr\u00e9s postraum\u00e1tico la afect\u00f3?<\/h3>\n<h3>Alg\u00fan cambio en su estado de \u00e1nimo ya se hab\u00eda producido tras su triunfo en las PASO al derrotar a Rodr\u00edguez Larreta, Freud ten\u00eda un excelente texto titulado \u201cLos que fracasan al triunfar\u201d que podr\u00eda ayudarnos a comprender.<\/h3>\n<h3>\u201cNo hay duda acerca del v\u00ednculo entre la enfermedad y el \u00e9xito. Justo cuando est\u00e1 a punto de realizar su deseo, el sujeto enferma y surge el fracaso, como si la dicha no pudiera ser soportada\u201d escribi\u00f3 Freud. \u201cPara los que fracasan al triunfar, el sacrificio de los frutos de la ambici\u00f3n no es sino la tramitaci\u00f3n fallida de la culpa por el crimen del parricidio\u201d \u2013y agrega\u2013 \u201cson poderes de la conciencia moral los que proh\u00edben a la persona extraer de ese feliz cambio objetivo el provecho largamente esperado.\u201d<\/h3>\n<h3>Freud cita a Shakespeare hacerle decir a Lady Macbeth, quien se derrumba tras alcanzar el triunfo, \u201cdespu\u00e9s que breg\u00f3 por \u00e9l con pertinaz energ\u00eda: nada se gana, al contrario, todo se pierde, cuando nuestro deseo se cumple sin contento: vale m\u00e1s ser aquello que hemos destruido (\u00bfRodr\u00edguez Larreta mejor candidato que ella para derrotar a Massa?), que por la destrucci\u00f3n vivir en dudosa alegr\u00eda\u201d.<\/h3>\n<h3>Freud escribi\u00f3 sobre Lady Macbeth que \u201cel arrepentimiento parece haberla postrado a ella, la que parec\u00eda tan despiadada\u201d y lo concreto sobre Patricia Bullrich fue que tras su aplastante triunfo sobre Rodr\u00edguez Larreta, pas\u00f3 a ser otra, se qued\u00f3 hasta sin voz y titubeaba en los debates.<\/h3>\n<h3>Freud concluye su texto as\u00ed: \u201cEl trabajo psicoanal\u00edtico ense\u00f1a que las fuerzas de la conciencia moral que llevan a contraer la enfermedad por el triunfo, y no, como es lo corriente, por la frustraci\u00f3n, se entraman de manera \u00edntima con el Complejo de Edipo, la relaci\u00f3n con el padre y con la madre, como quiz\u00e1 lo hace nuestra conciencia de culpa en general.\u201d<\/h3>\n<h3>Si \u201cLos que fracasan al triunfar\u201d pudiera explicar el cambio de Patricia Bullrich entre su triunfo en las PASO y la primera vuelta, el S\u00edndrome de Estocolmo parecer\u00eda explicar mejor el cambio de Patricia Bullrich entre su derrota en la primera vuelta y su apoyo a Milei en sinton\u00eda con Macri decidido entre gallos y medianoches.<\/h3>\n<h3>Y vale preguntarse si as\u00ed como Lady Macbeth, \u201ctras sublevarse contra este veredicto del destino no se conformase con haber satisfecho su propia ambici\u00f3n, y sintiendo culpa por haber asesinado (a Larreta) para beneficio de unos extra\u00f1os\u201d (Macri) lejos de reprocharle a la fuente de sus desdichas, termina cooptada psicol\u00f3gicamente por quien rapt\u00f3 su consciencia creyendo que el verdadero y peor mal no ha sido hasta ahora Macri (Milei) sino Sergio Massa.<\/h3>\n<h3>No se entiende desde la raz\u00f3n las decisiones pol\u00edticas del \u00faltimo mes de Patricia Bullrich sin apelar a las emociones que gobiernan a todos los seres humanos. Hubo un derrumbe del yo: ella nunca fue Margaret Tatcher, pero tampoco como en el tramo final de su campa\u00f1a una t\u00eda de barrio hablando mayormente obviedades.<\/h3>\n<h3>La parad\u00f3jica relaci\u00f3n de afecto, solidaridad o complicidad de la v\u00edctima con su victimario fue bautizada como S\u00edndrome de Estocolmo a partir del asalto de un banco en la capital sueca donde cuatro rehenes terminaron protegiendo a su secuestrador de la acci\u00f3n de la polic\u00eda. Pero est\u00e1 lleno de ejemplos, el FBI registra un promedio de ocho por ciento de casos similares ante iguales circunstancias. El propio Mauricio Macri critic\u00f3 el uso de las organizaciones de defensa de los Derechos Humanos sobre los cr\u00edmenes de la dictadura y ahora apoyando al negacionismo de Victoria Villarruel, en parte tambi\u00e9n disculpa a sus propios secuestradores integrantes de \u201cla banda de los comisarios\u201d quienes se hab\u00edan quedado sin trabajo con la llegada de la democracia porque que eran parte de los torturadores del campo de detenci\u00f3n ilegal El Olimpo.<\/h3>\n<p><img fetchpriority=\"high\" decoding=\"async\" class=\"wp-image-6322 aligncenter\" src=\"https:\/\/apuntesdesanluis.com\/wp-content\/uploads\/2023\/11\/macri-milei-300x207.png\" alt=\"\" width=\"697\" height=\"481\" srcset=\"https:\/\/apuntesdesanluis.com\/wp-content\/uploads\/2023\/11\/macri-milei-300x207.png 300w, https:\/\/apuntesdesanluis.com\/wp-content\/uploads\/2023\/11\/macri-milei.png 600w\" sizes=\"(max-width: 697px) 100vw, 697px\" \/><\/p>\n<h3>Cierta identificaci\u00f3n con el agresor no pocas veces se trata de un mecanismo de defensa, cuando una persona se encuentra impotente frente a quien tiene dominio sobre su vida, su futuro, su trabajo o su realizaci\u00f3n, muy com\u00fan en la violencia de g\u00e9nero y laboral. Otro diagn\u00f3stico lo califica como un \u201ctrastorno disociativo de naturaleza postraum\u00e1tica\u201d. En pol\u00edtica se lo utiliza para describir la tendencia de ciertos sectores sociales \u2013tanto de los econ\u00f3micos m\u00e1s altos como de los m\u00e1s bajos\u2013 a votar recurrentemente por quienes perjudican sus intereses.<\/h3>\n<h3>\u00bfMacrilei? As\u00ed como algunos atribuyeron a un objetivo mutuamente conveniente las cr\u00edticas p\u00fablicas de Eduardo Eurnekian a su exempleado Javier Milei para no ser responsable el primero de su eventuales futuros desaciertos y no quedar como un empleado el segundo, la sobreactuaci\u00f3n del viernes de Javier Milei mostr\u00e1ndose por primera vez con su equipo econ\u00f3mico, fue interpretado como un desesperado intento del l\u00edder de la Libertad Avanza de despegar de la idea de que Macri es su jefe. Despu\u00e9s de la experiencia del doble comando de Cristina Kirchner con Alberto Fern\u00e1ndez la sociedad podr\u00eda ver un peligro en la subordinaci\u00f3n de un presidente a otro expresidente.<\/h3>\n<h3>Quedan dos semanas lector, veremos de todo.<\/h3>\n<h3><span style=\"color: #000000;\"><em>* Director de Editorial Perfil.<\/em><\/span><\/h3>\n<p>&nbsp;<\/p>\n<p>&nbsp;<\/p>\n<p>&nbsp;<\/p>\n","protected":false},"excerpt":{"rendered":"<p>Por Jorge Fontevecchia (*) A comienzos de 2022, cuando Rodr\u00edguez Larreta era el gran ganador&#8230;<\/p>\n","protected":false},"author":1,"featured_media":6321,"comment_status":"closed","ping_status":"closed","sticky":false,"template":"","format":"standard","meta":{"footnotes":""},"categories":[9],"tags":[],"class_list":["post-6320","post","type-post","status-publish","format-standard","has-post-thumbnail","hentry","category-opinion"],"yoast_head":"<!-- This site is optimized with the Yoast SEO plugin v26.1.1 - https:\/\/yoast.com\/wordpress\/plugins\/seo\/ -->\n<title>S\u00cdNDROME DE ESTOCOLMO - Apuntes de San Luis<\/title>\n<meta name=\"robots\" content=\"index, follow, max-snippet:-1, max-image-preview:large, max-video-preview:-1\" \/>\n<link rel=\"canonical\" href=\"https:\/\/apuntesdesanluis.com\/index.php\/2023\/11\/05\/sindrome-de-estocolmo\/\" \/>\n<meta property=\"og:locale\" content=\"es_ES\" \/>\n<meta property=\"og:type\" content=\"article\" \/>\n<meta property=\"og:title\" content=\"S\u00cdNDROME DE ESTOCOLMO - Apuntes de San Luis\" \/>\n<meta property=\"og:description\" content=\"Por Jorge Fontevecchia (*) A comienzos de 2022, cuando Rodr\u00edguez Larreta era el gran ganador...\" \/>\n<meta property=\"og:url\" content=\"https:\/\/apuntesdesanluis.com\/index.php\/2023\/11\/05\/sindrome-de-estocolmo\/\" \/>\n<meta property=\"og:site_name\" content=\"Apuntes de San Luis\" \/>\n<meta property=\"article:published_time\" content=\"2023-11-05T16:34:47+00:00\" \/>\n<meta property=\"og:image\" content=\"https:\/\/apuntesdesanluis.com\/wp-content\/uploads\/2023\/11\/patricia.png\" \/>\n\t<meta property=\"og:image:width\" content=\"600\" \/>\n\t<meta property=\"og:image:height\" content=\"355\" \/>\n\t<meta property=\"og:image:type\" content=\"image\/png\" \/>\n<meta name=\"author\" content=\"apuntesdesanluis.com\" \/>\n<meta name=\"twitter:card\" content=\"summary_large_image\" \/>\n<meta name=\"twitter:label1\" content=\"Escrito por\" \/>\n\t<meta name=\"twitter:data1\" content=\"apuntesdesanluis.com\" \/>\n\t<meta name=\"twitter:label2\" content=\"Tiempo de lectura\" \/>\n\t<meta name=\"twitter:data2\" content=\"6 minutos\" \/>\n<script type=\"application\/ld+json\" class=\"yoast-schema-graph\">{\"@context\":\"https:\/\/schema.org\",\"@graph\":[{\"@type\":\"Article\",\"@id\":\"https:\/\/apuntesdesanluis.com\/index.php\/2023\/11\/05\/sindrome-de-estocolmo\/#article\",\"isPartOf\":{\"@id\":\"https:\/\/apuntesdesanluis.com\/index.php\/2023\/11\/05\/sindrome-de-estocolmo\/\"},\"author\":{\"name\":\"apuntesdesanluis.com\",\"@id\":\"https:\/\/apuntesdesanluis.com\/#\/schema\/person\/b55151d52296fcce64d1a72538a70b90\"},\"headline\":\"S\u00cdNDROME DE ESTOCOLMO\",\"datePublished\":\"2023-11-05T16:34:47+00:00\",\"mainEntityOfPage\":{\"@id\":\"https:\/\/apuntesdesanluis.com\/index.php\/2023\/11\/05\/sindrome-de-estocolmo\/\"},\"wordCount\":1249,\"publisher\":{\"@id\":\"https:\/\/apuntesdesanluis.com\/#\/schema\/person\/b55151d52296fcce64d1a72538a70b90\"},\"image\":{\"@id\":\"https:\/\/apuntesdesanluis.com\/index.php\/2023\/11\/05\/sindrome-de-estocolmo\/#primaryimage\"},\"thumbnailUrl\":\"https:\/\/apuntesdesanluis.com\/wp-content\/uploads\/2023\/11\/patricia.png\",\"articleSection\":[\"Opini\u00f3n\"],\"inLanguage\":\"es-AR\"},{\"@type\":\"WebPage\",\"@id\":\"https:\/\/apuntesdesanluis.com\/index.php\/2023\/11\/05\/sindrome-de-estocolmo\/\",\"url\":\"https:\/\/apuntesdesanluis.com\/index.php\/2023\/11\/05\/sindrome-de-estocolmo\/\",\"name\":\"S\u00cdNDROME DE ESTOCOLMO - Apuntes de San Luis\",\"isPartOf\":{\"@id\":\"https:\/\/apuntesdesanluis.com\/#website\"},\"primaryImageOfPage\":{\"@id\":\"https:\/\/apuntesdesanluis.com\/index.php\/2023\/11\/05\/sindrome-de-estocolmo\/#primaryimage\"},\"image\":{\"@id\":\"https:\/\/apuntesdesanluis.com\/index.php\/2023\/11\/05\/sindrome-de-estocolmo\/#primaryimage\"},\"thumbnailUrl\":\"https:\/\/apuntesdesanluis.com\/wp-content\/uploads\/2023\/11\/patricia.png\",\"datePublished\":\"2023-11-05T16:34:47+00:00\",\"breadcrumb\":{\"@id\":\"https:\/\/apuntesdesanluis.com\/index.php\/2023\/11\/05\/sindrome-de-estocolmo\/#breadcrumb\"},\"inLanguage\":\"es-AR\",\"potentialAction\":[{\"@type\":\"ReadAction\",\"target\":[\"https:\/\/apuntesdesanluis.com\/index.php\/2023\/11\/05\/sindrome-de-estocolmo\/\"]}]},{\"@type\":\"ImageObject\",\"inLanguage\":\"es-AR\",\"@id\":\"https:\/\/apuntesdesanluis.com\/index.php\/2023\/11\/05\/sindrome-de-estocolmo\/#primaryimage\",\"url\":\"https:\/\/apuntesdesanluis.com\/wp-content\/uploads\/2023\/11\/patricia.png\",\"contentUrl\":\"https:\/\/apuntesdesanluis.com\/wp-content\/uploads\/2023\/11\/patricia.png\",\"width\":600,\"height\":355},{\"@type\":\"BreadcrumbList\",\"@id\":\"https:\/\/apuntesdesanluis.com\/index.php\/2023\/11\/05\/sindrome-de-estocolmo\/#breadcrumb\",\"itemListElement\":[{\"@type\":\"ListItem\",\"position\":1,\"name\":\"Inicio\",\"item\":\"https:\/\/apuntesdesanluis.com\/\"},{\"@type\":\"ListItem\",\"position\":2,\"name\":\"S\u00cdNDROME DE ESTOCOLMO\"}]},{\"@type\":\"WebSite\",\"@id\":\"https:\/\/apuntesdesanluis.com\/#website\",\"url\":\"https:\/\/apuntesdesanluis.com\/\",\"name\":\"Apuntes de San Luis\",\"description\":\"\",\"publisher\":{\"@id\":\"https:\/\/apuntesdesanluis.com\/#\/schema\/person\/b55151d52296fcce64d1a72538a70b90\"},\"potentialAction\":[{\"@type\":\"SearchAction\",\"target\":{\"@type\":\"EntryPoint\",\"urlTemplate\":\"https:\/\/apuntesdesanluis.com\/?s={search_term_string}\"},\"query-input\":{\"@type\":\"PropertyValueSpecification\",\"valueRequired\":true,\"valueName\":\"search_term_string\"}}],\"inLanguage\":\"es-AR\"},{\"@type\":[\"Person\",\"Organization\"],\"@id\":\"https:\/\/apuntesdesanluis.com\/#\/schema\/person\/b55151d52296fcce64d1a72538a70b90\",\"name\":\"apuntesdesanluis.com\",\"image\":{\"@type\":\"ImageObject\",\"inLanguage\":\"es-AR\",\"@id\":\"https:\/\/apuntesdesanluis.com\/#\/schema\/person\/image\/\",\"url\":\"https:\/\/apuntesdesanluis.com\/wp-content\/uploads\/2023\/07\/cropped-apuntesdesanluis.png\",\"contentUrl\":\"https:\/\/apuntesdesanluis.com\/wp-content\/uploads\/2023\/07\/cropped-apuntesdesanluis.png\",\"width\":450,\"height\":112,\"caption\":\"apuntesdesanluis.com\"},\"logo\":{\"@id\":\"https:\/\/apuntesdesanluis.com\/#\/schema\/person\/image\/\"},\"sameAs\":[\"https:\/\/apuntesdesanluis.com\"],\"url\":\"https:\/\/apuntesdesanluis.com\/index.php\/author\/apuntesdesanluis-com\/\"}]}<\/script>\n<!-- \/ Yoast SEO plugin. -->","yoast_head_json":{"title":"S\u00cdNDROME DE ESTOCOLMO - Apuntes de San Luis","robots":{"index":"index","follow":"follow","max-snippet":"max-snippet:-1","max-image-preview":"max-image-preview:large","max-video-preview":"max-video-preview:-1"},"canonical":"https:\/\/apuntesdesanluis.com\/index.php\/2023\/11\/05\/sindrome-de-estocolmo\/","og_locale":"es_ES","og_type":"article","og_title":"S\u00cdNDROME DE ESTOCOLMO - Apuntes de San Luis","og_description":"Por Jorge Fontevecchia (*) A comienzos de 2022, cuando Rodr\u00edguez Larreta era el gran ganador...","og_url":"https:\/\/apuntesdesanluis.com\/index.php\/2023\/11\/05\/sindrome-de-estocolmo\/","og_site_name":"Apuntes de San Luis","article_published_time":"2023-11-05T16:34:47+00:00","og_image":[{"width":600,"height":355,"url":"https:\/\/apuntesdesanluis.com\/wp-content\/uploads\/2023\/11\/patricia.png","type":"image\/png"}],"author":"apuntesdesanluis.com","twitter_card":"summary_large_image","twitter_misc":{"Escrito por":"apuntesdesanluis.com","Tiempo de lectura":"6 minutos"},"schema":{"@context":"https:\/\/schema.org","@graph":[{"@type":"Article","@id":"https:\/\/apuntesdesanluis.com\/index.php\/2023\/11\/05\/sindrome-de-estocolmo\/#article","isPartOf":{"@id":"https:\/\/apuntesdesanluis.com\/index.php\/2023\/11\/05\/sindrome-de-estocolmo\/"},"author":{"name":"apuntesdesanluis.com","@id":"https:\/\/apuntesdesanluis.com\/#\/schema\/person\/b55151d52296fcce64d1a72538a70b90"},"headline":"S\u00cdNDROME DE ESTOCOLMO","datePublished":"2023-11-05T16:34:47+00:00","mainEntityOfPage":{"@id":"https:\/\/apuntesdesanluis.com\/index.php\/2023\/11\/05\/sindrome-de-estocolmo\/"},"wordCount":1249,"publisher":{"@id":"https:\/\/apuntesdesanluis.com\/#\/schema\/person\/b55151d52296fcce64d1a72538a70b90"},"image":{"@id":"https:\/\/apuntesdesanluis.com\/index.php\/2023\/11\/05\/sindrome-de-estocolmo\/#primaryimage"},"thumbnailUrl":"https:\/\/apuntesdesanluis.com\/wp-content\/uploads\/2023\/11\/patricia.png","articleSection":["Opini\u00f3n"],"inLanguage":"es-AR"},{"@type":"WebPage","@id":"https:\/\/apuntesdesanluis.com\/index.php\/2023\/11\/05\/sindrome-de-estocolmo\/","url":"https:\/\/apuntesdesanluis.com\/index.php\/2023\/11\/05\/sindrome-de-estocolmo\/","name":"S\u00cdNDROME DE ESTOCOLMO - Apuntes de San Luis","isPartOf":{"@id":"https:\/\/apuntesdesanluis.com\/#website"},"primaryImageOfPage":{"@id":"https:\/\/apuntesdesanluis.com\/index.php\/2023\/11\/05\/sindrome-de-estocolmo\/#primaryimage"},"image":{"@id":"https:\/\/apuntesdesanluis.com\/index.php\/2023\/11\/05\/sindrome-de-estocolmo\/#primaryimage"},"thumbnailUrl":"https:\/\/apuntesdesanluis.com\/wp-content\/uploads\/2023\/11\/patricia.png","datePublished":"2023-11-05T16:34:47+00:00","breadcrumb":{"@id":"https:\/\/apuntesdesanluis.com\/index.php\/2023\/11\/05\/sindrome-de-estocolmo\/#breadcrumb"},"inLanguage":"es-AR","potentialAction":[{"@type":"ReadAction","target":["https:\/\/apuntesdesanluis.com\/index.php\/2023\/11\/05\/sindrome-de-estocolmo\/"]}]},{"@type":"ImageObject","inLanguage":"es-AR","@id":"https:\/\/apuntesdesanluis.com\/index.php\/2023\/11\/05\/sindrome-de-estocolmo\/#primaryimage","url":"https:\/\/apuntesdesanluis.com\/wp-content\/uploads\/2023\/11\/patricia.png","contentUrl":"https:\/\/apuntesdesanluis.com\/wp-content\/uploads\/2023\/11\/patricia.png","width":600,"height":355},{"@type":"BreadcrumbList","@id":"https:\/\/apuntesdesanluis.com\/index.php\/2023\/11\/05\/sindrome-de-estocolmo\/#breadcrumb","itemListElement":[{"@type":"ListItem","position":1,"name":"Inicio","item":"https:\/\/apuntesdesanluis.com\/"},{"@type":"ListItem","position":2,"name":"S\u00cdNDROME DE ESTOCOLMO"}]},{"@type":"WebSite","@id":"https:\/\/apuntesdesanluis.com\/#website","url":"https:\/\/apuntesdesanluis.com\/","name":"Apuntes de San Luis","description":"","publisher":{"@id":"https:\/\/apuntesdesanluis.com\/#\/schema\/person\/b55151d52296fcce64d1a72538a70b90"},"potentialAction":[{"@type":"SearchAction","target":{"@type":"EntryPoint","urlTemplate":"https:\/\/apuntesdesanluis.com\/?s={search_term_string}"},"query-input":{"@type":"PropertyValueSpecification","valueRequired":true,"valueName":"search_term_string"}}],"inLanguage":"es-AR"},{"@type":["Person","Organization"],"@id":"https:\/\/apuntesdesanluis.com\/#\/schema\/person\/b55151d52296fcce64d1a72538a70b90","name":"apuntesdesanluis.com","image":{"@type":"ImageObject","inLanguage":"es-AR","@id":"https:\/\/apuntesdesanluis.com\/#\/schema\/person\/image\/","url":"https:\/\/apuntesdesanluis.com\/wp-content\/uploads\/2023\/07\/cropped-apuntesdesanluis.png","contentUrl":"https:\/\/apuntesdesanluis.com\/wp-content\/uploads\/2023\/07\/cropped-apuntesdesanluis.png","width":450,"height":112,"caption":"apuntesdesanluis.com"},"logo":{"@id":"https:\/\/apuntesdesanluis.com\/#\/schema\/person\/image\/"},"sameAs":["https:\/\/apuntesdesanluis.com"],"url":"https:\/\/apuntesdesanluis.com\/index.php\/author\/apuntesdesanluis-com\/"}]}},"featured_image_urls":{"full":["https:\/\/apuntesdesanluis.com\/wp-content\/uploads\/2023\/11\/patricia.png",600,355,false],"thumbnail":["https:\/\/apuntesdesanluis.com\/wp-content\/uploads\/2023\/11\/patricia-150x150.png",150,150,true],"medium":["https:\/\/apuntesdesanluis.com\/wp-content\/uploads\/2023\/11\/patricia-300x178.png",300,178,true],"medium_large":["https:\/\/apuntesdesanluis.com\/wp-content\/uploads\/2023\/11\/patricia.png",600,355,false],"large":["https:\/\/apuntesdesanluis.com\/wp-content\/uploads\/2023\/11\/patricia.png",600,355,false],"1536x1536":["https:\/\/apuntesdesanluis.com\/wp-content\/uploads\/2023\/11\/patricia.png",600,355,false],"2048x2048":["https:\/\/apuntesdesanluis.com\/wp-content\/uploads\/2023\/11\/patricia.png",600,355,false],"newsever-slider-full":["https:\/\/apuntesdesanluis.com\/wp-content\/uploads\/2023\/11\/patricia.png",600,355,false],"newsever-featured":["https:\/\/apuntesdesanluis.com\/wp-content\/uploads\/2023\/11\/patricia.png",600,355,false],"newsever-medium":["https:\/\/apuntesdesanluis.com\/wp-content\/uploads\/2023\/11\/patricia.png",600,355,false]},"author_info":{"display_name":"apuntesdesanluis.com","author_link":"https:\/\/apuntesdesanluis.com\/index.php\/author\/apuntesdesanluis-com\/"},"category_info":"<a href=\"https:\/\/apuntesdesanluis.com\/index.php\/category\/opinion\/\" rel=\"category tag\">Opini\u00f3n<\/a>","tag_info":"Opini\u00f3n","comment_count":"0","_links":{"self":[{"href":"https:\/\/apuntesdesanluis.com\/index.php\/wp-json\/wp\/v2\/posts\/6320","targetHints":{"allow":["GET"]}}],"collection":[{"href":"https:\/\/apuntesdesanluis.com\/index.php\/wp-json\/wp\/v2\/posts"}],"about":[{"href":"https:\/\/apuntesdesanluis.com\/index.php\/wp-json\/wp\/v2\/types\/post"}],"author":[{"embeddable":true,"href":"https:\/\/apuntesdesanluis.com\/index.php\/wp-json\/wp\/v2\/users\/1"}],"replies":[{"embeddable":true,"href":"https:\/\/apuntesdesanluis.com\/index.php\/wp-json\/wp\/v2\/comments?post=6320"}],"version-history":[{"count":1,"href":"https:\/\/apuntesdesanluis.com\/index.php\/wp-json\/wp\/v2\/posts\/6320\/revisions"}],"predecessor-version":[{"id":6323,"href":"https:\/\/apuntesdesanluis.com\/index.php\/wp-json\/wp\/v2\/posts\/6320\/revisions\/6323"}],"wp:featuredmedia":[{"embeddable":true,"href":"https:\/\/apuntesdesanluis.com\/index.php\/wp-json\/wp\/v2\/media\/6321"}],"wp:attachment":[{"href":"https:\/\/apuntesdesanluis.com\/index.php\/wp-json\/wp\/v2\/media?parent=6320"}],"wp:term":[{"taxonomy":"category","embeddable":true,"href":"https:\/\/apuntesdesanluis.com\/index.php\/wp-json\/wp\/v2\/categories?post=6320"},{"taxonomy":"post_tag","embeddable":true,"href":"https:\/\/apuntesdesanluis.com\/index.php\/wp-json\/wp\/v2\/tags?post=6320"}],"curies":[{"name":"wp","href":"https:\/\/api.w.org\/{rel}","templated":true}]}}