{"id":6324,"date":"2023-11-05T20:13:00","date_gmt":"2023-11-05T23:13:00","guid":{"rendered":"https:\/\/apuntesdesanluis.com\/?p=6324"},"modified":"2023-11-05T21:59:54","modified_gmt":"2023-11-06T00:59:54","slug":"diego-gonzalez-ahora-eligio-pelearse-con-las-primeras-ligas-de-la-oposicion","status":"publish","type":"post","link":"https:\/\/apuntesdesanluis.com\/index.php\/2023\/11\/05\/diego-gonzalez-ahora-eligio-pelearse-con-las-primeras-ligas-de-la-oposicion\/","title":{"rendered":"DIEGO GONZ\u00c1LEZ AHORA ELIGI\u00d3 PELEARSE CON LAS PRIMERAS LIGAS DE LA OPOSICI\u00d3N"},"content":{"rendered":"<h3>El dirigente justicialista y funcionario nacional<span style=\"color: #000000;\"><strong> Diego Gonz\u00e1lez<\/strong><\/span>, siempre muy activo en las redes sociales, en los \u00faltimos d\u00edas inici\u00f3 un cruzada contra los principales l\u00edderes de la oposici\u00f3n: el candidato presidencial <strong>Javier Milei<\/strong>, y el ex presidente <strong>Mauricio Macri<\/strong>.<\/h3>\n<h3>En todos los casos, eligi\u00f3 la red social X, la m\u00e1s utilizada en el universo pol\u00edtico y en el llamado &#8220;c\u00edrculo rojo&#8221;, que integran dirigentes pol\u00edticos, empresarios y el periodismo especializado.<\/h3>\n<h3>Al candidato libertario lo llam\u00f3 \u201cburro desquiciado\u201d, le pidi\u00f3 que se baje de la segunda vuelta electoral \u201cque ya perdiste\u201d y de \u201cno poder decir dos p\u00e1rrafos seguidos sin machetear\u2026\u201d.<\/h3>\n<h3><img fetchpriority=\"high\" decoding=\"async\" class=\"wp-image-6327 aligncenter\" src=\"https:\/\/apuntesdesanluis.com\/wp-content\/uploads\/2023\/11\/Burro-173x300.jpg\" alt=\"\" width=\"614\" height=\"1065\" srcset=\"https:\/\/apuntesdesanluis.com\/wp-content\/uploads\/2023\/11\/Burro-173x300.jpg 173w, https:\/\/apuntesdesanluis.com\/wp-content\/uploads\/2023\/11\/Burro-591x1024.jpg 591w\" sizes=\"(max-width: 614px) 100vw, 614px\" \/><\/h3>\n<h3>A Macri lo sali\u00f3 a cruzar cuando \u00e9ste manifest\u00f3 su rechazo \u201cal intento de juicio pol\u00edtico a la Corte Suprema de justicia\u201d, considerando que \u201ces una verdadera amenaza para la seguridad de todos los argentinos y para las instituciones\u201d.<\/h3>\n<h3>Al ex presidente lo calific\u00f3 como el \u201cpadre del odio que enferma a un pa\u00eds\u201d (\u2026) \u201cQue Dios se apiade de Argentina y detenga las fuerzas del mal que dirig\u00eds junto al burro demente de @JMilei\u201d, enfatiz\u00f3.<\/h3>\n<p><img decoding=\"async\" class=\"wp-image-6326 aligncenter\" src=\"https:\/\/apuntesdesanluis.com\/wp-content\/uploads\/2023\/11\/Mauricio-256x300.jpg\" alt=\"\" width=\"616\" height=\"722\" srcset=\"https:\/\/apuntesdesanluis.com\/wp-content\/uploads\/2023\/11\/Mauricio-256x300.jpg 256w, https:\/\/apuntesdesanluis.com\/wp-content\/uploads\/2023\/11\/Mauricio.jpg 600w\" sizes=\"(max-width: 616px) 100vw, 616px\" \/><\/p>\n<h3>En su raid social, tambi\u00e9n lo chuce\u00f3 al gobernador de C\u00f3rdoba <strong>Juan Schiaretti<\/strong>, ex candidato presidencial, quien tambi\u00e9n sali\u00f3 a pronunciarse contra el \u201cpretendido juicio pol\u00edtico a la Corte que impulsa el gobierno kirchnerista del ministro Sergio Massa\u201d.<\/h3>\n<h3>En este caso, le reproch\u00f3 al mediterr\u00e1neo que no es claro a la hora de definir a quien va a apoyar en la segunda vuelta presidencial. &#8220;S\u00e9 claro y dec\u00ed que vas a votar a Massa o&#8230; confes\u00e1 qui\u00e9nes son tus patrones&#8221;, lo provoc\u00f3.<\/h3>\n<h3><img decoding=\"async\" class=\"wp-image-6325 aligncenter\" src=\"https:\/\/apuntesdesanluis.com\/wp-content\/uploads\/2023\/11\/schiaretti-187x300.jpg\" alt=\"\" width=\"597\" height=\"958\" srcset=\"https:\/\/apuntesdesanluis.com\/wp-content\/uploads\/2023\/11\/schiaretti-187x300.jpg 187w, https:\/\/apuntesdesanluis.com\/wp-content\/uploads\/2023\/11\/schiaretti.jpg 600w\" sizes=\"(max-width: 597px) 100vw, 597px\" \/><\/h3>\n<h3>Consultado por<span style=\"color: #000000;\"><strong> Apuntes de San Luis<\/strong><\/span>, Diego Gonz\u00e1lez sostuvo: &#8220;Me tienen cansado estos chantas y no veo porqu\u00e9 no los puedo confrontar. Milei es lo peor que nos podr\u00eda pasar como pa\u00eds y sociedad. Est\u00e1 en contra de todos los derechos adquiridos, la salud p\u00fablica, la educaci\u00f3n, los derechos de las minor\u00edas&#8230; sale con burradas que son locuras, como permitir la venta de \u00f3rganos o la libre portaci\u00f3n de armas, como remedio a la inseguridad. Su jefe, Macri, habla como si tuviera la verdad revelada, siendo que nos dej\u00f3 un perno de 45 mil millones de d\u00f3lares, que nunca mand\u00f3 para que lo tratara el Congreso. Tiene infinidad de causas judiciales y habla de la justicia como si fuera Thomas Jefferson. Y el cordob\u00e9s que dijo que naci\u00f3 en C\u00f3rdoba, Schiaretti, siempre fue peronista y ahora se quiere disfrazar. Me tienen podrido, por eso salgo a militar en las redes y a decir lo que pienso&#8221;.<\/h3>\n<h3>El funcionario, uno de los pocos oficialistas que se anima a confrontar en las redes de manera contundente, la semana pasada hab\u00eda aprovechado un d\u00eda de lluvia, dentro de su auto, para grabar un Tik Tok peg\u00e1ndole a Milei.<\/h3>\n<div style=\"width: 480px;\" class=\"wp-video\"><!--[if lt IE 9]><script>document.createElement('video');<\/script><![endif]-->\n<video class=\"wp-video-shortcode\" id=\"video-6324-1\" width=\"480\" height=\"864\" preload=\"metadata\" controls=\"controls\"><source type=\"video\/mp4\" src=\"https:\/\/apuntesdesanluis.com\/wp-content\/uploads\/2023\/11\/lluvia.mp4?_=1\" \/><a href=\"https:\/\/apuntesdesanluis.com\/wp-content\/uploads\/2023\/11\/lluvia.mp4\">https:\/\/apuntesdesanluis.com\/wp-content\/uploads\/2023\/11\/lluvia.mp4<\/a><\/video><\/div>\n<p>&nbsp;<\/p>\n<p>&nbsp;<\/p>\n<p>&nbsp;<\/p>\n<p>&nbsp;<\/p>\n","protected":false},"excerpt":{"rendered":"<p>El dirigente justicialista y funcionario nacional Diego Gonz\u00e1lez, siempre muy activo en las redes sociales,&#8230;<\/p>\n","protected":false},"author":1,"featured_media":6328,"comment_status":"closed","ping_status":"closed","sticky":false,"template":"","format":"standard","meta":{"footnotes":""},"categories":[6],"tags":[],"class_list":["post-6324","post","type-post","status-publish","format-standard","has-post-thumbnail","hentry","category-ciudad-provincia"],"yoast_head":"<!-- This site is optimized with the Yoast SEO plugin v26.1.1 - https:\/\/yoast.com\/wordpress\/plugins\/seo\/ -->\n<title>DIEGO GONZ\u00c1LEZ AHORA ELIGI\u00d3 PELEARSE CON LAS PRIMERAS LIGAS DE LA OPOSICI\u00d3N - Apuntes de San Luis<\/title>\n<meta name=\"robots\" content=\"index, follow, max-snippet:-1, max-image-preview:large, max-video-preview:-1\" \/>\n<link rel=\"canonical\" href=\"https:\/\/apuntesdesanluis.com\/index.php\/2023\/11\/05\/diego-gonzalez-ahora-eligio-pelearse-con-las-primeras-ligas-de-la-oposicion\/\" \/>\n<meta property=\"og:locale\" content=\"es_ES\" \/>\n<meta property=\"og:type\" content=\"article\" \/>\n<meta property=\"og:title\" content=\"DIEGO GONZ\u00c1LEZ AHORA ELIGI\u00d3 PELEARSE CON LAS PRIMERAS LIGAS DE LA OPOSICI\u00d3N - Apuntes de San Luis\" \/>\n<meta property=\"og:description\" content=\"El dirigente justicialista y funcionario nacional Diego Gonz\u00e1lez, siempre muy activo en las redes sociales,...\" \/>\n<meta property=\"og:url\" content=\"https:\/\/apuntesdesanluis.com\/index.php\/2023\/11\/05\/diego-gonzalez-ahora-eligio-pelearse-con-las-primeras-ligas-de-la-oposicion\/\" \/>\n<meta property=\"og:site_name\" content=\"Apuntes de San Luis\" \/>\n<meta property=\"article:published_time\" content=\"2023-11-05T23:13:00+00:00\" \/>\n<meta property=\"article:modified_time\" content=\"2023-11-06T00:59:54+00:00\" \/>\n<meta property=\"og:image\" content=\"https:\/\/apuntesdesanluis.com\/wp-content\/uploads\/2023\/11\/DIEGO-GONZALEZ.jpg\" \/>\n\t<meta property=\"og:image:width\" content=\"549\" \/>\n\t<meta property=\"og:image:height\" content=\"333\" \/>\n\t<meta property=\"og:image:type\" content=\"image\/jpeg\" \/>\n<meta name=\"author\" content=\"apuntesdesanluis.com\" \/>\n<meta name=\"twitter:card\" content=\"summary_large_image\" \/>\n<meta name=\"twitter:label1\" content=\"Escrito por\" \/>\n\t<meta name=\"twitter:data1\" content=\"apuntesdesanluis.com\" \/>\n\t<meta name=\"twitter:label2\" content=\"Tiempo de lectura\" \/>\n\t<meta name=\"twitter:data2\" content=\"3 minutos\" \/>\n<script type=\"application\/ld+json\" class=\"yoast-schema-graph\">{\"@context\":\"https:\/\/schema.org\",\"@graph\":[{\"@type\":\"Article\",\"@id\":\"https:\/\/apuntesdesanluis.com\/index.php\/2023\/11\/05\/diego-gonzalez-ahora-eligio-pelearse-con-las-primeras-ligas-de-la-oposicion\/#article\",\"isPartOf\":{\"@id\":\"https:\/\/apuntesdesanluis.com\/index.php\/2023\/11\/05\/diego-gonzalez-ahora-eligio-pelearse-con-las-primeras-ligas-de-la-oposicion\/\"},\"author\":{\"name\":\"apuntesdesanluis.com\",\"@id\":\"https:\/\/apuntesdesanluis.com\/#\/schema\/person\/b55151d52296fcce64d1a72538a70b90\"},\"headline\":\"DIEGO GONZ\u00c1LEZ AHORA ELIGI\u00d3 PELEARSE CON LAS PRIMERAS LIGAS DE LA OPOSICI\u00d3N\",\"datePublished\":\"2023-11-05T23:13:00+00:00\",\"dateModified\":\"2023-11-06T00:59:54+00:00\",\"mainEntityOfPage\":{\"@id\":\"https:\/\/apuntesdesanluis.com\/index.php\/2023\/11\/05\/diego-gonzalez-ahora-eligio-pelearse-con-las-primeras-ligas-de-la-oposicion\/\"},\"wordCount\":513,\"publisher\":{\"@id\":\"https:\/\/apuntesdesanluis.com\/#\/schema\/person\/b55151d52296fcce64d1a72538a70b90\"},\"image\":{\"@id\":\"https:\/\/apuntesdesanluis.com\/index.php\/2023\/11\/05\/diego-gonzalez-ahora-eligio-pelearse-con-las-primeras-ligas-de-la-oposicion\/#primaryimage\"},\"thumbnailUrl\":\"https:\/\/apuntesdesanluis.com\/wp-content\/uploads\/2023\/11\/DIEGO-GONZALEZ.jpg\",\"articleSection\":[\"Ciudad\/Provincia\"],\"inLanguage\":\"es-AR\"},{\"@type\":\"WebPage\",\"@id\":\"https:\/\/apuntesdesanluis.com\/index.php\/2023\/11\/05\/diego-gonzalez-ahora-eligio-pelearse-con-las-primeras-ligas-de-la-oposicion\/\",\"url\":\"https:\/\/apuntesdesanluis.com\/index.php\/2023\/11\/05\/diego-gonzalez-ahora-eligio-pelearse-con-las-primeras-ligas-de-la-oposicion\/\",\"name\":\"DIEGO GONZ\u00c1LEZ AHORA ELIGI\u00d3 PELEARSE CON LAS PRIMERAS LIGAS DE LA OPOSICI\u00d3N - Apuntes de San Luis\",\"isPartOf\":{\"@id\":\"https:\/\/apuntesdesanluis.com\/#website\"},\"primaryImageOfPage\":{\"@id\":\"https:\/\/apuntesdesanluis.com\/index.php\/2023\/11\/05\/diego-gonzalez-ahora-eligio-pelearse-con-las-primeras-ligas-de-la-oposicion\/#primaryimage\"},\"image\":{\"@id\":\"https:\/\/apuntesdesanluis.com\/index.php\/2023\/11\/05\/diego-gonzalez-ahora-eligio-pelearse-con-las-primeras-ligas-de-la-oposicion\/#primaryimage\"},\"thumbnailUrl\":\"https:\/\/apuntesdesanluis.com\/wp-content\/uploads\/2023\/11\/DIEGO-GONZALEZ.jpg\",\"datePublished\":\"2023-11-05T23:13:00+00:00\",\"dateModified\":\"2023-11-06T00:59:54+00:00\",\"breadcrumb\":{\"@id\":\"https:\/\/apuntesdesanluis.com\/index.php\/2023\/11\/05\/diego-gonzalez-ahora-eligio-pelearse-con-las-primeras-ligas-de-la-oposicion\/#breadcrumb\"},\"inLanguage\":\"es-AR\",\"potentialAction\":[{\"@type\":\"ReadAction\",\"target\":[\"https:\/\/apuntesdesanluis.com\/index.php\/2023\/11\/05\/diego-gonzalez-ahora-eligio-pelearse-con-las-primeras-ligas-de-la-oposicion\/\"]}]},{\"@type\":\"ImageObject\",\"inLanguage\":\"es-AR\",\"@id\":\"https:\/\/apuntesdesanluis.com\/index.php\/2023\/11\/05\/diego-gonzalez-ahora-eligio-pelearse-con-las-primeras-ligas-de-la-oposicion\/#primaryimage\",\"url\":\"https:\/\/apuntesdesanluis.com\/wp-content\/uploads\/2023\/11\/DIEGO-GONZALEZ.jpg\",\"contentUrl\":\"https:\/\/apuntesdesanluis.com\/wp-content\/uploads\/2023\/11\/DIEGO-GONZALEZ.jpg\",\"width\":549,\"height\":333},{\"@type\":\"BreadcrumbList\",\"@id\":\"https:\/\/apuntesdesanluis.com\/index.php\/2023\/11\/05\/diego-gonzalez-ahora-eligio-pelearse-con-las-primeras-ligas-de-la-oposicion\/#breadcrumb\",\"itemListElement\":[{\"@type\":\"ListItem\",\"position\":1,\"name\":\"Inicio\",\"item\":\"https:\/\/apuntesdesanluis.com\/\"},{\"@type\":\"ListItem\",\"position\":2,\"name\":\"DIEGO GONZ\u00c1LEZ AHORA ELIGI\u00d3 PELEARSE CON LAS PRIMERAS LIGAS DE LA OPOSICI\u00d3N\"}]},{\"@type\":\"WebSite\",\"@id\":\"https:\/\/apuntesdesanluis.com\/#website\",\"url\":\"https:\/\/apuntesdesanluis.com\/\",\"name\":\"Apuntes de San Luis\",\"description\":\"\",\"publisher\":{\"@id\":\"https:\/\/apuntesdesanluis.com\/#\/schema\/person\/b55151d52296fcce64d1a72538a70b90\"},\"potentialAction\":[{\"@type\":\"SearchAction\",\"target\":{\"@type\":\"EntryPoint\",\"urlTemplate\":\"https:\/\/apuntesdesanluis.com\/?s={search_term_string}\"},\"query-input\":{\"@type\":\"PropertyValueSpecification\",\"valueRequired\":true,\"valueName\":\"search_term_string\"}}],\"inLanguage\":\"es-AR\"},{\"@type\":[\"Person\",\"Organization\"],\"@id\":\"https:\/\/apuntesdesanluis.com\/#\/schema\/person\/b55151d52296fcce64d1a72538a70b90\",\"name\":\"apuntesdesanluis.com\",\"image\":{\"@type\":\"ImageObject\",\"inLanguage\":\"es-AR\",\"@id\":\"https:\/\/apuntesdesanluis.com\/#\/schema\/person\/image\/\",\"url\":\"https:\/\/apuntesdesanluis.com\/wp-content\/uploads\/2023\/07\/cropped-apuntesdesanluis.png\",\"contentUrl\":\"https:\/\/apuntesdesanluis.com\/wp-content\/uploads\/2023\/07\/cropped-apuntesdesanluis.png\",\"width\":450,\"height\":112,\"caption\":\"apuntesdesanluis.com\"},\"logo\":{\"@id\":\"https:\/\/apuntesdesanluis.com\/#\/schema\/person\/image\/\"},\"sameAs\":[\"https:\/\/apuntesdesanluis.com\"],\"url\":\"https:\/\/apuntesdesanluis.com\/index.php\/author\/apuntesdesanluis-com\/\"}]}<\/script>\n<!-- \/ Yoast SEO plugin. -->","yoast_head_json":{"title":"DIEGO GONZ\u00c1LEZ AHORA ELIGI\u00d3 PELEARSE CON LAS PRIMERAS LIGAS DE LA OPOSICI\u00d3N - Apuntes de San Luis","robots":{"index":"index","follow":"follow","max-snippet":"max-snippet:-1","max-image-preview":"max-image-preview:large","max-video-preview":"max-video-preview:-1"},"canonical":"https:\/\/apuntesdesanluis.com\/index.php\/2023\/11\/05\/diego-gonzalez-ahora-eligio-pelearse-con-las-primeras-ligas-de-la-oposicion\/","og_locale":"es_ES","og_type":"article","og_title":"DIEGO GONZ\u00c1LEZ AHORA ELIGI\u00d3 PELEARSE CON LAS PRIMERAS LIGAS DE LA OPOSICI\u00d3N - Apuntes de San Luis","og_description":"El dirigente justicialista y funcionario nacional Diego Gonz\u00e1lez, siempre muy activo en las redes sociales,...","og_url":"https:\/\/apuntesdesanluis.com\/index.php\/2023\/11\/05\/diego-gonzalez-ahora-eligio-pelearse-con-las-primeras-ligas-de-la-oposicion\/","og_site_name":"Apuntes de San Luis","article_published_time":"2023-11-05T23:13:00+00:00","article_modified_time":"2023-11-06T00:59:54+00:00","og_image":[{"width":549,"height":333,"url":"https:\/\/apuntesdesanluis.com\/wp-content\/uploads\/2023\/11\/DIEGO-GONZALEZ.jpg","type":"image\/jpeg"}],"author":"apuntesdesanluis.com","twitter_card":"summary_large_image","twitter_misc":{"Escrito por":"apuntesdesanluis.com","Tiempo de lectura":"3 minutos"},"schema":{"@context":"https:\/\/schema.org","@graph":[{"@type":"Article","@id":"https:\/\/apuntesdesanluis.com\/index.php\/2023\/11\/05\/diego-gonzalez-ahora-eligio-pelearse-con-las-primeras-ligas-de-la-oposicion\/#article","isPartOf":{"@id":"https:\/\/apuntesdesanluis.com\/index.php\/2023\/11\/05\/diego-gonzalez-ahora-eligio-pelearse-con-las-primeras-ligas-de-la-oposicion\/"},"author":{"name":"apuntesdesanluis.com","@id":"https:\/\/apuntesdesanluis.com\/#\/schema\/person\/b55151d52296fcce64d1a72538a70b90"},"headline":"DIEGO GONZ\u00c1LEZ AHORA ELIGI\u00d3 PELEARSE CON LAS PRIMERAS LIGAS DE LA OPOSICI\u00d3N","datePublished":"2023-11-05T23:13:00+00:00","dateModified":"2023-11-06T00:59:54+00:00","mainEntityOfPage":{"@id":"https:\/\/apuntesdesanluis.com\/index.php\/2023\/11\/05\/diego-gonzalez-ahora-eligio-pelearse-con-las-primeras-ligas-de-la-oposicion\/"},"wordCount":513,"publisher":{"@id":"https:\/\/apuntesdesanluis.com\/#\/schema\/person\/b55151d52296fcce64d1a72538a70b90"},"image":{"@id":"https:\/\/apuntesdesanluis.com\/index.php\/2023\/11\/05\/diego-gonzalez-ahora-eligio-pelearse-con-las-primeras-ligas-de-la-oposicion\/#primaryimage"},"thumbnailUrl":"https:\/\/apuntesdesanluis.com\/wp-content\/uploads\/2023\/11\/DIEGO-GONZALEZ.jpg","articleSection":["Ciudad\/Provincia"],"inLanguage":"es-AR"},{"@type":"WebPage","@id":"https:\/\/apuntesdesanluis.com\/index.php\/2023\/11\/05\/diego-gonzalez-ahora-eligio-pelearse-con-las-primeras-ligas-de-la-oposicion\/","url":"https:\/\/apuntesdesanluis.com\/index.php\/2023\/11\/05\/diego-gonzalez-ahora-eligio-pelearse-con-las-primeras-ligas-de-la-oposicion\/","name":"DIEGO GONZ\u00c1LEZ AHORA ELIGI\u00d3 PELEARSE CON LAS PRIMERAS LIGAS DE LA OPOSICI\u00d3N - Apuntes de San Luis","isPartOf":{"@id":"https:\/\/apuntesdesanluis.com\/#website"},"primaryImageOfPage":{"@id":"https:\/\/apuntesdesanluis.com\/index.php\/2023\/11\/05\/diego-gonzalez-ahora-eligio-pelearse-con-las-primeras-ligas-de-la-oposicion\/#primaryimage"},"image":{"@id":"https:\/\/apuntesdesanluis.com\/index.php\/2023\/11\/05\/diego-gonzalez-ahora-eligio-pelearse-con-las-primeras-ligas-de-la-oposicion\/#primaryimage"},"thumbnailUrl":"https:\/\/apuntesdesanluis.com\/wp-content\/uploads\/2023\/11\/DIEGO-GONZALEZ.jpg","datePublished":"2023-11-05T23:13:00+00:00","dateModified":"2023-11-06T00:59:54+00:00","breadcrumb":{"@id":"https:\/\/apuntesdesanluis.com\/index.php\/2023\/11\/05\/diego-gonzalez-ahora-eligio-pelearse-con-las-primeras-ligas-de-la-oposicion\/#breadcrumb"},"inLanguage":"es-AR","potentialAction":[{"@type":"ReadAction","target":["https:\/\/apuntesdesanluis.com\/index.php\/2023\/11\/05\/diego-gonzalez-ahora-eligio-pelearse-con-las-primeras-ligas-de-la-oposicion\/"]}]},{"@type":"ImageObject","inLanguage":"es-AR","@id":"https:\/\/apuntesdesanluis.com\/index.php\/2023\/11\/05\/diego-gonzalez-ahora-eligio-pelearse-con-las-primeras-ligas-de-la-oposicion\/#primaryimage","url":"https:\/\/apuntesdesanluis.com\/wp-content\/uploads\/2023\/11\/DIEGO-GONZALEZ.jpg","contentUrl":"https:\/\/apuntesdesanluis.com\/wp-content\/uploads\/2023\/11\/DIEGO-GONZALEZ.jpg","width":549,"height":333},{"@type":"BreadcrumbList","@id":"https:\/\/apuntesdesanluis.com\/index.php\/2023\/11\/05\/diego-gonzalez-ahora-eligio-pelearse-con-las-primeras-ligas-de-la-oposicion\/#breadcrumb","itemListElement":[{"@type":"ListItem","position":1,"name":"Inicio","item":"https:\/\/apuntesdesanluis.com\/"},{"@type":"ListItem","position":2,"name":"DIEGO GONZ\u00c1LEZ AHORA ELIGI\u00d3 PELEARSE CON LAS PRIMERAS LIGAS DE LA OPOSICI\u00d3N"}]},{"@type":"WebSite","@id":"https:\/\/apuntesdesanluis.com\/#website","url":"https:\/\/apuntesdesanluis.com\/","name":"Apuntes de San Luis","description":"","publisher":{"@id":"https:\/\/apuntesdesanluis.com\/#\/schema\/person\/b55151d52296fcce64d1a72538a70b90"},"potentialAction":[{"@type":"SearchAction","target":{"@type":"EntryPoint","urlTemplate":"https:\/\/apuntesdesanluis.com\/?s={search_term_string}"},"query-input":{"@type":"PropertyValueSpecification","valueRequired":true,"valueName":"search_term_string"}}],"inLanguage":"es-AR"},{"@type":["Person","Organization"],"@id":"https:\/\/apuntesdesanluis.com\/#\/schema\/person\/b55151d52296fcce64d1a72538a70b90","name":"apuntesdesanluis.com","image":{"@type":"ImageObject","inLanguage":"es-AR","@id":"https:\/\/apuntesdesanluis.com\/#\/schema\/person\/image\/","url":"https:\/\/apuntesdesanluis.com\/wp-content\/uploads\/2023\/07\/cropped-apuntesdesanluis.png","contentUrl":"https:\/\/apuntesdesanluis.com\/wp-content\/uploads\/2023\/07\/cropped-apuntesdesanluis.png","width":450,"height":112,"caption":"apuntesdesanluis.com"},"logo":{"@id":"https:\/\/apuntesdesanluis.com\/#\/schema\/person\/image\/"},"sameAs":["https:\/\/apuntesdesanluis.com"],"url":"https:\/\/apuntesdesanluis.com\/index.php\/author\/apuntesdesanluis-com\/"}]}},"featured_image_urls":{"full":["https:\/\/apuntesdesanluis.com\/wp-content\/uploads\/2023\/11\/DIEGO-GONZALEZ.jpg",549,333,false],"thumbnail":["https:\/\/apuntesdesanluis.com\/wp-content\/uploads\/2023\/11\/DIEGO-GONZALEZ-150x150.jpg",150,150,true],"medium":["https:\/\/apuntesdesanluis.com\/wp-content\/uploads\/2023\/11\/DIEGO-GONZALEZ-300x182.jpg",300,182,true],"medium_large":["https:\/\/apuntesdesanluis.com\/wp-content\/uploads\/2023\/11\/DIEGO-GONZALEZ.jpg",549,333,false],"large":["https:\/\/apuntesdesanluis.com\/wp-content\/uploads\/2023\/11\/DIEGO-GONZALEZ.jpg",549,333,false],"1536x1536":["https:\/\/apuntesdesanluis.com\/wp-content\/uploads\/2023\/11\/DIEGO-GONZALEZ.jpg",549,333,false],"2048x2048":["https:\/\/apuntesdesanluis.com\/wp-content\/uploads\/2023\/11\/DIEGO-GONZALEZ.jpg",549,333,false],"newsever-slider-full":["https:\/\/apuntesdesanluis.com\/wp-content\/uploads\/2023\/11\/DIEGO-GONZALEZ.jpg",549,333,false],"newsever-featured":["https:\/\/apuntesdesanluis.com\/wp-content\/uploads\/2023\/11\/DIEGO-GONZALEZ.jpg",549,333,false],"newsever-medium":["https:\/\/apuntesdesanluis.com\/wp-content\/uploads\/2023\/11\/DIEGO-GONZALEZ.jpg",549,333,false]},"author_info":{"display_name":"apuntesdesanluis.com","author_link":"https:\/\/apuntesdesanluis.com\/index.php\/author\/apuntesdesanluis-com\/"},"category_info":"<a href=\"https:\/\/apuntesdesanluis.com\/index.php\/category\/ciudad-provincia\/\" rel=\"category tag\">Ciudad\/Provincia<\/a>","tag_info":"Ciudad\/Provincia","comment_count":"0","_links":{"self":[{"href":"https:\/\/apuntesdesanluis.com\/index.php\/wp-json\/wp\/v2\/posts\/6324","targetHints":{"allow":["GET"]}}],"collection":[{"href":"https:\/\/apuntesdesanluis.com\/index.php\/wp-json\/wp\/v2\/posts"}],"about":[{"href":"https:\/\/apuntesdesanluis.com\/index.php\/wp-json\/wp\/v2\/types\/post"}],"author":[{"embeddable":true,"href":"https:\/\/apuntesdesanluis.com\/index.php\/wp-json\/wp\/v2\/users\/1"}],"replies":[{"embeddable":true,"href":"https:\/\/apuntesdesanluis.com\/index.php\/wp-json\/wp\/v2\/comments?post=6324"}],"version-history":[{"count":9,"href":"https:\/\/apuntesdesanluis.com\/index.php\/wp-json\/wp\/v2\/posts\/6324\/revisions"}],"predecessor-version":[{"id":6344,"href":"https:\/\/apuntesdesanluis.com\/index.php\/wp-json\/wp\/v2\/posts\/6324\/revisions\/6344"}],"wp:featuredmedia":[{"embeddable":true,"href":"https:\/\/apuntesdesanluis.com\/index.php\/wp-json\/wp\/v2\/media\/6328"}],"wp:attachment":[{"href":"https:\/\/apuntesdesanluis.com\/index.php\/wp-json\/wp\/v2\/media?parent=6324"}],"wp:term":[{"taxonomy":"category","embeddable":true,"href":"https:\/\/apuntesdesanluis.com\/index.php\/wp-json\/wp\/v2\/categories?post=6324"},{"taxonomy":"post_tag","embeddable":true,"href":"https:\/\/apuntesdesanluis.com\/index.php\/wp-json\/wp\/v2\/tags?post=6324"}],"curies":[{"name":"wp","href":"https:\/\/api.w.org\/{rel}","templated":true}]}}