{"id":6345,"date":"2023-11-05T22:07:17","date_gmt":"2023-11-06T01:07:17","guid":{"rendered":"https:\/\/apuntesdesanluis.com\/?p=6345"},"modified":"2023-11-05T22:07:17","modified_gmt":"2023-11-06T01:07:17","slug":"jorge-almiron-renuncio-como-tecnico-de-boca-juniors-tras-perder-la-final-de-la-copa-libertadores","status":"publish","type":"post","link":"https:\/\/apuntesdesanluis.com\/index.php\/2023\/11\/05\/jorge-almiron-renuncio-como-tecnico-de-boca-juniors-tras-perder-la-final-de-la-copa-libertadores\/","title":{"rendered":"JORGE ALMIR\u00d3N RENUNCI\u00d3 COMO T\u00c9CNICO DE BOCA JUNIORS TRAS PERDER LA FINAL DE LA COPA LIBERTADORES"},"content":{"rendered":"<h3>Boca Juniors sufri\u00f3 el primer coletazo tras perder la final de la Copa Libertadores 2-1 ante Fluminense en el estadio Maracan\u00e1: el entrenador <strong>Jorge Almir\u00f3n<\/strong> renunci\u00f3 a su cargo minutos despu\u00e9s de que arrib\u00f3 a la Argentina junto a la delegaci\u00f3n.<\/h3>\n<h3>El ex Lan\u00fas, Elche y San Lorenzo le comunic\u00f3 su decisi\u00f3n a Juan Rom\u00e1n Riquelme, vicepresidente de la instituci\u00f3n. As\u00ed, el mi\u00e9rcoles, d\u00eda en el que el Xeneize deber\u00e1 afrontar el cl\u00e1sico ante San Lorenzo por la Copa de la Liga, todo indica que al frente del grupo estar\u00e1 Mariano Herr\u00f3n, orientador de la Reserva. Y que cerrar\u00e1 \u00e9l la temporada, mientras se define al conductor para 2024.<\/h3>\n<h3>El DT, de 52 a\u00f1os, hab\u00eda asumido para reemplazar al Negro Ibarra y, si bien llev\u00f3 al equipo a la definici\u00f3n continental y est\u00e1 en semifinales de Copa Argentina, no termin\u00f3 de entrar en el coraz\u00f3n del hincha, a partir de la irregularidad del ciclo. En la conferencia de prensa post tropiezo, no hab\u00eda dejado se\u00f1ales de una determinaci\u00f3n de este tipo.<\/h3>\n<h3>\u201cEstamos saliendo reci\u00e9n del partido, no hay mucho para pensar, solamente el dolor y esa sensaci\u00f3n. Veremos c\u00f3mo sigue todo, hay que levantarse siempre, es un club muy grande\u201d, dijo, abriendo la puerta pensando en el futuro. Su contrato se venc\u00eda en diciembre y su tarea hasta en este periodo iba a estar bajo la lupa. De vencer el oficialismo, con Riquelme a la cabeza, en las elecciones, sus chances de renovaci\u00f3n iban a depender de los resultados.<\/h3>\n<h3>Es que las pr\u00f3ximas semanas de competencia son determinantes para el conjunto de La Ribera, porque no tiene garantizado el boleto para la Libertadores 2024. El Xeneize est\u00e1 a 6 puntos de la zona de ingreso a los playoffs de la Copa de la Liga, en v\u00edsperas de su visita a San Lorenzo este mi\u00e9rcoles, y a 3 unidades de la l\u00ednea de clasificaci\u00f3n a la Libertadores 2024 por Tabla Anual, pero tambi\u00e9n a 2 de quedar afuera de entrada a la sudamericana.<\/h3>\n<p>&nbsp;<\/p>\n<p>&nbsp;<\/p>\n<p>&nbsp;<\/p>\n","protected":false},"excerpt":{"rendered":"<p>Boca Juniors sufri\u00f3 el primer coletazo tras perder la final de la Copa Libertadores 2-1&#8230;<\/p>\n","protected":false},"author":1,"featured_media":6346,"comment_status":"closed","ping_status":"closed","sticky":false,"template":"","format":"standard","meta":{"footnotes":""},"categories":[8,5],"tags":[],"class_list":["post-6345","post","type-post","status-publish","format-standard","has-post-thumbnail","hentry","category-deportes","category-nacionales-internacionales"],"yoast_head":"<!-- This site is optimized with the Yoast SEO plugin v26.1.1 - https:\/\/yoast.com\/wordpress\/plugins\/seo\/ -->\n<title>JORGE ALMIR\u00d3N RENUNCI\u00d3 COMO T\u00c9CNICO DE BOCA JUNIORS TRAS PERDER LA FINAL DE LA COPA LIBERTADORES - Apuntes de San Luis<\/title>\n<meta name=\"robots\" content=\"index, follow, max-snippet:-1, max-image-preview:large, max-video-preview:-1\" \/>\n<link rel=\"canonical\" href=\"https:\/\/apuntesdesanluis.com\/index.php\/2023\/11\/05\/jorge-almiron-renuncio-como-tecnico-de-boca-juniors-tras-perder-la-final-de-la-copa-libertadores\/\" \/>\n<meta property=\"og:locale\" content=\"es_ES\" \/>\n<meta property=\"og:type\" content=\"article\" \/>\n<meta property=\"og:title\" content=\"JORGE ALMIR\u00d3N RENUNCI\u00d3 COMO T\u00c9CNICO DE BOCA JUNIORS TRAS PERDER LA FINAL DE LA COPA LIBERTADORES - Apuntes de San Luis\" \/>\n<meta property=\"og:description\" content=\"Boca Juniors sufri\u00f3 el primer coletazo tras perder la final de la Copa Libertadores 2-1...\" \/>\n<meta property=\"og:url\" content=\"https:\/\/apuntesdesanluis.com\/index.php\/2023\/11\/05\/jorge-almiron-renuncio-como-tecnico-de-boca-juniors-tras-perder-la-final-de-la-copa-libertadores\/\" \/>\n<meta property=\"og:site_name\" content=\"Apuntes de San Luis\" \/>\n<meta property=\"article:published_time\" content=\"2023-11-06T01:07:17+00:00\" \/>\n<meta property=\"og:image\" content=\"https:\/\/apuntesdesanluis.com\/wp-content\/uploads\/2023\/11\/almiron.png\" \/>\n\t<meta property=\"og:image:width\" content=\"600\" \/>\n\t<meta property=\"og:image:height\" content=\"365\" \/>\n\t<meta property=\"og:image:type\" content=\"image\/png\" \/>\n<meta name=\"author\" content=\"apuntesdesanluis.com\" \/>\n<meta name=\"twitter:card\" content=\"summary_large_image\" \/>\n<meta name=\"twitter:label1\" content=\"Escrito por\" \/>\n\t<meta name=\"twitter:data1\" content=\"apuntesdesanluis.com\" \/>\n\t<meta name=\"twitter:label2\" content=\"Tiempo de lectura\" \/>\n\t<meta name=\"twitter:data2\" content=\"2 minutos\" \/>\n<script type=\"application\/ld+json\" class=\"yoast-schema-graph\">{\"@context\":\"https:\/\/schema.org\",\"@graph\":[{\"@type\":\"Article\",\"@id\":\"https:\/\/apuntesdesanluis.com\/index.php\/2023\/11\/05\/jorge-almiron-renuncio-como-tecnico-de-boca-juniors-tras-perder-la-final-de-la-copa-libertadores\/#article\",\"isPartOf\":{\"@id\":\"https:\/\/apuntesdesanluis.com\/index.php\/2023\/11\/05\/jorge-almiron-renuncio-como-tecnico-de-boca-juniors-tras-perder-la-final-de-la-copa-libertadores\/\"},\"author\":{\"name\":\"apuntesdesanluis.com\",\"@id\":\"https:\/\/apuntesdesanluis.com\/#\/schema\/person\/b55151d52296fcce64d1a72538a70b90\"},\"headline\":\"JORGE ALMIR\u00d3N RENUNCI\u00d3 COMO T\u00c9CNICO DE BOCA JUNIORS TRAS PERDER LA FINAL DE LA COPA LIBERTADORES\",\"datePublished\":\"2023-11-06T01:07:17+00:00\",\"mainEntityOfPage\":{\"@id\":\"https:\/\/apuntesdesanluis.com\/index.php\/2023\/11\/05\/jorge-almiron-renuncio-como-tecnico-de-boca-juniors-tras-perder-la-final-de-la-copa-libertadores\/\"},\"wordCount\":375,\"publisher\":{\"@id\":\"https:\/\/apuntesdesanluis.com\/#\/schema\/person\/b55151d52296fcce64d1a72538a70b90\"},\"image\":{\"@id\":\"https:\/\/apuntesdesanluis.com\/index.php\/2023\/11\/05\/jorge-almiron-renuncio-como-tecnico-de-boca-juniors-tras-perder-la-final-de-la-copa-libertadores\/#primaryimage\"},\"thumbnailUrl\":\"https:\/\/apuntesdesanluis.com\/wp-content\/uploads\/2023\/11\/almiron.png\",\"articleSection\":[\"Deportes\",\"Nacionales\/Internacionales\"],\"inLanguage\":\"es-AR\"},{\"@type\":\"WebPage\",\"@id\":\"https:\/\/apuntesdesanluis.com\/index.php\/2023\/11\/05\/jorge-almiron-renuncio-como-tecnico-de-boca-juniors-tras-perder-la-final-de-la-copa-libertadores\/\",\"url\":\"https:\/\/apuntesdesanluis.com\/index.php\/2023\/11\/05\/jorge-almiron-renuncio-como-tecnico-de-boca-juniors-tras-perder-la-final-de-la-copa-libertadores\/\",\"name\":\"JORGE ALMIR\u00d3N RENUNCI\u00d3 COMO T\u00c9CNICO DE BOCA JUNIORS TRAS PERDER LA FINAL DE LA COPA LIBERTADORES - Apuntes de San Luis\",\"isPartOf\":{\"@id\":\"https:\/\/apuntesdesanluis.com\/#website\"},\"primaryImageOfPage\":{\"@id\":\"https:\/\/apuntesdesanluis.com\/index.php\/2023\/11\/05\/jorge-almiron-renuncio-como-tecnico-de-boca-juniors-tras-perder-la-final-de-la-copa-libertadores\/#primaryimage\"},\"image\":{\"@id\":\"https:\/\/apuntesdesanluis.com\/index.php\/2023\/11\/05\/jorge-almiron-renuncio-como-tecnico-de-boca-juniors-tras-perder-la-final-de-la-copa-libertadores\/#primaryimage\"},\"thumbnailUrl\":\"https:\/\/apuntesdesanluis.com\/wp-content\/uploads\/2023\/11\/almiron.png\",\"datePublished\":\"2023-11-06T01:07:17+00:00\",\"breadcrumb\":{\"@id\":\"https:\/\/apuntesdesanluis.com\/index.php\/2023\/11\/05\/jorge-almiron-renuncio-como-tecnico-de-boca-juniors-tras-perder-la-final-de-la-copa-libertadores\/#breadcrumb\"},\"inLanguage\":\"es-AR\",\"potentialAction\":[{\"@type\":\"ReadAction\",\"target\":[\"https:\/\/apuntesdesanluis.com\/index.php\/2023\/11\/05\/jorge-almiron-renuncio-como-tecnico-de-boca-juniors-tras-perder-la-final-de-la-copa-libertadores\/\"]}]},{\"@type\":\"ImageObject\",\"inLanguage\":\"es-AR\",\"@id\":\"https:\/\/apuntesdesanluis.com\/index.php\/2023\/11\/05\/jorge-almiron-renuncio-como-tecnico-de-boca-juniors-tras-perder-la-final-de-la-copa-libertadores\/#primaryimage\",\"url\":\"https:\/\/apuntesdesanluis.com\/wp-content\/uploads\/2023\/11\/almiron.png\",\"contentUrl\":\"https:\/\/apuntesdesanluis.com\/wp-content\/uploads\/2023\/11\/almiron.png\",\"width\":600,\"height\":365},{\"@type\":\"BreadcrumbList\",\"@id\":\"https:\/\/apuntesdesanluis.com\/index.php\/2023\/11\/05\/jorge-almiron-renuncio-como-tecnico-de-boca-juniors-tras-perder-la-final-de-la-copa-libertadores\/#breadcrumb\",\"itemListElement\":[{\"@type\":\"ListItem\",\"position\":1,\"name\":\"Inicio\",\"item\":\"https:\/\/apuntesdesanluis.com\/\"},{\"@type\":\"ListItem\",\"position\":2,\"name\":\"JORGE ALMIR\u00d3N RENUNCI\u00d3 COMO T\u00c9CNICO DE BOCA JUNIORS TRAS PERDER LA FINAL DE LA COPA LIBERTADORES\"}]},{\"@type\":\"WebSite\",\"@id\":\"https:\/\/apuntesdesanluis.com\/#website\",\"url\":\"https:\/\/apuntesdesanluis.com\/\",\"name\":\"Apuntes de San Luis\",\"description\":\"\",\"publisher\":{\"@id\":\"https:\/\/apuntesdesanluis.com\/#\/schema\/person\/b55151d52296fcce64d1a72538a70b90\"},\"potentialAction\":[{\"@type\":\"SearchAction\",\"target\":{\"@type\":\"EntryPoint\",\"urlTemplate\":\"https:\/\/apuntesdesanluis.com\/?s={search_term_string}\"},\"query-input\":{\"@type\":\"PropertyValueSpecification\",\"valueRequired\":true,\"valueName\":\"search_term_string\"}}],\"inLanguage\":\"es-AR\"},{\"@type\":[\"Person\",\"Organization\"],\"@id\":\"https:\/\/apuntesdesanluis.com\/#\/schema\/person\/b55151d52296fcce64d1a72538a70b90\",\"name\":\"apuntesdesanluis.com\",\"image\":{\"@type\":\"ImageObject\",\"inLanguage\":\"es-AR\",\"@id\":\"https:\/\/apuntesdesanluis.com\/#\/schema\/person\/image\/\",\"url\":\"https:\/\/apuntesdesanluis.com\/wp-content\/uploads\/2023\/07\/cropped-apuntesdesanluis.png\",\"contentUrl\":\"https:\/\/apuntesdesanluis.com\/wp-content\/uploads\/2023\/07\/cropped-apuntesdesanluis.png\",\"width\":450,\"height\":112,\"caption\":\"apuntesdesanluis.com\"},\"logo\":{\"@id\":\"https:\/\/apuntesdesanluis.com\/#\/schema\/person\/image\/\"},\"sameAs\":[\"https:\/\/apuntesdesanluis.com\"],\"url\":\"https:\/\/apuntesdesanluis.com\/index.php\/author\/apuntesdesanluis-com\/\"}]}<\/script>\n<!-- \/ Yoast SEO plugin. -->","yoast_head_json":{"title":"JORGE ALMIR\u00d3N RENUNCI\u00d3 COMO T\u00c9CNICO DE BOCA JUNIORS TRAS PERDER LA FINAL DE LA COPA LIBERTADORES - Apuntes de San Luis","robots":{"index":"index","follow":"follow","max-snippet":"max-snippet:-1","max-image-preview":"max-image-preview:large","max-video-preview":"max-video-preview:-1"},"canonical":"https:\/\/apuntesdesanluis.com\/index.php\/2023\/11\/05\/jorge-almiron-renuncio-como-tecnico-de-boca-juniors-tras-perder-la-final-de-la-copa-libertadores\/","og_locale":"es_ES","og_type":"article","og_title":"JORGE ALMIR\u00d3N RENUNCI\u00d3 COMO T\u00c9CNICO DE BOCA JUNIORS TRAS PERDER LA FINAL DE LA COPA LIBERTADORES - Apuntes de San Luis","og_description":"Boca Juniors sufri\u00f3 el primer coletazo tras perder la final de la Copa Libertadores 2-1...","og_url":"https:\/\/apuntesdesanluis.com\/index.php\/2023\/11\/05\/jorge-almiron-renuncio-como-tecnico-de-boca-juniors-tras-perder-la-final-de-la-copa-libertadores\/","og_site_name":"Apuntes de San Luis","article_published_time":"2023-11-06T01:07:17+00:00","og_image":[{"width":600,"height":365,"url":"https:\/\/apuntesdesanluis.com\/wp-content\/uploads\/2023\/11\/almiron.png","type":"image\/png"}],"author":"apuntesdesanluis.com","twitter_card":"summary_large_image","twitter_misc":{"Escrito por":"apuntesdesanluis.com","Tiempo de lectura":"2 minutos"},"schema":{"@context":"https:\/\/schema.org","@graph":[{"@type":"Article","@id":"https:\/\/apuntesdesanluis.com\/index.php\/2023\/11\/05\/jorge-almiron-renuncio-como-tecnico-de-boca-juniors-tras-perder-la-final-de-la-copa-libertadores\/#article","isPartOf":{"@id":"https:\/\/apuntesdesanluis.com\/index.php\/2023\/11\/05\/jorge-almiron-renuncio-como-tecnico-de-boca-juniors-tras-perder-la-final-de-la-copa-libertadores\/"},"author":{"name":"apuntesdesanluis.com","@id":"https:\/\/apuntesdesanluis.com\/#\/schema\/person\/b55151d52296fcce64d1a72538a70b90"},"headline":"JORGE ALMIR\u00d3N RENUNCI\u00d3 COMO T\u00c9CNICO DE BOCA JUNIORS TRAS PERDER LA FINAL DE LA COPA LIBERTADORES","datePublished":"2023-11-06T01:07:17+00:00","mainEntityOfPage":{"@id":"https:\/\/apuntesdesanluis.com\/index.php\/2023\/11\/05\/jorge-almiron-renuncio-como-tecnico-de-boca-juniors-tras-perder-la-final-de-la-copa-libertadores\/"},"wordCount":375,"publisher":{"@id":"https:\/\/apuntesdesanluis.com\/#\/schema\/person\/b55151d52296fcce64d1a72538a70b90"},"image":{"@id":"https:\/\/apuntesdesanluis.com\/index.php\/2023\/11\/05\/jorge-almiron-renuncio-como-tecnico-de-boca-juniors-tras-perder-la-final-de-la-copa-libertadores\/#primaryimage"},"thumbnailUrl":"https:\/\/apuntesdesanluis.com\/wp-content\/uploads\/2023\/11\/almiron.png","articleSection":["Deportes","Nacionales\/Internacionales"],"inLanguage":"es-AR"},{"@type":"WebPage","@id":"https:\/\/apuntesdesanluis.com\/index.php\/2023\/11\/05\/jorge-almiron-renuncio-como-tecnico-de-boca-juniors-tras-perder-la-final-de-la-copa-libertadores\/","url":"https:\/\/apuntesdesanluis.com\/index.php\/2023\/11\/05\/jorge-almiron-renuncio-como-tecnico-de-boca-juniors-tras-perder-la-final-de-la-copa-libertadores\/","name":"JORGE ALMIR\u00d3N RENUNCI\u00d3 COMO T\u00c9CNICO DE BOCA JUNIORS TRAS PERDER LA FINAL DE LA COPA LIBERTADORES - Apuntes de San Luis","isPartOf":{"@id":"https:\/\/apuntesdesanluis.com\/#website"},"primaryImageOfPage":{"@id":"https:\/\/apuntesdesanluis.com\/index.php\/2023\/11\/05\/jorge-almiron-renuncio-como-tecnico-de-boca-juniors-tras-perder-la-final-de-la-copa-libertadores\/#primaryimage"},"image":{"@id":"https:\/\/apuntesdesanluis.com\/index.php\/2023\/11\/05\/jorge-almiron-renuncio-como-tecnico-de-boca-juniors-tras-perder-la-final-de-la-copa-libertadores\/#primaryimage"},"thumbnailUrl":"https:\/\/apuntesdesanluis.com\/wp-content\/uploads\/2023\/11\/almiron.png","datePublished":"2023-11-06T01:07:17+00:00","breadcrumb":{"@id":"https:\/\/apuntesdesanluis.com\/index.php\/2023\/11\/05\/jorge-almiron-renuncio-como-tecnico-de-boca-juniors-tras-perder-la-final-de-la-copa-libertadores\/#breadcrumb"},"inLanguage":"es-AR","potentialAction":[{"@type":"ReadAction","target":["https:\/\/apuntesdesanluis.com\/index.php\/2023\/11\/05\/jorge-almiron-renuncio-como-tecnico-de-boca-juniors-tras-perder-la-final-de-la-copa-libertadores\/"]}]},{"@type":"ImageObject","inLanguage":"es-AR","@id":"https:\/\/apuntesdesanluis.com\/index.php\/2023\/11\/05\/jorge-almiron-renuncio-como-tecnico-de-boca-juniors-tras-perder-la-final-de-la-copa-libertadores\/#primaryimage","url":"https:\/\/apuntesdesanluis.com\/wp-content\/uploads\/2023\/11\/almiron.png","contentUrl":"https:\/\/apuntesdesanluis.com\/wp-content\/uploads\/2023\/11\/almiron.png","width":600,"height":365},{"@type":"BreadcrumbList","@id":"https:\/\/apuntesdesanluis.com\/index.php\/2023\/11\/05\/jorge-almiron-renuncio-como-tecnico-de-boca-juniors-tras-perder-la-final-de-la-copa-libertadores\/#breadcrumb","itemListElement":[{"@type":"ListItem","position":1,"name":"Inicio","item":"https:\/\/apuntesdesanluis.com\/"},{"@type":"ListItem","position":2,"name":"JORGE ALMIR\u00d3N RENUNCI\u00d3 COMO T\u00c9CNICO DE BOCA JUNIORS TRAS PERDER LA FINAL DE LA COPA LIBERTADORES"}]},{"@type":"WebSite","@id":"https:\/\/apuntesdesanluis.com\/#website","url":"https:\/\/apuntesdesanluis.com\/","name":"Apuntes de San Luis","description":"","publisher":{"@id":"https:\/\/apuntesdesanluis.com\/#\/schema\/person\/b55151d52296fcce64d1a72538a70b90"},"potentialAction":[{"@type":"SearchAction","target":{"@type":"EntryPoint","urlTemplate":"https:\/\/apuntesdesanluis.com\/?s={search_term_string}"},"query-input":{"@type":"PropertyValueSpecification","valueRequired":true,"valueName":"search_term_string"}}],"inLanguage":"es-AR"},{"@type":["Person","Organization"],"@id":"https:\/\/apuntesdesanluis.com\/#\/schema\/person\/b55151d52296fcce64d1a72538a70b90","name":"apuntesdesanluis.com","image":{"@type":"ImageObject","inLanguage":"es-AR","@id":"https:\/\/apuntesdesanluis.com\/#\/schema\/person\/image\/","url":"https:\/\/apuntesdesanluis.com\/wp-content\/uploads\/2023\/07\/cropped-apuntesdesanluis.png","contentUrl":"https:\/\/apuntesdesanluis.com\/wp-content\/uploads\/2023\/07\/cropped-apuntesdesanluis.png","width":450,"height":112,"caption":"apuntesdesanluis.com"},"logo":{"@id":"https:\/\/apuntesdesanluis.com\/#\/schema\/person\/image\/"},"sameAs":["https:\/\/apuntesdesanluis.com"],"url":"https:\/\/apuntesdesanluis.com\/index.php\/author\/apuntesdesanluis-com\/"}]}},"featured_image_urls":{"full":["https:\/\/apuntesdesanluis.com\/wp-content\/uploads\/2023\/11\/almiron.png",600,365,false],"thumbnail":["https:\/\/apuntesdesanluis.com\/wp-content\/uploads\/2023\/11\/almiron-150x150.png",150,150,true],"medium":["https:\/\/apuntesdesanluis.com\/wp-content\/uploads\/2023\/11\/almiron-300x183.png",300,183,true],"medium_large":["https:\/\/apuntesdesanluis.com\/wp-content\/uploads\/2023\/11\/almiron.png",600,365,false],"large":["https:\/\/apuntesdesanluis.com\/wp-content\/uploads\/2023\/11\/almiron.png",600,365,false],"1536x1536":["https:\/\/apuntesdesanluis.com\/wp-content\/uploads\/2023\/11\/almiron.png",600,365,false],"2048x2048":["https:\/\/apuntesdesanluis.com\/wp-content\/uploads\/2023\/11\/almiron.png",600,365,false],"newsever-slider-full":["https:\/\/apuntesdesanluis.com\/wp-content\/uploads\/2023\/11\/almiron.png",600,365,false],"newsever-featured":["https:\/\/apuntesdesanluis.com\/wp-content\/uploads\/2023\/11\/almiron.png",600,365,false],"newsever-medium":["https:\/\/apuntesdesanluis.com\/wp-content\/uploads\/2023\/11\/almiron.png",600,365,false]},"author_info":{"display_name":"apuntesdesanluis.com","author_link":"https:\/\/apuntesdesanluis.com\/index.php\/author\/apuntesdesanluis-com\/"},"category_info":"<a href=\"https:\/\/apuntesdesanluis.com\/index.php\/category\/deportes\/\" rel=\"category tag\">Deportes<\/a> <a href=\"https:\/\/apuntesdesanluis.com\/index.php\/category\/nacionales-internacionales\/\" rel=\"category tag\">Nacionales\/Internacionales<\/a>","tag_info":"Nacionales\/Internacionales","comment_count":"0","_links":{"self":[{"href":"https:\/\/apuntesdesanluis.com\/index.php\/wp-json\/wp\/v2\/posts\/6345","targetHints":{"allow":["GET"]}}],"collection":[{"href":"https:\/\/apuntesdesanluis.com\/index.php\/wp-json\/wp\/v2\/posts"}],"about":[{"href":"https:\/\/apuntesdesanluis.com\/index.php\/wp-json\/wp\/v2\/types\/post"}],"author":[{"embeddable":true,"href":"https:\/\/apuntesdesanluis.com\/index.php\/wp-json\/wp\/v2\/users\/1"}],"replies":[{"embeddable":true,"href":"https:\/\/apuntesdesanluis.com\/index.php\/wp-json\/wp\/v2\/comments?post=6345"}],"version-history":[{"count":1,"href":"https:\/\/apuntesdesanluis.com\/index.php\/wp-json\/wp\/v2\/posts\/6345\/revisions"}],"predecessor-version":[{"id":6347,"href":"https:\/\/apuntesdesanluis.com\/index.php\/wp-json\/wp\/v2\/posts\/6345\/revisions\/6347"}],"wp:featuredmedia":[{"embeddable":true,"href":"https:\/\/apuntesdesanluis.com\/index.php\/wp-json\/wp\/v2\/media\/6346"}],"wp:attachment":[{"href":"https:\/\/apuntesdesanluis.com\/index.php\/wp-json\/wp\/v2\/media?parent=6345"}],"wp:term":[{"taxonomy":"category","embeddable":true,"href":"https:\/\/apuntesdesanluis.com\/index.php\/wp-json\/wp\/v2\/categories?post=6345"},{"taxonomy":"post_tag","embeddable":true,"href":"https:\/\/apuntesdesanluis.com\/index.php\/wp-json\/wp\/v2\/tags?post=6345"}],"curies":[{"name":"wp","href":"https:\/\/api.w.org\/{rel}","templated":true}]}}