{"id":6376,"date":"2023-11-06T18:26:58","date_gmt":"2023-11-06T21:26:58","guid":{"rendered":"https:\/\/apuntesdesanluis.com\/?p=6376"},"modified":"2023-11-06T20:49:06","modified_gmt":"2023-11-06T23:49:06","slug":"la-fcejs-presenta-el-primer-ejemplar-de-la-revista-derecho-y-debates","status":"publish","type":"post","link":"https:\/\/apuntesdesanluis.com\/index.php\/2023\/11\/06\/la-fcejs-presenta-el-primer-ejemplar-de-la-revista-derecho-y-debates\/","title":{"rendered":"LA FCEJS PRESENTA EL PRIMER EJEMPLAR DE LA REVISTA &#8220;DERECHO Y DEBATES&#8221;"},"content":{"rendered":"<h3>La Secretar\u00eda de Extensi\u00f3n Universitaria invita a toda la comunidad universitaria, a la presentaci\u00f3n del primer ejemplar de la Revista \u201c<strong>Derecho y Debates<\/strong>\u201d, del <strong>Departamento de Ciencias Jur\u00eddicas y Pol\u00edticas<\/strong>, a desarrollarse este martes 7 de noviembre en el Aula Fr\u00fcm, a partir de las 15 horas.<\/h3>\n<h3>La presentaci\u00f3n brindar\u00e1 un espacio de reflexi\u00f3n, debate y divulgaci\u00f3n para las ciencias jur\u00eddicas, pol\u00edticas y afines.<\/h3>\n<h3>La modalidad h\u00edbrida de la misma, permitir\u00e1 invitar a los\/as autores\/as que han colaborado en este primer n\u00famero; as\u00ed como a lo\/as integrantes del Consejo Asesor de diferentes universidades del pa\u00eds y del exterior.<\/h3>\n<h3>Es importante resaltar que se trata de la primera revista de la FCEJS alojada en el sitio OJS (Open Journal Systems). La misma cuenta con registro de ISSN (International Standard Serial Number \/ N\u00famero Internacional Normalizado de Publicaciones Seriadas) y se est\u00e1n iniciando los tr\u00e1mites para su indexaci\u00f3n.<\/h3>\n<h3>Organiza el Departamento de Ciencias Jur\u00eddicas y Pol\u00edticas, la Comisi\u00f3n de Carreras Jur\u00eddicas, el Colegio de Abogados y Procuradores de San Luis, el Colegio de Abogados y Procuradores de la ciudad de Villa Mercedes y el Poder Judicial de la Provincia de San Luis.<\/h3>\n<p>&nbsp;<\/p>\n<p>&nbsp;<\/p>\n<p>&nbsp;<\/p>\n<p>&nbsp;<\/p>\n","protected":false},"excerpt":{"rendered":"<p>La Secretar\u00eda de Extensi\u00f3n Universitaria invita a toda la comunidad universitaria, a la presentaci\u00f3n del&#8230;<\/p>\n","protected":false},"author":1,"featured_media":6377,"comment_status":"closed","ping_status":"closed","sticky":false,"template":"","format":"standard","meta":{"footnotes":""},"categories":[6],"tags":[],"class_list":["post-6376","post","type-post","status-publish","format-standard","has-post-thumbnail","hentry","category-ciudad-provincia"],"yoast_head":"<!-- This site is optimized with the Yoast SEO plugin v26.1.1 - https:\/\/yoast.com\/wordpress\/plugins\/seo\/ -->\n<title>LA FCEJS PRESENTA EL PRIMER EJEMPLAR DE LA REVISTA &quot;DERECHO Y DEBATES&quot; - Apuntes de San Luis<\/title>\n<meta name=\"robots\" content=\"index, follow, max-snippet:-1, max-image-preview:large, max-video-preview:-1\" \/>\n<link rel=\"canonical\" href=\"https:\/\/apuntesdesanluis.com\/index.php\/2023\/11\/06\/la-fcejs-presenta-el-primer-ejemplar-de-la-revista-derecho-y-debates\/\" \/>\n<meta property=\"og:locale\" content=\"es_ES\" \/>\n<meta property=\"og:type\" content=\"article\" \/>\n<meta property=\"og:title\" content=\"LA FCEJS PRESENTA EL PRIMER EJEMPLAR DE LA REVISTA &quot;DERECHO Y DEBATES&quot; - Apuntes de San Luis\" \/>\n<meta property=\"og:description\" content=\"La Secretar\u00eda de Extensi\u00f3n Universitaria invita a toda la comunidad universitaria, a la presentaci\u00f3n del...\" \/>\n<meta property=\"og:url\" content=\"https:\/\/apuntesdesanluis.com\/index.php\/2023\/11\/06\/la-fcejs-presenta-el-primer-ejemplar-de-la-revista-derecho-y-debates\/\" \/>\n<meta property=\"og:site_name\" content=\"Apuntes de San Luis\" \/>\n<meta property=\"article:published_time\" content=\"2023-11-06T21:26:58+00:00\" \/>\n<meta property=\"article:modified_time\" content=\"2023-11-06T23:49:06+00:00\" \/>\n<meta property=\"og:image\" content=\"https:\/\/apuntesdesanluis.com\/wp-content\/uploads\/2023\/11\/REVISTA-DEREECHO-Y-DEBATES.png\" \/>\n\t<meta property=\"og:image:width\" content=\"601\" \/>\n\t<meta property=\"og:image:height\" content=\"361\" \/>\n\t<meta property=\"og:image:type\" content=\"image\/png\" \/>\n<meta name=\"author\" content=\"apuntesdesanluis.com\" \/>\n<meta name=\"twitter:card\" content=\"summary_large_image\" \/>\n<meta name=\"twitter:label1\" content=\"Escrito por\" \/>\n\t<meta name=\"twitter:data1\" content=\"apuntesdesanluis.com\" \/>\n\t<meta name=\"twitter:label2\" content=\"Tiempo de lectura\" \/>\n\t<meta name=\"twitter:data2\" content=\"1 minuto\" \/>\n<script type=\"application\/ld+json\" class=\"yoast-schema-graph\">{\"@context\":\"https:\/\/schema.org\",\"@graph\":[{\"@type\":\"Article\",\"@id\":\"https:\/\/apuntesdesanluis.com\/index.php\/2023\/11\/06\/la-fcejs-presenta-el-primer-ejemplar-de-la-revista-derecho-y-debates\/#article\",\"isPartOf\":{\"@id\":\"https:\/\/apuntesdesanluis.com\/index.php\/2023\/11\/06\/la-fcejs-presenta-el-primer-ejemplar-de-la-revista-derecho-y-debates\/\"},\"author\":{\"name\":\"apuntesdesanluis.com\",\"@id\":\"https:\/\/apuntesdesanluis.com\/#\/schema\/person\/b55151d52296fcce64d1a72538a70b90\"},\"headline\":\"LA FCEJS PRESENTA EL PRIMER EJEMPLAR DE LA REVISTA &#8220;DERECHO Y DEBATES&#8221;\",\"datePublished\":\"2023-11-06T21:26:58+00:00\",\"dateModified\":\"2023-11-06T23:49:06+00:00\",\"mainEntityOfPage\":{\"@id\":\"https:\/\/apuntesdesanluis.com\/index.php\/2023\/11\/06\/la-fcejs-presenta-el-primer-ejemplar-de-la-revista-derecho-y-debates\/\"},\"wordCount\":228,\"publisher\":{\"@id\":\"https:\/\/apuntesdesanluis.com\/#\/schema\/person\/b55151d52296fcce64d1a72538a70b90\"},\"image\":{\"@id\":\"https:\/\/apuntesdesanluis.com\/index.php\/2023\/11\/06\/la-fcejs-presenta-el-primer-ejemplar-de-la-revista-derecho-y-debates\/#primaryimage\"},\"thumbnailUrl\":\"https:\/\/apuntesdesanluis.com\/wp-content\/uploads\/2023\/11\/REVISTA-DEREECHO-Y-DEBATES.png\",\"articleSection\":[\"Ciudad\/Provincia\"],\"inLanguage\":\"es-AR\"},{\"@type\":\"WebPage\",\"@id\":\"https:\/\/apuntesdesanluis.com\/index.php\/2023\/11\/06\/la-fcejs-presenta-el-primer-ejemplar-de-la-revista-derecho-y-debates\/\",\"url\":\"https:\/\/apuntesdesanluis.com\/index.php\/2023\/11\/06\/la-fcejs-presenta-el-primer-ejemplar-de-la-revista-derecho-y-debates\/\",\"name\":\"LA FCEJS PRESENTA EL PRIMER EJEMPLAR DE LA REVISTA \\\"DERECHO Y DEBATES\\\" - Apuntes de San Luis\",\"isPartOf\":{\"@id\":\"https:\/\/apuntesdesanluis.com\/#website\"},\"primaryImageOfPage\":{\"@id\":\"https:\/\/apuntesdesanluis.com\/index.php\/2023\/11\/06\/la-fcejs-presenta-el-primer-ejemplar-de-la-revista-derecho-y-debates\/#primaryimage\"},\"image\":{\"@id\":\"https:\/\/apuntesdesanluis.com\/index.php\/2023\/11\/06\/la-fcejs-presenta-el-primer-ejemplar-de-la-revista-derecho-y-debates\/#primaryimage\"},\"thumbnailUrl\":\"https:\/\/apuntesdesanluis.com\/wp-content\/uploads\/2023\/11\/REVISTA-DEREECHO-Y-DEBATES.png\",\"datePublished\":\"2023-11-06T21:26:58+00:00\",\"dateModified\":\"2023-11-06T23:49:06+00:00\",\"breadcrumb\":{\"@id\":\"https:\/\/apuntesdesanluis.com\/index.php\/2023\/11\/06\/la-fcejs-presenta-el-primer-ejemplar-de-la-revista-derecho-y-debates\/#breadcrumb\"},\"inLanguage\":\"es-AR\",\"potentialAction\":[{\"@type\":\"ReadAction\",\"target\":[\"https:\/\/apuntesdesanluis.com\/index.php\/2023\/11\/06\/la-fcejs-presenta-el-primer-ejemplar-de-la-revista-derecho-y-debates\/\"]}]},{\"@type\":\"ImageObject\",\"inLanguage\":\"es-AR\",\"@id\":\"https:\/\/apuntesdesanluis.com\/index.php\/2023\/11\/06\/la-fcejs-presenta-el-primer-ejemplar-de-la-revista-derecho-y-debates\/#primaryimage\",\"url\":\"https:\/\/apuntesdesanluis.com\/wp-content\/uploads\/2023\/11\/REVISTA-DEREECHO-Y-DEBATES.png\",\"contentUrl\":\"https:\/\/apuntesdesanluis.com\/wp-content\/uploads\/2023\/11\/REVISTA-DEREECHO-Y-DEBATES.png\",\"width\":601,\"height\":361},{\"@type\":\"BreadcrumbList\",\"@id\":\"https:\/\/apuntesdesanluis.com\/index.php\/2023\/11\/06\/la-fcejs-presenta-el-primer-ejemplar-de-la-revista-derecho-y-debates\/#breadcrumb\",\"itemListElement\":[{\"@type\":\"ListItem\",\"position\":1,\"name\":\"Inicio\",\"item\":\"https:\/\/apuntesdesanluis.com\/\"},{\"@type\":\"ListItem\",\"position\":2,\"name\":\"LA FCEJS PRESENTA EL PRIMER EJEMPLAR DE LA REVISTA &#8220;DERECHO Y DEBATES&#8221;\"}]},{\"@type\":\"WebSite\",\"@id\":\"https:\/\/apuntesdesanluis.com\/#website\",\"url\":\"https:\/\/apuntesdesanluis.com\/\",\"name\":\"Apuntes de San Luis\",\"description\":\"\",\"publisher\":{\"@id\":\"https:\/\/apuntesdesanluis.com\/#\/schema\/person\/b55151d52296fcce64d1a72538a70b90\"},\"potentialAction\":[{\"@type\":\"SearchAction\",\"target\":{\"@type\":\"EntryPoint\",\"urlTemplate\":\"https:\/\/apuntesdesanluis.com\/?s={search_term_string}\"},\"query-input\":{\"@type\":\"PropertyValueSpecification\",\"valueRequired\":true,\"valueName\":\"search_term_string\"}}],\"inLanguage\":\"es-AR\"},{\"@type\":[\"Person\",\"Organization\"],\"@id\":\"https:\/\/apuntesdesanluis.com\/#\/schema\/person\/b55151d52296fcce64d1a72538a70b90\",\"name\":\"apuntesdesanluis.com\",\"image\":{\"@type\":\"ImageObject\",\"inLanguage\":\"es-AR\",\"@id\":\"https:\/\/apuntesdesanluis.com\/#\/schema\/person\/image\/\",\"url\":\"https:\/\/apuntesdesanluis.com\/wp-content\/uploads\/2023\/07\/cropped-apuntesdesanluis.png\",\"contentUrl\":\"https:\/\/apuntesdesanluis.com\/wp-content\/uploads\/2023\/07\/cropped-apuntesdesanluis.png\",\"width\":450,\"height\":112,\"caption\":\"apuntesdesanluis.com\"},\"logo\":{\"@id\":\"https:\/\/apuntesdesanluis.com\/#\/schema\/person\/image\/\"},\"sameAs\":[\"https:\/\/apuntesdesanluis.com\"],\"url\":\"https:\/\/apuntesdesanluis.com\/index.php\/author\/apuntesdesanluis-com\/\"}]}<\/script>\n<!-- \/ Yoast SEO plugin. -->","yoast_head_json":{"title":"LA FCEJS PRESENTA EL PRIMER EJEMPLAR DE LA REVISTA \"DERECHO Y DEBATES\" - Apuntes de San Luis","robots":{"index":"index","follow":"follow","max-snippet":"max-snippet:-1","max-image-preview":"max-image-preview:large","max-video-preview":"max-video-preview:-1"},"canonical":"https:\/\/apuntesdesanluis.com\/index.php\/2023\/11\/06\/la-fcejs-presenta-el-primer-ejemplar-de-la-revista-derecho-y-debates\/","og_locale":"es_ES","og_type":"article","og_title":"LA FCEJS PRESENTA EL PRIMER EJEMPLAR DE LA REVISTA \"DERECHO Y DEBATES\" - Apuntes de San Luis","og_description":"La Secretar\u00eda de Extensi\u00f3n Universitaria invita a toda la comunidad universitaria, a la presentaci\u00f3n del...","og_url":"https:\/\/apuntesdesanluis.com\/index.php\/2023\/11\/06\/la-fcejs-presenta-el-primer-ejemplar-de-la-revista-derecho-y-debates\/","og_site_name":"Apuntes de San Luis","article_published_time":"2023-11-06T21:26:58+00:00","article_modified_time":"2023-11-06T23:49:06+00:00","og_image":[{"width":601,"height":361,"url":"https:\/\/apuntesdesanluis.com\/wp-content\/uploads\/2023\/11\/REVISTA-DEREECHO-Y-DEBATES.png","type":"image\/png"}],"author":"apuntesdesanluis.com","twitter_card":"summary_large_image","twitter_misc":{"Escrito por":"apuntesdesanluis.com","Tiempo de lectura":"1 minuto"},"schema":{"@context":"https:\/\/schema.org","@graph":[{"@type":"Article","@id":"https:\/\/apuntesdesanluis.com\/index.php\/2023\/11\/06\/la-fcejs-presenta-el-primer-ejemplar-de-la-revista-derecho-y-debates\/#article","isPartOf":{"@id":"https:\/\/apuntesdesanluis.com\/index.php\/2023\/11\/06\/la-fcejs-presenta-el-primer-ejemplar-de-la-revista-derecho-y-debates\/"},"author":{"name":"apuntesdesanluis.com","@id":"https:\/\/apuntesdesanluis.com\/#\/schema\/person\/b55151d52296fcce64d1a72538a70b90"},"headline":"LA FCEJS PRESENTA EL PRIMER EJEMPLAR DE LA REVISTA &#8220;DERECHO Y DEBATES&#8221;","datePublished":"2023-11-06T21:26:58+00:00","dateModified":"2023-11-06T23:49:06+00:00","mainEntityOfPage":{"@id":"https:\/\/apuntesdesanluis.com\/index.php\/2023\/11\/06\/la-fcejs-presenta-el-primer-ejemplar-de-la-revista-derecho-y-debates\/"},"wordCount":228,"publisher":{"@id":"https:\/\/apuntesdesanluis.com\/#\/schema\/person\/b55151d52296fcce64d1a72538a70b90"},"image":{"@id":"https:\/\/apuntesdesanluis.com\/index.php\/2023\/11\/06\/la-fcejs-presenta-el-primer-ejemplar-de-la-revista-derecho-y-debates\/#primaryimage"},"thumbnailUrl":"https:\/\/apuntesdesanluis.com\/wp-content\/uploads\/2023\/11\/REVISTA-DEREECHO-Y-DEBATES.png","articleSection":["Ciudad\/Provincia"],"inLanguage":"es-AR"},{"@type":"WebPage","@id":"https:\/\/apuntesdesanluis.com\/index.php\/2023\/11\/06\/la-fcejs-presenta-el-primer-ejemplar-de-la-revista-derecho-y-debates\/","url":"https:\/\/apuntesdesanluis.com\/index.php\/2023\/11\/06\/la-fcejs-presenta-el-primer-ejemplar-de-la-revista-derecho-y-debates\/","name":"LA FCEJS PRESENTA EL PRIMER EJEMPLAR DE LA REVISTA \"DERECHO Y DEBATES\" - Apuntes de San Luis","isPartOf":{"@id":"https:\/\/apuntesdesanluis.com\/#website"},"primaryImageOfPage":{"@id":"https:\/\/apuntesdesanluis.com\/index.php\/2023\/11\/06\/la-fcejs-presenta-el-primer-ejemplar-de-la-revista-derecho-y-debates\/#primaryimage"},"image":{"@id":"https:\/\/apuntesdesanluis.com\/index.php\/2023\/11\/06\/la-fcejs-presenta-el-primer-ejemplar-de-la-revista-derecho-y-debates\/#primaryimage"},"thumbnailUrl":"https:\/\/apuntesdesanluis.com\/wp-content\/uploads\/2023\/11\/REVISTA-DEREECHO-Y-DEBATES.png","datePublished":"2023-11-06T21:26:58+00:00","dateModified":"2023-11-06T23:49:06+00:00","breadcrumb":{"@id":"https:\/\/apuntesdesanluis.com\/index.php\/2023\/11\/06\/la-fcejs-presenta-el-primer-ejemplar-de-la-revista-derecho-y-debates\/#breadcrumb"},"inLanguage":"es-AR","potentialAction":[{"@type":"ReadAction","target":["https:\/\/apuntesdesanluis.com\/index.php\/2023\/11\/06\/la-fcejs-presenta-el-primer-ejemplar-de-la-revista-derecho-y-debates\/"]}]},{"@type":"ImageObject","inLanguage":"es-AR","@id":"https:\/\/apuntesdesanluis.com\/index.php\/2023\/11\/06\/la-fcejs-presenta-el-primer-ejemplar-de-la-revista-derecho-y-debates\/#primaryimage","url":"https:\/\/apuntesdesanluis.com\/wp-content\/uploads\/2023\/11\/REVISTA-DEREECHO-Y-DEBATES.png","contentUrl":"https:\/\/apuntesdesanluis.com\/wp-content\/uploads\/2023\/11\/REVISTA-DEREECHO-Y-DEBATES.png","width":601,"height":361},{"@type":"BreadcrumbList","@id":"https:\/\/apuntesdesanluis.com\/index.php\/2023\/11\/06\/la-fcejs-presenta-el-primer-ejemplar-de-la-revista-derecho-y-debates\/#breadcrumb","itemListElement":[{"@type":"ListItem","position":1,"name":"Inicio","item":"https:\/\/apuntesdesanluis.com\/"},{"@type":"ListItem","position":2,"name":"LA FCEJS PRESENTA EL PRIMER EJEMPLAR DE LA REVISTA &#8220;DERECHO Y DEBATES&#8221;"}]},{"@type":"WebSite","@id":"https:\/\/apuntesdesanluis.com\/#website","url":"https:\/\/apuntesdesanluis.com\/","name":"Apuntes de San Luis","description":"","publisher":{"@id":"https:\/\/apuntesdesanluis.com\/#\/schema\/person\/b55151d52296fcce64d1a72538a70b90"},"potentialAction":[{"@type":"SearchAction","target":{"@type":"EntryPoint","urlTemplate":"https:\/\/apuntesdesanluis.com\/?s={search_term_string}"},"query-input":{"@type":"PropertyValueSpecification","valueRequired":true,"valueName":"search_term_string"}}],"inLanguage":"es-AR"},{"@type":["Person","Organization"],"@id":"https:\/\/apuntesdesanluis.com\/#\/schema\/person\/b55151d52296fcce64d1a72538a70b90","name":"apuntesdesanluis.com","image":{"@type":"ImageObject","inLanguage":"es-AR","@id":"https:\/\/apuntesdesanluis.com\/#\/schema\/person\/image\/","url":"https:\/\/apuntesdesanluis.com\/wp-content\/uploads\/2023\/07\/cropped-apuntesdesanluis.png","contentUrl":"https:\/\/apuntesdesanluis.com\/wp-content\/uploads\/2023\/07\/cropped-apuntesdesanluis.png","width":450,"height":112,"caption":"apuntesdesanluis.com"},"logo":{"@id":"https:\/\/apuntesdesanluis.com\/#\/schema\/person\/image\/"},"sameAs":["https:\/\/apuntesdesanluis.com"],"url":"https:\/\/apuntesdesanluis.com\/index.php\/author\/apuntesdesanluis-com\/"}]}},"featured_image_urls":{"full":["https:\/\/apuntesdesanluis.com\/wp-content\/uploads\/2023\/11\/REVISTA-DEREECHO-Y-DEBATES.png",601,361,false],"thumbnail":["https:\/\/apuntesdesanluis.com\/wp-content\/uploads\/2023\/11\/REVISTA-DEREECHO-Y-DEBATES-150x150.png",150,150,true],"medium":["https:\/\/apuntesdesanluis.com\/wp-content\/uploads\/2023\/11\/REVISTA-DEREECHO-Y-DEBATES-300x180.png",300,180,true],"medium_large":["https:\/\/apuntesdesanluis.com\/wp-content\/uploads\/2023\/11\/REVISTA-DEREECHO-Y-DEBATES.png",601,361,false],"large":["https:\/\/apuntesdesanluis.com\/wp-content\/uploads\/2023\/11\/REVISTA-DEREECHO-Y-DEBATES.png",601,361,false],"1536x1536":["https:\/\/apuntesdesanluis.com\/wp-content\/uploads\/2023\/11\/REVISTA-DEREECHO-Y-DEBATES.png",601,361,false],"2048x2048":["https:\/\/apuntesdesanluis.com\/wp-content\/uploads\/2023\/11\/REVISTA-DEREECHO-Y-DEBATES.png",601,361,false],"newsever-slider-full":["https:\/\/apuntesdesanluis.com\/wp-content\/uploads\/2023\/11\/REVISTA-DEREECHO-Y-DEBATES.png",601,361,false],"newsever-featured":["https:\/\/apuntesdesanluis.com\/wp-content\/uploads\/2023\/11\/REVISTA-DEREECHO-Y-DEBATES.png",601,361,false],"newsever-medium":["https:\/\/apuntesdesanluis.com\/wp-content\/uploads\/2023\/11\/REVISTA-DEREECHO-Y-DEBATES.png",601,361,false]},"author_info":{"display_name":"apuntesdesanluis.com","author_link":"https:\/\/apuntesdesanluis.com\/index.php\/author\/apuntesdesanluis-com\/"},"category_info":"<a href=\"https:\/\/apuntesdesanluis.com\/index.php\/category\/ciudad-provincia\/\" rel=\"category tag\">Ciudad\/Provincia<\/a>","tag_info":"Ciudad\/Provincia","comment_count":"0","_links":{"self":[{"href":"https:\/\/apuntesdesanluis.com\/index.php\/wp-json\/wp\/v2\/posts\/6376","targetHints":{"allow":["GET"]}}],"collection":[{"href":"https:\/\/apuntesdesanluis.com\/index.php\/wp-json\/wp\/v2\/posts"}],"about":[{"href":"https:\/\/apuntesdesanluis.com\/index.php\/wp-json\/wp\/v2\/types\/post"}],"author":[{"embeddable":true,"href":"https:\/\/apuntesdesanluis.com\/index.php\/wp-json\/wp\/v2\/users\/1"}],"replies":[{"embeddable":true,"href":"https:\/\/apuntesdesanluis.com\/index.php\/wp-json\/wp\/v2\/comments?post=6376"}],"version-history":[{"count":2,"href":"https:\/\/apuntesdesanluis.com\/index.php\/wp-json\/wp\/v2\/posts\/6376\/revisions"}],"predecessor-version":[{"id":6401,"href":"https:\/\/apuntesdesanluis.com\/index.php\/wp-json\/wp\/v2\/posts\/6376\/revisions\/6401"}],"wp:featuredmedia":[{"embeddable":true,"href":"https:\/\/apuntesdesanluis.com\/index.php\/wp-json\/wp\/v2\/media\/6377"}],"wp:attachment":[{"href":"https:\/\/apuntesdesanluis.com\/index.php\/wp-json\/wp\/v2\/media?parent=6376"}],"wp:term":[{"taxonomy":"category","embeddable":true,"href":"https:\/\/apuntesdesanluis.com\/index.php\/wp-json\/wp\/v2\/categories?post=6376"},{"taxonomy":"post_tag","embeddable":true,"href":"https:\/\/apuntesdesanluis.com\/index.php\/wp-json\/wp\/v2\/tags?post=6376"}],"curies":[{"name":"wp","href":"https:\/\/api.w.org\/{rel}","templated":true}]}}