{"id":638,"date":"2023-07-28T20:45:23","date_gmt":"2023-07-28T23:45:23","guid":{"rendered":"https:\/\/apuntesdesanluis.com\/?p=638"},"modified":"2023-07-28T21:13:05","modified_gmt":"2023-07-29T00:13:05","slug":"fcejs-convocatoria-para-participar-del-ensamble-de-voces-en-villa-mercedes","status":"publish","type":"post","link":"https:\/\/apuntesdesanluis.com\/index.php\/2023\/07\/28\/fcejs-convocatoria-para-participar-del-ensamble-de-voces-en-villa-mercedes\/","title":{"rendered":"FCEJS: CONVOCATORIA PARA PARTICIPAR DEL ENSAMBLE DE VOCES EN VILLA MERCEDES"},"content":{"rendered":"<h3>El grupo de voces de la Universidad Nacional de San Luis (UNSL), dirigido en Villa Mercedes por la cantautora <strong>Yeka Ramos<\/strong>, reabre las audiciones los d\u00edas viernes, hasta completar el cupo de participantes.<\/h3>\n<h3>La Secretar\u00eda de Extensi\u00f3n Universitaria (SEU) junto con la <strong>Biblioteca Popular Bernardino Rivadavia<\/strong> y las \u00e1reas de Extensi\u00f3n de las Facultades de Ingenier\u00eda y Ciencias Agropecuarias (<strong>FICA<\/strong>) y de Ciencias Econ\u00f3micas, Jur\u00eddicas y Sociales (<strong>FCEJS<\/strong>) de Villa Mercedes, pusieron en marcha este a\u00f1o el <strong>Ensamble de Voces de la UNSL<\/strong> en la Ciudad.<\/h3>\n<h3>El grupo est\u00e1 integrado por personas sin l\u00edmite de edad, reunidas con el \u00fanico prop\u00f3sito de cantar en conjunto y ensamblar voces, con arreglos de canciones de reconocidos\/as autores y autoras de la Argentina.<\/h3>\n<h3>Los encuentros son los viernes por la tarde en la Biblioteca, ubicada en el barrio Estaci\u00f3n de la ciudad mercedina. Para audicionar, es necesario comunicarse con la directora Yeka Ramos, v\u00eda e-mail a:<strong> <a href=\"mailto:vocesdelaunsl@gmail.com\">vocesdelaunsl@gmail.com<\/a><\/strong>, para coordinar la audici\u00f3n personal.<\/h3>\n<h3>La convocatoria est\u00e1 abierta a cualquier persona que tenga -o no- experiencia en coros o ensambles vocales.<\/h3>\n","protected":false},"excerpt":{"rendered":"<p>El grupo de voces de la Universidad Nacional de San Luis (UNSL), dirigido en Villa&#8230;<\/p>\n","protected":false},"author":1,"featured_media":639,"comment_status":"closed","ping_status":"closed","sticky":false,"template":"","format":"standard","meta":{"footnotes":""},"categories":[6],"tags":[],"class_list":["post-638","post","type-post","status-publish","format-standard","has-post-thumbnail","hentry","category-ciudad-provincia"],"yoast_head":"<!-- This site is optimized with the Yoast SEO plugin v26.1.1 - https:\/\/yoast.com\/wordpress\/plugins\/seo\/ -->\n<title>FCEJS: CONVOCATORIA PARA PARTICIPAR DEL ENSAMBLE DE VOCES EN VILLA MERCEDES - Apuntes de San Luis<\/title>\n<meta name=\"robots\" content=\"index, follow, max-snippet:-1, max-image-preview:large, max-video-preview:-1\" \/>\n<link rel=\"canonical\" href=\"https:\/\/apuntesdesanluis.com\/index.php\/2023\/07\/28\/fcejs-convocatoria-para-participar-del-ensamble-de-voces-en-villa-mercedes\/\" \/>\n<meta property=\"og:locale\" content=\"es_ES\" \/>\n<meta property=\"og:type\" content=\"article\" \/>\n<meta property=\"og:title\" content=\"FCEJS: CONVOCATORIA PARA PARTICIPAR DEL ENSAMBLE DE VOCES EN VILLA MERCEDES - Apuntes de San Luis\" \/>\n<meta property=\"og:description\" content=\"El grupo de voces de la Universidad Nacional de San Luis (UNSL), dirigido en Villa...\" \/>\n<meta property=\"og:url\" content=\"https:\/\/apuntesdesanluis.com\/index.php\/2023\/07\/28\/fcejs-convocatoria-para-participar-del-ensamble-de-voces-en-villa-mercedes\/\" \/>\n<meta property=\"og:site_name\" content=\"Apuntes de San Luis\" \/>\n<meta property=\"article:published_time\" content=\"2023-07-28T23:45:23+00:00\" \/>\n<meta property=\"article:modified_time\" content=\"2023-07-29T00:13:05+00:00\" \/>\n<meta property=\"og:image\" content=\"https:\/\/apuntesdesanluis.com\/wp-content\/uploads\/2023\/07\/ENSAMBLE-DE-UNSL.png\" \/>\n\t<meta property=\"og:image:width\" content=\"600\" \/>\n\t<meta property=\"og:image:height\" content=\"389\" \/>\n\t<meta property=\"og:image:type\" content=\"image\/png\" \/>\n<meta name=\"author\" content=\"apuntesdesanluis.com\" \/>\n<meta name=\"twitter:card\" content=\"summary_large_image\" \/>\n<meta name=\"twitter:label1\" content=\"Escrito por\" \/>\n\t<meta name=\"twitter:data1\" content=\"apuntesdesanluis.com\" \/>\n\t<meta name=\"twitter:label2\" content=\"Tiempo de lectura\" \/>\n\t<meta name=\"twitter:data2\" content=\"1 minuto\" \/>\n<script type=\"application\/ld+json\" class=\"yoast-schema-graph\">{\"@context\":\"https:\/\/schema.org\",\"@graph\":[{\"@type\":\"Article\",\"@id\":\"https:\/\/apuntesdesanluis.com\/index.php\/2023\/07\/28\/fcejs-convocatoria-para-participar-del-ensamble-de-voces-en-villa-mercedes\/#article\",\"isPartOf\":{\"@id\":\"https:\/\/apuntesdesanluis.com\/index.php\/2023\/07\/28\/fcejs-convocatoria-para-participar-del-ensamble-de-voces-en-villa-mercedes\/\"},\"author\":{\"name\":\"apuntesdesanluis.com\",\"@id\":\"https:\/\/apuntesdesanluis.com\/#\/schema\/person\/b55151d52296fcce64d1a72538a70b90\"},\"headline\":\"FCEJS: CONVOCATORIA PARA PARTICIPAR DEL ENSAMBLE DE VOCES EN VILLA MERCEDES\",\"datePublished\":\"2023-07-28T23:45:23+00:00\",\"dateModified\":\"2023-07-29T00:13:05+00:00\",\"mainEntityOfPage\":{\"@id\":\"https:\/\/apuntesdesanluis.com\/index.php\/2023\/07\/28\/fcejs-convocatoria-para-participar-del-ensamble-de-voces-en-villa-mercedes\/\"},\"wordCount\":203,\"publisher\":{\"@id\":\"https:\/\/apuntesdesanluis.com\/#\/schema\/person\/b55151d52296fcce64d1a72538a70b90\"},\"image\":{\"@id\":\"https:\/\/apuntesdesanluis.com\/index.php\/2023\/07\/28\/fcejs-convocatoria-para-participar-del-ensamble-de-voces-en-villa-mercedes\/#primaryimage\"},\"thumbnailUrl\":\"https:\/\/apuntesdesanluis.com\/wp-content\/uploads\/2023\/07\/ENSAMBLE-DE-UNSL.png\",\"articleSection\":[\"Ciudad\/Provincia\"],\"inLanguage\":\"es-AR\"},{\"@type\":\"WebPage\",\"@id\":\"https:\/\/apuntesdesanluis.com\/index.php\/2023\/07\/28\/fcejs-convocatoria-para-participar-del-ensamble-de-voces-en-villa-mercedes\/\",\"url\":\"https:\/\/apuntesdesanluis.com\/index.php\/2023\/07\/28\/fcejs-convocatoria-para-participar-del-ensamble-de-voces-en-villa-mercedes\/\",\"name\":\"FCEJS: CONVOCATORIA PARA PARTICIPAR DEL ENSAMBLE DE VOCES EN VILLA MERCEDES - Apuntes de San Luis\",\"isPartOf\":{\"@id\":\"https:\/\/apuntesdesanluis.com\/#website\"},\"primaryImageOfPage\":{\"@id\":\"https:\/\/apuntesdesanluis.com\/index.php\/2023\/07\/28\/fcejs-convocatoria-para-participar-del-ensamble-de-voces-en-villa-mercedes\/#primaryimage\"},\"image\":{\"@id\":\"https:\/\/apuntesdesanluis.com\/index.php\/2023\/07\/28\/fcejs-convocatoria-para-participar-del-ensamble-de-voces-en-villa-mercedes\/#primaryimage\"},\"thumbnailUrl\":\"https:\/\/apuntesdesanluis.com\/wp-content\/uploads\/2023\/07\/ENSAMBLE-DE-UNSL.png\",\"datePublished\":\"2023-07-28T23:45:23+00:00\",\"dateModified\":\"2023-07-29T00:13:05+00:00\",\"breadcrumb\":{\"@id\":\"https:\/\/apuntesdesanluis.com\/index.php\/2023\/07\/28\/fcejs-convocatoria-para-participar-del-ensamble-de-voces-en-villa-mercedes\/#breadcrumb\"},\"inLanguage\":\"es-AR\",\"potentialAction\":[{\"@type\":\"ReadAction\",\"target\":[\"https:\/\/apuntesdesanluis.com\/index.php\/2023\/07\/28\/fcejs-convocatoria-para-participar-del-ensamble-de-voces-en-villa-mercedes\/\"]}]},{\"@type\":\"ImageObject\",\"inLanguage\":\"es-AR\",\"@id\":\"https:\/\/apuntesdesanluis.com\/index.php\/2023\/07\/28\/fcejs-convocatoria-para-participar-del-ensamble-de-voces-en-villa-mercedes\/#primaryimage\",\"url\":\"https:\/\/apuntesdesanluis.com\/wp-content\/uploads\/2023\/07\/ENSAMBLE-DE-UNSL.png\",\"contentUrl\":\"https:\/\/apuntesdesanluis.com\/wp-content\/uploads\/2023\/07\/ENSAMBLE-DE-UNSL.png\",\"width\":600,\"height\":389},{\"@type\":\"BreadcrumbList\",\"@id\":\"https:\/\/apuntesdesanluis.com\/index.php\/2023\/07\/28\/fcejs-convocatoria-para-participar-del-ensamble-de-voces-en-villa-mercedes\/#breadcrumb\",\"itemListElement\":[{\"@type\":\"ListItem\",\"position\":1,\"name\":\"Inicio\",\"item\":\"https:\/\/apuntesdesanluis.com\/\"},{\"@type\":\"ListItem\",\"position\":2,\"name\":\"FCEJS: CONVOCATORIA PARA PARTICIPAR DEL ENSAMBLE DE VOCES EN VILLA MERCEDES\"}]},{\"@type\":\"WebSite\",\"@id\":\"https:\/\/apuntesdesanluis.com\/#website\",\"url\":\"https:\/\/apuntesdesanluis.com\/\",\"name\":\"Apuntes de San Luis\",\"description\":\"\",\"publisher\":{\"@id\":\"https:\/\/apuntesdesanluis.com\/#\/schema\/person\/b55151d52296fcce64d1a72538a70b90\"},\"potentialAction\":[{\"@type\":\"SearchAction\",\"target\":{\"@type\":\"EntryPoint\",\"urlTemplate\":\"https:\/\/apuntesdesanluis.com\/?s={search_term_string}\"},\"query-input\":{\"@type\":\"PropertyValueSpecification\",\"valueRequired\":true,\"valueName\":\"search_term_string\"}}],\"inLanguage\":\"es-AR\"},{\"@type\":[\"Person\",\"Organization\"],\"@id\":\"https:\/\/apuntesdesanluis.com\/#\/schema\/person\/b55151d52296fcce64d1a72538a70b90\",\"name\":\"apuntesdesanluis.com\",\"image\":{\"@type\":\"ImageObject\",\"inLanguage\":\"es-AR\",\"@id\":\"https:\/\/apuntesdesanluis.com\/#\/schema\/person\/image\/\",\"url\":\"https:\/\/apuntesdesanluis.com\/wp-content\/uploads\/2023\/07\/cropped-apuntesdesanluis.png\",\"contentUrl\":\"https:\/\/apuntesdesanluis.com\/wp-content\/uploads\/2023\/07\/cropped-apuntesdesanluis.png\",\"width\":450,\"height\":112,\"caption\":\"apuntesdesanluis.com\"},\"logo\":{\"@id\":\"https:\/\/apuntesdesanluis.com\/#\/schema\/person\/image\/\"},\"sameAs\":[\"https:\/\/apuntesdesanluis.com\"],\"url\":\"https:\/\/apuntesdesanluis.com\/index.php\/author\/apuntesdesanluis-com\/\"}]}<\/script>\n<!-- \/ Yoast SEO plugin. -->","yoast_head_json":{"title":"FCEJS: CONVOCATORIA PARA PARTICIPAR DEL ENSAMBLE DE VOCES EN VILLA MERCEDES - Apuntes de San Luis","robots":{"index":"index","follow":"follow","max-snippet":"max-snippet:-1","max-image-preview":"max-image-preview:large","max-video-preview":"max-video-preview:-1"},"canonical":"https:\/\/apuntesdesanluis.com\/index.php\/2023\/07\/28\/fcejs-convocatoria-para-participar-del-ensamble-de-voces-en-villa-mercedes\/","og_locale":"es_ES","og_type":"article","og_title":"FCEJS: CONVOCATORIA PARA PARTICIPAR DEL ENSAMBLE DE VOCES EN VILLA MERCEDES - Apuntes de San Luis","og_description":"El grupo de voces de la Universidad Nacional de San Luis (UNSL), dirigido en Villa...","og_url":"https:\/\/apuntesdesanluis.com\/index.php\/2023\/07\/28\/fcejs-convocatoria-para-participar-del-ensamble-de-voces-en-villa-mercedes\/","og_site_name":"Apuntes de San Luis","article_published_time":"2023-07-28T23:45:23+00:00","article_modified_time":"2023-07-29T00:13:05+00:00","og_image":[{"width":600,"height":389,"url":"https:\/\/apuntesdesanluis.com\/wp-content\/uploads\/2023\/07\/ENSAMBLE-DE-UNSL.png","type":"image\/png"}],"author":"apuntesdesanluis.com","twitter_card":"summary_large_image","twitter_misc":{"Escrito por":"apuntesdesanluis.com","Tiempo de lectura":"1 minuto"},"schema":{"@context":"https:\/\/schema.org","@graph":[{"@type":"Article","@id":"https:\/\/apuntesdesanluis.com\/index.php\/2023\/07\/28\/fcejs-convocatoria-para-participar-del-ensamble-de-voces-en-villa-mercedes\/#article","isPartOf":{"@id":"https:\/\/apuntesdesanluis.com\/index.php\/2023\/07\/28\/fcejs-convocatoria-para-participar-del-ensamble-de-voces-en-villa-mercedes\/"},"author":{"name":"apuntesdesanluis.com","@id":"https:\/\/apuntesdesanluis.com\/#\/schema\/person\/b55151d52296fcce64d1a72538a70b90"},"headline":"FCEJS: CONVOCATORIA PARA PARTICIPAR DEL ENSAMBLE DE VOCES EN VILLA MERCEDES","datePublished":"2023-07-28T23:45:23+00:00","dateModified":"2023-07-29T00:13:05+00:00","mainEntityOfPage":{"@id":"https:\/\/apuntesdesanluis.com\/index.php\/2023\/07\/28\/fcejs-convocatoria-para-participar-del-ensamble-de-voces-en-villa-mercedes\/"},"wordCount":203,"publisher":{"@id":"https:\/\/apuntesdesanluis.com\/#\/schema\/person\/b55151d52296fcce64d1a72538a70b90"},"image":{"@id":"https:\/\/apuntesdesanluis.com\/index.php\/2023\/07\/28\/fcejs-convocatoria-para-participar-del-ensamble-de-voces-en-villa-mercedes\/#primaryimage"},"thumbnailUrl":"https:\/\/apuntesdesanluis.com\/wp-content\/uploads\/2023\/07\/ENSAMBLE-DE-UNSL.png","articleSection":["Ciudad\/Provincia"],"inLanguage":"es-AR"},{"@type":"WebPage","@id":"https:\/\/apuntesdesanluis.com\/index.php\/2023\/07\/28\/fcejs-convocatoria-para-participar-del-ensamble-de-voces-en-villa-mercedes\/","url":"https:\/\/apuntesdesanluis.com\/index.php\/2023\/07\/28\/fcejs-convocatoria-para-participar-del-ensamble-de-voces-en-villa-mercedes\/","name":"FCEJS: CONVOCATORIA PARA PARTICIPAR DEL ENSAMBLE DE VOCES EN VILLA MERCEDES - Apuntes de San Luis","isPartOf":{"@id":"https:\/\/apuntesdesanluis.com\/#website"},"primaryImageOfPage":{"@id":"https:\/\/apuntesdesanluis.com\/index.php\/2023\/07\/28\/fcejs-convocatoria-para-participar-del-ensamble-de-voces-en-villa-mercedes\/#primaryimage"},"image":{"@id":"https:\/\/apuntesdesanluis.com\/index.php\/2023\/07\/28\/fcejs-convocatoria-para-participar-del-ensamble-de-voces-en-villa-mercedes\/#primaryimage"},"thumbnailUrl":"https:\/\/apuntesdesanluis.com\/wp-content\/uploads\/2023\/07\/ENSAMBLE-DE-UNSL.png","datePublished":"2023-07-28T23:45:23+00:00","dateModified":"2023-07-29T00:13:05+00:00","breadcrumb":{"@id":"https:\/\/apuntesdesanluis.com\/index.php\/2023\/07\/28\/fcejs-convocatoria-para-participar-del-ensamble-de-voces-en-villa-mercedes\/#breadcrumb"},"inLanguage":"es-AR","potentialAction":[{"@type":"ReadAction","target":["https:\/\/apuntesdesanluis.com\/index.php\/2023\/07\/28\/fcejs-convocatoria-para-participar-del-ensamble-de-voces-en-villa-mercedes\/"]}]},{"@type":"ImageObject","inLanguage":"es-AR","@id":"https:\/\/apuntesdesanluis.com\/index.php\/2023\/07\/28\/fcejs-convocatoria-para-participar-del-ensamble-de-voces-en-villa-mercedes\/#primaryimage","url":"https:\/\/apuntesdesanluis.com\/wp-content\/uploads\/2023\/07\/ENSAMBLE-DE-UNSL.png","contentUrl":"https:\/\/apuntesdesanluis.com\/wp-content\/uploads\/2023\/07\/ENSAMBLE-DE-UNSL.png","width":600,"height":389},{"@type":"BreadcrumbList","@id":"https:\/\/apuntesdesanluis.com\/index.php\/2023\/07\/28\/fcejs-convocatoria-para-participar-del-ensamble-de-voces-en-villa-mercedes\/#breadcrumb","itemListElement":[{"@type":"ListItem","position":1,"name":"Inicio","item":"https:\/\/apuntesdesanluis.com\/"},{"@type":"ListItem","position":2,"name":"FCEJS: CONVOCATORIA PARA PARTICIPAR DEL ENSAMBLE DE VOCES EN VILLA MERCEDES"}]},{"@type":"WebSite","@id":"https:\/\/apuntesdesanluis.com\/#website","url":"https:\/\/apuntesdesanluis.com\/","name":"Apuntes de San Luis","description":"","publisher":{"@id":"https:\/\/apuntesdesanluis.com\/#\/schema\/person\/b55151d52296fcce64d1a72538a70b90"},"potentialAction":[{"@type":"SearchAction","target":{"@type":"EntryPoint","urlTemplate":"https:\/\/apuntesdesanluis.com\/?s={search_term_string}"},"query-input":{"@type":"PropertyValueSpecification","valueRequired":true,"valueName":"search_term_string"}}],"inLanguage":"es-AR"},{"@type":["Person","Organization"],"@id":"https:\/\/apuntesdesanluis.com\/#\/schema\/person\/b55151d52296fcce64d1a72538a70b90","name":"apuntesdesanluis.com","image":{"@type":"ImageObject","inLanguage":"es-AR","@id":"https:\/\/apuntesdesanluis.com\/#\/schema\/person\/image\/","url":"https:\/\/apuntesdesanluis.com\/wp-content\/uploads\/2023\/07\/cropped-apuntesdesanluis.png","contentUrl":"https:\/\/apuntesdesanluis.com\/wp-content\/uploads\/2023\/07\/cropped-apuntesdesanluis.png","width":450,"height":112,"caption":"apuntesdesanluis.com"},"logo":{"@id":"https:\/\/apuntesdesanluis.com\/#\/schema\/person\/image\/"},"sameAs":["https:\/\/apuntesdesanluis.com"],"url":"https:\/\/apuntesdesanluis.com\/index.php\/author\/apuntesdesanluis-com\/"}]}},"featured_image_urls":{"full":["https:\/\/apuntesdesanluis.com\/wp-content\/uploads\/2023\/07\/ENSAMBLE-DE-UNSL.png",600,389,false],"thumbnail":["https:\/\/apuntesdesanluis.com\/wp-content\/uploads\/2023\/07\/ENSAMBLE-DE-UNSL-150x150.png",150,150,true],"medium":["https:\/\/apuntesdesanluis.com\/wp-content\/uploads\/2023\/07\/ENSAMBLE-DE-UNSL-300x195.png",300,195,true],"medium_large":["https:\/\/apuntesdesanluis.com\/wp-content\/uploads\/2023\/07\/ENSAMBLE-DE-UNSL.png",600,389,false],"large":["https:\/\/apuntesdesanluis.com\/wp-content\/uploads\/2023\/07\/ENSAMBLE-DE-UNSL.png",600,389,false],"1536x1536":["https:\/\/apuntesdesanluis.com\/wp-content\/uploads\/2023\/07\/ENSAMBLE-DE-UNSL.png",600,389,false],"2048x2048":["https:\/\/apuntesdesanluis.com\/wp-content\/uploads\/2023\/07\/ENSAMBLE-DE-UNSL.png",600,389,false],"newsever-slider-full":["https:\/\/apuntesdesanluis.com\/wp-content\/uploads\/2023\/07\/ENSAMBLE-DE-UNSL.png",600,389,false],"newsever-featured":["https:\/\/apuntesdesanluis.com\/wp-content\/uploads\/2023\/07\/ENSAMBLE-DE-UNSL.png",600,389,false],"newsever-medium":["https:\/\/apuntesdesanluis.com\/wp-content\/uploads\/2023\/07\/ENSAMBLE-DE-UNSL.png",600,389,false]},"author_info":{"display_name":"apuntesdesanluis.com","author_link":"https:\/\/apuntesdesanluis.com\/index.php\/author\/apuntesdesanluis-com\/"},"category_info":"<a href=\"https:\/\/apuntesdesanluis.com\/index.php\/category\/ciudad-provincia\/\" rel=\"category tag\">Ciudad\/Provincia<\/a>","tag_info":"Ciudad\/Provincia","comment_count":"0","_links":{"self":[{"href":"https:\/\/apuntesdesanluis.com\/index.php\/wp-json\/wp\/v2\/posts\/638","targetHints":{"allow":["GET"]}}],"collection":[{"href":"https:\/\/apuntesdesanluis.com\/index.php\/wp-json\/wp\/v2\/posts"}],"about":[{"href":"https:\/\/apuntesdesanluis.com\/index.php\/wp-json\/wp\/v2\/types\/post"}],"author":[{"embeddable":true,"href":"https:\/\/apuntesdesanluis.com\/index.php\/wp-json\/wp\/v2\/users\/1"}],"replies":[{"embeddable":true,"href":"https:\/\/apuntesdesanluis.com\/index.php\/wp-json\/wp\/v2\/comments?post=638"}],"version-history":[{"count":1,"href":"https:\/\/apuntesdesanluis.com\/index.php\/wp-json\/wp\/v2\/posts\/638\/revisions"}],"predecessor-version":[{"id":640,"href":"https:\/\/apuntesdesanluis.com\/index.php\/wp-json\/wp\/v2\/posts\/638\/revisions\/640"}],"wp:featuredmedia":[{"embeddable":true,"href":"https:\/\/apuntesdesanluis.com\/index.php\/wp-json\/wp\/v2\/media\/639"}],"wp:attachment":[{"href":"https:\/\/apuntesdesanluis.com\/index.php\/wp-json\/wp\/v2\/media?parent=638"}],"wp:term":[{"taxonomy":"category","embeddable":true,"href":"https:\/\/apuntesdesanluis.com\/index.php\/wp-json\/wp\/v2\/categories?post=638"},{"taxonomy":"post_tag","embeddable":true,"href":"https:\/\/apuntesdesanluis.com\/index.php\/wp-json\/wp\/v2\/tags?post=638"}],"curies":[{"name":"wp","href":"https:\/\/api.w.org\/{rel}","templated":true}]}}