{"id":6382,"date":"2023-11-06T18:52:14","date_gmt":"2023-11-06T21:52:14","guid":{"rendered":"https:\/\/apuntesdesanluis.com\/?p=6382"},"modified":"2023-11-06T18:52:14","modified_gmt":"2023-11-06T21:52:14","slug":"margarita-barrientos-votara-a-milei-es-nuevo-pero-es-un-cambio","status":"publish","type":"post","link":"https:\/\/apuntesdesanluis.com\/index.php\/2023\/11\/06\/margarita-barrientos-votara-a-milei-es-nuevo-pero-es-un-cambio\/","title":{"rendered":"MARGARITA BARRIENTOS VOTAR\u00c1 A MILEI: \u201cES NUEVO, PERO ES UN CAMBIO\u201d"},"content":{"rendered":"<h3><strong>Margarita Barrientos<\/strong>, fundadora del comedor <strong>Los Piletones<\/strong>, dijo este lunes que en el balotaje votar\u00e1 a La Libertad Avanza, cuya f\u00f3rmula presidencial est\u00e1 conformada por <strong>Javier Milei<\/strong> y <strong>Victoria Villarruel<\/strong>.<\/h3>\n<h3>\u201cNecesitamos un cambio\u201d, explic\u00f3 Barrientos durante una entrevista en el programa Gente de a pie, emitido por Radio Nacional. Agreg\u00f3 que nota un \u201cclima social de desesperaci\u00f3n\u201d y que cree que confiar su voto a \u201calguien nuevo\u201d puede revertir la situaci\u00f3n.<\/h3>\n<h3>\u201cVoy a votar a Milei porque ya tenemos a lo que nos est\u00e1 haciendo sufrir terriblemente y yo creo que la gente tiene, como dije cuando Mauricio (Macri) se postul\u00f3 para presidente, que tener un cambio, que en este caso es conocerlo a Milei, hacer otra experiencia. Si le va bien o le vaya mal, en cuatro no la gente no lo va a votar, pero la gente quiere ver un cambio\u201d, dijo Barrientos al ser consultada sobre cu\u00e1l ser\u00e1 su voto el pr\u00f3ximo 19 de noviembre.<\/h3>\n<h3>Y agreg\u00f3: \u201cYo no quiero que me diga que es lo que tengo que hacer, quiero un gobierno que este al lado m\u00edo, yo quiero un gobierno que trabaje por la educaci\u00f3n y por la seguridad\u201d.<\/h3>\n<h3>Explic\u00f3 que, de todos modos, no est\u00e1 de acuerdo con todas las propuestas del libertario como, por ejemplo, los vouchers para la educaci\u00f3n. \u201cNo estoy de acuerdo con tener un voucher para mandar a mis hijos a la escuela ni tener un voucher para atenderme en el hospital, pero estoy segura que eso no va a suceder\u201d, aclar\u00f3.<\/h3>\n<h3>Barrientos est\u00e1 convencida de que a pesar de que este tema es uno de los caballitos de batalla de Milei, es solo una promesa de campa\u00f1a que no llegar\u00e1 a concretarse. \u201cNo, no me dan miedo estas propuestas, lo mismo han dicho de Macri, que iba a sacar los planes, que iba a privatizar todo y ac\u00e1 estamos, seguimos viviendo\u201d.<\/h3>\n<h3>Barrientos e Isidro, su marido, abrieron un comedor comunitario al sur de la Ciudad, en el barrio conocido como \u201cLos Piletones\u201d, en 1996, hace 27 a\u00f1os. Pasaron de dar de comer a unas 15 personas a elaborar 5 mil platos diarios en 2020, plena pandemia. El comedor fue el inicio de una gran obra que hoy se llama Fundaci\u00f3n Los Piletones.<\/h3>\n<h3>En 1999, tres a\u00f1os despu\u00e9s de haber empezado su obra solidaria, Barrientos fue reconocida como \u201cMujer del A\u00f1o\u201d por la Feria de las Naciones y Mirtha Legrand la visit\u00f3 en el comedor. A esa altura, cuando serv\u00eda alimento a unas 300 personas, ya era una voz de referencia en cuestiones sociales, un term\u00f3metro que tocaron todas las gestiones de Gobierno.<\/h3>\n<p>&nbsp;<\/p>\n<p>&nbsp;<\/p>\n<p>&nbsp;<\/p>\n<p>&nbsp;<\/p>\n<p>&nbsp;<\/p>\n","protected":false},"excerpt":{"rendered":"<p>Margarita Barrientos, fundadora del comedor Los Piletones, dijo este lunes que en el balotaje votar\u00e1&#8230;<\/p>\n","protected":false},"author":1,"featured_media":6383,"comment_status":"closed","ping_status":"closed","sticky":false,"template":"","format":"standard","meta":{"footnotes":""},"categories":[5],"tags":[],"class_list":["post-6382","post","type-post","status-publish","format-standard","has-post-thumbnail","hentry","category-nacionales-internacionales"],"yoast_head":"<!-- This site is optimized with the Yoast SEO plugin v26.1.1 - https:\/\/yoast.com\/wordpress\/plugins\/seo\/ -->\n<title>MARGARITA BARRIENTOS VOTAR\u00c1 A MILEI: \u201cES NUEVO, PERO ES UN CAMBIO\u201d - Apuntes de San Luis<\/title>\n<meta name=\"robots\" content=\"index, follow, max-snippet:-1, max-image-preview:large, max-video-preview:-1\" \/>\n<link rel=\"canonical\" href=\"https:\/\/apuntesdesanluis.com\/index.php\/2023\/11\/06\/margarita-barrientos-votara-a-milei-es-nuevo-pero-es-un-cambio\/\" \/>\n<meta property=\"og:locale\" content=\"es_ES\" \/>\n<meta property=\"og:type\" content=\"article\" \/>\n<meta property=\"og:title\" content=\"MARGARITA BARRIENTOS VOTAR\u00c1 A MILEI: \u201cES NUEVO, PERO ES UN CAMBIO\u201d - Apuntes de San Luis\" \/>\n<meta property=\"og:description\" content=\"Margarita Barrientos, fundadora del comedor Los Piletones, dijo este lunes que en el balotaje votar\u00e1...\" \/>\n<meta property=\"og:url\" content=\"https:\/\/apuntesdesanluis.com\/index.php\/2023\/11\/06\/margarita-barrientos-votara-a-milei-es-nuevo-pero-es-un-cambio\/\" \/>\n<meta property=\"og:site_name\" content=\"Apuntes de San Luis\" \/>\n<meta property=\"article:published_time\" content=\"2023-11-06T21:52:14+00:00\" \/>\n<meta property=\"og:image\" content=\"https:\/\/apuntesdesanluis.com\/wp-content\/uploads\/2023\/11\/barrientos.png\" \/>\n\t<meta property=\"og:image:width\" content=\"602\" \/>\n\t<meta property=\"og:image:height\" content=\"357\" \/>\n\t<meta property=\"og:image:type\" content=\"image\/png\" \/>\n<meta name=\"author\" content=\"apuntesdesanluis.com\" \/>\n<meta name=\"twitter:card\" content=\"summary_large_image\" \/>\n<meta name=\"twitter:label1\" content=\"Escrito por\" \/>\n\t<meta name=\"twitter:data1\" content=\"apuntesdesanluis.com\" \/>\n\t<meta name=\"twitter:label2\" content=\"Tiempo de lectura\" \/>\n\t<meta name=\"twitter:data2\" content=\"2 minutos\" \/>\n<script type=\"application\/ld+json\" class=\"yoast-schema-graph\">{\"@context\":\"https:\/\/schema.org\",\"@graph\":[{\"@type\":\"Article\",\"@id\":\"https:\/\/apuntesdesanluis.com\/index.php\/2023\/11\/06\/margarita-barrientos-votara-a-milei-es-nuevo-pero-es-un-cambio\/#article\",\"isPartOf\":{\"@id\":\"https:\/\/apuntesdesanluis.com\/index.php\/2023\/11\/06\/margarita-barrientos-votara-a-milei-es-nuevo-pero-es-un-cambio\/\"},\"author\":{\"name\":\"apuntesdesanluis.com\",\"@id\":\"https:\/\/apuntesdesanluis.com\/#\/schema\/person\/b55151d52296fcce64d1a72538a70b90\"},\"headline\":\"MARGARITA BARRIENTOS VOTAR\u00c1 A MILEI: \u201cES NUEVO, PERO ES UN CAMBIO\u201d\",\"datePublished\":\"2023-11-06T21:52:14+00:00\",\"mainEntityOfPage\":{\"@id\":\"https:\/\/apuntesdesanluis.com\/index.php\/2023\/11\/06\/margarita-barrientos-votara-a-milei-es-nuevo-pero-es-un-cambio\/\"},\"wordCount\":457,\"publisher\":{\"@id\":\"https:\/\/apuntesdesanluis.com\/#\/schema\/person\/b55151d52296fcce64d1a72538a70b90\"},\"image\":{\"@id\":\"https:\/\/apuntesdesanluis.com\/index.php\/2023\/11\/06\/margarita-barrientos-votara-a-milei-es-nuevo-pero-es-un-cambio\/#primaryimage\"},\"thumbnailUrl\":\"https:\/\/apuntesdesanluis.com\/wp-content\/uploads\/2023\/11\/barrientos.png\",\"articleSection\":[\"Nacionales\/Internacionales\"],\"inLanguage\":\"es-AR\"},{\"@type\":\"WebPage\",\"@id\":\"https:\/\/apuntesdesanluis.com\/index.php\/2023\/11\/06\/margarita-barrientos-votara-a-milei-es-nuevo-pero-es-un-cambio\/\",\"url\":\"https:\/\/apuntesdesanluis.com\/index.php\/2023\/11\/06\/margarita-barrientos-votara-a-milei-es-nuevo-pero-es-un-cambio\/\",\"name\":\"MARGARITA BARRIENTOS VOTAR\u00c1 A MILEI: \u201cES NUEVO, PERO ES UN CAMBIO\u201d - Apuntes de San Luis\",\"isPartOf\":{\"@id\":\"https:\/\/apuntesdesanluis.com\/#website\"},\"primaryImageOfPage\":{\"@id\":\"https:\/\/apuntesdesanluis.com\/index.php\/2023\/11\/06\/margarita-barrientos-votara-a-milei-es-nuevo-pero-es-un-cambio\/#primaryimage\"},\"image\":{\"@id\":\"https:\/\/apuntesdesanluis.com\/index.php\/2023\/11\/06\/margarita-barrientos-votara-a-milei-es-nuevo-pero-es-un-cambio\/#primaryimage\"},\"thumbnailUrl\":\"https:\/\/apuntesdesanluis.com\/wp-content\/uploads\/2023\/11\/barrientos.png\",\"datePublished\":\"2023-11-06T21:52:14+00:00\",\"breadcrumb\":{\"@id\":\"https:\/\/apuntesdesanluis.com\/index.php\/2023\/11\/06\/margarita-barrientos-votara-a-milei-es-nuevo-pero-es-un-cambio\/#breadcrumb\"},\"inLanguage\":\"es-AR\",\"potentialAction\":[{\"@type\":\"ReadAction\",\"target\":[\"https:\/\/apuntesdesanluis.com\/index.php\/2023\/11\/06\/margarita-barrientos-votara-a-milei-es-nuevo-pero-es-un-cambio\/\"]}]},{\"@type\":\"ImageObject\",\"inLanguage\":\"es-AR\",\"@id\":\"https:\/\/apuntesdesanluis.com\/index.php\/2023\/11\/06\/margarita-barrientos-votara-a-milei-es-nuevo-pero-es-un-cambio\/#primaryimage\",\"url\":\"https:\/\/apuntesdesanluis.com\/wp-content\/uploads\/2023\/11\/barrientos.png\",\"contentUrl\":\"https:\/\/apuntesdesanluis.com\/wp-content\/uploads\/2023\/11\/barrientos.png\",\"width\":602,\"height\":357},{\"@type\":\"BreadcrumbList\",\"@id\":\"https:\/\/apuntesdesanluis.com\/index.php\/2023\/11\/06\/margarita-barrientos-votara-a-milei-es-nuevo-pero-es-un-cambio\/#breadcrumb\",\"itemListElement\":[{\"@type\":\"ListItem\",\"position\":1,\"name\":\"Inicio\",\"item\":\"https:\/\/apuntesdesanluis.com\/\"},{\"@type\":\"ListItem\",\"position\":2,\"name\":\"MARGARITA BARRIENTOS VOTAR\u00c1 A MILEI: \u201cES NUEVO, PERO ES UN CAMBIO\u201d\"}]},{\"@type\":\"WebSite\",\"@id\":\"https:\/\/apuntesdesanluis.com\/#website\",\"url\":\"https:\/\/apuntesdesanluis.com\/\",\"name\":\"Apuntes de San Luis\",\"description\":\"\",\"publisher\":{\"@id\":\"https:\/\/apuntesdesanluis.com\/#\/schema\/person\/b55151d52296fcce64d1a72538a70b90\"},\"potentialAction\":[{\"@type\":\"SearchAction\",\"target\":{\"@type\":\"EntryPoint\",\"urlTemplate\":\"https:\/\/apuntesdesanluis.com\/?s={search_term_string}\"},\"query-input\":{\"@type\":\"PropertyValueSpecification\",\"valueRequired\":true,\"valueName\":\"search_term_string\"}}],\"inLanguage\":\"es-AR\"},{\"@type\":[\"Person\",\"Organization\"],\"@id\":\"https:\/\/apuntesdesanluis.com\/#\/schema\/person\/b55151d52296fcce64d1a72538a70b90\",\"name\":\"apuntesdesanluis.com\",\"image\":{\"@type\":\"ImageObject\",\"inLanguage\":\"es-AR\",\"@id\":\"https:\/\/apuntesdesanluis.com\/#\/schema\/person\/image\/\",\"url\":\"https:\/\/apuntesdesanluis.com\/wp-content\/uploads\/2023\/07\/cropped-apuntesdesanluis.png\",\"contentUrl\":\"https:\/\/apuntesdesanluis.com\/wp-content\/uploads\/2023\/07\/cropped-apuntesdesanluis.png\",\"width\":450,\"height\":112,\"caption\":\"apuntesdesanluis.com\"},\"logo\":{\"@id\":\"https:\/\/apuntesdesanluis.com\/#\/schema\/person\/image\/\"},\"sameAs\":[\"https:\/\/apuntesdesanluis.com\"],\"url\":\"https:\/\/apuntesdesanluis.com\/index.php\/author\/apuntesdesanluis-com\/\"}]}<\/script>\n<!-- \/ Yoast SEO plugin. -->","yoast_head_json":{"title":"MARGARITA BARRIENTOS VOTAR\u00c1 A MILEI: \u201cES NUEVO, PERO ES UN CAMBIO\u201d - Apuntes de San Luis","robots":{"index":"index","follow":"follow","max-snippet":"max-snippet:-1","max-image-preview":"max-image-preview:large","max-video-preview":"max-video-preview:-1"},"canonical":"https:\/\/apuntesdesanluis.com\/index.php\/2023\/11\/06\/margarita-barrientos-votara-a-milei-es-nuevo-pero-es-un-cambio\/","og_locale":"es_ES","og_type":"article","og_title":"MARGARITA BARRIENTOS VOTAR\u00c1 A MILEI: \u201cES NUEVO, PERO ES UN CAMBIO\u201d - Apuntes de San Luis","og_description":"Margarita Barrientos, fundadora del comedor Los Piletones, dijo este lunes que en el balotaje votar\u00e1...","og_url":"https:\/\/apuntesdesanluis.com\/index.php\/2023\/11\/06\/margarita-barrientos-votara-a-milei-es-nuevo-pero-es-un-cambio\/","og_site_name":"Apuntes de San Luis","article_published_time":"2023-11-06T21:52:14+00:00","og_image":[{"width":602,"height":357,"url":"https:\/\/apuntesdesanluis.com\/wp-content\/uploads\/2023\/11\/barrientos.png","type":"image\/png"}],"author":"apuntesdesanluis.com","twitter_card":"summary_large_image","twitter_misc":{"Escrito por":"apuntesdesanluis.com","Tiempo de lectura":"2 minutos"},"schema":{"@context":"https:\/\/schema.org","@graph":[{"@type":"Article","@id":"https:\/\/apuntesdesanluis.com\/index.php\/2023\/11\/06\/margarita-barrientos-votara-a-milei-es-nuevo-pero-es-un-cambio\/#article","isPartOf":{"@id":"https:\/\/apuntesdesanluis.com\/index.php\/2023\/11\/06\/margarita-barrientos-votara-a-milei-es-nuevo-pero-es-un-cambio\/"},"author":{"name":"apuntesdesanluis.com","@id":"https:\/\/apuntesdesanluis.com\/#\/schema\/person\/b55151d52296fcce64d1a72538a70b90"},"headline":"MARGARITA BARRIENTOS VOTAR\u00c1 A MILEI: \u201cES NUEVO, PERO ES UN CAMBIO\u201d","datePublished":"2023-11-06T21:52:14+00:00","mainEntityOfPage":{"@id":"https:\/\/apuntesdesanluis.com\/index.php\/2023\/11\/06\/margarita-barrientos-votara-a-milei-es-nuevo-pero-es-un-cambio\/"},"wordCount":457,"publisher":{"@id":"https:\/\/apuntesdesanluis.com\/#\/schema\/person\/b55151d52296fcce64d1a72538a70b90"},"image":{"@id":"https:\/\/apuntesdesanluis.com\/index.php\/2023\/11\/06\/margarita-barrientos-votara-a-milei-es-nuevo-pero-es-un-cambio\/#primaryimage"},"thumbnailUrl":"https:\/\/apuntesdesanluis.com\/wp-content\/uploads\/2023\/11\/barrientos.png","articleSection":["Nacionales\/Internacionales"],"inLanguage":"es-AR"},{"@type":"WebPage","@id":"https:\/\/apuntesdesanluis.com\/index.php\/2023\/11\/06\/margarita-barrientos-votara-a-milei-es-nuevo-pero-es-un-cambio\/","url":"https:\/\/apuntesdesanluis.com\/index.php\/2023\/11\/06\/margarita-barrientos-votara-a-milei-es-nuevo-pero-es-un-cambio\/","name":"MARGARITA BARRIENTOS VOTAR\u00c1 A MILEI: \u201cES NUEVO, PERO ES UN CAMBIO\u201d - Apuntes de San Luis","isPartOf":{"@id":"https:\/\/apuntesdesanluis.com\/#website"},"primaryImageOfPage":{"@id":"https:\/\/apuntesdesanluis.com\/index.php\/2023\/11\/06\/margarita-barrientos-votara-a-milei-es-nuevo-pero-es-un-cambio\/#primaryimage"},"image":{"@id":"https:\/\/apuntesdesanluis.com\/index.php\/2023\/11\/06\/margarita-barrientos-votara-a-milei-es-nuevo-pero-es-un-cambio\/#primaryimage"},"thumbnailUrl":"https:\/\/apuntesdesanluis.com\/wp-content\/uploads\/2023\/11\/barrientos.png","datePublished":"2023-11-06T21:52:14+00:00","breadcrumb":{"@id":"https:\/\/apuntesdesanluis.com\/index.php\/2023\/11\/06\/margarita-barrientos-votara-a-milei-es-nuevo-pero-es-un-cambio\/#breadcrumb"},"inLanguage":"es-AR","potentialAction":[{"@type":"ReadAction","target":["https:\/\/apuntesdesanluis.com\/index.php\/2023\/11\/06\/margarita-barrientos-votara-a-milei-es-nuevo-pero-es-un-cambio\/"]}]},{"@type":"ImageObject","inLanguage":"es-AR","@id":"https:\/\/apuntesdesanluis.com\/index.php\/2023\/11\/06\/margarita-barrientos-votara-a-milei-es-nuevo-pero-es-un-cambio\/#primaryimage","url":"https:\/\/apuntesdesanluis.com\/wp-content\/uploads\/2023\/11\/barrientos.png","contentUrl":"https:\/\/apuntesdesanluis.com\/wp-content\/uploads\/2023\/11\/barrientos.png","width":602,"height":357},{"@type":"BreadcrumbList","@id":"https:\/\/apuntesdesanluis.com\/index.php\/2023\/11\/06\/margarita-barrientos-votara-a-milei-es-nuevo-pero-es-un-cambio\/#breadcrumb","itemListElement":[{"@type":"ListItem","position":1,"name":"Inicio","item":"https:\/\/apuntesdesanluis.com\/"},{"@type":"ListItem","position":2,"name":"MARGARITA BARRIENTOS VOTAR\u00c1 A MILEI: \u201cES NUEVO, PERO ES UN CAMBIO\u201d"}]},{"@type":"WebSite","@id":"https:\/\/apuntesdesanluis.com\/#website","url":"https:\/\/apuntesdesanluis.com\/","name":"Apuntes de San Luis","description":"","publisher":{"@id":"https:\/\/apuntesdesanluis.com\/#\/schema\/person\/b55151d52296fcce64d1a72538a70b90"},"potentialAction":[{"@type":"SearchAction","target":{"@type":"EntryPoint","urlTemplate":"https:\/\/apuntesdesanluis.com\/?s={search_term_string}"},"query-input":{"@type":"PropertyValueSpecification","valueRequired":true,"valueName":"search_term_string"}}],"inLanguage":"es-AR"},{"@type":["Person","Organization"],"@id":"https:\/\/apuntesdesanluis.com\/#\/schema\/person\/b55151d52296fcce64d1a72538a70b90","name":"apuntesdesanluis.com","image":{"@type":"ImageObject","inLanguage":"es-AR","@id":"https:\/\/apuntesdesanluis.com\/#\/schema\/person\/image\/","url":"https:\/\/apuntesdesanluis.com\/wp-content\/uploads\/2023\/07\/cropped-apuntesdesanluis.png","contentUrl":"https:\/\/apuntesdesanluis.com\/wp-content\/uploads\/2023\/07\/cropped-apuntesdesanluis.png","width":450,"height":112,"caption":"apuntesdesanluis.com"},"logo":{"@id":"https:\/\/apuntesdesanluis.com\/#\/schema\/person\/image\/"},"sameAs":["https:\/\/apuntesdesanluis.com"],"url":"https:\/\/apuntesdesanluis.com\/index.php\/author\/apuntesdesanluis-com\/"}]}},"featured_image_urls":{"full":["https:\/\/apuntesdesanluis.com\/wp-content\/uploads\/2023\/11\/barrientos.png",602,357,false],"thumbnail":["https:\/\/apuntesdesanluis.com\/wp-content\/uploads\/2023\/11\/barrientos-150x150.png",150,150,true],"medium":["https:\/\/apuntesdesanluis.com\/wp-content\/uploads\/2023\/11\/barrientos-300x178.png",300,178,true],"medium_large":["https:\/\/apuntesdesanluis.com\/wp-content\/uploads\/2023\/11\/barrientos.png",602,357,false],"large":["https:\/\/apuntesdesanluis.com\/wp-content\/uploads\/2023\/11\/barrientos.png",602,357,false],"1536x1536":["https:\/\/apuntesdesanluis.com\/wp-content\/uploads\/2023\/11\/barrientos.png",602,357,false],"2048x2048":["https:\/\/apuntesdesanluis.com\/wp-content\/uploads\/2023\/11\/barrientos.png",602,357,false],"newsever-slider-full":["https:\/\/apuntesdesanluis.com\/wp-content\/uploads\/2023\/11\/barrientos.png",602,357,false],"newsever-featured":["https:\/\/apuntesdesanluis.com\/wp-content\/uploads\/2023\/11\/barrientos.png",602,357,false],"newsever-medium":["https:\/\/apuntesdesanluis.com\/wp-content\/uploads\/2023\/11\/barrientos.png",602,357,false]},"author_info":{"display_name":"apuntesdesanluis.com","author_link":"https:\/\/apuntesdesanluis.com\/index.php\/author\/apuntesdesanluis-com\/"},"category_info":"<a href=\"https:\/\/apuntesdesanluis.com\/index.php\/category\/nacionales-internacionales\/\" rel=\"category tag\">Nacionales\/Internacionales<\/a>","tag_info":"Nacionales\/Internacionales","comment_count":"0","_links":{"self":[{"href":"https:\/\/apuntesdesanluis.com\/index.php\/wp-json\/wp\/v2\/posts\/6382","targetHints":{"allow":["GET"]}}],"collection":[{"href":"https:\/\/apuntesdesanluis.com\/index.php\/wp-json\/wp\/v2\/posts"}],"about":[{"href":"https:\/\/apuntesdesanluis.com\/index.php\/wp-json\/wp\/v2\/types\/post"}],"author":[{"embeddable":true,"href":"https:\/\/apuntesdesanluis.com\/index.php\/wp-json\/wp\/v2\/users\/1"}],"replies":[{"embeddable":true,"href":"https:\/\/apuntesdesanluis.com\/index.php\/wp-json\/wp\/v2\/comments?post=6382"}],"version-history":[{"count":1,"href":"https:\/\/apuntesdesanluis.com\/index.php\/wp-json\/wp\/v2\/posts\/6382\/revisions"}],"predecessor-version":[{"id":6384,"href":"https:\/\/apuntesdesanluis.com\/index.php\/wp-json\/wp\/v2\/posts\/6382\/revisions\/6384"}],"wp:featuredmedia":[{"embeddable":true,"href":"https:\/\/apuntesdesanluis.com\/index.php\/wp-json\/wp\/v2\/media\/6383"}],"wp:attachment":[{"href":"https:\/\/apuntesdesanluis.com\/index.php\/wp-json\/wp\/v2\/media?parent=6382"}],"wp:term":[{"taxonomy":"category","embeddable":true,"href":"https:\/\/apuntesdesanluis.com\/index.php\/wp-json\/wp\/v2\/categories?post=6382"},{"taxonomy":"post_tag","embeddable":true,"href":"https:\/\/apuntesdesanluis.com\/index.php\/wp-json\/wp\/v2\/tags?post=6382"}],"curies":[{"name":"wp","href":"https:\/\/api.w.org\/{rel}","templated":true}]}}