{"id":6385,"date":"2023-11-06T19:07:32","date_gmt":"2023-11-06T22:07:32","guid":{"rendered":"https:\/\/apuntesdesanluis.com\/?p=6385"},"modified":"2023-11-06T19:07:32","modified_gmt":"2023-11-06T22:07:32","slug":"juan-manuel-urtubey-respaldo-a-massa-lo-hago-como-un-defensor-de-la-democracia-y-de-mi-pais","status":"publish","type":"post","link":"https:\/\/apuntesdesanluis.com\/index.php\/2023\/11\/06\/juan-manuel-urtubey-respaldo-a-massa-lo-hago-como-un-defensor-de-la-democracia-y-de-mi-pais\/","title":{"rendered":"JUAN MANUEL URTUBEY RESPALD\u00d3 A MASSA: &#8220;LO HAGO COMO UN DEFENSOR DE LA DEMOCRACIA Y DE MI PA\u00cdS&#8221;"},"content":{"rendered":"<h3>El ex gobernador de Salta <strong>Juan Manuel Urtubey<\/strong> oficializ\u00f3 su apoyo en el balotaje del 19 de noviembre al candidato presidencial de Uni\u00f3n por la Patria, <strong>Sergio Massa<\/strong>, a quien tambi\u00e9n acompa\u00f1ar\u00e1 en actividades de campa\u00f1a por C\u00f3rdoba y Santa Fe.<\/h3>\n<h3>&#8220;Apoyo a Sergio Massa. No lo hago s\u00f3lo como peronista, lo hago como un defensor de la democracia y de mi pa\u00eds. Sigo creyendo, como siempre lo hice, que donde hay una necesidad, hay un derecho&#8221;, enfatiz\u00f3 Urtubey, que respald\u00f3 tambi\u00e9n la propuesta de un gobierno de &#8220;unidad nacional&#8221; como plante\u00f3 el l\u00edder del Frente Renovador.<\/h3>\n<h3>En su cuenta de la red social X, el salte\u00f1o consider\u00f3 que &#8220;los problemas son demasiado grandes y los argentinos est\u00e1n demasiado mal para que la respuesta sea m\u00e1s mezquindad y m\u00e1s soberbia&#8221;.<\/h3>\n<h3>&#8220;Hace falta un gobierno de Unidad Nacional, en serio, que sea la herramienta transformadora que necesita nuestro pueblo para comenzar a dar vuelta la p\u00e1gina del dolor y la desesperanza. El anterior gobierno no lo hizo. El actual tampoco&#8221;, subray\u00f3 el ex mandatario provincial.<\/h3>\n<h3>Y agreg\u00f3: &#8220;Ya es hora de mirar hacia adelante, ya es hora de trabajar por la Argentina. Al futuro no se lo espera, se lo construye&#8221;.<\/h3>\n<h3>Urtubey oficializ\u00f3 su apoyo a Sergio Massa luego de que el ministro de Econom\u00eda asegurara p\u00fablicamente que pod\u00eda sumar a su eventual gabinete a dirigentes como el ex gobernador de Salta, provenientes del Partido Justicialista pero alejados del kirchnerismo.<\/h3>\n<h3>Massa y el salte\u00f1o hab\u00edan intentado armar un espacio &#8220;antigrieta&#8221; en 2018, junto a otros referentes del peronismo disidente, pero luego el emprendimiento qued\u00f3 trunco cuando el l\u00edder del FR se sum\u00f3 a la propuesta que encabez\u00f3 en 2019 el ahora presidente Alberto Fern\u00e1ndez.<\/h3>\n<h3><strong>CAMA\u00d1O TAMBI\u00c9N CON MASSA<\/strong><\/h3>\n<h3>La diputada nacional del interbloque Federal <strong>Graciela Cama\u00f1o<\/strong> anunci\u00f3 este lunes que tambi\u00e9n apoyar\u00e1 al candidato presidencial de Uni\u00f3n por la Patria,<strong> Sergio Massa<\/strong>, de cara al balotaje del 19 de noviembre pr\u00f3ximo.<\/h3>\n<p><img fetchpriority=\"high\" decoding=\"async\" class=\"wp-image-6387 aligncenter\" src=\"https:\/\/apuntesdesanluis.com\/wp-content\/uploads\/2023\/11\/camano-300x196.png\" alt=\"\" width=\"531\" height=\"347\" srcset=\"https:\/\/apuntesdesanluis.com\/wp-content\/uploads\/2023\/11\/camano-300x196.png 300w, https:\/\/apuntesdesanluis.com\/wp-content\/uploads\/2023\/11\/camano.png 574w\" sizes=\"(max-width: 531px) 100vw, 531px\" \/><\/p>\n<h3>&#8220;Yo no tengo ninguna duda, yo voy a acompa\u00f1ar la candidatura de Sergio. S\u00e9 de sus defectos y virtudes. Lo voy a acompa\u00f1ar exigi\u00e9ndole siempre lo que yo creo que debe ser un buen gobierno, p\u00fablica y privadamente\u201d, expres\u00f3.<\/h3>\n<h3>Madrina pol\u00edtica y ex mano derecha de Massa en el Frente Renovador, Cama\u00f1o se alej\u00f3 de ese espacio cuando el tigrense acept\u00f3 formar parte del Frente de Todos en 2019, pero la relaci\u00f3n personal perdur\u00f3 pese a las divergencias partidarias.<\/h3>\n<h3>&#8220;Yo conf\u00edo en que \u00e9l est\u00e1 en capacidad para ponerse al frente&#8221;, asegur\u00f3 la legisladora de Identidad bonaerense, la bancada que comparte con Alejandro &#8220;Topo&#8221; Rodr\u00edguez y Florencio Randazzo dentro del interbloque Federal.<\/h3>\n<h3>Para Cama\u00f1o, el pr\u00f3ximo gobierno &#8220;va a tener muchas dificultades, porque la grieta no se cierra de un d\u00eda para el otro ni rifando cargos&#8221;.<\/h3>\n<h3>En declaraciones radiales, la bonaerense repas\u00f3 qu\u00e9 es lo que est\u00e1 en juego en las pr\u00f3ximas elecciones y diferenci\u00f3 entre un modelo que quiere llevar adelante &#8220;la agenda del mundo occidental&#8221; y otro paradigma que se apoya en &#8220;una mentalidad terraplanista y negacionista&#8221;.<\/h3>\n<h3>&#8220;Las personas que vayan a votar el 19 no eligen entre un kirchnerista y un antikirchnerista, lo que eligen es qu\u00e9 agenda quieren que el pr\u00f3ximo gobernante lleve adelante&#8221;, comenz\u00f3.<\/h3>\n<p>&nbsp;<\/p>\n<p>&nbsp;<\/p>\n<p>&nbsp;<\/p>\n","protected":false},"excerpt":{"rendered":"<p>El ex gobernador de Salta Juan Manuel Urtubey oficializ\u00f3 su apoyo en el balotaje del&#8230;<\/p>\n","protected":false},"author":1,"featured_media":6386,"comment_status":"closed","ping_status":"closed","sticky":false,"template":"","format":"standard","meta":{"footnotes":""},"categories":[5],"tags":[],"class_list":["post-6385","post","type-post","status-publish","format-standard","has-post-thumbnail","hentry","category-nacionales-internacionales"],"yoast_head":"<!-- This site is optimized with the Yoast SEO plugin v26.1.1 - https:\/\/yoast.com\/wordpress\/plugins\/seo\/ -->\n<title>JUAN MANUEL URTUBEY RESPALD\u00d3 A MASSA: &quot;LO HAGO COMO UN DEFENSOR DE LA DEMOCRACIA Y DE MI PA\u00cdS&quot; - Apuntes de San Luis<\/title>\n<meta name=\"robots\" content=\"index, follow, max-snippet:-1, max-image-preview:large, max-video-preview:-1\" \/>\n<link rel=\"canonical\" href=\"https:\/\/apuntesdesanluis.com\/index.php\/2023\/11\/06\/juan-manuel-urtubey-respaldo-a-massa-lo-hago-como-un-defensor-de-la-democracia-y-de-mi-pais\/\" \/>\n<meta property=\"og:locale\" content=\"es_ES\" \/>\n<meta property=\"og:type\" content=\"article\" \/>\n<meta property=\"og:title\" content=\"JUAN MANUEL URTUBEY RESPALD\u00d3 A MASSA: &quot;LO HAGO COMO UN DEFENSOR DE LA DEMOCRACIA Y DE MI PA\u00cdS&quot; - Apuntes de San Luis\" \/>\n<meta property=\"og:description\" content=\"El ex gobernador de Salta Juan Manuel Urtubey oficializ\u00f3 su apoyo en el balotaje del...\" \/>\n<meta property=\"og:url\" content=\"https:\/\/apuntesdesanluis.com\/index.php\/2023\/11\/06\/juan-manuel-urtubey-respaldo-a-massa-lo-hago-como-un-defensor-de-la-democracia-y-de-mi-pais\/\" \/>\n<meta property=\"og:site_name\" content=\"Apuntes de San Luis\" \/>\n<meta property=\"article:published_time\" content=\"2023-11-06T22:07:32+00:00\" \/>\n<meta property=\"og:image\" content=\"https:\/\/apuntesdesanluis.com\/wp-content\/uploads\/2023\/11\/urtubey.png\" \/>\n\t<meta property=\"og:image:width\" content=\"584\" \/>\n\t<meta property=\"og:image:height\" content=\"379\" \/>\n\t<meta property=\"og:image:type\" content=\"image\/png\" \/>\n<meta name=\"author\" content=\"apuntesdesanluis.com\" \/>\n<meta name=\"twitter:card\" content=\"summary_large_image\" \/>\n<meta name=\"twitter:label1\" content=\"Escrito por\" \/>\n\t<meta name=\"twitter:data1\" content=\"apuntesdesanluis.com\" \/>\n\t<meta name=\"twitter:label2\" content=\"Tiempo de lectura\" \/>\n\t<meta name=\"twitter:data2\" content=\"3 minutos\" \/>\n<script type=\"application\/ld+json\" class=\"yoast-schema-graph\">{\"@context\":\"https:\/\/schema.org\",\"@graph\":[{\"@type\":\"Article\",\"@id\":\"https:\/\/apuntesdesanluis.com\/index.php\/2023\/11\/06\/juan-manuel-urtubey-respaldo-a-massa-lo-hago-como-un-defensor-de-la-democracia-y-de-mi-pais\/#article\",\"isPartOf\":{\"@id\":\"https:\/\/apuntesdesanluis.com\/index.php\/2023\/11\/06\/juan-manuel-urtubey-respaldo-a-massa-lo-hago-como-un-defensor-de-la-democracia-y-de-mi-pais\/\"},\"author\":{\"name\":\"apuntesdesanluis.com\",\"@id\":\"https:\/\/apuntesdesanluis.com\/#\/schema\/person\/b55151d52296fcce64d1a72538a70b90\"},\"headline\":\"JUAN MANUEL URTUBEY RESPALD\u00d3 A MASSA: &#8220;LO HAGO COMO UN DEFENSOR DE LA DEMOCRACIA Y DE MI PA\u00cdS&#8221;\",\"datePublished\":\"2023-11-06T22:07:32+00:00\",\"mainEntityOfPage\":{\"@id\":\"https:\/\/apuntesdesanluis.com\/index.php\/2023\/11\/06\/juan-manuel-urtubey-respaldo-a-massa-lo-hago-como-un-defensor-de-la-democracia-y-de-mi-pais\/\"},\"wordCount\":587,\"publisher\":{\"@id\":\"https:\/\/apuntesdesanluis.com\/#\/schema\/person\/b55151d52296fcce64d1a72538a70b90\"},\"image\":{\"@id\":\"https:\/\/apuntesdesanluis.com\/index.php\/2023\/11\/06\/juan-manuel-urtubey-respaldo-a-massa-lo-hago-como-un-defensor-de-la-democracia-y-de-mi-pais\/#primaryimage\"},\"thumbnailUrl\":\"https:\/\/apuntesdesanluis.com\/wp-content\/uploads\/2023\/11\/urtubey.png\",\"articleSection\":[\"Nacionales\/Internacionales\"],\"inLanguage\":\"es-AR\"},{\"@type\":\"WebPage\",\"@id\":\"https:\/\/apuntesdesanluis.com\/index.php\/2023\/11\/06\/juan-manuel-urtubey-respaldo-a-massa-lo-hago-como-un-defensor-de-la-democracia-y-de-mi-pais\/\",\"url\":\"https:\/\/apuntesdesanluis.com\/index.php\/2023\/11\/06\/juan-manuel-urtubey-respaldo-a-massa-lo-hago-como-un-defensor-de-la-democracia-y-de-mi-pais\/\",\"name\":\"JUAN MANUEL URTUBEY RESPALD\u00d3 A MASSA: \\\"LO HAGO COMO UN DEFENSOR DE LA DEMOCRACIA Y DE MI PA\u00cdS\\\" - Apuntes de San Luis\",\"isPartOf\":{\"@id\":\"https:\/\/apuntesdesanluis.com\/#website\"},\"primaryImageOfPage\":{\"@id\":\"https:\/\/apuntesdesanluis.com\/index.php\/2023\/11\/06\/juan-manuel-urtubey-respaldo-a-massa-lo-hago-como-un-defensor-de-la-democracia-y-de-mi-pais\/#primaryimage\"},\"image\":{\"@id\":\"https:\/\/apuntesdesanluis.com\/index.php\/2023\/11\/06\/juan-manuel-urtubey-respaldo-a-massa-lo-hago-como-un-defensor-de-la-democracia-y-de-mi-pais\/#primaryimage\"},\"thumbnailUrl\":\"https:\/\/apuntesdesanluis.com\/wp-content\/uploads\/2023\/11\/urtubey.png\",\"datePublished\":\"2023-11-06T22:07:32+00:00\",\"breadcrumb\":{\"@id\":\"https:\/\/apuntesdesanluis.com\/index.php\/2023\/11\/06\/juan-manuel-urtubey-respaldo-a-massa-lo-hago-como-un-defensor-de-la-democracia-y-de-mi-pais\/#breadcrumb\"},\"inLanguage\":\"es-AR\",\"potentialAction\":[{\"@type\":\"ReadAction\",\"target\":[\"https:\/\/apuntesdesanluis.com\/index.php\/2023\/11\/06\/juan-manuel-urtubey-respaldo-a-massa-lo-hago-como-un-defensor-de-la-democracia-y-de-mi-pais\/\"]}]},{\"@type\":\"ImageObject\",\"inLanguage\":\"es-AR\",\"@id\":\"https:\/\/apuntesdesanluis.com\/index.php\/2023\/11\/06\/juan-manuel-urtubey-respaldo-a-massa-lo-hago-como-un-defensor-de-la-democracia-y-de-mi-pais\/#primaryimage\",\"url\":\"https:\/\/apuntesdesanluis.com\/wp-content\/uploads\/2023\/11\/urtubey.png\",\"contentUrl\":\"https:\/\/apuntesdesanluis.com\/wp-content\/uploads\/2023\/11\/urtubey.png\",\"width\":584,\"height\":379},{\"@type\":\"BreadcrumbList\",\"@id\":\"https:\/\/apuntesdesanluis.com\/index.php\/2023\/11\/06\/juan-manuel-urtubey-respaldo-a-massa-lo-hago-como-un-defensor-de-la-democracia-y-de-mi-pais\/#breadcrumb\",\"itemListElement\":[{\"@type\":\"ListItem\",\"position\":1,\"name\":\"Inicio\",\"item\":\"https:\/\/apuntesdesanluis.com\/\"},{\"@type\":\"ListItem\",\"position\":2,\"name\":\"JUAN MANUEL URTUBEY RESPALD\u00d3 A MASSA: &#8220;LO HAGO COMO UN DEFENSOR DE LA DEMOCRACIA Y DE MI PA\u00cdS&#8221;\"}]},{\"@type\":\"WebSite\",\"@id\":\"https:\/\/apuntesdesanluis.com\/#website\",\"url\":\"https:\/\/apuntesdesanluis.com\/\",\"name\":\"Apuntes de San Luis\",\"description\":\"\",\"publisher\":{\"@id\":\"https:\/\/apuntesdesanluis.com\/#\/schema\/person\/b55151d52296fcce64d1a72538a70b90\"},\"potentialAction\":[{\"@type\":\"SearchAction\",\"target\":{\"@type\":\"EntryPoint\",\"urlTemplate\":\"https:\/\/apuntesdesanluis.com\/?s={search_term_string}\"},\"query-input\":{\"@type\":\"PropertyValueSpecification\",\"valueRequired\":true,\"valueName\":\"search_term_string\"}}],\"inLanguage\":\"es-AR\"},{\"@type\":[\"Person\",\"Organization\"],\"@id\":\"https:\/\/apuntesdesanluis.com\/#\/schema\/person\/b55151d52296fcce64d1a72538a70b90\",\"name\":\"apuntesdesanluis.com\",\"image\":{\"@type\":\"ImageObject\",\"inLanguage\":\"es-AR\",\"@id\":\"https:\/\/apuntesdesanluis.com\/#\/schema\/person\/image\/\",\"url\":\"https:\/\/apuntesdesanluis.com\/wp-content\/uploads\/2023\/07\/cropped-apuntesdesanluis.png\",\"contentUrl\":\"https:\/\/apuntesdesanluis.com\/wp-content\/uploads\/2023\/07\/cropped-apuntesdesanluis.png\",\"width\":450,\"height\":112,\"caption\":\"apuntesdesanluis.com\"},\"logo\":{\"@id\":\"https:\/\/apuntesdesanluis.com\/#\/schema\/person\/image\/\"},\"sameAs\":[\"https:\/\/apuntesdesanluis.com\"],\"url\":\"https:\/\/apuntesdesanluis.com\/index.php\/author\/apuntesdesanluis-com\/\"}]}<\/script>\n<!-- \/ Yoast SEO plugin. -->","yoast_head_json":{"title":"JUAN MANUEL URTUBEY RESPALD\u00d3 A MASSA: \"LO HAGO COMO UN DEFENSOR DE LA DEMOCRACIA Y DE MI PA\u00cdS\" - Apuntes de San Luis","robots":{"index":"index","follow":"follow","max-snippet":"max-snippet:-1","max-image-preview":"max-image-preview:large","max-video-preview":"max-video-preview:-1"},"canonical":"https:\/\/apuntesdesanluis.com\/index.php\/2023\/11\/06\/juan-manuel-urtubey-respaldo-a-massa-lo-hago-como-un-defensor-de-la-democracia-y-de-mi-pais\/","og_locale":"es_ES","og_type":"article","og_title":"JUAN MANUEL URTUBEY RESPALD\u00d3 A MASSA: \"LO HAGO COMO UN DEFENSOR DE LA DEMOCRACIA Y DE MI PA\u00cdS\" - Apuntes de San Luis","og_description":"El ex gobernador de Salta Juan Manuel Urtubey oficializ\u00f3 su apoyo en el balotaje del...","og_url":"https:\/\/apuntesdesanluis.com\/index.php\/2023\/11\/06\/juan-manuel-urtubey-respaldo-a-massa-lo-hago-como-un-defensor-de-la-democracia-y-de-mi-pais\/","og_site_name":"Apuntes de San Luis","article_published_time":"2023-11-06T22:07:32+00:00","og_image":[{"width":584,"height":379,"url":"https:\/\/apuntesdesanluis.com\/wp-content\/uploads\/2023\/11\/urtubey.png","type":"image\/png"}],"author":"apuntesdesanluis.com","twitter_card":"summary_large_image","twitter_misc":{"Escrito por":"apuntesdesanluis.com","Tiempo de lectura":"3 minutos"},"schema":{"@context":"https:\/\/schema.org","@graph":[{"@type":"Article","@id":"https:\/\/apuntesdesanluis.com\/index.php\/2023\/11\/06\/juan-manuel-urtubey-respaldo-a-massa-lo-hago-como-un-defensor-de-la-democracia-y-de-mi-pais\/#article","isPartOf":{"@id":"https:\/\/apuntesdesanluis.com\/index.php\/2023\/11\/06\/juan-manuel-urtubey-respaldo-a-massa-lo-hago-como-un-defensor-de-la-democracia-y-de-mi-pais\/"},"author":{"name":"apuntesdesanluis.com","@id":"https:\/\/apuntesdesanluis.com\/#\/schema\/person\/b55151d52296fcce64d1a72538a70b90"},"headline":"JUAN MANUEL URTUBEY RESPALD\u00d3 A MASSA: &#8220;LO HAGO COMO UN DEFENSOR DE LA DEMOCRACIA Y DE MI PA\u00cdS&#8221;","datePublished":"2023-11-06T22:07:32+00:00","mainEntityOfPage":{"@id":"https:\/\/apuntesdesanluis.com\/index.php\/2023\/11\/06\/juan-manuel-urtubey-respaldo-a-massa-lo-hago-como-un-defensor-de-la-democracia-y-de-mi-pais\/"},"wordCount":587,"publisher":{"@id":"https:\/\/apuntesdesanluis.com\/#\/schema\/person\/b55151d52296fcce64d1a72538a70b90"},"image":{"@id":"https:\/\/apuntesdesanluis.com\/index.php\/2023\/11\/06\/juan-manuel-urtubey-respaldo-a-massa-lo-hago-como-un-defensor-de-la-democracia-y-de-mi-pais\/#primaryimage"},"thumbnailUrl":"https:\/\/apuntesdesanluis.com\/wp-content\/uploads\/2023\/11\/urtubey.png","articleSection":["Nacionales\/Internacionales"],"inLanguage":"es-AR"},{"@type":"WebPage","@id":"https:\/\/apuntesdesanluis.com\/index.php\/2023\/11\/06\/juan-manuel-urtubey-respaldo-a-massa-lo-hago-como-un-defensor-de-la-democracia-y-de-mi-pais\/","url":"https:\/\/apuntesdesanluis.com\/index.php\/2023\/11\/06\/juan-manuel-urtubey-respaldo-a-massa-lo-hago-como-un-defensor-de-la-democracia-y-de-mi-pais\/","name":"JUAN MANUEL URTUBEY RESPALD\u00d3 A MASSA: \"LO HAGO COMO UN DEFENSOR DE LA DEMOCRACIA Y DE MI PA\u00cdS\" - Apuntes de San Luis","isPartOf":{"@id":"https:\/\/apuntesdesanluis.com\/#website"},"primaryImageOfPage":{"@id":"https:\/\/apuntesdesanluis.com\/index.php\/2023\/11\/06\/juan-manuel-urtubey-respaldo-a-massa-lo-hago-como-un-defensor-de-la-democracia-y-de-mi-pais\/#primaryimage"},"image":{"@id":"https:\/\/apuntesdesanluis.com\/index.php\/2023\/11\/06\/juan-manuel-urtubey-respaldo-a-massa-lo-hago-como-un-defensor-de-la-democracia-y-de-mi-pais\/#primaryimage"},"thumbnailUrl":"https:\/\/apuntesdesanluis.com\/wp-content\/uploads\/2023\/11\/urtubey.png","datePublished":"2023-11-06T22:07:32+00:00","breadcrumb":{"@id":"https:\/\/apuntesdesanluis.com\/index.php\/2023\/11\/06\/juan-manuel-urtubey-respaldo-a-massa-lo-hago-como-un-defensor-de-la-democracia-y-de-mi-pais\/#breadcrumb"},"inLanguage":"es-AR","potentialAction":[{"@type":"ReadAction","target":["https:\/\/apuntesdesanluis.com\/index.php\/2023\/11\/06\/juan-manuel-urtubey-respaldo-a-massa-lo-hago-como-un-defensor-de-la-democracia-y-de-mi-pais\/"]}]},{"@type":"ImageObject","inLanguage":"es-AR","@id":"https:\/\/apuntesdesanluis.com\/index.php\/2023\/11\/06\/juan-manuel-urtubey-respaldo-a-massa-lo-hago-como-un-defensor-de-la-democracia-y-de-mi-pais\/#primaryimage","url":"https:\/\/apuntesdesanluis.com\/wp-content\/uploads\/2023\/11\/urtubey.png","contentUrl":"https:\/\/apuntesdesanluis.com\/wp-content\/uploads\/2023\/11\/urtubey.png","width":584,"height":379},{"@type":"BreadcrumbList","@id":"https:\/\/apuntesdesanluis.com\/index.php\/2023\/11\/06\/juan-manuel-urtubey-respaldo-a-massa-lo-hago-como-un-defensor-de-la-democracia-y-de-mi-pais\/#breadcrumb","itemListElement":[{"@type":"ListItem","position":1,"name":"Inicio","item":"https:\/\/apuntesdesanluis.com\/"},{"@type":"ListItem","position":2,"name":"JUAN MANUEL URTUBEY RESPALD\u00d3 A MASSA: &#8220;LO HAGO COMO UN DEFENSOR DE LA DEMOCRACIA Y DE MI PA\u00cdS&#8221;"}]},{"@type":"WebSite","@id":"https:\/\/apuntesdesanluis.com\/#website","url":"https:\/\/apuntesdesanluis.com\/","name":"Apuntes de San Luis","description":"","publisher":{"@id":"https:\/\/apuntesdesanluis.com\/#\/schema\/person\/b55151d52296fcce64d1a72538a70b90"},"potentialAction":[{"@type":"SearchAction","target":{"@type":"EntryPoint","urlTemplate":"https:\/\/apuntesdesanluis.com\/?s={search_term_string}"},"query-input":{"@type":"PropertyValueSpecification","valueRequired":true,"valueName":"search_term_string"}}],"inLanguage":"es-AR"},{"@type":["Person","Organization"],"@id":"https:\/\/apuntesdesanluis.com\/#\/schema\/person\/b55151d52296fcce64d1a72538a70b90","name":"apuntesdesanluis.com","image":{"@type":"ImageObject","inLanguage":"es-AR","@id":"https:\/\/apuntesdesanluis.com\/#\/schema\/person\/image\/","url":"https:\/\/apuntesdesanluis.com\/wp-content\/uploads\/2023\/07\/cropped-apuntesdesanluis.png","contentUrl":"https:\/\/apuntesdesanluis.com\/wp-content\/uploads\/2023\/07\/cropped-apuntesdesanluis.png","width":450,"height":112,"caption":"apuntesdesanluis.com"},"logo":{"@id":"https:\/\/apuntesdesanluis.com\/#\/schema\/person\/image\/"},"sameAs":["https:\/\/apuntesdesanluis.com"],"url":"https:\/\/apuntesdesanluis.com\/index.php\/author\/apuntesdesanluis-com\/"}]}},"featured_image_urls":{"full":["https:\/\/apuntesdesanluis.com\/wp-content\/uploads\/2023\/11\/urtubey.png",584,379,false],"thumbnail":["https:\/\/apuntesdesanluis.com\/wp-content\/uploads\/2023\/11\/urtubey-150x150.png",150,150,true],"medium":["https:\/\/apuntesdesanluis.com\/wp-content\/uploads\/2023\/11\/urtubey-300x195.png",300,195,true],"medium_large":["https:\/\/apuntesdesanluis.com\/wp-content\/uploads\/2023\/11\/urtubey.png",584,379,false],"large":["https:\/\/apuntesdesanluis.com\/wp-content\/uploads\/2023\/11\/urtubey.png",584,379,false],"1536x1536":["https:\/\/apuntesdesanluis.com\/wp-content\/uploads\/2023\/11\/urtubey.png",584,379,false],"2048x2048":["https:\/\/apuntesdesanluis.com\/wp-content\/uploads\/2023\/11\/urtubey.png",584,379,false],"newsever-slider-full":["https:\/\/apuntesdesanluis.com\/wp-content\/uploads\/2023\/11\/urtubey.png",584,379,false],"newsever-featured":["https:\/\/apuntesdesanluis.com\/wp-content\/uploads\/2023\/11\/urtubey.png",584,379,false],"newsever-medium":["https:\/\/apuntesdesanluis.com\/wp-content\/uploads\/2023\/11\/urtubey.png",584,379,false]},"author_info":{"display_name":"apuntesdesanluis.com","author_link":"https:\/\/apuntesdesanluis.com\/index.php\/author\/apuntesdesanluis-com\/"},"category_info":"<a href=\"https:\/\/apuntesdesanluis.com\/index.php\/category\/nacionales-internacionales\/\" rel=\"category tag\">Nacionales\/Internacionales<\/a>","tag_info":"Nacionales\/Internacionales","comment_count":"0","_links":{"self":[{"href":"https:\/\/apuntesdesanluis.com\/index.php\/wp-json\/wp\/v2\/posts\/6385","targetHints":{"allow":["GET"]}}],"collection":[{"href":"https:\/\/apuntesdesanluis.com\/index.php\/wp-json\/wp\/v2\/posts"}],"about":[{"href":"https:\/\/apuntesdesanluis.com\/index.php\/wp-json\/wp\/v2\/types\/post"}],"author":[{"embeddable":true,"href":"https:\/\/apuntesdesanluis.com\/index.php\/wp-json\/wp\/v2\/users\/1"}],"replies":[{"embeddable":true,"href":"https:\/\/apuntesdesanluis.com\/index.php\/wp-json\/wp\/v2\/comments?post=6385"}],"version-history":[{"count":1,"href":"https:\/\/apuntesdesanluis.com\/index.php\/wp-json\/wp\/v2\/posts\/6385\/revisions"}],"predecessor-version":[{"id":6388,"href":"https:\/\/apuntesdesanluis.com\/index.php\/wp-json\/wp\/v2\/posts\/6385\/revisions\/6388"}],"wp:featuredmedia":[{"embeddable":true,"href":"https:\/\/apuntesdesanluis.com\/index.php\/wp-json\/wp\/v2\/media\/6386"}],"wp:attachment":[{"href":"https:\/\/apuntesdesanluis.com\/index.php\/wp-json\/wp\/v2\/media?parent=6385"}],"wp:term":[{"taxonomy":"category","embeddable":true,"href":"https:\/\/apuntesdesanluis.com\/index.php\/wp-json\/wp\/v2\/categories?post=6385"},{"taxonomy":"post_tag","embeddable":true,"href":"https:\/\/apuntesdesanluis.com\/index.php\/wp-json\/wp\/v2\/tags?post=6385"}],"curies":[{"name":"wp","href":"https:\/\/api.w.org\/{rel}","templated":true}]}}