{"id":6389,"date":"2023-11-06T19:16:35","date_gmt":"2023-11-06T22:16:35","guid":{"rendered":"https:\/\/apuntesdesanluis.com\/?p=6389"},"modified":"2023-11-06T19:16:35","modified_gmt":"2023-11-06T22:16:35","slug":"federico-storani-en-el-balotaje-no-hay-medias-tintas-voy-a-votar-a-sergio-massa","status":"publish","type":"post","link":"https:\/\/apuntesdesanluis.com\/index.php\/2023\/11\/06\/federico-storani-en-el-balotaje-no-hay-medias-tintas-voy-a-votar-a-sergio-massa\/","title":{"rendered":"FEDERICO STORANI: &#8220;EN EL BALOTAJE NO HAY MEDIAS TINTAS, VOY A VOTAR A SERGIO MASSA&#8221;"},"content":{"rendered":"<h3>El hist\u00f3rico dirigente radical <strong>Federico Storani<\/strong> afirm\u00f3 que frente al balotaje presidencial no se pueden tener &#8220;medias tintas&#8221; y que por ese motivo, junto a otros referentes partidarios, impuls\u00f3 la firma de un comunicado de apoyo a la candidatura de <strong>Sergio Massa<\/strong> (Uni\u00f3n por la Patria) para enfrentar a <strong>Javier Milei<\/strong> (La Libertad Avanza), a quien calific\u00f3 de &#8220;antidemocr\u00e1tico&#8221;.<\/h3>\n<h3>&#8220;Nos parece que no hay medias tintas. El balotaje ha sido creado para eso. Hay que pronunciarse por una de las dos alternativas y nosotros optamos. Conforme a la libertad de acci\u00f3n que nos dio el Comit\u00e9 Nacional de nuestro partido, voy a votar a Sergio Massa&#8221;, dijo en declaraciones formuladas a Radio Provincia.<\/h3>\n<h3>El exministro de Interior durante la presidencia de Fernando de la R\u00faa confirm\u00f3 que se difundir\u00e1 un comunicado de respaldo a Massa firmado por cientos de dirigentes del radicalismo.<\/h3>\n<h3>El apoyo que re\u00fane a sectores de la UCR de todo el pa\u00eds a la postulaci\u00f3n presidencial del ministro de Econom\u00eda surgi\u00f3, explic\u00f3 Storani, tras &#8220;un an\u00e1lisis de las dos alternativas que hay para el balotaje&#8221;.<\/h3>\n<h3>&#8220;Consideramos la \u00fanica opci\u00f3n democr\u00e1tica que est\u00e1 en pie y no es la opci\u00f3n que presenta Milei, (al) que consideramos un autoritario que est\u00e1 en las ant\u00edpodas de nuestro posicionamiento ideol\u00f3gico y tiene un visceral antiradicalismo, lo cual es una forma de ser antidemocr\u00e1tico&#8221;, explic\u00f3 Storani.<\/h3>\n<h3>El comunicado de apoyo a Massa tendr\u00e1 las firmas de autoridades partidarias, pero tambi\u00e9n de legisladores y funcionarios municipales y provinciales, como as\u00ed tambi\u00e9n de dirigentes del radicalismo porte\u00f1o.<\/h3>\n<h3>Seg\u00fan pudo saber T\u00e9lam, el documento contendr\u00e1 asimismo fuertes cuestionamientos a la figura del candidato presidencial de La Libertad Avanza, Javier Milei, y brindar\u00e1 argumentos para explicar por qu\u00e9 este conjunto de dirigentes respaldar\u00e1 la postulaci\u00f3n de Massa.<\/h3>\n<h3>Entre los firmantes estar\u00e1n Federico, Mar\u00eda Luisa y Carmen Storani, Juan Manuel Casella, Luis &#8220;Changui&#8221; C\u00e1ceres, Ra\u00fal Borr\u00e1s, y dirigentes porte\u00f1os como Mabel Bianco, Alejandra Garc\u00eda, Pedro Calvo, Javier Roncero, Pablo Galeano y Daniel Larriqueta.<\/h3>\n<h3>Al documento se suman tambi\u00e9n exfuncioanarios del gobierno de Ra\u00fal Alfons\u00edn, como Enrique Paixao (exsecretario de Justicia) y Oscar Mui\u00f1o (exsubsecretario de Informaci\u00f3n P\u00fablica), adem\u00e1s de Adri\u00e1n Mastronicola, dirigente gremial de La Bancaria, entre otros.<\/h3>\n<h3>Los radicales que respaldan a Masa siguen en la tarea de sumar firmas en todo el pa\u00eds, sobre todo a trav\u00e9s de la Corriente de Opini\u00f3n Nacional, el sector interno del radicalismo que lidera &#8220;Freddy&#8221; Storani.<\/h3>\n<h3>Storani, por su parte, critic\u00f3 el acuerdo pol\u00edtico al que llegaron con Milei el expresidente Mauricio Macri y Patricia Bullrich, quien fuera la candidata presidencial de Juntos por el Cambio (JxC), espacio que integra el radicalismo.<\/h3>\n<h3>Para Storani, &#8220;m\u00e1s que un acuerdo&#8221; fue &#8220;un contubernio&#8221; y record\u00f3 que Milei &#8220;siempre rechazaba y quer\u00eda distinguirse de lo que consideraba casta&#8221;.<\/h3>\n<h3>&#8220;El titiritero de todo esto fue Macri, que antes y despu\u00e9s de la campa\u00f1a se la pas\u00f3 haciendo gestos elocuentes a Milei. Adem\u00e1s, tienen afinidad pol\u00edtica e ideol\u00f3gica, hasta dir\u00eda que es una noticia buena que se junten los que piensan parecido&#8221;, expres\u00f3 Storani.<\/h3>\n<h3>Acerca de la continuidad de la UCR en Juntos por el Cambio, Storani opin\u00f3 que ese espacio pol\u00edtico &#8220;est\u00e1 roto de hecho porque hubo dos desertores como Macri y Bullrich&#8221;.<\/h3>\n<p>&nbsp;<\/p>\n<p>&nbsp;<\/p>\n<p>&nbsp;<\/p>\n<p>&nbsp;<\/p>\n","protected":false},"excerpt":{"rendered":"<p>El hist\u00f3rico dirigente radical Federico Storani afirm\u00f3 que frente al balotaje presidencial no se pueden&#8230;<\/p>\n","protected":false},"author":1,"featured_media":6390,"comment_status":"closed","ping_status":"closed","sticky":false,"template":"","format":"standard","meta":{"footnotes":""},"categories":[5],"tags":[],"class_list":["post-6389","post","type-post","status-publish","format-standard","has-post-thumbnail","hentry","category-nacionales-internacionales"],"yoast_head":"<!-- This site is optimized with the Yoast SEO plugin v26.1.1 - https:\/\/yoast.com\/wordpress\/plugins\/seo\/ -->\n<title>FEDERICO STORANI: &quot;EN EL BALOTAJE NO HAY MEDIAS TINTAS, VOY A VOTAR A SERGIO MASSA&quot; - Apuntes de San Luis<\/title>\n<meta name=\"robots\" content=\"index, follow, max-snippet:-1, max-image-preview:large, max-video-preview:-1\" \/>\n<link rel=\"canonical\" href=\"https:\/\/apuntesdesanluis.com\/index.php\/2023\/11\/06\/federico-storani-en-el-balotaje-no-hay-medias-tintas-voy-a-votar-a-sergio-massa\/\" \/>\n<meta property=\"og:locale\" content=\"es_ES\" \/>\n<meta property=\"og:type\" content=\"article\" \/>\n<meta property=\"og:title\" content=\"FEDERICO STORANI: &quot;EN EL BALOTAJE NO HAY MEDIAS TINTAS, VOY A VOTAR A SERGIO MASSA&quot; - Apuntes de San Luis\" \/>\n<meta property=\"og:description\" content=\"El hist\u00f3rico dirigente radical Federico Storani afirm\u00f3 que frente al balotaje presidencial no se pueden...\" \/>\n<meta property=\"og:url\" content=\"https:\/\/apuntesdesanluis.com\/index.php\/2023\/11\/06\/federico-storani-en-el-balotaje-no-hay-medias-tintas-voy-a-votar-a-sergio-massa\/\" \/>\n<meta property=\"og:site_name\" content=\"Apuntes de San Luis\" \/>\n<meta property=\"article:published_time\" content=\"2023-11-06T22:16:35+00:00\" \/>\n<meta property=\"og:image\" content=\"https:\/\/apuntesdesanluis.com\/wp-content\/uploads\/2023\/11\/storani.png\" \/>\n\t<meta property=\"og:image:width\" content=\"600\" \/>\n\t<meta property=\"og:image:height\" content=\"312\" \/>\n\t<meta property=\"og:image:type\" content=\"image\/png\" \/>\n<meta name=\"author\" content=\"apuntesdesanluis.com\" \/>\n<meta name=\"twitter:card\" content=\"summary_large_image\" \/>\n<meta name=\"twitter:label1\" content=\"Escrito por\" \/>\n\t<meta name=\"twitter:data1\" content=\"apuntesdesanluis.com\" \/>\n\t<meta name=\"twitter:label2\" content=\"Tiempo de lectura\" \/>\n\t<meta name=\"twitter:data2\" content=\"3 minutos\" \/>\n<script type=\"application\/ld+json\" class=\"yoast-schema-graph\">{\"@context\":\"https:\/\/schema.org\",\"@graph\":[{\"@type\":\"Article\",\"@id\":\"https:\/\/apuntesdesanluis.com\/index.php\/2023\/11\/06\/federico-storani-en-el-balotaje-no-hay-medias-tintas-voy-a-votar-a-sergio-massa\/#article\",\"isPartOf\":{\"@id\":\"https:\/\/apuntesdesanluis.com\/index.php\/2023\/11\/06\/federico-storani-en-el-balotaje-no-hay-medias-tintas-voy-a-votar-a-sergio-massa\/\"},\"author\":{\"name\":\"apuntesdesanluis.com\",\"@id\":\"https:\/\/apuntesdesanluis.com\/#\/schema\/person\/b55151d52296fcce64d1a72538a70b90\"},\"headline\":\"FEDERICO STORANI: &#8220;EN EL BALOTAJE NO HAY MEDIAS TINTAS, VOY A VOTAR A SERGIO MASSA&#8221;\",\"datePublished\":\"2023-11-06T22:16:35+00:00\",\"mainEntityOfPage\":{\"@id\":\"https:\/\/apuntesdesanluis.com\/index.php\/2023\/11\/06\/federico-storani-en-el-balotaje-no-hay-medias-tintas-voy-a-votar-a-sergio-massa\/\"},\"wordCount\":599,\"publisher\":{\"@id\":\"https:\/\/apuntesdesanluis.com\/#\/schema\/person\/b55151d52296fcce64d1a72538a70b90\"},\"image\":{\"@id\":\"https:\/\/apuntesdesanluis.com\/index.php\/2023\/11\/06\/federico-storani-en-el-balotaje-no-hay-medias-tintas-voy-a-votar-a-sergio-massa\/#primaryimage\"},\"thumbnailUrl\":\"https:\/\/apuntesdesanluis.com\/wp-content\/uploads\/2023\/11\/storani.png\",\"articleSection\":[\"Nacionales\/Internacionales\"],\"inLanguage\":\"es-AR\"},{\"@type\":\"WebPage\",\"@id\":\"https:\/\/apuntesdesanluis.com\/index.php\/2023\/11\/06\/federico-storani-en-el-balotaje-no-hay-medias-tintas-voy-a-votar-a-sergio-massa\/\",\"url\":\"https:\/\/apuntesdesanluis.com\/index.php\/2023\/11\/06\/federico-storani-en-el-balotaje-no-hay-medias-tintas-voy-a-votar-a-sergio-massa\/\",\"name\":\"FEDERICO STORANI: \\\"EN EL BALOTAJE NO HAY MEDIAS TINTAS, VOY A VOTAR A SERGIO MASSA\\\" - Apuntes de San Luis\",\"isPartOf\":{\"@id\":\"https:\/\/apuntesdesanluis.com\/#website\"},\"primaryImageOfPage\":{\"@id\":\"https:\/\/apuntesdesanluis.com\/index.php\/2023\/11\/06\/federico-storani-en-el-balotaje-no-hay-medias-tintas-voy-a-votar-a-sergio-massa\/#primaryimage\"},\"image\":{\"@id\":\"https:\/\/apuntesdesanluis.com\/index.php\/2023\/11\/06\/federico-storani-en-el-balotaje-no-hay-medias-tintas-voy-a-votar-a-sergio-massa\/#primaryimage\"},\"thumbnailUrl\":\"https:\/\/apuntesdesanluis.com\/wp-content\/uploads\/2023\/11\/storani.png\",\"datePublished\":\"2023-11-06T22:16:35+00:00\",\"breadcrumb\":{\"@id\":\"https:\/\/apuntesdesanluis.com\/index.php\/2023\/11\/06\/federico-storani-en-el-balotaje-no-hay-medias-tintas-voy-a-votar-a-sergio-massa\/#breadcrumb\"},\"inLanguage\":\"es-AR\",\"potentialAction\":[{\"@type\":\"ReadAction\",\"target\":[\"https:\/\/apuntesdesanluis.com\/index.php\/2023\/11\/06\/federico-storani-en-el-balotaje-no-hay-medias-tintas-voy-a-votar-a-sergio-massa\/\"]}]},{\"@type\":\"ImageObject\",\"inLanguage\":\"es-AR\",\"@id\":\"https:\/\/apuntesdesanluis.com\/index.php\/2023\/11\/06\/federico-storani-en-el-balotaje-no-hay-medias-tintas-voy-a-votar-a-sergio-massa\/#primaryimage\",\"url\":\"https:\/\/apuntesdesanluis.com\/wp-content\/uploads\/2023\/11\/storani.png\",\"contentUrl\":\"https:\/\/apuntesdesanluis.com\/wp-content\/uploads\/2023\/11\/storani.png\",\"width\":600,\"height\":312},{\"@type\":\"BreadcrumbList\",\"@id\":\"https:\/\/apuntesdesanluis.com\/index.php\/2023\/11\/06\/federico-storani-en-el-balotaje-no-hay-medias-tintas-voy-a-votar-a-sergio-massa\/#breadcrumb\",\"itemListElement\":[{\"@type\":\"ListItem\",\"position\":1,\"name\":\"Inicio\",\"item\":\"https:\/\/apuntesdesanluis.com\/\"},{\"@type\":\"ListItem\",\"position\":2,\"name\":\"FEDERICO STORANI: &#8220;EN EL BALOTAJE NO HAY MEDIAS TINTAS, VOY A VOTAR A SERGIO MASSA&#8221;\"}]},{\"@type\":\"WebSite\",\"@id\":\"https:\/\/apuntesdesanluis.com\/#website\",\"url\":\"https:\/\/apuntesdesanluis.com\/\",\"name\":\"Apuntes de San Luis\",\"description\":\"\",\"publisher\":{\"@id\":\"https:\/\/apuntesdesanluis.com\/#\/schema\/person\/b55151d52296fcce64d1a72538a70b90\"},\"potentialAction\":[{\"@type\":\"SearchAction\",\"target\":{\"@type\":\"EntryPoint\",\"urlTemplate\":\"https:\/\/apuntesdesanluis.com\/?s={search_term_string}\"},\"query-input\":{\"@type\":\"PropertyValueSpecification\",\"valueRequired\":true,\"valueName\":\"search_term_string\"}}],\"inLanguage\":\"es-AR\"},{\"@type\":[\"Person\",\"Organization\"],\"@id\":\"https:\/\/apuntesdesanluis.com\/#\/schema\/person\/b55151d52296fcce64d1a72538a70b90\",\"name\":\"apuntesdesanluis.com\",\"image\":{\"@type\":\"ImageObject\",\"inLanguage\":\"es-AR\",\"@id\":\"https:\/\/apuntesdesanluis.com\/#\/schema\/person\/image\/\",\"url\":\"https:\/\/apuntesdesanluis.com\/wp-content\/uploads\/2023\/07\/cropped-apuntesdesanluis.png\",\"contentUrl\":\"https:\/\/apuntesdesanluis.com\/wp-content\/uploads\/2023\/07\/cropped-apuntesdesanluis.png\",\"width\":450,\"height\":112,\"caption\":\"apuntesdesanluis.com\"},\"logo\":{\"@id\":\"https:\/\/apuntesdesanluis.com\/#\/schema\/person\/image\/\"},\"sameAs\":[\"https:\/\/apuntesdesanluis.com\"],\"url\":\"https:\/\/apuntesdesanluis.com\/index.php\/author\/apuntesdesanluis-com\/\"}]}<\/script>\n<!-- \/ Yoast SEO plugin. -->","yoast_head_json":{"title":"FEDERICO STORANI: \"EN EL BALOTAJE NO HAY MEDIAS TINTAS, VOY A VOTAR A SERGIO MASSA\" - Apuntes de San Luis","robots":{"index":"index","follow":"follow","max-snippet":"max-snippet:-1","max-image-preview":"max-image-preview:large","max-video-preview":"max-video-preview:-1"},"canonical":"https:\/\/apuntesdesanluis.com\/index.php\/2023\/11\/06\/federico-storani-en-el-balotaje-no-hay-medias-tintas-voy-a-votar-a-sergio-massa\/","og_locale":"es_ES","og_type":"article","og_title":"FEDERICO STORANI: \"EN EL BALOTAJE NO HAY MEDIAS TINTAS, VOY A VOTAR A SERGIO MASSA\" - Apuntes de San Luis","og_description":"El hist\u00f3rico dirigente radical Federico Storani afirm\u00f3 que frente al balotaje presidencial no se pueden...","og_url":"https:\/\/apuntesdesanluis.com\/index.php\/2023\/11\/06\/federico-storani-en-el-balotaje-no-hay-medias-tintas-voy-a-votar-a-sergio-massa\/","og_site_name":"Apuntes de San Luis","article_published_time":"2023-11-06T22:16:35+00:00","og_image":[{"width":600,"height":312,"url":"https:\/\/apuntesdesanluis.com\/wp-content\/uploads\/2023\/11\/storani.png","type":"image\/png"}],"author":"apuntesdesanluis.com","twitter_card":"summary_large_image","twitter_misc":{"Escrito por":"apuntesdesanluis.com","Tiempo de lectura":"3 minutos"},"schema":{"@context":"https:\/\/schema.org","@graph":[{"@type":"Article","@id":"https:\/\/apuntesdesanluis.com\/index.php\/2023\/11\/06\/federico-storani-en-el-balotaje-no-hay-medias-tintas-voy-a-votar-a-sergio-massa\/#article","isPartOf":{"@id":"https:\/\/apuntesdesanluis.com\/index.php\/2023\/11\/06\/federico-storani-en-el-balotaje-no-hay-medias-tintas-voy-a-votar-a-sergio-massa\/"},"author":{"name":"apuntesdesanluis.com","@id":"https:\/\/apuntesdesanluis.com\/#\/schema\/person\/b55151d52296fcce64d1a72538a70b90"},"headline":"FEDERICO STORANI: &#8220;EN EL BALOTAJE NO HAY MEDIAS TINTAS, VOY A VOTAR A SERGIO MASSA&#8221;","datePublished":"2023-11-06T22:16:35+00:00","mainEntityOfPage":{"@id":"https:\/\/apuntesdesanluis.com\/index.php\/2023\/11\/06\/federico-storani-en-el-balotaje-no-hay-medias-tintas-voy-a-votar-a-sergio-massa\/"},"wordCount":599,"publisher":{"@id":"https:\/\/apuntesdesanluis.com\/#\/schema\/person\/b55151d52296fcce64d1a72538a70b90"},"image":{"@id":"https:\/\/apuntesdesanluis.com\/index.php\/2023\/11\/06\/federico-storani-en-el-balotaje-no-hay-medias-tintas-voy-a-votar-a-sergio-massa\/#primaryimage"},"thumbnailUrl":"https:\/\/apuntesdesanluis.com\/wp-content\/uploads\/2023\/11\/storani.png","articleSection":["Nacionales\/Internacionales"],"inLanguage":"es-AR"},{"@type":"WebPage","@id":"https:\/\/apuntesdesanluis.com\/index.php\/2023\/11\/06\/federico-storani-en-el-balotaje-no-hay-medias-tintas-voy-a-votar-a-sergio-massa\/","url":"https:\/\/apuntesdesanluis.com\/index.php\/2023\/11\/06\/federico-storani-en-el-balotaje-no-hay-medias-tintas-voy-a-votar-a-sergio-massa\/","name":"FEDERICO STORANI: \"EN EL BALOTAJE NO HAY MEDIAS TINTAS, VOY A VOTAR A SERGIO MASSA\" - Apuntes de San Luis","isPartOf":{"@id":"https:\/\/apuntesdesanluis.com\/#website"},"primaryImageOfPage":{"@id":"https:\/\/apuntesdesanluis.com\/index.php\/2023\/11\/06\/federico-storani-en-el-balotaje-no-hay-medias-tintas-voy-a-votar-a-sergio-massa\/#primaryimage"},"image":{"@id":"https:\/\/apuntesdesanluis.com\/index.php\/2023\/11\/06\/federico-storani-en-el-balotaje-no-hay-medias-tintas-voy-a-votar-a-sergio-massa\/#primaryimage"},"thumbnailUrl":"https:\/\/apuntesdesanluis.com\/wp-content\/uploads\/2023\/11\/storani.png","datePublished":"2023-11-06T22:16:35+00:00","breadcrumb":{"@id":"https:\/\/apuntesdesanluis.com\/index.php\/2023\/11\/06\/federico-storani-en-el-balotaje-no-hay-medias-tintas-voy-a-votar-a-sergio-massa\/#breadcrumb"},"inLanguage":"es-AR","potentialAction":[{"@type":"ReadAction","target":["https:\/\/apuntesdesanluis.com\/index.php\/2023\/11\/06\/federico-storani-en-el-balotaje-no-hay-medias-tintas-voy-a-votar-a-sergio-massa\/"]}]},{"@type":"ImageObject","inLanguage":"es-AR","@id":"https:\/\/apuntesdesanluis.com\/index.php\/2023\/11\/06\/federico-storani-en-el-balotaje-no-hay-medias-tintas-voy-a-votar-a-sergio-massa\/#primaryimage","url":"https:\/\/apuntesdesanluis.com\/wp-content\/uploads\/2023\/11\/storani.png","contentUrl":"https:\/\/apuntesdesanluis.com\/wp-content\/uploads\/2023\/11\/storani.png","width":600,"height":312},{"@type":"BreadcrumbList","@id":"https:\/\/apuntesdesanluis.com\/index.php\/2023\/11\/06\/federico-storani-en-el-balotaje-no-hay-medias-tintas-voy-a-votar-a-sergio-massa\/#breadcrumb","itemListElement":[{"@type":"ListItem","position":1,"name":"Inicio","item":"https:\/\/apuntesdesanluis.com\/"},{"@type":"ListItem","position":2,"name":"FEDERICO STORANI: &#8220;EN EL BALOTAJE NO HAY MEDIAS TINTAS, VOY A VOTAR A SERGIO MASSA&#8221;"}]},{"@type":"WebSite","@id":"https:\/\/apuntesdesanluis.com\/#website","url":"https:\/\/apuntesdesanluis.com\/","name":"Apuntes de San Luis","description":"","publisher":{"@id":"https:\/\/apuntesdesanluis.com\/#\/schema\/person\/b55151d52296fcce64d1a72538a70b90"},"potentialAction":[{"@type":"SearchAction","target":{"@type":"EntryPoint","urlTemplate":"https:\/\/apuntesdesanluis.com\/?s={search_term_string}"},"query-input":{"@type":"PropertyValueSpecification","valueRequired":true,"valueName":"search_term_string"}}],"inLanguage":"es-AR"},{"@type":["Person","Organization"],"@id":"https:\/\/apuntesdesanluis.com\/#\/schema\/person\/b55151d52296fcce64d1a72538a70b90","name":"apuntesdesanluis.com","image":{"@type":"ImageObject","inLanguage":"es-AR","@id":"https:\/\/apuntesdesanluis.com\/#\/schema\/person\/image\/","url":"https:\/\/apuntesdesanluis.com\/wp-content\/uploads\/2023\/07\/cropped-apuntesdesanluis.png","contentUrl":"https:\/\/apuntesdesanluis.com\/wp-content\/uploads\/2023\/07\/cropped-apuntesdesanluis.png","width":450,"height":112,"caption":"apuntesdesanluis.com"},"logo":{"@id":"https:\/\/apuntesdesanluis.com\/#\/schema\/person\/image\/"},"sameAs":["https:\/\/apuntesdesanluis.com"],"url":"https:\/\/apuntesdesanluis.com\/index.php\/author\/apuntesdesanluis-com\/"}]}},"featured_image_urls":{"full":["https:\/\/apuntesdesanluis.com\/wp-content\/uploads\/2023\/11\/storani.png",600,312,false],"thumbnail":["https:\/\/apuntesdesanluis.com\/wp-content\/uploads\/2023\/11\/storani-150x150.png",150,150,true],"medium":["https:\/\/apuntesdesanluis.com\/wp-content\/uploads\/2023\/11\/storani-300x156.png",300,156,true],"medium_large":["https:\/\/apuntesdesanluis.com\/wp-content\/uploads\/2023\/11\/storani.png",600,312,false],"large":["https:\/\/apuntesdesanluis.com\/wp-content\/uploads\/2023\/11\/storani.png",600,312,false],"1536x1536":["https:\/\/apuntesdesanluis.com\/wp-content\/uploads\/2023\/11\/storani.png",600,312,false],"2048x2048":["https:\/\/apuntesdesanluis.com\/wp-content\/uploads\/2023\/11\/storani.png",600,312,false],"newsever-slider-full":["https:\/\/apuntesdesanluis.com\/wp-content\/uploads\/2023\/11\/storani.png",600,312,false],"newsever-featured":["https:\/\/apuntesdesanluis.com\/wp-content\/uploads\/2023\/11\/storani.png",600,312,false],"newsever-medium":["https:\/\/apuntesdesanluis.com\/wp-content\/uploads\/2023\/11\/storani.png",600,312,false]},"author_info":{"display_name":"apuntesdesanluis.com","author_link":"https:\/\/apuntesdesanluis.com\/index.php\/author\/apuntesdesanluis-com\/"},"category_info":"<a href=\"https:\/\/apuntesdesanluis.com\/index.php\/category\/nacionales-internacionales\/\" rel=\"category tag\">Nacionales\/Internacionales<\/a>","tag_info":"Nacionales\/Internacionales","comment_count":"0","_links":{"self":[{"href":"https:\/\/apuntesdesanluis.com\/index.php\/wp-json\/wp\/v2\/posts\/6389","targetHints":{"allow":["GET"]}}],"collection":[{"href":"https:\/\/apuntesdesanluis.com\/index.php\/wp-json\/wp\/v2\/posts"}],"about":[{"href":"https:\/\/apuntesdesanluis.com\/index.php\/wp-json\/wp\/v2\/types\/post"}],"author":[{"embeddable":true,"href":"https:\/\/apuntesdesanluis.com\/index.php\/wp-json\/wp\/v2\/users\/1"}],"replies":[{"embeddable":true,"href":"https:\/\/apuntesdesanluis.com\/index.php\/wp-json\/wp\/v2\/comments?post=6389"}],"version-history":[{"count":1,"href":"https:\/\/apuntesdesanluis.com\/index.php\/wp-json\/wp\/v2\/posts\/6389\/revisions"}],"predecessor-version":[{"id":6391,"href":"https:\/\/apuntesdesanluis.com\/index.php\/wp-json\/wp\/v2\/posts\/6389\/revisions\/6391"}],"wp:featuredmedia":[{"embeddable":true,"href":"https:\/\/apuntesdesanluis.com\/index.php\/wp-json\/wp\/v2\/media\/6390"}],"wp:attachment":[{"href":"https:\/\/apuntesdesanluis.com\/index.php\/wp-json\/wp\/v2\/media?parent=6389"}],"wp:term":[{"taxonomy":"category","embeddable":true,"href":"https:\/\/apuntesdesanluis.com\/index.php\/wp-json\/wp\/v2\/categories?post=6389"},{"taxonomy":"post_tag","embeddable":true,"href":"https:\/\/apuntesdesanluis.com\/index.php\/wp-json\/wp\/v2\/tags?post=6389"}],"curies":[{"name":"wp","href":"https:\/\/api.w.org\/{rel}","templated":true}]}}