{"id":6392,"date":"2023-11-06T20:37:33","date_gmt":"2023-11-06T23:37:33","guid":{"rendered":"https:\/\/apuntesdesanluis.com\/?p=6392"},"modified":"2023-11-06T20:38:20","modified_gmt":"2023-11-06T23:38:20","slug":"invitan-a-taller-de-inteligencia-artificial-sobre-nuevo-paradigma-educativo","status":"publish","type":"post","link":"https:\/\/apuntesdesanluis.com\/index.php\/2023\/11\/06\/invitan-a-taller-de-inteligencia-artificial-sobre-nuevo-paradigma-educativo\/","title":{"rendered":"INVITAN A TALLER DE INTELIGENCIA ARTIFICIAL SOBRE \u201cNUEVO PARADIGMA EDUCATIVO\u201d"},"content":{"rendered":"<h3>La Comisi\u00f3n de Comunicaci\u00f3n Social de la <strong>Conferencia Episcopal Argentina<\/strong> invita al Taller virtual de Inteligencia Artificial, N<strong>uevo Paradigma Educativo.<\/strong><\/h3>\n<h3>El taller ser\u00e1 llevado adelante por Mgter. <strong>Walter Ag\u00fcero<\/strong>, Cybersecurity Specialist (Korea University, &#8211; Seul Corea del Sur), Profesor en las Universidades Nacionales de Villa Mercedes y R\u00edo Negro, Siglo 21 y post grado UBA.<\/h3>\n<p>&nbsp;<\/p>\n<p><img fetchpriority=\"high\" decoding=\"async\" class=\"wp-image-6394 aligncenter\" src=\"https:\/\/apuntesdesanluis.com\/wp-content\/uploads\/2023\/11\/taller-ia-300x300.jpg\" alt=\"\" width=\"623\" height=\"623\" srcset=\"https:\/\/apuntesdesanluis.com\/wp-content\/uploads\/2023\/11\/taller-ia-300x300.jpg 300w, https:\/\/apuntesdesanluis.com\/wp-content\/uploads\/2023\/11\/taller-ia-150x150.jpg 150w, https:\/\/apuntesdesanluis.com\/wp-content\/uploads\/2023\/11\/taller-ia.jpg 600w\" sizes=\"(max-width: 623px) 100vw, 623px\" \/><\/p>\n<h3>El mismo ser\u00e1 virtual y se desarrollar\u00e1 el pr\u00f3ximo s\u00e1bado 11 de noviembre a las 10 hs VIA ZOOM.<\/h3>\n<h3>Inscripci\u00f3n en la Plataforma Fratelli Tutti: <span style=\"color: #3366ff;\"><a style=\"color: #3366ff;\" href=\"https:\/\/www.comunicacionsocialcea.org.ar\/tallerinteligenciaartificial\">https:\/\/www.comunicacionsocialcea.org.ar\/tallerinteligenciaartificial<\/a><\/span><\/h3>\n<h3><strong>CIBERBULLYNG<\/strong><\/h3>\n<h3>Por otro lado, el Mgter. Esp. Lic.\u00a0Walter\u00a0Ag\u00fcero invit\u00f3 a una capacitaci\u00f3n gratuita sobre Ciberbullying, Grooming , Acoso virtual. Causas y Consecuencias, que tendr\u00e1 lugar el pr\u00f3ximo viernes 10 a las 18.30 hs.<\/h3>\n<h3>Se desarrollar\u00e1 en el Centro Cultural Carmen (3 de febrero 527, Villa Mercedes).<\/h3>\n<p>&nbsp;<\/p>\n<p><img decoding=\"async\" class=\"wp-image-6395 aligncenter\" src=\"https:\/\/apuntesdesanluis.com\/wp-content\/uploads\/2023\/11\/Imagen-de-WhatsApp-2023-11-06-a-las-18.02.13_119ce8bc-300x289.jpg\" alt=\"\" width=\"622\" height=\"599\" srcset=\"https:\/\/apuntesdesanluis.com\/wp-content\/uploads\/2023\/11\/Imagen-de-WhatsApp-2023-11-06-a-las-18.02.13_119ce8bc-300x289.jpg 300w, https:\/\/apuntesdesanluis.com\/wp-content\/uploads\/2023\/11\/Imagen-de-WhatsApp-2023-11-06-a-las-18.02.13_119ce8bc.jpg 563w\" sizes=\"(max-width: 622px) 100vw, 622px\" \/><\/p>\n<h3>La misma es abierta a todo p\u00fablico, aunque especialmente est\u00e1 dirigida a docentes, miembros de la justicia, polic\u00eda y padres<\/h3>\n<h3>Inscripci\u00f3n: <span style=\"color: #3366ff;\"><a style=\"color: #3366ff;\" href=\"https:\/\/acortar.link\/LWz6cS\">https:\/\/acortar.link\/LWz6cS<\/a><\/span><\/h3>\n<h3>Si conoce a alguien que ha sufrido estos flagelos, esta capacitaci\u00f3n le ser\u00e1 de utilidad.<\/h3>\n<p>&nbsp;<\/p>\n<p>&nbsp;<\/p>\n<p>&nbsp;<\/p>\n<p>&nbsp;<\/p>\n","protected":false},"excerpt":{"rendered":"<p>La Comisi\u00f3n de Comunicaci\u00f3n Social de la Conferencia Episcopal Argentina invita al Taller virtual de&#8230;<\/p>\n","protected":false},"author":1,"featured_media":6393,"comment_status":"closed","ping_status":"closed","sticky":false,"template":"","format":"standard","meta":{"footnotes":""},"categories":[6],"tags":[],"class_list":["post-6392","post","type-post","status-publish","format-standard","has-post-thumbnail","hentry","category-ciudad-provincia"],"yoast_head":"<!-- This site is optimized with the Yoast SEO plugin v26.1.1 - https:\/\/yoast.com\/wordpress\/plugins\/seo\/ -->\n<title>INVITAN A TALLER DE INTELIGENCIA ARTIFICIAL SOBRE \u201cNUEVO PARADIGMA EDUCATIVO\u201d - Apuntes de San Luis<\/title>\n<meta name=\"robots\" content=\"index, follow, max-snippet:-1, max-image-preview:large, max-video-preview:-1\" \/>\n<link rel=\"canonical\" href=\"https:\/\/apuntesdesanluis.com\/index.php\/2023\/11\/06\/invitan-a-taller-de-inteligencia-artificial-sobre-nuevo-paradigma-educativo\/\" \/>\n<meta property=\"og:locale\" content=\"es_ES\" \/>\n<meta property=\"og:type\" content=\"article\" \/>\n<meta property=\"og:title\" content=\"INVITAN A TALLER DE INTELIGENCIA ARTIFICIAL SOBRE \u201cNUEVO PARADIGMA EDUCATIVO\u201d - Apuntes de San Luis\" \/>\n<meta property=\"og:description\" content=\"La Comisi\u00f3n de Comunicaci\u00f3n Social de la Conferencia Episcopal Argentina invita al Taller virtual de...\" \/>\n<meta property=\"og:url\" content=\"https:\/\/apuntesdesanluis.com\/index.php\/2023\/11\/06\/invitan-a-taller-de-inteligencia-artificial-sobre-nuevo-paradigma-educativo\/\" \/>\n<meta property=\"og:site_name\" content=\"Apuntes de San Luis\" \/>\n<meta property=\"article:published_time\" content=\"2023-11-06T23:37:33+00:00\" \/>\n<meta property=\"article:modified_time\" content=\"2023-11-06T23:38:20+00:00\" \/>\n<meta property=\"og:image\" content=\"https:\/\/apuntesdesanluis.com\/wp-content\/uploads\/2023\/11\/WALTER-AGUERO.png\" \/>\n\t<meta property=\"og:image:width\" content=\"616\" \/>\n\t<meta property=\"og:image:height\" content=\"392\" \/>\n\t<meta property=\"og:image:type\" content=\"image\/png\" \/>\n<meta name=\"author\" content=\"apuntesdesanluis.com\" \/>\n<meta name=\"twitter:card\" content=\"summary_large_image\" \/>\n<meta name=\"twitter:label1\" content=\"Escrito por\" \/>\n\t<meta name=\"twitter:data1\" content=\"apuntesdesanluis.com\" \/>\n\t<meta name=\"twitter:label2\" content=\"Tiempo de lectura\" \/>\n\t<meta name=\"twitter:data2\" content=\"2 minutos\" \/>\n<script type=\"application\/ld+json\" class=\"yoast-schema-graph\">{\"@context\":\"https:\/\/schema.org\",\"@graph\":[{\"@type\":\"Article\",\"@id\":\"https:\/\/apuntesdesanluis.com\/index.php\/2023\/11\/06\/invitan-a-taller-de-inteligencia-artificial-sobre-nuevo-paradigma-educativo\/#article\",\"isPartOf\":{\"@id\":\"https:\/\/apuntesdesanluis.com\/index.php\/2023\/11\/06\/invitan-a-taller-de-inteligencia-artificial-sobre-nuevo-paradigma-educativo\/\"},\"author\":{\"name\":\"apuntesdesanluis.com\",\"@id\":\"https:\/\/apuntesdesanluis.com\/#\/schema\/person\/b55151d52296fcce64d1a72538a70b90\"},\"headline\":\"INVITAN A TALLER DE INTELIGENCIA ARTIFICIAL SOBRE \u201cNUEVO PARADIGMA EDUCATIVO\u201d\",\"datePublished\":\"2023-11-06T23:37:33+00:00\",\"dateModified\":\"2023-11-06T23:38:20+00:00\",\"mainEntityOfPage\":{\"@id\":\"https:\/\/apuntesdesanluis.com\/index.php\/2023\/11\/06\/invitan-a-taller-de-inteligencia-artificial-sobre-nuevo-paradigma-educativo\/\"},\"wordCount\":197,\"publisher\":{\"@id\":\"https:\/\/apuntesdesanluis.com\/#\/schema\/person\/b55151d52296fcce64d1a72538a70b90\"},\"image\":{\"@id\":\"https:\/\/apuntesdesanluis.com\/index.php\/2023\/11\/06\/invitan-a-taller-de-inteligencia-artificial-sobre-nuevo-paradigma-educativo\/#primaryimage\"},\"thumbnailUrl\":\"https:\/\/apuntesdesanluis.com\/wp-content\/uploads\/2023\/11\/WALTER-AGUERO.png\",\"articleSection\":[\"Ciudad\/Provincia\"],\"inLanguage\":\"es-AR\"},{\"@type\":\"WebPage\",\"@id\":\"https:\/\/apuntesdesanluis.com\/index.php\/2023\/11\/06\/invitan-a-taller-de-inteligencia-artificial-sobre-nuevo-paradigma-educativo\/\",\"url\":\"https:\/\/apuntesdesanluis.com\/index.php\/2023\/11\/06\/invitan-a-taller-de-inteligencia-artificial-sobre-nuevo-paradigma-educativo\/\",\"name\":\"INVITAN A TALLER DE INTELIGENCIA ARTIFICIAL SOBRE \u201cNUEVO PARADIGMA EDUCATIVO\u201d - Apuntes de San Luis\",\"isPartOf\":{\"@id\":\"https:\/\/apuntesdesanluis.com\/#website\"},\"primaryImageOfPage\":{\"@id\":\"https:\/\/apuntesdesanluis.com\/index.php\/2023\/11\/06\/invitan-a-taller-de-inteligencia-artificial-sobre-nuevo-paradigma-educativo\/#primaryimage\"},\"image\":{\"@id\":\"https:\/\/apuntesdesanluis.com\/index.php\/2023\/11\/06\/invitan-a-taller-de-inteligencia-artificial-sobre-nuevo-paradigma-educativo\/#primaryimage\"},\"thumbnailUrl\":\"https:\/\/apuntesdesanluis.com\/wp-content\/uploads\/2023\/11\/WALTER-AGUERO.png\",\"datePublished\":\"2023-11-06T23:37:33+00:00\",\"dateModified\":\"2023-11-06T23:38:20+00:00\",\"breadcrumb\":{\"@id\":\"https:\/\/apuntesdesanluis.com\/index.php\/2023\/11\/06\/invitan-a-taller-de-inteligencia-artificial-sobre-nuevo-paradigma-educativo\/#breadcrumb\"},\"inLanguage\":\"es-AR\",\"potentialAction\":[{\"@type\":\"ReadAction\",\"target\":[\"https:\/\/apuntesdesanluis.com\/index.php\/2023\/11\/06\/invitan-a-taller-de-inteligencia-artificial-sobre-nuevo-paradigma-educativo\/\"]}]},{\"@type\":\"ImageObject\",\"inLanguage\":\"es-AR\",\"@id\":\"https:\/\/apuntesdesanluis.com\/index.php\/2023\/11\/06\/invitan-a-taller-de-inteligencia-artificial-sobre-nuevo-paradigma-educativo\/#primaryimage\",\"url\":\"https:\/\/apuntesdesanluis.com\/wp-content\/uploads\/2023\/11\/WALTER-AGUERO.png\",\"contentUrl\":\"https:\/\/apuntesdesanluis.com\/wp-content\/uploads\/2023\/11\/WALTER-AGUERO.png\",\"width\":616,\"height\":392},{\"@type\":\"BreadcrumbList\",\"@id\":\"https:\/\/apuntesdesanluis.com\/index.php\/2023\/11\/06\/invitan-a-taller-de-inteligencia-artificial-sobre-nuevo-paradigma-educativo\/#breadcrumb\",\"itemListElement\":[{\"@type\":\"ListItem\",\"position\":1,\"name\":\"Inicio\",\"item\":\"https:\/\/apuntesdesanluis.com\/\"},{\"@type\":\"ListItem\",\"position\":2,\"name\":\"INVITAN A TALLER DE INTELIGENCIA ARTIFICIAL SOBRE \u201cNUEVO PARADIGMA EDUCATIVO\u201d\"}]},{\"@type\":\"WebSite\",\"@id\":\"https:\/\/apuntesdesanluis.com\/#website\",\"url\":\"https:\/\/apuntesdesanluis.com\/\",\"name\":\"Apuntes de San Luis\",\"description\":\"\",\"publisher\":{\"@id\":\"https:\/\/apuntesdesanluis.com\/#\/schema\/person\/b55151d52296fcce64d1a72538a70b90\"},\"potentialAction\":[{\"@type\":\"SearchAction\",\"target\":{\"@type\":\"EntryPoint\",\"urlTemplate\":\"https:\/\/apuntesdesanluis.com\/?s={search_term_string}\"},\"query-input\":{\"@type\":\"PropertyValueSpecification\",\"valueRequired\":true,\"valueName\":\"search_term_string\"}}],\"inLanguage\":\"es-AR\"},{\"@type\":[\"Person\",\"Organization\"],\"@id\":\"https:\/\/apuntesdesanluis.com\/#\/schema\/person\/b55151d52296fcce64d1a72538a70b90\",\"name\":\"apuntesdesanluis.com\",\"image\":{\"@type\":\"ImageObject\",\"inLanguage\":\"es-AR\",\"@id\":\"https:\/\/apuntesdesanluis.com\/#\/schema\/person\/image\/\",\"url\":\"https:\/\/apuntesdesanluis.com\/wp-content\/uploads\/2023\/07\/cropped-apuntesdesanluis.png\",\"contentUrl\":\"https:\/\/apuntesdesanluis.com\/wp-content\/uploads\/2023\/07\/cropped-apuntesdesanluis.png\",\"width\":450,\"height\":112,\"caption\":\"apuntesdesanluis.com\"},\"logo\":{\"@id\":\"https:\/\/apuntesdesanluis.com\/#\/schema\/person\/image\/\"},\"sameAs\":[\"https:\/\/apuntesdesanluis.com\"],\"url\":\"https:\/\/apuntesdesanluis.com\/index.php\/author\/apuntesdesanluis-com\/\"}]}<\/script>\n<!-- \/ Yoast SEO plugin. -->","yoast_head_json":{"title":"INVITAN A TALLER DE INTELIGENCIA ARTIFICIAL SOBRE \u201cNUEVO PARADIGMA EDUCATIVO\u201d - Apuntes de San Luis","robots":{"index":"index","follow":"follow","max-snippet":"max-snippet:-1","max-image-preview":"max-image-preview:large","max-video-preview":"max-video-preview:-1"},"canonical":"https:\/\/apuntesdesanluis.com\/index.php\/2023\/11\/06\/invitan-a-taller-de-inteligencia-artificial-sobre-nuevo-paradigma-educativo\/","og_locale":"es_ES","og_type":"article","og_title":"INVITAN A TALLER DE INTELIGENCIA ARTIFICIAL SOBRE \u201cNUEVO PARADIGMA EDUCATIVO\u201d - Apuntes de San Luis","og_description":"La Comisi\u00f3n de Comunicaci\u00f3n Social de la Conferencia Episcopal Argentina invita al Taller virtual de...","og_url":"https:\/\/apuntesdesanluis.com\/index.php\/2023\/11\/06\/invitan-a-taller-de-inteligencia-artificial-sobre-nuevo-paradigma-educativo\/","og_site_name":"Apuntes de San Luis","article_published_time":"2023-11-06T23:37:33+00:00","article_modified_time":"2023-11-06T23:38:20+00:00","og_image":[{"width":616,"height":392,"url":"https:\/\/apuntesdesanluis.com\/wp-content\/uploads\/2023\/11\/WALTER-AGUERO.png","type":"image\/png"}],"author":"apuntesdesanluis.com","twitter_card":"summary_large_image","twitter_misc":{"Escrito por":"apuntesdesanluis.com","Tiempo de lectura":"2 minutos"},"schema":{"@context":"https:\/\/schema.org","@graph":[{"@type":"Article","@id":"https:\/\/apuntesdesanluis.com\/index.php\/2023\/11\/06\/invitan-a-taller-de-inteligencia-artificial-sobre-nuevo-paradigma-educativo\/#article","isPartOf":{"@id":"https:\/\/apuntesdesanluis.com\/index.php\/2023\/11\/06\/invitan-a-taller-de-inteligencia-artificial-sobre-nuevo-paradigma-educativo\/"},"author":{"name":"apuntesdesanluis.com","@id":"https:\/\/apuntesdesanluis.com\/#\/schema\/person\/b55151d52296fcce64d1a72538a70b90"},"headline":"INVITAN A TALLER DE INTELIGENCIA ARTIFICIAL SOBRE \u201cNUEVO PARADIGMA EDUCATIVO\u201d","datePublished":"2023-11-06T23:37:33+00:00","dateModified":"2023-11-06T23:38:20+00:00","mainEntityOfPage":{"@id":"https:\/\/apuntesdesanluis.com\/index.php\/2023\/11\/06\/invitan-a-taller-de-inteligencia-artificial-sobre-nuevo-paradigma-educativo\/"},"wordCount":197,"publisher":{"@id":"https:\/\/apuntesdesanluis.com\/#\/schema\/person\/b55151d52296fcce64d1a72538a70b90"},"image":{"@id":"https:\/\/apuntesdesanluis.com\/index.php\/2023\/11\/06\/invitan-a-taller-de-inteligencia-artificial-sobre-nuevo-paradigma-educativo\/#primaryimage"},"thumbnailUrl":"https:\/\/apuntesdesanluis.com\/wp-content\/uploads\/2023\/11\/WALTER-AGUERO.png","articleSection":["Ciudad\/Provincia"],"inLanguage":"es-AR"},{"@type":"WebPage","@id":"https:\/\/apuntesdesanluis.com\/index.php\/2023\/11\/06\/invitan-a-taller-de-inteligencia-artificial-sobre-nuevo-paradigma-educativo\/","url":"https:\/\/apuntesdesanluis.com\/index.php\/2023\/11\/06\/invitan-a-taller-de-inteligencia-artificial-sobre-nuevo-paradigma-educativo\/","name":"INVITAN A TALLER DE INTELIGENCIA ARTIFICIAL SOBRE \u201cNUEVO PARADIGMA EDUCATIVO\u201d - Apuntes de San Luis","isPartOf":{"@id":"https:\/\/apuntesdesanluis.com\/#website"},"primaryImageOfPage":{"@id":"https:\/\/apuntesdesanluis.com\/index.php\/2023\/11\/06\/invitan-a-taller-de-inteligencia-artificial-sobre-nuevo-paradigma-educativo\/#primaryimage"},"image":{"@id":"https:\/\/apuntesdesanluis.com\/index.php\/2023\/11\/06\/invitan-a-taller-de-inteligencia-artificial-sobre-nuevo-paradigma-educativo\/#primaryimage"},"thumbnailUrl":"https:\/\/apuntesdesanluis.com\/wp-content\/uploads\/2023\/11\/WALTER-AGUERO.png","datePublished":"2023-11-06T23:37:33+00:00","dateModified":"2023-11-06T23:38:20+00:00","breadcrumb":{"@id":"https:\/\/apuntesdesanluis.com\/index.php\/2023\/11\/06\/invitan-a-taller-de-inteligencia-artificial-sobre-nuevo-paradigma-educativo\/#breadcrumb"},"inLanguage":"es-AR","potentialAction":[{"@type":"ReadAction","target":["https:\/\/apuntesdesanluis.com\/index.php\/2023\/11\/06\/invitan-a-taller-de-inteligencia-artificial-sobre-nuevo-paradigma-educativo\/"]}]},{"@type":"ImageObject","inLanguage":"es-AR","@id":"https:\/\/apuntesdesanluis.com\/index.php\/2023\/11\/06\/invitan-a-taller-de-inteligencia-artificial-sobre-nuevo-paradigma-educativo\/#primaryimage","url":"https:\/\/apuntesdesanluis.com\/wp-content\/uploads\/2023\/11\/WALTER-AGUERO.png","contentUrl":"https:\/\/apuntesdesanluis.com\/wp-content\/uploads\/2023\/11\/WALTER-AGUERO.png","width":616,"height":392},{"@type":"BreadcrumbList","@id":"https:\/\/apuntesdesanluis.com\/index.php\/2023\/11\/06\/invitan-a-taller-de-inteligencia-artificial-sobre-nuevo-paradigma-educativo\/#breadcrumb","itemListElement":[{"@type":"ListItem","position":1,"name":"Inicio","item":"https:\/\/apuntesdesanluis.com\/"},{"@type":"ListItem","position":2,"name":"INVITAN A TALLER DE INTELIGENCIA ARTIFICIAL SOBRE \u201cNUEVO PARADIGMA EDUCATIVO\u201d"}]},{"@type":"WebSite","@id":"https:\/\/apuntesdesanluis.com\/#website","url":"https:\/\/apuntesdesanluis.com\/","name":"Apuntes de San Luis","description":"","publisher":{"@id":"https:\/\/apuntesdesanluis.com\/#\/schema\/person\/b55151d52296fcce64d1a72538a70b90"},"potentialAction":[{"@type":"SearchAction","target":{"@type":"EntryPoint","urlTemplate":"https:\/\/apuntesdesanluis.com\/?s={search_term_string}"},"query-input":{"@type":"PropertyValueSpecification","valueRequired":true,"valueName":"search_term_string"}}],"inLanguage":"es-AR"},{"@type":["Person","Organization"],"@id":"https:\/\/apuntesdesanluis.com\/#\/schema\/person\/b55151d52296fcce64d1a72538a70b90","name":"apuntesdesanluis.com","image":{"@type":"ImageObject","inLanguage":"es-AR","@id":"https:\/\/apuntesdesanluis.com\/#\/schema\/person\/image\/","url":"https:\/\/apuntesdesanluis.com\/wp-content\/uploads\/2023\/07\/cropped-apuntesdesanluis.png","contentUrl":"https:\/\/apuntesdesanluis.com\/wp-content\/uploads\/2023\/07\/cropped-apuntesdesanluis.png","width":450,"height":112,"caption":"apuntesdesanluis.com"},"logo":{"@id":"https:\/\/apuntesdesanluis.com\/#\/schema\/person\/image\/"},"sameAs":["https:\/\/apuntesdesanluis.com"],"url":"https:\/\/apuntesdesanluis.com\/index.php\/author\/apuntesdesanluis-com\/"}]}},"featured_image_urls":{"full":["https:\/\/apuntesdesanluis.com\/wp-content\/uploads\/2023\/11\/WALTER-AGUERO.png",616,392,false],"thumbnail":["https:\/\/apuntesdesanluis.com\/wp-content\/uploads\/2023\/11\/WALTER-AGUERO-150x150.png",150,150,true],"medium":["https:\/\/apuntesdesanluis.com\/wp-content\/uploads\/2023\/11\/WALTER-AGUERO-300x191.png",300,191,true],"medium_large":["https:\/\/apuntesdesanluis.com\/wp-content\/uploads\/2023\/11\/WALTER-AGUERO.png",616,392,false],"large":["https:\/\/apuntesdesanluis.com\/wp-content\/uploads\/2023\/11\/WALTER-AGUERO.png",616,392,false],"1536x1536":["https:\/\/apuntesdesanluis.com\/wp-content\/uploads\/2023\/11\/WALTER-AGUERO.png",616,392,false],"2048x2048":["https:\/\/apuntesdesanluis.com\/wp-content\/uploads\/2023\/11\/WALTER-AGUERO.png",616,392,false],"newsever-slider-full":["https:\/\/apuntesdesanluis.com\/wp-content\/uploads\/2023\/11\/WALTER-AGUERO.png",616,392,false],"newsever-featured":["https:\/\/apuntesdesanluis.com\/wp-content\/uploads\/2023\/11\/WALTER-AGUERO.png",616,392,false],"newsever-medium":["https:\/\/apuntesdesanluis.com\/wp-content\/uploads\/2023\/11\/WALTER-AGUERO.png",616,392,false]},"author_info":{"display_name":"apuntesdesanluis.com","author_link":"https:\/\/apuntesdesanluis.com\/index.php\/author\/apuntesdesanluis-com\/"},"category_info":"<a href=\"https:\/\/apuntesdesanluis.com\/index.php\/category\/ciudad-provincia\/\" rel=\"category tag\">Ciudad\/Provincia<\/a>","tag_info":"Ciudad\/Provincia","comment_count":"0","_links":{"self":[{"href":"https:\/\/apuntesdesanluis.com\/index.php\/wp-json\/wp\/v2\/posts\/6392","targetHints":{"allow":["GET"]}}],"collection":[{"href":"https:\/\/apuntesdesanluis.com\/index.php\/wp-json\/wp\/v2\/posts"}],"about":[{"href":"https:\/\/apuntesdesanluis.com\/index.php\/wp-json\/wp\/v2\/types\/post"}],"author":[{"embeddable":true,"href":"https:\/\/apuntesdesanluis.com\/index.php\/wp-json\/wp\/v2\/users\/1"}],"replies":[{"embeddable":true,"href":"https:\/\/apuntesdesanluis.com\/index.php\/wp-json\/wp\/v2\/comments?post=6392"}],"version-history":[{"count":3,"href":"https:\/\/apuntesdesanluis.com\/index.php\/wp-json\/wp\/v2\/posts\/6392\/revisions"}],"predecessor-version":[{"id":6398,"href":"https:\/\/apuntesdesanluis.com\/index.php\/wp-json\/wp\/v2\/posts\/6392\/revisions\/6398"}],"wp:featuredmedia":[{"embeddable":true,"href":"https:\/\/apuntesdesanluis.com\/index.php\/wp-json\/wp\/v2\/media\/6393"}],"wp:attachment":[{"href":"https:\/\/apuntesdesanluis.com\/index.php\/wp-json\/wp\/v2\/media?parent=6392"}],"wp:term":[{"taxonomy":"category","embeddable":true,"href":"https:\/\/apuntesdesanluis.com\/index.php\/wp-json\/wp\/v2\/categories?post=6392"},{"taxonomy":"post_tag","embeddable":true,"href":"https:\/\/apuntesdesanluis.com\/index.php\/wp-json\/wp\/v2\/tags?post=6392"}],"curies":[{"name":"wp","href":"https:\/\/api.w.org\/{rel}","templated":true}]}}