{"id":6402,"date":"2023-11-06T18:56:16","date_gmt":"2023-11-06T21:56:16","guid":{"rendered":"https:\/\/apuntesdesanluis.com\/?p=6402"},"modified":"2023-11-06T20:58:04","modified_gmt":"2023-11-06T23:58:04","slug":"conmocion-un-joven-policia-porteno-se-suicido-tras-la-derrota-de-boca","status":"publish","type":"post","link":"https:\/\/apuntesdesanluis.com\/index.php\/2023\/11\/06\/conmocion-un-joven-policia-porteno-se-suicido-tras-la-derrota-de-boca\/","title":{"rendered":"CONMOCI\u00d3N: UN JOVEN POLIC\u00cdA PORTE\u00d1O SE SUICID\u00d3 TRAS LA DERROTA DE BOCA"},"content":{"rendered":"<h3>Ver\u00f3nica, la madre de <strong>Marcelo Alejandro Morales<\/strong>, quien era polic\u00eda porte\u00f1o, apunt\u00f3 enfurecida contra el club y los jugadores por la muerte del joven de 23 a\u00f1os: &#8220;Boca es una basura porque mataron a mi hijo&#8221;.<\/h3>\n<h3>Un joven polic\u00eda de la Ciudad de Buenos Aires se suicid\u00f3 en su casa este s\u00e1bado tras la final de la Libertadores que Boca perdi\u00f3 ante Fluminense. Su mam\u00e1 responsabiliz\u00f3 al club de f\u00fatbol y, en una entrevista televisiva, declar\u00f3: \u201cBoca es una basura porque mataron a mi hijo. Por ellos se mat\u00f3 mi hijo, por Boca\u201d.<\/h3>\n<h3>La tragedia sucedi\u00f3 en el barrio Don Orione de Claypole, en el sur del conurbano bonaerense. Ver\u00f3nica, la madre de Marcelo Alejandro Morales, relat\u00f3 que el joven de 23 a\u00f1os estaba mirando el partido junto a su primo y su padre, \u201cyo le dec\u00eda que tenga fe, que \u00edbamos a ganar\u201d, record\u00f3. Cuando termin\u00f3 el encuentro, Morales fue a su habitaci\u00f3n ubicada en el primer piso de la casa, se acost\u00f3 y dispar\u00f3 contra su sien derecha con su arma reglamentaria marca Beretta.<\/h3>\n<p><iframe title=\"Tras la derrota de Boca en la Libertadores se suicidi\u00f3 un polic\u00eda fanatico del &quot;Xeneize&quot;\" width=\"640\" height=\"360\" src=\"https:\/\/www.youtube.com\/embed\/SPRQIOqawto?start=27&#038;feature=oembed\" frameborder=\"0\" allow=\"accelerometer; autoplay; clipboard-write; encrypted-media; gyroscope; picture-in-picture; web-share\" referrerpolicy=\"strict-origin-when-cross-origin\" allowfullscreen><\/iframe><\/p>\n<h3>La ambulancia constat\u00f3 el fallecimiento y, en entrevista con Cr\u00f3nica, Ver\u00f3nica dijo: \u201cBoca es una basura porque a mi hijo me lo mataron. Por ellos se mat\u00f3 mi hijo, por Boca. Yo ahora no lo tengo y no hay ning\u00fan jugador ni nadie que a m\u00ed me d\u00e9 el p\u00e9same\u201d. Sobre la salud mental del joven en relaci\u00f3n al f\u00fatbol, agreg\u00f3: \u201cEra re fan\u00e1tico de Boca. Si perd\u00eda estaba mal, deprimido, se pon\u00eda triste, se daba pi\u00f1as, dec\u00eda que no pod\u00eda perder, que era lo m\u00e1s grande Boca\u201d.<\/h3>\n<h3>El primo del polic\u00eda declar\u00f3: \u201cCuando me fui de la casa, al rato me llam\u00f3 la hermana dici\u00e9ndome que se hab\u00eda pegado un tiro. Todas las veces que mir\u00e1bamos Boca con \u00e9l, estaba loco, era muy fan\u00e1tico. Pute\u00e1bamos los dos juntos, pero no amenaz\u00f3 con hacer nada, ni tampoco dio indicios\u201d, asegur\u00f3.<\/h3>\n<h3>Sin embargo, Ver\u00f3nica revel\u00f3 que \u201chace tres semanas le dijo al padre que no me cuente nada a m\u00ed, pero le dijo: \u2018Si el 4 de noviembre no gana Boca, yo me mato\u2019. El pap\u00e1 pens\u00f3 que estaba haciendo una joda, no lo tom\u00f3 en serio. Que tomen conciencia los j\u00f3venes, que piensen en su familia\u201d.<\/h3>\n<p>&nbsp;<\/p>\n<p>&nbsp;<\/p>\n<p>&nbsp;<\/p>\n<p>&nbsp;<\/p>\n","protected":false},"excerpt":{"rendered":"<p>Ver\u00f3nica, la madre de Marcelo Alejandro Morales, quien era polic\u00eda porte\u00f1o, apunt\u00f3 enfurecida contra el&#8230;<\/p>\n","protected":false},"author":1,"featured_media":6403,"comment_status":"closed","ping_status":"closed","sticky":false,"template":"","format":"standard","meta":{"footnotes":""},"categories":[5],"tags":[],"class_list":["post-6402","post","type-post","status-publish","format-standard","has-post-thumbnail","hentry","category-nacionales-internacionales"],"yoast_head":"<!-- This site is optimized with the Yoast SEO plugin v26.1.1 - https:\/\/yoast.com\/wordpress\/plugins\/seo\/ -->\n<title>CONMOCI\u00d3N: UN JOVEN POLIC\u00cdA PORTE\u00d1O SE SUICID\u00d3 TRAS LA DERROTA DE BOCA - Apuntes de San Luis<\/title>\n<meta name=\"robots\" content=\"index, follow, max-snippet:-1, max-image-preview:large, max-video-preview:-1\" \/>\n<link rel=\"canonical\" href=\"https:\/\/apuntesdesanluis.com\/index.php\/2023\/11\/06\/conmocion-un-joven-policia-porteno-se-suicido-tras-la-derrota-de-boca\/\" \/>\n<meta property=\"og:locale\" content=\"es_ES\" \/>\n<meta property=\"og:type\" content=\"article\" \/>\n<meta property=\"og:title\" content=\"CONMOCI\u00d3N: UN JOVEN POLIC\u00cdA PORTE\u00d1O SE SUICID\u00d3 TRAS LA DERROTA DE BOCA - Apuntes de San Luis\" \/>\n<meta property=\"og:description\" content=\"Ver\u00f3nica, la madre de Marcelo Alejandro Morales, quien era polic\u00eda porte\u00f1o, apunt\u00f3 enfurecida contra el...\" \/>\n<meta property=\"og:url\" content=\"https:\/\/apuntesdesanluis.com\/index.php\/2023\/11\/06\/conmocion-un-joven-policia-porteno-se-suicido-tras-la-derrota-de-boca\/\" \/>\n<meta property=\"og:site_name\" content=\"Apuntes de San Luis\" \/>\n<meta property=\"article:published_time\" content=\"2023-11-06T21:56:16+00:00\" \/>\n<meta property=\"article:modified_time\" content=\"2023-11-06T23:58:04+00:00\" \/>\n<meta property=\"og:image\" content=\"https:\/\/apuntesdesanluis.com\/wp-content\/uploads\/2023\/11\/MADRE.png\" \/>\n\t<meta property=\"og:image:width\" content=\"600\" \/>\n\t<meta property=\"og:image:height\" content=\"378\" \/>\n\t<meta property=\"og:image:type\" content=\"image\/png\" \/>\n<meta name=\"author\" content=\"apuntesdesanluis.com\" \/>\n<meta name=\"twitter:card\" content=\"summary_large_image\" \/>\n<meta name=\"twitter:label1\" content=\"Escrito por\" \/>\n\t<meta name=\"twitter:data1\" content=\"apuntesdesanluis.com\" \/>\n\t<meta name=\"twitter:label2\" content=\"Tiempo de lectura\" \/>\n\t<meta name=\"twitter:data2\" content=\"2 minutos\" \/>\n<script type=\"application\/ld+json\" class=\"yoast-schema-graph\">{\"@context\":\"https:\/\/schema.org\",\"@graph\":[{\"@type\":\"Article\",\"@id\":\"https:\/\/apuntesdesanluis.com\/index.php\/2023\/11\/06\/conmocion-un-joven-policia-porteno-se-suicido-tras-la-derrota-de-boca\/#article\",\"isPartOf\":{\"@id\":\"https:\/\/apuntesdesanluis.com\/index.php\/2023\/11\/06\/conmocion-un-joven-policia-porteno-se-suicido-tras-la-derrota-de-boca\/\"},\"author\":{\"name\":\"apuntesdesanluis.com\",\"@id\":\"https:\/\/apuntesdesanluis.com\/#\/schema\/person\/b55151d52296fcce64d1a72538a70b90\"},\"headline\":\"CONMOCI\u00d3N: UN JOVEN POLIC\u00cdA PORTE\u00d1O SE SUICID\u00d3 TRAS LA DERROTA DE BOCA\",\"datePublished\":\"2023-11-06T21:56:16+00:00\",\"dateModified\":\"2023-11-06T23:58:04+00:00\",\"mainEntityOfPage\":{\"@id\":\"https:\/\/apuntesdesanluis.com\/index.php\/2023\/11\/06\/conmocion-un-joven-policia-porteno-se-suicido-tras-la-derrota-de-boca\/\"},\"wordCount\":427,\"publisher\":{\"@id\":\"https:\/\/apuntesdesanluis.com\/#\/schema\/person\/b55151d52296fcce64d1a72538a70b90\"},\"image\":{\"@id\":\"https:\/\/apuntesdesanluis.com\/index.php\/2023\/11\/06\/conmocion-un-joven-policia-porteno-se-suicido-tras-la-derrota-de-boca\/#primaryimage\"},\"thumbnailUrl\":\"https:\/\/apuntesdesanluis.com\/wp-content\/uploads\/2023\/11\/MADRE.png\",\"articleSection\":[\"Nacionales\/Internacionales\"],\"inLanguage\":\"es-AR\"},{\"@type\":\"WebPage\",\"@id\":\"https:\/\/apuntesdesanluis.com\/index.php\/2023\/11\/06\/conmocion-un-joven-policia-porteno-se-suicido-tras-la-derrota-de-boca\/\",\"url\":\"https:\/\/apuntesdesanluis.com\/index.php\/2023\/11\/06\/conmocion-un-joven-policia-porteno-se-suicido-tras-la-derrota-de-boca\/\",\"name\":\"CONMOCI\u00d3N: UN JOVEN POLIC\u00cdA PORTE\u00d1O SE SUICID\u00d3 TRAS LA DERROTA DE BOCA - Apuntes de San Luis\",\"isPartOf\":{\"@id\":\"https:\/\/apuntesdesanluis.com\/#website\"},\"primaryImageOfPage\":{\"@id\":\"https:\/\/apuntesdesanluis.com\/index.php\/2023\/11\/06\/conmocion-un-joven-policia-porteno-se-suicido-tras-la-derrota-de-boca\/#primaryimage\"},\"image\":{\"@id\":\"https:\/\/apuntesdesanluis.com\/index.php\/2023\/11\/06\/conmocion-un-joven-policia-porteno-se-suicido-tras-la-derrota-de-boca\/#primaryimage\"},\"thumbnailUrl\":\"https:\/\/apuntesdesanluis.com\/wp-content\/uploads\/2023\/11\/MADRE.png\",\"datePublished\":\"2023-11-06T21:56:16+00:00\",\"dateModified\":\"2023-11-06T23:58:04+00:00\",\"breadcrumb\":{\"@id\":\"https:\/\/apuntesdesanluis.com\/index.php\/2023\/11\/06\/conmocion-un-joven-policia-porteno-se-suicido-tras-la-derrota-de-boca\/#breadcrumb\"},\"inLanguage\":\"es-AR\",\"potentialAction\":[{\"@type\":\"ReadAction\",\"target\":[\"https:\/\/apuntesdesanluis.com\/index.php\/2023\/11\/06\/conmocion-un-joven-policia-porteno-se-suicido-tras-la-derrota-de-boca\/\"]}]},{\"@type\":\"ImageObject\",\"inLanguage\":\"es-AR\",\"@id\":\"https:\/\/apuntesdesanluis.com\/index.php\/2023\/11\/06\/conmocion-un-joven-policia-porteno-se-suicido-tras-la-derrota-de-boca\/#primaryimage\",\"url\":\"https:\/\/apuntesdesanluis.com\/wp-content\/uploads\/2023\/11\/MADRE.png\",\"contentUrl\":\"https:\/\/apuntesdesanluis.com\/wp-content\/uploads\/2023\/11\/MADRE.png\",\"width\":600,\"height\":378},{\"@type\":\"BreadcrumbList\",\"@id\":\"https:\/\/apuntesdesanluis.com\/index.php\/2023\/11\/06\/conmocion-un-joven-policia-porteno-se-suicido-tras-la-derrota-de-boca\/#breadcrumb\",\"itemListElement\":[{\"@type\":\"ListItem\",\"position\":1,\"name\":\"Inicio\",\"item\":\"https:\/\/apuntesdesanluis.com\/\"},{\"@type\":\"ListItem\",\"position\":2,\"name\":\"CONMOCI\u00d3N: UN JOVEN POLIC\u00cdA PORTE\u00d1O SE SUICID\u00d3 TRAS LA DERROTA DE BOCA\"}]},{\"@type\":\"WebSite\",\"@id\":\"https:\/\/apuntesdesanluis.com\/#website\",\"url\":\"https:\/\/apuntesdesanluis.com\/\",\"name\":\"Apuntes de San Luis\",\"description\":\"\",\"publisher\":{\"@id\":\"https:\/\/apuntesdesanluis.com\/#\/schema\/person\/b55151d52296fcce64d1a72538a70b90\"},\"potentialAction\":[{\"@type\":\"SearchAction\",\"target\":{\"@type\":\"EntryPoint\",\"urlTemplate\":\"https:\/\/apuntesdesanluis.com\/?s={search_term_string}\"},\"query-input\":{\"@type\":\"PropertyValueSpecification\",\"valueRequired\":true,\"valueName\":\"search_term_string\"}}],\"inLanguage\":\"es-AR\"},{\"@type\":[\"Person\",\"Organization\"],\"@id\":\"https:\/\/apuntesdesanluis.com\/#\/schema\/person\/b55151d52296fcce64d1a72538a70b90\",\"name\":\"apuntesdesanluis.com\",\"image\":{\"@type\":\"ImageObject\",\"inLanguage\":\"es-AR\",\"@id\":\"https:\/\/apuntesdesanluis.com\/#\/schema\/person\/image\/\",\"url\":\"https:\/\/apuntesdesanluis.com\/wp-content\/uploads\/2023\/07\/cropped-apuntesdesanluis.png\",\"contentUrl\":\"https:\/\/apuntesdesanluis.com\/wp-content\/uploads\/2023\/07\/cropped-apuntesdesanluis.png\",\"width\":450,\"height\":112,\"caption\":\"apuntesdesanluis.com\"},\"logo\":{\"@id\":\"https:\/\/apuntesdesanluis.com\/#\/schema\/person\/image\/\"},\"sameAs\":[\"https:\/\/apuntesdesanluis.com\"],\"url\":\"https:\/\/apuntesdesanluis.com\/index.php\/author\/apuntesdesanluis-com\/\"}]}<\/script>\n<!-- \/ Yoast SEO plugin. -->","yoast_head_json":{"title":"CONMOCI\u00d3N: UN JOVEN POLIC\u00cdA PORTE\u00d1O SE SUICID\u00d3 TRAS LA DERROTA DE BOCA - Apuntes de San Luis","robots":{"index":"index","follow":"follow","max-snippet":"max-snippet:-1","max-image-preview":"max-image-preview:large","max-video-preview":"max-video-preview:-1"},"canonical":"https:\/\/apuntesdesanluis.com\/index.php\/2023\/11\/06\/conmocion-un-joven-policia-porteno-se-suicido-tras-la-derrota-de-boca\/","og_locale":"es_ES","og_type":"article","og_title":"CONMOCI\u00d3N: UN JOVEN POLIC\u00cdA PORTE\u00d1O SE SUICID\u00d3 TRAS LA DERROTA DE BOCA - Apuntes de San Luis","og_description":"Ver\u00f3nica, la madre de Marcelo Alejandro Morales, quien era polic\u00eda porte\u00f1o, apunt\u00f3 enfurecida contra el...","og_url":"https:\/\/apuntesdesanluis.com\/index.php\/2023\/11\/06\/conmocion-un-joven-policia-porteno-se-suicido-tras-la-derrota-de-boca\/","og_site_name":"Apuntes de San Luis","article_published_time":"2023-11-06T21:56:16+00:00","article_modified_time":"2023-11-06T23:58:04+00:00","og_image":[{"width":600,"height":378,"url":"https:\/\/apuntesdesanluis.com\/wp-content\/uploads\/2023\/11\/MADRE.png","type":"image\/png"}],"author":"apuntesdesanluis.com","twitter_card":"summary_large_image","twitter_misc":{"Escrito por":"apuntesdesanluis.com","Tiempo de lectura":"2 minutos"},"schema":{"@context":"https:\/\/schema.org","@graph":[{"@type":"Article","@id":"https:\/\/apuntesdesanluis.com\/index.php\/2023\/11\/06\/conmocion-un-joven-policia-porteno-se-suicido-tras-la-derrota-de-boca\/#article","isPartOf":{"@id":"https:\/\/apuntesdesanluis.com\/index.php\/2023\/11\/06\/conmocion-un-joven-policia-porteno-se-suicido-tras-la-derrota-de-boca\/"},"author":{"name":"apuntesdesanluis.com","@id":"https:\/\/apuntesdesanluis.com\/#\/schema\/person\/b55151d52296fcce64d1a72538a70b90"},"headline":"CONMOCI\u00d3N: UN JOVEN POLIC\u00cdA PORTE\u00d1O SE SUICID\u00d3 TRAS LA DERROTA DE BOCA","datePublished":"2023-11-06T21:56:16+00:00","dateModified":"2023-11-06T23:58:04+00:00","mainEntityOfPage":{"@id":"https:\/\/apuntesdesanluis.com\/index.php\/2023\/11\/06\/conmocion-un-joven-policia-porteno-se-suicido-tras-la-derrota-de-boca\/"},"wordCount":427,"publisher":{"@id":"https:\/\/apuntesdesanluis.com\/#\/schema\/person\/b55151d52296fcce64d1a72538a70b90"},"image":{"@id":"https:\/\/apuntesdesanluis.com\/index.php\/2023\/11\/06\/conmocion-un-joven-policia-porteno-se-suicido-tras-la-derrota-de-boca\/#primaryimage"},"thumbnailUrl":"https:\/\/apuntesdesanluis.com\/wp-content\/uploads\/2023\/11\/MADRE.png","articleSection":["Nacionales\/Internacionales"],"inLanguage":"es-AR"},{"@type":"WebPage","@id":"https:\/\/apuntesdesanluis.com\/index.php\/2023\/11\/06\/conmocion-un-joven-policia-porteno-se-suicido-tras-la-derrota-de-boca\/","url":"https:\/\/apuntesdesanluis.com\/index.php\/2023\/11\/06\/conmocion-un-joven-policia-porteno-se-suicido-tras-la-derrota-de-boca\/","name":"CONMOCI\u00d3N: UN JOVEN POLIC\u00cdA PORTE\u00d1O SE SUICID\u00d3 TRAS LA DERROTA DE BOCA - Apuntes de San Luis","isPartOf":{"@id":"https:\/\/apuntesdesanluis.com\/#website"},"primaryImageOfPage":{"@id":"https:\/\/apuntesdesanluis.com\/index.php\/2023\/11\/06\/conmocion-un-joven-policia-porteno-se-suicido-tras-la-derrota-de-boca\/#primaryimage"},"image":{"@id":"https:\/\/apuntesdesanluis.com\/index.php\/2023\/11\/06\/conmocion-un-joven-policia-porteno-se-suicido-tras-la-derrota-de-boca\/#primaryimage"},"thumbnailUrl":"https:\/\/apuntesdesanluis.com\/wp-content\/uploads\/2023\/11\/MADRE.png","datePublished":"2023-11-06T21:56:16+00:00","dateModified":"2023-11-06T23:58:04+00:00","breadcrumb":{"@id":"https:\/\/apuntesdesanluis.com\/index.php\/2023\/11\/06\/conmocion-un-joven-policia-porteno-se-suicido-tras-la-derrota-de-boca\/#breadcrumb"},"inLanguage":"es-AR","potentialAction":[{"@type":"ReadAction","target":["https:\/\/apuntesdesanluis.com\/index.php\/2023\/11\/06\/conmocion-un-joven-policia-porteno-se-suicido-tras-la-derrota-de-boca\/"]}]},{"@type":"ImageObject","inLanguage":"es-AR","@id":"https:\/\/apuntesdesanluis.com\/index.php\/2023\/11\/06\/conmocion-un-joven-policia-porteno-se-suicido-tras-la-derrota-de-boca\/#primaryimage","url":"https:\/\/apuntesdesanluis.com\/wp-content\/uploads\/2023\/11\/MADRE.png","contentUrl":"https:\/\/apuntesdesanluis.com\/wp-content\/uploads\/2023\/11\/MADRE.png","width":600,"height":378},{"@type":"BreadcrumbList","@id":"https:\/\/apuntesdesanluis.com\/index.php\/2023\/11\/06\/conmocion-un-joven-policia-porteno-se-suicido-tras-la-derrota-de-boca\/#breadcrumb","itemListElement":[{"@type":"ListItem","position":1,"name":"Inicio","item":"https:\/\/apuntesdesanluis.com\/"},{"@type":"ListItem","position":2,"name":"CONMOCI\u00d3N: UN JOVEN POLIC\u00cdA PORTE\u00d1O SE SUICID\u00d3 TRAS LA DERROTA DE BOCA"}]},{"@type":"WebSite","@id":"https:\/\/apuntesdesanluis.com\/#website","url":"https:\/\/apuntesdesanluis.com\/","name":"Apuntes de San Luis","description":"","publisher":{"@id":"https:\/\/apuntesdesanluis.com\/#\/schema\/person\/b55151d52296fcce64d1a72538a70b90"},"potentialAction":[{"@type":"SearchAction","target":{"@type":"EntryPoint","urlTemplate":"https:\/\/apuntesdesanluis.com\/?s={search_term_string}"},"query-input":{"@type":"PropertyValueSpecification","valueRequired":true,"valueName":"search_term_string"}}],"inLanguage":"es-AR"},{"@type":["Person","Organization"],"@id":"https:\/\/apuntesdesanluis.com\/#\/schema\/person\/b55151d52296fcce64d1a72538a70b90","name":"apuntesdesanluis.com","image":{"@type":"ImageObject","inLanguage":"es-AR","@id":"https:\/\/apuntesdesanluis.com\/#\/schema\/person\/image\/","url":"https:\/\/apuntesdesanluis.com\/wp-content\/uploads\/2023\/07\/cropped-apuntesdesanluis.png","contentUrl":"https:\/\/apuntesdesanluis.com\/wp-content\/uploads\/2023\/07\/cropped-apuntesdesanluis.png","width":450,"height":112,"caption":"apuntesdesanluis.com"},"logo":{"@id":"https:\/\/apuntesdesanluis.com\/#\/schema\/person\/image\/"},"sameAs":["https:\/\/apuntesdesanluis.com"],"url":"https:\/\/apuntesdesanluis.com\/index.php\/author\/apuntesdesanluis-com\/"}]}},"featured_image_urls":{"full":["https:\/\/apuntesdesanluis.com\/wp-content\/uploads\/2023\/11\/MADRE.png",600,378,false],"thumbnail":["https:\/\/apuntesdesanluis.com\/wp-content\/uploads\/2023\/11\/MADRE-150x150.png",150,150,true],"medium":["https:\/\/apuntesdesanluis.com\/wp-content\/uploads\/2023\/11\/MADRE-300x189.png",300,189,true],"medium_large":["https:\/\/apuntesdesanluis.com\/wp-content\/uploads\/2023\/11\/MADRE.png",600,378,false],"large":["https:\/\/apuntesdesanluis.com\/wp-content\/uploads\/2023\/11\/MADRE.png",600,378,false],"1536x1536":["https:\/\/apuntesdesanluis.com\/wp-content\/uploads\/2023\/11\/MADRE.png",600,378,false],"2048x2048":["https:\/\/apuntesdesanluis.com\/wp-content\/uploads\/2023\/11\/MADRE.png",600,378,false],"newsever-slider-full":["https:\/\/apuntesdesanluis.com\/wp-content\/uploads\/2023\/11\/MADRE.png",600,378,false],"newsever-featured":["https:\/\/apuntesdesanluis.com\/wp-content\/uploads\/2023\/11\/MADRE.png",600,378,false],"newsever-medium":["https:\/\/apuntesdesanluis.com\/wp-content\/uploads\/2023\/11\/MADRE.png",600,378,false]},"author_info":{"display_name":"apuntesdesanluis.com","author_link":"https:\/\/apuntesdesanluis.com\/index.php\/author\/apuntesdesanluis-com\/"},"category_info":"<a href=\"https:\/\/apuntesdesanluis.com\/index.php\/category\/nacionales-internacionales\/\" rel=\"category tag\">Nacionales\/Internacionales<\/a>","tag_info":"Nacionales\/Internacionales","comment_count":"0","_links":{"self":[{"href":"https:\/\/apuntesdesanluis.com\/index.php\/wp-json\/wp\/v2\/posts\/6402","targetHints":{"allow":["GET"]}}],"collection":[{"href":"https:\/\/apuntesdesanluis.com\/index.php\/wp-json\/wp\/v2\/posts"}],"about":[{"href":"https:\/\/apuntesdesanluis.com\/index.php\/wp-json\/wp\/v2\/types\/post"}],"author":[{"embeddable":true,"href":"https:\/\/apuntesdesanluis.com\/index.php\/wp-json\/wp\/v2\/users\/1"}],"replies":[{"embeddable":true,"href":"https:\/\/apuntesdesanluis.com\/index.php\/wp-json\/wp\/v2\/comments?post=6402"}],"version-history":[{"count":1,"href":"https:\/\/apuntesdesanluis.com\/index.php\/wp-json\/wp\/v2\/posts\/6402\/revisions"}],"predecessor-version":[{"id":6404,"href":"https:\/\/apuntesdesanluis.com\/index.php\/wp-json\/wp\/v2\/posts\/6402\/revisions\/6404"}],"wp:featuredmedia":[{"embeddable":true,"href":"https:\/\/apuntesdesanluis.com\/index.php\/wp-json\/wp\/v2\/media\/6403"}],"wp:attachment":[{"href":"https:\/\/apuntesdesanluis.com\/index.php\/wp-json\/wp\/v2\/media?parent=6402"}],"wp:term":[{"taxonomy":"category","embeddable":true,"href":"https:\/\/apuntesdesanluis.com\/index.php\/wp-json\/wp\/v2\/categories?post=6402"},{"taxonomy":"post_tag","embeddable":true,"href":"https:\/\/apuntesdesanluis.com\/index.php\/wp-json\/wp\/v2\/tags?post=6402"}],"curies":[{"name":"wp","href":"https:\/\/api.w.org\/{rel}","templated":true}]}}