{"id":6405,"date":"2023-11-06T21:22:18","date_gmt":"2023-11-07T00:22:18","guid":{"rendered":"https:\/\/apuntesdesanluis.com\/?p=6405"},"modified":"2023-11-06T21:23:14","modified_gmt":"2023-11-07T00:23:14","slug":"organizan-una-jornada-de-turismo-religioso-en-la-villa-de-merlo","status":"publish","type":"post","link":"https:\/\/apuntesdesanluis.com\/index.php\/2023\/11\/06\/organizan-una-jornada-de-turismo-religioso-en-la-villa-de-merlo\/","title":{"rendered":"ORGANIZAN UNA JORNADA DE TURISMO RELIGIOSO EN LA VILLA DE MERLO"},"content":{"rendered":"<h3>Este evento organizado por la Municipalidad a trav\u00e9s de la Secretaria de Gesti\u00f3n, Calidad y Productos Tur\u00edsticos, tendr\u00e1 lugar los d\u00edas 17 y 18 de noviembre en la <strong>Posada del Tiempo<\/strong>, ubicada en la Avenida Eva Duarte 180.<\/h3>\n<h3>Durante estos dos d\u00edas, habr\u00e1 participaci\u00f3n de distinguidos disertantes a nivel nacional, regional y municipal, quienes compartir\u00e1n sus conocimientos y experiencias en el campo del turismo religioso. El evento promete una agenda diversa que incluye:<\/h3>\n<ul>\n<li>\n<h3><strong>Conferencias Magistrales<\/strong>: Expertos en turismo religioso compartir\u00e1n ideas innovadoras y tendencias actuales.<\/h3>\n<\/li>\n<li>\n<h3><strong>Oportunidades de Networking<\/strong>: Conectarse con profesionales y l\u00edderes en el campo, para discutir colaboraciones y proyectos futuros.<\/h3>\n<\/li>\n<li>\n<h3><strong>Actividades Culturales<\/strong>: Disfrutar de presentaciones culturales que celebran la riqueza de nuestro patrimonio religioso.<\/h3>\n<\/li>\n<\/ul>\n<h3>El turismo religioso no solo enriquece las vidas espiritualmente, sino que tambi\u00e9n puede tener un impacto significativo en el desarrollo regional. Esta jornada busca explorar c\u00f3mo podemos aprovechar este potencial de manera sostenible, impulsando la econom\u00eda local y promoviendo un turismo responsable.<\/h3>\n<h3><strong>Inscripciones en el siguiente link: <\/strong><\/h3>\n<h3><span style=\"color: #3366ff;\"><a style=\"color: #3366ff;\" href=\"https:\/\/docs.google.com\/forms\/d\/17k7Zm0o7bLGPilDbe1yAVDilGWmNhRD5xEWqd1IByug\/viewform?edit_requested=true\"><strong>https:\/\/docs.google.com\/forms\/d\/17k7Zm0o7bLGPilDbe1yAVDilGWmNhRD5xE<\/strong><\/a><a style=\"color: #3366ff;\" href=\"https:\/\/docs.google.com\/forms\/d\/17k7Zm0o7bLGPilDbe1yAVDilGWmNhRD5xEWqd1IByug\/viewform?edit_requested=true\"><strong>Wqd1IByug\/viewform?edit_requested=true<\/strong><\/a><\/span><\/h3>\n<h3><span style=\"color: #000000;\"><strong>VIERNES 17 DE NOVIEMBRE<\/strong><\/span><\/h3>\n<h3><strong>&#8211; 09:30 a 10:30 <\/strong>ACREDITACIONES Posada del Tiempo.<\/h3>\n<h3><strong>&#8211; 10:30 a 11:00 <\/strong>APERTURA.<\/h3>\n<h3>&#8211; Intendente Juan \u00c1lvarez Pinto.<\/h3>\n<h3>&#8211; Secretario de Turismo Santiago Trobo.<\/h3>\n<h3><strong>&#8211; 11:00 a 11:30 <em>\u201cCONCEPTO Y OFERTA DEL TURISMO RELIGIOSO EN LA\u00a0<\/em><\/strong><strong><em>ARGENTINA.\u201d <\/em><\/strong><strong>Licenciada en Derecho Can\u00f3nico, Claudia Boente (Ministerio de Turismo y Deportes de la Naci\u00f3n).<\/strong><\/h3>\n<h3><strong>&#8211; 11:30 a 12:00 \u201c<em>TURISMO RELIGIOSO EN ARGENTINA\u201d Director de Empresur y Creador del Encuentro Argentino de Turismo Religioso, <\/em>Santiago Cano.<\/strong><\/h3>\n<h3><strong>&#8211; 12:00 <\/strong>Brunch a cargo de Mujeres en Red.<\/h3>\n<h3><strong>&#8211; 13:00 a 13:30 <em>\u201cTURISMO RELIGIOSO COMO EJE PARA EL DESARROLLO\u00a0<\/em><\/strong><strong><em>SUSTENTABLE DE LAS COMUNIDADES. <\/em><\/strong><strong>Periodista especializado en Turismo Religioso, Miguel Cabrera.<\/strong><\/h3>\n<h3><strong>&#8211; 13:30 a 14:00 <em>\u201cPASTORAL DEL TURISMO: EL CAMINO DE LA IGLESIA PARA EL TURISMO.\u201d <\/em>Coordinadora de la Pastoral de Turismo, Marcela Villares<\/strong>.<\/h3>\n<h3><strong>&#8211; 14:00 a 14:30 Cura P\u00e1rroco de Villa de Merlo, Padre Rogelio Saa Figueroa.<\/strong><\/h3>\n<h3><strong>&#8211; 14:30 a 15:00 <em>\u201cLA EVOLUCI\u00d3N DEL TURISMO RELIGIOSO EN C\u00d3RDOBA.\u201d <\/em>Referente T\u00e9cnico de Turismo Religioso de la Agencia C\u00f3rdoba Turismo, Gustavo Loza.<\/strong><\/h3>\n<h3><strong>&#8211; 15:00 a 15:30 <\/strong>Coffee Break<\/h3>\n<h3><strong>&#8211; 15:30 a 16:00 <em>\u201cPRODUCTO TUR\u00cdSTICO: LOS CAMINOS DE BROCHERO\u201d.\u00a0<\/em><\/strong><strong><em>Director de Turismo y Cultura de Villa Cura Brochero, Ignacio Javier Vega.<\/em><\/strong><\/h3>\n<h3><strong>&#8211; 16:30 <\/strong>Concierto Coral Rock (Temas de Bob Day).<\/h3>\n<h3><strong>&#8211; 21:30 CENA Y SHOW DE CAMARADER\u00cdA (valor tarjeta: $5.500)<\/strong><\/h3>\n<h3><strong>RESERVAS AL <\/strong>2664 840942 (WhatsApp Turismo).<\/h3>\n<h3><span style=\"color: #000000;\"><strong>S\u00c1BADO 18 DE NOVIEMBRE<\/strong><\/span><\/h3>\n<h3>&#8211; 9:00 a 9:30 <em style=\"font-weight: bold;\">\u201cCAPILLA SAN JOS\u00c9 DEL MORRO, MONUMENTO HIST\u00d3RICO NACIONAL\u201d. <\/em>Secretaria de Cultura de San Jos\u00e9 del El Morro, Mary <span style=\"font-size: 18.72px;\">P\u00e1ez<\/span>.<\/h3>\n<h3><strong>&#8211; 9:30 a 10:00 \u201c <em>EXPOSICI\u00d3N DE IM\u00c1GENES RELIGIOSAS ANTIGUAS\u201d.\u00a0<\/em><\/strong><strong>Diplomada en Turismo Religioso, Adriana Salas.<\/strong><\/h3>\n<h3><strong>&#8211; 10:00 a 10.30 <em>\u201cRENCA Y SU HISTORIA\u201d <\/em>Profesor Miguel Bianchi<\/strong>. &#8211;<strong>Renca-<\/strong><\/h3>\n<h3><strong>&#8211; 10.30 a 11:00 <em>\u201cHISTORIA DE LA CAPILLA DE PUNTA DEL AGUA\u201d <\/em>Gu\u00eda Claudia\u00a0<\/strong><strong>R\u00edos -Punta del Agua.<\/strong><\/h3>\n<h3><strong>&#8211; 11.00 a 11:30 <\/strong>Coffee break.<\/h3>\n<h3><strong>&#8211; 11.30 a 12:00 <em>LA IGLESIA NUEVA APOST\u00d3LICA SE PRESENTA. <\/em>-T\u00e9cnico en Hoteler\u00eda; Dirigente de la Comunidad, Miguel \u00c1ngel Mari\u00f1o.<\/strong><\/h3>\n<h3>Actuaci\u00f3n de coro Iglesia Nueva Apost\u00f3lica<\/h3>\n<h3><strong>&#8211; 12:00 a 12:30hs<\/strong>. <strong><em>IGLESIA CRISTIANA PORTAL DE CIELO. P<\/em>astor Heber Ortiz.<\/strong><\/h3>\n<h3><strong>&#8211; 12.30 <\/strong>Museo Lolma. Visita guiada almuerzo tipo Brunch.<\/h3>\n<h3><strong>&#8211; 14.30 <\/strong>Salida de bus Torres Tour al Monasterio, Capilla Hist\u00f3rica Nuestra Sra del Rosario, V\u00eda Luc\u00eds, Iglesia de F\u00e1tima. Folkloristas merlinos y grupo Origen.<\/h3>\n<p>&nbsp;<\/p>\n<p>&nbsp;<\/p>\n<p>&nbsp;<\/p>\n","protected":false},"excerpt":{"rendered":"<p>Este evento organizado por la Municipalidad a trav\u00e9s de la Secretaria de Gesti\u00f3n, Calidad y&#8230;<\/p>\n","protected":false},"author":1,"featured_media":6406,"comment_status":"closed","ping_status":"closed","sticky":false,"template":"","format":"standard","meta":{"footnotes":""},"categories":[6],"tags":[],"class_list":["post-6405","post","type-post","status-publish","format-standard","has-post-thumbnail","hentry","category-ciudad-provincia"],"yoast_head":"<!-- This site is optimized with the Yoast SEO plugin v26.1.1 - https:\/\/yoast.com\/wordpress\/plugins\/seo\/ -->\n<title>ORGANIZAN UNA JORNADA DE TURISMO RELIGIOSO EN LA VILLA DE MERLO - Apuntes de San Luis<\/title>\n<meta name=\"robots\" content=\"index, follow, max-snippet:-1, max-image-preview:large, max-video-preview:-1\" \/>\n<link rel=\"canonical\" href=\"https:\/\/apuntesdesanluis.com\/index.php\/2023\/11\/06\/organizan-una-jornada-de-turismo-religioso-en-la-villa-de-merlo\/\" \/>\n<meta property=\"og:locale\" content=\"es_ES\" \/>\n<meta property=\"og:type\" content=\"article\" \/>\n<meta property=\"og:title\" content=\"ORGANIZAN UNA JORNADA DE TURISMO RELIGIOSO EN LA VILLA DE MERLO - Apuntes de San Luis\" \/>\n<meta property=\"og:description\" content=\"Este evento organizado por la Municipalidad a trav\u00e9s de la Secretaria de Gesti\u00f3n, Calidad y...\" \/>\n<meta property=\"og:url\" content=\"https:\/\/apuntesdesanluis.com\/index.php\/2023\/11\/06\/organizan-una-jornada-de-turismo-religioso-en-la-villa-de-merlo\/\" \/>\n<meta property=\"og:site_name\" content=\"Apuntes de San Luis\" \/>\n<meta property=\"article:published_time\" content=\"2023-11-07T00:22:18+00:00\" \/>\n<meta property=\"article:modified_time\" content=\"2023-11-07T00:23:14+00:00\" \/>\n<meta property=\"og:image\" content=\"https:\/\/apuntesdesanluis.com\/wp-content\/uploads\/2023\/11\/jORNADA-TURISMO-RELIGIOSO.jpg\" \/>\n\t<meta property=\"og:image:width\" content=\"587\" \/>\n\t<meta property=\"og:image:height\" content=\"337\" \/>\n\t<meta property=\"og:image:type\" content=\"image\/jpeg\" \/>\n<meta name=\"author\" content=\"apuntesdesanluis.com\" \/>\n<meta name=\"twitter:card\" content=\"summary_large_image\" \/>\n<meta name=\"twitter:label1\" content=\"Escrito por\" \/>\n\t<meta name=\"twitter:data1\" content=\"apuntesdesanluis.com\" \/>\n\t<meta name=\"twitter:label2\" content=\"Tiempo de lectura\" \/>\n\t<meta name=\"twitter:data2\" content=\"3 minutos\" \/>\n<script type=\"application\/ld+json\" class=\"yoast-schema-graph\">{\"@context\":\"https:\/\/schema.org\",\"@graph\":[{\"@type\":\"Article\",\"@id\":\"https:\/\/apuntesdesanluis.com\/index.php\/2023\/11\/06\/organizan-una-jornada-de-turismo-religioso-en-la-villa-de-merlo\/#article\",\"isPartOf\":{\"@id\":\"https:\/\/apuntesdesanluis.com\/index.php\/2023\/11\/06\/organizan-una-jornada-de-turismo-religioso-en-la-villa-de-merlo\/\"},\"author\":{\"name\":\"apuntesdesanluis.com\",\"@id\":\"https:\/\/apuntesdesanluis.com\/#\/schema\/person\/b55151d52296fcce64d1a72538a70b90\"},\"headline\":\"ORGANIZAN UNA JORNADA DE TURISMO RELIGIOSO EN LA VILLA DE MERLO\",\"datePublished\":\"2023-11-07T00:22:18+00:00\",\"dateModified\":\"2023-11-07T00:23:14+00:00\",\"mainEntityOfPage\":{\"@id\":\"https:\/\/apuntesdesanluis.com\/index.php\/2023\/11\/06\/organizan-una-jornada-de-turismo-religioso-en-la-villa-de-merlo\/\"},\"wordCount\":557,\"publisher\":{\"@id\":\"https:\/\/apuntesdesanluis.com\/#\/schema\/person\/b55151d52296fcce64d1a72538a70b90\"},\"image\":{\"@id\":\"https:\/\/apuntesdesanluis.com\/index.php\/2023\/11\/06\/organizan-una-jornada-de-turismo-religioso-en-la-villa-de-merlo\/#primaryimage\"},\"thumbnailUrl\":\"https:\/\/apuntesdesanluis.com\/wp-content\/uploads\/2023\/11\/jORNADA-TURISMO-RELIGIOSO.jpg\",\"articleSection\":[\"Ciudad\/Provincia\"],\"inLanguage\":\"es-AR\"},{\"@type\":\"WebPage\",\"@id\":\"https:\/\/apuntesdesanluis.com\/index.php\/2023\/11\/06\/organizan-una-jornada-de-turismo-religioso-en-la-villa-de-merlo\/\",\"url\":\"https:\/\/apuntesdesanluis.com\/index.php\/2023\/11\/06\/organizan-una-jornada-de-turismo-religioso-en-la-villa-de-merlo\/\",\"name\":\"ORGANIZAN UNA JORNADA DE TURISMO RELIGIOSO EN LA VILLA DE MERLO - Apuntes de San Luis\",\"isPartOf\":{\"@id\":\"https:\/\/apuntesdesanluis.com\/#website\"},\"primaryImageOfPage\":{\"@id\":\"https:\/\/apuntesdesanluis.com\/index.php\/2023\/11\/06\/organizan-una-jornada-de-turismo-religioso-en-la-villa-de-merlo\/#primaryimage\"},\"image\":{\"@id\":\"https:\/\/apuntesdesanluis.com\/index.php\/2023\/11\/06\/organizan-una-jornada-de-turismo-religioso-en-la-villa-de-merlo\/#primaryimage\"},\"thumbnailUrl\":\"https:\/\/apuntesdesanluis.com\/wp-content\/uploads\/2023\/11\/jORNADA-TURISMO-RELIGIOSO.jpg\",\"datePublished\":\"2023-11-07T00:22:18+00:00\",\"dateModified\":\"2023-11-07T00:23:14+00:00\",\"breadcrumb\":{\"@id\":\"https:\/\/apuntesdesanluis.com\/index.php\/2023\/11\/06\/organizan-una-jornada-de-turismo-religioso-en-la-villa-de-merlo\/#breadcrumb\"},\"inLanguage\":\"es-AR\",\"potentialAction\":[{\"@type\":\"ReadAction\",\"target\":[\"https:\/\/apuntesdesanluis.com\/index.php\/2023\/11\/06\/organizan-una-jornada-de-turismo-religioso-en-la-villa-de-merlo\/\"]}]},{\"@type\":\"ImageObject\",\"inLanguage\":\"es-AR\",\"@id\":\"https:\/\/apuntesdesanluis.com\/index.php\/2023\/11\/06\/organizan-una-jornada-de-turismo-religioso-en-la-villa-de-merlo\/#primaryimage\",\"url\":\"https:\/\/apuntesdesanluis.com\/wp-content\/uploads\/2023\/11\/jORNADA-TURISMO-RELIGIOSO.jpg\",\"contentUrl\":\"https:\/\/apuntesdesanluis.com\/wp-content\/uploads\/2023\/11\/jORNADA-TURISMO-RELIGIOSO.jpg\",\"width\":587,\"height\":337},{\"@type\":\"BreadcrumbList\",\"@id\":\"https:\/\/apuntesdesanluis.com\/index.php\/2023\/11\/06\/organizan-una-jornada-de-turismo-religioso-en-la-villa-de-merlo\/#breadcrumb\",\"itemListElement\":[{\"@type\":\"ListItem\",\"position\":1,\"name\":\"Inicio\",\"item\":\"https:\/\/apuntesdesanluis.com\/\"},{\"@type\":\"ListItem\",\"position\":2,\"name\":\"ORGANIZAN UNA JORNADA DE TURISMO RELIGIOSO EN LA VILLA DE MERLO\"}]},{\"@type\":\"WebSite\",\"@id\":\"https:\/\/apuntesdesanluis.com\/#website\",\"url\":\"https:\/\/apuntesdesanluis.com\/\",\"name\":\"Apuntes de San Luis\",\"description\":\"\",\"publisher\":{\"@id\":\"https:\/\/apuntesdesanluis.com\/#\/schema\/person\/b55151d52296fcce64d1a72538a70b90\"},\"potentialAction\":[{\"@type\":\"SearchAction\",\"target\":{\"@type\":\"EntryPoint\",\"urlTemplate\":\"https:\/\/apuntesdesanluis.com\/?s={search_term_string}\"},\"query-input\":{\"@type\":\"PropertyValueSpecification\",\"valueRequired\":true,\"valueName\":\"search_term_string\"}}],\"inLanguage\":\"es-AR\"},{\"@type\":[\"Person\",\"Organization\"],\"@id\":\"https:\/\/apuntesdesanluis.com\/#\/schema\/person\/b55151d52296fcce64d1a72538a70b90\",\"name\":\"apuntesdesanluis.com\",\"image\":{\"@type\":\"ImageObject\",\"inLanguage\":\"es-AR\",\"@id\":\"https:\/\/apuntesdesanluis.com\/#\/schema\/person\/image\/\",\"url\":\"https:\/\/apuntesdesanluis.com\/wp-content\/uploads\/2023\/07\/cropped-apuntesdesanluis.png\",\"contentUrl\":\"https:\/\/apuntesdesanluis.com\/wp-content\/uploads\/2023\/07\/cropped-apuntesdesanluis.png\",\"width\":450,\"height\":112,\"caption\":\"apuntesdesanluis.com\"},\"logo\":{\"@id\":\"https:\/\/apuntesdesanluis.com\/#\/schema\/person\/image\/\"},\"sameAs\":[\"https:\/\/apuntesdesanluis.com\"],\"url\":\"https:\/\/apuntesdesanluis.com\/index.php\/author\/apuntesdesanluis-com\/\"}]}<\/script>\n<!-- \/ Yoast SEO plugin. -->","yoast_head_json":{"title":"ORGANIZAN UNA JORNADA DE TURISMO RELIGIOSO EN LA VILLA DE MERLO - Apuntes de San Luis","robots":{"index":"index","follow":"follow","max-snippet":"max-snippet:-1","max-image-preview":"max-image-preview:large","max-video-preview":"max-video-preview:-1"},"canonical":"https:\/\/apuntesdesanluis.com\/index.php\/2023\/11\/06\/organizan-una-jornada-de-turismo-religioso-en-la-villa-de-merlo\/","og_locale":"es_ES","og_type":"article","og_title":"ORGANIZAN UNA JORNADA DE TURISMO RELIGIOSO EN LA VILLA DE MERLO - Apuntes de San Luis","og_description":"Este evento organizado por la Municipalidad a trav\u00e9s de la Secretaria de Gesti\u00f3n, Calidad y...","og_url":"https:\/\/apuntesdesanluis.com\/index.php\/2023\/11\/06\/organizan-una-jornada-de-turismo-religioso-en-la-villa-de-merlo\/","og_site_name":"Apuntes de San Luis","article_published_time":"2023-11-07T00:22:18+00:00","article_modified_time":"2023-11-07T00:23:14+00:00","og_image":[{"width":587,"height":337,"url":"https:\/\/apuntesdesanluis.com\/wp-content\/uploads\/2023\/11\/jORNADA-TURISMO-RELIGIOSO.jpg","type":"image\/jpeg"}],"author":"apuntesdesanluis.com","twitter_card":"summary_large_image","twitter_misc":{"Escrito por":"apuntesdesanluis.com","Tiempo de lectura":"3 minutos"},"schema":{"@context":"https:\/\/schema.org","@graph":[{"@type":"Article","@id":"https:\/\/apuntesdesanluis.com\/index.php\/2023\/11\/06\/organizan-una-jornada-de-turismo-religioso-en-la-villa-de-merlo\/#article","isPartOf":{"@id":"https:\/\/apuntesdesanluis.com\/index.php\/2023\/11\/06\/organizan-una-jornada-de-turismo-religioso-en-la-villa-de-merlo\/"},"author":{"name":"apuntesdesanluis.com","@id":"https:\/\/apuntesdesanluis.com\/#\/schema\/person\/b55151d52296fcce64d1a72538a70b90"},"headline":"ORGANIZAN UNA JORNADA DE TURISMO RELIGIOSO EN LA VILLA DE MERLO","datePublished":"2023-11-07T00:22:18+00:00","dateModified":"2023-11-07T00:23:14+00:00","mainEntityOfPage":{"@id":"https:\/\/apuntesdesanluis.com\/index.php\/2023\/11\/06\/organizan-una-jornada-de-turismo-religioso-en-la-villa-de-merlo\/"},"wordCount":557,"publisher":{"@id":"https:\/\/apuntesdesanluis.com\/#\/schema\/person\/b55151d52296fcce64d1a72538a70b90"},"image":{"@id":"https:\/\/apuntesdesanluis.com\/index.php\/2023\/11\/06\/organizan-una-jornada-de-turismo-religioso-en-la-villa-de-merlo\/#primaryimage"},"thumbnailUrl":"https:\/\/apuntesdesanluis.com\/wp-content\/uploads\/2023\/11\/jORNADA-TURISMO-RELIGIOSO.jpg","articleSection":["Ciudad\/Provincia"],"inLanguage":"es-AR"},{"@type":"WebPage","@id":"https:\/\/apuntesdesanluis.com\/index.php\/2023\/11\/06\/organizan-una-jornada-de-turismo-religioso-en-la-villa-de-merlo\/","url":"https:\/\/apuntesdesanluis.com\/index.php\/2023\/11\/06\/organizan-una-jornada-de-turismo-religioso-en-la-villa-de-merlo\/","name":"ORGANIZAN UNA JORNADA DE TURISMO RELIGIOSO EN LA VILLA DE MERLO - Apuntes de San Luis","isPartOf":{"@id":"https:\/\/apuntesdesanluis.com\/#website"},"primaryImageOfPage":{"@id":"https:\/\/apuntesdesanluis.com\/index.php\/2023\/11\/06\/organizan-una-jornada-de-turismo-religioso-en-la-villa-de-merlo\/#primaryimage"},"image":{"@id":"https:\/\/apuntesdesanluis.com\/index.php\/2023\/11\/06\/organizan-una-jornada-de-turismo-religioso-en-la-villa-de-merlo\/#primaryimage"},"thumbnailUrl":"https:\/\/apuntesdesanluis.com\/wp-content\/uploads\/2023\/11\/jORNADA-TURISMO-RELIGIOSO.jpg","datePublished":"2023-11-07T00:22:18+00:00","dateModified":"2023-11-07T00:23:14+00:00","breadcrumb":{"@id":"https:\/\/apuntesdesanluis.com\/index.php\/2023\/11\/06\/organizan-una-jornada-de-turismo-religioso-en-la-villa-de-merlo\/#breadcrumb"},"inLanguage":"es-AR","potentialAction":[{"@type":"ReadAction","target":["https:\/\/apuntesdesanluis.com\/index.php\/2023\/11\/06\/organizan-una-jornada-de-turismo-religioso-en-la-villa-de-merlo\/"]}]},{"@type":"ImageObject","inLanguage":"es-AR","@id":"https:\/\/apuntesdesanluis.com\/index.php\/2023\/11\/06\/organizan-una-jornada-de-turismo-religioso-en-la-villa-de-merlo\/#primaryimage","url":"https:\/\/apuntesdesanluis.com\/wp-content\/uploads\/2023\/11\/jORNADA-TURISMO-RELIGIOSO.jpg","contentUrl":"https:\/\/apuntesdesanluis.com\/wp-content\/uploads\/2023\/11\/jORNADA-TURISMO-RELIGIOSO.jpg","width":587,"height":337},{"@type":"BreadcrumbList","@id":"https:\/\/apuntesdesanluis.com\/index.php\/2023\/11\/06\/organizan-una-jornada-de-turismo-religioso-en-la-villa-de-merlo\/#breadcrumb","itemListElement":[{"@type":"ListItem","position":1,"name":"Inicio","item":"https:\/\/apuntesdesanluis.com\/"},{"@type":"ListItem","position":2,"name":"ORGANIZAN UNA JORNADA DE TURISMO RELIGIOSO EN LA VILLA DE MERLO"}]},{"@type":"WebSite","@id":"https:\/\/apuntesdesanluis.com\/#website","url":"https:\/\/apuntesdesanluis.com\/","name":"Apuntes de San Luis","description":"","publisher":{"@id":"https:\/\/apuntesdesanluis.com\/#\/schema\/person\/b55151d52296fcce64d1a72538a70b90"},"potentialAction":[{"@type":"SearchAction","target":{"@type":"EntryPoint","urlTemplate":"https:\/\/apuntesdesanluis.com\/?s={search_term_string}"},"query-input":{"@type":"PropertyValueSpecification","valueRequired":true,"valueName":"search_term_string"}}],"inLanguage":"es-AR"},{"@type":["Person","Organization"],"@id":"https:\/\/apuntesdesanluis.com\/#\/schema\/person\/b55151d52296fcce64d1a72538a70b90","name":"apuntesdesanluis.com","image":{"@type":"ImageObject","inLanguage":"es-AR","@id":"https:\/\/apuntesdesanluis.com\/#\/schema\/person\/image\/","url":"https:\/\/apuntesdesanluis.com\/wp-content\/uploads\/2023\/07\/cropped-apuntesdesanluis.png","contentUrl":"https:\/\/apuntesdesanluis.com\/wp-content\/uploads\/2023\/07\/cropped-apuntesdesanluis.png","width":450,"height":112,"caption":"apuntesdesanluis.com"},"logo":{"@id":"https:\/\/apuntesdesanluis.com\/#\/schema\/person\/image\/"},"sameAs":["https:\/\/apuntesdesanluis.com"],"url":"https:\/\/apuntesdesanluis.com\/index.php\/author\/apuntesdesanluis-com\/"}]}},"featured_image_urls":{"full":["https:\/\/apuntesdesanluis.com\/wp-content\/uploads\/2023\/11\/jORNADA-TURISMO-RELIGIOSO.jpg",587,337,false],"thumbnail":["https:\/\/apuntesdesanluis.com\/wp-content\/uploads\/2023\/11\/jORNADA-TURISMO-RELIGIOSO-150x150.jpg",150,150,true],"medium":["https:\/\/apuntesdesanluis.com\/wp-content\/uploads\/2023\/11\/jORNADA-TURISMO-RELIGIOSO-300x172.jpg",300,172,true],"medium_large":["https:\/\/apuntesdesanluis.com\/wp-content\/uploads\/2023\/11\/jORNADA-TURISMO-RELIGIOSO.jpg",587,337,false],"large":["https:\/\/apuntesdesanluis.com\/wp-content\/uploads\/2023\/11\/jORNADA-TURISMO-RELIGIOSO.jpg",587,337,false],"1536x1536":["https:\/\/apuntesdesanluis.com\/wp-content\/uploads\/2023\/11\/jORNADA-TURISMO-RELIGIOSO.jpg",587,337,false],"2048x2048":["https:\/\/apuntesdesanluis.com\/wp-content\/uploads\/2023\/11\/jORNADA-TURISMO-RELIGIOSO.jpg",587,337,false],"newsever-slider-full":["https:\/\/apuntesdesanluis.com\/wp-content\/uploads\/2023\/11\/jORNADA-TURISMO-RELIGIOSO.jpg",587,337,false],"newsever-featured":["https:\/\/apuntesdesanluis.com\/wp-content\/uploads\/2023\/11\/jORNADA-TURISMO-RELIGIOSO.jpg",587,337,false],"newsever-medium":["https:\/\/apuntesdesanluis.com\/wp-content\/uploads\/2023\/11\/jORNADA-TURISMO-RELIGIOSO.jpg",587,337,false]},"author_info":{"display_name":"apuntesdesanluis.com","author_link":"https:\/\/apuntesdesanluis.com\/index.php\/author\/apuntesdesanluis-com\/"},"category_info":"<a href=\"https:\/\/apuntesdesanluis.com\/index.php\/category\/ciudad-provincia\/\" rel=\"category tag\">Ciudad\/Provincia<\/a>","tag_info":"Ciudad\/Provincia","comment_count":"0","_links":{"self":[{"href":"https:\/\/apuntesdesanluis.com\/index.php\/wp-json\/wp\/v2\/posts\/6405","targetHints":{"allow":["GET"]}}],"collection":[{"href":"https:\/\/apuntesdesanluis.com\/index.php\/wp-json\/wp\/v2\/posts"}],"about":[{"href":"https:\/\/apuntesdesanluis.com\/index.php\/wp-json\/wp\/v2\/types\/post"}],"author":[{"embeddable":true,"href":"https:\/\/apuntesdesanluis.com\/index.php\/wp-json\/wp\/v2\/users\/1"}],"replies":[{"embeddable":true,"href":"https:\/\/apuntesdesanluis.com\/index.php\/wp-json\/wp\/v2\/comments?post=6405"}],"version-history":[{"count":2,"href":"https:\/\/apuntesdesanluis.com\/index.php\/wp-json\/wp\/v2\/posts\/6405\/revisions"}],"predecessor-version":[{"id":6408,"href":"https:\/\/apuntesdesanluis.com\/index.php\/wp-json\/wp\/v2\/posts\/6405\/revisions\/6408"}],"wp:featuredmedia":[{"embeddable":true,"href":"https:\/\/apuntesdesanluis.com\/index.php\/wp-json\/wp\/v2\/media\/6406"}],"wp:attachment":[{"href":"https:\/\/apuntesdesanluis.com\/index.php\/wp-json\/wp\/v2\/media?parent=6405"}],"wp:term":[{"taxonomy":"category","embeddable":true,"href":"https:\/\/apuntesdesanluis.com\/index.php\/wp-json\/wp\/v2\/categories?post=6405"},{"taxonomy":"post_tag","embeddable":true,"href":"https:\/\/apuntesdesanluis.com\/index.php\/wp-json\/wp\/v2\/tags?post=6405"}],"curies":[{"name":"wp","href":"https:\/\/api.w.org\/{rel}","templated":true}]}}