{"id":6409,"date":"2023-11-06T21:32:17","date_gmt":"2023-11-07T00:32:17","guid":{"rendered":"https:\/\/apuntesdesanluis.com\/?p=6409"},"modified":"2023-11-06T21:32:17","modified_gmt":"2023-11-07T00:32:17","slug":"comenzo-a-juzgarse-a-un-hombre-que-le-dio-una-brutal-paliza-a-otro-en-justo-daract","status":"publish","type":"post","link":"https:\/\/apuntesdesanluis.com\/index.php\/2023\/11\/06\/comenzo-a-juzgarse-a-un-hombre-que-le-dio-una-brutal-paliza-a-otro-en-justo-daract\/","title":{"rendered":"COMENZ\u00d3 A JUZGARSE A UN HOMBRE QUE LE DIO UNA BRUTAL PALIZA A OTRO EN JUSTO DARACT"},"content":{"rendered":"<h3>El juicio inici\u00f3 con la lectura de la acusaci\u00f3n fiscal en la Sala de Juicios Orales N\u00ba 2 del edificio judicial mercedino.<\/h3>\n<h3>Este lunes el tribunal integrado por la Dra. Daniela Estrada y los Dres. Mauro Germ\u00e1n D\u00b4Agata Henr\u00edquez y Sebastian Cadelago Filippi, comenz\u00f3 a juzgar a un hombre por el delito de lesiones graves. La causa tramita en la C\u00e1mara Penal N\u00ba 2 (residual).<\/h3>\n<h3>Como fiscal de Juicio intervino el Dr. Ernesto Lutens. En representaci\u00f3n de la defensa del acusado actu\u00f3 el Dr. Vicente Cuesta y representando al particular damnificado el Dr. Julio Fernadez Triches.<\/h3>\n<h3>El hecho por el que est\u00e1 siendo juzgado un hombre, ocurri\u00f3 en la localidad de Justo Daract en junio de 2018. Seg\u00fan lo descripto en la acusaci\u00f3n de primera instancia, ese d\u00eda el imputado se estaba retirando de un bar y se encontr\u00f3 con la v\u00edctima con quien habr\u00eda mantenido una discusi\u00f3n. Luego, en una plazoleta de la localidad, el acusado con un objeto contundente habr\u00eda golpeado a la v\u00edctima\u00a0 en varias partes del lado derecho del cuerpo y en ambos miembros inferiores, y se habr\u00eda retirado del lugar dej\u00e1ndolo tirado.<\/h3>\n<h3>El damnificado debi\u00f3 ser socorrido por otras personas quienes lo trasladaron al hospital.<\/h3>\n<h3>Como consecuencia de\u00a0 los golpes, sufri\u00f3 una fractura bilateral de peron\u00e9 en m\u00faltiples fracciones y varios\u00a0 hematomas en la regi\u00f3n occipital derecha, debajo del omoplato derecho y en la cadera derecha, por lo que tuvo que recibir atenci\u00f3n quir\u00fargica, provoc\u00e1ndole m\u00e1s de treinta d\u00edas de inhabilitaci\u00f3n laboral en esa oportunidad.<\/h3>\n<h3>El debate continuar\u00e1 este martes, oportunidad en que la fiscal\u00eda podr\u00e1 ampliar la acusaci\u00f3n y\u00a0 las partes podr\u00e1n expresar cuestiones preliminares, si as\u00ed lo requieren.<\/h3>\n<p>&nbsp;<\/p>\n<p>&nbsp;<\/p>\n<p>&nbsp;<\/p>\n","protected":false},"excerpt":{"rendered":"<p>El juicio inici\u00f3 con la lectura de la acusaci\u00f3n fiscal en la Sala de Juicios&#8230;<\/p>\n","protected":false},"author":1,"featured_media":6410,"comment_status":"closed","ping_status":"closed","sticky":false,"template":"","format":"standard","meta":{"footnotes":""},"categories":[6],"tags":[],"class_list":["post-6409","post","type-post","status-publish","format-standard","has-post-thumbnail","hentry","category-ciudad-provincia"],"yoast_head":"<!-- This site is optimized with the Yoast SEO plugin v26.1.1 - https:\/\/yoast.com\/wordpress\/plugins\/seo\/ -->\n<title>COMENZ\u00d3 A JUZGARSE A UN HOMBRE QUE LE DIO UNA BRUTAL PALIZA A OTRO EN JUSTO DARACT - Apuntes de San Luis<\/title>\n<meta name=\"robots\" content=\"index, follow, max-snippet:-1, max-image-preview:large, max-video-preview:-1\" \/>\n<link rel=\"canonical\" href=\"https:\/\/apuntesdesanluis.com\/index.php\/2023\/11\/06\/comenzo-a-juzgarse-a-un-hombre-que-le-dio-una-brutal-paliza-a-otro-en-justo-daract\/\" \/>\n<meta property=\"og:locale\" content=\"es_ES\" \/>\n<meta property=\"og:type\" content=\"article\" \/>\n<meta property=\"og:title\" content=\"COMENZ\u00d3 A JUZGARSE A UN HOMBRE QUE LE DIO UNA BRUTAL PALIZA A OTRO EN JUSTO DARACT - Apuntes de San Luis\" \/>\n<meta property=\"og:description\" content=\"El juicio inici\u00f3 con la lectura de la acusaci\u00f3n fiscal en la Sala de Juicios...\" \/>\n<meta property=\"og:url\" content=\"https:\/\/apuntesdesanluis.com\/index.php\/2023\/11\/06\/comenzo-a-juzgarse-a-un-hombre-que-le-dio-una-brutal-paliza-a-otro-en-justo-daract\/\" \/>\n<meta property=\"og:site_name\" content=\"Apuntes de San Luis\" \/>\n<meta property=\"article:published_time\" content=\"2023-11-07T00:32:17+00:00\" \/>\n<meta property=\"og:image\" content=\"https:\/\/apuntesdesanluis.com\/wp-content\/uploads\/2023\/11\/juicio-2.png\" \/>\n\t<meta property=\"og:image:width\" content=\"600\" \/>\n\t<meta property=\"og:image:height\" content=\"343\" \/>\n\t<meta property=\"og:image:type\" content=\"image\/png\" \/>\n<meta name=\"author\" content=\"apuntesdesanluis.com\" \/>\n<meta name=\"twitter:card\" content=\"summary_large_image\" \/>\n<meta name=\"twitter:label1\" content=\"Escrito por\" \/>\n\t<meta name=\"twitter:data1\" content=\"apuntesdesanluis.com\" \/>\n\t<meta name=\"twitter:label2\" content=\"Tiempo de lectura\" \/>\n\t<meta name=\"twitter:data2\" content=\"2 minutos\" \/>\n<script type=\"application\/ld+json\" class=\"yoast-schema-graph\">{\"@context\":\"https:\/\/schema.org\",\"@graph\":[{\"@type\":\"Article\",\"@id\":\"https:\/\/apuntesdesanluis.com\/index.php\/2023\/11\/06\/comenzo-a-juzgarse-a-un-hombre-que-le-dio-una-brutal-paliza-a-otro-en-justo-daract\/#article\",\"isPartOf\":{\"@id\":\"https:\/\/apuntesdesanluis.com\/index.php\/2023\/11\/06\/comenzo-a-juzgarse-a-un-hombre-que-le-dio-una-brutal-paliza-a-otro-en-justo-daract\/\"},\"author\":{\"name\":\"apuntesdesanluis.com\",\"@id\":\"https:\/\/apuntesdesanluis.com\/#\/schema\/person\/b55151d52296fcce64d1a72538a70b90\"},\"headline\":\"COMENZ\u00d3 A JUZGARSE A UN HOMBRE QUE LE DIO UNA BRUTAL PALIZA A OTRO EN JUSTO DARACT\",\"datePublished\":\"2023-11-07T00:32:17+00:00\",\"mainEntityOfPage\":{\"@id\":\"https:\/\/apuntesdesanluis.com\/index.php\/2023\/11\/06\/comenzo-a-juzgarse-a-un-hombre-que-le-dio-una-brutal-paliza-a-otro-en-justo-daract\/\"},\"wordCount\":319,\"publisher\":{\"@id\":\"https:\/\/apuntesdesanluis.com\/#\/schema\/person\/b55151d52296fcce64d1a72538a70b90\"},\"image\":{\"@id\":\"https:\/\/apuntesdesanluis.com\/index.php\/2023\/11\/06\/comenzo-a-juzgarse-a-un-hombre-que-le-dio-una-brutal-paliza-a-otro-en-justo-daract\/#primaryimage\"},\"thumbnailUrl\":\"https:\/\/apuntesdesanluis.com\/wp-content\/uploads\/2023\/11\/juicio-2.png\",\"articleSection\":[\"Ciudad\/Provincia\"],\"inLanguage\":\"es-AR\"},{\"@type\":\"WebPage\",\"@id\":\"https:\/\/apuntesdesanluis.com\/index.php\/2023\/11\/06\/comenzo-a-juzgarse-a-un-hombre-que-le-dio-una-brutal-paliza-a-otro-en-justo-daract\/\",\"url\":\"https:\/\/apuntesdesanluis.com\/index.php\/2023\/11\/06\/comenzo-a-juzgarse-a-un-hombre-que-le-dio-una-brutal-paliza-a-otro-en-justo-daract\/\",\"name\":\"COMENZ\u00d3 A JUZGARSE A UN HOMBRE QUE LE DIO UNA BRUTAL PALIZA A OTRO EN JUSTO DARACT - Apuntes de San Luis\",\"isPartOf\":{\"@id\":\"https:\/\/apuntesdesanluis.com\/#website\"},\"primaryImageOfPage\":{\"@id\":\"https:\/\/apuntesdesanluis.com\/index.php\/2023\/11\/06\/comenzo-a-juzgarse-a-un-hombre-que-le-dio-una-brutal-paliza-a-otro-en-justo-daract\/#primaryimage\"},\"image\":{\"@id\":\"https:\/\/apuntesdesanluis.com\/index.php\/2023\/11\/06\/comenzo-a-juzgarse-a-un-hombre-que-le-dio-una-brutal-paliza-a-otro-en-justo-daract\/#primaryimage\"},\"thumbnailUrl\":\"https:\/\/apuntesdesanluis.com\/wp-content\/uploads\/2023\/11\/juicio-2.png\",\"datePublished\":\"2023-11-07T00:32:17+00:00\",\"breadcrumb\":{\"@id\":\"https:\/\/apuntesdesanluis.com\/index.php\/2023\/11\/06\/comenzo-a-juzgarse-a-un-hombre-que-le-dio-una-brutal-paliza-a-otro-en-justo-daract\/#breadcrumb\"},\"inLanguage\":\"es-AR\",\"potentialAction\":[{\"@type\":\"ReadAction\",\"target\":[\"https:\/\/apuntesdesanluis.com\/index.php\/2023\/11\/06\/comenzo-a-juzgarse-a-un-hombre-que-le-dio-una-brutal-paliza-a-otro-en-justo-daract\/\"]}]},{\"@type\":\"ImageObject\",\"inLanguage\":\"es-AR\",\"@id\":\"https:\/\/apuntesdesanluis.com\/index.php\/2023\/11\/06\/comenzo-a-juzgarse-a-un-hombre-que-le-dio-una-brutal-paliza-a-otro-en-justo-daract\/#primaryimage\",\"url\":\"https:\/\/apuntesdesanluis.com\/wp-content\/uploads\/2023\/11\/juicio-2.png\",\"contentUrl\":\"https:\/\/apuntesdesanluis.com\/wp-content\/uploads\/2023\/11\/juicio-2.png\",\"width\":600,\"height\":343},{\"@type\":\"BreadcrumbList\",\"@id\":\"https:\/\/apuntesdesanluis.com\/index.php\/2023\/11\/06\/comenzo-a-juzgarse-a-un-hombre-que-le-dio-una-brutal-paliza-a-otro-en-justo-daract\/#breadcrumb\",\"itemListElement\":[{\"@type\":\"ListItem\",\"position\":1,\"name\":\"Inicio\",\"item\":\"https:\/\/apuntesdesanluis.com\/\"},{\"@type\":\"ListItem\",\"position\":2,\"name\":\"COMENZ\u00d3 A JUZGARSE A UN HOMBRE QUE LE DIO UNA BRUTAL PALIZA A OTRO EN JUSTO DARACT\"}]},{\"@type\":\"WebSite\",\"@id\":\"https:\/\/apuntesdesanluis.com\/#website\",\"url\":\"https:\/\/apuntesdesanluis.com\/\",\"name\":\"Apuntes de San Luis\",\"description\":\"\",\"publisher\":{\"@id\":\"https:\/\/apuntesdesanluis.com\/#\/schema\/person\/b55151d52296fcce64d1a72538a70b90\"},\"potentialAction\":[{\"@type\":\"SearchAction\",\"target\":{\"@type\":\"EntryPoint\",\"urlTemplate\":\"https:\/\/apuntesdesanluis.com\/?s={search_term_string}\"},\"query-input\":{\"@type\":\"PropertyValueSpecification\",\"valueRequired\":true,\"valueName\":\"search_term_string\"}}],\"inLanguage\":\"es-AR\"},{\"@type\":[\"Person\",\"Organization\"],\"@id\":\"https:\/\/apuntesdesanluis.com\/#\/schema\/person\/b55151d52296fcce64d1a72538a70b90\",\"name\":\"apuntesdesanluis.com\",\"image\":{\"@type\":\"ImageObject\",\"inLanguage\":\"es-AR\",\"@id\":\"https:\/\/apuntesdesanluis.com\/#\/schema\/person\/image\/\",\"url\":\"https:\/\/apuntesdesanluis.com\/wp-content\/uploads\/2023\/07\/cropped-apuntesdesanluis.png\",\"contentUrl\":\"https:\/\/apuntesdesanluis.com\/wp-content\/uploads\/2023\/07\/cropped-apuntesdesanluis.png\",\"width\":450,\"height\":112,\"caption\":\"apuntesdesanluis.com\"},\"logo\":{\"@id\":\"https:\/\/apuntesdesanluis.com\/#\/schema\/person\/image\/\"},\"sameAs\":[\"https:\/\/apuntesdesanluis.com\"],\"url\":\"https:\/\/apuntesdesanluis.com\/index.php\/author\/apuntesdesanluis-com\/\"}]}<\/script>\n<!-- \/ Yoast SEO plugin. -->","yoast_head_json":{"title":"COMENZ\u00d3 A JUZGARSE A UN HOMBRE QUE LE DIO UNA BRUTAL PALIZA A OTRO EN JUSTO DARACT - Apuntes de San Luis","robots":{"index":"index","follow":"follow","max-snippet":"max-snippet:-1","max-image-preview":"max-image-preview:large","max-video-preview":"max-video-preview:-1"},"canonical":"https:\/\/apuntesdesanluis.com\/index.php\/2023\/11\/06\/comenzo-a-juzgarse-a-un-hombre-que-le-dio-una-brutal-paliza-a-otro-en-justo-daract\/","og_locale":"es_ES","og_type":"article","og_title":"COMENZ\u00d3 A JUZGARSE A UN HOMBRE QUE LE DIO UNA BRUTAL PALIZA A OTRO EN JUSTO DARACT - Apuntes de San Luis","og_description":"El juicio inici\u00f3 con la lectura de la acusaci\u00f3n fiscal en la Sala de Juicios...","og_url":"https:\/\/apuntesdesanluis.com\/index.php\/2023\/11\/06\/comenzo-a-juzgarse-a-un-hombre-que-le-dio-una-brutal-paliza-a-otro-en-justo-daract\/","og_site_name":"Apuntes de San Luis","article_published_time":"2023-11-07T00:32:17+00:00","og_image":[{"width":600,"height":343,"url":"https:\/\/apuntesdesanluis.com\/wp-content\/uploads\/2023\/11\/juicio-2.png","type":"image\/png"}],"author":"apuntesdesanluis.com","twitter_card":"summary_large_image","twitter_misc":{"Escrito por":"apuntesdesanluis.com","Tiempo de lectura":"2 minutos"},"schema":{"@context":"https:\/\/schema.org","@graph":[{"@type":"Article","@id":"https:\/\/apuntesdesanluis.com\/index.php\/2023\/11\/06\/comenzo-a-juzgarse-a-un-hombre-que-le-dio-una-brutal-paliza-a-otro-en-justo-daract\/#article","isPartOf":{"@id":"https:\/\/apuntesdesanluis.com\/index.php\/2023\/11\/06\/comenzo-a-juzgarse-a-un-hombre-que-le-dio-una-brutal-paliza-a-otro-en-justo-daract\/"},"author":{"name":"apuntesdesanluis.com","@id":"https:\/\/apuntesdesanluis.com\/#\/schema\/person\/b55151d52296fcce64d1a72538a70b90"},"headline":"COMENZ\u00d3 A JUZGARSE A UN HOMBRE QUE LE DIO UNA BRUTAL PALIZA A OTRO EN JUSTO DARACT","datePublished":"2023-11-07T00:32:17+00:00","mainEntityOfPage":{"@id":"https:\/\/apuntesdesanluis.com\/index.php\/2023\/11\/06\/comenzo-a-juzgarse-a-un-hombre-que-le-dio-una-brutal-paliza-a-otro-en-justo-daract\/"},"wordCount":319,"publisher":{"@id":"https:\/\/apuntesdesanluis.com\/#\/schema\/person\/b55151d52296fcce64d1a72538a70b90"},"image":{"@id":"https:\/\/apuntesdesanluis.com\/index.php\/2023\/11\/06\/comenzo-a-juzgarse-a-un-hombre-que-le-dio-una-brutal-paliza-a-otro-en-justo-daract\/#primaryimage"},"thumbnailUrl":"https:\/\/apuntesdesanluis.com\/wp-content\/uploads\/2023\/11\/juicio-2.png","articleSection":["Ciudad\/Provincia"],"inLanguage":"es-AR"},{"@type":"WebPage","@id":"https:\/\/apuntesdesanluis.com\/index.php\/2023\/11\/06\/comenzo-a-juzgarse-a-un-hombre-que-le-dio-una-brutal-paliza-a-otro-en-justo-daract\/","url":"https:\/\/apuntesdesanluis.com\/index.php\/2023\/11\/06\/comenzo-a-juzgarse-a-un-hombre-que-le-dio-una-brutal-paliza-a-otro-en-justo-daract\/","name":"COMENZ\u00d3 A JUZGARSE A UN HOMBRE QUE LE DIO UNA BRUTAL PALIZA A OTRO EN JUSTO DARACT - Apuntes de San Luis","isPartOf":{"@id":"https:\/\/apuntesdesanluis.com\/#website"},"primaryImageOfPage":{"@id":"https:\/\/apuntesdesanluis.com\/index.php\/2023\/11\/06\/comenzo-a-juzgarse-a-un-hombre-que-le-dio-una-brutal-paliza-a-otro-en-justo-daract\/#primaryimage"},"image":{"@id":"https:\/\/apuntesdesanluis.com\/index.php\/2023\/11\/06\/comenzo-a-juzgarse-a-un-hombre-que-le-dio-una-brutal-paliza-a-otro-en-justo-daract\/#primaryimage"},"thumbnailUrl":"https:\/\/apuntesdesanluis.com\/wp-content\/uploads\/2023\/11\/juicio-2.png","datePublished":"2023-11-07T00:32:17+00:00","breadcrumb":{"@id":"https:\/\/apuntesdesanluis.com\/index.php\/2023\/11\/06\/comenzo-a-juzgarse-a-un-hombre-que-le-dio-una-brutal-paliza-a-otro-en-justo-daract\/#breadcrumb"},"inLanguage":"es-AR","potentialAction":[{"@type":"ReadAction","target":["https:\/\/apuntesdesanluis.com\/index.php\/2023\/11\/06\/comenzo-a-juzgarse-a-un-hombre-que-le-dio-una-brutal-paliza-a-otro-en-justo-daract\/"]}]},{"@type":"ImageObject","inLanguage":"es-AR","@id":"https:\/\/apuntesdesanluis.com\/index.php\/2023\/11\/06\/comenzo-a-juzgarse-a-un-hombre-que-le-dio-una-brutal-paliza-a-otro-en-justo-daract\/#primaryimage","url":"https:\/\/apuntesdesanluis.com\/wp-content\/uploads\/2023\/11\/juicio-2.png","contentUrl":"https:\/\/apuntesdesanluis.com\/wp-content\/uploads\/2023\/11\/juicio-2.png","width":600,"height":343},{"@type":"BreadcrumbList","@id":"https:\/\/apuntesdesanluis.com\/index.php\/2023\/11\/06\/comenzo-a-juzgarse-a-un-hombre-que-le-dio-una-brutal-paliza-a-otro-en-justo-daract\/#breadcrumb","itemListElement":[{"@type":"ListItem","position":1,"name":"Inicio","item":"https:\/\/apuntesdesanluis.com\/"},{"@type":"ListItem","position":2,"name":"COMENZ\u00d3 A JUZGARSE A UN HOMBRE QUE LE DIO UNA BRUTAL PALIZA A OTRO EN JUSTO DARACT"}]},{"@type":"WebSite","@id":"https:\/\/apuntesdesanluis.com\/#website","url":"https:\/\/apuntesdesanluis.com\/","name":"Apuntes de San Luis","description":"","publisher":{"@id":"https:\/\/apuntesdesanluis.com\/#\/schema\/person\/b55151d52296fcce64d1a72538a70b90"},"potentialAction":[{"@type":"SearchAction","target":{"@type":"EntryPoint","urlTemplate":"https:\/\/apuntesdesanluis.com\/?s={search_term_string}"},"query-input":{"@type":"PropertyValueSpecification","valueRequired":true,"valueName":"search_term_string"}}],"inLanguage":"es-AR"},{"@type":["Person","Organization"],"@id":"https:\/\/apuntesdesanluis.com\/#\/schema\/person\/b55151d52296fcce64d1a72538a70b90","name":"apuntesdesanluis.com","image":{"@type":"ImageObject","inLanguage":"es-AR","@id":"https:\/\/apuntesdesanluis.com\/#\/schema\/person\/image\/","url":"https:\/\/apuntesdesanluis.com\/wp-content\/uploads\/2023\/07\/cropped-apuntesdesanluis.png","contentUrl":"https:\/\/apuntesdesanluis.com\/wp-content\/uploads\/2023\/07\/cropped-apuntesdesanluis.png","width":450,"height":112,"caption":"apuntesdesanluis.com"},"logo":{"@id":"https:\/\/apuntesdesanluis.com\/#\/schema\/person\/image\/"},"sameAs":["https:\/\/apuntesdesanluis.com"],"url":"https:\/\/apuntesdesanluis.com\/index.php\/author\/apuntesdesanluis-com\/"}]}},"featured_image_urls":{"full":["https:\/\/apuntesdesanluis.com\/wp-content\/uploads\/2023\/11\/juicio-2.png",600,343,false],"thumbnail":["https:\/\/apuntesdesanluis.com\/wp-content\/uploads\/2023\/11\/juicio-2-150x150.png",150,150,true],"medium":["https:\/\/apuntesdesanluis.com\/wp-content\/uploads\/2023\/11\/juicio-2-300x172.png",300,172,true],"medium_large":["https:\/\/apuntesdesanluis.com\/wp-content\/uploads\/2023\/11\/juicio-2.png",600,343,false],"large":["https:\/\/apuntesdesanluis.com\/wp-content\/uploads\/2023\/11\/juicio-2.png",600,343,false],"1536x1536":["https:\/\/apuntesdesanluis.com\/wp-content\/uploads\/2023\/11\/juicio-2.png",600,343,false],"2048x2048":["https:\/\/apuntesdesanluis.com\/wp-content\/uploads\/2023\/11\/juicio-2.png",600,343,false],"newsever-slider-full":["https:\/\/apuntesdesanluis.com\/wp-content\/uploads\/2023\/11\/juicio-2.png",600,343,false],"newsever-featured":["https:\/\/apuntesdesanluis.com\/wp-content\/uploads\/2023\/11\/juicio-2.png",600,343,false],"newsever-medium":["https:\/\/apuntesdesanluis.com\/wp-content\/uploads\/2023\/11\/juicio-2.png",600,343,false]},"author_info":{"display_name":"apuntesdesanluis.com","author_link":"https:\/\/apuntesdesanluis.com\/index.php\/author\/apuntesdesanluis-com\/"},"category_info":"<a href=\"https:\/\/apuntesdesanluis.com\/index.php\/category\/ciudad-provincia\/\" rel=\"category tag\">Ciudad\/Provincia<\/a>","tag_info":"Ciudad\/Provincia","comment_count":"0","_links":{"self":[{"href":"https:\/\/apuntesdesanluis.com\/index.php\/wp-json\/wp\/v2\/posts\/6409","targetHints":{"allow":["GET"]}}],"collection":[{"href":"https:\/\/apuntesdesanluis.com\/index.php\/wp-json\/wp\/v2\/posts"}],"about":[{"href":"https:\/\/apuntesdesanluis.com\/index.php\/wp-json\/wp\/v2\/types\/post"}],"author":[{"embeddable":true,"href":"https:\/\/apuntesdesanluis.com\/index.php\/wp-json\/wp\/v2\/users\/1"}],"replies":[{"embeddable":true,"href":"https:\/\/apuntesdesanluis.com\/index.php\/wp-json\/wp\/v2\/comments?post=6409"}],"version-history":[{"count":1,"href":"https:\/\/apuntesdesanluis.com\/index.php\/wp-json\/wp\/v2\/posts\/6409\/revisions"}],"predecessor-version":[{"id":6411,"href":"https:\/\/apuntesdesanluis.com\/index.php\/wp-json\/wp\/v2\/posts\/6409\/revisions\/6411"}],"wp:featuredmedia":[{"embeddable":true,"href":"https:\/\/apuntesdesanluis.com\/index.php\/wp-json\/wp\/v2\/media\/6410"}],"wp:attachment":[{"href":"https:\/\/apuntesdesanluis.com\/index.php\/wp-json\/wp\/v2\/media?parent=6409"}],"wp:term":[{"taxonomy":"category","embeddable":true,"href":"https:\/\/apuntesdesanluis.com\/index.php\/wp-json\/wp\/v2\/categories?post=6409"},{"taxonomy":"post_tag","embeddable":true,"href":"https:\/\/apuntesdesanluis.com\/index.php\/wp-json\/wp\/v2\/tags?post=6409"}],"curies":[{"name":"wp","href":"https:\/\/api.w.org\/{rel}","templated":true}]}}