{"id":641,"date":"2023-07-28T21:31:37","date_gmt":"2023-07-29T00:31:37","guid":{"rendered":"https:\/\/apuntesdesanluis.com\/?p=641"},"modified":"2023-07-28T21:34:25","modified_gmt":"2023-07-29T00:34:25","slug":"representantes-del-movimiento-nacional-pyme-presentaron-proyecto-a-legisladores-nacionales","status":"publish","type":"post","link":"https:\/\/apuntesdesanluis.com\/index.php\/2023\/07\/28\/representantes-del-movimiento-nacional-pyme-presentaron-proyecto-a-legisladores-nacionales\/","title":{"rendered":"REPRESENTANTES DEL MOVIMIENTO NACIONAL PYME PRESENTARON PROYECTO A LEGISLADORES NACIONALES"},"content":{"rendered":"<h3>Los empresarios <strong>Gustavo Falchi<\/strong> y <strong>Jan Ortlieb<\/strong>, integrantes de la Mesa Federal del \u00a0Movimiento Nacional PyMe (MoNaPy-San Luis), se reunieron este viernes por la noche junto a otros colegas con la senadora nacional <strong>Gabriela Gonz\u00e1lez Riollo<\/strong> y el diputado nacional <strong>Alejandro Cacace, <\/strong>en Villa Mercedes.<\/h3>\n<h3>En la oportunidad efectuaron la presentaci\u00f3n del anteproyecto Ley Federal Pyme a los legisladores nacionales, a quienes comprometieron para que lo apoyen al momento en que sea tratado en el Congreso Nacional.<\/h3>\n<h3>Durante el encuentro explicaron los alcances del proyecto de Ley, los fundamentos y datos emp\u00edricos que\u00a0lo\u00a0sostienen.<\/h3>\n<h3>La propuesta es que a trav\u00e9s de la ley <strong>Fomento Federal de Empleo<\/strong> las PyMes puedan lograr un desendeudamiento total, financiamiento extensivo a tasas razonables, equilibrio en la carga impositiva y en la laboral y la soluci\u00f3n a la problem\u00e1tica de despidos.<\/h3>\n<h3>&#8220;Las PyMEs generan el 70% del empleo y el 42% del PBI. Convierten un peso en veintis\u00e9is y est\u00e1n en cada rinc\u00f3n de la Argentina. Est\u00e1n al 50% de su capacidad ociosa y gozan de 70% de imagen positiva. En un a\u00f1o pueden generar dos millones de puestos de trabajo&#8221;, se\u00f1al\u00f3 Falchi durante la reuni\u00f3n, celebrada en un quincho del barrio privado \u201cLos Caldenes\u201d.<\/h3>\n","protected":false},"excerpt":{"rendered":"<p>Los empresarios Gustavo Falchi y Jan Ortlieb, integrantes de la Mesa Federal del \u00a0Movimiento Nacional&#8230;<\/p>\n","protected":false},"author":1,"featured_media":642,"comment_status":"closed","ping_status":"closed","sticky":false,"template":"","format":"standard","meta":{"footnotes":""},"categories":[6],"tags":[],"class_list":["post-641","post","type-post","status-publish","format-standard","has-post-thumbnail","hentry","category-ciudad-provincia"],"yoast_head":"<!-- This site is optimized with the Yoast SEO plugin v26.1.1 - https:\/\/yoast.com\/wordpress\/plugins\/seo\/ -->\n<title>REPRESENTANTES DEL MOVIMIENTO NACIONAL PYME PRESENTARON PROYECTO A LEGISLADORES NACIONALES - Apuntes de San Luis<\/title>\n<meta name=\"robots\" content=\"index, follow, max-snippet:-1, max-image-preview:large, max-video-preview:-1\" \/>\n<link rel=\"canonical\" href=\"https:\/\/apuntesdesanluis.com\/index.php\/2023\/07\/28\/representantes-del-movimiento-nacional-pyme-presentaron-proyecto-a-legisladores-nacionales\/\" \/>\n<meta property=\"og:locale\" content=\"es_ES\" \/>\n<meta property=\"og:type\" content=\"article\" \/>\n<meta property=\"og:title\" content=\"REPRESENTANTES DEL MOVIMIENTO NACIONAL PYME PRESENTARON PROYECTO A LEGISLADORES NACIONALES - Apuntes de San Luis\" \/>\n<meta property=\"og:description\" content=\"Los empresarios Gustavo Falchi y Jan Ortlieb, integrantes de la Mesa Federal del \u00a0Movimiento Nacional...\" \/>\n<meta property=\"og:url\" content=\"https:\/\/apuntesdesanluis.com\/index.php\/2023\/07\/28\/representantes-del-movimiento-nacional-pyme-presentaron-proyecto-a-legisladores-nacionales\/\" \/>\n<meta property=\"og:site_name\" content=\"Apuntes de San Luis\" \/>\n<meta property=\"article:published_time\" content=\"2023-07-29T00:31:37+00:00\" \/>\n<meta property=\"article:modified_time\" content=\"2023-07-29T00:34:25+00:00\" \/>\n<meta property=\"og:image\" content=\"https:\/\/apuntesdesanluis.com\/wp-content\/uploads\/2023\/07\/EMPRESARIOS-PYMES-CON-RIOLLO-Y-CACACE.jpg\" \/>\n\t<meta property=\"og:image:width\" content=\"596\" \/>\n\t<meta property=\"og:image:height\" content=\"373\" \/>\n\t<meta property=\"og:image:type\" content=\"image\/jpeg\" \/>\n<meta name=\"author\" content=\"apuntesdesanluis.com\" \/>\n<meta name=\"twitter:card\" content=\"summary_large_image\" \/>\n<meta name=\"twitter:label1\" content=\"Escrito por\" \/>\n\t<meta name=\"twitter:data1\" content=\"apuntesdesanluis.com\" \/>\n\t<meta name=\"twitter:label2\" content=\"Tiempo de lectura\" \/>\n\t<meta name=\"twitter:data2\" content=\"1 minuto\" \/>\n<script type=\"application\/ld+json\" class=\"yoast-schema-graph\">{\"@context\":\"https:\/\/schema.org\",\"@graph\":[{\"@type\":\"Article\",\"@id\":\"https:\/\/apuntesdesanluis.com\/index.php\/2023\/07\/28\/representantes-del-movimiento-nacional-pyme-presentaron-proyecto-a-legisladores-nacionales\/#article\",\"isPartOf\":{\"@id\":\"https:\/\/apuntesdesanluis.com\/index.php\/2023\/07\/28\/representantes-del-movimiento-nacional-pyme-presentaron-proyecto-a-legisladores-nacionales\/\"},\"author\":{\"name\":\"apuntesdesanluis.com\",\"@id\":\"https:\/\/apuntesdesanluis.com\/#\/schema\/person\/b55151d52296fcce64d1a72538a70b90\"},\"headline\":\"REPRESENTANTES DEL MOVIMIENTO NACIONAL PYME PRESENTARON PROYECTO A LEGISLADORES NACIONALES\",\"datePublished\":\"2023-07-29T00:31:37+00:00\",\"dateModified\":\"2023-07-29T00:34:25+00:00\",\"mainEntityOfPage\":{\"@id\":\"https:\/\/apuntesdesanluis.com\/index.php\/2023\/07\/28\/representantes-del-movimiento-nacional-pyme-presentaron-proyecto-a-legisladores-nacionales\/\"},\"wordCount\":220,\"publisher\":{\"@id\":\"https:\/\/apuntesdesanluis.com\/#\/schema\/person\/b55151d52296fcce64d1a72538a70b90\"},\"image\":{\"@id\":\"https:\/\/apuntesdesanluis.com\/index.php\/2023\/07\/28\/representantes-del-movimiento-nacional-pyme-presentaron-proyecto-a-legisladores-nacionales\/#primaryimage\"},\"thumbnailUrl\":\"https:\/\/apuntesdesanluis.com\/wp-content\/uploads\/2023\/07\/EMPRESARIOS-PYMES-CON-RIOLLO-Y-CACACE.jpg\",\"articleSection\":[\"Ciudad\/Provincia\"],\"inLanguage\":\"es-AR\"},{\"@type\":\"WebPage\",\"@id\":\"https:\/\/apuntesdesanluis.com\/index.php\/2023\/07\/28\/representantes-del-movimiento-nacional-pyme-presentaron-proyecto-a-legisladores-nacionales\/\",\"url\":\"https:\/\/apuntesdesanluis.com\/index.php\/2023\/07\/28\/representantes-del-movimiento-nacional-pyme-presentaron-proyecto-a-legisladores-nacionales\/\",\"name\":\"REPRESENTANTES DEL MOVIMIENTO NACIONAL PYME PRESENTARON PROYECTO A LEGISLADORES NACIONALES - Apuntes de San Luis\",\"isPartOf\":{\"@id\":\"https:\/\/apuntesdesanluis.com\/#website\"},\"primaryImageOfPage\":{\"@id\":\"https:\/\/apuntesdesanluis.com\/index.php\/2023\/07\/28\/representantes-del-movimiento-nacional-pyme-presentaron-proyecto-a-legisladores-nacionales\/#primaryimage\"},\"image\":{\"@id\":\"https:\/\/apuntesdesanluis.com\/index.php\/2023\/07\/28\/representantes-del-movimiento-nacional-pyme-presentaron-proyecto-a-legisladores-nacionales\/#primaryimage\"},\"thumbnailUrl\":\"https:\/\/apuntesdesanluis.com\/wp-content\/uploads\/2023\/07\/EMPRESARIOS-PYMES-CON-RIOLLO-Y-CACACE.jpg\",\"datePublished\":\"2023-07-29T00:31:37+00:00\",\"dateModified\":\"2023-07-29T00:34:25+00:00\",\"breadcrumb\":{\"@id\":\"https:\/\/apuntesdesanluis.com\/index.php\/2023\/07\/28\/representantes-del-movimiento-nacional-pyme-presentaron-proyecto-a-legisladores-nacionales\/#breadcrumb\"},\"inLanguage\":\"es-AR\",\"potentialAction\":[{\"@type\":\"ReadAction\",\"target\":[\"https:\/\/apuntesdesanluis.com\/index.php\/2023\/07\/28\/representantes-del-movimiento-nacional-pyme-presentaron-proyecto-a-legisladores-nacionales\/\"]}]},{\"@type\":\"ImageObject\",\"inLanguage\":\"es-AR\",\"@id\":\"https:\/\/apuntesdesanluis.com\/index.php\/2023\/07\/28\/representantes-del-movimiento-nacional-pyme-presentaron-proyecto-a-legisladores-nacionales\/#primaryimage\",\"url\":\"https:\/\/apuntesdesanluis.com\/wp-content\/uploads\/2023\/07\/EMPRESARIOS-PYMES-CON-RIOLLO-Y-CACACE.jpg\",\"contentUrl\":\"https:\/\/apuntesdesanluis.com\/wp-content\/uploads\/2023\/07\/EMPRESARIOS-PYMES-CON-RIOLLO-Y-CACACE.jpg\",\"width\":596,\"height\":373},{\"@type\":\"BreadcrumbList\",\"@id\":\"https:\/\/apuntesdesanluis.com\/index.php\/2023\/07\/28\/representantes-del-movimiento-nacional-pyme-presentaron-proyecto-a-legisladores-nacionales\/#breadcrumb\",\"itemListElement\":[{\"@type\":\"ListItem\",\"position\":1,\"name\":\"Inicio\",\"item\":\"https:\/\/apuntesdesanluis.com\/\"},{\"@type\":\"ListItem\",\"position\":2,\"name\":\"REPRESENTANTES DEL MOVIMIENTO NACIONAL PYME PRESENTARON PROYECTO A LEGISLADORES NACIONALES\"}]},{\"@type\":\"WebSite\",\"@id\":\"https:\/\/apuntesdesanluis.com\/#website\",\"url\":\"https:\/\/apuntesdesanluis.com\/\",\"name\":\"Apuntes de San Luis\",\"description\":\"\",\"publisher\":{\"@id\":\"https:\/\/apuntesdesanluis.com\/#\/schema\/person\/b55151d52296fcce64d1a72538a70b90\"},\"potentialAction\":[{\"@type\":\"SearchAction\",\"target\":{\"@type\":\"EntryPoint\",\"urlTemplate\":\"https:\/\/apuntesdesanluis.com\/?s={search_term_string}\"},\"query-input\":{\"@type\":\"PropertyValueSpecification\",\"valueRequired\":true,\"valueName\":\"search_term_string\"}}],\"inLanguage\":\"es-AR\"},{\"@type\":[\"Person\",\"Organization\"],\"@id\":\"https:\/\/apuntesdesanluis.com\/#\/schema\/person\/b55151d52296fcce64d1a72538a70b90\",\"name\":\"apuntesdesanluis.com\",\"image\":{\"@type\":\"ImageObject\",\"inLanguage\":\"es-AR\",\"@id\":\"https:\/\/apuntesdesanluis.com\/#\/schema\/person\/image\/\",\"url\":\"https:\/\/apuntesdesanluis.com\/wp-content\/uploads\/2023\/07\/cropped-apuntesdesanluis.png\",\"contentUrl\":\"https:\/\/apuntesdesanluis.com\/wp-content\/uploads\/2023\/07\/cropped-apuntesdesanluis.png\",\"width\":450,\"height\":112,\"caption\":\"apuntesdesanluis.com\"},\"logo\":{\"@id\":\"https:\/\/apuntesdesanluis.com\/#\/schema\/person\/image\/\"},\"sameAs\":[\"https:\/\/apuntesdesanluis.com\"],\"url\":\"https:\/\/apuntesdesanluis.com\/index.php\/author\/apuntesdesanluis-com\/\"}]}<\/script>\n<!-- \/ Yoast SEO plugin. -->","yoast_head_json":{"title":"REPRESENTANTES DEL MOVIMIENTO NACIONAL PYME PRESENTARON PROYECTO A LEGISLADORES NACIONALES - Apuntes de San Luis","robots":{"index":"index","follow":"follow","max-snippet":"max-snippet:-1","max-image-preview":"max-image-preview:large","max-video-preview":"max-video-preview:-1"},"canonical":"https:\/\/apuntesdesanluis.com\/index.php\/2023\/07\/28\/representantes-del-movimiento-nacional-pyme-presentaron-proyecto-a-legisladores-nacionales\/","og_locale":"es_ES","og_type":"article","og_title":"REPRESENTANTES DEL MOVIMIENTO NACIONAL PYME PRESENTARON PROYECTO A LEGISLADORES NACIONALES - Apuntes de San Luis","og_description":"Los empresarios Gustavo Falchi y Jan Ortlieb, integrantes de la Mesa Federal del \u00a0Movimiento Nacional...","og_url":"https:\/\/apuntesdesanluis.com\/index.php\/2023\/07\/28\/representantes-del-movimiento-nacional-pyme-presentaron-proyecto-a-legisladores-nacionales\/","og_site_name":"Apuntes de San Luis","article_published_time":"2023-07-29T00:31:37+00:00","article_modified_time":"2023-07-29T00:34:25+00:00","og_image":[{"width":596,"height":373,"url":"https:\/\/apuntesdesanluis.com\/wp-content\/uploads\/2023\/07\/EMPRESARIOS-PYMES-CON-RIOLLO-Y-CACACE.jpg","type":"image\/jpeg"}],"author":"apuntesdesanluis.com","twitter_card":"summary_large_image","twitter_misc":{"Escrito por":"apuntesdesanluis.com","Tiempo de lectura":"1 minuto"},"schema":{"@context":"https:\/\/schema.org","@graph":[{"@type":"Article","@id":"https:\/\/apuntesdesanluis.com\/index.php\/2023\/07\/28\/representantes-del-movimiento-nacional-pyme-presentaron-proyecto-a-legisladores-nacionales\/#article","isPartOf":{"@id":"https:\/\/apuntesdesanluis.com\/index.php\/2023\/07\/28\/representantes-del-movimiento-nacional-pyme-presentaron-proyecto-a-legisladores-nacionales\/"},"author":{"name":"apuntesdesanluis.com","@id":"https:\/\/apuntesdesanluis.com\/#\/schema\/person\/b55151d52296fcce64d1a72538a70b90"},"headline":"REPRESENTANTES DEL MOVIMIENTO NACIONAL PYME PRESENTARON PROYECTO A LEGISLADORES NACIONALES","datePublished":"2023-07-29T00:31:37+00:00","dateModified":"2023-07-29T00:34:25+00:00","mainEntityOfPage":{"@id":"https:\/\/apuntesdesanluis.com\/index.php\/2023\/07\/28\/representantes-del-movimiento-nacional-pyme-presentaron-proyecto-a-legisladores-nacionales\/"},"wordCount":220,"publisher":{"@id":"https:\/\/apuntesdesanluis.com\/#\/schema\/person\/b55151d52296fcce64d1a72538a70b90"},"image":{"@id":"https:\/\/apuntesdesanluis.com\/index.php\/2023\/07\/28\/representantes-del-movimiento-nacional-pyme-presentaron-proyecto-a-legisladores-nacionales\/#primaryimage"},"thumbnailUrl":"https:\/\/apuntesdesanluis.com\/wp-content\/uploads\/2023\/07\/EMPRESARIOS-PYMES-CON-RIOLLO-Y-CACACE.jpg","articleSection":["Ciudad\/Provincia"],"inLanguage":"es-AR"},{"@type":"WebPage","@id":"https:\/\/apuntesdesanluis.com\/index.php\/2023\/07\/28\/representantes-del-movimiento-nacional-pyme-presentaron-proyecto-a-legisladores-nacionales\/","url":"https:\/\/apuntesdesanluis.com\/index.php\/2023\/07\/28\/representantes-del-movimiento-nacional-pyme-presentaron-proyecto-a-legisladores-nacionales\/","name":"REPRESENTANTES DEL MOVIMIENTO NACIONAL PYME PRESENTARON PROYECTO A LEGISLADORES NACIONALES - Apuntes de San Luis","isPartOf":{"@id":"https:\/\/apuntesdesanluis.com\/#website"},"primaryImageOfPage":{"@id":"https:\/\/apuntesdesanluis.com\/index.php\/2023\/07\/28\/representantes-del-movimiento-nacional-pyme-presentaron-proyecto-a-legisladores-nacionales\/#primaryimage"},"image":{"@id":"https:\/\/apuntesdesanluis.com\/index.php\/2023\/07\/28\/representantes-del-movimiento-nacional-pyme-presentaron-proyecto-a-legisladores-nacionales\/#primaryimage"},"thumbnailUrl":"https:\/\/apuntesdesanluis.com\/wp-content\/uploads\/2023\/07\/EMPRESARIOS-PYMES-CON-RIOLLO-Y-CACACE.jpg","datePublished":"2023-07-29T00:31:37+00:00","dateModified":"2023-07-29T00:34:25+00:00","breadcrumb":{"@id":"https:\/\/apuntesdesanluis.com\/index.php\/2023\/07\/28\/representantes-del-movimiento-nacional-pyme-presentaron-proyecto-a-legisladores-nacionales\/#breadcrumb"},"inLanguage":"es-AR","potentialAction":[{"@type":"ReadAction","target":["https:\/\/apuntesdesanluis.com\/index.php\/2023\/07\/28\/representantes-del-movimiento-nacional-pyme-presentaron-proyecto-a-legisladores-nacionales\/"]}]},{"@type":"ImageObject","inLanguage":"es-AR","@id":"https:\/\/apuntesdesanluis.com\/index.php\/2023\/07\/28\/representantes-del-movimiento-nacional-pyme-presentaron-proyecto-a-legisladores-nacionales\/#primaryimage","url":"https:\/\/apuntesdesanluis.com\/wp-content\/uploads\/2023\/07\/EMPRESARIOS-PYMES-CON-RIOLLO-Y-CACACE.jpg","contentUrl":"https:\/\/apuntesdesanluis.com\/wp-content\/uploads\/2023\/07\/EMPRESARIOS-PYMES-CON-RIOLLO-Y-CACACE.jpg","width":596,"height":373},{"@type":"BreadcrumbList","@id":"https:\/\/apuntesdesanluis.com\/index.php\/2023\/07\/28\/representantes-del-movimiento-nacional-pyme-presentaron-proyecto-a-legisladores-nacionales\/#breadcrumb","itemListElement":[{"@type":"ListItem","position":1,"name":"Inicio","item":"https:\/\/apuntesdesanluis.com\/"},{"@type":"ListItem","position":2,"name":"REPRESENTANTES DEL MOVIMIENTO NACIONAL PYME PRESENTARON PROYECTO A LEGISLADORES NACIONALES"}]},{"@type":"WebSite","@id":"https:\/\/apuntesdesanluis.com\/#website","url":"https:\/\/apuntesdesanluis.com\/","name":"Apuntes de San Luis","description":"","publisher":{"@id":"https:\/\/apuntesdesanluis.com\/#\/schema\/person\/b55151d52296fcce64d1a72538a70b90"},"potentialAction":[{"@type":"SearchAction","target":{"@type":"EntryPoint","urlTemplate":"https:\/\/apuntesdesanluis.com\/?s={search_term_string}"},"query-input":{"@type":"PropertyValueSpecification","valueRequired":true,"valueName":"search_term_string"}}],"inLanguage":"es-AR"},{"@type":["Person","Organization"],"@id":"https:\/\/apuntesdesanluis.com\/#\/schema\/person\/b55151d52296fcce64d1a72538a70b90","name":"apuntesdesanluis.com","image":{"@type":"ImageObject","inLanguage":"es-AR","@id":"https:\/\/apuntesdesanluis.com\/#\/schema\/person\/image\/","url":"https:\/\/apuntesdesanluis.com\/wp-content\/uploads\/2023\/07\/cropped-apuntesdesanluis.png","contentUrl":"https:\/\/apuntesdesanluis.com\/wp-content\/uploads\/2023\/07\/cropped-apuntesdesanluis.png","width":450,"height":112,"caption":"apuntesdesanluis.com"},"logo":{"@id":"https:\/\/apuntesdesanluis.com\/#\/schema\/person\/image\/"},"sameAs":["https:\/\/apuntesdesanluis.com"],"url":"https:\/\/apuntesdesanluis.com\/index.php\/author\/apuntesdesanluis-com\/"}]}},"featured_image_urls":{"full":["https:\/\/apuntesdesanluis.com\/wp-content\/uploads\/2023\/07\/EMPRESARIOS-PYMES-CON-RIOLLO-Y-CACACE.jpg",596,373,false],"thumbnail":["https:\/\/apuntesdesanluis.com\/wp-content\/uploads\/2023\/07\/EMPRESARIOS-PYMES-CON-RIOLLO-Y-CACACE-150x150.jpg",150,150,true],"medium":["https:\/\/apuntesdesanluis.com\/wp-content\/uploads\/2023\/07\/EMPRESARIOS-PYMES-CON-RIOLLO-Y-CACACE-300x188.jpg",300,188,true],"medium_large":["https:\/\/apuntesdesanluis.com\/wp-content\/uploads\/2023\/07\/EMPRESARIOS-PYMES-CON-RIOLLO-Y-CACACE.jpg",596,373,false],"large":["https:\/\/apuntesdesanluis.com\/wp-content\/uploads\/2023\/07\/EMPRESARIOS-PYMES-CON-RIOLLO-Y-CACACE.jpg",596,373,false],"1536x1536":["https:\/\/apuntesdesanluis.com\/wp-content\/uploads\/2023\/07\/EMPRESARIOS-PYMES-CON-RIOLLO-Y-CACACE.jpg",596,373,false],"2048x2048":["https:\/\/apuntesdesanluis.com\/wp-content\/uploads\/2023\/07\/EMPRESARIOS-PYMES-CON-RIOLLO-Y-CACACE.jpg",596,373,false],"newsever-slider-full":["https:\/\/apuntesdesanluis.com\/wp-content\/uploads\/2023\/07\/EMPRESARIOS-PYMES-CON-RIOLLO-Y-CACACE.jpg",596,373,false],"newsever-featured":["https:\/\/apuntesdesanluis.com\/wp-content\/uploads\/2023\/07\/EMPRESARIOS-PYMES-CON-RIOLLO-Y-CACACE.jpg",596,373,false],"newsever-medium":["https:\/\/apuntesdesanluis.com\/wp-content\/uploads\/2023\/07\/EMPRESARIOS-PYMES-CON-RIOLLO-Y-CACACE.jpg",596,373,false]},"author_info":{"display_name":"apuntesdesanluis.com","author_link":"https:\/\/apuntesdesanluis.com\/index.php\/author\/apuntesdesanluis-com\/"},"category_info":"<a href=\"https:\/\/apuntesdesanluis.com\/index.php\/category\/ciudad-provincia\/\" rel=\"category tag\">Ciudad\/Provincia<\/a>","tag_info":"Ciudad\/Provincia","comment_count":"0","_links":{"self":[{"href":"https:\/\/apuntesdesanluis.com\/index.php\/wp-json\/wp\/v2\/posts\/641","targetHints":{"allow":["GET"]}}],"collection":[{"href":"https:\/\/apuntesdesanluis.com\/index.php\/wp-json\/wp\/v2\/posts"}],"about":[{"href":"https:\/\/apuntesdesanluis.com\/index.php\/wp-json\/wp\/v2\/types\/post"}],"author":[{"embeddable":true,"href":"https:\/\/apuntesdesanluis.com\/index.php\/wp-json\/wp\/v2\/users\/1"}],"replies":[{"embeddable":true,"href":"https:\/\/apuntesdesanluis.com\/index.php\/wp-json\/wp\/v2\/comments?post=641"}],"version-history":[{"count":7,"href":"https:\/\/apuntesdesanluis.com\/index.php\/wp-json\/wp\/v2\/posts\/641\/revisions"}],"predecessor-version":[{"id":649,"href":"https:\/\/apuntesdesanluis.com\/index.php\/wp-json\/wp\/v2\/posts\/641\/revisions\/649"}],"wp:featuredmedia":[{"embeddable":true,"href":"https:\/\/apuntesdesanluis.com\/index.php\/wp-json\/wp\/v2\/media\/642"}],"wp:attachment":[{"href":"https:\/\/apuntesdesanluis.com\/index.php\/wp-json\/wp\/v2\/media?parent=641"}],"wp:term":[{"taxonomy":"category","embeddable":true,"href":"https:\/\/apuntesdesanluis.com\/index.php\/wp-json\/wp\/v2\/categories?post=641"},{"taxonomy":"post_tag","embeddable":true,"href":"https:\/\/apuntesdesanluis.com\/index.php\/wp-json\/wp\/v2\/tags?post=641"}],"curies":[{"name":"wp","href":"https:\/\/api.w.org\/{rel}","templated":true}]}}