{"id":6412,"date":"2023-11-06T21:50:27","date_gmt":"2023-11-07T00:50:27","guid":{"rendered":"https:\/\/apuntesdesanluis.com\/?p=6412"},"modified":"2023-11-06T21:51:44","modified_gmt":"2023-11-07T00:51:44","slug":"promueven-un-programa-para-generar-1-000-nuevos-empleos-industriales","status":"publish","type":"post","link":"https:\/\/apuntesdesanluis.com\/index.php\/2023\/11\/06\/promueven-un-programa-para-generar-1-000-nuevos-empleos-industriales\/","title":{"rendered":"PROMUEVEN UN PROGRAMA PARA GENERAR 1.000 NUEVOS EMPLEOS INDUSTRIALES"},"content":{"rendered":"<h3>El gobernador de San Luis, <strong>Alberto Rodr\u00edguez Sa\u00e1<\/strong>, y el secretario de Industria y Desarrollo Productivo de la Naci\u00f3n, <strong>Jos\u00e9 Ignacio de Mendiguren<\/strong>, firmaron la adhesi\u00f3n al Programa Federal de Fortalecimiento de la Reactivaci\u00f3n Productiva.<\/h3>\n<h3>El objetivo es promover la creaci\u00f3n de puestos de trabajo de calidad en el sector privado, brindando alivio fiscal a los empleadores que aumenten su n\u00f3mina.<\/h3>\n<h3>\u201cEstamos muy contentos de poder llevar adelante este acuerdo y seguir impulsando pol\u00edticas industriales; generando empleo registrado y con una mirada inclusiva en nuestra provincia\u201d, afirm\u00f3 el gobernador, Alberto Rodr\u00edguez Sa\u00e1, luego de firmar la adhesi\u00f3n de la provincia al Programa Federal de Fortalecimiento de la Reactivaci\u00f3n Productiva. Y destac\u00f3: \u201cEn 40 a\u00f1os de democracia, estos han sido los mejores en coordinaci\u00f3n y di\u00e1logo entre la Naci\u00f3n y San Luis\u201d.<\/h3>\n<h3>Por su parte, Jos\u00e9 Ignacio de Mendiguren mencion\u00f3: \u201cEste programa ratifica el compromiso que tiene San Luis con las pol\u00edticas industriales. Es una provincia estrat\u00e9gica, que est\u00e1 en el centro del pa\u00eds, que siempre ha logrado retener industrias con pol\u00edticas activas, y por eso es muy significativo para nosotros ayudarlos y articular medidas en conjunto con el fin de que se radiquen m\u00e1s empresas y se genere m\u00e1s empleo de calidad en sectores productivos clave. Es parte de la decisi\u00f3n pol\u00edtica que marc\u00f3 desde el primer d\u00eda el ministro Sergio Massa y que sostuvimos a pesar de todos los inconvenientes, de nunca abandonar las pol\u00edticas industriales que nos van a llevar al desarrollo definitivo del pa\u00eds\u201d.<\/h3>\n<h3>El ministro de Producci\u00f3n de San Luis, Marcelo Amitrano, tambi\u00e9n asisti\u00f3 al encuentro. \u201cEste acompa\u00f1amiento de Naci\u00f3n a las empresas que generen nuevos puestos de trabajo apalanca las iniciativas que llevamos adelante desde la provincia. Y tambi\u00e9n suma a la pol\u00edtica de fomento a las inversiones con la nueva ley provincial que exime de impuestos a quienes realizan inversiones\u201d, coment\u00f3.<\/h3>\n<p><img fetchpriority=\"high\" decoding=\"async\" class=\"wp-image-6416 aligncenter\" src=\"https:\/\/apuntesdesanluis.com\/wp-content\/uploads\/2023\/11\/REUNION-2-300x152.png\" alt=\"\" width=\"801\" height=\"406\" srcset=\"https:\/\/apuntesdesanluis.com\/wp-content\/uploads\/2023\/11\/REUNION-2-300x152.png 300w, https:\/\/apuntesdesanluis.com\/wp-content\/uploads\/2023\/11\/REUNION-2.png 600w\" sizes=\"(max-width: 801px) 100vw, 801px\" \/><\/p>\n<h3>Seg\u00fan datos del Instituto Nacional de Estad\u00edsticas y Censos (INDEC), la tasa de desocupaci\u00f3n de San Luis en el segundo trimestre fue del 2,3% y fue una de las m\u00e1s bajas del pa\u00eds. En agosto, el empleo registrado privado en la provincia fue de m\u00e1s de 55.400 trabajadores y se encuentra en los m\u00e1s altos desde finales de 2017.<\/h3>\n<h3>Dicho programa tiene como objetivo la creaci\u00f3n de 1000 nuevos puestos de trabajo industriales, mediante aportes no reembolsables durante 24 meses, en los sectores textil, calzado y la cadena de valor del pl\u00e1stico, adem\u00e1s de empresas PYME que elaboren productos alimenticios.<\/h3>\n<h3>Por cada nueva contrataci\u00f3n de jornada completa, el empleador recibir\u00e1 un aporte no reembolsable para el pago de las contribuciones patronales durante 18 meses, que se abona a trav\u00e9s de cuotas mensuales. En caso de que se contrate a una trabajadora mujer o persona travesti, transexual o transg\u00e9nero, el alivio fiscal que impulsa la Secretar\u00eda de Industria y Desarrollo Productivo ser\u00e1 mayor. Si las contrataciones son a jornada parcial, se aplica el 50% del monto del beneficio.<\/h3>\n<h3>En el encuentro tambi\u00e9n estuvieron la directora nacional de Desarrollo Regional y Sectorial, Mar\u00eda Sol Pasqualini; y la directora de Desarrollo Regional, Yanina Busquet.<\/h3>\n<p>&nbsp;<\/p>\n<p>&nbsp;<\/p>\n<p>&nbsp;<\/p>\n<p>&nbsp;<\/p>\n","protected":false},"excerpt":{"rendered":"<p>El gobernador de San Luis, Alberto Rodr\u00edguez Sa\u00e1, y el secretario de Industria y Desarrollo&#8230;<\/p>\n","protected":false},"author":1,"featured_media":6413,"comment_status":"closed","ping_status":"closed","sticky":false,"template":"","format":"standard","meta":{"footnotes":""},"categories":[6],"tags":[],"class_list":["post-6412","post","type-post","status-publish","format-standard","has-post-thumbnail","hentry","category-ciudad-provincia"],"yoast_head":"<!-- This site is optimized with the Yoast SEO plugin v26.1.1 - https:\/\/yoast.com\/wordpress\/plugins\/seo\/ -->\n<title>PROMUEVEN UN PROGRAMA PARA GENERAR 1.000 NUEVOS EMPLEOS INDUSTRIALES - Apuntes de San Luis<\/title>\n<meta name=\"robots\" content=\"index, follow, max-snippet:-1, max-image-preview:large, max-video-preview:-1\" \/>\n<link rel=\"canonical\" href=\"https:\/\/apuntesdesanluis.com\/index.php\/2023\/11\/06\/promueven-un-programa-para-generar-1-000-nuevos-empleos-industriales\/\" \/>\n<meta property=\"og:locale\" content=\"es_ES\" \/>\n<meta property=\"og:type\" content=\"article\" \/>\n<meta property=\"og:title\" content=\"PROMUEVEN UN PROGRAMA PARA GENERAR 1.000 NUEVOS EMPLEOS INDUSTRIALES - Apuntes de San Luis\" \/>\n<meta property=\"og:description\" content=\"El gobernador de San Luis, Alberto Rodr\u00edguez Sa\u00e1, y el secretario de Industria y Desarrollo...\" \/>\n<meta property=\"og:url\" content=\"https:\/\/apuntesdesanluis.com\/index.php\/2023\/11\/06\/promueven-un-programa-para-generar-1-000-nuevos-empleos-industriales\/\" \/>\n<meta property=\"og:site_name\" content=\"Apuntes de San Luis\" \/>\n<meta property=\"article:published_time\" content=\"2023-11-07T00:50:27+00:00\" \/>\n<meta property=\"article:modified_time\" content=\"2023-11-07T00:51:44+00:00\" \/>\n<meta property=\"og:image\" content=\"https:\/\/apuntesdesanluis.com\/wp-content\/uploads\/2023\/11\/alerto-de-mendiguren.png\" \/>\n\t<meta property=\"og:image:width\" content=\"712\" \/>\n\t<meta property=\"og:image:height\" content=\"445\" \/>\n\t<meta property=\"og:image:type\" content=\"image\/png\" \/>\n<meta name=\"author\" content=\"apuntesdesanluis.com\" \/>\n<meta name=\"twitter:card\" content=\"summary_large_image\" \/>\n<meta name=\"twitter:label1\" content=\"Escrito por\" \/>\n\t<meta name=\"twitter:data1\" content=\"apuntesdesanluis.com\" \/>\n\t<meta name=\"twitter:label2\" content=\"Tiempo de lectura\" \/>\n\t<meta name=\"twitter:data2\" content=\"3 minutos\" \/>\n<script type=\"application\/ld+json\" class=\"yoast-schema-graph\">{\"@context\":\"https:\/\/schema.org\",\"@graph\":[{\"@type\":\"Article\",\"@id\":\"https:\/\/apuntesdesanluis.com\/index.php\/2023\/11\/06\/promueven-un-programa-para-generar-1-000-nuevos-empleos-industriales\/#article\",\"isPartOf\":{\"@id\":\"https:\/\/apuntesdesanluis.com\/index.php\/2023\/11\/06\/promueven-un-programa-para-generar-1-000-nuevos-empleos-industriales\/\"},\"author\":{\"name\":\"apuntesdesanluis.com\",\"@id\":\"https:\/\/apuntesdesanluis.com\/#\/schema\/person\/b55151d52296fcce64d1a72538a70b90\"},\"headline\":\"PROMUEVEN UN PROGRAMA PARA GENERAR 1.000 NUEVOS EMPLEOS INDUSTRIALES\",\"datePublished\":\"2023-11-07T00:50:27+00:00\",\"dateModified\":\"2023-11-07T00:51:44+00:00\",\"mainEntityOfPage\":{\"@id\":\"https:\/\/apuntesdesanluis.com\/index.php\/2023\/11\/06\/promueven-un-programa-para-generar-1-000-nuevos-empleos-industriales\/\"},\"wordCount\":559,\"publisher\":{\"@id\":\"https:\/\/apuntesdesanluis.com\/#\/schema\/person\/b55151d52296fcce64d1a72538a70b90\"},\"image\":{\"@id\":\"https:\/\/apuntesdesanluis.com\/index.php\/2023\/11\/06\/promueven-un-programa-para-generar-1-000-nuevos-empleos-industriales\/#primaryimage\"},\"thumbnailUrl\":\"https:\/\/apuntesdesanluis.com\/wp-content\/uploads\/2023\/11\/alerto-de-mendiguren.png\",\"articleSection\":[\"Ciudad\/Provincia\"],\"inLanguage\":\"es-AR\"},{\"@type\":\"WebPage\",\"@id\":\"https:\/\/apuntesdesanluis.com\/index.php\/2023\/11\/06\/promueven-un-programa-para-generar-1-000-nuevos-empleos-industriales\/\",\"url\":\"https:\/\/apuntesdesanluis.com\/index.php\/2023\/11\/06\/promueven-un-programa-para-generar-1-000-nuevos-empleos-industriales\/\",\"name\":\"PROMUEVEN UN PROGRAMA PARA GENERAR 1.000 NUEVOS EMPLEOS INDUSTRIALES - Apuntes de San Luis\",\"isPartOf\":{\"@id\":\"https:\/\/apuntesdesanluis.com\/#website\"},\"primaryImageOfPage\":{\"@id\":\"https:\/\/apuntesdesanluis.com\/index.php\/2023\/11\/06\/promueven-un-programa-para-generar-1-000-nuevos-empleos-industriales\/#primaryimage\"},\"image\":{\"@id\":\"https:\/\/apuntesdesanluis.com\/index.php\/2023\/11\/06\/promueven-un-programa-para-generar-1-000-nuevos-empleos-industriales\/#primaryimage\"},\"thumbnailUrl\":\"https:\/\/apuntesdesanluis.com\/wp-content\/uploads\/2023\/11\/alerto-de-mendiguren.png\",\"datePublished\":\"2023-11-07T00:50:27+00:00\",\"dateModified\":\"2023-11-07T00:51:44+00:00\",\"breadcrumb\":{\"@id\":\"https:\/\/apuntesdesanluis.com\/index.php\/2023\/11\/06\/promueven-un-programa-para-generar-1-000-nuevos-empleos-industriales\/#breadcrumb\"},\"inLanguage\":\"es-AR\",\"potentialAction\":[{\"@type\":\"ReadAction\",\"target\":[\"https:\/\/apuntesdesanluis.com\/index.php\/2023\/11\/06\/promueven-un-programa-para-generar-1-000-nuevos-empleos-industriales\/\"]}]},{\"@type\":\"ImageObject\",\"inLanguage\":\"es-AR\",\"@id\":\"https:\/\/apuntesdesanluis.com\/index.php\/2023\/11\/06\/promueven-un-programa-para-generar-1-000-nuevos-empleos-industriales\/#primaryimage\",\"url\":\"https:\/\/apuntesdesanluis.com\/wp-content\/uploads\/2023\/11\/alerto-de-mendiguren.png\",\"contentUrl\":\"https:\/\/apuntesdesanluis.com\/wp-content\/uploads\/2023\/11\/alerto-de-mendiguren.png\",\"width\":712,\"height\":445},{\"@type\":\"BreadcrumbList\",\"@id\":\"https:\/\/apuntesdesanluis.com\/index.php\/2023\/11\/06\/promueven-un-programa-para-generar-1-000-nuevos-empleos-industriales\/#breadcrumb\",\"itemListElement\":[{\"@type\":\"ListItem\",\"position\":1,\"name\":\"Inicio\",\"item\":\"https:\/\/apuntesdesanluis.com\/\"},{\"@type\":\"ListItem\",\"position\":2,\"name\":\"PROMUEVEN UN PROGRAMA PARA GENERAR 1.000 NUEVOS EMPLEOS INDUSTRIALES\"}]},{\"@type\":\"WebSite\",\"@id\":\"https:\/\/apuntesdesanluis.com\/#website\",\"url\":\"https:\/\/apuntesdesanluis.com\/\",\"name\":\"Apuntes de San Luis\",\"description\":\"\",\"publisher\":{\"@id\":\"https:\/\/apuntesdesanluis.com\/#\/schema\/person\/b55151d52296fcce64d1a72538a70b90\"},\"potentialAction\":[{\"@type\":\"SearchAction\",\"target\":{\"@type\":\"EntryPoint\",\"urlTemplate\":\"https:\/\/apuntesdesanluis.com\/?s={search_term_string}\"},\"query-input\":{\"@type\":\"PropertyValueSpecification\",\"valueRequired\":true,\"valueName\":\"search_term_string\"}}],\"inLanguage\":\"es-AR\"},{\"@type\":[\"Person\",\"Organization\"],\"@id\":\"https:\/\/apuntesdesanluis.com\/#\/schema\/person\/b55151d52296fcce64d1a72538a70b90\",\"name\":\"apuntesdesanluis.com\",\"image\":{\"@type\":\"ImageObject\",\"inLanguage\":\"es-AR\",\"@id\":\"https:\/\/apuntesdesanluis.com\/#\/schema\/person\/image\/\",\"url\":\"https:\/\/apuntesdesanluis.com\/wp-content\/uploads\/2023\/07\/cropped-apuntesdesanluis.png\",\"contentUrl\":\"https:\/\/apuntesdesanluis.com\/wp-content\/uploads\/2023\/07\/cropped-apuntesdesanluis.png\",\"width\":450,\"height\":112,\"caption\":\"apuntesdesanluis.com\"},\"logo\":{\"@id\":\"https:\/\/apuntesdesanluis.com\/#\/schema\/person\/image\/\"},\"sameAs\":[\"https:\/\/apuntesdesanluis.com\"],\"url\":\"https:\/\/apuntesdesanluis.com\/index.php\/author\/apuntesdesanluis-com\/\"}]}<\/script>\n<!-- \/ Yoast SEO plugin. -->","yoast_head_json":{"title":"PROMUEVEN UN PROGRAMA PARA GENERAR 1.000 NUEVOS EMPLEOS INDUSTRIALES - Apuntes de San Luis","robots":{"index":"index","follow":"follow","max-snippet":"max-snippet:-1","max-image-preview":"max-image-preview:large","max-video-preview":"max-video-preview:-1"},"canonical":"https:\/\/apuntesdesanluis.com\/index.php\/2023\/11\/06\/promueven-un-programa-para-generar-1-000-nuevos-empleos-industriales\/","og_locale":"es_ES","og_type":"article","og_title":"PROMUEVEN UN PROGRAMA PARA GENERAR 1.000 NUEVOS EMPLEOS INDUSTRIALES - Apuntes de San Luis","og_description":"El gobernador de San Luis, Alberto Rodr\u00edguez Sa\u00e1, y el secretario de Industria y Desarrollo...","og_url":"https:\/\/apuntesdesanluis.com\/index.php\/2023\/11\/06\/promueven-un-programa-para-generar-1-000-nuevos-empleos-industriales\/","og_site_name":"Apuntes de San Luis","article_published_time":"2023-11-07T00:50:27+00:00","article_modified_time":"2023-11-07T00:51:44+00:00","og_image":[{"width":712,"height":445,"url":"https:\/\/apuntesdesanluis.com\/wp-content\/uploads\/2023\/11\/alerto-de-mendiguren.png","type":"image\/png"}],"author":"apuntesdesanluis.com","twitter_card":"summary_large_image","twitter_misc":{"Escrito por":"apuntesdesanluis.com","Tiempo de lectura":"3 minutos"},"schema":{"@context":"https:\/\/schema.org","@graph":[{"@type":"Article","@id":"https:\/\/apuntesdesanluis.com\/index.php\/2023\/11\/06\/promueven-un-programa-para-generar-1-000-nuevos-empleos-industriales\/#article","isPartOf":{"@id":"https:\/\/apuntesdesanluis.com\/index.php\/2023\/11\/06\/promueven-un-programa-para-generar-1-000-nuevos-empleos-industriales\/"},"author":{"name":"apuntesdesanluis.com","@id":"https:\/\/apuntesdesanluis.com\/#\/schema\/person\/b55151d52296fcce64d1a72538a70b90"},"headline":"PROMUEVEN UN PROGRAMA PARA GENERAR 1.000 NUEVOS EMPLEOS INDUSTRIALES","datePublished":"2023-11-07T00:50:27+00:00","dateModified":"2023-11-07T00:51:44+00:00","mainEntityOfPage":{"@id":"https:\/\/apuntesdesanluis.com\/index.php\/2023\/11\/06\/promueven-un-programa-para-generar-1-000-nuevos-empleos-industriales\/"},"wordCount":559,"publisher":{"@id":"https:\/\/apuntesdesanluis.com\/#\/schema\/person\/b55151d52296fcce64d1a72538a70b90"},"image":{"@id":"https:\/\/apuntesdesanluis.com\/index.php\/2023\/11\/06\/promueven-un-programa-para-generar-1-000-nuevos-empleos-industriales\/#primaryimage"},"thumbnailUrl":"https:\/\/apuntesdesanluis.com\/wp-content\/uploads\/2023\/11\/alerto-de-mendiguren.png","articleSection":["Ciudad\/Provincia"],"inLanguage":"es-AR"},{"@type":"WebPage","@id":"https:\/\/apuntesdesanluis.com\/index.php\/2023\/11\/06\/promueven-un-programa-para-generar-1-000-nuevos-empleos-industriales\/","url":"https:\/\/apuntesdesanluis.com\/index.php\/2023\/11\/06\/promueven-un-programa-para-generar-1-000-nuevos-empleos-industriales\/","name":"PROMUEVEN UN PROGRAMA PARA GENERAR 1.000 NUEVOS EMPLEOS INDUSTRIALES - Apuntes de San Luis","isPartOf":{"@id":"https:\/\/apuntesdesanluis.com\/#website"},"primaryImageOfPage":{"@id":"https:\/\/apuntesdesanluis.com\/index.php\/2023\/11\/06\/promueven-un-programa-para-generar-1-000-nuevos-empleos-industriales\/#primaryimage"},"image":{"@id":"https:\/\/apuntesdesanluis.com\/index.php\/2023\/11\/06\/promueven-un-programa-para-generar-1-000-nuevos-empleos-industriales\/#primaryimage"},"thumbnailUrl":"https:\/\/apuntesdesanluis.com\/wp-content\/uploads\/2023\/11\/alerto-de-mendiguren.png","datePublished":"2023-11-07T00:50:27+00:00","dateModified":"2023-11-07T00:51:44+00:00","breadcrumb":{"@id":"https:\/\/apuntesdesanluis.com\/index.php\/2023\/11\/06\/promueven-un-programa-para-generar-1-000-nuevos-empleos-industriales\/#breadcrumb"},"inLanguage":"es-AR","potentialAction":[{"@type":"ReadAction","target":["https:\/\/apuntesdesanluis.com\/index.php\/2023\/11\/06\/promueven-un-programa-para-generar-1-000-nuevos-empleos-industriales\/"]}]},{"@type":"ImageObject","inLanguage":"es-AR","@id":"https:\/\/apuntesdesanluis.com\/index.php\/2023\/11\/06\/promueven-un-programa-para-generar-1-000-nuevos-empleos-industriales\/#primaryimage","url":"https:\/\/apuntesdesanluis.com\/wp-content\/uploads\/2023\/11\/alerto-de-mendiguren.png","contentUrl":"https:\/\/apuntesdesanluis.com\/wp-content\/uploads\/2023\/11\/alerto-de-mendiguren.png","width":712,"height":445},{"@type":"BreadcrumbList","@id":"https:\/\/apuntesdesanluis.com\/index.php\/2023\/11\/06\/promueven-un-programa-para-generar-1-000-nuevos-empleos-industriales\/#breadcrumb","itemListElement":[{"@type":"ListItem","position":1,"name":"Inicio","item":"https:\/\/apuntesdesanluis.com\/"},{"@type":"ListItem","position":2,"name":"PROMUEVEN UN PROGRAMA PARA GENERAR 1.000 NUEVOS EMPLEOS INDUSTRIALES"}]},{"@type":"WebSite","@id":"https:\/\/apuntesdesanluis.com\/#website","url":"https:\/\/apuntesdesanluis.com\/","name":"Apuntes de San Luis","description":"","publisher":{"@id":"https:\/\/apuntesdesanluis.com\/#\/schema\/person\/b55151d52296fcce64d1a72538a70b90"},"potentialAction":[{"@type":"SearchAction","target":{"@type":"EntryPoint","urlTemplate":"https:\/\/apuntesdesanluis.com\/?s={search_term_string}"},"query-input":{"@type":"PropertyValueSpecification","valueRequired":true,"valueName":"search_term_string"}}],"inLanguage":"es-AR"},{"@type":["Person","Organization"],"@id":"https:\/\/apuntesdesanluis.com\/#\/schema\/person\/b55151d52296fcce64d1a72538a70b90","name":"apuntesdesanluis.com","image":{"@type":"ImageObject","inLanguage":"es-AR","@id":"https:\/\/apuntesdesanluis.com\/#\/schema\/person\/image\/","url":"https:\/\/apuntesdesanluis.com\/wp-content\/uploads\/2023\/07\/cropped-apuntesdesanluis.png","contentUrl":"https:\/\/apuntesdesanluis.com\/wp-content\/uploads\/2023\/07\/cropped-apuntesdesanluis.png","width":450,"height":112,"caption":"apuntesdesanluis.com"},"logo":{"@id":"https:\/\/apuntesdesanluis.com\/#\/schema\/person\/image\/"},"sameAs":["https:\/\/apuntesdesanluis.com"],"url":"https:\/\/apuntesdesanluis.com\/index.php\/author\/apuntesdesanluis-com\/"}]}},"featured_image_urls":{"full":["https:\/\/apuntesdesanluis.com\/wp-content\/uploads\/2023\/11\/alerto-de-mendiguren.png",712,445,false],"thumbnail":["https:\/\/apuntesdesanluis.com\/wp-content\/uploads\/2023\/11\/alerto-de-mendiguren-150x150.png",150,150,true],"medium":["https:\/\/apuntesdesanluis.com\/wp-content\/uploads\/2023\/11\/alerto-de-mendiguren-300x188.png",300,188,true],"medium_large":["https:\/\/apuntesdesanluis.com\/wp-content\/uploads\/2023\/11\/alerto-de-mendiguren.png",640,400,false],"large":["https:\/\/apuntesdesanluis.com\/wp-content\/uploads\/2023\/11\/alerto-de-mendiguren.png",640,400,false],"1536x1536":["https:\/\/apuntesdesanluis.com\/wp-content\/uploads\/2023\/11\/alerto-de-mendiguren.png",712,445,false],"2048x2048":["https:\/\/apuntesdesanluis.com\/wp-content\/uploads\/2023\/11\/alerto-de-mendiguren.png",712,445,false],"newsever-slider-full":["https:\/\/apuntesdesanluis.com\/wp-content\/uploads\/2023\/11\/alerto-de-mendiguren.png",712,445,false],"newsever-featured":["https:\/\/apuntesdesanluis.com\/wp-content\/uploads\/2023\/11\/alerto-de-mendiguren.png",712,445,false],"newsever-medium":["https:\/\/apuntesdesanluis.com\/wp-content\/uploads\/2023\/11\/alerto-de-mendiguren.png",712,445,false]},"author_info":{"display_name":"apuntesdesanluis.com","author_link":"https:\/\/apuntesdesanluis.com\/index.php\/author\/apuntesdesanluis-com\/"},"category_info":"<a href=\"https:\/\/apuntesdesanluis.com\/index.php\/category\/ciudad-provincia\/\" rel=\"category tag\">Ciudad\/Provincia<\/a>","tag_info":"Ciudad\/Provincia","comment_count":"0","_links":{"self":[{"href":"https:\/\/apuntesdesanluis.com\/index.php\/wp-json\/wp\/v2\/posts\/6412","targetHints":{"allow":["GET"]}}],"collection":[{"href":"https:\/\/apuntesdesanluis.com\/index.php\/wp-json\/wp\/v2\/posts"}],"about":[{"href":"https:\/\/apuntesdesanluis.com\/index.php\/wp-json\/wp\/v2\/types\/post"}],"author":[{"embeddable":true,"href":"https:\/\/apuntesdesanluis.com\/index.php\/wp-json\/wp\/v2\/users\/1"}],"replies":[{"embeddable":true,"href":"https:\/\/apuntesdesanluis.com\/index.php\/wp-json\/wp\/v2\/comments?post=6412"}],"version-history":[{"count":3,"href":"https:\/\/apuntesdesanluis.com\/index.php\/wp-json\/wp\/v2\/posts\/6412\/revisions"}],"predecessor-version":[{"id":6417,"href":"https:\/\/apuntesdesanluis.com\/index.php\/wp-json\/wp\/v2\/posts\/6412\/revisions\/6417"}],"wp:featuredmedia":[{"embeddable":true,"href":"https:\/\/apuntesdesanluis.com\/index.php\/wp-json\/wp\/v2\/media\/6413"}],"wp:attachment":[{"href":"https:\/\/apuntesdesanluis.com\/index.php\/wp-json\/wp\/v2\/media?parent=6412"}],"wp:term":[{"taxonomy":"category","embeddable":true,"href":"https:\/\/apuntesdesanluis.com\/index.php\/wp-json\/wp\/v2\/categories?post=6412"},{"taxonomy":"post_tag","embeddable":true,"href":"https:\/\/apuntesdesanluis.com\/index.php\/wp-json\/wp\/v2\/tags?post=6412"}],"curies":[{"name":"wp","href":"https:\/\/api.w.org\/{rel}","templated":true}]}}