{"id":6418,"date":"2023-11-06T22:06:13","date_gmt":"2023-11-07T01:06:13","guid":{"rendered":"https:\/\/apuntesdesanluis.com\/?p=6418"},"modified":"2023-11-06T22:07:58","modified_gmt":"2023-11-07T01:07:58","slug":"aseguran-que-mazzina-tambien-promueve-empleo-efectivo-pero-en-el-estado","status":"publish","type":"post","link":"https:\/\/apuntesdesanluis.com\/index.php\/2023\/11\/06\/aseguran-que-mazzina-tambien-promueve-empleo-efectivo-pero-en-el-estado\/","title":{"rendered":"ASEGURAN QUE MAZZINA TAMBI\u00c9N PROMUEVE EMPLEO EFECTIVO (PERO EN EL ESTADO)"},"content":{"rendered":"<h3>Seg\u00fan informa el sitio <a href=\"https:\/\/depolitica.com.ar\/mazzina-ordeno-nombrar-a-144-empleados-en-planta-permanente\/\"><span style=\"color: #000000;\"><strong>depolitica.com.ar<\/strong><\/span><\/a>, el Ministerio de Mujeres, G\u00e9neros y Diversidad que conduce la sanluise\u00f1a <strong>Ayel\u00e9n Mazzina<\/strong>, avanz\u00f3 este lunes con el tr\u00e1mite oficial para lograr el pase a planta permanente del Estado nacional de 144 cargos.<\/h3>\n<h3>A menos de 40 d\u00edas de finalizar el mandato del presidente <strong>Alberto Fern\u00e1ndez<\/strong>, este lunes fue publicada en el Bolet\u00edn Oficial la Resoluci\u00f3n 485\/2023 con la firma de la Jefatura de Gabinete de Ministros que dirige <strong>Agust\u00edn Rossi<\/strong>, candidato a vicepresidente de <strong>Sergio Massa<\/strong>, y que le da v\u00eda libre a ese tr\u00e1mite.<\/h3>\n<h3>En esa resoluci\u00f3n se argumenta que el nombramiento de los 144 cargos en planta permanente responde a \u201clas necesidades prioritarias de ordenamiento y regularizaci\u00f3n en el marco de las pol\u00edticas p\u00fablicas llevadas a cabo en materia de gesti\u00f3n integral de fortalecimiento del empleo p\u00fablico\u201d.<\/h3>\n<h3>Ver <a href=\"https:\/\/www.boletinoficial.gob.ar\/detalleAviso\/primera\/297844\/20231106\"><span style=\"color: #0000ff;\">resoluci\u00f3n<\/span><\/a>.<\/h3>\n<h3>Ver anexos de la resoluci\u00f3n:<\/h3>\n<h3><a href=\"https:\/\/depolitica.com.ar\/wp-content\/uploads\/2023\/11\/anexo_6999637_1.pdf\"><span style=\"color: #0000ff;\">Anexo I anexo_6999637_1<\/span><\/a><\/h3>\n<h3><a href=\"https:\/\/depolitica.com.ar\/wp-content\/uploads\/2023\/11\/anexo_6999637_2.pdf\"><span style=\"color: #0000ff;\">Anexo II anexo_6999637_2<\/span><\/a><\/h3>\n<h3>NOTA: El\/los Anexo\/s que integra\/n este(a) Resoluci\u00f3n se publican en la edici\u00f3n web del BORA &#8211;<a href=\"https:\/\/www.boletinoficial.gob.ar\/\"><span style=\"color: #0000ff;\">www.boletinoficial.gob.ar<\/span><\/a><\/h3>\n<h3>Fecha de publicaci\u00f3n 06\/11\/2023<\/h3>\n","protected":false},"excerpt":{"rendered":"<p>Seg\u00fan informa el sitio depolitica.com.ar, el Ministerio de Mujeres, G\u00e9neros y Diversidad que conduce la&#8230;<\/p>\n","protected":false},"author":1,"featured_media":6419,"comment_status":"closed","ping_status":"closed","sticky":false,"template":"","format":"standard","meta":{"footnotes":""},"categories":[6],"tags":[],"class_list":["post-6418","post","type-post","status-publish","format-standard","has-post-thumbnail","hentry","category-ciudad-provincia"],"yoast_head":"<!-- This site is optimized with the Yoast SEO plugin v26.1.1 - https:\/\/yoast.com\/wordpress\/plugins\/seo\/ -->\n<title>ASEGURAN QUE MAZZINA TAMBI\u00c9N PROMUEVE EMPLEO EFECTIVO (PERO EN EL ESTADO) - Apuntes de San Luis<\/title>\n<meta name=\"robots\" content=\"index, follow, max-snippet:-1, max-image-preview:large, max-video-preview:-1\" \/>\n<link rel=\"canonical\" href=\"https:\/\/apuntesdesanluis.com\/index.php\/2023\/11\/06\/aseguran-que-mazzina-tambien-promueve-empleo-efectivo-pero-en-el-estado\/\" \/>\n<meta property=\"og:locale\" content=\"es_ES\" \/>\n<meta property=\"og:type\" content=\"article\" \/>\n<meta property=\"og:title\" content=\"ASEGURAN QUE MAZZINA TAMBI\u00c9N PROMUEVE EMPLEO EFECTIVO (PERO EN EL ESTADO) - Apuntes de San Luis\" \/>\n<meta property=\"og:description\" content=\"Seg\u00fan informa el sitio depolitica.com.ar, el Ministerio de Mujeres, G\u00e9neros y Diversidad que conduce la...\" \/>\n<meta property=\"og:url\" content=\"https:\/\/apuntesdesanluis.com\/index.php\/2023\/11\/06\/aseguran-que-mazzina-tambien-promueve-empleo-efectivo-pero-en-el-estado\/\" \/>\n<meta property=\"og:site_name\" content=\"Apuntes de San Luis\" \/>\n<meta property=\"article:published_time\" content=\"2023-11-07T01:06:13+00:00\" \/>\n<meta property=\"article:modified_time\" content=\"2023-11-07T01:07:58+00:00\" \/>\n<meta property=\"og:image\" content=\"https:\/\/apuntesdesanluis.com\/wp-content\/uploads\/2023\/11\/AYELEN-Y-ALBERTO.png\" \/>\n\t<meta property=\"og:image:width\" content=\"600\" \/>\n\t<meta property=\"og:image:height\" content=\"396\" \/>\n\t<meta property=\"og:image:type\" content=\"image\/png\" \/>\n<meta name=\"author\" content=\"apuntesdesanluis.com\" \/>\n<meta name=\"twitter:card\" content=\"summary_large_image\" \/>\n<meta name=\"twitter:label1\" content=\"Escrito por\" \/>\n\t<meta name=\"twitter:data1\" content=\"apuntesdesanluis.com\" \/>\n\t<meta name=\"twitter:label2\" content=\"Tiempo de lectura\" \/>\n\t<meta name=\"twitter:data2\" content=\"1 minuto\" \/>\n<script type=\"application\/ld+json\" class=\"yoast-schema-graph\">{\"@context\":\"https:\/\/schema.org\",\"@graph\":[{\"@type\":\"Article\",\"@id\":\"https:\/\/apuntesdesanluis.com\/index.php\/2023\/11\/06\/aseguran-que-mazzina-tambien-promueve-empleo-efectivo-pero-en-el-estado\/#article\",\"isPartOf\":{\"@id\":\"https:\/\/apuntesdesanluis.com\/index.php\/2023\/11\/06\/aseguran-que-mazzina-tambien-promueve-empleo-efectivo-pero-en-el-estado\/\"},\"author\":{\"name\":\"apuntesdesanluis.com\",\"@id\":\"https:\/\/apuntesdesanluis.com\/#\/schema\/person\/b55151d52296fcce64d1a72538a70b90\"},\"headline\":\"ASEGURAN QUE MAZZINA TAMBI\u00c9N PROMUEVE EMPLEO EFECTIVO (PERO EN EL ESTADO)\",\"datePublished\":\"2023-11-07T01:06:13+00:00\",\"dateModified\":\"2023-11-07T01:07:58+00:00\",\"mainEntityOfPage\":{\"@id\":\"https:\/\/apuntesdesanluis.com\/index.php\/2023\/11\/06\/aseguran-que-mazzina-tambien-promueve-empleo-efectivo-pero-en-el-estado\/\"},\"wordCount\":208,\"publisher\":{\"@id\":\"https:\/\/apuntesdesanluis.com\/#\/schema\/person\/b55151d52296fcce64d1a72538a70b90\"},\"image\":{\"@id\":\"https:\/\/apuntesdesanluis.com\/index.php\/2023\/11\/06\/aseguran-que-mazzina-tambien-promueve-empleo-efectivo-pero-en-el-estado\/#primaryimage\"},\"thumbnailUrl\":\"https:\/\/apuntesdesanluis.com\/wp-content\/uploads\/2023\/11\/AYELEN-Y-ALBERTO.png\",\"articleSection\":[\"Ciudad\/Provincia\"],\"inLanguage\":\"es-AR\"},{\"@type\":\"WebPage\",\"@id\":\"https:\/\/apuntesdesanluis.com\/index.php\/2023\/11\/06\/aseguran-que-mazzina-tambien-promueve-empleo-efectivo-pero-en-el-estado\/\",\"url\":\"https:\/\/apuntesdesanluis.com\/index.php\/2023\/11\/06\/aseguran-que-mazzina-tambien-promueve-empleo-efectivo-pero-en-el-estado\/\",\"name\":\"ASEGURAN QUE MAZZINA TAMBI\u00c9N PROMUEVE EMPLEO EFECTIVO (PERO EN EL ESTADO) - Apuntes de San Luis\",\"isPartOf\":{\"@id\":\"https:\/\/apuntesdesanluis.com\/#website\"},\"primaryImageOfPage\":{\"@id\":\"https:\/\/apuntesdesanluis.com\/index.php\/2023\/11\/06\/aseguran-que-mazzina-tambien-promueve-empleo-efectivo-pero-en-el-estado\/#primaryimage\"},\"image\":{\"@id\":\"https:\/\/apuntesdesanluis.com\/index.php\/2023\/11\/06\/aseguran-que-mazzina-tambien-promueve-empleo-efectivo-pero-en-el-estado\/#primaryimage\"},\"thumbnailUrl\":\"https:\/\/apuntesdesanluis.com\/wp-content\/uploads\/2023\/11\/AYELEN-Y-ALBERTO.png\",\"datePublished\":\"2023-11-07T01:06:13+00:00\",\"dateModified\":\"2023-11-07T01:07:58+00:00\",\"breadcrumb\":{\"@id\":\"https:\/\/apuntesdesanluis.com\/index.php\/2023\/11\/06\/aseguran-que-mazzina-tambien-promueve-empleo-efectivo-pero-en-el-estado\/#breadcrumb\"},\"inLanguage\":\"es-AR\",\"potentialAction\":[{\"@type\":\"ReadAction\",\"target\":[\"https:\/\/apuntesdesanluis.com\/index.php\/2023\/11\/06\/aseguran-que-mazzina-tambien-promueve-empleo-efectivo-pero-en-el-estado\/\"]}]},{\"@type\":\"ImageObject\",\"inLanguage\":\"es-AR\",\"@id\":\"https:\/\/apuntesdesanluis.com\/index.php\/2023\/11\/06\/aseguran-que-mazzina-tambien-promueve-empleo-efectivo-pero-en-el-estado\/#primaryimage\",\"url\":\"https:\/\/apuntesdesanluis.com\/wp-content\/uploads\/2023\/11\/AYELEN-Y-ALBERTO.png\",\"contentUrl\":\"https:\/\/apuntesdesanluis.com\/wp-content\/uploads\/2023\/11\/AYELEN-Y-ALBERTO.png\",\"width\":600,\"height\":396},{\"@type\":\"BreadcrumbList\",\"@id\":\"https:\/\/apuntesdesanluis.com\/index.php\/2023\/11\/06\/aseguran-que-mazzina-tambien-promueve-empleo-efectivo-pero-en-el-estado\/#breadcrumb\",\"itemListElement\":[{\"@type\":\"ListItem\",\"position\":1,\"name\":\"Inicio\",\"item\":\"https:\/\/apuntesdesanluis.com\/\"},{\"@type\":\"ListItem\",\"position\":2,\"name\":\"ASEGURAN QUE MAZZINA TAMBI\u00c9N PROMUEVE EMPLEO EFECTIVO (PERO EN EL ESTADO)\"}]},{\"@type\":\"WebSite\",\"@id\":\"https:\/\/apuntesdesanluis.com\/#website\",\"url\":\"https:\/\/apuntesdesanluis.com\/\",\"name\":\"Apuntes de San Luis\",\"description\":\"\",\"publisher\":{\"@id\":\"https:\/\/apuntesdesanluis.com\/#\/schema\/person\/b55151d52296fcce64d1a72538a70b90\"},\"potentialAction\":[{\"@type\":\"SearchAction\",\"target\":{\"@type\":\"EntryPoint\",\"urlTemplate\":\"https:\/\/apuntesdesanluis.com\/?s={search_term_string}\"},\"query-input\":{\"@type\":\"PropertyValueSpecification\",\"valueRequired\":true,\"valueName\":\"search_term_string\"}}],\"inLanguage\":\"es-AR\"},{\"@type\":[\"Person\",\"Organization\"],\"@id\":\"https:\/\/apuntesdesanluis.com\/#\/schema\/person\/b55151d52296fcce64d1a72538a70b90\",\"name\":\"apuntesdesanluis.com\",\"image\":{\"@type\":\"ImageObject\",\"inLanguage\":\"es-AR\",\"@id\":\"https:\/\/apuntesdesanluis.com\/#\/schema\/person\/image\/\",\"url\":\"https:\/\/apuntesdesanluis.com\/wp-content\/uploads\/2023\/07\/cropped-apuntesdesanluis.png\",\"contentUrl\":\"https:\/\/apuntesdesanluis.com\/wp-content\/uploads\/2023\/07\/cropped-apuntesdesanluis.png\",\"width\":450,\"height\":112,\"caption\":\"apuntesdesanluis.com\"},\"logo\":{\"@id\":\"https:\/\/apuntesdesanluis.com\/#\/schema\/person\/image\/\"},\"sameAs\":[\"https:\/\/apuntesdesanluis.com\"],\"url\":\"https:\/\/apuntesdesanluis.com\/index.php\/author\/apuntesdesanluis-com\/\"}]}<\/script>\n<!-- \/ Yoast SEO plugin. -->","yoast_head_json":{"title":"ASEGURAN QUE MAZZINA TAMBI\u00c9N PROMUEVE EMPLEO EFECTIVO (PERO EN EL ESTADO) - Apuntes de San Luis","robots":{"index":"index","follow":"follow","max-snippet":"max-snippet:-1","max-image-preview":"max-image-preview:large","max-video-preview":"max-video-preview:-1"},"canonical":"https:\/\/apuntesdesanluis.com\/index.php\/2023\/11\/06\/aseguran-que-mazzina-tambien-promueve-empleo-efectivo-pero-en-el-estado\/","og_locale":"es_ES","og_type":"article","og_title":"ASEGURAN QUE MAZZINA TAMBI\u00c9N PROMUEVE EMPLEO EFECTIVO (PERO EN EL ESTADO) - Apuntes de San Luis","og_description":"Seg\u00fan informa el sitio depolitica.com.ar, el Ministerio de Mujeres, G\u00e9neros y Diversidad que conduce la...","og_url":"https:\/\/apuntesdesanluis.com\/index.php\/2023\/11\/06\/aseguran-que-mazzina-tambien-promueve-empleo-efectivo-pero-en-el-estado\/","og_site_name":"Apuntes de San Luis","article_published_time":"2023-11-07T01:06:13+00:00","article_modified_time":"2023-11-07T01:07:58+00:00","og_image":[{"width":600,"height":396,"url":"https:\/\/apuntesdesanluis.com\/wp-content\/uploads\/2023\/11\/AYELEN-Y-ALBERTO.png","type":"image\/png"}],"author":"apuntesdesanluis.com","twitter_card":"summary_large_image","twitter_misc":{"Escrito por":"apuntesdesanluis.com","Tiempo de lectura":"1 minuto"},"schema":{"@context":"https:\/\/schema.org","@graph":[{"@type":"Article","@id":"https:\/\/apuntesdesanluis.com\/index.php\/2023\/11\/06\/aseguran-que-mazzina-tambien-promueve-empleo-efectivo-pero-en-el-estado\/#article","isPartOf":{"@id":"https:\/\/apuntesdesanluis.com\/index.php\/2023\/11\/06\/aseguran-que-mazzina-tambien-promueve-empleo-efectivo-pero-en-el-estado\/"},"author":{"name":"apuntesdesanluis.com","@id":"https:\/\/apuntesdesanluis.com\/#\/schema\/person\/b55151d52296fcce64d1a72538a70b90"},"headline":"ASEGURAN QUE MAZZINA TAMBI\u00c9N PROMUEVE EMPLEO EFECTIVO (PERO EN EL ESTADO)","datePublished":"2023-11-07T01:06:13+00:00","dateModified":"2023-11-07T01:07:58+00:00","mainEntityOfPage":{"@id":"https:\/\/apuntesdesanluis.com\/index.php\/2023\/11\/06\/aseguran-que-mazzina-tambien-promueve-empleo-efectivo-pero-en-el-estado\/"},"wordCount":208,"publisher":{"@id":"https:\/\/apuntesdesanluis.com\/#\/schema\/person\/b55151d52296fcce64d1a72538a70b90"},"image":{"@id":"https:\/\/apuntesdesanluis.com\/index.php\/2023\/11\/06\/aseguran-que-mazzina-tambien-promueve-empleo-efectivo-pero-en-el-estado\/#primaryimage"},"thumbnailUrl":"https:\/\/apuntesdesanluis.com\/wp-content\/uploads\/2023\/11\/AYELEN-Y-ALBERTO.png","articleSection":["Ciudad\/Provincia"],"inLanguage":"es-AR"},{"@type":"WebPage","@id":"https:\/\/apuntesdesanluis.com\/index.php\/2023\/11\/06\/aseguran-que-mazzina-tambien-promueve-empleo-efectivo-pero-en-el-estado\/","url":"https:\/\/apuntesdesanluis.com\/index.php\/2023\/11\/06\/aseguran-que-mazzina-tambien-promueve-empleo-efectivo-pero-en-el-estado\/","name":"ASEGURAN QUE MAZZINA TAMBI\u00c9N PROMUEVE EMPLEO EFECTIVO (PERO EN EL ESTADO) - Apuntes de San Luis","isPartOf":{"@id":"https:\/\/apuntesdesanluis.com\/#website"},"primaryImageOfPage":{"@id":"https:\/\/apuntesdesanluis.com\/index.php\/2023\/11\/06\/aseguran-que-mazzina-tambien-promueve-empleo-efectivo-pero-en-el-estado\/#primaryimage"},"image":{"@id":"https:\/\/apuntesdesanluis.com\/index.php\/2023\/11\/06\/aseguran-que-mazzina-tambien-promueve-empleo-efectivo-pero-en-el-estado\/#primaryimage"},"thumbnailUrl":"https:\/\/apuntesdesanluis.com\/wp-content\/uploads\/2023\/11\/AYELEN-Y-ALBERTO.png","datePublished":"2023-11-07T01:06:13+00:00","dateModified":"2023-11-07T01:07:58+00:00","breadcrumb":{"@id":"https:\/\/apuntesdesanluis.com\/index.php\/2023\/11\/06\/aseguran-que-mazzina-tambien-promueve-empleo-efectivo-pero-en-el-estado\/#breadcrumb"},"inLanguage":"es-AR","potentialAction":[{"@type":"ReadAction","target":["https:\/\/apuntesdesanluis.com\/index.php\/2023\/11\/06\/aseguran-que-mazzina-tambien-promueve-empleo-efectivo-pero-en-el-estado\/"]}]},{"@type":"ImageObject","inLanguage":"es-AR","@id":"https:\/\/apuntesdesanluis.com\/index.php\/2023\/11\/06\/aseguran-que-mazzina-tambien-promueve-empleo-efectivo-pero-en-el-estado\/#primaryimage","url":"https:\/\/apuntesdesanluis.com\/wp-content\/uploads\/2023\/11\/AYELEN-Y-ALBERTO.png","contentUrl":"https:\/\/apuntesdesanluis.com\/wp-content\/uploads\/2023\/11\/AYELEN-Y-ALBERTO.png","width":600,"height":396},{"@type":"BreadcrumbList","@id":"https:\/\/apuntesdesanluis.com\/index.php\/2023\/11\/06\/aseguran-que-mazzina-tambien-promueve-empleo-efectivo-pero-en-el-estado\/#breadcrumb","itemListElement":[{"@type":"ListItem","position":1,"name":"Inicio","item":"https:\/\/apuntesdesanluis.com\/"},{"@type":"ListItem","position":2,"name":"ASEGURAN QUE MAZZINA TAMBI\u00c9N PROMUEVE EMPLEO EFECTIVO (PERO EN EL ESTADO)"}]},{"@type":"WebSite","@id":"https:\/\/apuntesdesanluis.com\/#website","url":"https:\/\/apuntesdesanluis.com\/","name":"Apuntes de San Luis","description":"","publisher":{"@id":"https:\/\/apuntesdesanluis.com\/#\/schema\/person\/b55151d52296fcce64d1a72538a70b90"},"potentialAction":[{"@type":"SearchAction","target":{"@type":"EntryPoint","urlTemplate":"https:\/\/apuntesdesanluis.com\/?s={search_term_string}"},"query-input":{"@type":"PropertyValueSpecification","valueRequired":true,"valueName":"search_term_string"}}],"inLanguage":"es-AR"},{"@type":["Person","Organization"],"@id":"https:\/\/apuntesdesanluis.com\/#\/schema\/person\/b55151d52296fcce64d1a72538a70b90","name":"apuntesdesanluis.com","image":{"@type":"ImageObject","inLanguage":"es-AR","@id":"https:\/\/apuntesdesanluis.com\/#\/schema\/person\/image\/","url":"https:\/\/apuntesdesanluis.com\/wp-content\/uploads\/2023\/07\/cropped-apuntesdesanluis.png","contentUrl":"https:\/\/apuntesdesanluis.com\/wp-content\/uploads\/2023\/07\/cropped-apuntesdesanluis.png","width":450,"height":112,"caption":"apuntesdesanluis.com"},"logo":{"@id":"https:\/\/apuntesdesanluis.com\/#\/schema\/person\/image\/"},"sameAs":["https:\/\/apuntesdesanluis.com"],"url":"https:\/\/apuntesdesanluis.com\/index.php\/author\/apuntesdesanluis-com\/"}]}},"featured_image_urls":{"full":["https:\/\/apuntesdesanluis.com\/wp-content\/uploads\/2023\/11\/AYELEN-Y-ALBERTO.png",600,396,false],"thumbnail":["https:\/\/apuntesdesanluis.com\/wp-content\/uploads\/2023\/11\/AYELEN-Y-ALBERTO-150x150.png",150,150,true],"medium":["https:\/\/apuntesdesanluis.com\/wp-content\/uploads\/2023\/11\/AYELEN-Y-ALBERTO-300x198.png",300,198,true],"medium_large":["https:\/\/apuntesdesanluis.com\/wp-content\/uploads\/2023\/11\/AYELEN-Y-ALBERTO.png",600,396,false],"large":["https:\/\/apuntesdesanluis.com\/wp-content\/uploads\/2023\/11\/AYELEN-Y-ALBERTO.png",600,396,false],"1536x1536":["https:\/\/apuntesdesanluis.com\/wp-content\/uploads\/2023\/11\/AYELEN-Y-ALBERTO.png",600,396,false],"2048x2048":["https:\/\/apuntesdesanluis.com\/wp-content\/uploads\/2023\/11\/AYELEN-Y-ALBERTO.png",600,396,false],"newsever-slider-full":["https:\/\/apuntesdesanluis.com\/wp-content\/uploads\/2023\/11\/AYELEN-Y-ALBERTO.png",600,396,false],"newsever-featured":["https:\/\/apuntesdesanluis.com\/wp-content\/uploads\/2023\/11\/AYELEN-Y-ALBERTO.png",600,396,false],"newsever-medium":["https:\/\/apuntesdesanluis.com\/wp-content\/uploads\/2023\/11\/AYELEN-Y-ALBERTO.png",600,396,false]},"author_info":{"display_name":"apuntesdesanluis.com","author_link":"https:\/\/apuntesdesanluis.com\/index.php\/author\/apuntesdesanluis-com\/"},"category_info":"<a href=\"https:\/\/apuntesdesanluis.com\/index.php\/category\/ciudad-provincia\/\" rel=\"category tag\">Ciudad\/Provincia<\/a>","tag_info":"Ciudad\/Provincia","comment_count":"0","_links":{"self":[{"href":"https:\/\/apuntesdesanluis.com\/index.php\/wp-json\/wp\/v2\/posts\/6418","targetHints":{"allow":["GET"]}}],"collection":[{"href":"https:\/\/apuntesdesanluis.com\/index.php\/wp-json\/wp\/v2\/posts"}],"about":[{"href":"https:\/\/apuntesdesanluis.com\/index.php\/wp-json\/wp\/v2\/types\/post"}],"author":[{"embeddable":true,"href":"https:\/\/apuntesdesanluis.com\/index.php\/wp-json\/wp\/v2\/users\/1"}],"replies":[{"embeddable":true,"href":"https:\/\/apuntesdesanluis.com\/index.php\/wp-json\/wp\/v2\/comments?post=6418"}],"version-history":[{"count":4,"href":"https:\/\/apuntesdesanluis.com\/index.php\/wp-json\/wp\/v2\/posts\/6418\/revisions"}],"predecessor-version":[{"id":6423,"href":"https:\/\/apuntesdesanluis.com\/index.php\/wp-json\/wp\/v2\/posts\/6418\/revisions\/6423"}],"wp:featuredmedia":[{"embeddable":true,"href":"https:\/\/apuntesdesanluis.com\/index.php\/wp-json\/wp\/v2\/media\/6419"}],"wp:attachment":[{"href":"https:\/\/apuntesdesanluis.com\/index.php\/wp-json\/wp\/v2\/media?parent=6418"}],"wp:term":[{"taxonomy":"category","embeddable":true,"href":"https:\/\/apuntesdesanluis.com\/index.php\/wp-json\/wp\/v2\/categories?post=6418"},{"taxonomy":"post_tag","embeddable":true,"href":"https:\/\/apuntesdesanluis.com\/index.php\/wp-json\/wp\/v2\/tags?post=6418"}],"curies":[{"name":"wp","href":"https:\/\/api.w.org\/{rel}","templated":true}]}}